{"id":3646,"date":"2023-07-03T10:34:29","date_gmt":"2023-07-03T13:34:29","guid":{"rendered":"https:\/\/autofans.com.ar\/?p=3646"},"modified":"2023-07-03T10:34:29","modified_gmt":"2023-07-03T13:34:29","slug":"ducati-arrasa-en-assen-resultados-y-emociones-del-dutch-tt","status":"publish","type":"post","link":"https:\/\/autofans.com.ar\/index.php\/2023\/07\/03\/ducati-arrasa-en-assen-resultados-y-emociones-del-dutch-tt\/","title":{"rendered":"Ducati arrasa en Assen: Resultados y emociones del Dutch TT"},"content":{"rendered":"<p>En el emocionante mundo del MotoGP, Ducati ha dejado su huella en el Dutch TT de Assen. Marco Bezzecchi, piloto del Mooney VR46 Racing Team, ha logrado la Pole Position y ha ganado la Sprint Race, manteni\u00e9ndose siempre por delante del campe\u00f3n \u00abPecco\u00bb Bagnaia. Estos logros destacan el dominio de Ducati en la competici\u00f3n y prometen una emocionante jornada para el Gran Premio de los Pa\u00edses Bajos.<\/p>\n<p>&nbsp;<\/p>\n<p><img fetchpriority=\"high\" decoding=\"async\" class=\"aligncenter wp-image-3652 size-full\" src=\"https:\/\/autofans.com.ar\/wp-content\/uploads\/2023\/06\/hoja-2.jpg\" alt=\"ducati\" width=\"1000\" height=\"667\" srcset=\"https:\/\/autofans.com.ar\/wp-content\/uploads\/2023\/06\/hoja-2.jpg 1000w, https:\/\/autofans.com.ar\/wp-content\/uploads\/2023\/06\/hoja-2-300x200.jpg 300w, https:\/\/autofans.com.ar\/wp-content\/uploads\/2023\/06\/hoja-2-768x512.jpg 768w\" sizes=\"(max-width: 1000px) 100vw, 1000px\" \/><\/p>\n<blockquote>\n<p style=\"text-align: center;\">Marco Bezzecchi (#72 Mooney VR46 Racing Team) Sprint Race &#8211; Puesto 1<br \/>\n\u201cEstoy muy feliz porque hacia rato que no consegu\u00edamos un buen resultado en la Sprint<br \/>\nRace. A pesar de perder un par de puestos en la largada, trat\u00e9 de mantener la calma pero<br \/>\nimponiendo un ritmo que me permitiese recuperar el liderazgo del grupo. A partir de<br \/>\nentonces gestion\u00e9 la ventaja, controlando los tiempos desde la pizarra del muro de boxes<br \/>\ny apret\u00e9 sobre el final para evitar sorpresas\u201d.<\/p>\n<\/blockquote>\n<h2>Bezzecchi y Bagnaia en la cima del MotoGP<\/h2>\n<p>La octava fecha del campeonato Mundial de MotoGP est\u00e1 en marcha, y los pilotos de Ducati se enfrentan a este desaf\u00edo en el TT Circuit de Assen, un trazado m\u00edtico de 4.542 metros de longitud ubicado en los Pa\u00edses Bajos. Estas carreras marcar\u00e1n el final de la primera mitad del calendario, ya que despu\u00e9s de la pausa estival, la acci\u00f3n se reanudar\u00e1 en la primera semana de agosto.<\/p>\n<p>Hasta el momento, Marco Bezzecchi se ha convertido en la referencia para todos los participantes de MotoGP en Assen. Ha dominado las pruebas del viernes y ha obtenido la Pole Position en la sesi\u00f3n de clasificaci\u00f3n del s\u00e1bado, estableciendo un nuevo r\u00e9cord para el circuito. Adem\u00e1s, ha logrado su primera victoria en una Sprint Race, imponiendo un ritmo dif\u00edcil de igualar.<\/p>\n<p>El actual campe\u00f3n del mundo, Francesco \u00abPecco\u00bb Bagnaia, ha estado cerca de la punta en cada oportunidad posible, liderando incluso los primeros giros de la competencia del s\u00e1bado con su Ducati del equipo Lenovo. A pesar de partir desde la segunda posici\u00f3n, Bagnaia ha demostrado su destreza y competitividad.<\/p>\n<p>&nbsp;<\/p>\n<p><img decoding=\"async\" class=\"aligncenter wp-image-3649 size-full\" src=\"https:\/\/autofans.com.ar\/wp-content\/uploads\/2023\/06\/hoja-5.jpg\" alt=\"ducati\" width=\"1000\" height=\"667\" srcset=\"https:\/\/autofans.com.ar\/wp-content\/uploads\/2023\/06\/hoja-5.jpg 1000w, https:\/\/autofans.com.ar\/wp-content\/uploads\/2023\/06\/hoja-5-300x200.jpg 300w, https:\/\/autofans.com.ar\/wp-content\/uploads\/2023\/06\/hoja-5-768x512.jpg 768w\" sizes=\"(max-width: 1000px) 100vw, 1000px\" \/><\/p>\n<blockquote>\n<p style=\"text-align: center;\">Francesco Bagnaia (#1 Ducati Lenovo Team) Sprint Race &#8211; Puesto 2<br \/>\n\u201cTrat\u00e9 de estar cerca de \u2018Bez\u2019, pero Marco fue mucho m\u00e1s r\u00e1pido, consiguiendo un<br \/>\nexcelente rendimiento con el neum\u00e1tico posterior. A mitad de carrera intent\u00e9 una<br \/>\naproximaci\u00f3n pero not\u00e9 que iba muy al l\u00edmite. Este segundo puesto me permite estirar<br \/>\nmi ventaja en el campeonato. El GP del domingo ser\u00e1 m\u00e1s largo y debemos encontrar<br \/>\nese resto que falta en la puesta a punto para no tomar riesgos innecesarios\u201d.<\/p>\n<\/blockquote>\n<h2>Pilotos en el Top 10 de la Sprint Race<\/h2>\n<p>El rendimiento excepcional de Ducati en Assen se ha reflejado en las posiciones de Top 10 logradas por sus pilotos en la Sprint Race. Jorge Mart\u00edn, del equipo Prima Pramac Racing, finaliz\u00f3 en sexto lugar a pesar de una mala largada. Enea Bastianini, del equipo Ducati Lenovo, recuper\u00f3 posiciones y termin\u00f3 octavo. Alex M\u00e1rquez, del Gresini Racing, se ubic\u00f3 en la novena posici\u00f3n, mientras que Luca Marini, compa\u00f1ero de Bezzecchi en el VR46 Racing Team, finaliz\u00f3 d\u00e9cimo, a pesar de comenzar la carrera desde la tercera posici\u00f3n de la parrilla. Por otro lado, Johann Zarco (Prima Pramac Racing) ocup\u00f3 el puesto 13, mientras que Fabio Di Giannantonio (Gresini Racing) tuvo que abandonar debido a una ca\u00edda.<\/p>\n<p>Las expectativas para el Gran Premio de los Pa\u00edses Bajos son altas. Los pilotos de Ducati buscar\u00e1n mantener su dominio en el circuito y luchar por los primeros lugares. La carrera constar\u00e1 de 26 giros al trazado de Assen, con un horario de inicio a las 09:00 AM (hora de Argentina), este domingo.<\/p>\n<p>Para obtener m\u00e1s informaci\u00f3n sobre las actividades de Ducati Argentina, te invitamos a seguir su cuenta oficial de Instagram @<a href=\"https:\/\/www.instagram.com\/ducatiargentina\/\" target=\"_blank\" rel=\"noopener\">ducatiargentina<\/a>. \u00a1No te pierdas ninguna actualizaci\u00f3n sobre el emocionante mundo del MotoGP!<\/p>\n<p>&nbsp;<\/p>\n<p><i>Para enterarte de m\u00e1s novedades, no dejes de leer\u00a0<\/i><a href=\"https:\/\/autofans.thebrandsoup.com\/\"><i>nuestras notas<\/i><\/a><i>, de ver<\/i><b><i>\u00a0<\/i><\/b><a href=\"https:\/\/www.youtube.com\/channel\/UCgAC8UGHZYbT6P7PpmVnP7g\"><b><i>AUTOFANS TV<\/i><\/b><\/a><b><i>\u00a0<\/i><\/b><i>en nuestro\u00a0canal de Youtube. Adem\u00e1s seguinos en\u00a0<\/i><a href=\"https:\/\/www.instagram.com\/autofanstv\/\"><i>INSTAGRAM<\/i><\/a><i> y <\/i><a href=\"https:\/\/www.facebook.com\/autofansmas\/\"><i>FACEBOOK<\/i><\/a><i> para no perderte nada sobre las novedades del segmento automotor de Argentina y el mundo. <\/i><\/p>\n","protected":false},"excerpt":{"rendered":"<p>En el emocionante mundo del MotoGP, Ducati ha dejado su huella en el Dutch TT&#8230;<\/p>\n","protected":false},"author":2,"featured_media":3653,"comment_status":"closed","ping_status":"closed","sticky":false,"template":"","format":"standard","meta":{"footnotes":""},"categories":[127,16],"tags":[891,531,219,54,1784,1785,342,971,313,1255],"class_list":["post-3646","post","type-post","status-publish","format-standard","has-post-thumbnail","hentry","category-deporte","category-noticias","tag-assen","tag-campeonato-mundial-de-motogp","tag-ducati","tag-ducati-argentina","tag-dutch-tt","tag-marco-bezzecchi","tag-motogp","tag-pecco-bagnaia","tag-pilotos","tag-sprint-race"],"yoast_head":"<!-- This site is optimized with the Yoast SEO plugin v27.5 - https:\/\/yoast.com\/product\/yoast-seo-wordpress\/ -->\n<title>Ducati arrasa en Assen: Resultados y emociones del Dutch TT -<\/title>\n<meta name=\"description\" content=\"En el emocionante mundo del MotoGP, Ducati ha dejado su huella en el Dutch TT de Assen. Marco Bezzecchi, piloto del Mooney VR46 Racing Team..\" \/>\n<meta name=\"robots\" content=\"index, follow, max-snippet:-1, max-image-preview:large, max-video-preview:-1\" \/>\n<link rel=\"canonical\" href=\"https:\/\/autofans.com.ar\/index.php\/2023\/07\/03\/ducati-arrasa-en-assen-resultados-y-emociones-del-dutch-tt\/\" \/>\n<meta property=\"og:locale\" content=\"es_ES\" \/>\n<meta property=\"og:type\" content=\"article\" \/>\n<meta property=\"og:title\" content=\"Ducati arrasa en Assen: Resultados y emociones del Dutch TT -\" \/>\n<meta property=\"og:description\" content=\"En el emocionante mundo del MotoGP, Ducati ha dejado su huella en el Dutch TT de Assen. Marco Bezzecchi, piloto del Mooney VR46 Racing Team..\" \/>\n<meta property=\"og:url\" content=\"https:\/\/autofans.com.ar\/index.php\/2023\/07\/03\/ducati-arrasa-en-assen-resultados-y-emociones-del-dutch-tt\/\" \/>\n<meta property=\"article:published_time\" content=\"2023-07-03T13:34:29+00:00\" \/>\n<meta property=\"og:image\" content=\"https:\/\/autofans.com.ar\/wp-content\/uploads\/2023\/06\/foto-1-53.jpg\" \/>\n\t<meta property=\"og:image:width\" content=\"1000\" \/>\n\t<meta property=\"og:image:height\" content=\"667\" \/>\n\t<meta property=\"og:image:type\" content=\"image\/jpeg\" \/>\n<meta name=\"author\" content=\"Alejandro Gabriel Rosito\" \/>\n<meta name=\"twitter:card\" content=\"summary_large_image\" \/>\n<meta name=\"twitter:label1\" content=\"Escrito por\" \/>\n\t<meta name=\"twitter:data1\" content=\"Alejandro Gabriel Rosito\" \/>\n\t<meta name=\"twitter:label2\" content=\"Tiempo de lectura\" \/>\n\t<meta name=\"twitter:data2\" content=\"3 minutos\" \/>\n<script type=\"application\/ld+json\" class=\"yoast-schema-graph\">{\"@context\":\"https:\\\/\\\/schema.org\",\"@graph\":[{\"@type\":\"Article\",\"@id\":\"https:\\\/\\\/autofans.com.ar\\\/index.php\\\/2023\\\/07\\\/03\\\/ducati-arrasa-en-assen-resultados-y-emociones-del-dutch-tt\\\/#article\",\"isPartOf\":{\"@id\":\"https:\\\/\\\/autofans.com.ar\\\/index.php\\\/2023\\\/07\\\/03\\\/ducati-arrasa-en-assen-resultados-y-emociones-del-dutch-tt\\\/\"},\"author\":{\"name\":\"Alejandro Gabriel Rosito\",\"@id\":\"https:\\\/\\\/autofans.com.ar\\\/#\\\/schema\\\/person\\\/4a8dda0b6df83ac3d6723e921274c2aa\"},\"headline\":\"Ducati arrasa en Assen: Resultados y emociones del Dutch TT\",\"datePublished\":\"2023-07-03T13:34:29+00:00\",\"mainEntityOfPage\":{\"@id\":\"https:\\\/\\\/autofans.com.ar\\\/index.php\\\/2023\\\/07\\\/03\\\/ducati-arrasa-en-assen-resultados-y-emociones-del-dutch-tt\\\/\"},\"wordCount\":707,\"image\":{\"@id\":\"https:\\\/\\\/autofans.com.ar\\\/index.php\\\/2023\\\/07\\\/03\\\/ducati-arrasa-en-assen-resultados-y-emociones-del-dutch-tt\\\/#primaryimage\"},\"thumbnailUrl\":\"https:\\\/\\\/autofans.com.ar\\\/wp-content\\\/uploads\\\/2023\\\/06\\\/foto-1-53.jpg\",\"keywords\":[\"Assen\",\"Campeonato Mundial de MotoGP\",\"Ducati\",\"Ducati Argentina\",\"Dutch TT\",\"Marco Bezzecchi\",\"MotoGP\",\"Pecco Bagnaia\",\"Pilotos\",\"Sprint Race\"],\"articleSection\":[\"DEPORTE MOTOR\",\"NOTICIAS\"],\"inLanguage\":\"es\"},{\"@type\":\"WebPage\",\"@id\":\"https:\\\/\\\/autofans.com.ar\\\/index.php\\\/2023\\\/07\\\/03\\\/ducati-arrasa-en-assen-resultados-y-emociones-del-dutch-tt\\\/\",\"url\":\"https:\\\/\\\/autofans.com.ar\\\/index.php\\\/2023\\\/07\\\/03\\\/ducati-arrasa-en-assen-resultados-y-emociones-del-dutch-tt\\\/\",\"name\":\"Ducati arrasa en Assen: Resultados y emociones del Dutch TT -\",\"isPartOf\":{\"@id\":\"https:\\\/\\\/autofans.com.ar\\\/#website\"},\"primaryImageOfPage\":{\"@id\":\"https:\\\/\\\/autofans.com.ar\\\/index.php\\\/2023\\\/07\\\/03\\\/ducati-arrasa-en-assen-resultados-y-emociones-del-dutch-tt\\\/#primaryimage\"},\"image\":{\"@id\":\"https:\\\/\\\/autofans.com.ar\\\/index.php\\\/2023\\\/07\\\/03\\\/ducati-arrasa-en-assen-resultados-y-emociones-del-dutch-tt\\\/#primaryimage\"},\"thumbnailUrl\":\"https:\\\/\\\/autofans.com.ar\\\/wp-content\\\/uploads\\\/2023\\\/06\\\/foto-1-53.jpg\",\"datePublished\":\"2023-07-03T13:34:29+00:00\",\"author\":{\"@id\":\"https:\\\/\\\/autofans.com.ar\\\/#\\\/schema\\\/person\\\/4a8dda0b6df83ac3d6723e921274c2aa\"},\"description\":\"En el emocionante mundo del MotoGP, Ducati ha dejado su huella en el Dutch TT de Assen. Marco Bezzecchi, piloto del Mooney VR46 Racing Team..\",\"breadcrumb\":{\"@id\":\"https:\\\/\\\/autofans.com.ar\\\/index.php\\\/2023\\\/07\\\/03\\\/ducati-arrasa-en-assen-resultados-y-emociones-del-dutch-tt\\\/#breadcrumb\"},\"inLanguage\":\"es\",\"potentialAction\":[{\"@type\":\"ReadAction\",\"target\":[\"https:\\\/\\\/autofans.com.ar\\\/index.php\\\/2023\\\/07\\\/03\\\/ducati-arrasa-en-assen-resultados-y-emociones-del-dutch-tt\\\/\"]}]},{\"@type\":\"ImageObject\",\"inLanguage\":\"es\",\"@id\":\"https:\\\/\\\/autofans.com.ar\\\/index.php\\\/2023\\\/07\\\/03\\\/ducati-arrasa-en-assen-resultados-y-emociones-del-dutch-tt\\\/#primaryimage\",\"url\":\"https:\\\/\\\/autofans.com.ar\\\/wp-content\\\/uploads\\\/2023\\\/06\\\/foto-1-53.jpg\",\"contentUrl\":\"https:\\\/\\\/autofans.com.ar\\\/wp-content\\\/uploads\\\/2023\\\/06\\\/foto-1-53.jpg\",\"width\":1000,\"height\":667,\"caption\":\"ducati\"},{\"@type\":\"BreadcrumbList\",\"@id\":\"https:\\\/\\\/autofans.com.ar\\\/index.php\\\/2023\\\/07\\\/03\\\/ducati-arrasa-en-assen-resultados-y-emociones-del-dutch-tt\\\/#breadcrumb\",\"itemListElement\":[{\"@type\":\"ListItem\",\"position\":1,\"name\":\"Inicio\",\"item\":\"https:\\\/\\\/autofans.com.ar\\\/\"},{\"@type\":\"ListItem\",\"position\":2,\"name\":\"Ducati arrasa en Assen: Resultados y emociones del Dutch TT\"}]},{\"@type\":\"WebSite\",\"@id\":\"https:\\\/\\\/autofans.com.ar\\\/#website\",\"url\":\"https:\\\/\\\/autofans.com.ar\\\/\",\"name\":\"\",\"description\":\"El multimedio referente de la industria automotriz\",\"potentialAction\":[{\"@type\":\"SearchAction\",\"target\":{\"@type\":\"EntryPoint\",\"urlTemplate\":\"https:\\\/\\\/autofans.com.ar\\\/?s={search_term_string}\"},\"query-input\":{\"@type\":\"PropertyValueSpecification\",\"valueRequired\":true,\"valueName\":\"search_term_string\"}}],\"inLanguage\":\"es\"},{\"@type\":\"Person\",\"@id\":\"https:\\\/\\\/autofans.com.ar\\\/#\\\/schema\\\/person\\\/4a8dda0b6df83ac3d6723e921274c2aa\",\"name\":\"Alejandro Gabriel Rosito\",\"image\":{\"@type\":\"ImageObject\",\"inLanguage\":\"es\",\"@id\":\"https:\\\/\\\/secure.gravatar.com\\\/avatar\\\/16c5dda1489adfc62618084dcbb91cffd879c374b13fe5dd8e44ed6733852c88?s=96&d=mm&r=g\",\"url\":\"https:\\\/\\\/secure.gravatar.com\\\/avatar\\\/16c5dda1489adfc62618084dcbb91cffd879c374b13fe5dd8e44ed6733852c88?s=96&d=mm&r=g\",\"contentUrl\":\"https:\\\/\\\/secure.gravatar.com\\\/avatar\\\/16c5dda1489adfc62618084dcbb91cffd879c374b13fe5dd8e44ed6733852c88?s=96&d=mm&r=g\",\"caption\":\"Alejandro Gabriel Rosito\"},\"url\":\"https:\\\/\\\/autofans.com.ar\\\/index.php\\\/author\\\/gabrielr\\\/\"}]}<\/script>\n<!-- \/ Yoast SEO plugin. -->","yoast_head_json":{"title":"Ducati arrasa en Assen: Resultados y emociones del Dutch TT -","description":"En el emocionante mundo del MotoGP, Ducati ha dejado su huella en el Dutch TT de Assen. Marco Bezzecchi, piloto del Mooney VR46 Racing Team..","robots":{"index":"index","follow":"follow","max-snippet":"max-snippet:-1","max-image-preview":"max-image-preview:large","max-video-preview":"max-video-preview:-1"},"canonical":"https:\/\/autofans.com.ar\/index.php\/2023\/07\/03\/ducati-arrasa-en-assen-resultados-y-emociones-del-dutch-tt\/","og_locale":"es_ES","og_type":"article","og_title":"Ducati arrasa en Assen: Resultados y emociones del Dutch TT -","og_description":"En el emocionante mundo del MotoGP, Ducati ha dejado su huella en el Dutch TT de Assen. Marco Bezzecchi, piloto del Mooney VR46 Racing Team..","og_url":"https:\/\/autofans.com.ar\/index.php\/2023\/07\/03\/ducati-arrasa-en-assen-resultados-y-emociones-del-dutch-tt\/","article_published_time":"2023-07-03T13:34:29+00:00","og_image":[{"width":1000,"height":667,"url":"https:\/\/autofans.com.ar\/wp-content\/uploads\/2023\/06\/foto-1-53.jpg","type":"image\/jpeg"}],"author":"Alejandro Gabriel Rosito","twitter_card":"summary_large_image","twitter_misc":{"Escrito por":"Alejandro Gabriel Rosito","Tiempo de lectura":"3 minutos"},"schema":{"@context":"https:\/\/schema.org","@graph":[{"@type":"Article","@id":"https:\/\/autofans.com.ar\/index.php\/2023\/07\/03\/ducati-arrasa-en-assen-resultados-y-emociones-del-dutch-tt\/#article","isPartOf":{"@id":"https:\/\/autofans.com.ar\/index.php\/2023\/07\/03\/ducati-arrasa-en-assen-resultados-y-emociones-del-dutch-tt\/"},"author":{"name":"Alejandro Gabriel Rosito","@id":"https:\/\/autofans.com.ar\/#\/schema\/person\/4a8dda0b6df83ac3d6723e921274c2aa"},"headline":"Ducati arrasa en Assen: Resultados y emociones del Dutch TT","datePublished":"2023-07-03T13:34:29+00:00","mainEntityOfPage":{"@id":"https:\/\/autofans.com.ar\/index.php\/2023\/07\/03\/ducati-arrasa-en-assen-resultados-y-emociones-del-dutch-tt\/"},"wordCount":707,"image":{"@id":"https:\/\/autofans.com.ar\/index.php\/2023\/07\/03\/ducati-arrasa-en-assen-resultados-y-emociones-del-dutch-tt\/#primaryimage"},"thumbnailUrl":"https:\/\/autofans.com.ar\/wp-content\/uploads\/2023\/06\/foto-1-53.jpg","keywords":["Assen","Campeonato Mundial de MotoGP","Ducati","Ducati Argentina","Dutch TT","Marco Bezzecchi","MotoGP","Pecco Bagnaia","Pilotos","Sprint Race"],"articleSection":["DEPORTE MOTOR","NOTICIAS"],"inLanguage":"es"},{"@type":"WebPage","@id":"https:\/\/autofans.com.ar\/index.php\/2023\/07\/03\/ducati-arrasa-en-assen-resultados-y-emociones-del-dutch-tt\/","url":"https:\/\/autofans.com.ar\/index.php\/2023\/07\/03\/ducati-arrasa-en-assen-resultados-y-emociones-del-dutch-tt\/","name":"Ducati arrasa en Assen: Resultados y emociones del Dutch TT -","isPartOf":{"@id":"https:\/\/autofans.com.ar\/#website"},"primaryImageOfPage":{"@id":"https:\/\/autofans.com.ar\/index.php\/2023\/07\/03\/ducati-arrasa-en-assen-resultados-y-emociones-del-dutch-tt\/#primaryimage"},"image":{"@id":"https:\/\/autofans.com.ar\/index.php\/2023\/07\/03\/ducati-arrasa-en-assen-resultados-y-emociones-del-dutch-tt\/#primaryimage"},"thumbnailUrl":"https:\/\/autofans.com.ar\/wp-content\/uploads\/2023\/06\/foto-1-53.jpg","datePublished":"2023-07-03T13:34:29+00:00","author":{"@id":"https:\/\/autofans.com.ar\/#\/schema\/person\/4a8dda0b6df83ac3d6723e921274c2aa"},"description":"En el emocionante mundo del MotoGP, Ducati ha dejado su huella en el Dutch TT de Assen. Marco Bezzecchi, piloto del Mooney VR46 Racing Team..","breadcrumb":{"@id":"https:\/\/autofans.com.ar\/index.php\/2023\/07\/03\/ducati-arrasa-en-assen-resultados-y-emociones-del-dutch-tt\/#breadcrumb"},"inLanguage":"es","potentialAction":[{"@type":"ReadAction","target":["https:\/\/autofans.com.ar\/index.php\/2023\/07\/03\/ducati-arrasa-en-assen-resultados-y-emociones-del-dutch-tt\/"]}]},{"@type":"ImageObject","inLanguage":"es","@id":"https:\/\/autofans.com.ar\/index.php\/2023\/07\/03\/ducati-arrasa-en-assen-resultados-y-emociones-del-dutch-tt\/#primaryimage","url":"https:\/\/autofans.com.ar\/wp-content\/uploads\/2023\/06\/foto-1-53.jpg","contentUrl":"https:\/\/autofans.com.ar\/wp-content\/uploads\/2023\/06\/foto-1-53.jpg","width":1000,"height":667,"caption":"ducati"},{"@type":"BreadcrumbList","@id":"https:\/\/autofans.com.ar\/index.php\/2023\/07\/03\/ducati-arrasa-en-assen-resultados-y-emociones-del-dutch-tt\/#breadcrumb","itemListElement":[{"@type":"ListItem","position":1,"name":"Inicio","item":"https:\/\/autofans.com.ar\/"},{"@type":"ListItem","position":2,"name":"Ducati arrasa en Assen: Resultados y emociones del Dutch TT"}]},{"@type":"WebSite","@id":"https:\/\/autofans.com.ar\/#website","url":"https:\/\/autofans.com.ar\/","name":"","description":"El multimedio referente de la industria automotriz","potentialAction":[{"@type":"SearchAction","target":{"@type":"EntryPoint","urlTemplate":"https:\/\/autofans.com.ar\/?s={search_term_string}"},"query-input":{"@type":"PropertyValueSpecification","valueRequired":true,"valueName":"search_term_string"}}],"inLanguage":"es"},{"@type":"Person","@id":"https:\/\/autofans.com.ar\/#\/schema\/person\/4a8dda0b6df83ac3d6723e921274c2aa","name":"Alejandro Gabriel Rosito","image":{"@type":"ImageObject","inLanguage":"es","@id":"https:\/\/secure.gravatar.com\/avatar\/16c5dda1489adfc62618084dcbb91cffd879c374b13fe5dd8e44ed6733852c88?s=96&d=mm&r=g","url":"https:\/\/secure.gravatar.com\/avatar\/16c5dda1489adfc62618084dcbb91cffd879c374b13fe5dd8e44ed6733852c88?s=96&d=mm&r=g","contentUrl":"https:\/\/secure.gravatar.com\/avatar\/16c5dda1489adfc62618084dcbb91cffd879c374b13fe5dd8e44ed6733852c88?s=96&d=mm&r=g","caption":"Alejandro Gabriel Rosito"},"url":"https:\/\/autofans.com.ar\/index.php\/author\/gabrielr\/"}]}},"featured_image_urls":{"full":["https:\/\/autofans.com.ar\/wp-content\/uploads\/2023\/06\/foto-1-53.jpg",1000,667,false],"thumbnail":["https:\/\/autofans.com.ar\/wp-content\/uploads\/2023\/06\/foto-1-53-150x150.jpg",150,150,true],"medium":["https:\/\/autofans.com.ar\/wp-content\/uploads\/2023\/06\/foto-1-53-300x200.jpg",300,200,true],"medium_large":["https:\/\/autofans.com.ar\/wp-content\/uploads\/2023\/06\/foto-1-53-768x512.jpg",640,427,true],"large":["https:\/\/autofans.com.ar\/wp-content\/uploads\/2023\/06\/foto-1-53.jpg",640,427,false],"1536x1536":["https:\/\/autofans.com.ar\/wp-content\/uploads\/2023\/06\/foto-1-53.jpg",1000,667,false],"2048x2048":["https:\/\/autofans.com.ar\/wp-content\/uploads\/2023\/06\/foto-1-53.jpg",1000,667,false],"covernews-featured":["https:\/\/autofans.com.ar\/wp-content\/uploads\/2023\/06\/foto-1-53.jpg",1000,667,false],"covernews-medium":["https:\/\/autofans.com.ar\/wp-content\/uploads\/2023\/06\/foto-1-53-540x340.jpg",540,340,true]},"author_info":{"display_name":"Alejandro Gabriel Rosito","author_link":"https:\/\/autofans.com.ar\/index.php\/author\/gabrielr\/"},"category_info":"<a href=\"https:\/\/autofans.com.ar\/index.php\/category\/noticias\/deporte\/\" rel=\"category tag\">DEPORTE MOTOR<\/a> <a href=\"https:\/\/autofans.com.ar\/index.php\/category\/noticias\/\" rel=\"category tag\">NOTICIAS<\/a>","tag_info":"NOTICIAS","comment_count":0,"_links":{"self":[{"href":"https:\/\/autofans.com.ar\/index.php\/wp-json\/wp\/v2\/posts\/3646","targetHints":{"allow":["GET"]}}],"collection":[{"href":"https:\/\/autofans.com.ar\/index.php\/wp-json\/wp\/v2\/posts"}],"about":[{"href":"https:\/\/autofans.com.ar\/index.php\/wp-json\/wp\/v2\/types\/post"}],"author":[{"embeddable":true,"href":"https:\/\/autofans.com.ar\/index.php\/wp-json\/wp\/v2\/users\/2"}],"replies":[{"embeddable":true,"href":"https:\/\/autofans.com.ar\/index.php\/wp-json\/wp\/v2\/comments?post=3646"}],"version-history":[{"count":3,"href":"https:\/\/autofans.com.ar\/index.php\/wp-json\/wp\/v2\/posts\/3646\/revisions"}],"predecessor-version":[{"id":3654,"href":"https:\/\/autofans.com.ar\/index.php\/wp-json\/wp\/v2\/posts\/3646\/revisions\/3654"}],"wp:featuredmedia":[{"embeddable":true,"href":"https:\/\/autofans.com.ar\/index.php\/wp-json\/wp\/v2\/media\/3653"}],"wp:attachment":[{"href":"https:\/\/autofans.com.ar\/index.php\/wp-json\/wp\/v2\/media?parent=3646"}],"wp:term":[{"taxonomy":"category","embeddable":true,"href":"https:\/\/autofans.com.ar\/index.php\/wp-json\/wp\/v2\/categories?post=3646"},{"taxonomy":"post_tag","embeddable":true,"href":"https:\/\/autofans.com.ar\/index.php\/wp-json\/wp\/v2\/tags?post=3646"}],"curies":[{"name":"wp","href":"https:\/\/api.w.org\/{rel}","templated":true}]}}