{"id":367,"date":"2023-03-01T19:01:20","date_gmt":"2023-03-01T19:01:20","guid":{"rendered":"https:\/\/autofans.thebrandsoup.com\/?p=367"},"modified":"2023-03-02T20:07:07","modified_gmt":"2023-03-02T20:07:07","slug":"impuesto-al-lujo-en-autos-nuevos-montos-a-partir-del-1-de-marzo","status":"publish","type":"post","link":"https:\/\/autofans.com.ar\/index.php\/2023\/03\/01\/impuesto-al-lujo-en-autos-nuevos-montos-a-partir-del-1-de-marzo\/","title":{"rendered":"Impuesto al lujo en autos: nuevos montos a partir del 1\u00b0 de marzo"},"content":{"rendered":"<p>A partir del 1\u00b0 de marzo, los valores del impuesto interno a los autos, conocido como impuesto al lujo, han sido actualizados por la AFIP.<\/p>\n<p>Seg\u00fan los nuevos montos, los modelos con precio al p\u00fablico desde $7 millones pagar\u00e1n la primera escala del 20% mientras que aquellos con un precio a partir de $13 millones pagar\u00e1n un 35%.<\/p>\n<p>&nbsp;<\/p>\n<h2>Impuesto al lujo: m\u00e1s detalles sobre esta nueva regulaci\u00f3n.<\/h2>\n<p>A partir de hoy, 1\u00b0 de marzo, entran en vigencia los nuevos montos del impuesto al lujo en los autos. Esta regulaci\u00f3n fiscal establece un tributo adicional para los modelos con precios elevados, con el objetivo de desincentivar la compra de veh\u00edculos de alta gama y reducir el d\u00e9ficit fiscal del pa\u00eds.<\/p>\n<p>Los modelos que superen los $4.905.632,82 de precio salido de f\u00e1brica o distribuidor deber\u00e1n pagar la primera escala del 20%. Esto equivale a unos $7 millones de precio de venta al p\u00fablico, ya que se deben incorporar otros impuestos y comisiones de los concesionarios. Por encima de este monto, el impuesto aumentar\u00e1 al 35% para los modelos que cuesten m\u00e1s de $9.056.552,90 de precio salido de f\u00e1brica, es decir, $13 millones de precio de venta al p\u00fablico.<\/p>\n<div id='gallery-1' class='gallery galleryid-367 gallery-columns-3 gallery-size-large'><figure class='gallery-item'>\n\t\t\t<div class='gallery-icon landscape'>\n\t\t\t\t<a href='https:\/\/autofans.com.ar\/autocarrete2\/'><img loading=\"lazy\" width=\"640\" height=\"427\" src=\"https:\/\/autofans.com.ar\/wp-content\/uploads\/2023\/03\/autocarrete2.jpg\" class=\"attachment-large size-large\" alt=\"Impuesto al lujo\" srcset=\"https:\/\/autofans.com.ar\/wp-content\/uploads\/2023\/03\/autocarrete2.jpg 1000w, https:\/\/autofans.com.ar\/wp-content\/uploads\/2023\/03\/autocarrete2-300x200.jpg 300w, https:\/\/autofans.com.ar\/wp-content\/uploads\/2023\/03\/autocarrete2-768x512.jpg 768w\" sizes=\"auto, (max-width: 640px) 100vw, 640px\" loading=\"lazy\" decoding=\"async\" \/><\/a>\n\t\t\t<\/div><\/figure><figure class='gallery-item'>\n\t\t\t<div class='gallery-icon landscape'>\n\t\t\t\t<a href='https:\/\/autofans.com.ar\/autocarrete3\/'><img loading=\"lazy\" width=\"640\" height=\"427\" src=\"https:\/\/autofans.com.ar\/wp-content\/uploads\/2023\/03\/autocarrete3.jpg\" class=\"attachment-large size-large\" alt=\"Impuesto al lujo\" srcset=\"https:\/\/autofans.com.ar\/wp-content\/uploads\/2023\/03\/autocarrete3.jpg 1000w, https:\/\/autofans.com.ar\/wp-content\/uploads\/2023\/03\/autocarrete3-300x200.jpg 300w, https:\/\/autofans.com.ar\/wp-content\/uploads\/2023\/03\/autocarrete3-768x512.jpg 768w\" sizes=\"auto, (max-width: 640px) 100vw, 640px\" loading=\"lazy\" decoding=\"async\" \/><\/a>\n\t\t\t<\/div><\/figure><figure class='gallery-item'>\n\t\t\t<div class='gallery-icon landscape'>\n\t\t\t\t<a href='https:\/\/autofans.com.ar\/toyotachevro\/'><img loading=\"lazy\" width=\"640\" height=\"427\" src=\"https:\/\/autofans.com.ar\/wp-content\/uploads\/2023\/03\/toyotachevro.png\" class=\"attachment-large size-large\" alt=\"Impuesto al lujo\" srcset=\"https:\/\/autofans.com.ar\/wp-content\/uploads\/2023\/03\/toyotachevro.png 1000w, https:\/\/autofans.com.ar\/wp-content\/uploads\/2023\/03\/toyotachevro-300x200.png 300w, https:\/\/autofans.com.ar\/wp-content\/uploads\/2023\/03\/toyotachevro-768x512.png 768w\" sizes=\"auto, (max-width: 640px) 100vw, 640px\" loading=\"lazy\" decoding=\"async\" \/><\/a>\n\t\t\t<\/div><\/figure>\n\t\t<\/div>\n\n<p>Es importante destacar que estos montos pueden variar seg\u00fan los precios que establece cada marca en sus listas oficiales, y que el tributo es aplicable a todos los modelos que superen estos valores, sin importar si son importados o fabricados en el pa\u00eds.<\/p>\n<p>Esta medida busca incrementar la recaudaci\u00f3n fiscal. Adem\u00e1s desalentar el consumo de veh\u00edculos de alta gama en el mercado local, en un contexto en el que la econom\u00eda atraviesa grandes dificultades. A su vez, se espera que esta actualizaci\u00f3n del impuesto al lujo tenga un impacto positivo en la reducci\u00f3n del d\u00e9ficit fiscal a futuro.<\/p>\n<p>&nbsp;<\/p>\n<p><em>Para enterarte de m\u00e1s novedades, no dejes de leer\u00a0<a href=\"https:\/\/autofans.thebrandsoup.com\/\" target=\"_blank\" rel=\"noopener\">nuestras notas<\/a>, de ver<\/em><strong><em>\u00a0<a href=\"https:\/\/www.youtube.com\/channel\/UCgAC8UGHZYbT6P7PpmVnP7g\" target=\"_blank\" rel=\"noopener\">AUTOFANS TV<\/a>\u00a0<\/em><\/strong><em>en nuestro<\/em><em>\u00a0canal de Youtube. Adem\u00e1s seguinos en\u00a0<a href=\"https:\/\/www.instagram.com\/autofanstv\/\" target=\"_blank\" rel=\"noopener\">INSTAGRAM<\/a> y\u00a0<a href=\"https:\/\/www.facebook.com\/autofansmas\/\" target=\"_blank\" rel=\"noopener\">FACEBOOK<\/a> para no perderte nada sobre las novedades del segmento automotor de Argentina y el mundo.<\/em><\/p>\n<p>&nbsp;<\/p>\n","protected":false},"excerpt":{"rendered":"<p>A partir del 1\u00b0 de marzo, los valores del impuesto interno a los autos, conocido&#8230;<\/p>\n","protected":false},"author":1,"featured_media":370,"comment_status":"closed","ping_status":"open","sticky":false,"template":"","format":"standard","meta":{"footnotes":""},"categories":[6,16],"tags":[156,154,159,153,157,158,155],"class_list":["post-367","post","type-post","status-publish","format-standard","has-post-thumbnail","hentry","category-bizstyle","category-noticias","tag-afip","tag-autos-de-alta-gama","tag-deficit-fiscal","tag-impuesto-al-lujo","tag-nuevos-montos","tag-recaudacion-fiscal","tag-regulacion-fiscal"],"yoast_head":"<!-- This site is optimized with the Yoast SEO plugin v27.5 - https:\/\/yoast.com\/product\/yoast-seo-wordpress\/ -->\n<title>Impuesto al lujo en autos: nuevos montos a partir del 1\u00b0 de marzo -<\/title>\n<meta name=\"description\" content=\"A partir del 1\u00b0 de marzo, los valores del impuesto interno a los autos, conocido como impuesto al lujo, han sido actualizados por la AFIP...\" \/>\n<meta name=\"robots\" content=\"index, follow, max-snippet:-1, max-image-preview:large, max-video-preview:-1\" \/>\n<link rel=\"canonical\" href=\"https:\/\/autofans.com.ar\/index.php\/2023\/03\/01\/impuesto-al-lujo-en-autos-nuevos-montos-a-partir-del-1-de-marzo\/\" \/>\n<meta property=\"og:locale\" content=\"es_ES\" \/>\n<meta property=\"og:type\" content=\"article\" \/>\n<meta property=\"og:title\" content=\"Impuesto al lujo en autos: nuevos montos a partir del 1\u00b0 de marzo -\" \/>\n<meta property=\"og:description\" content=\"A partir del 1\u00b0 de marzo, los valores del impuesto interno a los autos, conocido como impuesto al lujo, han sido actualizados por la AFIP...\" \/>\n<meta property=\"og:url\" content=\"https:\/\/autofans.com.ar\/index.php\/2023\/03\/01\/impuesto-al-lujo-en-autos-nuevos-montos-a-partir-del-1-de-marzo\/\" \/>\n<meta property=\"article:published_time\" content=\"2023-03-01T19:01:20+00:00\" \/>\n<meta property=\"article:modified_time\" content=\"2023-03-02T20:07:07+00:00\" \/>\n<meta property=\"og:image\" content=\"https:\/\/autofans.com.ar\/wp-content\/uploads\/2023\/03\/Impuesto-Alta-Gama-02.jpg\" \/>\n\t<meta property=\"og:image:width\" content=\"1000\" \/>\n\t<meta property=\"og:image:height\" content=\"667\" \/>\n\t<meta property=\"og:image:type\" content=\"image\/jpeg\" \/>\n<meta name=\"author\" content=\"AleCAF\" \/>\n<meta name=\"twitter:card\" content=\"summary_large_image\" \/>\n<meta name=\"twitter:label1\" content=\"Escrito por\" \/>\n\t<meta name=\"twitter:data1\" content=\"AleCAF\" \/>\n\t<meta name=\"twitter:label2\" content=\"Tiempo de lectura\" \/>\n\t<meta name=\"twitter:data2\" content=\"2 minutos\" \/>\n<script type=\"application\/ld+json\" class=\"yoast-schema-graph\">{\"@context\":\"https:\\\/\\\/schema.org\",\"@graph\":[{\"@type\":\"Article\",\"@id\":\"https:\\\/\\\/autofans.com.ar\\\/index.php\\\/2023\\\/03\\\/01\\\/impuesto-al-lujo-en-autos-nuevos-montos-a-partir-del-1-de-marzo\\\/#article\",\"isPartOf\":{\"@id\":\"https:\\\/\\\/autofans.com.ar\\\/index.php\\\/2023\\\/03\\\/01\\\/impuesto-al-lujo-en-autos-nuevos-montos-a-partir-del-1-de-marzo\\\/\"},\"author\":{\"name\":\"AleCAF\",\"@id\":\"https:\\\/\\\/autofans.com.ar\\\/#\\\/schema\\\/person\\\/4f260a29da3cfebb7f29121591a73481\"},\"headline\":\"Impuesto al lujo en autos: nuevos montos a partir del 1\u00b0 de marzo\",\"datePublished\":\"2023-03-01T19:01:20+00:00\",\"dateModified\":\"2023-03-02T20:07:07+00:00\",\"mainEntityOfPage\":{\"@id\":\"https:\\\/\\\/autofans.com.ar\\\/index.php\\\/2023\\\/03\\\/01\\\/impuesto-al-lujo-en-autos-nuevos-montos-a-partir-del-1-de-marzo\\\/\"},\"wordCount\":369,\"image\":{\"@id\":\"https:\\\/\\\/autofans.com.ar\\\/index.php\\\/2023\\\/03\\\/01\\\/impuesto-al-lujo-en-autos-nuevos-montos-a-partir-del-1-de-marzo\\\/#primaryimage\"},\"thumbnailUrl\":\"https:\\\/\\\/autofans.com.ar\\\/wp-content\\\/uploads\\\/2023\\\/03\\\/Impuesto-Alta-Gama-02.jpg\",\"keywords\":[\"AFIP\",\"autos de alta gama\",\"d\u00e9ficit fiscal\",\"impuesto al lujo\",\"nuevos montos\",\"recaudaci\u00f3n fiscal\",\"regulaci\u00f3n fiscal\"],\"articleSection\":[\"BIZSTYLE\",\"NOTICIAS\"],\"inLanguage\":\"es\"},{\"@type\":\"WebPage\",\"@id\":\"https:\\\/\\\/autofans.com.ar\\\/index.php\\\/2023\\\/03\\\/01\\\/impuesto-al-lujo-en-autos-nuevos-montos-a-partir-del-1-de-marzo\\\/\",\"url\":\"https:\\\/\\\/autofans.com.ar\\\/index.php\\\/2023\\\/03\\\/01\\\/impuesto-al-lujo-en-autos-nuevos-montos-a-partir-del-1-de-marzo\\\/\",\"name\":\"Impuesto al lujo en autos: nuevos montos a partir del 1\u00b0 de marzo -\",\"isPartOf\":{\"@id\":\"https:\\\/\\\/autofans.com.ar\\\/#website\"},\"primaryImageOfPage\":{\"@id\":\"https:\\\/\\\/autofans.com.ar\\\/index.php\\\/2023\\\/03\\\/01\\\/impuesto-al-lujo-en-autos-nuevos-montos-a-partir-del-1-de-marzo\\\/#primaryimage\"},\"image\":{\"@id\":\"https:\\\/\\\/autofans.com.ar\\\/index.php\\\/2023\\\/03\\\/01\\\/impuesto-al-lujo-en-autos-nuevos-montos-a-partir-del-1-de-marzo\\\/#primaryimage\"},\"thumbnailUrl\":\"https:\\\/\\\/autofans.com.ar\\\/wp-content\\\/uploads\\\/2023\\\/03\\\/Impuesto-Alta-Gama-02.jpg\",\"datePublished\":\"2023-03-01T19:01:20+00:00\",\"dateModified\":\"2023-03-02T20:07:07+00:00\",\"author\":{\"@id\":\"https:\\\/\\\/autofans.com.ar\\\/#\\\/schema\\\/person\\\/4f260a29da3cfebb7f29121591a73481\"},\"description\":\"A partir del 1\u00b0 de marzo, los valores del impuesto interno a los autos, conocido como impuesto al lujo, han sido actualizados por la AFIP...\",\"breadcrumb\":{\"@id\":\"https:\\\/\\\/autofans.com.ar\\\/index.php\\\/2023\\\/03\\\/01\\\/impuesto-al-lujo-en-autos-nuevos-montos-a-partir-del-1-de-marzo\\\/#breadcrumb\"},\"inLanguage\":\"es\",\"potentialAction\":[{\"@type\":\"ReadAction\",\"target\":[\"https:\\\/\\\/autofans.com.ar\\\/index.php\\\/2023\\\/03\\\/01\\\/impuesto-al-lujo-en-autos-nuevos-montos-a-partir-del-1-de-marzo\\\/\"]}]},{\"@type\":\"ImageObject\",\"inLanguage\":\"es\",\"@id\":\"https:\\\/\\\/autofans.com.ar\\\/index.php\\\/2023\\\/03\\\/01\\\/impuesto-al-lujo-en-autos-nuevos-montos-a-partir-del-1-de-marzo\\\/#primaryimage\",\"url\":\"https:\\\/\\\/autofans.com.ar\\\/wp-content\\\/uploads\\\/2023\\\/03\\\/Impuesto-Alta-Gama-02.jpg\",\"contentUrl\":\"https:\\\/\\\/autofans.com.ar\\\/wp-content\\\/uploads\\\/2023\\\/03\\\/Impuesto-Alta-Gama-02.jpg\",\"width\":1000,\"height\":667,\"caption\":\"Impuesto al lujo\"},{\"@type\":\"BreadcrumbList\",\"@id\":\"https:\\\/\\\/autofans.com.ar\\\/index.php\\\/2023\\\/03\\\/01\\\/impuesto-al-lujo-en-autos-nuevos-montos-a-partir-del-1-de-marzo\\\/#breadcrumb\",\"itemListElement\":[{\"@type\":\"ListItem\",\"position\":1,\"name\":\"Inicio\",\"item\":\"https:\\\/\\\/autofans.com.ar\\\/\"},{\"@type\":\"ListItem\",\"position\":2,\"name\":\"Impuesto al lujo en autos: nuevos montos a partir del 1\u00b0 de marzo\"}]},{\"@type\":\"WebSite\",\"@id\":\"https:\\\/\\\/autofans.com.ar\\\/#website\",\"url\":\"https:\\\/\\\/autofans.com.ar\\\/\",\"name\":\"\",\"description\":\"El multimedio referente de la industria automotriz\",\"potentialAction\":[{\"@type\":\"SearchAction\",\"target\":{\"@type\":\"EntryPoint\",\"urlTemplate\":\"https:\\\/\\\/autofans.com.ar\\\/?s={search_term_string}\"},\"query-input\":{\"@type\":\"PropertyValueSpecification\",\"valueRequired\":true,\"valueName\":\"search_term_string\"}}],\"inLanguage\":\"es\"},{\"@type\":\"Person\",\"@id\":\"https:\\\/\\\/autofans.com.ar\\\/#\\\/schema\\\/person\\\/4f260a29da3cfebb7f29121591a73481\",\"name\":\"AleCAF\",\"image\":{\"@type\":\"ImageObject\",\"inLanguage\":\"es\",\"@id\":\"https:\\\/\\\/secure.gravatar.com\\\/avatar\\\/959b1ac26ee9dfc67318763f0a21a739fce256ee110a46fe86a2957f5568f27e?s=96&d=mm&r=g\",\"url\":\"https:\\\/\\\/secure.gravatar.com\\\/avatar\\\/959b1ac26ee9dfc67318763f0a21a739fce256ee110a46fe86a2957f5568f27e?s=96&d=mm&r=g\",\"contentUrl\":\"https:\\\/\\\/secure.gravatar.com\\\/avatar\\\/959b1ac26ee9dfc67318763f0a21a739fce256ee110a46fe86a2957f5568f27e?s=96&d=mm&r=g\",\"caption\":\"AleCAF\"},\"description\":\"Se trata del sitio web del multimedio Autofans, dedicado a informar las novedades y tendencias del segmento automotor nacional e internacional. El multimedio est\u00e1 conformado por Autofans web, Autofans TV (Programa), Youtube, Intagram y Facebook\",\"sameAs\":[\"https:\\\/\\\/autofans.com.ar\"],\"url\":\"https:\\\/\\\/autofans.com.ar\\\/index.php\\\/author\\\/alecampolieto\\\/\"}]}<\/script>\n<!-- \/ Yoast SEO plugin. -->","yoast_head_json":{"title":"Impuesto al lujo en autos: nuevos montos a partir del 1\u00b0 de marzo -","description":"A partir del 1\u00b0 de marzo, los valores del impuesto interno a los autos, conocido como impuesto al lujo, han sido actualizados por la AFIP...","robots":{"index":"index","follow":"follow","max-snippet":"max-snippet:-1","max-image-preview":"max-image-preview:large","max-video-preview":"max-video-preview:-1"},"canonical":"https:\/\/autofans.com.ar\/index.php\/2023\/03\/01\/impuesto-al-lujo-en-autos-nuevos-montos-a-partir-del-1-de-marzo\/","og_locale":"es_ES","og_type":"article","og_title":"Impuesto al lujo en autos: nuevos montos a partir del 1\u00b0 de marzo -","og_description":"A partir del 1\u00b0 de marzo, los valores del impuesto interno a los autos, conocido como impuesto al lujo, han sido actualizados por la AFIP...","og_url":"https:\/\/autofans.com.ar\/index.php\/2023\/03\/01\/impuesto-al-lujo-en-autos-nuevos-montos-a-partir-del-1-de-marzo\/","article_published_time":"2023-03-01T19:01:20+00:00","article_modified_time":"2023-03-02T20:07:07+00:00","og_image":[{"width":1000,"height":667,"url":"https:\/\/autofans.com.ar\/wp-content\/uploads\/2023\/03\/Impuesto-Alta-Gama-02.jpg","type":"image\/jpeg"}],"author":"AleCAF","twitter_card":"summary_large_image","twitter_misc":{"Escrito por":"AleCAF","Tiempo de lectura":"2 minutos"},"schema":{"@context":"https:\/\/schema.org","@graph":[{"@type":"Article","@id":"https:\/\/autofans.com.ar\/index.php\/2023\/03\/01\/impuesto-al-lujo-en-autos-nuevos-montos-a-partir-del-1-de-marzo\/#article","isPartOf":{"@id":"https:\/\/autofans.com.ar\/index.php\/2023\/03\/01\/impuesto-al-lujo-en-autos-nuevos-montos-a-partir-del-1-de-marzo\/"},"author":{"name":"AleCAF","@id":"https:\/\/autofans.com.ar\/#\/schema\/person\/4f260a29da3cfebb7f29121591a73481"},"headline":"Impuesto al lujo en autos: nuevos montos a partir del 1\u00b0 de marzo","datePublished":"2023-03-01T19:01:20+00:00","dateModified":"2023-03-02T20:07:07+00:00","mainEntityOfPage":{"@id":"https:\/\/autofans.com.ar\/index.php\/2023\/03\/01\/impuesto-al-lujo-en-autos-nuevos-montos-a-partir-del-1-de-marzo\/"},"wordCount":369,"image":{"@id":"https:\/\/autofans.com.ar\/index.php\/2023\/03\/01\/impuesto-al-lujo-en-autos-nuevos-montos-a-partir-del-1-de-marzo\/#primaryimage"},"thumbnailUrl":"https:\/\/autofans.com.ar\/wp-content\/uploads\/2023\/03\/Impuesto-Alta-Gama-02.jpg","keywords":["AFIP","autos de alta gama","d\u00e9ficit fiscal","impuesto al lujo","nuevos montos","recaudaci\u00f3n fiscal","regulaci\u00f3n fiscal"],"articleSection":["BIZSTYLE","NOTICIAS"],"inLanguage":"es"},{"@type":"WebPage","@id":"https:\/\/autofans.com.ar\/index.php\/2023\/03\/01\/impuesto-al-lujo-en-autos-nuevos-montos-a-partir-del-1-de-marzo\/","url":"https:\/\/autofans.com.ar\/index.php\/2023\/03\/01\/impuesto-al-lujo-en-autos-nuevos-montos-a-partir-del-1-de-marzo\/","name":"Impuesto al lujo en autos: nuevos montos a partir del 1\u00b0 de marzo -","isPartOf":{"@id":"https:\/\/autofans.com.ar\/#website"},"primaryImageOfPage":{"@id":"https:\/\/autofans.com.ar\/index.php\/2023\/03\/01\/impuesto-al-lujo-en-autos-nuevos-montos-a-partir-del-1-de-marzo\/#primaryimage"},"image":{"@id":"https:\/\/autofans.com.ar\/index.php\/2023\/03\/01\/impuesto-al-lujo-en-autos-nuevos-montos-a-partir-del-1-de-marzo\/#primaryimage"},"thumbnailUrl":"https:\/\/autofans.com.ar\/wp-content\/uploads\/2023\/03\/Impuesto-Alta-Gama-02.jpg","datePublished":"2023-03-01T19:01:20+00:00","dateModified":"2023-03-02T20:07:07+00:00","author":{"@id":"https:\/\/autofans.com.ar\/#\/schema\/person\/4f260a29da3cfebb7f29121591a73481"},"description":"A partir del 1\u00b0 de marzo, los valores del impuesto interno a los autos, conocido como impuesto al lujo, han sido actualizados por la AFIP...","breadcrumb":{"@id":"https:\/\/autofans.com.ar\/index.php\/2023\/03\/01\/impuesto-al-lujo-en-autos-nuevos-montos-a-partir-del-1-de-marzo\/#breadcrumb"},"inLanguage":"es","potentialAction":[{"@type":"ReadAction","target":["https:\/\/autofans.com.ar\/index.php\/2023\/03\/01\/impuesto-al-lujo-en-autos-nuevos-montos-a-partir-del-1-de-marzo\/"]}]},{"@type":"ImageObject","inLanguage":"es","@id":"https:\/\/autofans.com.ar\/index.php\/2023\/03\/01\/impuesto-al-lujo-en-autos-nuevos-montos-a-partir-del-1-de-marzo\/#primaryimage","url":"https:\/\/autofans.com.ar\/wp-content\/uploads\/2023\/03\/Impuesto-Alta-Gama-02.jpg","contentUrl":"https:\/\/autofans.com.ar\/wp-content\/uploads\/2023\/03\/Impuesto-Alta-Gama-02.jpg","width":1000,"height":667,"caption":"Impuesto al lujo"},{"@type":"BreadcrumbList","@id":"https:\/\/autofans.com.ar\/index.php\/2023\/03\/01\/impuesto-al-lujo-en-autos-nuevos-montos-a-partir-del-1-de-marzo\/#breadcrumb","itemListElement":[{"@type":"ListItem","position":1,"name":"Inicio","item":"https:\/\/autofans.com.ar\/"},{"@type":"ListItem","position":2,"name":"Impuesto al lujo en autos: nuevos montos a partir del 1\u00b0 de marzo"}]},{"@type":"WebSite","@id":"https:\/\/autofans.com.ar\/#website","url":"https:\/\/autofans.com.ar\/","name":"","description":"El multimedio referente de la industria automotriz","potentialAction":[{"@type":"SearchAction","target":{"@type":"EntryPoint","urlTemplate":"https:\/\/autofans.com.ar\/?s={search_term_string}"},"query-input":{"@type":"PropertyValueSpecification","valueRequired":true,"valueName":"search_term_string"}}],"inLanguage":"es"},{"@type":"Person","@id":"https:\/\/autofans.com.ar\/#\/schema\/person\/4f260a29da3cfebb7f29121591a73481","name":"AleCAF","image":{"@type":"ImageObject","inLanguage":"es","@id":"https:\/\/secure.gravatar.com\/avatar\/959b1ac26ee9dfc67318763f0a21a739fce256ee110a46fe86a2957f5568f27e?s=96&d=mm&r=g","url":"https:\/\/secure.gravatar.com\/avatar\/959b1ac26ee9dfc67318763f0a21a739fce256ee110a46fe86a2957f5568f27e?s=96&d=mm&r=g","contentUrl":"https:\/\/secure.gravatar.com\/avatar\/959b1ac26ee9dfc67318763f0a21a739fce256ee110a46fe86a2957f5568f27e?s=96&d=mm&r=g","caption":"AleCAF"},"description":"Se trata del sitio web del multimedio Autofans, dedicado a informar las novedades y tendencias del segmento automotor nacional e internacional. El multimedio est\u00e1 conformado por Autofans web, Autofans TV (Programa), Youtube, Intagram y Facebook","sameAs":["https:\/\/autofans.com.ar"],"url":"https:\/\/autofans.com.ar\/index.php\/author\/alecampolieto\/"}]}},"featured_image_urls":{"full":["https:\/\/autofans.com.ar\/wp-content\/uploads\/2023\/03\/Impuesto-Alta-Gama-02.jpg",1000,667,false],"thumbnail":["https:\/\/autofans.com.ar\/wp-content\/uploads\/2023\/03\/Impuesto-Alta-Gama-02-150x150.jpg",150,150,true],"medium":["https:\/\/autofans.com.ar\/wp-content\/uploads\/2023\/03\/Impuesto-Alta-Gama-02-300x200.jpg",300,200,true],"medium_large":["https:\/\/autofans.com.ar\/wp-content\/uploads\/2023\/03\/Impuesto-Alta-Gama-02-768x512.jpg",640,427,true],"large":["https:\/\/autofans.com.ar\/wp-content\/uploads\/2023\/03\/Impuesto-Alta-Gama-02.jpg",640,427,false],"1536x1536":["https:\/\/autofans.com.ar\/wp-content\/uploads\/2023\/03\/Impuesto-Alta-Gama-02.jpg",1000,667,false],"2048x2048":["https:\/\/autofans.com.ar\/wp-content\/uploads\/2023\/03\/Impuesto-Alta-Gama-02.jpg",1000,667,false],"covernews-featured":["https:\/\/autofans.com.ar\/wp-content\/uploads\/2023\/03\/Impuesto-Alta-Gama-02.jpg",1000,667,false],"covernews-medium":["https:\/\/autofans.com.ar\/wp-content\/uploads\/2023\/03\/Impuesto-Alta-Gama-02-540x340.jpg",540,340,true]},"author_info":{"display_name":"AleCAF","author_link":"https:\/\/autofans.com.ar\/index.php\/author\/alecampolieto\/"},"category_info":"<a href=\"https:\/\/autofans.com.ar\/index.php\/category\/noticias\/bizstyle\/\" rel=\"category tag\">BIZSTYLE<\/a> <a href=\"https:\/\/autofans.com.ar\/index.php\/category\/noticias\/\" rel=\"category tag\">NOTICIAS<\/a>","tag_info":"NOTICIAS","comment_count":0,"_links":{"self":[{"href":"https:\/\/autofans.com.ar\/index.php\/wp-json\/wp\/v2\/posts\/367","targetHints":{"allow":["GET"]}}],"collection":[{"href":"https:\/\/autofans.com.ar\/index.php\/wp-json\/wp\/v2\/posts"}],"about":[{"href":"https:\/\/autofans.com.ar\/index.php\/wp-json\/wp\/v2\/types\/post"}],"author":[{"embeddable":true,"href":"https:\/\/autofans.com.ar\/index.php\/wp-json\/wp\/v2\/users\/1"}],"replies":[{"embeddable":true,"href":"https:\/\/autofans.com.ar\/index.php\/wp-json\/wp\/v2\/comments?post=367"}],"version-history":[{"count":5,"href":"https:\/\/autofans.com.ar\/index.php\/wp-json\/wp\/v2\/posts\/367\/revisions"}],"predecessor-version":[{"id":443,"href":"https:\/\/autofans.com.ar\/index.php\/wp-json\/wp\/v2\/posts\/367\/revisions\/443"}],"wp:featuredmedia":[{"embeddable":true,"href":"https:\/\/autofans.com.ar\/index.php\/wp-json\/wp\/v2\/media\/370"}],"wp:attachment":[{"href":"https:\/\/autofans.com.ar\/index.php\/wp-json\/wp\/v2\/media?parent=367"}],"wp:term":[{"taxonomy":"category","embeddable":true,"href":"https:\/\/autofans.com.ar\/index.php\/wp-json\/wp\/v2\/categories?post=367"},{"taxonomy":"post_tag","embeddable":true,"href":"https:\/\/autofans.com.ar\/index.php\/wp-json\/wp\/v2\/tags?post=367"}],"curies":[{"name":"wp","href":"https:\/\/api.w.org\/{rel}","templated":true}]}}