{"id":3703,"date":"2023-07-04T10:27:44","date_gmt":"2023-07-04T13:27:44","guid":{"rendered":"https:\/\/autofans.com.ar\/?p=3703"},"modified":"2023-07-04T10:27:44","modified_gmt":"2023-07-04T13:27:44","slug":"bmw-m5-touring-mas-espacio-mas-rendimiento-mas-emociones","status":"publish","type":"post","link":"https:\/\/autofans.com.ar\/index.php\/2023\/07\/04\/bmw-m5-touring-mas-espacio-mas-rendimiento-mas-emociones\/","title":{"rendered":"BMW M5 Touring: M\u00e1s espacio, m\u00e1s rendimiento, m\u00e1s emociones"},"content":{"rendered":"<h2>Un vistazo emocionante al futuro de altas prestaciones<\/h2>\n<p>BMW M GmbH confirma el desarrollo de un nuevo <a href=\"https:\/\/autofans.com.ar\/index.php\/2023\/06\/09\/bmw-i5-el-sedan-electrico-que-redefine-la-movilidad\/\" target=\"_blank\" rel=\"noopener\">BMW M5 Touring<\/a>, la variante familiar de altas prestaciones de la s\u00e9ptima generaci\u00f3n del BMW M5 Sed\u00e1n. Esta ampliaci\u00f3n de la gama de productos de BMW M GmbH est\u00e1 prevista para el a\u00f1o 2024 y promete ofrecer a\u00fan m\u00e1s espacio y rendimiento.<\/p>\n<p>Los prototipos del nuevo BMW M5 Touring han comenzado su programa de pruebas en distintas ubicaciones alrededor del mundo, incluyendo rutas p\u00fablicas, pistas de pruebas del Grupo BMW y circuitos especializados. Aunque los veh\u00edculos est\u00e1n camuflados, no pueden ocultar su car\u00e1cter deportivo y su promesa de un rendimiento excepcional.<\/p>\n<h2><\/h2>\n<h2><img fetchpriority=\"high\" decoding=\"async\" class=\"aligncenter wp-image-3707 size-full\" src=\"https:\/\/autofans.com.ar\/wp-content\/uploads\/2023\/07\/foto-1.jpg\" alt=\"bmw\" width=\"1000\" height=\"667\" srcset=\"https:\/\/autofans.com.ar\/wp-content\/uploads\/2023\/07\/foto-1.jpg 1000w, https:\/\/autofans.com.ar\/wp-content\/uploads\/2023\/07\/foto-1-300x200.jpg 300w, https:\/\/autofans.com.ar\/wp-content\/uploads\/2023\/07\/foto-1-768x512.jpg 768w\" sizes=\"(max-width: 1000px) 100vw, 1000px\" \/><\/h2>\n<h2><\/h2>\n<h2>El BMW M5 Touring lleva la electrificaci\u00f3n a nuevas alturas<\/h2>\n<p>Al igual que el sed\u00e1n, el BMW M5 Touring contar\u00e1 con un sistema de propulsi\u00f3n parcialmente electrificado. Esta combinaci\u00f3n de potencia y eficiencia asegurar\u00e1 una experiencia de conducci\u00f3n emocionante y \u00e1gil, caracter\u00edstica distintiva de los veh\u00edculos M de BMW. Dirk H\u00e4cker, Jefe de Desarrollo de BMW M GmbH, ha confirmado que la marca tiene planes de implementar sistemas h\u00edbridos en otros modelos de altas prestaciones, lo que demuestra su compromiso con la electrificaci\u00f3n.<\/p>\n<p>El BMW M5 ha sido durante casi 40 a\u00f1os el referente en el segmento de sedanes de altas prestaciones, destacando por su dinamismo, agilidad y precisi\u00f3n. La s\u00e9ptima generaci\u00f3n del M5 continuar\u00e1 esta tradici\u00f3n con innovaciones fascinantes que prometen una experiencia de conducci\u00f3n a\u00fan m\u00e1s intensa. Desde motores potentes hasta tecnolog\u00eda de vanguardia en suspensi\u00f3n, aerodin\u00e1mica y tracci\u00f3n, el BMW M5 se ha ganado su lugar como l\u00edder en su categor\u00eda sin sacrificar la practicidad y el confort para el uso diario.<\/p>\n<h2><\/h2>\n<h2><\/h2>\n<h2><img decoding=\"async\" class=\"aligncenter wp-image-3705 size-full\" src=\"https:\/\/autofans.com.ar\/wp-content\/uploads\/2023\/07\/foto-3.jpg\" alt=\"bmw\" width=\"1000\" height=\"667\" srcset=\"https:\/\/autofans.com.ar\/wp-content\/uploads\/2023\/07\/foto-3.jpg 1000w, https:\/\/autofans.com.ar\/wp-content\/uploads\/2023\/07\/foto-3-300x200.jpg 300w, https:\/\/autofans.com.ar\/wp-content\/uploads\/2023\/07\/foto-3-768x512.jpg 768w\" sizes=\"(max-width: 1000px) 100vw, 1000px\" \/><\/h2>\n<h2><\/h2>\n<h2>Historia de \u00e9xito y rendimiento excepcional<\/h2>\n<p>El BMW M5 Touring tiene una historia rica y exitosa, habiendo sido introducido por primera vez en 1992 como una variante del M5 Sed\u00e1n de segunda generaci\u00f3n. Desde entonces, ha combinado altas prestaciones con la practicidad diaria de un veh\u00edculo familiar. Con el \u00e9xito reciente del BMW M3 Competition Touring, el inter\u00e9s en este concepto de producto ha crecido a\u00fan m\u00e1s.<\/p>\n<p>Las pruebas de los primeros prototipos del BMW M5 Touring se llevar\u00e1n a cabo en los pr\u00f3ximos d\u00edas en M\u00fanich y Garching, as\u00ed como en el famoso N\u00fcrburgring Nordschleife. Estas pruebas exhaustivas asegurar\u00e1n que el veh\u00edculo alcance el equilibrio ideal entre prestaciones deportivas y confort de marcha, tanto para el d\u00eda a d\u00eda como para viajes largos.<\/p>\n<p>Con el desarrollo del nuevo BMW M5 Touring, BMW M GmbH demuestra una vez m\u00e1s su compromiso de ofrecer veh\u00edculos de altas prestaciones que satisfacen las necesidades de los entusiastas de la conducci\u00f3n. Los amantes de la velocidad y la practicidad pueden esperar con entusiasmo la llegada de este nuevo integrante a la familia M de BMW.<\/p>\n<p>&nbsp;<\/p>\n<p><i>Para enterarte de m\u00e1s novedades, no dejes de leer\u00a0<\/i><a href=\"https:\/\/autofans.thebrandsoup.com\/\"><i>nuestras notas<\/i><\/a><i>, de ver<\/i><b><i>\u00a0<\/i><\/b><a href=\"https:\/\/www.youtube.com\/channel\/UCgAC8UGHZYbT6P7PpmVnP7g\"><b><i>AUTOFANS TV<\/i><\/b><\/a><b><i>\u00a0<\/i><\/b><i>en nuestro\u00a0canal de Youtube. Adem\u00e1s seguinos en\u00a0<\/i><a href=\"https:\/\/www.instagram.com\/autofanstv\/\"><i>INSTAGRAM<\/i><\/a><i> y <\/i><a href=\"https:\/\/www.facebook.com\/autofansmas\/\"><i>FACEBOOK<\/i><\/a><i> para no perderte nada sobre las novedades del segmento automotor de Argentina y el mundo. <\/i><\/p>\n","protected":false},"excerpt":{"rendered":"<p>Un vistazo emocionante al futuro de altas prestaciones BMW M GmbH confirma el desarrollo de&#8230;<\/p>\n","protected":false},"author":2,"featured_media":3706,"comment_status":"closed","ping_status":"closed","sticky":false,"template":"","format":"standard","meta":{"footnotes":""},"categories":[3,16],"tags":[1814,1811,1812,355,252,1815,685,563,1813],"class_list":["post-3703","post","type-post","status-publish","format-standard","has-post-thumbnail","hentry","category-autos","category-noticias","tag-bmw-m-gmbh","tag-bmw-m5","tag-bmw-m5-touring","tag-electrificacion","tag-marketing-digital","tag-performance","tag-rendimiento","tag-segmento-automotor","tag-vehiculos-de-altas-prestaciones"],"yoast_head":"<!-- This site is optimized with the Yoast SEO plugin v27.5 - https:\/\/yoast.com\/product\/yoast-seo-wordpress\/ -->\n<title>BMW M5 Touring: M\u00e1s espacio, m\u00e1s rendimiento, m\u00e1s emociones -<\/title>\n<meta name=\"description\" content=\"BMW M GmbH confirma el desarrollo de un nuevo BMW M5 Touring, la variante familiar de altas prestaciones de la s\u00e9ptima generaci\u00f3n del BMW M5.\" \/>\n<meta name=\"robots\" content=\"index, follow, max-snippet:-1, max-image-preview:large, max-video-preview:-1\" \/>\n<link rel=\"canonical\" href=\"https:\/\/autofans.com.ar\/index.php\/2023\/07\/04\/bmw-m5-touring-mas-espacio-mas-rendimiento-mas-emociones\/\" \/>\n<meta property=\"og:locale\" content=\"es_ES\" \/>\n<meta property=\"og:type\" content=\"article\" \/>\n<meta property=\"og:title\" content=\"BMW M5 Touring: M\u00e1s espacio, m\u00e1s rendimiento, m\u00e1s emociones -\" \/>\n<meta property=\"og:description\" content=\"BMW M GmbH confirma el desarrollo de un nuevo BMW M5 Touring, la variante familiar de altas prestaciones de la s\u00e9ptima generaci\u00f3n del BMW M5.\" \/>\n<meta property=\"og:url\" content=\"https:\/\/autofans.com.ar\/index.php\/2023\/07\/04\/bmw-m5-touring-mas-espacio-mas-rendimiento-mas-emociones\/\" \/>\n<meta property=\"article:published_time\" content=\"2023-07-04T13:27:44+00:00\" \/>\n<meta property=\"og:image\" content=\"https:\/\/autofans.com.ar\/wp-content\/uploads\/2023\/07\/foto-2.jpg\" \/>\n\t<meta property=\"og:image:width\" content=\"1000\" \/>\n\t<meta property=\"og:image:height\" content=\"667\" \/>\n\t<meta property=\"og:image:type\" content=\"image\/jpeg\" \/>\n<meta name=\"author\" content=\"Alejandro Gabriel Rosito\" \/>\n<meta name=\"twitter:card\" content=\"summary_large_image\" \/>\n<meta name=\"twitter:label1\" content=\"Escrito por\" \/>\n\t<meta name=\"twitter:data1\" content=\"Alejandro Gabriel Rosito\" \/>\n\t<meta name=\"twitter:label2\" content=\"Tiempo de lectura\" \/>\n\t<meta name=\"twitter:data2\" content=\"3 minutos\" \/>\n<script type=\"application\/ld+json\" class=\"yoast-schema-graph\">{\"@context\":\"https:\\\/\\\/schema.org\",\"@graph\":[{\"@type\":\"Article\",\"@id\":\"https:\\\/\\\/autofans.com.ar\\\/index.php\\\/2023\\\/07\\\/04\\\/bmw-m5-touring-mas-espacio-mas-rendimiento-mas-emociones\\\/#article\",\"isPartOf\":{\"@id\":\"https:\\\/\\\/autofans.com.ar\\\/index.php\\\/2023\\\/07\\\/04\\\/bmw-m5-touring-mas-espacio-mas-rendimiento-mas-emociones\\\/\"},\"author\":{\"name\":\"Alejandro Gabriel Rosito\",\"@id\":\"https:\\\/\\\/autofans.com.ar\\\/#\\\/schema\\\/person\\\/4a8dda0b6df83ac3d6723e921274c2aa\"},\"headline\":\"BMW M5 Touring: M\u00e1s espacio, m\u00e1s rendimiento, m\u00e1s emociones\",\"datePublished\":\"2023-07-04T13:27:44+00:00\",\"mainEntityOfPage\":{\"@id\":\"https:\\\/\\\/autofans.com.ar\\\/index.php\\\/2023\\\/07\\\/04\\\/bmw-m5-touring-mas-espacio-mas-rendimiento-mas-emociones\\\/\"},\"wordCount\":560,\"image\":{\"@id\":\"https:\\\/\\\/autofans.com.ar\\\/index.php\\\/2023\\\/07\\\/04\\\/bmw-m5-touring-mas-espacio-mas-rendimiento-mas-emociones\\\/#primaryimage\"},\"thumbnailUrl\":\"https:\\\/\\\/autofans.com.ar\\\/wp-content\\\/uploads\\\/2023\\\/07\\\/foto-2.jpg\",\"keywords\":[\"BMW M GmbH\",\"BMW M5\",\"BMW M5 Touring\",\"electrificaci\u00f3n\",\"marketing digital\",\"performance\",\"rendimiento\",\"segmento automotor\",\"veh\u00edculos de altas prestaciones\"],\"articleSection\":[\"AUTOS y SUV\",\"NOTICIAS\"],\"inLanguage\":\"es\"},{\"@type\":\"WebPage\",\"@id\":\"https:\\\/\\\/autofans.com.ar\\\/index.php\\\/2023\\\/07\\\/04\\\/bmw-m5-touring-mas-espacio-mas-rendimiento-mas-emociones\\\/\",\"url\":\"https:\\\/\\\/autofans.com.ar\\\/index.php\\\/2023\\\/07\\\/04\\\/bmw-m5-touring-mas-espacio-mas-rendimiento-mas-emociones\\\/\",\"name\":\"BMW M5 Touring: M\u00e1s espacio, m\u00e1s rendimiento, m\u00e1s emociones -\",\"isPartOf\":{\"@id\":\"https:\\\/\\\/autofans.com.ar\\\/#website\"},\"primaryImageOfPage\":{\"@id\":\"https:\\\/\\\/autofans.com.ar\\\/index.php\\\/2023\\\/07\\\/04\\\/bmw-m5-touring-mas-espacio-mas-rendimiento-mas-emociones\\\/#primaryimage\"},\"image\":{\"@id\":\"https:\\\/\\\/autofans.com.ar\\\/index.php\\\/2023\\\/07\\\/04\\\/bmw-m5-touring-mas-espacio-mas-rendimiento-mas-emociones\\\/#primaryimage\"},\"thumbnailUrl\":\"https:\\\/\\\/autofans.com.ar\\\/wp-content\\\/uploads\\\/2023\\\/07\\\/foto-2.jpg\",\"datePublished\":\"2023-07-04T13:27:44+00:00\",\"author\":{\"@id\":\"https:\\\/\\\/autofans.com.ar\\\/#\\\/schema\\\/person\\\/4a8dda0b6df83ac3d6723e921274c2aa\"},\"description\":\"BMW M GmbH confirma el desarrollo de un nuevo BMW M5 Touring, la variante familiar de altas prestaciones de la s\u00e9ptima generaci\u00f3n del BMW M5.\",\"breadcrumb\":{\"@id\":\"https:\\\/\\\/autofans.com.ar\\\/index.php\\\/2023\\\/07\\\/04\\\/bmw-m5-touring-mas-espacio-mas-rendimiento-mas-emociones\\\/#breadcrumb\"},\"inLanguage\":\"es\",\"potentialAction\":[{\"@type\":\"ReadAction\",\"target\":[\"https:\\\/\\\/autofans.com.ar\\\/index.php\\\/2023\\\/07\\\/04\\\/bmw-m5-touring-mas-espacio-mas-rendimiento-mas-emociones\\\/\"]}]},{\"@type\":\"ImageObject\",\"inLanguage\":\"es\",\"@id\":\"https:\\\/\\\/autofans.com.ar\\\/index.php\\\/2023\\\/07\\\/04\\\/bmw-m5-touring-mas-espacio-mas-rendimiento-mas-emociones\\\/#primaryimage\",\"url\":\"https:\\\/\\\/autofans.com.ar\\\/wp-content\\\/uploads\\\/2023\\\/07\\\/foto-2.jpg\",\"contentUrl\":\"https:\\\/\\\/autofans.com.ar\\\/wp-content\\\/uploads\\\/2023\\\/07\\\/foto-2.jpg\",\"width\":1000,\"height\":667,\"caption\":\"bmw\"},{\"@type\":\"BreadcrumbList\",\"@id\":\"https:\\\/\\\/autofans.com.ar\\\/index.php\\\/2023\\\/07\\\/04\\\/bmw-m5-touring-mas-espacio-mas-rendimiento-mas-emociones\\\/#breadcrumb\",\"itemListElement\":[{\"@type\":\"ListItem\",\"position\":1,\"name\":\"Inicio\",\"item\":\"https:\\\/\\\/autofans.com.ar\\\/\"},{\"@type\":\"ListItem\",\"position\":2,\"name\":\"BMW M5 Touring: M\u00e1s espacio, m\u00e1s rendimiento, m\u00e1s emociones\"}]},{\"@type\":\"WebSite\",\"@id\":\"https:\\\/\\\/autofans.com.ar\\\/#website\",\"url\":\"https:\\\/\\\/autofans.com.ar\\\/\",\"name\":\"\",\"description\":\"El multimedio referente de la industria automotriz\",\"potentialAction\":[{\"@type\":\"SearchAction\",\"target\":{\"@type\":\"EntryPoint\",\"urlTemplate\":\"https:\\\/\\\/autofans.com.ar\\\/?s={search_term_string}\"},\"query-input\":{\"@type\":\"PropertyValueSpecification\",\"valueRequired\":true,\"valueName\":\"search_term_string\"}}],\"inLanguage\":\"es\"},{\"@type\":\"Person\",\"@id\":\"https:\\\/\\\/autofans.com.ar\\\/#\\\/schema\\\/person\\\/4a8dda0b6df83ac3d6723e921274c2aa\",\"name\":\"Alejandro Gabriel Rosito\",\"image\":{\"@type\":\"ImageObject\",\"inLanguage\":\"es\",\"@id\":\"https:\\\/\\\/secure.gravatar.com\\\/avatar\\\/16c5dda1489adfc62618084dcbb91cffd879c374b13fe5dd8e44ed6733852c88?s=96&d=mm&r=g\",\"url\":\"https:\\\/\\\/secure.gravatar.com\\\/avatar\\\/16c5dda1489adfc62618084dcbb91cffd879c374b13fe5dd8e44ed6733852c88?s=96&d=mm&r=g\",\"contentUrl\":\"https:\\\/\\\/secure.gravatar.com\\\/avatar\\\/16c5dda1489adfc62618084dcbb91cffd879c374b13fe5dd8e44ed6733852c88?s=96&d=mm&r=g\",\"caption\":\"Alejandro Gabriel Rosito\"},\"url\":\"https:\\\/\\\/autofans.com.ar\\\/index.php\\\/author\\\/gabrielr\\\/\"}]}<\/script>\n<!-- \/ Yoast SEO plugin. -->","yoast_head_json":{"title":"BMW M5 Touring: M\u00e1s espacio, m\u00e1s rendimiento, m\u00e1s emociones -","description":"BMW M GmbH confirma el desarrollo de un nuevo BMW M5 Touring, la variante familiar de altas prestaciones de la s\u00e9ptima generaci\u00f3n del BMW M5.","robots":{"index":"index","follow":"follow","max-snippet":"max-snippet:-1","max-image-preview":"max-image-preview:large","max-video-preview":"max-video-preview:-1"},"canonical":"https:\/\/autofans.com.ar\/index.php\/2023\/07\/04\/bmw-m5-touring-mas-espacio-mas-rendimiento-mas-emociones\/","og_locale":"es_ES","og_type":"article","og_title":"BMW M5 Touring: M\u00e1s espacio, m\u00e1s rendimiento, m\u00e1s emociones -","og_description":"BMW M GmbH confirma el desarrollo de un nuevo BMW M5 Touring, la variante familiar de altas prestaciones de la s\u00e9ptima generaci\u00f3n del BMW M5.","og_url":"https:\/\/autofans.com.ar\/index.php\/2023\/07\/04\/bmw-m5-touring-mas-espacio-mas-rendimiento-mas-emociones\/","article_published_time":"2023-07-04T13:27:44+00:00","og_image":[{"width":1000,"height":667,"url":"https:\/\/autofans.com.ar\/wp-content\/uploads\/2023\/07\/foto-2.jpg","type":"image\/jpeg"}],"author":"Alejandro Gabriel Rosito","twitter_card":"summary_large_image","twitter_misc":{"Escrito por":"Alejandro Gabriel Rosito","Tiempo de lectura":"3 minutos"},"schema":{"@context":"https:\/\/schema.org","@graph":[{"@type":"Article","@id":"https:\/\/autofans.com.ar\/index.php\/2023\/07\/04\/bmw-m5-touring-mas-espacio-mas-rendimiento-mas-emociones\/#article","isPartOf":{"@id":"https:\/\/autofans.com.ar\/index.php\/2023\/07\/04\/bmw-m5-touring-mas-espacio-mas-rendimiento-mas-emociones\/"},"author":{"name":"Alejandro Gabriel Rosito","@id":"https:\/\/autofans.com.ar\/#\/schema\/person\/4a8dda0b6df83ac3d6723e921274c2aa"},"headline":"BMW M5 Touring: M\u00e1s espacio, m\u00e1s rendimiento, m\u00e1s emociones","datePublished":"2023-07-04T13:27:44+00:00","mainEntityOfPage":{"@id":"https:\/\/autofans.com.ar\/index.php\/2023\/07\/04\/bmw-m5-touring-mas-espacio-mas-rendimiento-mas-emociones\/"},"wordCount":560,"image":{"@id":"https:\/\/autofans.com.ar\/index.php\/2023\/07\/04\/bmw-m5-touring-mas-espacio-mas-rendimiento-mas-emociones\/#primaryimage"},"thumbnailUrl":"https:\/\/autofans.com.ar\/wp-content\/uploads\/2023\/07\/foto-2.jpg","keywords":["BMW M GmbH","BMW M5","BMW M5 Touring","electrificaci\u00f3n","marketing digital","performance","rendimiento","segmento automotor","veh\u00edculos de altas prestaciones"],"articleSection":["AUTOS y SUV","NOTICIAS"],"inLanguage":"es"},{"@type":"WebPage","@id":"https:\/\/autofans.com.ar\/index.php\/2023\/07\/04\/bmw-m5-touring-mas-espacio-mas-rendimiento-mas-emociones\/","url":"https:\/\/autofans.com.ar\/index.php\/2023\/07\/04\/bmw-m5-touring-mas-espacio-mas-rendimiento-mas-emociones\/","name":"BMW M5 Touring: M\u00e1s espacio, m\u00e1s rendimiento, m\u00e1s emociones -","isPartOf":{"@id":"https:\/\/autofans.com.ar\/#website"},"primaryImageOfPage":{"@id":"https:\/\/autofans.com.ar\/index.php\/2023\/07\/04\/bmw-m5-touring-mas-espacio-mas-rendimiento-mas-emociones\/#primaryimage"},"image":{"@id":"https:\/\/autofans.com.ar\/index.php\/2023\/07\/04\/bmw-m5-touring-mas-espacio-mas-rendimiento-mas-emociones\/#primaryimage"},"thumbnailUrl":"https:\/\/autofans.com.ar\/wp-content\/uploads\/2023\/07\/foto-2.jpg","datePublished":"2023-07-04T13:27:44+00:00","author":{"@id":"https:\/\/autofans.com.ar\/#\/schema\/person\/4a8dda0b6df83ac3d6723e921274c2aa"},"description":"BMW M GmbH confirma el desarrollo de un nuevo BMW M5 Touring, la variante familiar de altas prestaciones de la s\u00e9ptima generaci\u00f3n del BMW M5.","breadcrumb":{"@id":"https:\/\/autofans.com.ar\/index.php\/2023\/07\/04\/bmw-m5-touring-mas-espacio-mas-rendimiento-mas-emociones\/#breadcrumb"},"inLanguage":"es","potentialAction":[{"@type":"ReadAction","target":["https:\/\/autofans.com.ar\/index.php\/2023\/07\/04\/bmw-m5-touring-mas-espacio-mas-rendimiento-mas-emociones\/"]}]},{"@type":"ImageObject","inLanguage":"es","@id":"https:\/\/autofans.com.ar\/index.php\/2023\/07\/04\/bmw-m5-touring-mas-espacio-mas-rendimiento-mas-emociones\/#primaryimage","url":"https:\/\/autofans.com.ar\/wp-content\/uploads\/2023\/07\/foto-2.jpg","contentUrl":"https:\/\/autofans.com.ar\/wp-content\/uploads\/2023\/07\/foto-2.jpg","width":1000,"height":667,"caption":"bmw"},{"@type":"BreadcrumbList","@id":"https:\/\/autofans.com.ar\/index.php\/2023\/07\/04\/bmw-m5-touring-mas-espacio-mas-rendimiento-mas-emociones\/#breadcrumb","itemListElement":[{"@type":"ListItem","position":1,"name":"Inicio","item":"https:\/\/autofans.com.ar\/"},{"@type":"ListItem","position":2,"name":"BMW M5 Touring: M\u00e1s espacio, m\u00e1s rendimiento, m\u00e1s emociones"}]},{"@type":"WebSite","@id":"https:\/\/autofans.com.ar\/#website","url":"https:\/\/autofans.com.ar\/","name":"","description":"El multimedio referente de la industria automotriz","potentialAction":[{"@type":"SearchAction","target":{"@type":"EntryPoint","urlTemplate":"https:\/\/autofans.com.ar\/?s={search_term_string}"},"query-input":{"@type":"PropertyValueSpecification","valueRequired":true,"valueName":"search_term_string"}}],"inLanguage":"es"},{"@type":"Person","@id":"https:\/\/autofans.com.ar\/#\/schema\/person\/4a8dda0b6df83ac3d6723e921274c2aa","name":"Alejandro Gabriel Rosito","image":{"@type":"ImageObject","inLanguage":"es","@id":"https:\/\/secure.gravatar.com\/avatar\/16c5dda1489adfc62618084dcbb91cffd879c374b13fe5dd8e44ed6733852c88?s=96&d=mm&r=g","url":"https:\/\/secure.gravatar.com\/avatar\/16c5dda1489adfc62618084dcbb91cffd879c374b13fe5dd8e44ed6733852c88?s=96&d=mm&r=g","contentUrl":"https:\/\/secure.gravatar.com\/avatar\/16c5dda1489adfc62618084dcbb91cffd879c374b13fe5dd8e44ed6733852c88?s=96&d=mm&r=g","caption":"Alejandro Gabriel Rosito"},"url":"https:\/\/autofans.com.ar\/index.php\/author\/gabrielr\/"}]}},"featured_image_urls":{"full":["https:\/\/autofans.com.ar\/wp-content\/uploads\/2023\/07\/foto-2.jpg",1000,667,false],"thumbnail":["https:\/\/autofans.com.ar\/wp-content\/uploads\/2023\/07\/foto-2-150x150.jpg",150,150,true],"medium":["https:\/\/autofans.com.ar\/wp-content\/uploads\/2023\/07\/foto-2-300x200.jpg",300,200,true],"medium_large":["https:\/\/autofans.com.ar\/wp-content\/uploads\/2023\/07\/foto-2-768x512.jpg",640,427,true],"large":["https:\/\/autofans.com.ar\/wp-content\/uploads\/2023\/07\/foto-2.jpg",640,427,false],"1536x1536":["https:\/\/autofans.com.ar\/wp-content\/uploads\/2023\/07\/foto-2.jpg",1000,667,false],"2048x2048":["https:\/\/autofans.com.ar\/wp-content\/uploads\/2023\/07\/foto-2.jpg",1000,667,false],"covernews-featured":["https:\/\/autofans.com.ar\/wp-content\/uploads\/2023\/07\/foto-2.jpg",1000,667,false],"covernews-medium":["https:\/\/autofans.com.ar\/wp-content\/uploads\/2023\/07\/foto-2-540x340.jpg",540,340,true]},"author_info":{"display_name":"Alejandro Gabriel Rosito","author_link":"https:\/\/autofans.com.ar\/index.php\/author\/gabrielr\/"},"category_info":"<a href=\"https:\/\/autofans.com.ar\/index.php\/category\/noticias\/autos\/\" rel=\"category tag\">AUTOS y SUV<\/a> <a href=\"https:\/\/autofans.com.ar\/index.php\/category\/noticias\/\" rel=\"category tag\">NOTICIAS<\/a>","tag_info":"NOTICIAS","comment_count":0,"_links":{"self":[{"href":"https:\/\/autofans.com.ar\/index.php\/wp-json\/wp\/v2\/posts\/3703","targetHints":{"allow":["GET"]}}],"collection":[{"href":"https:\/\/autofans.com.ar\/index.php\/wp-json\/wp\/v2\/posts"}],"about":[{"href":"https:\/\/autofans.com.ar\/index.php\/wp-json\/wp\/v2\/types\/post"}],"author":[{"embeddable":true,"href":"https:\/\/autofans.com.ar\/index.php\/wp-json\/wp\/v2\/users\/2"}],"replies":[{"embeddable":true,"href":"https:\/\/autofans.com.ar\/index.php\/wp-json\/wp\/v2\/comments?post=3703"}],"version-history":[{"count":3,"href":"https:\/\/autofans.com.ar\/index.php\/wp-json\/wp\/v2\/posts\/3703\/revisions"}],"predecessor-version":[{"id":3730,"href":"https:\/\/autofans.com.ar\/index.php\/wp-json\/wp\/v2\/posts\/3703\/revisions\/3730"}],"wp:featuredmedia":[{"embeddable":true,"href":"https:\/\/autofans.com.ar\/index.php\/wp-json\/wp\/v2\/media\/3706"}],"wp:attachment":[{"href":"https:\/\/autofans.com.ar\/index.php\/wp-json\/wp\/v2\/media?parent=3703"}],"wp:term":[{"taxonomy":"category","embeddable":true,"href":"https:\/\/autofans.com.ar\/index.php\/wp-json\/wp\/v2\/categories?post=3703"},{"taxonomy":"post_tag","embeddable":true,"href":"https:\/\/autofans.com.ar\/index.php\/wp-json\/wp\/v2\/tags?post=3703"}],"curies":[{"name":"wp","href":"https:\/\/api.w.org\/{rel}","templated":true}]}}