{"id":3709,"date":"2023-07-03T18:53:16","date_gmt":"2023-07-03T21:53:16","guid":{"rendered":"https:\/\/autofans.com.ar\/?p=3709"},"modified":"2023-07-03T18:53:16","modified_gmt":"2023-07-03T21:53:16","slug":"iveco-bus-impulsa-la-eficiencia-y-el-confort-en-el-transporte-agropecuario","status":"publish","type":"post","link":"https:\/\/autofans.com.ar\/index.php\/2023\/07\/03\/iveco-bus-impulsa-la-eficiencia-y-el-confort-en-el-transporte-agropecuario\/","title":{"rendered":"IVECO BUS impulsa la eficiencia y el confort en el transporte agropecuario"},"content":{"rendered":"<h2>IVECO BUS entrega 16 veh\u00edculos al INTA<\/h2>\n<p>En una importante entrega, IVECO BUS proporcion\u00f3 al Instituto Nacional de Tecnolog\u00eda Agropecuaria (INTA) un total de 16 unidades de transporte de personal interno. Estos veh\u00edculos, adquiridos recientemente, ser\u00e1n utilizados en los Centros Regionales, Estaciones Experimentales Agropecuarias, Centros de Investigaci\u00f3n e Institutos distribuidos en todo el pa\u00eds.<\/p>\n<p>La marca IVECO BUS se enorgullece de colaborar con instituciones de renombre como el INTA y, en particular, de la alta demanda y preferencia por sus veh\u00edculos emblem\u00e1ticos, como el Eurobus. Juan Cruz Cerrato, responsable comercial de IVECO BUS, destac\u00f3 la amplia penetraci\u00f3n de este producto en todas las provincias argentinas, gracias a la extensa red de concesionarios.<\/p>\n<p>&nbsp;<\/p>\n<h2><img fetchpriority=\"high\" decoding=\"async\" class=\"aligncenter wp-image-3714 size-full\" src=\"https:\/\/autofans.com.ar\/wp-content\/uploads\/2023\/07\/foto-1-1.jpg\" alt=\"iveco\" width=\"1000\" height=\"667\" srcset=\"https:\/\/autofans.com.ar\/wp-content\/uploads\/2023\/07\/foto-1-1.jpg 1000w, https:\/\/autofans.com.ar\/wp-content\/uploads\/2023\/07\/foto-1-1-300x200.jpg 300w, https:\/\/autofans.com.ar\/wp-content\/uploads\/2023\/07\/foto-1-1-768x512.jpg 768w\" sizes=\"(max-width: 1000px) 100vw, 1000px\" \/><\/h2>\n<h2><\/h2>\n<h2>Mayor eficiencia con menor consumo<\/h2>\n<p>Para lograr una mayor eficiencia sin comprometer el rendimiento, IVECO BUS desarroll\u00f3 el modelo 170S28 utilizando la tecnolog\u00eda de \u00abdownspeeding\u00bb. Esto permite que el motor funcione a bajas revoluciones con un alto torque, resultando en un menor consumo de combustible. El INTA adquiri\u00f3 10 unidades de este modelo, equipadas con asientos reclinables, aire acondicionado y diversas comodidades para garantizar un viaje confortable.<\/p>\n<blockquote>\n<p style=\"text-align: center;\"><em>\u201cIVECO BUS sigue pisando fuerte con su oferta de productos, lo cu\u00e1l es posible gracias al trabajo en conjunto con Overbus que nos permite ampliar el vol\u00famen de las operaciones. Estas entregas nos permiten seguir creciendo en el mercado argentino\u201d<\/em>, concluy\u00f3 Cerrato.<\/p>\n<\/blockquote>\n<h2>El m\u00e1s moderno del segmento<\/h2>\n<p>Asimismo, el INTA opt\u00f3 por 4 unidades del modelo Eurobus, que cuenta con 24 asientos reclinables, aire acondicionado y calefacci\u00f3n. Este veh\u00edculo ofrece una amplia puerta de acceso en la parte delantera, revestimiento resistente y piso antideslizante, ideal para uso intensivo. Adem\u00e1s, cuenta con una bodega espaciosa de 2.4 m\u00b3 para el equipaje de los pasajeros. El Eurobus est\u00e1 disponible en diferentes configuraciones para adaptarse a las necesidades de cada cliente.<\/p>\n<p>&nbsp;<\/p>\n<h2><img decoding=\"async\" class=\"aligncenter wp-image-3712 size-full\" src=\"https:\/\/autofans.com.ar\/wp-content\/uploads\/2023\/07\/foto-3-1.jpg\" alt=\"iveco\" width=\"1000\" height=\"667\" srcset=\"https:\/\/autofans.com.ar\/wp-content\/uploads\/2023\/07\/foto-3-1.jpg 1000w, https:\/\/autofans.com.ar\/wp-content\/uploads\/2023\/07\/foto-3-1-300x200.jpg 300w, https:\/\/autofans.com.ar\/wp-content\/uploads\/2023\/07\/foto-3-1-768x512.jpg 768w\" sizes=\"(max-width: 1000px) 100vw, 1000px\" \/><\/h2>\n<h2><\/h2>\n<p>&nbsp;<\/p>\n<h2>Mayor confort para los pasajeros<\/h2>\n<p>Otro modelo destacado es el Vetrato, dise\u00f1ado sobre la base de la versi\u00f3n Daily 45-170. Este veh\u00edculo de traslado, con capacidad para 8 pasajeros m\u00e1s el conductor, se caracteriza por sus butacas reclinables VIP tipo semi-cama, cinturones de seguridad de 3 puntos con homologaciones nacionales e internacionales, y diversos detalles que aseguran el confort de los pasajeros. Con su chasis robusto y protecciones adicionales, el Vetrato es la elecci\u00f3n ideal para desplazamientos en caminos off-road.<\/p>\n<p>La alianza entre IVECO y su socio Italbus permite producir los chasis localmente, lo que implica un importante porcentaje de trabajo y componentes nacionales en los veh\u00edculos finalizados.<\/p>\n<p>Con estas entregas, IVECO BUS contin\u00faa fortaleciendo su presencia en el mercado argentino y demostrando su compromiso con la eficiencia y el confort en el transporte agropecuario. Los productos de IVECO BUS se destacan por su calidad, rendimiento y adaptabilidad a las necesidades espec\u00edficas de cada cliente.<\/p>\n<p>&nbsp;<\/p>\n<p><i>Para enterarte de m\u00e1s novedades, no dejes de leer\u00a0<\/i><a href=\"https:\/\/autofans.thebrandsoup.com\/\"><i>nuestras notas<\/i><\/a><i>, de ver<\/i><b><i>\u00a0<\/i><\/b><a href=\"https:\/\/www.youtube.com\/channel\/UCgAC8UGHZYbT6P7PpmVnP7g\"><b><i>AUTOFANS TV<\/i><\/b><\/a><b><i>\u00a0<\/i><\/b><i>en nuestro\u00a0canal de Youtube. Adem\u00e1s seguinos en\u00a0<\/i><a href=\"https:\/\/www.instagram.com\/autofanstv\/\"><i>INSTAGRAM<\/i><\/a><i> y <\/i><a href=\"https:\/\/www.facebook.com\/autofansmas\/\"><i>FACEBOOK<\/i><\/a><i> para no perderte nada sobre las novedades del segmento automotor de Argentina y el mundo. <\/i><\/p>\n","protected":false},"excerpt":{"rendered":"<p>IVECO BUS entrega 16 veh\u00edculos al INTA En una importante entrega, IVECO BUS proporcion\u00f3 al&#8230;<\/p>\n","protected":false},"author":2,"featured_media":3711,"comment_status":"closed","ping_status":"closed","sticky":false,"template":"","format":"standard","meta":{"footnotes":""},"categories":[292,16,5],"tags":[1801,1800,1803,1802,1804,1562],"class_list":["post-3709","post","type-post","status-publish","format-standard","has-post-thumbnail","hentry","category-empresas","category-noticias","category-otros","tag-inta","tag-ivecobus","tag-tecnologiaagropecuaria","tag-transporteagropecuario","tag-transporteinterno","tag-vehiculoscomerciales"],"yoast_head":"<!-- This site is optimized with the Yoast SEO plugin v27.5 - https:\/\/yoast.com\/product\/yoast-seo-wordpress\/ -->\n<title>IVECO BUS impulsa la eficiencia y el confort en el transporte agropecuario -<\/title>\n<meta name=\"description\" content=\"IVECO BUS proporcion\u00f3 al Instituto Nacional de Tecnolog\u00eda Agropecuaria (INTA) un total de 16 unidades de transporte de personal interno...\" \/>\n<meta name=\"robots\" content=\"index, follow, max-snippet:-1, max-image-preview:large, max-video-preview:-1\" \/>\n<link rel=\"canonical\" href=\"https:\/\/autofans.com.ar\/index.php\/2023\/07\/03\/iveco-bus-impulsa-la-eficiencia-y-el-confort-en-el-transporte-agropecuario\/\" \/>\n<meta property=\"og:locale\" content=\"es_ES\" \/>\n<meta property=\"og:type\" content=\"article\" \/>\n<meta property=\"og:title\" content=\"IVECO BUS impulsa la eficiencia y el confort en el transporte agropecuario -\" \/>\n<meta property=\"og:description\" content=\"IVECO BUS proporcion\u00f3 al Instituto Nacional de Tecnolog\u00eda Agropecuaria (INTA) un total de 16 unidades de transporte de personal interno...\" \/>\n<meta property=\"og:url\" content=\"https:\/\/autofans.com.ar\/index.php\/2023\/07\/03\/iveco-bus-impulsa-la-eficiencia-y-el-confort-en-el-transporte-agropecuario\/\" \/>\n<meta property=\"article:published_time\" content=\"2023-07-03T21:53:16+00:00\" \/>\n<meta property=\"og:image\" content=\"https:\/\/autofans.com.ar\/wp-content\/uploads\/2023\/07\/foto-4.jpg\" \/>\n\t<meta property=\"og:image:width\" content=\"1000\" \/>\n\t<meta property=\"og:image:height\" content=\"667\" \/>\n\t<meta property=\"og:image:type\" content=\"image\/jpeg\" \/>\n<meta name=\"author\" content=\"Alejandro Gabriel Rosito\" \/>\n<meta name=\"twitter:card\" content=\"summary_large_image\" \/>\n<meta name=\"twitter:label1\" content=\"Escrito por\" \/>\n\t<meta name=\"twitter:data1\" content=\"Alejandro Gabriel Rosito\" \/>\n\t<meta name=\"twitter:label2\" content=\"Tiempo de lectura\" \/>\n\t<meta name=\"twitter:data2\" content=\"3 minutos\" \/>\n<script type=\"application\/ld+json\" class=\"yoast-schema-graph\">{\"@context\":\"https:\\\/\\\/schema.org\",\"@graph\":[{\"@type\":\"Article\",\"@id\":\"https:\\\/\\\/autofans.com.ar\\\/index.php\\\/2023\\\/07\\\/03\\\/iveco-bus-impulsa-la-eficiencia-y-el-confort-en-el-transporte-agropecuario\\\/#article\",\"isPartOf\":{\"@id\":\"https:\\\/\\\/autofans.com.ar\\\/index.php\\\/2023\\\/07\\\/03\\\/iveco-bus-impulsa-la-eficiencia-y-el-confort-en-el-transporte-agropecuario\\\/\"},\"author\":{\"name\":\"Alejandro Gabriel Rosito\",\"@id\":\"https:\\\/\\\/autofans.com.ar\\\/#\\\/schema\\\/person\\\/4a8dda0b6df83ac3d6723e921274c2aa\"},\"headline\":\"IVECO BUS impulsa la eficiencia y el confort en el transporte agropecuario\",\"datePublished\":\"2023-07-03T21:53:16+00:00\",\"mainEntityOfPage\":{\"@id\":\"https:\\\/\\\/autofans.com.ar\\\/index.php\\\/2023\\\/07\\\/03\\\/iveco-bus-impulsa-la-eficiencia-y-el-confort-en-el-transporte-agropecuario\\\/\"},\"wordCount\":527,\"image\":{\"@id\":\"https:\\\/\\\/autofans.com.ar\\\/index.php\\\/2023\\\/07\\\/03\\\/iveco-bus-impulsa-la-eficiencia-y-el-confort-en-el-transporte-agropecuario\\\/#primaryimage\"},\"thumbnailUrl\":\"https:\\\/\\\/autofans.com.ar\\\/wp-content\\\/uploads\\\/2023\\\/07\\\/foto-4.jpg\",\"keywords\":[\"INTA\",\"IVECOBUS\",\"tecnolog\u00edaagropecuaria\",\"transporteagropecuario\",\"transporteinterno\",\"veh\u00edculoscomerciales\"],\"articleSection\":[\"EMPRESAS\",\"NOTICIAS\",\"PICK UPs, UTILITARIOS Y OTROS\"],\"inLanguage\":\"es\"},{\"@type\":\"WebPage\",\"@id\":\"https:\\\/\\\/autofans.com.ar\\\/index.php\\\/2023\\\/07\\\/03\\\/iveco-bus-impulsa-la-eficiencia-y-el-confort-en-el-transporte-agropecuario\\\/\",\"url\":\"https:\\\/\\\/autofans.com.ar\\\/index.php\\\/2023\\\/07\\\/03\\\/iveco-bus-impulsa-la-eficiencia-y-el-confort-en-el-transporte-agropecuario\\\/\",\"name\":\"IVECO BUS impulsa la eficiencia y el confort en el transporte agropecuario -\",\"isPartOf\":{\"@id\":\"https:\\\/\\\/autofans.com.ar\\\/#website\"},\"primaryImageOfPage\":{\"@id\":\"https:\\\/\\\/autofans.com.ar\\\/index.php\\\/2023\\\/07\\\/03\\\/iveco-bus-impulsa-la-eficiencia-y-el-confort-en-el-transporte-agropecuario\\\/#primaryimage\"},\"image\":{\"@id\":\"https:\\\/\\\/autofans.com.ar\\\/index.php\\\/2023\\\/07\\\/03\\\/iveco-bus-impulsa-la-eficiencia-y-el-confort-en-el-transporte-agropecuario\\\/#primaryimage\"},\"thumbnailUrl\":\"https:\\\/\\\/autofans.com.ar\\\/wp-content\\\/uploads\\\/2023\\\/07\\\/foto-4.jpg\",\"datePublished\":\"2023-07-03T21:53:16+00:00\",\"author\":{\"@id\":\"https:\\\/\\\/autofans.com.ar\\\/#\\\/schema\\\/person\\\/4a8dda0b6df83ac3d6723e921274c2aa\"},\"description\":\"IVECO BUS proporcion\u00f3 al Instituto Nacional de Tecnolog\u00eda Agropecuaria (INTA) un total de 16 unidades de transporte de personal interno...\",\"breadcrumb\":{\"@id\":\"https:\\\/\\\/autofans.com.ar\\\/index.php\\\/2023\\\/07\\\/03\\\/iveco-bus-impulsa-la-eficiencia-y-el-confort-en-el-transporte-agropecuario\\\/#breadcrumb\"},\"inLanguage\":\"es\",\"potentialAction\":[{\"@type\":\"ReadAction\",\"target\":[\"https:\\\/\\\/autofans.com.ar\\\/index.php\\\/2023\\\/07\\\/03\\\/iveco-bus-impulsa-la-eficiencia-y-el-confort-en-el-transporte-agropecuario\\\/\"]}]},{\"@type\":\"ImageObject\",\"inLanguage\":\"es\",\"@id\":\"https:\\\/\\\/autofans.com.ar\\\/index.php\\\/2023\\\/07\\\/03\\\/iveco-bus-impulsa-la-eficiencia-y-el-confort-en-el-transporte-agropecuario\\\/#primaryimage\",\"url\":\"https:\\\/\\\/autofans.com.ar\\\/wp-content\\\/uploads\\\/2023\\\/07\\\/foto-4.jpg\",\"contentUrl\":\"https:\\\/\\\/autofans.com.ar\\\/wp-content\\\/uploads\\\/2023\\\/07\\\/foto-4.jpg\",\"width\":1000,\"height\":667,\"caption\":\"iveco\"},{\"@type\":\"BreadcrumbList\",\"@id\":\"https:\\\/\\\/autofans.com.ar\\\/index.php\\\/2023\\\/07\\\/03\\\/iveco-bus-impulsa-la-eficiencia-y-el-confort-en-el-transporte-agropecuario\\\/#breadcrumb\",\"itemListElement\":[{\"@type\":\"ListItem\",\"position\":1,\"name\":\"Inicio\",\"item\":\"https:\\\/\\\/autofans.com.ar\\\/\"},{\"@type\":\"ListItem\",\"position\":2,\"name\":\"IVECO BUS impulsa la eficiencia y el confort en el transporte agropecuario\"}]},{\"@type\":\"WebSite\",\"@id\":\"https:\\\/\\\/autofans.com.ar\\\/#website\",\"url\":\"https:\\\/\\\/autofans.com.ar\\\/\",\"name\":\"\",\"description\":\"El multimedio referente de la industria automotriz\",\"potentialAction\":[{\"@type\":\"SearchAction\",\"target\":{\"@type\":\"EntryPoint\",\"urlTemplate\":\"https:\\\/\\\/autofans.com.ar\\\/?s={search_term_string}\"},\"query-input\":{\"@type\":\"PropertyValueSpecification\",\"valueRequired\":true,\"valueName\":\"search_term_string\"}}],\"inLanguage\":\"es\"},{\"@type\":\"Person\",\"@id\":\"https:\\\/\\\/autofans.com.ar\\\/#\\\/schema\\\/person\\\/4a8dda0b6df83ac3d6723e921274c2aa\",\"name\":\"Alejandro Gabriel Rosito\",\"image\":{\"@type\":\"ImageObject\",\"inLanguage\":\"es\",\"@id\":\"https:\\\/\\\/secure.gravatar.com\\\/avatar\\\/16c5dda1489adfc62618084dcbb91cffd879c374b13fe5dd8e44ed6733852c88?s=96&d=mm&r=g\",\"url\":\"https:\\\/\\\/secure.gravatar.com\\\/avatar\\\/16c5dda1489adfc62618084dcbb91cffd879c374b13fe5dd8e44ed6733852c88?s=96&d=mm&r=g\",\"contentUrl\":\"https:\\\/\\\/secure.gravatar.com\\\/avatar\\\/16c5dda1489adfc62618084dcbb91cffd879c374b13fe5dd8e44ed6733852c88?s=96&d=mm&r=g\",\"caption\":\"Alejandro Gabriel Rosito\"},\"url\":\"https:\\\/\\\/autofans.com.ar\\\/index.php\\\/author\\\/gabrielr\\\/\"}]}<\/script>\n<!-- \/ Yoast SEO plugin. -->","yoast_head_json":{"title":"IVECO BUS impulsa la eficiencia y el confort en el transporte agropecuario -","description":"IVECO BUS proporcion\u00f3 al Instituto Nacional de Tecnolog\u00eda Agropecuaria (INTA) un total de 16 unidades de transporte de personal interno...","robots":{"index":"index","follow":"follow","max-snippet":"max-snippet:-1","max-image-preview":"max-image-preview:large","max-video-preview":"max-video-preview:-1"},"canonical":"https:\/\/autofans.com.ar\/index.php\/2023\/07\/03\/iveco-bus-impulsa-la-eficiencia-y-el-confort-en-el-transporte-agropecuario\/","og_locale":"es_ES","og_type":"article","og_title":"IVECO BUS impulsa la eficiencia y el confort en el transporte agropecuario -","og_description":"IVECO BUS proporcion\u00f3 al Instituto Nacional de Tecnolog\u00eda Agropecuaria (INTA) un total de 16 unidades de transporte de personal interno...","og_url":"https:\/\/autofans.com.ar\/index.php\/2023\/07\/03\/iveco-bus-impulsa-la-eficiencia-y-el-confort-en-el-transporte-agropecuario\/","article_published_time":"2023-07-03T21:53:16+00:00","og_image":[{"width":1000,"height":667,"url":"https:\/\/autofans.com.ar\/wp-content\/uploads\/2023\/07\/foto-4.jpg","type":"image\/jpeg"}],"author":"Alejandro Gabriel Rosito","twitter_card":"summary_large_image","twitter_misc":{"Escrito por":"Alejandro Gabriel Rosito","Tiempo de lectura":"3 minutos"},"schema":{"@context":"https:\/\/schema.org","@graph":[{"@type":"Article","@id":"https:\/\/autofans.com.ar\/index.php\/2023\/07\/03\/iveco-bus-impulsa-la-eficiencia-y-el-confort-en-el-transporte-agropecuario\/#article","isPartOf":{"@id":"https:\/\/autofans.com.ar\/index.php\/2023\/07\/03\/iveco-bus-impulsa-la-eficiencia-y-el-confort-en-el-transporte-agropecuario\/"},"author":{"name":"Alejandro Gabriel Rosito","@id":"https:\/\/autofans.com.ar\/#\/schema\/person\/4a8dda0b6df83ac3d6723e921274c2aa"},"headline":"IVECO BUS impulsa la eficiencia y el confort en el transporte agropecuario","datePublished":"2023-07-03T21:53:16+00:00","mainEntityOfPage":{"@id":"https:\/\/autofans.com.ar\/index.php\/2023\/07\/03\/iveco-bus-impulsa-la-eficiencia-y-el-confort-en-el-transporte-agropecuario\/"},"wordCount":527,"image":{"@id":"https:\/\/autofans.com.ar\/index.php\/2023\/07\/03\/iveco-bus-impulsa-la-eficiencia-y-el-confort-en-el-transporte-agropecuario\/#primaryimage"},"thumbnailUrl":"https:\/\/autofans.com.ar\/wp-content\/uploads\/2023\/07\/foto-4.jpg","keywords":["INTA","IVECOBUS","tecnolog\u00edaagropecuaria","transporteagropecuario","transporteinterno","veh\u00edculoscomerciales"],"articleSection":["EMPRESAS","NOTICIAS","PICK UPs, UTILITARIOS Y OTROS"],"inLanguage":"es"},{"@type":"WebPage","@id":"https:\/\/autofans.com.ar\/index.php\/2023\/07\/03\/iveco-bus-impulsa-la-eficiencia-y-el-confort-en-el-transporte-agropecuario\/","url":"https:\/\/autofans.com.ar\/index.php\/2023\/07\/03\/iveco-bus-impulsa-la-eficiencia-y-el-confort-en-el-transporte-agropecuario\/","name":"IVECO BUS impulsa la eficiencia y el confort en el transporte agropecuario -","isPartOf":{"@id":"https:\/\/autofans.com.ar\/#website"},"primaryImageOfPage":{"@id":"https:\/\/autofans.com.ar\/index.php\/2023\/07\/03\/iveco-bus-impulsa-la-eficiencia-y-el-confort-en-el-transporte-agropecuario\/#primaryimage"},"image":{"@id":"https:\/\/autofans.com.ar\/index.php\/2023\/07\/03\/iveco-bus-impulsa-la-eficiencia-y-el-confort-en-el-transporte-agropecuario\/#primaryimage"},"thumbnailUrl":"https:\/\/autofans.com.ar\/wp-content\/uploads\/2023\/07\/foto-4.jpg","datePublished":"2023-07-03T21:53:16+00:00","author":{"@id":"https:\/\/autofans.com.ar\/#\/schema\/person\/4a8dda0b6df83ac3d6723e921274c2aa"},"description":"IVECO BUS proporcion\u00f3 al Instituto Nacional de Tecnolog\u00eda Agropecuaria (INTA) un total de 16 unidades de transporte de personal interno...","breadcrumb":{"@id":"https:\/\/autofans.com.ar\/index.php\/2023\/07\/03\/iveco-bus-impulsa-la-eficiencia-y-el-confort-en-el-transporte-agropecuario\/#breadcrumb"},"inLanguage":"es","potentialAction":[{"@type":"ReadAction","target":["https:\/\/autofans.com.ar\/index.php\/2023\/07\/03\/iveco-bus-impulsa-la-eficiencia-y-el-confort-en-el-transporte-agropecuario\/"]}]},{"@type":"ImageObject","inLanguage":"es","@id":"https:\/\/autofans.com.ar\/index.php\/2023\/07\/03\/iveco-bus-impulsa-la-eficiencia-y-el-confort-en-el-transporte-agropecuario\/#primaryimage","url":"https:\/\/autofans.com.ar\/wp-content\/uploads\/2023\/07\/foto-4.jpg","contentUrl":"https:\/\/autofans.com.ar\/wp-content\/uploads\/2023\/07\/foto-4.jpg","width":1000,"height":667,"caption":"iveco"},{"@type":"BreadcrumbList","@id":"https:\/\/autofans.com.ar\/index.php\/2023\/07\/03\/iveco-bus-impulsa-la-eficiencia-y-el-confort-en-el-transporte-agropecuario\/#breadcrumb","itemListElement":[{"@type":"ListItem","position":1,"name":"Inicio","item":"https:\/\/autofans.com.ar\/"},{"@type":"ListItem","position":2,"name":"IVECO BUS impulsa la eficiencia y el confort en el transporte agropecuario"}]},{"@type":"WebSite","@id":"https:\/\/autofans.com.ar\/#website","url":"https:\/\/autofans.com.ar\/","name":"","description":"El multimedio referente de la industria automotriz","potentialAction":[{"@type":"SearchAction","target":{"@type":"EntryPoint","urlTemplate":"https:\/\/autofans.com.ar\/?s={search_term_string}"},"query-input":{"@type":"PropertyValueSpecification","valueRequired":true,"valueName":"search_term_string"}}],"inLanguage":"es"},{"@type":"Person","@id":"https:\/\/autofans.com.ar\/#\/schema\/person\/4a8dda0b6df83ac3d6723e921274c2aa","name":"Alejandro Gabriel Rosito","image":{"@type":"ImageObject","inLanguage":"es","@id":"https:\/\/secure.gravatar.com\/avatar\/16c5dda1489adfc62618084dcbb91cffd879c374b13fe5dd8e44ed6733852c88?s=96&d=mm&r=g","url":"https:\/\/secure.gravatar.com\/avatar\/16c5dda1489adfc62618084dcbb91cffd879c374b13fe5dd8e44ed6733852c88?s=96&d=mm&r=g","contentUrl":"https:\/\/secure.gravatar.com\/avatar\/16c5dda1489adfc62618084dcbb91cffd879c374b13fe5dd8e44ed6733852c88?s=96&d=mm&r=g","caption":"Alejandro Gabriel Rosito"},"url":"https:\/\/autofans.com.ar\/index.php\/author\/gabrielr\/"}]}},"featured_image_urls":{"full":["https:\/\/autofans.com.ar\/wp-content\/uploads\/2023\/07\/foto-4.jpg",1000,667,false],"thumbnail":["https:\/\/autofans.com.ar\/wp-content\/uploads\/2023\/07\/foto-4-150x150.jpg",150,150,true],"medium":["https:\/\/autofans.com.ar\/wp-content\/uploads\/2023\/07\/foto-4-300x200.jpg",300,200,true],"medium_large":["https:\/\/autofans.com.ar\/wp-content\/uploads\/2023\/07\/foto-4-768x512.jpg",640,427,true],"large":["https:\/\/autofans.com.ar\/wp-content\/uploads\/2023\/07\/foto-4.jpg",640,427,false],"1536x1536":["https:\/\/autofans.com.ar\/wp-content\/uploads\/2023\/07\/foto-4.jpg",1000,667,false],"2048x2048":["https:\/\/autofans.com.ar\/wp-content\/uploads\/2023\/07\/foto-4.jpg",1000,667,false],"covernews-featured":["https:\/\/autofans.com.ar\/wp-content\/uploads\/2023\/07\/foto-4.jpg",1000,667,false],"covernews-medium":["https:\/\/autofans.com.ar\/wp-content\/uploads\/2023\/07\/foto-4-540x340.jpg",540,340,true]},"author_info":{"display_name":"Alejandro Gabriel Rosito","author_link":"https:\/\/autofans.com.ar\/index.php\/author\/gabrielr\/"},"category_info":"<a href=\"https:\/\/autofans.com.ar\/index.php\/category\/noticias\/empresas\/\" rel=\"category tag\">EMPRESAS<\/a> <a href=\"https:\/\/autofans.com.ar\/index.php\/category\/noticias\/\" rel=\"category tag\">NOTICIAS<\/a> <a href=\"https:\/\/autofans.com.ar\/index.php\/category\/noticias\/otros\/\" rel=\"category tag\">PICK UPs, UTILITARIOS Y OTROS<\/a>","tag_info":"PICK UPs, UTILITARIOS Y OTROS","comment_count":0,"_links":{"self":[{"href":"https:\/\/autofans.com.ar\/index.php\/wp-json\/wp\/v2\/posts\/3709","targetHints":{"allow":["GET"]}}],"collection":[{"href":"https:\/\/autofans.com.ar\/index.php\/wp-json\/wp\/v2\/posts"}],"about":[{"href":"https:\/\/autofans.com.ar\/index.php\/wp-json\/wp\/v2\/types\/post"}],"author":[{"embeddable":true,"href":"https:\/\/autofans.com.ar\/index.php\/wp-json\/wp\/v2\/users\/2"}],"replies":[{"embeddable":true,"href":"https:\/\/autofans.com.ar\/index.php\/wp-json\/wp\/v2\/comments?post=3709"}],"version-history":[{"count":4,"href":"https:\/\/autofans.com.ar\/index.php\/wp-json\/wp\/v2\/posts\/3709\/revisions"}],"predecessor-version":[{"id":3732,"href":"https:\/\/autofans.com.ar\/index.php\/wp-json\/wp\/v2\/posts\/3709\/revisions\/3732"}],"wp:featuredmedia":[{"embeddable":true,"href":"https:\/\/autofans.com.ar\/index.php\/wp-json\/wp\/v2\/media\/3711"}],"wp:attachment":[{"href":"https:\/\/autofans.com.ar\/index.php\/wp-json\/wp\/v2\/media?parent=3709"}],"wp:term":[{"taxonomy":"category","embeddable":true,"href":"https:\/\/autofans.com.ar\/index.php\/wp-json\/wp\/v2\/categories?post=3709"},{"taxonomy":"post_tag","embeddable":true,"href":"https:\/\/autofans.com.ar\/index.php\/wp-json\/wp\/v2\/tags?post=3709"}],"curies":[{"name":"wp","href":"https:\/\/api.w.org\/{rel}","templated":true}]}}