{"id":3738,"date":"2023-07-05T11:39:35","date_gmt":"2023-07-05T14:39:35","guid":{"rendered":"https:\/\/autofans.com.ar\/?p=3738"},"modified":"2023-07-05T11:39:35","modified_gmt":"2023-07-05T14:39:35","slug":"mini-acv-30-la-huella-en-la-historia-automotriz","status":"publish","type":"post","link":"https:\/\/autofans.com.ar\/index.php\/2023\/07\/05\/mini-acv-30-la-huella-en-la-historia-automotriz\/","title":{"rendered":"MINI ACV 30: La huella en la historia automotriz"},"content":{"rendered":"<h2>El legado del MINI ACV 30<\/h2>\n<p>En la d\u00e9cada de los 90, MINI se encontraba en un momento crucial de su historia. BMW Group, tras adquirir Rover Group, se propuso crear una nueva generaci\u00f3n del ic\u00f3nico autom\u00f3vil brit\u00e1nico. Sin embargo, surgieron diferentes visiones sobre c\u00f3mo llevar al Mini cl\u00e1sico hacia el futuro. Mientras Rover quer\u00eda mantener la esencia original, BMW Group buscaba convertirlo en un peque\u00f1o deportivo Premium sin perder sus caracter\u00edsticas distintivas. En medio de estas deliberaciones, surgi\u00f3 el MINI ACV 30, un concepto dise\u00f1ado por Adrian van Hooydonk, que captur\u00f3 la atenci\u00f3n pero no logr\u00f3 avanzar. A pesar de ello, su influencia en la marca perdura hasta hoy.<\/p>\n<h2><\/h2>\n<p><img fetchpriority=\"high\" decoding=\"async\" class=\"aligncenter wp-image-3743 size-full\" src=\"https:\/\/autofans.com.ar\/wp-content\/uploads\/2023\/07\/foto-1-4.jpg\" alt=\"Mac mini\" width=\"1000\" height=\"667\" srcset=\"https:\/\/autofans.com.ar\/wp-content\/uploads\/2023\/07\/foto-1-4.jpg 1000w, https:\/\/autofans.com.ar\/wp-content\/uploads\/2023\/07\/foto-1-4-300x200.jpg 300w, https:\/\/autofans.com.ar\/wp-content\/uploads\/2023\/07\/foto-1-4-768x512.jpg 768w\" sizes=\"(max-width: 1000px) 100vw, 1000px\" \/><\/p>\n<h2><\/h2>\n<h2>Un tributo al pasado que influy\u00f3 en el futuro<\/h2>\n<p>El MINI ACV 30, presentado en 1997, fue el primer dise\u00f1o de van Hooydonk y rindi\u00f3 homenaje a las victorias de Mini en el Rally de Monte Carlo 30 a\u00f1os atr\u00e1s. Aunque difer\u00eda en varios aspectos del Mini que finalmente lleg\u00f3 al mercado en 2001, el ACV 30 mostraba caracter\u00edsticas que se trasladaron al nuevo modelo. Su parrilla hexagonal y faros redondos, por ejemplo, se convirtieron en elementos distintivos del MINI actual. Adem\u00e1s, el prototipo exhib\u00eda arcos de rueda abultados y un techo flotante con pilares negros, que dejaron una huella en el dise\u00f1o final.<\/p>\n<p>El MINI ACV 30 tambi\u00e9n presentaba luces adicionales en el frente, que no se incluyeron en la versi\u00f3n de producci\u00f3n, pero estaban disponibles como accesorio. Estos detalles demostraron que elementos ic\u00f3nicos del Mini cl\u00e1sico pod\u00edan ser reinterpretados en un modelo futuro. Asimismo, el interior del concepto sent\u00f3 las bases para el dise\u00f1o definitivo del habit\u00e1culo, con un prominente veloc\u00edmetro central.<\/p>\n<h2><\/h2>\n<div id='gallery-1' class='gallery galleryid-3738 gallery-columns-2 gallery-size-full'><figure class='gallery-item'>\n\t\t\t<div class='gallery-icon landscape'>\n\t\t\t\t<a href='https:\/\/autofans.com.ar\/index.php\/2023\/07\/05\/mini-acv-30-la-huella-en-la-historia-automotriz\/foto-2-180\/'><img loading=\"lazy\" width=\"1000\" height=\"667\" src=\"https:\/\/autofans.com.ar\/wp-content\/uploads\/2023\/07\/foto-2-4.jpg\" class=\"attachment-full size-full\" alt=\"Mac mini\" srcset=\"https:\/\/autofans.com.ar\/wp-content\/uploads\/2023\/07\/foto-2-4.jpg 1000w, https:\/\/autofans.com.ar\/wp-content\/uploads\/2023\/07\/foto-2-4-300x200.jpg 300w, https:\/\/autofans.com.ar\/wp-content\/uploads\/2023\/07\/foto-2-4-768x512.jpg 768w\" sizes=\"auto, (max-width: 1000px) 100vw, 1000px\" loading=\"lazy\" decoding=\"async\" \/><\/a>\n\t\t\t<\/div><\/figure><figure class='gallery-item'>\n\t\t\t<div class='gallery-icon landscape'>\n\t\t\t\t<a href='https:\/\/autofans.com.ar\/index.php\/2023\/07\/05\/mini-acv-30-la-huella-en-la-historia-automotriz\/foto-4-108\/'><img loading=\"lazy\" width=\"1000\" height=\"667\" src=\"https:\/\/autofans.com.ar\/wp-content\/uploads\/2023\/07\/foto-4-1.jpg\" class=\"attachment-full size-full\" alt=\"Mac mini\" srcset=\"https:\/\/autofans.com.ar\/wp-content\/uploads\/2023\/07\/foto-4-1.jpg 1000w, https:\/\/autofans.com.ar\/wp-content\/uploads\/2023\/07\/foto-4-1-300x200.jpg 300w, https:\/\/autofans.com.ar\/wp-content\/uploads\/2023\/07\/foto-4-1-768x512.jpg 768w\" sizes=\"auto, (max-width: 1000px) 100vw, 1000px\" loading=\"lazy\" decoding=\"async\" \/><\/a>\n\t\t\t<\/div><\/figure>\n\t\t<\/div>\n\n<h2>El impacto duradero de un concepto revolucionario<\/h2>\n<p>Aunque el MINI ACV 30 no fue el elegido para convertirse en \u00abEl Nuevo MINI\u00bb, su impacto fue significativo. Apenas ocho meses despu\u00e9s de su presentaci\u00f3n, el verdadero MINI hizo su debut en el Sal\u00f3n del Autom\u00f3vil de Frankfurt, en septiembre de 1997, cautivando a todos los espectadores. Sin embargo, el concepto deportivo y sorprendente del ACV 30 no se olvid\u00f3 f\u00e1cilmente.<\/p>\n<p>Hoy en d\u00eda, las ideas representadas por el MINI ACV 30 siguen vigentes en la marca brit\u00e1nica. Su legado se hace evidente en el dise\u00f1o y las caracter\u00edsticas del MINI actual. Aunque no se convirti\u00f3 en el sucesor directo, dej\u00f3 una huella imborrable en la historia de la marca.<\/p>\n<p>Con este concepto, <a href=\"https:\/\/autofans.com.ar\/index.php\/2023\/05\/04\/mini-cooper-electric-el-futuro-de-la-conduccion-urbana\/\" target=\"_blank\" rel=\"noopener\">MINI<\/a> demostr\u00f3 su capacidad para evolucionar sin perder su esencia, manteniendo su posici\u00f3n como un \u00edcono del automovilismo. A medida que la marca contin\u00faa avanzando, el legado del MINI ACV 30 permanece como un recordatorio de su esp\u00edritu innovador y su conexi\u00f3n con el pasado.<\/p>\n<p>&nbsp;<\/p>\n<p><i>Para enterarte de m\u00e1s novedades, no dejes de leer\u00a0<\/i><a href=\"https:\/\/autofans.thebrandsoup.com\/\"><i>nuestras notas<\/i><\/a><i>, de ver<\/i><b><i>\u00a0<\/i><\/b><a href=\"https:\/\/www.youtube.com\/channel\/UCgAC8UGHZYbT6P7PpmVnP7g\"><b><i>AUTOFANS TV<\/i><\/b><\/a><b><i>\u00a0<\/i><\/b><i>en nuestro\u00a0canal de Youtube. Adem\u00e1s seguinos en\u00a0<\/i><a href=\"https:\/\/www.instagram.com\/autofanstv\/\"><i>INSTAGRAM<\/i><\/a><i> y <\/i><a href=\"https:\/\/www.facebook.com\/autofansmas\/\"><i>FACEBOOK<\/i><\/a><i> para no perderte nada sobre las novedades del segmento automotor de Argentina y el mundo. <\/i><\/p>\n","protected":false},"excerpt":{"rendered":"<p>El legado del MINI ACV 30 En la d\u00e9cada de los 90, MINI se encontraba&#8230;<\/p>\n","protected":false},"author":2,"featured_media":3741,"comment_status":"closed","ping_status":"closed","sticky":false,"template":"","format":"standard","meta":{"footnotes":""},"categories":[3,16],"tags":[1824,1099,1634,1727,416,415,1821,368,1822,1820,1823,1825],"class_list":["post-3738","post","type-post","status-publish","format-standard","has-post-thumbnail","hentry","category-autos","category-noticias","tag-adrian-van-hooydonk","tag-automovil","tag-bmw-group","tag-caracteristicas-distintivas","tag-concepto","tag-diseno","tag-el-nuevo-mini","tag-historia","tag-influencia","tag-mini-acv-30","tag-mini-clasico","tag-rally-de-monte-carlo"],"yoast_head":"<!-- This site is optimized with the Yoast SEO plugin v27.5 - https:\/\/yoast.com\/product\/yoast-seo-wordpress\/ -->\n<title>MINI ACV 30: La huella en la historia automotriz -<\/title>\n<meta name=\"description\" content=\"BMW Group, tras adquirir Rover Group, se propuso crear una nueva generaci\u00f3n del ic\u00f3nico autom\u00f3vil brit\u00e1nico...\" \/>\n<meta name=\"robots\" content=\"index, follow, max-snippet:-1, max-image-preview:large, max-video-preview:-1\" \/>\n<link rel=\"canonical\" href=\"https:\/\/autofans.com.ar\/index.php\/2023\/07\/05\/mini-acv-30-la-huella-en-la-historia-automotriz\/\" \/>\n<meta property=\"og:locale\" content=\"es_ES\" \/>\n<meta property=\"og:type\" content=\"article\" \/>\n<meta property=\"og:title\" content=\"MINI ACV 30: La huella en la historia automotriz -\" \/>\n<meta property=\"og:description\" content=\"BMW Group, tras adquirir Rover Group, se propuso crear una nueva generaci\u00f3n del ic\u00f3nico autom\u00f3vil brit\u00e1nico...\" \/>\n<meta property=\"og:url\" content=\"https:\/\/autofans.com.ar\/index.php\/2023\/07\/05\/mini-acv-30-la-huella-en-la-historia-automotriz\/\" \/>\n<meta property=\"article:published_time\" content=\"2023-07-05T14:39:35+00:00\" \/>\n<meta property=\"og:image\" content=\"https:\/\/autofans.com.ar\/wp-content\/uploads\/2023\/07\/foto-3-3.jpg\" \/>\n\t<meta property=\"og:image:width\" content=\"1000\" \/>\n\t<meta property=\"og:image:height\" content=\"667\" \/>\n\t<meta property=\"og:image:type\" content=\"image\/jpeg\" \/>\n<meta name=\"author\" content=\"Alejandro Gabriel Rosito\" \/>\n<meta name=\"twitter:card\" content=\"summary_large_image\" \/>\n<meta name=\"twitter:label1\" content=\"Escrito por\" \/>\n\t<meta name=\"twitter:data1\" content=\"Alejandro Gabriel Rosito\" \/>\n\t<meta name=\"twitter:label2\" content=\"Tiempo de lectura\" \/>\n\t<meta name=\"twitter:data2\" content=\"3 minutos\" \/>\n<script type=\"application\/ld+json\" class=\"yoast-schema-graph\">{\"@context\":\"https:\\\/\\\/schema.org\",\"@graph\":[{\"@type\":\"Article\",\"@id\":\"https:\\\/\\\/autofans.com.ar\\\/index.php\\\/2023\\\/07\\\/05\\\/mini-acv-30-la-huella-en-la-historia-automotriz\\\/#article\",\"isPartOf\":{\"@id\":\"https:\\\/\\\/autofans.com.ar\\\/index.php\\\/2023\\\/07\\\/05\\\/mini-acv-30-la-huella-en-la-historia-automotriz\\\/\"},\"author\":{\"name\":\"Alejandro Gabriel Rosito\",\"@id\":\"https:\\\/\\\/autofans.com.ar\\\/#\\\/schema\\\/person\\\/4a8dda0b6df83ac3d6723e921274c2aa\"},\"headline\":\"MINI ACV 30: La huella en la historia automotriz\",\"datePublished\":\"2023-07-05T14:39:35+00:00\",\"mainEntityOfPage\":{\"@id\":\"https:\\\/\\\/autofans.com.ar\\\/index.php\\\/2023\\\/07\\\/05\\\/mini-acv-30-la-huella-en-la-historia-automotriz\\\/\"},\"wordCount\":525,\"image\":{\"@id\":\"https:\\\/\\\/autofans.com.ar\\\/index.php\\\/2023\\\/07\\\/05\\\/mini-acv-30-la-huella-en-la-historia-automotriz\\\/#primaryimage\"},\"thumbnailUrl\":\"https:\\\/\\\/autofans.com.ar\\\/wp-content\\\/uploads\\\/2023\\\/07\\\/foto-3-3.jpg\",\"keywords\":[\"Adrian van Hooydonk\",\"Automovil\",\"BMW Group\",\"caracter\u00edsticas distintivas\",\"concepto\",\"dise\u00f1o\",\"El Nuevo MINI\",\"historia\",\"influencia\",\"MINI ACV 30\",\"Mini cl\u00e1sico\",\"Rally de Monte Carlo\"],\"articleSection\":[\"AUTOS y SUV\",\"NOTICIAS\"],\"inLanguage\":\"es\"},{\"@type\":\"WebPage\",\"@id\":\"https:\\\/\\\/autofans.com.ar\\\/index.php\\\/2023\\\/07\\\/05\\\/mini-acv-30-la-huella-en-la-historia-automotriz\\\/\",\"url\":\"https:\\\/\\\/autofans.com.ar\\\/index.php\\\/2023\\\/07\\\/05\\\/mini-acv-30-la-huella-en-la-historia-automotriz\\\/\",\"name\":\"MINI ACV 30: La huella en la historia automotriz -\",\"isPartOf\":{\"@id\":\"https:\\\/\\\/autofans.com.ar\\\/#website\"},\"primaryImageOfPage\":{\"@id\":\"https:\\\/\\\/autofans.com.ar\\\/index.php\\\/2023\\\/07\\\/05\\\/mini-acv-30-la-huella-en-la-historia-automotriz\\\/#primaryimage\"},\"image\":{\"@id\":\"https:\\\/\\\/autofans.com.ar\\\/index.php\\\/2023\\\/07\\\/05\\\/mini-acv-30-la-huella-en-la-historia-automotriz\\\/#primaryimage\"},\"thumbnailUrl\":\"https:\\\/\\\/autofans.com.ar\\\/wp-content\\\/uploads\\\/2023\\\/07\\\/foto-3-3.jpg\",\"datePublished\":\"2023-07-05T14:39:35+00:00\",\"author\":{\"@id\":\"https:\\\/\\\/autofans.com.ar\\\/#\\\/schema\\\/person\\\/4a8dda0b6df83ac3d6723e921274c2aa\"},\"description\":\"BMW Group, tras adquirir Rover Group, se propuso crear una nueva generaci\u00f3n del ic\u00f3nico autom\u00f3vil brit\u00e1nico...\",\"breadcrumb\":{\"@id\":\"https:\\\/\\\/autofans.com.ar\\\/index.php\\\/2023\\\/07\\\/05\\\/mini-acv-30-la-huella-en-la-historia-automotriz\\\/#breadcrumb\"},\"inLanguage\":\"es\",\"potentialAction\":[{\"@type\":\"ReadAction\",\"target\":[\"https:\\\/\\\/autofans.com.ar\\\/index.php\\\/2023\\\/07\\\/05\\\/mini-acv-30-la-huella-en-la-historia-automotriz\\\/\"]}]},{\"@type\":\"ImageObject\",\"inLanguage\":\"es\",\"@id\":\"https:\\\/\\\/autofans.com.ar\\\/index.php\\\/2023\\\/07\\\/05\\\/mini-acv-30-la-huella-en-la-historia-automotriz\\\/#primaryimage\",\"url\":\"https:\\\/\\\/autofans.com.ar\\\/wp-content\\\/uploads\\\/2023\\\/07\\\/foto-3-3.jpg\",\"contentUrl\":\"https:\\\/\\\/autofans.com.ar\\\/wp-content\\\/uploads\\\/2023\\\/07\\\/foto-3-3.jpg\",\"width\":1000,\"height\":667,\"caption\":\"Mac mini\"},{\"@type\":\"BreadcrumbList\",\"@id\":\"https:\\\/\\\/autofans.com.ar\\\/index.php\\\/2023\\\/07\\\/05\\\/mini-acv-30-la-huella-en-la-historia-automotriz\\\/#breadcrumb\",\"itemListElement\":[{\"@type\":\"ListItem\",\"position\":1,\"name\":\"Inicio\",\"item\":\"https:\\\/\\\/autofans.com.ar\\\/\"},{\"@type\":\"ListItem\",\"position\":2,\"name\":\"MINI ACV 30: La huella en la historia automotriz\"}]},{\"@type\":\"WebSite\",\"@id\":\"https:\\\/\\\/autofans.com.ar\\\/#website\",\"url\":\"https:\\\/\\\/autofans.com.ar\\\/\",\"name\":\"\",\"description\":\"El multimedio referente de la industria automotriz\",\"potentialAction\":[{\"@type\":\"SearchAction\",\"target\":{\"@type\":\"EntryPoint\",\"urlTemplate\":\"https:\\\/\\\/autofans.com.ar\\\/?s={search_term_string}\"},\"query-input\":{\"@type\":\"PropertyValueSpecification\",\"valueRequired\":true,\"valueName\":\"search_term_string\"}}],\"inLanguage\":\"es\"},{\"@type\":\"Person\",\"@id\":\"https:\\\/\\\/autofans.com.ar\\\/#\\\/schema\\\/person\\\/4a8dda0b6df83ac3d6723e921274c2aa\",\"name\":\"Alejandro Gabriel Rosito\",\"image\":{\"@type\":\"ImageObject\",\"inLanguage\":\"es\",\"@id\":\"https:\\\/\\\/secure.gravatar.com\\\/avatar\\\/16c5dda1489adfc62618084dcbb91cffd879c374b13fe5dd8e44ed6733852c88?s=96&d=mm&r=g\",\"url\":\"https:\\\/\\\/secure.gravatar.com\\\/avatar\\\/16c5dda1489adfc62618084dcbb91cffd879c374b13fe5dd8e44ed6733852c88?s=96&d=mm&r=g\",\"contentUrl\":\"https:\\\/\\\/secure.gravatar.com\\\/avatar\\\/16c5dda1489adfc62618084dcbb91cffd879c374b13fe5dd8e44ed6733852c88?s=96&d=mm&r=g\",\"caption\":\"Alejandro Gabriel Rosito\"},\"url\":\"https:\\\/\\\/autofans.com.ar\\\/index.php\\\/author\\\/gabrielr\\\/\"}]}<\/script>\n<!-- \/ Yoast SEO plugin. -->","yoast_head_json":{"title":"MINI ACV 30: La huella en la historia automotriz -","description":"BMW Group, tras adquirir Rover Group, se propuso crear una nueva generaci\u00f3n del ic\u00f3nico autom\u00f3vil brit\u00e1nico...","robots":{"index":"index","follow":"follow","max-snippet":"max-snippet:-1","max-image-preview":"max-image-preview:large","max-video-preview":"max-video-preview:-1"},"canonical":"https:\/\/autofans.com.ar\/index.php\/2023\/07\/05\/mini-acv-30-la-huella-en-la-historia-automotriz\/","og_locale":"es_ES","og_type":"article","og_title":"MINI ACV 30: La huella en la historia automotriz -","og_description":"BMW Group, tras adquirir Rover Group, se propuso crear una nueva generaci\u00f3n del ic\u00f3nico autom\u00f3vil brit\u00e1nico...","og_url":"https:\/\/autofans.com.ar\/index.php\/2023\/07\/05\/mini-acv-30-la-huella-en-la-historia-automotriz\/","article_published_time":"2023-07-05T14:39:35+00:00","og_image":[{"width":1000,"height":667,"url":"https:\/\/autofans.com.ar\/wp-content\/uploads\/2023\/07\/foto-3-3.jpg","type":"image\/jpeg"}],"author":"Alejandro Gabriel Rosito","twitter_card":"summary_large_image","twitter_misc":{"Escrito por":"Alejandro Gabriel Rosito","Tiempo de lectura":"3 minutos"},"schema":{"@context":"https:\/\/schema.org","@graph":[{"@type":"Article","@id":"https:\/\/autofans.com.ar\/index.php\/2023\/07\/05\/mini-acv-30-la-huella-en-la-historia-automotriz\/#article","isPartOf":{"@id":"https:\/\/autofans.com.ar\/index.php\/2023\/07\/05\/mini-acv-30-la-huella-en-la-historia-automotriz\/"},"author":{"name":"Alejandro Gabriel Rosito","@id":"https:\/\/autofans.com.ar\/#\/schema\/person\/4a8dda0b6df83ac3d6723e921274c2aa"},"headline":"MINI ACV 30: La huella en la historia automotriz","datePublished":"2023-07-05T14:39:35+00:00","mainEntityOfPage":{"@id":"https:\/\/autofans.com.ar\/index.php\/2023\/07\/05\/mini-acv-30-la-huella-en-la-historia-automotriz\/"},"wordCount":525,"image":{"@id":"https:\/\/autofans.com.ar\/index.php\/2023\/07\/05\/mini-acv-30-la-huella-en-la-historia-automotriz\/#primaryimage"},"thumbnailUrl":"https:\/\/autofans.com.ar\/wp-content\/uploads\/2023\/07\/foto-3-3.jpg","keywords":["Adrian van Hooydonk","Automovil","BMW Group","caracter\u00edsticas distintivas","concepto","dise\u00f1o","El Nuevo MINI","historia","influencia","MINI ACV 30","Mini cl\u00e1sico","Rally de Monte Carlo"],"articleSection":["AUTOS y SUV","NOTICIAS"],"inLanguage":"es"},{"@type":"WebPage","@id":"https:\/\/autofans.com.ar\/index.php\/2023\/07\/05\/mini-acv-30-la-huella-en-la-historia-automotriz\/","url":"https:\/\/autofans.com.ar\/index.php\/2023\/07\/05\/mini-acv-30-la-huella-en-la-historia-automotriz\/","name":"MINI ACV 30: La huella en la historia automotriz -","isPartOf":{"@id":"https:\/\/autofans.com.ar\/#website"},"primaryImageOfPage":{"@id":"https:\/\/autofans.com.ar\/index.php\/2023\/07\/05\/mini-acv-30-la-huella-en-la-historia-automotriz\/#primaryimage"},"image":{"@id":"https:\/\/autofans.com.ar\/index.php\/2023\/07\/05\/mini-acv-30-la-huella-en-la-historia-automotriz\/#primaryimage"},"thumbnailUrl":"https:\/\/autofans.com.ar\/wp-content\/uploads\/2023\/07\/foto-3-3.jpg","datePublished":"2023-07-05T14:39:35+00:00","author":{"@id":"https:\/\/autofans.com.ar\/#\/schema\/person\/4a8dda0b6df83ac3d6723e921274c2aa"},"description":"BMW Group, tras adquirir Rover Group, se propuso crear una nueva generaci\u00f3n del ic\u00f3nico autom\u00f3vil brit\u00e1nico...","breadcrumb":{"@id":"https:\/\/autofans.com.ar\/index.php\/2023\/07\/05\/mini-acv-30-la-huella-en-la-historia-automotriz\/#breadcrumb"},"inLanguage":"es","potentialAction":[{"@type":"ReadAction","target":["https:\/\/autofans.com.ar\/index.php\/2023\/07\/05\/mini-acv-30-la-huella-en-la-historia-automotriz\/"]}]},{"@type":"ImageObject","inLanguage":"es","@id":"https:\/\/autofans.com.ar\/index.php\/2023\/07\/05\/mini-acv-30-la-huella-en-la-historia-automotriz\/#primaryimage","url":"https:\/\/autofans.com.ar\/wp-content\/uploads\/2023\/07\/foto-3-3.jpg","contentUrl":"https:\/\/autofans.com.ar\/wp-content\/uploads\/2023\/07\/foto-3-3.jpg","width":1000,"height":667,"caption":"Mac mini"},{"@type":"BreadcrumbList","@id":"https:\/\/autofans.com.ar\/index.php\/2023\/07\/05\/mini-acv-30-la-huella-en-la-historia-automotriz\/#breadcrumb","itemListElement":[{"@type":"ListItem","position":1,"name":"Inicio","item":"https:\/\/autofans.com.ar\/"},{"@type":"ListItem","position":2,"name":"MINI ACV 30: La huella en la historia automotriz"}]},{"@type":"WebSite","@id":"https:\/\/autofans.com.ar\/#website","url":"https:\/\/autofans.com.ar\/","name":"","description":"El multimedio referente de la industria automotriz","potentialAction":[{"@type":"SearchAction","target":{"@type":"EntryPoint","urlTemplate":"https:\/\/autofans.com.ar\/?s={search_term_string}"},"query-input":{"@type":"PropertyValueSpecification","valueRequired":true,"valueName":"search_term_string"}}],"inLanguage":"es"},{"@type":"Person","@id":"https:\/\/autofans.com.ar\/#\/schema\/person\/4a8dda0b6df83ac3d6723e921274c2aa","name":"Alejandro Gabriel Rosito","image":{"@type":"ImageObject","inLanguage":"es","@id":"https:\/\/secure.gravatar.com\/avatar\/16c5dda1489adfc62618084dcbb91cffd879c374b13fe5dd8e44ed6733852c88?s=96&d=mm&r=g","url":"https:\/\/secure.gravatar.com\/avatar\/16c5dda1489adfc62618084dcbb91cffd879c374b13fe5dd8e44ed6733852c88?s=96&d=mm&r=g","contentUrl":"https:\/\/secure.gravatar.com\/avatar\/16c5dda1489adfc62618084dcbb91cffd879c374b13fe5dd8e44ed6733852c88?s=96&d=mm&r=g","caption":"Alejandro Gabriel Rosito"},"url":"https:\/\/autofans.com.ar\/index.php\/author\/gabrielr\/"}]}},"featured_image_urls":{"full":["https:\/\/autofans.com.ar\/wp-content\/uploads\/2023\/07\/foto-3-3.jpg",1000,667,false],"thumbnail":["https:\/\/autofans.com.ar\/wp-content\/uploads\/2023\/07\/foto-3-3-150x150.jpg",150,150,true],"medium":["https:\/\/autofans.com.ar\/wp-content\/uploads\/2023\/07\/foto-3-3-300x200.jpg",300,200,true],"medium_large":["https:\/\/autofans.com.ar\/wp-content\/uploads\/2023\/07\/foto-3-3-768x512.jpg",640,427,true],"large":["https:\/\/autofans.com.ar\/wp-content\/uploads\/2023\/07\/foto-3-3.jpg",640,427,false],"1536x1536":["https:\/\/autofans.com.ar\/wp-content\/uploads\/2023\/07\/foto-3-3.jpg",1000,667,false],"2048x2048":["https:\/\/autofans.com.ar\/wp-content\/uploads\/2023\/07\/foto-3-3.jpg",1000,667,false],"covernews-featured":["https:\/\/autofans.com.ar\/wp-content\/uploads\/2023\/07\/foto-3-3.jpg",1000,667,false],"covernews-medium":["https:\/\/autofans.com.ar\/wp-content\/uploads\/2023\/07\/foto-3-3-540x340.jpg",540,340,true]},"author_info":{"display_name":"Alejandro Gabriel Rosito","author_link":"https:\/\/autofans.com.ar\/index.php\/author\/gabrielr\/"},"category_info":"<a href=\"https:\/\/autofans.com.ar\/index.php\/category\/noticias\/autos\/\" rel=\"category tag\">AUTOS y SUV<\/a> <a href=\"https:\/\/autofans.com.ar\/index.php\/category\/noticias\/\" rel=\"category tag\">NOTICIAS<\/a>","tag_info":"NOTICIAS","comment_count":0,"_links":{"self":[{"href":"https:\/\/autofans.com.ar\/index.php\/wp-json\/wp\/v2\/posts\/3738","targetHints":{"allow":["GET"]}}],"collection":[{"href":"https:\/\/autofans.com.ar\/index.php\/wp-json\/wp\/v2\/posts"}],"about":[{"href":"https:\/\/autofans.com.ar\/index.php\/wp-json\/wp\/v2\/types\/post"}],"author":[{"embeddable":true,"href":"https:\/\/autofans.com.ar\/index.php\/wp-json\/wp\/v2\/users\/2"}],"replies":[{"embeddable":true,"href":"https:\/\/autofans.com.ar\/index.php\/wp-json\/wp\/v2\/comments?post=3738"}],"version-history":[{"count":3,"href":"https:\/\/autofans.com.ar\/index.php\/wp-json\/wp\/v2\/posts\/3738\/revisions"}],"predecessor-version":[{"id":3745,"href":"https:\/\/autofans.com.ar\/index.php\/wp-json\/wp\/v2\/posts\/3738\/revisions\/3745"}],"wp:featuredmedia":[{"embeddable":true,"href":"https:\/\/autofans.com.ar\/index.php\/wp-json\/wp\/v2\/media\/3741"}],"wp:attachment":[{"href":"https:\/\/autofans.com.ar\/index.php\/wp-json\/wp\/v2\/media?parent=3738"}],"wp:term":[{"taxonomy":"category","embeddable":true,"href":"https:\/\/autofans.com.ar\/index.php\/wp-json\/wp\/v2\/categories?post=3738"},{"taxonomy":"post_tag","embeddable":true,"href":"https:\/\/autofans.com.ar\/index.php\/wp-json\/wp\/v2\/tags?post=3738"}],"curies":[{"name":"wp","href":"https:\/\/api.w.org\/{rel}","templated":true}]}}