{"id":3802,"date":"2023-07-07T13:48:35","date_gmt":"2023-07-07T16:48:35","guid":{"rendered":"https:\/\/autofans.com.ar\/?p=3802"},"modified":"2023-07-07T13:48:35","modified_gmt":"2023-07-07T16:48:35","slug":"ecitaro-de-mercedes-benz-alcanza-las-1-000-unidades","status":"publish","type":"post","link":"https:\/\/autofans.com.ar\/index.php\/2023\/07\/07\/ecitaro-de-mercedes-benz-alcanza-las-1-000-unidades\/","title":{"rendered":"eCitaro de Mercedes-Benz alcanza las 1.000 unidades"},"content":{"rendered":"<h2>El \u00e9xito del eCitaro<\/h2>\n<p>Daimler Buses celebra un logro significativo en la movilidad sostenible con la producci\u00f3n de m\u00e1s de 1.000 unidades del bus el\u00e9ctrico Mercedes-Benz eCitaro. Desde su lanzamiento en serie a finales de 2018, el eCitaro se ha convertido en un referente en la electromovilidad de los buses urbanos, obteniendo la confianza de ciudades alemanas como Hamburgo, Dresde, Bremen, Wiesbaden y Mannheim, as\u00ed como de empresas de transporte en Francia, Italia, Suecia, Polonia, Austria, Suiza y otros pa\u00edses europeos.<\/p>\n<blockquote>\n<p style=\"text-align: center;\">Mirko Sgodda, director de marketing, ventas y servicios al cliente de Daimler Buses, destaca las cualidades del eCitaro: \u00abEs seguro, confiable y econ\u00f3mico. Con su novedoso dise\u00f1o moderno, tambi\u00e9n muestra cu\u00e1n elegante puede ser la electromovilidad. En la transici\u00f3n hacia la electromovilidad, los clientes reciben apoyo con soluciones clave en mano de una sola fuente que consisten en buses el\u00e9ctricos, infraestructura de carga y gesti\u00f3n de dep\u00f3sitos\u00bb.<\/p>\n<\/blockquote>\n<p>&nbsp;<\/p>\n<p><img fetchpriority=\"high\" decoding=\"async\" class=\"aligncenter wp-image-3805 size-full\" src=\"https:\/\/autofans.com.ar\/wp-content\/uploads\/2023\/07\/foto-3-8.jpg\" alt=\"eCitaro\" width=\"1000\" height=\"667\" srcset=\"https:\/\/autofans.com.ar\/wp-content\/uploads\/2023\/07\/foto-3-8.jpg 1000w, https:\/\/autofans.com.ar\/wp-content\/uploads\/2023\/07\/foto-3-8-300x200.jpg 300w, https:\/\/autofans.com.ar\/wp-content\/uploads\/2023\/07\/foto-3-8-768x512.jpg 768w\" sizes=\"(max-width: 1000px) 100vw, 1000px\" \/><\/p>\n<h2>El bus el\u00e9ctrico de larga autonom\u00eda<\/h2>\n<p>El Mercedes-Benz eCitaro combina la plataforma probada del bus urbano Mercedes-Benz m\u00e1s vendido de todos los tiempos con nuevas soluciones tecnol\u00f3gicas y un dise\u00f1o novedoso. Desde su lanzamiento, ha experimentado un desarrollo r\u00e1pido y ha introducido innovaciones clave, como un sistema de gesti\u00f3n t\u00e9rmica que reduce significativamente el consumo de energ\u00eda en comparaci\u00f3n con los motores de combusti\u00f3n interna. Con la tercera generaci\u00f3n de bater\u00edas de iones de litio de alto rendimiento, el eCitaro ha logrado una autonom\u00eda de conducci\u00f3n de hasta 280 kil\u00f3metros en su versi\u00f3n de bus \u00fanico.<\/p>\n<h2><\/h2>\n<h2><img decoding=\"async\" class=\"aligncenter wp-image-3804 size-full\" src=\"https:\/\/autofans.com.ar\/wp-content\/uploads\/2023\/07\/foto-4-4.jpg\" alt=\"eCitaro\" width=\"1000\" height=\"667\" srcset=\"https:\/\/autofans.com.ar\/wp-content\/uploads\/2023\/07\/foto-4-4.jpg 1000w, https:\/\/autofans.com.ar\/wp-content\/uploads\/2023\/07\/foto-4-4-300x200.jpg 300w, https:\/\/autofans.com.ar\/wp-content\/uploads\/2023\/07\/foto-4-4-768x512.jpg 768w\" sizes=\"(max-width: 1000px) 100vw, 1000px\" \/><\/h2>\n<h2><\/h2>\n<h2>Calidad y sostenibilidad en cada unidad<\/h2>\n<p>El reconocimiento de la excelencia del eCitaro tambi\u00e9n ha llegado desde el mundo period\u00edstico y expertos en el sector. En una prueba comparativa realizada por la revista de buses Omnibusspiegel, un panel de expertos conformado por periodistas y representantes de empresas de transporte seleccion\u00f3 al eCitaro como el Campe\u00f3n del Bus El\u00e9ctrico 2023. Su concepto inteligente, tecnolog\u00eda innovadora, alto nivel de seguridad y calidad de fabricaci\u00f3n fueron los aspectos m\u00e1s destacados en esta competencia.<\/p>\n<p>El sector automotriz se encuentra en una etapa de revoluci\u00f3n a nivel global, y Daimler Buses, como l\u00edder de la industria, trabaja incansablemente para impulsar soluciones que den forma a la movilidad del futuro. Mercedes-Benz Camiones y Buses, como subsidiaria local, sigue este enfoque adapt\u00e1ndose al marco regulatorio nacional para proporcionar soluciones de transporte sostenible y eficiente.<\/p>\n<p>&nbsp;<\/p>\n<p><i>Para enterarte de m\u00e1s novedades, no dejes de leer\u00a0<\/i><a href=\"https:\/\/autofans.thebrandsoup.com\/\"><i>nuestras notas<\/i><\/a><i>, de ver<\/i><b><i>\u00a0<\/i><\/b><a href=\"https:\/\/www.youtube.com\/channel\/UCgAC8UGHZYbT6P7PpmVnP7g\"><b><i>AUTOFANS TV<\/i><\/b><\/a><b><i>\u00a0<\/i><\/b><i>en nuestro\u00a0canal de Youtube. Adem\u00e1s seguinos en\u00a0<\/i><a href=\"https:\/\/www.instagram.com\/autofanstv\/\"><i>INSTAGRAM<\/i><\/a><i> y <\/i><a href=\"https:\/\/www.facebook.com\/autofansmas\/\"><i>FACEBOOK<\/i><\/a><i> para no perderte nada sobre las novedades del segmento automotor de Argentina y el mundo. <\/i><\/p>\n","protected":false},"excerpt":{"rendered":"<p>El \u00e9xito del eCitaro Daimler Buses celebra un logro significativo en la movilidad sostenible con&#8230;<\/p>\n","protected":false},"author":2,"featured_media":3806,"comment_status":"closed","ping_status":"closed","sticky":false,"template":"","format":"standard","meta":{"footnotes":""},"categories":[341,16],"tags":[213,1857,1853,1860,1391,1854,542,1858,1859,364,125,618,1856,168,1855],"class_list":["post-3802","post","type-post","status-publish","format-standard","has-post-thumbnail","hentry","category-hibridos-y-electricos","category-noticias","tag-innovacion","tag-autonomia-de-conduccion","tag-bus-electrico","tag-calidad-de-fabricacion","tag-daimler-buses","tag-ecitaro","tag-electromovilidad","tag-liderazgo-en-la-industria","tag-marco-regulatorio","tag-mercedes-benz","tag-movilidad-sostenible","tag-premio","tag-produccion-en-serie","tag-soluciones-de-transporte","tag-transporte-urbano"],"yoast_head":"<!-- This site is optimized with the Yoast SEO plugin v27.5 - https:\/\/yoast.com\/product\/yoast-seo-wordpress\/ -->\n<title>eCitaro de Mercedes-Benz alcanza las 1.000 unidades -<\/title>\n<meta name=\"description\" content=\"Daimler Buses celebra un logro significativo en la movilidad sostenible con la producci\u00f3n de m\u00e1s de 1.000 unidades del bus el\u00e9ctrico eCitaro.\" \/>\n<meta name=\"robots\" content=\"index, follow, max-snippet:-1, max-image-preview:large, max-video-preview:-1\" \/>\n<link rel=\"canonical\" href=\"https:\/\/autofans.com.ar\/index.php\/2023\/07\/07\/ecitaro-de-mercedes-benz-alcanza-las-1-000-unidades\/\" \/>\n<meta property=\"og:locale\" content=\"es_ES\" \/>\n<meta property=\"og:type\" content=\"article\" \/>\n<meta property=\"og:title\" content=\"eCitaro de Mercedes-Benz alcanza las 1.000 unidades -\" \/>\n<meta property=\"og:description\" content=\"Daimler Buses celebra un logro significativo en la movilidad sostenible con la producci\u00f3n de m\u00e1s de 1.000 unidades del bus el\u00e9ctrico eCitaro.\" \/>\n<meta property=\"og:url\" content=\"https:\/\/autofans.com.ar\/index.php\/2023\/07\/07\/ecitaro-de-mercedes-benz-alcanza-las-1-000-unidades\/\" \/>\n<meta property=\"article:published_time\" content=\"2023-07-07T16:48:35+00:00\" \/>\n<meta property=\"og:image\" content=\"https:\/\/autofans.com.ar\/wp-content\/uploads\/2023\/07\/foto-2-9.jpg\" \/>\n\t<meta property=\"og:image:width\" content=\"1000\" \/>\n\t<meta property=\"og:image:height\" content=\"667\" \/>\n\t<meta property=\"og:image:type\" content=\"image\/jpeg\" \/>\n<meta name=\"author\" content=\"Alejandro Gabriel Rosito\" \/>\n<meta name=\"twitter:card\" content=\"summary_large_image\" \/>\n<meta name=\"twitter:label1\" content=\"Escrito por\" \/>\n\t<meta name=\"twitter:data1\" content=\"Alejandro Gabriel Rosito\" \/>\n\t<meta name=\"twitter:label2\" content=\"Tiempo de lectura\" \/>\n\t<meta name=\"twitter:data2\" content=\"3 minutos\" \/>\n<script type=\"application\/ld+json\" class=\"yoast-schema-graph\">{\"@context\":\"https:\\\/\\\/schema.org\",\"@graph\":[{\"@type\":\"Article\",\"@id\":\"https:\\\/\\\/autofans.com.ar\\\/index.php\\\/2023\\\/07\\\/07\\\/ecitaro-de-mercedes-benz-alcanza-las-1-000-unidades\\\/#article\",\"isPartOf\":{\"@id\":\"https:\\\/\\\/autofans.com.ar\\\/index.php\\\/2023\\\/07\\\/07\\\/ecitaro-de-mercedes-benz-alcanza-las-1-000-unidades\\\/\"},\"author\":{\"name\":\"Alejandro Gabriel Rosito\",\"@id\":\"https:\\\/\\\/autofans.com.ar\\\/#\\\/schema\\\/person\\\/4a8dda0b6df83ac3d6723e921274c2aa\"},\"headline\":\"eCitaro de Mercedes-Benz alcanza las 1.000 unidades\",\"datePublished\":\"2023-07-07T16:48:35+00:00\",\"mainEntityOfPage\":{\"@id\":\"https:\\\/\\\/autofans.com.ar\\\/index.php\\\/2023\\\/07\\\/07\\\/ecitaro-de-mercedes-benz-alcanza-las-1-000-unidades\\\/\"},\"wordCount\":467,\"image\":{\"@id\":\"https:\\\/\\\/autofans.com.ar\\\/index.php\\\/2023\\\/07\\\/07\\\/ecitaro-de-mercedes-benz-alcanza-las-1-000-unidades\\\/#primaryimage\"},\"thumbnailUrl\":\"https:\\\/\\\/autofans.com.ar\\\/wp-content\\\/uploads\\\/2023\\\/07\\\/foto-2-9.jpg\",\"keywords\":[\"#innovaci\u00f3n\",\"autonom\u00eda de conducci\u00f3n\",\"bus el\u00e9ctrico\",\"calidad de fabricaci\u00f3n\",\"Daimler Buses\",\"eCitaro\",\"electromovilidad\",\"liderazgo en la industria\",\"marco regulatorio\",\"Mercedes-Benz\",\"Movilidad Sostenible\",\"premio\",\"producci\u00f3n en serie\",\"soluciones de transporte\",\"transporte urbano\"],\"articleSection\":[\"HIBRIDOS, ELECTRICOS y otros\",\"NOTICIAS\"],\"inLanguage\":\"es\"},{\"@type\":\"WebPage\",\"@id\":\"https:\\\/\\\/autofans.com.ar\\\/index.php\\\/2023\\\/07\\\/07\\\/ecitaro-de-mercedes-benz-alcanza-las-1-000-unidades\\\/\",\"url\":\"https:\\\/\\\/autofans.com.ar\\\/index.php\\\/2023\\\/07\\\/07\\\/ecitaro-de-mercedes-benz-alcanza-las-1-000-unidades\\\/\",\"name\":\"eCitaro de Mercedes-Benz alcanza las 1.000 unidades -\",\"isPartOf\":{\"@id\":\"https:\\\/\\\/autofans.com.ar\\\/#website\"},\"primaryImageOfPage\":{\"@id\":\"https:\\\/\\\/autofans.com.ar\\\/index.php\\\/2023\\\/07\\\/07\\\/ecitaro-de-mercedes-benz-alcanza-las-1-000-unidades\\\/#primaryimage\"},\"image\":{\"@id\":\"https:\\\/\\\/autofans.com.ar\\\/index.php\\\/2023\\\/07\\\/07\\\/ecitaro-de-mercedes-benz-alcanza-las-1-000-unidades\\\/#primaryimage\"},\"thumbnailUrl\":\"https:\\\/\\\/autofans.com.ar\\\/wp-content\\\/uploads\\\/2023\\\/07\\\/foto-2-9.jpg\",\"datePublished\":\"2023-07-07T16:48:35+00:00\",\"author\":{\"@id\":\"https:\\\/\\\/autofans.com.ar\\\/#\\\/schema\\\/person\\\/4a8dda0b6df83ac3d6723e921274c2aa\"},\"description\":\"Daimler Buses celebra un logro significativo en la movilidad sostenible con la producci\u00f3n de m\u00e1s de 1.000 unidades del bus el\u00e9ctrico eCitaro.\",\"breadcrumb\":{\"@id\":\"https:\\\/\\\/autofans.com.ar\\\/index.php\\\/2023\\\/07\\\/07\\\/ecitaro-de-mercedes-benz-alcanza-las-1-000-unidades\\\/#breadcrumb\"},\"inLanguage\":\"es\",\"potentialAction\":[{\"@type\":\"ReadAction\",\"target\":[\"https:\\\/\\\/autofans.com.ar\\\/index.php\\\/2023\\\/07\\\/07\\\/ecitaro-de-mercedes-benz-alcanza-las-1-000-unidades\\\/\"]}]},{\"@type\":\"ImageObject\",\"inLanguage\":\"es\",\"@id\":\"https:\\\/\\\/autofans.com.ar\\\/index.php\\\/2023\\\/07\\\/07\\\/ecitaro-de-mercedes-benz-alcanza-las-1-000-unidades\\\/#primaryimage\",\"url\":\"https:\\\/\\\/autofans.com.ar\\\/wp-content\\\/uploads\\\/2023\\\/07\\\/foto-2-9.jpg\",\"contentUrl\":\"https:\\\/\\\/autofans.com.ar\\\/wp-content\\\/uploads\\\/2023\\\/07\\\/foto-2-9.jpg\",\"width\":1000,\"height\":667,\"caption\":\"eCitaro\"},{\"@type\":\"BreadcrumbList\",\"@id\":\"https:\\\/\\\/autofans.com.ar\\\/index.php\\\/2023\\\/07\\\/07\\\/ecitaro-de-mercedes-benz-alcanza-las-1-000-unidades\\\/#breadcrumb\",\"itemListElement\":[{\"@type\":\"ListItem\",\"position\":1,\"name\":\"Inicio\",\"item\":\"https:\\\/\\\/autofans.com.ar\\\/\"},{\"@type\":\"ListItem\",\"position\":2,\"name\":\"eCitaro de Mercedes-Benz alcanza las 1.000 unidades\"}]},{\"@type\":\"WebSite\",\"@id\":\"https:\\\/\\\/autofans.com.ar\\\/#website\",\"url\":\"https:\\\/\\\/autofans.com.ar\\\/\",\"name\":\"\",\"description\":\"El multimedio referente de la industria automotriz\",\"potentialAction\":[{\"@type\":\"SearchAction\",\"target\":{\"@type\":\"EntryPoint\",\"urlTemplate\":\"https:\\\/\\\/autofans.com.ar\\\/?s={search_term_string}\"},\"query-input\":{\"@type\":\"PropertyValueSpecification\",\"valueRequired\":true,\"valueName\":\"search_term_string\"}}],\"inLanguage\":\"es\"},{\"@type\":\"Person\",\"@id\":\"https:\\\/\\\/autofans.com.ar\\\/#\\\/schema\\\/person\\\/4a8dda0b6df83ac3d6723e921274c2aa\",\"name\":\"Alejandro Gabriel Rosito\",\"image\":{\"@type\":\"ImageObject\",\"inLanguage\":\"es\",\"@id\":\"https:\\\/\\\/secure.gravatar.com\\\/avatar\\\/16c5dda1489adfc62618084dcbb91cffd879c374b13fe5dd8e44ed6733852c88?s=96&d=mm&r=g\",\"url\":\"https:\\\/\\\/secure.gravatar.com\\\/avatar\\\/16c5dda1489adfc62618084dcbb91cffd879c374b13fe5dd8e44ed6733852c88?s=96&d=mm&r=g\",\"contentUrl\":\"https:\\\/\\\/secure.gravatar.com\\\/avatar\\\/16c5dda1489adfc62618084dcbb91cffd879c374b13fe5dd8e44ed6733852c88?s=96&d=mm&r=g\",\"caption\":\"Alejandro Gabriel Rosito\"},\"url\":\"https:\\\/\\\/autofans.com.ar\\\/index.php\\\/author\\\/gabrielr\\\/\"}]}<\/script>\n<!-- \/ Yoast SEO plugin. -->","yoast_head_json":{"title":"eCitaro de Mercedes-Benz alcanza las 1.000 unidades -","description":"Daimler Buses celebra un logro significativo en la movilidad sostenible con la producci\u00f3n de m\u00e1s de 1.000 unidades del bus el\u00e9ctrico eCitaro.","robots":{"index":"index","follow":"follow","max-snippet":"max-snippet:-1","max-image-preview":"max-image-preview:large","max-video-preview":"max-video-preview:-1"},"canonical":"https:\/\/autofans.com.ar\/index.php\/2023\/07\/07\/ecitaro-de-mercedes-benz-alcanza-las-1-000-unidades\/","og_locale":"es_ES","og_type":"article","og_title":"eCitaro de Mercedes-Benz alcanza las 1.000 unidades -","og_description":"Daimler Buses celebra un logro significativo en la movilidad sostenible con la producci\u00f3n de m\u00e1s de 1.000 unidades del bus el\u00e9ctrico eCitaro.","og_url":"https:\/\/autofans.com.ar\/index.php\/2023\/07\/07\/ecitaro-de-mercedes-benz-alcanza-las-1-000-unidades\/","article_published_time":"2023-07-07T16:48:35+00:00","og_image":[{"width":1000,"height":667,"url":"https:\/\/autofans.com.ar\/wp-content\/uploads\/2023\/07\/foto-2-9.jpg","type":"image\/jpeg"}],"author":"Alejandro Gabriel Rosito","twitter_card":"summary_large_image","twitter_misc":{"Escrito por":"Alejandro Gabriel Rosito","Tiempo de lectura":"3 minutos"},"schema":{"@context":"https:\/\/schema.org","@graph":[{"@type":"Article","@id":"https:\/\/autofans.com.ar\/index.php\/2023\/07\/07\/ecitaro-de-mercedes-benz-alcanza-las-1-000-unidades\/#article","isPartOf":{"@id":"https:\/\/autofans.com.ar\/index.php\/2023\/07\/07\/ecitaro-de-mercedes-benz-alcanza-las-1-000-unidades\/"},"author":{"name":"Alejandro Gabriel Rosito","@id":"https:\/\/autofans.com.ar\/#\/schema\/person\/4a8dda0b6df83ac3d6723e921274c2aa"},"headline":"eCitaro de Mercedes-Benz alcanza las 1.000 unidades","datePublished":"2023-07-07T16:48:35+00:00","mainEntityOfPage":{"@id":"https:\/\/autofans.com.ar\/index.php\/2023\/07\/07\/ecitaro-de-mercedes-benz-alcanza-las-1-000-unidades\/"},"wordCount":467,"image":{"@id":"https:\/\/autofans.com.ar\/index.php\/2023\/07\/07\/ecitaro-de-mercedes-benz-alcanza-las-1-000-unidades\/#primaryimage"},"thumbnailUrl":"https:\/\/autofans.com.ar\/wp-content\/uploads\/2023\/07\/foto-2-9.jpg","keywords":["#innovaci\u00f3n","autonom\u00eda de conducci\u00f3n","bus el\u00e9ctrico","calidad de fabricaci\u00f3n","Daimler Buses","eCitaro","electromovilidad","liderazgo en la industria","marco regulatorio","Mercedes-Benz","Movilidad Sostenible","premio","producci\u00f3n en serie","soluciones de transporte","transporte urbano"],"articleSection":["HIBRIDOS, ELECTRICOS y otros","NOTICIAS"],"inLanguage":"es"},{"@type":"WebPage","@id":"https:\/\/autofans.com.ar\/index.php\/2023\/07\/07\/ecitaro-de-mercedes-benz-alcanza-las-1-000-unidades\/","url":"https:\/\/autofans.com.ar\/index.php\/2023\/07\/07\/ecitaro-de-mercedes-benz-alcanza-las-1-000-unidades\/","name":"eCitaro de Mercedes-Benz alcanza las 1.000 unidades -","isPartOf":{"@id":"https:\/\/autofans.com.ar\/#website"},"primaryImageOfPage":{"@id":"https:\/\/autofans.com.ar\/index.php\/2023\/07\/07\/ecitaro-de-mercedes-benz-alcanza-las-1-000-unidades\/#primaryimage"},"image":{"@id":"https:\/\/autofans.com.ar\/index.php\/2023\/07\/07\/ecitaro-de-mercedes-benz-alcanza-las-1-000-unidades\/#primaryimage"},"thumbnailUrl":"https:\/\/autofans.com.ar\/wp-content\/uploads\/2023\/07\/foto-2-9.jpg","datePublished":"2023-07-07T16:48:35+00:00","author":{"@id":"https:\/\/autofans.com.ar\/#\/schema\/person\/4a8dda0b6df83ac3d6723e921274c2aa"},"description":"Daimler Buses celebra un logro significativo en la movilidad sostenible con la producci\u00f3n de m\u00e1s de 1.000 unidades del bus el\u00e9ctrico eCitaro.","breadcrumb":{"@id":"https:\/\/autofans.com.ar\/index.php\/2023\/07\/07\/ecitaro-de-mercedes-benz-alcanza-las-1-000-unidades\/#breadcrumb"},"inLanguage":"es","potentialAction":[{"@type":"ReadAction","target":["https:\/\/autofans.com.ar\/index.php\/2023\/07\/07\/ecitaro-de-mercedes-benz-alcanza-las-1-000-unidades\/"]}]},{"@type":"ImageObject","inLanguage":"es","@id":"https:\/\/autofans.com.ar\/index.php\/2023\/07\/07\/ecitaro-de-mercedes-benz-alcanza-las-1-000-unidades\/#primaryimage","url":"https:\/\/autofans.com.ar\/wp-content\/uploads\/2023\/07\/foto-2-9.jpg","contentUrl":"https:\/\/autofans.com.ar\/wp-content\/uploads\/2023\/07\/foto-2-9.jpg","width":1000,"height":667,"caption":"eCitaro"},{"@type":"BreadcrumbList","@id":"https:\/\/autofans.com.ar\/index.php\/2023\/07\/07\/ecitaro-de-mercedes-benz-alcanza-las-1-000-unidades\/#breadcrumb","itemListElement":[{"@type":"ListItem","position":1,"name":"Inicio","item":"https:\/\/autofans.com.ar\/"},{"@type":"ListItem","position":2,"name":"eCitaro de Mercedes-Benz alcanza las 1.000 unidades"}]},{"@type":"WebSite","@id":"https:\/\/autofans.com.ar\/#website","url":"https:\/\/autofans.com.ar\/","name":"","description":"El multimedio referente de la industria automotriz","potentialAction":[{"@type":"SearchAction","target":{"@type":"EntryPoint","urlTemplate":"https:\/\/autofans.com.ar\/?s={search_term_string}"},"query-input":{"@type":"PropertyValueSpecification","valueRequired":true,"valueName":"search_term_string"}}],"inLanguage":"es"},{"@type":"Person","@id":"https:\/\/autofans.com.ar\/#\/schema\/person\/4a8dda0b6df83ac3d6723e921274c2aa","name":"Alejandro Gabriel Rosito","image":{"@type":"ImageObject","inLanguage":"es","@id":"https:\/\/secure.gravatar.com\/avatar\/16c5dda1489adfc62618084dcbb91cffd879c374b13fe5dd8e44ed6733852c88?s=96&d=mm&r=g","url":"https:\/\/secure.gravatar.com\/avatar\/16c5dda1489adfc62618084dcbb91cffd879c374b13fe5dd8e44ed6733852c88?s=96&d=mm&r=g","contentUrl":"https:\/\/secure.gravatar.com\/avatar\/16c5dda1489adfc62618084dcbb91cffd879c374b13fe5dd8e44ed6733852c88?s=96&d=mm&r=g","caption":"Alejandro Gabriel Rosito"},"url":"https:\/\/autofans.com.ar\/index.php\/author\/gabrielr\/"}]}},"featured_image_urls":{"full":["https:\/\/autofans.com.ar\/wp-content\/uploads\/2023\/07\/foto-2-9.jpg",1000,667,false],"thumbnail":["https:\/\/autofans.com.ar\/wp-content\/uploads\/2023\/07\/foto-2-9-150x150.jpg",150,150,true],"medium":["https:\/\/autofans.com.ar\/wp-content\/uploads\/2023\/07\/foto-2-9-300x200.jpg",300,200,true],"medium_large":["https:\/\/autofans.com.ar\/wp-content\/uploads\/2023\/07\/foto-2-9-768x512.jpg",640,427,true],"large":["https:\/\/autofans.com.ar\/wp-content\/uploads\/2023\/07\/foto-2-9.jpg",640,427,false],"1536x1536":["https:\/\/autofans.com.ar\/wp-content\/uploads\/2023\/07\/foto-2-9.jpg",1000,667,false],"2048x2048":["https:\/\/autofans.com.ar\/wp-content\/uploads\/2023\/07\/foto-2-9.jpg",1000,667,false],"covernews-featured":["https:\/\/autofans.com.ar\/wp-content\/uploads\/2023\/07\/foto-2-9.jpg",1000,667,false],"covernews-medium":["https:\/\/autofans.com.ar\/wp-content\/uploads\/2023\/07\/foto-2-9-540x340.jpg",540,340,true]},"author_info":{"display_name":"Alejandro Gabriel Rosito","author_link":"https:\/\/autofans.com.ar\/index.php\/author\/gabrielr\/"},"category_info":"<a href=\"https:\/\/autofans.com.ar\/index.php\/category\/noticias\/hibridos-y-electricos\/\" rel=\"category tag\">HIBRIDOS, ELECTRICOS y otros<\/a> <a href=\"https:\/\/autofans.com.ar\/index.php\/category\/noticias\/\" rel=\"category tag\">NOTICIAS<\/a>","tag_info":"NOTICIAS","comment_count":0,"_links":{"self":[{"href":"https:\/\/autofans.com.ar\/index.php\/wp-json\/wp\/v2\/posts\/3802","targetHints":{"allow":["GET"]}}],"collection":[{"href":"https:\/\/autofans.com.ar\/index.php\/wp-json\/wp\/v2\/posts"}],"about":[{"href":"https:\/\/autofans.com.ar\/index.php\/wp-json\/wp\/v2\/types\/post"}],"author":[{"embeddable":true,"href":"https:\/\/autofans.com.ar\/index.php\/wp-json\/wp\/v2\/users\/2"}],"replies":[{"embeddable":true,"href":"https:\/\/autofans.com.ar\/index.php\/wp-json\/wp\/v2\/comments?post=3802"}],"version-history":[{"count":2,"href":"https:\/\/autofans.com.ar\/index.php\/wp-json\/wp\/v2\/posts\/3802\/revisions"}],"predecessor-version":[{"id":3808,"href":"https:\/\/autofans.com.ar\/index.php\/wp-json\/wp\/v2\/posts\/3802\/revisions\/3808"}],"wp:featuredmedia":[{"embeddable":true,"href":"https:\/\/autofans.com.ar\/index.php\/wp-json\/wp\/v2\/media\/3806"}],"wp:attachment":[{"href":"https:\/\/autofans.com.ar\/index.php\/wp-json\/wp\/v2\/media?parent=3802"}],"wp:term":[{"taxonomy":"category","embeddable":true,"href":"https:\/\/autofans.com.ar\/index.php\/wp-json\/wp\/v2\/categories?post=3802"},{"taxonomy":"post_tag","embeddable":true,"href":"https:\/\/autofans.com.ar\/index.php\/wp-json\/wp\/v2\/tags?post=3802"}],"curies":[{"name":"wp","href":"https:\/\/api.w.org\/{rel}","templated":true}]}}