{"id":3809,"date":"2023-07-07T18:46:55","date_gmt":"2023-07-07T21:46:55","guid":{"rendered":"https:\/\/autofans.com.ar\/?p=3809"},"modified":"2023-07-07T18:46:55","modified_gmt":"2023-07-07T21:46:55","slug":"nikola-iveco-europe-se-transforma-en-evco-tras-la-adquisicion-de-iveco-group","status":"publish","type":"post","link":"https:\/\/autofans.com.ar\/index.php\/2023\/07\/07\/nikola-iveco-europe-se-transforma-en-evco-tras-la-adquisicion-de-iveco-group\/","title":{"rendered":"Nikola Iveco Europe se transforma en EVCO tras la adquisici\u00f3n de Iveco Group"},"content":{"rendered":"<h2>La nueva era de veh\u00edculos el\u00e9ctricos de Iveco Group tras la adquisici\u00f3n hist\u00f3rica<\/h2>\n<p>Iveco Group, uno de los principales actores en la industria automotriz, ha finalizado con \u00e9xito la adquisici\u00f3n de Nikola Iveco Europe, la empresa conjunta entre Nikola Corporation y Iveco S.p.A. Esta importante transacci\u00f3n marca un hito en el compromiso de Iveco Group por liderar el mercado de veh\u00edculos pesados de emisiones cero. Como resultado de esta adquisici\u00f3n, la empresa alemana ahora pasar\u00e1 a llamarse EVCO (Electric Vehicles COmpany), reflejando as\u00ed su enfoque en la fabricaci\u00f3n de veh\u00edculos el\u00e9ctricos.<\/p>\n<h2><\/h2>\n<p>&nbsp;<br \/>\n<img fetchpriority=\"high\" decoding=\"async\" class=\"aligncenter wp-image-3812 size-full\" src=\"https:\/\/autofans.com.ar\/wp-content\/uploads\/2023\/07\/foto-2-10.jpg\" alt=\"nicola\" width=\"1000\" height=\"667\" srcset=\"https:\/\/autofans.com.ar\/wp-content\/uploads\/2023\/07\/foto-2-10.jpg 1000w, https:\/\/autofans.com.ar\/wp-content\/uploads\/2023\/07\/foto-2-10-300x200.jpg 300w, https:\/\/autofans.com.ar\/wp-content\/uploads\/2023\/07\/foto-2-10-768x512.jpg 768w\" sizes=\"(max-width: 1000px) 100vw, 1000px\" \/><\/p>\n<h2><\/h2>\n<p>&nbsp;<\/p>\n<h2>EVCO la nueva marca l\u00edder en veh\u00edculos el\u00e9ctricos<\/h2>\n<p>Con esta decisi\u00f3n estrat\u00e9gica, Iveco Group N.V. (MI: IVG) consolida su posici\u00f3n en el segmento automotor y demuestra su determinaci\u00f3n de impulsar la transici\u00f3n hacia una sociedad m\u00e1s sostenible. Como hogar de diversas marcas l\u00edderes en sus respectivos segmentos, Iveco Group se destaca por su compromiso con la innovaci\u00f3n y la excelencia en tecnolog\u00eda.<\/p>\n<p>La adquisici\u00f3n de Nikola Iveco Europe refuerza la presencia de Iveco Group en el mercado de veh\u00edculos el\u00e9ctricos. EVCO se posiciona como una empresa l\u00edder en el desarrollo y producci\u00f3n de veh\u00edculos comerciales pesados impulsados por energ\u00eda el\u00e9ctrica. Con el aumento de la demanda de soluciones de transporte sostenibles, esta adquisici\u00f3n permitir\u00e1 a Iveco Group satisfacer las necesidades del mercado y contribuir a la reducci\u00f3n de emisiones contaminantes.<\/p>\n<h2><\/h2>\n<p>&nbsp;<br \/>\n<img decoding=\"async\" class=\"aligncenter wp-image-3810 size-full\" src=\"https:\/\/autofans.com.ar\/wp-content\/uploads\/2023\/07\/foto-4-5.jpg\" alt=\"nicola\" width=\"1000\" height=\"667\" srcset=\"https:\/\/autofans.com.ar\/wp-content\/uploads\/2023\/07\/foto-4-5.jpg 1000w, https:\/\/autofans.com.ar\/wp-content\/uploads\/2023\/07\/foto-4-5-300x200.jpg 300w, https:\/\/autofans.com.ar\/wp-content\/uploads\/2023\/07\/foto-4-5-768x512.jpg 768w\" sizes=\"(max-width: 1000px) 100vw, 1000px\" \/><\/p>\n<h2><\/h2>\n<p>&nbsp;<\/p>\n<h2>Pionero en veh\u00edculos el\u00e9ctricos y soluciones para un futuro sostenible<\/h2>\n<p><a href=\"https:\/\/autofans.com.ar\/index.php\/2023\/05\/31\/iveco-group-lidera-el-camino-hacia-una-industria-automotriz-mas-fuerte-en-argentina\/\" target=\"_blank\" rel=\"noopener\">Iveco Group<\/a> N.V. (MI: IVG) es reconocido por albergar marcas emblem\u00e1ticas en el sector automotor. Su cartera incluye IVECO, una marca pionera en veh\u00edculos comerciales pesados, medios y ligeros; FPT Industrial, l\u00edder mundial en tecnolog\u00edas avanzadas de grupos motopropulsores; IVECO BUS y HEULIEZ, marcas especializadas en autobuses y autocares de transporte p\u00fablico; IDV, dedicada a equipos especializados de defensa y protecci\u00f3n civil; ASTRA, l\u00edder en veh\u00edculos pesados para la industria de la construcci\u00f3n; MAGIRUS, fabricante de reconocidos veh\u00edculos y equipos de extinci\u00f3n de incendios; e IVECO CAPITAL, el brazo financiero que respalda todas estas marcas.<\/p>\n<p>La visi\u00f3n de Iveco Group se alinea con los desaf\u00edos actuales del mercado, donde la movilidad el\u00e9ctrica y sostenible se ha vuelto fundamental. La compa\u00f1\u00eda, que emplea a m\u00e1s de 35,000 personas en todo el mundo, se enorgullece de su presencia global con 20 plantas industriales y 29 centros de I+D.<\/p>\n<p>Para obtener m\u00e1s informaci\u00f3n sobre Iveco Group y sus marcas, visite el sitio web de la empresa en <a href=\"http:\/\/www.ivecogroup.com\/\" target=\"_new\" rel=\"noopener\">www.ivecogroup.com<\/a>.<\/p>\n<p>&nbsp;<\/p>\n<p><i>Para enterarte de m\u00e1s novedades, no dejes de leer\u00a0<\/i><a href=\"https:\/\/autofans.thebrandsoup.com\/\"><i>nuestras notas<\/i><\/a><i>, de ver<\/i><b><i>\u00a0<\/i><\/b><a href=\"https:\/\/www.youtube.com\/channel\/UCgAC8UGHZYbT6P7PpmVnP7g\"><b><i>AUTOFANS TV<\/i><\/b><\/a><b><i>\u00a0<\/i><\/b><i>en nuestro\u00a0canal de Youtube. Adem\u00e1s seguinos en\u00a0<\/i><a href=\"https:\/\/www.instagram.com\/autofanstv\/\"><i>INSTAGRAM<\/i><\/a><i> y <\/i><a href=\"https:\/\/www.facebook.com\/autofansmas\/\"><i>FACEBOOK<\/i><\/a><i> para no perderte nada sobre las novedades del segmento automotor de Argentina y el mundo. <\/i><\/p>\n","protected":false},"excerpt":{"rendered":"<p>La nueva era de veh\u00edculos el\u00e9ctricos de Iveco Group tras la adquisici\u00f3n hist\u00f3rica Iveco Group,&#8230;<\/p>\n","protected":false},"author":2,"featured_media":3813,"comment_status":"closed","ping_status":"closed","sticky":false,"template":"","format":"standard","meta":{"footnotes":""},"categories":[341,16],"tags":[1862,1864,819,1863,1861,1496],"class_list":["post-3809","post","type-post","status-publish","format-standard","has-post-thumbnail","hentry","category-hibridos-y-electricos","category-noticias","tag-adquisicion-de-vehiculos-electricos","tag-evco","tag-iveco-group","tag-liderazgo-en-vehiculos-pesados","tag-nikola-iveco-europe","tag-transporte-sostenible"],"yoast_head":"<!-- This site is optimized with the Yoast SEO plugin v27.5 - https:\/\/yoast.com\/product\/yoast-seo-wordpress\/ -->\n<title>Nikola Iveco Europe se transforma en EVCO tras la adquisici\u00f3n de Iveco Group -<\/title>\n<meta name=\"description\" content=\"Iveco Group, uno de los principales actores en la industria automotriz, ha finalizado con \u00e9xito la adquisici\u00f3n de Nikola Iveco Europe...\" \/>\n<meta name=\"robots\" content=\"index, follow, max-snippet:-1, max-image-preview:large, max-video-preview:-1\" \/>\n<link rel=\"canonical\" href=\"https:\/\/autofans.com.ar\/index.php\/2023\/07\/07\/nikola-iveco-europe-se-transforma-en-evco-tras-la-adquisicion-de-iveco-group\/\" \/>\n<meta property=\"og:locale\" content=\"es_ES\" \/>\n<meta property=\"og:type\" content=\"article\" \/>\n<meta property=\"og:title\" content=\"Nikola Iveco Europe se transforma en EVCO tras la adquisici\u00f3n de Iveco Group -\" \/>\n<meta property=\"og:description\" content=\"Iveco Group, uno de los principales actores en la industria automotriz, ha finalizado con \u00e9xito la adquisici\u00f3n de Nikola Iveco Europe...\" \/>\n<meta property=\"og:url\" content=\"https:\/\/autofans.com.ar\/index.php\/2023\/07\/07\/nikola-iveco-europe-se-transforma-en-evco-tras-la-adquisicion-de-iveco-group\/\" \/>\n<meta property=\"article:published_time\" content=\"2023-07-07T21:46:55+00:00\" \/>\n<meta property=\"og:image\" content=\"https:\/\/autofans.com.ar\/wp-content\/uploads\/2023\/07\/foto-1-10.jpg\" \/>\n\t<meta property=\"og:image:width\" content=\"1000\" \/>\n\t<meta property=\"og:image:height\" content=\"667\" \/>\n\t<meta property=\"og:image:type\" content=\"image\/jpeg\" \/>\n<meta name=\"author\" content=\"Alejandro Gabriel Rosito\" \/>\n<meta name=\"twitter:card\" content=\"summary_large_image\" \/>\n<meta name=\"twitter:label1\" content=\"Escrito por\" \/>\n\t<meta name=\"twitter:data1\" content=\"Alejandro Gabriel Rosito\" \/>\n\t<meta name=\"twitter:label2\" content=\"Tiempo de lectura\" \/>\n\t<meta name=\"twitter:data2\" content=\"3 minutos\" \/>\n<script type=\"application\/ld+json\" class=\"yoast-schema-graph\">{\"@context\":\"https:\\\/\\\/schema.org\",\"@graph\":[{\"@type\":\"Article\",\"@id\":\"https:\\\/\\\/autofans.com.ar\\\/index.php\\\/2023\\\/07\\\/07\\\/nikola-iveco-europe-se-transforma-en-evco-tras-la-adquisicion-de-iveco-group\\\/#article\",\"isPartOf\":{\"@id\":\"https:\\\/\\\/autofans.com.ar\\\/index.php\\\/2023\\\/07\\\/07\\\/nikola-iveco-europe-se-transforma-en-evco-tras-la-adquisicion-de-iveco-group\\\/\"},\"author\":{\"name\":\"Alejandro Gabriel Rosito\",\"@id\":\"https:\\\/\\\/autofans.com.ar\\\/#\\\/schema\\\/person\\\/4a8dda0b6df83ac3d6723e921274c2aa\"},\"headline\":\"Nikola Iveco Europe se transforma en EVCO tras la adquisici\u00f3n de Iveco Group\",\"datePublished\":\"2023-07-07T21:46:55+00:00\",\"mainEntityOfPage\":{\"@id\":\"https:\\\/\\\/autofans.com.ar\\\/index.php\\\/2023\\\/07\\\/07\\\/nikola-iveco-europe-se-transforma-en-evco-tras-la-adquisicion-de-iveco-group\\\/\"},\"wordCount\":515,\"image\":{\"@id\":\"https:\\\/\\\/autofans.com.ar\\\/index.php\\\/2023\\\/07\\\/07\\\/nikola-iveco-europe-se-transforma-en-evco-tras-la-adquisicion-de-iveco-group\\\/#primaryimage\"},\"thumbnailUrl\":\"https:\\\/\\\/autofans.com.ar\\\/wp-content\\\/uploads\\\/2023\\\/07\\\/foto-1-10.jpg\",\"keywords\":[\"adquisici\u00f3n de veh\u00edculos el\u00e9ctricos\",\"EVCO\",\"Iveco Group\",\"liderazgo en veh\u00edculos pesados\",\"Nikola Iveco Europe\",\"Transporte sostenible\"],\"articleSection\":[\"HIBRIDOS, ELECTRICOS y otros\",\"NOTICIAS\"],\"inLanguage\":\"es\"},{\"@type\":\"WebPage\",\"@id\":\"https:\\\/\\\/autofans.com.ar\\\/index.php\\\/2023\\\/07\\\/07\\\/nikola-iveco-europe-se-transforma-en-evco-tras-la-adquisicion-de-iveco-group\\\/\",\"url\":\"https:\\\/\\\/autofans.com.ar\\\/index.php\\\/2023\\\/07\\\/07\\\/nikola-iveco-europe-se-transforma-en-evco-tras-la-adquisicion-de-iveco-group\\\/\",\"name\":\"Nikola Iveco Europe se transforma en EVCO tras la adquisici\u00f3n de Iveco Group -\",\"isPartOf\":{\"@id\":\"https:\\\/\\\/autofans.com.ar\\\/#website\"},\"primaryImageOfPage\":{\"@id\":\"https:\\\/\\\/autofans.com.ar\\\/index.php\\\/2023\\\/07\\\/07\\\/nikola-iveco-europe-se-transforma-en-evco-tras-la-adquisicion-de-iveco-group\\\/#primaryimage\"},\"image\":{\"@id\":\"https:\\\/\\\/autofans.com.ar\\\/index.php\\\/2023\\\/07\\\/07\\\/nikola-iveco-europe-se-transforma-en-evco-tras-la-adquisicion-de-iveco-group\\\/#primaryimage\"},\"thumbnailUrl\":\"https:\\\/\\\/autofans.com.ar\\\/wp-content\\\/uploads\\\/2023\\\/07\\\/foto-1-10.jpg\",\"datePublished\":\"2023-07-07T21:46:55+00:00\",\"author\":{\"@id\":\"https:\\\/\\\/autofans.com.ar\\\/#\\\/schema\\\/person\\\/4a8dda0b6df83ac3d6723e921274c2aa\"},\"description\":\"Iveco Group, uno de los principales actores en la industria automotriz, ha finalizado con \u00e9xito la adquisici\u00f3n de Nikola Iveco Europe...\",\"breadcrumb\":{\"@id\":\"https:\\\/\\\/autofans.com.ar\\\/index.php\\\/2023\\\/07\\\/07\\\/nikola-iveco-europe-se-transforma-en-evco-tras-la-adquisicion-de-iveco-group\\\/#breadcrumb\"},\"inLanguage\":\"es\",\"potentialAction\":[{\"@type\":\"ReadAction\",\"target\":[\"https:\\\/\\\/autofans.com.ar\\\/index.php\\\/2023\\\/07\\\/07\\\/nikola-iveco-europe-se-transforma-en-evco-tras-la-adquisicion-de-iveco-group\\\/\"]}]},{\"@type\":\"ImageObject\",\"inLanguage\":\"es\",\"@id\":\"https:\\\/\\\/autofans.com.ar\\\/index.php\\\/2023\\\/07\\\/07\\\/nikola-iveco-europe-se-transforma-en-evco-tras-la-adquisicion-de-iveco-group\\\/#primaryimage\",\"url\":\"https:\\\/\\\/autofans.com.ar\\\/wp-content\\\/uploads\\\/2023\\\/07\\\/foto-1-10.jpg\",\"contentUrl\":\"https:\\\/\\\/autofans.com.ar\\\/wp-content\\\/uploads\\\/2023\\\/07\\\/foto-1-10.jpg\",\"width\":1000,\"height\":667,\"caption\":\"nicola\"},{\"@type\":\"BreadcrumbList\",\"@id\":\"https:\\\/\\\/autofans.com.ar\\\/index.php\\\/2023\\\/07\\\/07\\\/nikola-iveco-europe-se-transforma-en-evco-tras-la-adquisicion-de-iveco-group\\\/#breadcrumb\",\"itemListElement\":[{\"@type\":\"ListItem\",\"position\":1,\"name\":\"Inicio\",\"item\":\"https:\\\/\\\/autofans.com.ar\\\/\"},{\"@type\":\"ListItem\",\"position\":2,\"name\":\"Nikola Iveco Europe se transforma en EVCO tras la adquisici\u00f3n de Iveco Group\"}]},{\"@type\":\"WebSite\",\"@id\":\"https:\\\/\\\/autofans.com.ar\\\/#website\",\"url\":\"https:\\\/\\\/autofans.com.ar\\\/\",\"name\":\"\",\"description\":\"El multimedio referente de la industria automotriz\",\"potentialAction\":[{\"@type\":\"SearchAction\",\"target\":{\"@type\":\"EntryPoint\",\"urlTemplate\":\"https:\\\/\\\/autofans.com.ar\\\/?s={search_term_string}\"},\"query-input\":{\"@type\":\"PropertyValueSpecification\",\"valueRequired\":true,\"valueName\":\"search_term_string\"}}],\"inLanguage\":\"es\"},{\"@type\":\"Person\",\"@id\":\"https:\\\/\\\/autofans.com.ar\\\/#\\\/schema\\\/person\\\/4a8dda0b6df83ac3d6723e921274c2aa\",\"name\":\"Alejandro Gabriel Rosito\",\"image\":{\"@type\":\"ImageObject\",\"inLanguage\":\"es\",\"@id\":\"https:\\\/\\\/secure.gravatar.com\\\/avatar\\\/16c5dda1489adfc62618084dcbb91cffd879c374b13fe5dd8e44ed6733852c88?s=96&d=mm&r=g\",\"url\":\"https:\\\/\\\/secure.gravatar.com\\\/avatar\\\/16c5dda1489adfc62618084dcbb91cffd879c374b13fe5dd8e44ed6733852c88?s=96&d=mm&r=g\",\"contentUrl\":\"https:\\\/\\\/secure.gravatar.com\\\/avatar\\\/16c5dda1489adfc62618084dcbb91cffd879c374b13fe5dd8e44ed6733852c88?s=96&d=mm&r=g\",\"caption\":\"Alejandro Gabriel Rosito\"},\"url\":\"https:\\\/\\\/autofans.com.ar\\\/index.php\\\/author\\\/gabrielr\\\/\"}]}<\/script>\n<!-- \/ Yoast SEO plugin. -->","yoast_head_json":{"title":"Nikola Iveco Europe se transforma en EVCO tras la adquisici\u00f3n de Iveco Group -","description":"Iveco Group, uno de los principales actores en la industria automotriz, ha finalizado con \u00e9xito la adquisici\u00f3n de Nikola Iveco Europe...","robots":{"index":"index","follow":"follow","max-snippet":"max-snippet:-1","max-image-preview":"max-image-preview:large","max-video-preview":"max-video-preview:-1"},"canonical":"https:\/\/autofans.com.ar\/index.php\/2023\/07\/07\/nikola-iveco-europe-se-transforma-en-evco-tras-la-adquisicion-de-iveco-group\/","og_locale":"es_ES","og_type":"article","og_title":"Nikola Iveco Europe se transforma en EVCO tras la adquisici\u00f3n de Iveco Group -","og_description":"Iveco Group, uno de los principales actores en la industria automotriz, ha finalizado con \u00e9xito la adquisici\u00f3n de Nikola Iveco Europe...","og_url":"https:\/\/autofans.com.ar\/index.php\/2023\/07\/07\/nikola-iveco-europe-se-transforma-en-evco-tras-la-adquisicion-de-iveco-group\/","article_published_time":"2023-07-07T21:46:55+00:00","og_image":[{"width":1000,"height":667,"url":"https:\/\/autofans.com.ar\/wp-content\/uploads\/2023\/07\/foto-1-10.jpg","type":"image\/jpeg"}],"author":"Alejandro Gabriel Rosito","twitter_card":"summary_large_image","twitter_misc":{"Escrito por":"Alejandro Gabriel Rosito","Tiempo de lectura":"3 minutos"},"schema":{"@context":"https:\/\/schema.org","@graph":[{"@type":"Article","@id":"https:\/\/autofans.com.ar\/index.php\/2023\/07\/07\/nikola-iveco-europe-se-transforma-en-evco-tras-la-adquisicion-de-iveco-group\/#article","isPartOf":{"@id":"https:\/\/autofans.com.ar\/index.php\/2023\/07\/07\/nikola-iveco-europe-se-transforma-en-evco-tras-la-adquisicion-de-iveco-group\/"},"author":{"name":"Alejandro Gabriel Rosito","@id":"https:\/\/autofans.com.ar\/#\/schema\/person\/4a8dda0b6df83ac3d6723e921274c2aa"},"headline":"Nikola Iveco Europe se transforma en EVCO tras la adquisici\u00f3n de Iveco Group","datePublished":"2023-07-07T21:46:55+00:00","mainEntityOfPage":{"@id":"https:\/\/autofans.com.ar\/index.php\/2023\/07\/07\/nikola-iveco-europe-se-transforma-en-evco-tras-la-adquisicion-de-iveco-group\/"},"wordCount":515,"image":{"@id":"https:\/\/autofans.com.ar\/index.php\/2023\/07\/07\/nikola-iveco-europe-se-transforma-en-evco-tras-la-adquisicion-de-iveco-group\/#primaryimage"},"thumbnailUrl":"https:\/\/autofans.com.ar\/wp-content\/uploads\/2023\/07\/foto-1-10.jpg","keywords":["adquisici\u00f3n de veh\u00edculos el\u00e9ctricos","EVCO","Iveco Group","liderazgo en veh\u00edculos pesados","Nikola Iveco Europe","Transporte sostenible"],"articleSection":["HIBRIDOS, ELECTRICOS y otros","NOTICIAS"],"inLanguage":"es"},{"@type":"WebPage","@id":"https:\/\/autofans.com.ar\/index.php\/2023\/07\/07\/nikola-iveco-europe-se-transforma-en-evco-tras-la-adquisicion-de-iveco-group\/","url":"https:\/\/autofans.com.ar\/index.php\/2023\/07\/07\/nikola-iveco-europe-se-transforma-en-evco-tras-la-adquisicion-de-iveco-group\/","name":"Nikola Iveco Europe se transforma en EVCO tras la adquisici\u00f3n de Iveco Group -","isPartOf":{"@id":"https:\/\/autofans.com.ar\/#website"},"primaryImageOfPage":{"@id":"https:\/\/autofans.com.ar\/index.php\/2023\/07\/07\/nikola-iveco-europe-se-transforma-en-evco-tras-la-adquisicion-de-iveco-group\/#primaryimage"},"image":{"@id":"https:\/\/autofans.com.ar\/index.php\/2023\/07\/07\/nikola-iveco-europe-se-transforma-en-evco-tras-la-adquisicion-de-iveco-group\/#primaryimage"},"thumbnailUrl":"https:\/\/autofans.com.ar\/wp-content\/uploads\/2023\/07\/foto-1-10.jpg","datePublished":"2023-07-07T21:46:55+00:00","author":{"@id":"https:\/\/autofans.com.ar\/#\/schema\/person\/4a8dda0b6df83ac3d6723e921274c2aa"},"description":"Iveco Group, uno de los principales actores en la industria automotriz, ha finalizado con \u00e9xito la adquisici\u00f3n de Nikola Iveco Europe...","breadcrumb":{"@id":"https:\/\/autofans.com.ar\/index.php\/2023\/07\/07\/nikola-iveco-europe-se-transforma-en-evco-tras-la-adquisicion-de-iveco-group\/#breadcrumb"},"inLanguage":"es","potentialAction":[{"@type":"ReadAction","target":["https:\/\/autofans.com.ar\/index.php\/2023\/07\/07\/nikola-iveco-europe-se-transforma-en-evco-tras-la-adquisicion-de-iveco-group\/"]}]},{"@type":"ImageObject","inLanguage":"es","@id":"https:\/\/autofans.com.ar\/index.php\/2023\/07\/07\/nikola-iveco-europe-se-transforma-en-evco-tras-la-adquisicion-de-iveco-group\/#primaryimage","url":"https:\/\/autofans.com.ar\/wp-content\/uploads\/2023\/07\/foto-1-10.jpg","contentUrl":"https:\/\/autofans.com.ar\/wp-content\/uploads\/2023\/07\/foto-1-10.jpg","width":1000,"height":667,"caption":"nicola"},{"@type":"BreadcrumbList","@id":"https:\/\/autofans.com.ar\/index.php\/2023\/07\/07\/nikola-iveco-europe-se-transforma-en-evco-tras-la-adquisicion-de-iveco-group\/#breadcrumb","itemListElement":[{"@type":"ListItem","position":1,"name":"Inicio","item":"https:\/\/autofans.com.ar\/"},{"@type":"ListItem","position":2,"name":"Nikola Iveco Europe se transforma en EVCO tras la adquisici\u00f3n de Iveco Group"}]},{"@type":"WebSite","@id":"https:\/\/autofans.com.ar\/#website","url":"https:\/\/autofans.com.ar\/","name":"","description":"El multimedio referente de la industria automotriz","potentialAction":[{"@type":"SearchAction","target":{"@type":"EntryPoint","urlTemplate":"https:\/\/autofans.com.ar\/?s={search_term_string}"},"query-input":{"@type":"PropertyValueSpecification","valueRequired":true,"valueName":"search_term_string"}}],"inLanguage":"es"},{"@type":"Person","@id":"https:\/\/autofans.com.ar\/#\/schema\/person\/4a8dda0b6df83ac3d6723e921274c2aa","name":"Alejandro Gabriel Rosito","image":{"@type":"ImageObject","inLanguage":"es","@id":"https:\/\/secure.gravatar.com\/avatar\/16c5dda1489adfc62618084dcbb91cffd879c374b13fe5dd8e44ed6733852c88?s=96&d=mm&r=g","url":"https:\/\/secure.gravatar.com\/avatar\/16c5dda1489adfc62618084dcbb91cffd879c374b13fe5dd8e44ed6733852c88?s=96&d=mm&r=g","contentUrl":"https:\/\/secure.gravatar.com\/avatar\/16c5dda1489adfc62618084dcbb91cffd879c374b13fe5dd8e44ed6733852c88?s=96&d=mm&r=g","caption":"Alejandro Gabriel Rosito"},"url":"https:\/\/autofans.com.ar\/index.php\/author\/gabrielr\/"}]}},"featured_image_urls":{"full":["https:\/\/autofans.com.ar\/wp-content\/uploads\/2023\/07\/foto-1-10.jpg",1000,667,false],"thumbnail":["https:\/\/autofans.com.ar\/wp-content\/uploads\/2023\/07\/foto-1-10-150x150.jpg",150,150,true],"medium":["https:\/\/autofans.com.ar\/wp-content\/uploads\/2023\/07\/foto-1-10-300x200.jpg",300,200,true],"medium_large":["https:\/\/autofans.com.ar\/wp-content\/uploads\/2023\/07\/foto-1-10-768x512.jpg",640,427,true],"large":["https:\/\/autofans.com.ar\/wp-content\/uploads\/2023\/07\/foto-1-10.jpg",640,427,false],"1536x1536":["https:\/\/autofans.com.ar\/wp-content\/uploads\/2023\/07\/foto-1-10.jpg",1000,667,false],"2048x2048":["https:\/\/autofans.com.ar\/wp-content\/uploads\/2023\/07\/foto-1-10.jpg",1000,667,false],"covernews-featured":["https:\/\/autofans.com.ar\/wp-content\/uploads\/2023\/07\/foto-1-10.jpg",1000,667,false],"covernews-medium":["https:\/\/autofans.com.ar\/wp-content\/uploads\/2023\/07\/foto-1-10-540x340.jpg",540,340,true]},"author_info":{"display_name":"Alejandro Gabriel Rosito","author_link":"https:\/\/autofans.com.ar\/index.php\/author\/gabrielr\/"},"category_info":"<a href=\"https:\/\/autofans.com.ar\/index.php\/category\/noticias\/hibridos-y-electricos\/\" rel=\"category tag\">HIBRIDOS, ELECTRICOS y otros<\/a> <a href=\"https:\/\/autofans.com.ar\/index.php\/category\/noticias\/\" rel=\"category tag\">NOTICIAS<\/a>","tag_info":"NOTICIAS","comment_count":0,"_links":{"self":[{"href":"https:\/\/autofans.com.ar\/index.php\/wp-json\/wp\/v2\/posts\/3809","targetHints":{"allow":["GET"]}}],"collection":[{"href":"https:\/\/autofans.com.ar\/index.php\/wp-json\/wp\/v2\/posts"}],"about":[{"href":"https:\/\/autofans.com.ar\/index.php\/wp-json\/wp\/v2\/types\/post"}],"author":[{"embeddable":true,"href":"https:\/\/autofans.com.ar\/index.php\/wp-json\/wp\/v2\/users\/2"}],"replies":[{"embeddable":true,"href":"https:\/\/autofans.com.ar\/index.php\/wp-json\/wp\/v2\/comments?post=3809"}],"version-history":[{"count":10,"href":"https:\/\/autofans.com.ar\/index.php\/wp-json\/wp\/v2\/posts\/3809\/revisions"}],"predecessor-version":[{"id":3823,"href":"https:\/\/autofans.com.ar\/index.php\/wp-json\/wp\/v2\/posts\/3809\/revisions\/3823"}],"wp:featuredmedia":[{"embeddable":true,"href":"https:\/\/autofans.com.ar\/index.php\/wp-json\/wp\/v2\/media\/3813"}],"wp:attachment":[{"href":"https:\/\/autofans.com.ar\/index.php\/wp-json\/wp\/v2\/media?parent=3809"}],"wp:term":[{"taxonomy":"category","embeddable":true,"href":"https:\/\/autofans.com.ar\/index.php\/wp-json\/wp\/v2\/categories?post=3809"},{"taxonomy":"post_tag","embeddable":true,"href":"https:\/\/autofans.com.ar\/index.php\/wp-json\/wp\/v2\/tags?post=3809"}],"curies":[{"name":"wp","href":"https:\/\/api.w.org\/{rel}","templated":true}]}}