{"id":3856,"date":"2023-07-10T13:41:42","date_gmt":"2023-07-10T16:41:42","guid":{"rendered":"https:\/\/autofans.com.ar\/?p=3856"},"modified":"2023-07-17T15:28:27","modified_gmt":"2023-07-17T18:28:27","slug":"autofans-tv-programa-13-08-07-2023","status":"publish","type":"post","link":"https:\/\/autofans.com.ar\/index.php\/2023\/07\/10\/autofans-tv-programa-13-08-07-2023\/","title":{"rendered":"AUTOFANS TV \u2013 Programa 13 \u2013 08\/07\/2023"},"content":{"rendered":"<p>Para el programa de hoy, estuvimos cubriendo el evento de #lanzamiento de la nueva Chevrolet Montana, la pick up del segmento compacto que fue desarrollada para nuestro mercado y esta dise\u00f1ada para resolver todos los detalles que le importan al usuario de este tipo de veh\u00edculos. Para que sepas todo de ella, entrevistamos a las autoridades de marca y vas a poder ver todo en este programa.<\/p>\n<p>Adem\u00e1s hablando de novedades, tenemos un informe completo sobre la nueva Ferrari h\u00edbrida enchufable SF90stradale y la SF90Spider, con lo que superan los mil caballos de potencia. Te contamos sobre el nuevo Toyota C-HR h\u00edbrido en su segunda generaci\u00f3n y sobre el nuevo DS3, la nueva actualizaci\u00f3n del crossover compacto que ya se vende en argentina. Tambi\u00e9n te mostramos un avance de lo que ser\u00e1 la 34\u00b0 edici\u00f3n de las 1000 millas sport 2023, que se realizar\u00e1 del 22 al 26 de Noviembre. \u00bfTe lo vas a perder?<\/p>\n<p>&nbsp;<\/p>\n<p><center><iframe title=\"AUTOFANS TV - Programa 13 -  08\/07\/2023\" width=\"640\" height=\"360\" src=\"https:\/\/www.youtube.com\/embed\/Fg1BVkRly14?feature=oembed\" frameborder=\"0\" allow=\"accelerometer; autoplay; clipboard-write; encrypted-media; gyroscope; picture-in-picture; web-share\" referrerpolicy=\"strict-origin-when-cross-origin\" allowfullscreen><\/iframe><\/p>\n<p>&nbsp;<\/p>\n<p><\/center>&nbsp;<\/p>\n<p>Para volver a ver esta emisi\u00f3n, nuestros pr\u00f3ximos lives, streamings y mucho m\u00e1s contenido, suscribite a nuestro canal de YouTube y toc\u00e1 la campanita para recibir notificaciones de nuestras nuevas publicaciones.<\/p>\n<p>&nbsp;<\/p>\n<p><i>Para enterarte de m\u00e1s novedades, no dejes de leer\u00a0<\/i><a href=\"https:\/\/autofans.thebrandsoup.com\/\"><i>nuestras notas<\/i><\/a><i>, de ver<\/i><b><i>\u00a0<\/i><\/b><a href=\"https:\/\/www.youtube.com\/channel\/UCgAC8UGHZYbT6P7PpmVnP7g\"><b><i>AUTOFANS TV<\/i><\/b><\/a><b><i>\u00a0<\/i><\/b><i>en nuestro\u00a0canal de Youtube. Adem\u00e1s seguimos\u00a0en\u00a0<\/i><a href=\"https:\/\/www.instagram.com\/autofanstv\/\"><i>INSTAGRAM<\/i><\/a><i>\u00a0y\u00a0<\/i><a href=\"https:\/\/www.facebook.com\/autofansmas\/\"><i>FACEBOOK<\/i><\/a><i>\u00a0para no perderte nada sobre las novedades del segmento automotor de Argentina y el mundo.<\/i><\/p>\n","protected":false},"excerpt":{"rendered":"<p>Para el programa de hoy, estuvimos cubriendo el evento de #lanzamiento de la nueva Chevrolet&#8230;<\/p>\n","protected":false},"author":1,"featured_media":3845,"comment_status":"closed","ping_status":"closed","sticky":false,"template":"","format":"standard","meta":{"footnotes":""},"categories":[1028],"tags":[],"class_list":["post-3856","post","type-post","status-publish","format-standard","has-post-thumbnail","hentry","category-programas-completos-2023"],"yoast_head":"<!-- This site is optimized with the Yoast SEO plugin v27.5 - https:\/\/yoast.com\/product\/yoast-seo-wordpress\/ -->\n<title>AUTOFANS TV \u2013 Programa 13 \u2013 08\/07\/2023 -<\/title>\n<meta name=\"robots\" content=\"index, follow, max-snippet:-1, max-image-preview:large, max-video-preview:-1\" \/>\n<link rel=\"canonical\" href=\"https:\/\/autofans.com.ar\/index.php\/2023\/07\/10\/autofans-tv-programa-13-08-07-2023\/\" \/>\n<meta property=\"og:locale\" content=\"es_ES\" \/>\n<meta property=\"og:type\" content=\"article\" \/>\n<meta property=\"og:title\" content=\"AUTOFANS TV \u2013 Programa 13 \u2013 08\/07\/2023 -\" \/>\n<meta property=\"og:description\" content=\"Para el programa de hoy, estuvimos cubriendo el evento de #lanzamiento de la nueva Chevrolet...\" \/>\n<meta property=\"og:url\" content=\"https:\/\/autofans.com.ar\/index.php\/2023\/07\/10\/autofans-tv-programa-13-08-07-2023\/\" \/>\n<meta property=\"article:published_time\" content=\"2023-07-10T16:41:42+00:00\" \/>\n<meta property=\"article:modified_time\" content=\"2023-07-17T18:28:27+00:00\" \/>\n<meta property=\"og:image\" content=\"https:\/\/autofans.com.ar\/wp-content\/uploads\/2023\/07\/Caratula-Programa-13.jpg\" \/>\n\t<meta property=\"og:image:width\" content=\"1920\" \/>\n\t<meta property=\"og:image:height\" content=\"1080\" \/>\n\t<meta property=\"og:image:type\" content=\"image\/jpeg\" \/>\n<meta name=\"author\" content=\"AleCAF\" \/>\n<meta name=\"twitter:card\" content=\"summary_large_image\" \/>\n<meta name=\"twitter:label1\" content=\"Escrito por\" \/>\n\t<meta name=\"twitter:data1\" content=\"AleCAF\" \/>\n\t<meta name=\"twitter:label2\" content=\"Tiempo de lectura\" \/>\n\t<meta name=\"twitter:data2\" content=\"2 minutos\" \/>\n<script type=\"application\/ld+json\" class=\"yoast-schema-graph\">{\"@context\":\"https:\\\/\\\/schema.org\",\"@graph\":[{\"@type\":\"Article\",\"@id\":\"https:\\\/\\\/autofans.com.ar\\\/index.php\\\/2023\\\/07\\\/10\\\/autofans-tv-programa-13-08-07-2023\\\/#article\",\"isPartOf\":{\"@id\":\"https:\\\/\\\/autofans.com.ar\\\/index.php\\\/2023\\\/07\\\/10\\\/autofans-tv-programa-13-08-07-2023\\\/\"},\"author\":{\"name\":\"AleCAF\",\"@id\":\"https:\\\/\\\/autofans.com.ar\\\/#\\\/schema\\\/person\\\/4f260a29da3cfebb7f29121591a73481\"},\"headline\":\"AUTOFANS TV \u2013 Programa 13 \u2013 08\\\/07\\\/2023\",\"datePublished\":\"2023-07-10T16:41:42+00:00\",\"dateModified\":\"2023-07-17T18:28:27+00:00\",\"mainEntityOfPage\":{\"@id\":\"https:\\\/\\\/autofans.com.ar\\\/index.php\\\/2023\\\/07\\\/10\\\/autofans-tv-programa-13-08-07-2023\\\/\"},\"wordCount\":253,\"image\":{\"@id\":\"https:\\\/\\\/autofans.com.ar\\\/index.php\\\/2023\\\/07\\\/10\\\/autofans-tv-programa-13-08-07-2023\\\/#primaryimage\"},\"thumbnailUrl\":\"https:\\\/\\\/autofans.com.ar\\\/wp-content\\\/uploads\\\/2023\\\/07\\\/Caratula-Programa-13.jpg\",\"articleSection\":[\"PROGRAMAS COMPLETOS 2023\"],\"inLanguage\":\"es\"},{\"@type\":\"WebPage\",\"@id\":\"https:\\\/\\\/autofans.com.ar\\\/index.php\\\/2023\\\/07\\\/10\\\/autofans-tv-programa-13-08-07-2023\\\/\",\"url\":\"https:\\\/\\\/autofans.com.ar\\\/index.php\\\/2023\\\/07\\\/10\\\/autofans-tv-programa-13-08-07-2023\\\/\",\"name\":\"AUTOFANS TV \u2013 Programa 13 \u2013 08\\\/07\\\/2023 -\",\"isPartOf\":{\"@id\":\"https:\\\/\\\/autofans.com.ar\\\/#website\"},\"primaryImageOfPage\":{\"@id\":\"https:\\\/\\\/autofans.com.ar\\\/index.php\\\/2023\\\/07\\\/10\\\/autofans-tv-programa-13-08-07-2023\\\/#primaryimage\"},\"image\":{\"@id\":\"https:\\\/\\\/autofans.com.ar\\\/index.php\\\/2023\\\/07\\\/10\\\/autofans-tv-programa-13-08-07-2023\\\/#primaryimage\"},\"thumbnailUrl\":\"https:\\\/\\\/autofans.com.ar\\\/wp-content\\\/uploads\\\/2023\\\/07\\\/Caratula-Programa-13.jpg\",\"datePublished\":\"2023-07-10T16:41:42+00:00\",\"dateModified\":\"2023-07-17T18:28:27+00:00\",\"author\":{\"@id\":\"https:\\\/\\\/autofans.com.ar\\\/#\\\/schema\\\/person\\\/4f260a29da3cfebb7f29121591a73481\"},\"breadcrumb\":{\"@id\":\"https:\\\/\\\/autofans.com.ar\\\/index.php\\\/2023\\\/07\\\/10\\\/autofans-tv-programa-13-08-07-2023\\\/#breadcrumb\"},\"inLanguage\":\"es\",\"potentialAction\":[{\"@type\":\"ReadAction\",\"target\":[\"https:\\\/\\\/autofans.com.ar\\\/index.php\\\/2023\\\/07\\\/10\\\/autofans-tv-programa-13-08-07-2023\\\/\"]}]},{\"@type\":\"ImageObject\",\"inLanguage\":\"es\",\"@id\":\"https:\\\/\\\/autofans.com.ar\\\/index.php\\\/2023\\\/07\\\/10\\\/autofans-tv-programa-13-08-07-2023\\\/#primaryimage\",\"url\":\"https:\\\/\\\/autofans.com.ar\\\/wp-content\\\/uploads\\\/2023\\\/07\\\/Caratula-Programa-13.jpg\",\"contentUrl\":\"https:\\\/\\\/autofans.com.ar\\\/wp-content\\\/uploads\\\/2023\\\/07\\\/Caratula-Programa-13.jpg\",\"width\":1920,\"height\":1080,\"caption\":\"AUTOFANS TV \u2013 Programa 13\"},{\"@type\":\"BreadcrumbList\",\"@id\":\"https:\\\/\\\/autofans.com.ar\\\/index.php\\\/2023\\\/07\\\/10\\\/autofans-tv-programa-13-08-07-2023\\\/#breadcrumb\",\"itemListElement\":[{\"@type\":\"ListItem\",\"position\":1,\"name\":\"Inicio\",\"item\":\"https:\\\/\\\/autofans.com.ar\\\/\"},{\"@type\":\"ListItem\",\"position\":2,\"name\":\"AUTOFANS TV \u2013 Programa 13 \u2013 08\\\/07\\\/2023\"}]},{\"@type\":\"WebSite\",\"@id\":\"https:\\\/\\\/autofans.com.ar\\\/#website\",\"url\":\"https:\\\/\\\/autofans.com.ar\\\/\",\"name\":\"\",\"description\":\"El multimedio referente de la industria automotriz\",\"potentialAction\":[{\"@type\":\"SearchAction\",\"target\":{\"@type\":\"EntryPoint\",\"urlTemplate\":\"https:\\\/\\\/autofans.com.ar\\\/?s={search_term_string}\"},\"query-input\":{\"@type\":\"PropertyValueSpecification\",\"valueRequired\":true,\"valueName\":\"search_term_string\"}}],\"inLanguage\":\"es\"},{\"@type\":\"Person\",\"@id\":\"https:\\\/\\\/autofans.com.ar\\\/#\\\/schema\\\/person\\\/4f260a29da3cfebb7f29121591a73481\",\"name\":\"AleCAF\",\"image\":{\"@type\":\"ImageObject\",\"inLanguage\":\"es\",\"@id\":\"https:\\\/\\\/secure.gravatar.com\\\/avatar\\\/959b1ac26ee9dfc67318763f0a21a739fce256ee110a46fe86a2957f5568f27e?s=96&d=mm&r=g\",\"url\":\"https:\\\/\\\/secure.gravatar.com\\\/avatar\\\/959b1ac26ee9dfc67318763f0a21a739fce256ee110a46fe86a2957f5568f27e?s=96&d=mm&r=g\",\"contentUrl\":\"https:\\\/\\\/secure.gravatar.com\\\/avatar\\\/959b1ac26ee9dfc67318763f0a21a739fce256ee110a46fe86a2957f5568f27e?s=96&d=mm&r=g\",\"caption\":\"AleCAF\"},\"description\":\"Se trata del sitio web del multimedio Autofans, dedicado a informar las novedades y tendencias del segmento automotor nacional e internacional. El multimedio est\u00e1 conformado por Autofans web, Autofans TV (Programa), Youtube, Intagram y Facebook\",\"sameAs\":[\"https:\\\/\\\/autofans.com.ar\"],\"url\":\"https:\\\/\\\/autofans.com.ar\\\/index.php\\\/author\\\/alecampolieto\\\/\"}]}<\/script>\n<!-- \/ Yoast SEO plugin. -->","yoast_head_json":{"title":"AUTOFANS TV \u2013 Programa 13 \u2013 08\/07\/2023 -","robots":{"index":"index","follow":"follow","max-snippet":"max-snippet:-1","max-image-preview":"max-image-preview:large","max-video-preview":"max-video-preview:-1"},"canonical":"https:\/\/autofans.com.ar\/index.php\/2023\/07\/10\/autofans-tv-programa-13-08-07-2023\/","og_locale":"es_ES","og_type":"article","og_title":"AUTOFANS TV \u2013 Programa 13 \u2013 08\/07\/2023 -","og_description":"Para el programa de hoy, estuvimos cubriendo el evento de #lanzamiento de la nueva Chevrolet...","og_url":"https:\/\/autofans.com.ar\/index.php\/2023\/07\/10\/autofans-tv-programa-13-08-07-2023\/","article_published_time":"2023-07-10T16:41:42+00:00","article_modified_time":"2023-07-17T18:28:27+00:00","og_image":[{"width":1920,"height":1080,"url":"https:\/\/autofans.com.ar\/wp-content\/uploads\/2023\/07\/Caratula-Programa-13.jpg","type":"image\/jpeg"}],"author":"AleCAF","twitter_card":"summary_large_image","twitter_misc":{"Escrito por":"AleCAF","Tiempo de lectura":"2 minutos"},"schema":{"@context":"https:\/\/schema.org","@graph":[{"@type":"Article","@id":"https:\/\/autofans.com.ar\/index.php\/2023\/07\/10\/autofans-tv-programa-13-08-07-2023\/#article","isPartOf":{"@id":"https:\/\/autofans.com.ar\/index.php\/2023\/07\/10\/autofans-tv-programa-13-08-07-2023\/"},"author":{"name":"AleCAF","@id":"https:\/\/autofans.com.ar\/#\/schema\/person\/4f260a29da3cfebb7f29121591a73481"},"headline":"AUTOFANS TV \u2013 Programa 13 \u2013 08\/07\/2023","datePublished":"2023-07-10T16:41:42+00:00","dateModified":"2023-07-17T18:28:27+00:00","mainEntityOfPage":{"@id":"https:\/\/autofans.com.ar\/index.php\/2023\/07\/10\/autofans-tv-programa-13-08-07-2023\/"},"wordCount":253,"image":{"@id":"https:\/\/autofans.com.ar\/index.php\/2023\/07\/10\/autofans-tv-programa-13-08-07-2023\/#primaryimage"},"thumbnailUrl":"https:\/\/autofans.com.ar\/wp-content\/uploads\/2023\/07\/Caratula-Programa-13.jpg","articleSection":["PROGRAMAS COMPLETOS 2023"],"inLanguage":"es"},{"@type":"WebPage","@id":"https:\/\/autofans.com.ar\/index.php\/2023\/07\/10\/autofans-tv-programa-13-08-07-2023\/","url":"https:\/\/autofans.com.ar\/index.php\/2023\/07\/10\/autofans-tv-programa-13-08-07-2023\/","name":"AUTOFANS TV \u2013 Programa 13 \u2013 08\/07\/2023 -","isPartOf":{"@id":"https:\/\/autofans.com.ar\/#website"},"primaryImageOfPage":{"@id":"https:\/\/autofans.com.ar\/index.php\/2023\/07\/10\/autofans-tv-programa-13-08-07-2023\/#primaryimage"},"image":{"@id":"https:\/\/autofans.com.ar\/index.php\/2023\/07\/10\/autofans-tv-programa-13-08-07-2023\/#primaryimage"},"thumbnailUrl":"https:\/\/autofans.com.ar\/wp-content\/uploads\/2023\/07\/Caratula-Programa-13.jpg","datePublished":"2023-07-10T16:41:42+00:00","dateModified":"2023-07-17T18:28:27+00:00","author":{"@id":"https:\/\/autofans.com.ar\/#\/schema\/person\/4f260a29da3cfebb7f29121591a73481"},"breadcrumb":{"@id":"https:\/\/autofans.com.ar\/index.php\/2023\/07\/10\/autofans-tv-programa-13-08-07-2023\/#breadcrumb"},"inLanguage":"es","potentialAction":[{"@type":"ReadAction","target":["https:\/\/autofans.com.ar\/index.php\/2023\/07\/10\/autofans-tv-programa-13-08-07-2023\/"]}]},{"@type":"ImageObject","inLanguage":"es","@id":"https:\/\/autofans.com.ar\/index.php\/2023\/07\/10\/autofans-tv-programa-13-08-07-2023\/#primaryimage","url":"https:\/\/autofans.com.ar\/wp-content\/uploads\/2023\/07\/Caratula-Programa-13.jpg","contentUrl":"https:\/\/autofans.com.ar\/wp-content\/uploads\/2023\/07\/Caratula-Programa-13.jpg","width":1920,"height":1080,"caption":"AUTOFANS TV \u2013 Programa 13"},{"@type":"BreadcrumbList","@id":"https:\/\/autofans.com.ar\/index.php\/2023\/07\/10\/autofans-tv-programa-13-08-07-2023\/#breadcrumb","itemListElement":[{"@type":"ListItem","position":1,"name":"Inicio","item":"https:\/\/autofans.com.ar\/"},{"@type":"ListItem","position":2,"name":"AUTOFANS TV \u2013 Programa 13 \u2013 08\/07\/2023"}]},{"@type":"WebSite","@id":"https:\/\/autofans.com.ar\/#website","url":"https:\/\/autofans.com.ar\/","name":"","description":"El multimedio referente de la industria automotriz","potentialAction":[{"@type":"SearchAction","target":{"@type":"EntryPoint","urlTemplate":"https:\/\/autofans.com.ar\/?s={search_term_string}"},"query-input":{"@type":"PropertyValueSpecification","valueRequired":true,"valueName":"search_term_string"}}],"inLanguage":"es"},{"@type":"Person","@id":"https:\/\/autofans.com.ar\/#\/schema\/person\/4f260a29da3cfebb7f29121591a73481","name":"AleCAF","image":{"@type":"ImageObject","inLanguage":"es","@id":"https:\/\/secure.gravatar.com\/avatar\/959b1ac26ee9dfc67318763f0a21a739fce256ee110a46fe86a2957f5568f27e?s=96&d=mm&r=g","url":"https:\/\/secure.gravatar.com\/avatar\/959b1ac26ee9dfc67318763f0a21a739fce256ee110a46fe86a2957f5568f27e?s=96&d=mm&r=g","contentUrl":"https:\/\/secure.gravatar.com\/avatar\/959b1ac26ee9dfc67318763f0a21a739fce256ee110a46fe86a2957f5568f27e?s=96&d=mm&r=g","caption":"AleCAF"},"description":"Se trata del sitio web del multimedio Autofans, dedicado a informar las novedades y tendencias del segmento automotor nacional e internacional. El multimedio est\u00e1 conformado por Autofans web, Autofans TV (Programa), Youtube, Intagram y Facebook","sameAs":["https:\/\/autofans.com.ar"],"url":"https:\/\/autofans.com.ar\/index.php\/author\/alecampolieto\/"}]}},"featured_image_urls":{"full":["https:\/\/autofans.com.ar\/wp-content\/uploads\/2023\/07\/Caratula-Programa-13.jpg",1920,1080,false],"thumbnail":["https:\/\/autofans.com.ar\/wp-content\/uploads\/2023\/07\/Caratula-Programa-13-150x150.jpg",150,150,true],"medium":["https:\/\/autofans.com.ar\/wp-content\/uploads\/2023\/07\/Caratula-Programa-13-300x169.jpg",300,169,true],"medium_large":["https:\/\/autofans.com.ar\/wp-content\/uploads\/2023\/07\/Caratula-Programa-13-768x432.jpg",640,360,true],"large":["https:\/\/autofans.com.ar\/wp-content\/uploads\/2023\/07\/Caratula-Programa-13-1024x576.jpg",640,360,true],"1536x1536":["https:\/\/autofans.com.ar\/wp-content\/uploads\/2023\/07\/Caratula-Programa-13-1536x864.jpg",1536,864,true],"2048x2048":["https:\/\/autofans.com.ar\/wp-content\/uploads\/2023\/07\/Caratula-Programa-13.jpg",1920,1080,false],"covernews-featured":["https:\/\/autofans.com.ar\/wp-content\/uploads\/2023\/07\/Caratula-Programa-13-1024x576.jpg",1024,576,true],"covernews-medium":["https:\/\/autofans.com.ar\/wp-content\/uploads\/2023\/07\/Caratula-Programa-13-540x340.jpg",540,340,true]},"author_info":{"display_name":"AleCAF","author_link":"https:\/\/autofans.com.ar\/index.php\/author\/alecampolieto\/"},"category_info":"<a href=\"https:\/\/autofans.com.ar\/index.php\/category\/autofans-tv\/programas-2023\/programas-completos-2023\/\" rel=\"category tag\">PROGRAMAS COMPLETOS 2023<\/a>","tag_info":"PROGRAMAS COMPLETOS 2023","comment_count":0,"_links":{"self":[{"href":"https:\/\/autofans.com.ar\/index.php\/wp-json\/wp\/v2\/posts\/3856","targetHints":{"allow":["GET"]}}],"collection":[{"href":"https:\/\/autofans.com.ar\/index.php\/wp-json\/wp\/v2\/posts"}],"about":[{"href":"https:\/\/autofans.com.ar\/index.php\/wp-json\/wp\/v2\/types\/post"}],"author":[{"embeddable":true,"href":"https:\/\/autofans.com.ar\/index.php\/wp-json\/wp\/v2\/users\/1"}],"replies":[{"embeddable":true,"href":"https:\/\/autofans.com.ar\/index.php\/wp-json\/wp\/v2\/comments?post=3856"}],"version-history":[{"count":2,"href":"https:\/\/autofans.com.ar\/index.php\/wp-json\/wp\/v2\/posts\/3856\/revisions"}],"predecessor-version":[{"id":4083,"href":"https:\/\/autofans.com.ar\/index.php\/wp-json\/wp\/v2\/posts\/3856\/revisions\/4083"}],"wp:featuredmedia":[{"embeddable":true,"href":"https:\/\/autofans.com.ar\/index.php\/wp-json\/wp\/v2\/media\/3845"}],"wp:attachment":[{"href":"https:\/\/autofans.com.ar\/index.php\/wp-json\/wp\/v2\/media?parent=3856"}],"wp:term":[{"taxonomy":"category","embeddable":true,"href":"https:\/\/autofans.com.ar\/index.php\/wp-json\/wp\/v2\/categories?post=3856"},{"taxonomy":"post_tag","embeddable":true,"href":"https:\/\/autofans.com.ar\/index.php\/wp-json\/wp\/v2\/tags?post=3856"}],"curies":[{"name":"wp","href":"https:\/\/api.w.org\/{rel}","templated":true}]}}