{"id":3881,"date":"2023-07-11T10:24:42","date_gmt":"2023-07-11T13:24:42","guid":{"rendered":"https:\/\/autofans.com.ar\/?p=3881"},"modified":"2023-07-11T10:24:42","modified_gmt":"2023-07-11T13:24:42","slug":"kia-argentina-renueva-su-patrocinio-en-el-cerro-castor","status":"publish","type":"post","link":"https:\/\/autofans.com.ar\/index.php\/2023\/07\/11\/kia-argentina-renueva-su-patrocinio-en-el-cerro-castor\/","title":{"rendered":"Kia Argentina renueva su patrocinio en el Cerro Castor"},"content":{"rendered":"<h2>Kia Argentina presenta la All-New Sportage<\/h2>\n<p>Kia Argentina est\u00e1 preparada para ser nuevamente el patrocinador oficial del Cerro Castor en la nueva temporada de invierno 2023 en Tierra del Fuego. Por sexto a\u00f1o consecutivo, la reconocida marca automotriz coreana ser\u00e1 la protagonista del escenario invernal en Ushuaia, con una destacada presencia en el Cerro y una participaci\u00f3n especial en la emblem\u00e1tica bajada de antorchas. Adem\u00e1s, durante la segunda quincena de julio, exhibir\u00e1 la esperada All-New Sportage, cuyo lanzamiento oficial est\u00e1 previsto para este a\u00f1o. Kia Argentina, en su constante compromiso con el deporte y la movilidad sostenible, se enorgullece de acompa\u00f1ar nuevamente al Cerro Castor en su temporada de esqu\u00ed. Esta asociaci\u00f3n no solo refleja el manifiesto de la marca, sino tambi\u00e9n su visi\u00f3n de crear soluciones de movilidad sostenible y brindar la exclusividad que sus clientes eligen.<\/p>\n<blockquote>\n<p style=\"text-align: center;\">Diana Anzola, Responsable de Marketing de Kia Argentina, afirm\u00f3: \u00abDesde Kia, creemos que todas las actividades creativas comienzan con un movimiento\u00bb.<\/p>\n<\/blockquote>\n<h2><\/h2>\n<p>&nbsp;<\/p>\n<h2><img fetchpriority=\"high\" decoding=\"async\" class=\"aligncenter wp-image-3885 size-full\" src=\"https:\/\/autofans.com.ar\/wp-content\/uploads\/2023\/07\/foto-1-14.jpg\" alt=\"kia\" width=\"1000\" height=\"667\" srcset=\"https:\/\/autofans.com.ar\/wp-content\/uploads\/2023\/07\/foto-1-14.jpg 1000w, https:\/\/autofans.com.ar\/wp-content\/uploads\/2023\/07\/foto-1-14-300x200.jpg 300w, https:\/\/autofans.com.ar\/wp-content\/uploads\/2023\/07\/foto-1-14-768x512.jpg 768w\" sizes=\"(max-width: 1000px) 100vw, 1000px\" \/><\/h2>\n<h2>\nDisfruta del esqu\u00ed y rel\u00e1jate con Kia<\/h2>\n<p>La presencia de Kia en el Cerro Castor estar\u00e1 marcada por una serie de experiencias dise\u00f1adas para los amantes del esqu\u00ed. La marca contar\u00e1 con un corp\u00f3reo distintivo, ubicado estrat\u00e9gicamente en la monta\u00f1a, y se encontrar\u00e1 presente en los mapas de las pistas. Adem\u00e1s, ofrecer\u00e1 espacios de ajustes de fijaciones y apoya esqu\u00edes, as\u00ed como puffs para aquellos que deseen relajarse despu\u00e9s de una intensa jornada en la nieve. Como parte de su compromiso con la inspiraci\u00f3n y el confort, Kia ofrecer\u00e1 nuevamente los populares \u00abKia Sessions\u00bb, acompa\u00f1ados de m\u00fasica ac\u00fastica que promueve la creatividad y el bienestar.<\/p>\n<h2><\/h2>\n<p>&nbsp;<\/p>\n<div id='gallery-1' class='gallery galleryid-3881 gallery-columns-2 gallery-size-full'><figure class='gallery-item'>\n\t\t\t<div class='gallery-icon landscape'>\n\t\t\t\t<a href='https:\/\/autofans.com.ar\/index.php\/2023\/07\/11\/kia-argentina-renueva-su-patrocinio-en-el-cerro-castor\/foto-3-160\/'><img loading=\"lazy\" width=\"1000\" height=\"667\" src=\"https:\/\/autofans.com.ar\/wp-content\/uploads\/2023\/07\/foto-3-13.jpg\" class=\"attachment-full size-full\" alt=\"kia\" srcset=\"https:\/\/autofans.com.ar\/wp-content\/uploads\/2023\/07\/foto-3-13.jpg 1000w, https:\/\/autofans.com.ar\/wp-content\/uploads\/2023\/07\/foto-3-13-300x200.jpg 300w, https:\/\/autofans.com.ar\/wp-content\/uploads\/2023\/07\/foto-3-13-768x512.jpg 768w\" sizes=\"auto, (max-width: 1000px) 100vw, 1000px\" loading=\"lazy\" decoding=\"async\" \/><\/a>\n\t\t\t<\/div><\/figure><figure class='gallery-item'>\n\t\t\t<div class='gallery-icon landscape'>\n\t\t\t\t<a href='https:\/\/autofans.com.ar\/index.php\/2023\/07\/11\/kia-argentina-renueva-su-patrocinio-en-el-cerro-castor\/foto-4-115\/'><img loading=\"lazy\" width=\"1000\" height=\"667\" src=\"https:\/\/autofans.com.ar\/wp-content\/uploads\/2023\/07\/foto-4-8.jpg\" class=\"attachment-full size-full\" alt=\"kia\" srcset=\"https:\/\/autofans.com.ar\/wp-content\/uploads\/2023\/07\/foto-4-8.jpg 1000w, https:\/\/autofans.com.ar\/wp-content\/uploads\/2023\/07\/foto-4-8-300x200.jpg 300w, https:\/\/autofans.com.ar\/wp-content\/uploads\/2023\/07\/foto-4-8-768x512.jpg 768w\" sizes=\"auto, (max-width: 1000px) 100vw, 1000px\" loading=\"lazy\" decoding=\"async\" \/><\/a>\n\t\t\t<\/div><\/figure>\n\t\t<\/div>\n\n<p>&nbsp;<\/p>\n<h2>Carnival, Seltos y All-New Sportage<\/h2>\n<p>Durante esta temporada, los visitantes del Cerro Castor tambi\u00e9n tendr\u00e1n la oportunidad de apreciar dos de los modelos emblem\u00e1ticos de Kia Argentina: la Carnival y el Seltos, que ser\u00e1n los veh\u00edculos oficiales de movilidad en el cerro. Como primicia, a partir de la segunda quincena de julio, los entusiastas podr\u00e1n admirar la esperada All-New Sportage, como adelanto al lanzamiento oficial programado para el \u00faltimo cuatrimestre del a\u00f1o.<\/p>\n<p>Para m\u00e1s informaci\u00f3n sobre Kia Argentina y su amplia gama de veh\u00edculos, visita su sitio web oficial en: <a href=\"https:\/\/www.kia.com.ar\" target=\"_blank\" rel=\"noopener\">kia.com.ar<\/a><\/p>\n<h2>Acerca de ASTARA<\/h2>\n<p>Astara es una empresa l\u00edder en movilidad abierta, centrada en las personas y comprometida con la sostenibilidad. Con una facturaci\u00f3n global de 5.500 millones de euros en 2022, Astara ofrece soluciones de movilidad personalizadas, adaptadas a las necesidades espec\u00edficas de cada individuo y al contexto de cada mercado. Su amplia gama de opciones incluye diferentes modalidades de propiedad, suscripci\u00f3n, uso y conectividad, siempre impulsadas por la \u00faltima tecnolog\u00eda. Con un equipo diverso compuesto por m\u00e1s de 25 nacionalidades, Astara opera en 19 pa\u00edses y 3 continentes, incluyendo Europa, LATAM y el Sudeste Asi\u00e1tico. En Argentina, Astara ha estado presente durante m\u00e1s de 24 a\u00f1os, siendo el importador y representante exclusivo de diversas marcas automotrices.<\/p>\n<p>&nbsp;<\/p>\n<p>&nbsp;<\/p>\n<p><i>Para enterarte de m\u00e1s novedades, no dejes de leer\u00a0<\/i><a href=\"https:\/\/autofans.thebrandsoup.com\/\"><i>nuestras notas<\/i><\/a><i>, de ver<\/i><b><i>\u00a0<\/i><\/b><a href=\"https:\/\/www.youtube.com\/channel\/UCgAC8UGHZYbT6P7PpmVnP7g\"><b><i>AUTOFANS TV<\/i><\/b><\/a><b><i>\u00a0<\/i><\/b><i>en nuestro\u00a0canal de Youtube. Adem\u00e1s seguinos en\u00a0<\/i><a href=\"https:\/\/www.instagram.com\/autofanstv\/\"><i>INSTAGRAM<\/i><\/a><i> y <\/i><a href=\"https:\/\/www.facebook.com\/autofansmas\/\"><i>FACEBOOK<\/i><\/a><i> para no perderte nada sobre las novedades del segmento automotor de Argentina y el mundo. <\/i><\/p>\n","protected":false},"excerpt":{"rendered":"<p>Kia Argentina presenta la All-New Sportage Kia Argentina est\u00e1 preparada para ser nuevamente el patrocinador&#8230;<\/p>\n","protected":false},"author":2,"featured_media":3884,"comment_status":"closed","ping_status":"closed","sticky":false,"template":"","format":"standard","meta":{"footnotes":""},"categories":[6,16],"tags":[1893,1890,1895,1892,1894,1889,1269,1891],"class_list":["post-3881","post","type-post","status-publish","format-standard","has-post-thumbnail","hentry","category-bizstyle","category-noticias","tag-allnewsportage","tag-cerrocastor","tag-deportesdeinvierno","tag-esqui","tag-experienciainvernal","tag-kiaargentina","tag-movilidadsostenible","tag-temporadainvierno2023"],"yoast_head":"<!-- This site is optimized with the Yoast SEO plugin v27.5 - https:\/\/yoast.com\/product\/yoast-seo-wordpress\/ -->\n<title>Kia Argentina renueva su patrocinio en el Cerro Castor -<\/title>\n<meta name=\"description\" content=\"Kia Argentina est\u00e1 preparada para ser el patrocinador oficial del Cerro Castor en la nueva temporada de invierno 2023 en Tierra del Fuego...\" \/>\n<meta name=\"robots\" content=\"index, follow, max-snippet:-1, max-image-preview:large, max-video-preview:-1\" \/>\n<link rel=\"canonical\" href=\"https:\/\/autofans.com.ar\/index.php\/2023\/07\/11\/kia-argentina-renueva-su-patrocinio-en-el-cerro-castor\/\" \/>\n<meta property=\"og:locale\" content=\"es_ES\" \/>\n<meta property=\"og:type\" content=\"article\" \/>\n<meta property=\"og:title\" content=\"Kia Argentina renueva su patrocinio en el Cerro Castor -\" \/>\n<meta property=\"og:description\" content=\"Kia Argentina est\u00e1 preparada para ser el patrocinador oficial del Cerro Castor en la nueva temporada de invierno 2023 en Tierra del Fuego...\" \/>\n<meta property=\"og:url\" content=\"https:\/\/autofans.com.ar\/index.php\/2023\/07\/11\/kia-argentina-renueva-su-patrocinio-en-el-cerro-castor\/\" \/>\n<meta property=\"article:published_time\" content=\"2023-07-11T13:24:42+00:00\" \/>\n<meta property=\"og:image\" content=\"https:\/\/autofans.com.ar\/wp-content\/uploads\/2023\/07\/foto-2-14.jpg\" \/>\n\t<meta property=\"og:image:width\" content=\"1000\" \/>\n\t<meta property=\"og:image:height\" content=\"667\" \/>\n\t<meta property=\"og:image:type\" content=\"image\/jpeg\" \/>\n<meta name=\"author\" content=\"Alejandro Gabriel Rosito\" \/>\n<meta name=\"twitter:card\" content=\"summary_large_image\" \/>\n<meta name=\"twitter:label1\" content=\"Escrito por\" \/>\n\t<meta name=\"twitter:data1\" content=\"Alejandro Gabriel Rosito\" \/>\n\t<meta name=\"twitter:label2\" content=\"Tiempo de lectura\" \/>\n\t<meta name=\"twitter:data2\" content=\"3 minutos\" \/>\n<script type=\"application\/ld+json\" class=\"yoast-schema-graph\">{\"@context\":\"https:\\\/\\\/schema.org\",\"@graph\":[{\"@type\":\"Article\",\"@id\":\"https:\\\/\\\/autofans.com.ar\\\/index.php\\\/2023\\\/07\\\/11\\\/kia-argentina-renueva-su-patrocinio-en-el-cerro-castor\\\/#article\",\"isPartOf\":{\"@id\":\"https:\\\/\\\/autofans.com.ar\\\/index.php\\\/2023\\\/07\\\/11\\\/kia-argentina-renueva-su-patrocinio-en-el-cerro-castor\\\/\"},\"author\":{\"name\":\"Alejandro Gabriel Rosito\",\"@id\":\"https:\\\/\\\/autofans.com.ar\\\/#\\\/schema\\\/person\\\/4a8dda0b6df83ac3d6723e921274c2aa\"},\"headline\":\"Kia Argentina renueva su patrocinio en el Cerro Castor\",\"datePublished\":\"2023-07-11T13:24:42+00:00\",\"mainEntityOfPage\":{\"@id\":\"https:\\\/\\\/autofans.com.ar\\\/index.php\\\/2023\\\/07\\\/11\\\/kia-argentina-renueva-su-patrocinio-en-el-cerro-castor\\\/\"},\"wordCount\":570,\"image\":{\"@id\":\"https:\\\/\\\/autofans.com.ar\\\/index.php\\\/2023\\\/07\\\/11\\\/kia-argentina-renueva-su-patrocinio-en-el-cerro-castor\\\/#primaryimage\"},\"thumbnailUrl\":\"https:\\\/\\\/autofans.com.ar\\\/wp-content\\\/uploads\\\/2023\\\/07\\\/foto-2-14.jpg\",\"keywords\":[\"AllNewSportage\",\"CerroCastor\",\"DeportesDeInvierno\",\"Esqu\u00ed\",\"ExperienciaInvernal\",\"KiaArgentina\",\"MovilidadSostenible\",\"TemporadaInvierno2023\"],\"articleSection\":[\"BIZSTYLE\",\"NOTICIAS\"],\"inLanguage\":\"es\"},{\"@type\":\"WebPage\",\"@id\":\"https:\\\/\\\/autofans.com.ar\\\/index.php\\\/2023\\\/07\\\/11\\\/kia-argentina-renueva-su-patrocinio-en-el-cerro-castor\\\/\",\"url\":\"https:\\\/\\\/autofans.com.ar\\\/index.php\\\/2023\\\/07\\\/11\\\/kia-argentina-renueva-su-patrocinio-en-el-cerro-castor\\\/\",\"name\":\"Kia Argentina renueva su patrocinio en el Cerro Castor -\",\"isPartOf\":{\"@id\":\"https:\\\/\\\/autofans.com.ar\\\/#website\"},\"primaryImageOfPage\":{\"@id\":\"https:\\\/\\\/autofans.com.ar\\\/index.php\\\/2023\\\/07\\\/11\\\/kia-argentina-renueva-su-patrocinio-en-el-cerro-castor\\\/#primaryimage\"},\"image\":{\"@id\":\"https:\\\/\\\/autofans.com.ar\\\/index.php\\\/2023\\\/07\\\/11\\\/kia-argentina-renueva-su-patrocinio-en-el-cerro-castor\\\/#primaryimage\"},\"thumbnailUrl\":\"https:\\\/\\\/autofans.com.ar\\\/wp-content\\\/uploads\\\/2023\\\/07\\\/foto-2-14.jpg\",\"datePublished\":\"2023-07-11T13:24:42+00:00\",\"author\":{\"@id\":\"https:\\\/\\\/autofans.com.ar\\\/#\\\/schema\\\/person\\\/4a8dda0b6df83ac3d6723e921274c2aa\"},\"description\":\"Kia Argentina est\u00e1 preparada para ser el patrocinador oficial del Cerro Castor en la nueva temporada de invierno 2023 en Tierra del Fuego...\",\"breadcrumb\":{\"@id\":\"https:\\\/\\\/autofans.com.ar\\\/index.php\\\/2023\\\/07\\\/11\\\/kia-argentina-renueva-su-patrocinio-en-el-cerro-castor\\\/#breadcrumb\"},\"inLanguage\":\"es\",\"potentialAction\":[{\"@type\":\"ReadAction\",\"target\":[\"https:\\\/\\\/autofans.com.ar\\\/index.php\\\/2023\\\/07\\\/11\\\/kia-argentina-renueva-su-patrocinio-en-el-cerro-castor\\\/\"]}]},{\"@type\":\"ImageObject\",\"inLanguage\":\"es\",\"@id\":\"https:\\\/\\\/autofans.com.ar\\\/index.php\\\/2023\\\/07\\\/11\\\/kia-argentina-renueva-su-patrocinio-en-el-cerro-castor\\\/#primaryimage\",\"url\":\"https:\\\/\\\/autofans.com.ar\\\/wp-content\\\/uploads\\\/2023\\\/07\\\/foto-2-14.jpg\",\"contentUrl\":\"https:\\\/\\\/autofans.com.ar\\\/wp-content\\\/uploads\\\/2023\\\/07\\\/foto-2-14.jpg\",\"width\":1000,\"height\":667,\"caption\":\"kia\"},{\"@type\":\"BreadcrumbList\",\"@id\":\"https:\\\/\\\/autofans.com.ar\\\/index.php\\\/2023\\\/07\\\/11\\\/kia-argentina-renueva-su-patrocinio-en-el-cerro-castor\\\/#breadcrumb\",\"itemListElement\":[{\"@type\":\"ListItem\",\"position\":1,\"name\":\"Inicio\",\"item\":\"https:\\\/\\\/autofans.com.ar\\\/\"},{\"@type\":\"ListItem\",\"position\":2,\"name\":\"Kia Argentina renueva su patrocinio en el Cerro Castor\"}]},{\"@type\":\"WebSite\",\"@id\":\"https:\\\/\\\/autofans.com.ar\\\/#website\",\"url\":\"https:\\\/\\\/autofans.com.ar\\\/\",\"name\":\"\",\"description\":\"El multimedio referente de la industria automotriz\",\"potentialAction\":[{\"@type\":\"SearchAction\",\"target\":{\"@type\":\"EntryPoint\",\"urlTemplate\":\"https:\\\/\\\/autofans.com.ar\\\/?s={search_term_string}\"},\"query-input\":{\"@type\":\"PropertyValueSpecification\",\"valueRequired\":true,\"valueName\":\"search_term_string\"}}],\"inLanguage\":\"es\"},{\"@type\":\"Person\",\"@id\":\"https:\\\/\\\/autofans.com.ar\\\/#\\\/schema\\\/person\\\/4a8dda0b6df83ac3d6723e921274c2aa\",\"name\":\"Alejandro Gabriel Rosito\",\"image\":{\"@type\":\"ImageObject\",\"inLanguage\":\"es\",\"@id\":\"https:\\\/\\\/secure.gravatar.com\\\/avatar\\\/16c5dda1489adfc62618084dcbb91cffd879c374b13fe5dd8e44ed6733852c88?s=96&d=mm&r=g\",\"url\":\"https:\\\/\\\/secure.gravatar.com\\\/avatar\\\/16c5dda1489adfc62618084dcbb91cffd879c374b13fe5dd8e44ed6733852c88?s=96&d=mm&r=g\",\"contentUrl\":\"https:\\\/\\\/secure.gravatar.com\\\/avatar\\\/16c5dda1489adfc62618084dcbb91cffd879c374b13fe5dd8e44ed6733852c88?s=96&d=mm&r=g\",\"caption\":\"Alejandro Gabriel Rosito\"},\"url\":\"https:\\\/\\\/autofans.com.ar\\\/index.php\\\/author\\\/gabrielr\\\/\"}]}<\/script>\n<!-- \/ Yoast SEO plugin. -->","yoast_head_json":{"title":"Kia Argentina renueva su patrocinio en el Cerro Castor -","description":"Kia Argentina est\u00e1 preparada para ser el patrocinador oficial del Cerro Castor en la nueva temporada de invierno 2023 en Tierra del Fuego...","robots":{"index":"index","follow":"follow","max-snippet":"max-snippet:-1","max-image-preview":"max-image-preview:large","max-video-preview":"max-video-preview:-1"},"canonical":"https:\/\/autofans.com.ar\/index.php\/2023\/07\/11\/kia-argentina-renueva-su-patrocinio-en-el-cerro-castor\/","og_locale":"es_ES","og_type":"article","og_title":"Kia Argentina renueva su patrocinio en el Cerro Castor -","og_description":"Kia Argentina est\u00e1 preparada para ser el patrocinador oficial del Cerro Castor en la nueva temporada de invierno 2023 en Tierra del Fuego...","og_url":"https:\/\/autofans.com.ar\/index.php\/2023\/07\/11\/kia-argentina-renueva-su-patrocinio-en-el-cerro-castor\/","article_published_time":"2023-07-11T13:24:42+00:00","og_image":[{"width":1000,"height":667,"url":"https:\/\/autofans.com.ar\/wp-content\/uploads\/2023\/07\/foto-2-14.jpg","type":"image\/jpeg"}],"author":"Alejandro Gabriel Rosito","twitter_card":"summary_large_image","twitter_misc":{"Escrito por":"Alejandro Gabriel Rosito","Tiempo de lectura":"3 minutos"},"schema":{"@context":"https:\/\/schema.org","@graph":[{"@type":"Article","@id":"https:\/\/autofans.com.ar\/index.php\/2023\/07\/11\/kia-argentina-renueva-su-patrocinio-en-el-cerro-castor\/#article","isPartOf":{"@id":"https:\/\/autofans.com.ar\/index.php\/2023\/07\/11\/kia-argentina-renueva-su-patrocinio-en-el-cerro-castor\/"},"author":{"name":"Alejandro Gabriel Rosito","@id":"https:\/\/autofans.com.ar\/#\/schema\/person\/4a8dda0b6df83ac3d6723e921274c2aa"},"headline":"Kia Argentina renueva su patrocinio en el Cerro Castor","datePublished":"2023-07-11T13:24:42+00:00","mainEntityOfPage":{"@id":"https:\/\/autofans.com.ar\/index.php\/2023\/07\/11\/kia-argentina-renueva-su-patrocinio-en-el-cerro-castor\/"},"wordCount":570,"image":{"@id":"https:\/\/autofans.com.ar\/index.php\/2023\/07\/11\/kia-argentina-renueva-su-patrocinio-en-el-cerro-castor\/#primaryimage"},"thumbnailUrl":"https:\/\/autofans.com.ar\/wp-content\/uploads\/2023\/07\/foto-2-14.jpg","keywords":["AllNewSportage","CerroCastor","DeportesDeInvierno","Esqu\u00ed","ExperienciaInvernal","KiaArgentina","MovilidadSostenible","TemporadaInvierno2023"],"articleSection":["BIZSTYLE","NOTICIAS"],"inLanguage":"es"},{"@type":"WebPage","@id":"https:\/\/autofans.com.ar\/index.php\/2023\/07\/11\/kia-argentina-renueva-su-patrocinio-en-el-cerro-castor\/","url":"https:\/\/autofans.com.ar\/index.php\/2023\/07\/11\/kia-argentina-renueva-su-patrocinio-en-el-cerro-castor\/","name":"Kia Argentina renueva su patrocinio en el Cerro Castor -","isPartOf":{"@id":"https:\/\/autofans.com.ar\/#website"},"primaryImageOfPage":{"@id":"https:\/\/autofans.com.ar\/index.php\/2023\/07\/11\/kia-argentina-renueva-su-patrocinio-en-el-cerro-castor\/#primaryimage"},"image":{"@id":"https:\/\/autofans.com.ar\/index.php\/2023\/07\/11\/kia-argentina-renueva-su-patrocinio-en-el-cerro-castor\/#primaryimage"},"thumbnailUrl":"https:\/\/autofans.com.ar\/wp-content\/uploads\/2023\/07\/foto-2-14.jpg","datePublished":"2023-07-11T13:24:42+00:00","author":{"@id":"https:\/\/autofans.com.ar\/#\/schema\/person\/4a8dda0b6df83ac3d6723e921274c2aa"},"description":"Kia Argentina est\u00e1 preparada para ser el patrocinador oficial del Cerro Castor en la nueva temporada de invierno 2023 en Tierra del Fuego...","breadcrumb":{"@id":"https:\/\/autofans.com.ar\/index.php\/2023\/07\/11\/kia-argentina-renueva-su-patrocinio-en-el-cerro-castor\/#breadcrumb"},"inLanguage":"es","potentialAction":[{"@type":"ReadAction","target":["https:\/\/autofans.com.ar\/index.php\/2023\/07\/11\/kia-argentina-renueva-su-patrocinio-en-el-cerro-castor\/"]}]},{"@type":"ImageObject","inLanguage":"es","@id":"https:\/\/autofans.com.ar\/index.php\/2023\/07\/11\/kia-argentina-renueva-su-patrocinio-en-el-cerro-castor\/#primaryimage","url":"https:\/\/autofans.com.ar\/wp-content\/uploads\/2023\/07\/foto-2-14.jpg","contentUrl":"https:\/\/autofans.com.ar\/wp-content\/uploads\/2023\/07\/foto-2-14.jpg","width":1000,"height":667,"caption":"kia"},{"@type":"BreadcrumbList","@id":"https:\/\/autofans.com.ar\/index.php\/2023\/07\/11\/kia-argentina-renueva-su-patrocinio-en-el-cerro-castor\/#breadcrumb","itemListElement":[{"@type":"ListItem","position":1,"name":"Inicio","item":"https:\/\/autofans.com.ar\/"},{"@type":"ListItem","position":2,"name":"Kia Argentina renueva su patrocinio en el Cerro Castor"}]},{"@type":"WebSite","@id":"https:\/\/autofans.com.ar\/#website","url":"https:\/\/autofans.com.ar\/","name":"","description":"El multimedio referente de la industria automotriz","potentialAction":[{"@type":"SearchAction","target":{"@type":"EntryPoint","urlTemplate":"https:\/\/autofans.com.ar\/?s={search_term_string}"},"query-input":{"@type":"PropertyValueSpecification","valueRequired":true,"valueName":"search_term_string"}}],"inLanguage":"es"},{"@type":"Person","@id":"https:\/\/autofans.com.ar\/#\/schema\/person\/4a8dda0b6df83ac3d6723e921274c2aa","name":"Alejandro Gabriel Rosito","image":{"@type":"ImageObject","inLanguage":"es","@id":"https:\/\/secure.gravatar.com\/avatar\/16c5dda1489adfc62618084dcbb91cffd879c374b13fe5dd8e44ed6733852c88?s=96&d=mm&r=g","url":"https:\/\/secure.gravatar.com\/avatar\/16c5dda1489adfc62618084dcbb91cffd879c374b13fe5dd8e44ed6733852c88?s=96&d=mm&r=g","contentUrl":"https:\/\/secure.gravatar.com\/avatar\/16c5dda1489adfc62618084dcbb91cffd879c374b13fe5dd8e44ed6733852c88?s=96&d=mm&r=g","caption":"Alejandro Gabriel Rosito"},"url":"https:\/\/autofans.com.ar\/index.php\/author\/gabrielr\/"}]}},"featured_image_urls":{"full":["https:\/\/autofans.com.ar\/wp-content\/uploads\/2023\/07\/foto-2-14.jpg",1000,667,false],"thumbnail":["https:\/\/autofans.com.ar\/wp-content\/uploads\/2023\/07\/foto-2-14-150x150.jpg",150,150,true],"medium":["https:\/\/autofans.com.ar\/wp-content\/uploads\/2023\/07\/foto-2-14-300x200.jpg",300,200,true],"medium_large":["https:\/\/autofans.com.ar\/wp-content\/uploads\/2023\/07\/foto-2-14-768x512.jpg",640,427,true],"large":["https:\/\/autofans.com.ar\/wp-content\/uploads\/2023\/07\/foto-2-14.jpg",640,427,false],"1536x1536":["https:\/\/autofans.com.ar\/wp-content\/uploads\/2023\/07\/foto-2-14.jpg",1000,667,false],"2048x2048":["https:\/\/autofans.com.ar\/wp-content\/uploads\/2023\/07\/foto-2-14.jpg",1000,667,false],"covernews-featured":["https:\/\/autofans.com.ar\/wp-content\/uploads\/2023\/07\/foto-2-14.jpg",1000,667,false],"covernews-medium":["https:\/\/autofans.com.ar\/wp-content\/uploads\/2023\/07\/foto-2-14-540x340.jpg",540,340,true]},"author_info":{"display_name":"Alejandro Gabriel Rosito","author_link":"https:\/\/autofans.com.ar\/index.php\/author\/gabrielr\/"},"category_info":"<a href=\"https:\/\/autofans.com.ar\/index.php\/category\/noticias\/bizstyle\/\" rel=\"category tag\">BIZSTYLE<\/a> <a href=\"https:\/\/autofans.com.ar\/index.php\/category\/noticias\/\" rel=\"category tag\">NOTICIAS<\/a>","tag_info":"NOTICIAS","comment_count":0,"_links":{"self":[{"href":"https:\/\/autofans.com.ar\/index.php\/wp-json\/wp\/v2\/posts\/3881","targetHints":{"allow":["GET"]}}],"collection":[{"href":"https:\/\/autofans.com.ar\/index.php\/wp-json\/wp\/v2\/posts"}],"about":[{"href":"https:\/\/autofans.com.ar\/index.php\/wp-json\/wp\/v2\/types\/post"}],"author":[{"embeddable":true,"href":"https:\/\/autofans.com.ar\/index.php\/wp-json\/wp\/v2\/users\/2"}],"replies":[{"embeddable":true,"href":"https:\/\/autofans.com.ar\/index.php\/wp-json\/wp\/v2\/comments?post=3881"}],"version-history":[{"count":3,"href":"https:\/\/autofans.com.ar\/index.php\/wp-json\/wp\/v2\/posts\/3881\/revisions"}],"predecessor-version":[{"id":3926,"href":"https:\/\/autofans.com.ar\/index.php\/wp-json\/wp\/v2\/posts\/3881\/revisions\/3926"}],"wp:featuredmedia":[{"embeddable":true,"href":"https:\/\/autofans.com.ar\/index.php\/wp-json\/wp\/v2\/media\/3884"}],"wp:attachment":[{"href":"https:\/\/autofans.com.ar\/index.php\/wp-json\/wp\/v2\/media?parent=3881"}],"wp:term":[{"taxonomy":"category","embeddable":true,"href":"https:\/\/autofans.com.ar\/index.php\/wp-json\/wp\/v2\/categories?post=3881"},{"taxonomy":"post_tag","embeddable":true,"href":"https:\/\/autofans.com.ar\/index.php\/wp-json\/wp\/v2\/tags?post=3881"}],"curies":[{"name":"wp","href":"https:\/\/api.w.org\/{rel}","templated":true}]}}