{"id":3940,"date":"2023-07-12T11:41:28","date_gmt":"2023-07-12T14:41:28","guid":{"rendered":"https:\/\/autofans.com.ar\/?p=3940"},"modified":"2023-07-12T11:41:28","modified_gmt":"2023-07-12T14:41:28","slug":"iveco-lidera-la-revolucion-del-transporte-en-camiones-a-gnl","status":"publish","type":"post","link":"https:\/\/autofans.com.ar\/index.php\/2023\/07\/12\/iveco-lidera-la-revolucion-del-transporte-en-camiones-a-gnl\/","title":{"rendered":"IVECO lidera la revoluci\u00f3n del transporte en camiones a GNL"},"content":{"rendered":"<h2>IVECO lidera la revoluci\u00f3n del transporte<\/h2>\n<p>Am\u00e9rica Latina est\u00e1 presenciando un crecimiento significativo en la demanda de camiones a Gas Natural Licuado (GNL). Cada vez m\u00e1s empresas en la regi\u00f3n est\u00e1n adoptando esta tecnolog\u00eda como una forma de reducir costos operativos y al mismo tiempo proteger el medio ambiente. IVECO, una reconocida marca perteneciente a Iveco Group, se encuentra a la vanguardia de esta tendencia, ofreciendo soluciones innovadoras en transporte de cargas y pasajeros.<\/p>\n<h2><\/h2>\n<h2><img fetchpriority=\"high\" decoding=\"async\" class=\"aligncenter wp-image-3943 size-full\" src=\"https:\/\/autofans.com.ar\/wp-content\/uploads\/2023\/07\/foto-2-18.jpg\" alt=\"iveco\" width=\"1000\" height=\"667\" srcset=\"https:\/\/autofans.com.ar\/wp-content\/uploads\/2023\/07\/foto-2-18.jpg 1000w, https:\/\/autofans.com.ar\/wp-content\/uploads\/2023\/07\/foto-2-18-300x200.jpg 300w, https:\/\/autofans.com.ar\/wp-content\/uploads\/2023\/07\/foto-2-18-768x512.jpg 768w\" sizes=\"(max-width: 1000px) 100vw, 1000px\" \/><\/h2>\n<h2><\/h2>\n<h2>Alto rendimiento, menor costo operativo<\/h2>\n<p>El Gas Natural Licuado es una alternativa altamente confiable y validada por IVECO. La compa\u00f1\u00eda europea ha fabricado m\u00e1s de 45 mil unidades de camiones a GNL desde 1996, acumulando m\u00e1s de mil millones de kil\u00f3metros recorridos. Reinaldo Rossoni, Director Comercial de IVECO para Am\u00e9rica Latina, enfatiza que los clientes pueden adquirir productos de alto rendimiento y performance sin tener que sacrificar potencia ni rentabilidad. Los camiones a GNL de IVECO ofrecen los mismos niveles de rendimiento que los veh\u00edculos di\u00e9sel, al tiempo que reducen el costo operativo y proporcionan una mayor rentabilidad para los transportistas.<\/p>\n<p>&nbsp;<\/p>\n<h2><img decoding=\"async\" class=\"aligncenter wp-image-3941 size-full\" src=\"https:\/\/autofans.com.ar\/wp-content\/uploads\/2023\/07\/foto-4-11.jpg\" alt=\"iveco\" width=\"1000\" height=\"667\" srcset=\"https:\/\/autofans.com.ar\/wp-content\/uploads\/2023\/07\/foto-4-11.jpg 1000w, https:\/\/autofans.com.ar\/wp-content\/uploads\/2023\/07\/foto-4-11-300x200.jpg 300w, https:\/\/autofans.com.ar\/wp-content\/uploads\/2023\/07\/foto-4-11-768x512.jpg 768w\" sizes=\"(max-width: 1000px) 100vw, 1000px\" \/><\/h2>\n<h2><\/h2>\n<h2>Grupo San Gabriel y Nestl\u00e9 apuestan por la flota m\u00e1s grande de camiones IVECO GNL<\/h2>\n<p>Para satisfacer las necesidades del mercado y comprender su evoluci\u00f3n, IVECO cuenta con una red de atenci\u00f3n comercial y de servicio. Esta red trabaja en colaboraci\u00f3n con los clientes, construyendo la marca y analizando los mercados locales. Un ejemplo destacado es Chile, uno de los principales mercados de Am\u00e9rica Latina, donde Andes Motor se ha convertido en el nuevo socio estrat\u00e9gico de IVECO. Durante 2022, se entregaron 15 camiones S-Way a GNL al Grupo San Gabriel, el cliente con la flota m\u00e1s grande de camiones IVECO GNL en la regi\u00f3n. Estos veh\u00edculos se utilizar\u00e1n para el transporte de productos de Nestl\u00e9, y parte de la flota ser\u00e1 conducida exclusivamente por mujeres capacitadas a trav\u00e9s del programa \u00abMujer, conduce tu futuro\u00bb de Grupo San Gabriel.<\/p>\n<p>Adem\u00e1s, los primeros camiones X-Way a GNL llegaron al Caribe a trav\u00e9s de Mart\u00ed, el distribuidor oficial de IVECO en Rep\u00fablica Dominicana. TotalEnergies, una multinacional comprometida con la neutralidad de carbono, adquiri\u00f3 13 veh\u00edculos X-Way propulsados a GNL para la distribuci\u00f3n de combustible. Estos camiones contribuyen al cuidado del medio ambiente y a la movilidad sostenible en la regi\u00f3n caribe\u00f1a.<\/p>\n<p>La adopci\u00f3n de camiones a GNL en Am\u00e9rica Latina es un paso importante hacia un futuro m\u00e1s sustentable y rentable en el sector del transporte. <a href=\"https:\/\/autofans.com.ar\/index.php\/2023\/06\/07\/iveco-natural-power-la-eleccion-inteligente-para-un-transporte-eco-amigable\/\" target=\"_blank\" rel=\"noopener\">IVECO<\/a> contin\u00faa liderando esta transici\u00f3n, ofreciendo tecnolog\u00edas de calidad mundial, reduciendo las emisiones contaminantes y proporcionando soluciones innovadoras para un transporte m\u00e1s eficiente.<\/p>\n<p>&nbsp;<\/p>\n<p><i>Para enterarte de m\u00e1s novedades, no dejes de leer\u00a0<\/i><a href=\"https:\/\/autofans.thebrandsoup.com\/\"><i>nuestras notas<\/i><\/a><i>, de ver<\/i><b><i>\u00a0<\/i><\/b><a href=\"https:\/\/www.youtube.com\/channel\/UCgAC8UGHZYbT6P7PpmVnP7g\"><b><i>AUTOFANS TV<\/i><\/b><\/a><b><i>\u00a0<\/i><\/b><i>en nuestro\u00a0canal de Youtube. Adem\u00e1s seguinos en\u00a0<\/i><a href=\"https:\/\/www.instagram.com\/autofanstv\/\"><i>INSTAGRAM<\/i><\/a><i> y <\/i><a href=\"https:\/\/www.facebook.com\/autofansmas\/\"><i>FACEBOOK<\/i><\/a><i> para no perderte nada sobre las novedades del segmento automotor de Argentina y el mundo. <\/i><\/p>\n","protected":false},"excerpt":{"rendered":"<p>IVECO lidera la revoluci\u00f3n del transporte Am\u00e9rica Latina est\u00e1 presenciando un crecimiento significativo en la&#8230;<\/p>\n","protected":false},"author":2,"featured_media":3944,"comment_status":"closed","ping_status":"closed","sticky":false,"template":"","format":"standard","meta":{"footnotes":""},"categories":[16,10],"tags":[551,1912,1917,654,125,1914,1913,1915,1916,1918,584],"class_list":["post-3940","post","type-post","status-publish","format-standard","has-post-thumbnail","hentry","category-noticias","category-utilitarios-y-pesados-lanzamientos","tag-america-latina","tag-camiones-a-gnl","tag-emisiones-contaminantes","tag-iveco","tag-movilidad-sostenible","tag-proteccion-del-medio-ambiente","tag-reduccion-de-costos-operativos","tag-soluciones-innovadoras","tag-tecnologias-de-calidad-mundial","tag-transporte-eficiente","tag-transporte-sustentable"],"yoast_head":"<!-- This site is optimized with the Yoast SEO plugin v27.5 - https:\/\/yoast.com\/product\/yoast-seo-wordpress\/ -->\n<title>IVECO lidera la revoluci\u00f3n del transporte en camiones a GNL -<\/title>\n<meta name=\"description\" content=\"Am\u00e9rica Latina, est\u00e1 presenciando un crecimiento significativo en la demanda de camiones a Gas Natural Licuado (GNL)...\" \/>\n<meta name=\"robots\" content=\"index, follow, max-snippet:-1, max-image-preview:large, max-video-preview:-1\" \/>\n<link rel=\"canonical\" href=\"https:\/\/autofans.com.ar\/index.php\/2023\/07\/12\/iveco-lidera-la-revolucion-del-transporte-en-camiones-a-gnl\/\" \/>\n<meta property=\"og:locale\" content=\"es_ES\" \/>\n<meta property=\"og:type\" content=\"article\" \/>\n<meta property=\"og:title\" content=\"IVECO lidera la revoluci\u00f3n del transporte en camiones a GNL -\" \/>\n<meta property=\"og:description\" content=\"Am\u00e9rica Latina, est\u00e1 presenciando un crecimiento significativo en la demanda de camiones a Gas Natural Licuado (GNL)...\" \/>\n<meta property=\"og:url\" content=\"https:\/\/autofans.com.ar\/index.php\/2023\/07\/12\/iveco-lidera-la-revolucion-del-transporte-en-camiones-a-gnl\/\" \/>\n<meta property=\"article:published_time\" content=\"2023-07-12T14:41:28+00:00\" \/>\n<meta property=\"og:image\" content=\"https:\/\/autofans.com.ar\/wp-content\/uploads\/2023\/07\/foto-1-18.jpg\" \/>\n\t<meta property=\"og:image:width\" content=\"1000\" \/>\n\t<meta property=\"og:image:height\" content=\"667\" \/>\n\t<meta property=\"og:image:type\" content=\"image\/jpeg\" \/>\n<meta name=\"author\" content=\"Alejandro Gabriel Rosito\" \/>\n<meta name=\"twitter:card\" content=\"summary_large_image\" \/>\n<meta name=\"twitter:label1\" content=\"Escrito por\" \/>\n\t<meta name=\"twitter:data1\" content=\"Alejandro Gabriel Rosito\" \/>\n\t<meta name=\"twitter:label2\" content=\"Tiempo de lectura\" \/>\n\t<meta name=\"twitter:data2\" content=\"3 minutos\" \/>\n<script type=\"application\/ld+json\" class=\"yoast-schema-graph\">{\"@context\":\"https:\\\/\\\/schema.org\",\"@graph\":[{\"@type\":\"Article\",\"@id\":\"https:\\\/\\\/autofans.com.ar\\\/index.php\\\/2023\\\/07\\\/12\\\/iveco-lidera-la-revolucion-del-transporte-en-camiones-a-gnl\\\/#article\",\"isPartOf\":{\"@id\":\"https:\\\/\\\/autofans.com.ar\\\/index.php\\\/2023\\\/07\\\/12\\\/iveco-lidera-la-revolucion-del-transporte-en-camiones-a-gnl\\\/\"},\"author\":{\"name\":\"Alejandro Gabriel Rosito\",\"@id\":\"https:\\\/\\\/autofans.com.ar\\\/#\\\/schema\\\/person\\\/4a8dda0b6df83ac3d6723e921274c2aa\"},\"headline\":\"IVECO lidera la revoluci\u00f3n del transporte en camiones a GNL\",\"datePublished\":\"2023-07-12T14:41:28+00:00\",\"mainEntityOfPage\":{\"@id\":\"https:\\\/\\\/autofans.com.ar\\\/index.php\\\/2023\\\/07\\\/12\\\/iveco-lidera-la-revolucion-del-transporte-en-camiones-a-gnl\\\/\"},\"wordCount\":511,\"image\":{\"@id\":\"https:\\\/\\\/autofans.com.ar\\\/index.php\\\/2023\\\/07\\\/12\\\/iveco-lidera-la-revolucion-del-transporte-en-camiones-a-gnl\\\/#primaryimage\"},\"thumbnailUrl\":\"https:\\\/\\\/autofans.com.ar\\\/wp-content\\\/uploads\\\/2023\\\/07\\\/foto-1-18.jpg\",\"keywords\":[\"Am\u00e9rica Latina\",\"camiones a GNL\",\"emisiones contaminantes\",\"IVECO\",\"Movilidad Sostenible\",\"protecci\u00f3n del medio ambiente\",\"reducci\u00f3n de costos operativos\",\"soluciones innovadoras\",\"tecnolog\u00edas de calidad mundial\",\"transporte eficiente\",\"transporte sustentable\"],\"articleSection\":[\"NOTICIAS\",\"Pick Ups, Utilitarios y Pesados\"],\"inLanguage\":\"es\"},{\"@type\":\"WebPage\",\"@id\":\"https:\\\/\\\/autofans.com.ar\\\/index.php\\\/2023\\\/07\\\/12\\\/iveco-lidera-la-revolucion-del-transporte-en-camiones-a-gnl\\\/\",\"url\":\"https:\\\/\\\/autofans.com.ar\\\/index.php\\\/2023\\\/07\\\/12\\\/iveco-lidera-la-revolucion-del-transporte-en-camiones-a-gnl\\\/\",\"name\":\"IVECO lidera la revoluci\u00f3n del transporte en camiones a GNL -\",\"isPartOf\":{\"@id\":\"https:\\\/\\\/autofans.com.ar\\\/#website\"},\"primaryImageOfPage\":{\"@id\":\"https:\\\/\\\/autofans.com.ar\\\/index.php\\\/2023\\\/07\\\/12\\\/iveco-lidera-la-revolucion-del-transporte-en-camiones-a-gnl\\\/#primaryimage\"},\"image\":{\"@id\":\"https:\\\/\\\/autofans.com.ar\\\/index.php\\\/2023\\\/07\\\/12\\\/iveco-lidera-la-revolucion-del-transporte-en-camiones-a-gnl\\\/#primaryimage\"},\"thumbnailUrl\":\"https:\\\/\\\/autofans.com.ar\\\/wp-content\\\/uploads\\\/2023\\\/07\\\/foto-1-18.jpg\",\"datePublished\":\"2023-07-12T14:41:28+00:00\",\"author\":{\"@id\":\"https:\\\/\\\/autofans.com.ar\\\/#\\\/schema\\\/person\\\/4a8dda0b6df83ac3d6723e921274c2aa\"},\"description\":\"Am\u00e9rica Latina, est\u00e1 presenciando un crecimiento significativo en la demanda de camiones a Gas Natural Licuado (GNL)...\",\"breadcrumb\":{\"@id\":\"https:\\\/\\\/autofans.com.ar\\\/index.php\\\/2023\\\/07\\\/12\\\/iveco-lidera-la-revolucion-del-transporte-en-camiones-a-gnl\\\/#breadcrumb\"},\"inLanguage\":\"es\",\"potentialAction\":[{\"@type\":\"ReadAction\",\"target\":[\"https:\\\/\\\/autofans.com.ar\\\/index.php\\\/2023\\\/07\\\/12\\\/iveco-lidera-la-revolucion-del-transporte-en-camiones-a-gnl\\\/\"]}]},{\"@type\":\"ImageObject\",\"inLanguage\":\"es\",\"@id\":\"https:\\\/\\\/autofans.com.ar\\\/index.php\\\/2023\\\/07\\\/12\\\/iveco-lidera-la-revolucion-del-transporte-en-camiones-a-gnl\\\/#primaryimage\",\"url\":\"https:\\\/\\\/autofans.com.ar\\\/wp-content\\\/uploads\\\/2023\\\/07\\\/foto-1-18.jpg\",\"contentUrl\":\"https:\\\/\\\/autofans.com.ar\\\/wp-content\\\/uploads\\\/2023\\\/07\\\/foto-1-18.jpg\",\"width\":1000,\"height\":667,\"caption\":\"iveco\"},{\"@type\":\"BreadcrumbList\",\"@id\":\"https:\\\/\\\/autofans.com.ar\\\/index.php\\\/2023\\\/07\\\/12\\\/iveco-lidera-la-revolucion-del-transporte-en-camiones-a-gnl\\\/#breadcrumb\",\"itemListElement\":[{\"@type\":\"ListItem\",\"position\":1,\"name\":\"Inicio\",\"item\":\"https:\\\/\\\/autofans.com.ar\\\/\"},{\"@type\":\"ListItem\",\"position\":2,\"name\":\"IVECO lidera la revoluci\u00f3n del transporte en camiones a GNL\"}]},{\"@type\":\"WebSite\",\"@id\":\"https:\\\/\\\/autofans.com.ar\\\/#website\",\"url\":\"https:\\\/\\\/autofans.com.ar\\\/\",\"name\":\"\",\"description\":\"El multimedio referente de la industria automotriz\",\"potentialAction\":[{\"@type\":\"SearchAction\",\"target\":{\"@type\":\"EntryPoint\",\"urlTemplate\":\"https:\\\/\\\/autofans.com.ar\\\/?s={search_term_string}\"},\"query-input\":{\"@type\":\"PropertyValueSpecification\",\"valueRequired\":true,\"valueName\":\"search_term_string\"}}],\"inLanguage\":\"es\"},{\"@type\":\"Person\",\"@id\":\"https:\\\/\\\/autofans.com.ar\\\/#\\\/schema\\\/person\\\/4a8dda0b6df83ac3d6723e921274c2aa\",\"name\":\"Alejandro Gabriel Rosito\",\"image\":{\"@type\":\"ImageObject\",\"inLanguage\":\"es\",\"@id\":\"https:\\\/\\\/secure.gravatar.com\\\/avatar\\\/16c5dda1489adfc62618084dcbb91cffd879c374b13fe5dd8e44ed6733852c88?s=96&d=mm&r=g\",\"url\":\"https:\\\/\\\/secure.gravatar.com\\\/avatar\\\/16c5dda1489adfc62618084dcbb91cffd879c374b13fe5dd8e44ed6733852c88?s=96&d=mm&r=g\",\"contentUrl\":\"https:\\\/\\\/secure.gravatar.com\\\/avatar\\\/16c5dda1489adfc62618084dcbb91cffd879c374b13fe5dd8e44ed6733852c88?s=96&d=mm&r=g\",\"caption\":\"Alejandro Gabriel Rosito\"},\"url\":\"https:\\\/\\\/autofans.com.ar\\\/index.php\\\/author\\\/gabrielr\\\/\"}]}<\/script>\n<!-- \/ Yoast SEO plugin. -->","yoast_head_json":{"title":"IVECO lidera la revoluci\u00f3n del transporte en camiones a GNL -","description":"Am\u00e9rica Latina, est\u00e1 presenciando un crecimiento significativo en la demanda de camiones a Gas Natural Licuado (GNL)...","robots":{"index":"index","follow":"follow","max-snippet":"max-snippet:-1","max-image-preview":"max-image-preview:large","max-video-preview":"max-video-preview:-1"},"canonical":"https:\/\/autofans.com.ar\/index.php\/2023\/07\/12\/iveco-lidera-la-revolucion-del-transporte-en-camiones-a-gnl\/","og_locale":"es_ES","og_type":"article","og_title":"IVECO lidera la revoluci\u00f3n del transporte en camiones a GNL -","og_description":"Am\u00e9rica Latina, est\u00e1 presenciando un crecimiento significativo en la demanda de camiones a Gas Natural Licuado (GNL)...","og_url":"https:\/\/autofans.com.ar\/index.php\/2023\/07\/12\/iveco-lidera-la-revolucion-del-transporte-en-camiones-a-gnl\/","article_published_time":"2023-07-12T14:41:28+00:00","og_image":[{"width":1000,"height":667,"url":"https:\/\/autofans.com.ar\/wp-content\/uploads\/2023\/07\/foto-1-18.jpg","type":"image\/jpeg"}],"author":"Alejandro Gabriel Rosito","twitter_card":"summary_large_image","twitter_misc":{"Escrito por":"Alejandro Gabriel Rosito","Tiempo de lectura":"3 minutos"},"schema":{"@context":"https:\/\/schema.org","@graph":[{"@type":"Article","@id":"https:\/\/autofans.com.ar\/index.php\/2023\/07\/12\/iveco-lidera-la-revolucion-del-transporte-en-camiones-a-gnl\/#article","isPartOf":{"@id":"https:\/\/autofans.com.ar\/index.php\/2023\/07\/12\/iveco-lidera-la-revolucion-del-transporte-en-camiones-a-gnl\/"},"author":{"name":"Alejandro Gabriel Rosito","@id":"https:\/\/autofans.com.ar\/#\/schema\/person\/4a8dda0b6df83ac3d6723e921274c2aa"},"headline":"IVECO lidera la revoluci\u00f3n del transporte en camiones a GNL","datePublished":"2023-07-12T14:41:28+00:00","mainEntityOfPage":{"@id":"https:\/\/autofans.com.ar\/index.php\/2023\/07\/12\/iveco-lidera-la-revolucion-del-transporte-en-camiones-a-gnl\/"},"wordCount":511,"image":{"@id":"https:\/\/autofans.com.ar\/index.php\/2023\/07\/12\/iveco-lidera-la-revolucion-del-transporte-en-camiones-a-gnl\/#primaryimage"},"thumbnailUrl":"https:\/\/autofans.com.ar\/wp-content\/uploads\/2023\/07\/foto-1-18.jpg","keywords":["Am\u00e9rica Latina","camiones a GNL","emisiones contaminantes","IVECO","Movilidad Sostenible","protecci\u00f3n del medio ambiente","reducci\u00f3n de costos operativos","soluciones innovadoras","tecnolog\u00edas de calidad mundial","transporte eficiente","transporte sustentable"],"articleSection":["NOTICIAS","Pick Ups, Utilitarios y Pesados"],"inLanguage":"es"},{"@type":"WebPage","@id":"https:\/\/autofans.com.ar\/index.php\/2023\/07\/12\/iveco-lidera-la-revolucion-del-transporte-en-camiones-a-gnl\/","url":"https:\/\/autofans.com.ar\/index.php\/2023\/07\/12\/iveco-lidera-la-revolucion-del-transporte-en-camiones-a-gnl\/","name":"IVECO lidera la revoluci\u00f3n del transporte en camiones a GNL -","isPartOf":{"@id":"https:\/\/autofans.com.ar\/#website"},"primaryImageOfPage":{"@id":"https:\/\/autofans.com.ar\/index.php\/2023\/07\/12\/iveco-lidera-la-revolucion-del-transporte-en-camiones-a-gnl\/#primaryimage"},"image":{"@id":"https:\/\/autofans.com.ar\/index.php\/2023\/07\/12\/iveco-lidera-la-revolucion-del-transporte-en-camiones-a-gnl\/#primaryimage"},"thumbnailUrl":"https:\/\/autofans.com.ar\/wp-content\/uploads\/2023\/07\/foto-1-18.jpg","datePublished":"2023-07-12T14:41:28+00:00","author":{"@id":"https:\/\/autofans.com.ar\/#\/schema\/person\/4a8dda0b6df83ac3d6723e921274c2aa"},"description":"Am\u00e9rica Latina, est\u00e1 presenciando un crecimiento significativo en la demanda de camiones a Gas Natural Licuado (GNL)...","breadcrumb":{"@id":"https:\/\/autofans.com.ar\/index.php\/2023\/07\/12\/iveco-lidera-la-revolucion-del-transporte-en-camiones-a-gnl\/#breadcrumb"},"inLanguage":"es","potentialAction":[{"@type":"ReadAction","target":["https:\/\/autofans.com.ar\/index.php\/2023\/07\/12\/iveco-lidera-la-revolucion-del-transporte-en-camiones-a-gnl\/"]}]},{"@type":"ImageObject","inLanguage":"es","@id":"https:\/\/autofans.com.ar\/index.php\/2023\/07\/12\/iveco-lidera-la-revolucion-del-transporte-en-camiones-a-gnl\/#primaryimage","url":"https:\/\/autofans.com.ar\/wp-content\/uploads\/2023\/07\/foto-1-18.jpg","contentUrl":"https:\/\/autofans.com.ar\/wp-content\/uploads\/2023\/07\/foto-1-18.jpg","width":1000,"height":667,"caption":"iveco"},{"@type":"BreadcrumbList","@id":"https:\/\/autofans.com.ar\/index.php\/2023\/07\/12\/iveco-lidera-la-revolucion-del-transporte-en-camiones-a-gnl\/#breadcrumb","itemListElement":[{"@type":"ListItem","position":1,"name":"Inicio","item":"https:\/\/autofans.com.ar\/"},{"@type":"ListItem","position":2,"name":"IVECO lidera la revoluci\u00f3n del transporte en camiones a GNL"}]},{"@type":"WebSite","@id":"https:\/\/autofans.com.ar\/#website","url":"https:\/\/autofans.com.ar\/","name":"","description":"El multimedio referente de la industria automotriz","potentialAction":[{"@type":"SearchAction","target":{"@type":"EntryPoint","urlTemplate":"https:\/\/autofans.com.ar\/?s={search_term_string}"},"query-input":{"@type":"PropertyValueSpecification","valueRequired":true,"valueName":"search_term_string"}}],"inLanguage":"es"},{"@type":"Person","@id":"https:\/\/autofans.com.ar\/#\/schema\/person\/4a8dda0b6df83ac3d6723e921274c2aa","name":"Alejandro Gabriel Rosito","image":{"@type":"ImageObject","inLanguage":"es","@id":"https:\/\/secure.gravatar.com\/avatar\/16c5dda1489adfc62618084dcbb91cffd879c374b13fe5dd8e44ed6733852c88?s=96&d=mm&r=g","url":"https:\/\/secure.gravatar.com\/avatar\/16c5dda1489adfc62618084dcbb91cffd879c374b13fe5dd8e44ed6733852c88?s=96&d=mm&r=g","contentUrl":"https:\/\/secure.gravatar.com\/avatar\/16c5dda1489adfc62618084dcbb91cffd879c374b13fe5dd8e44ed6733852c88?s=96&d=mm&r=g","caption":"Alejandro Gabriel Rosito"},"url":"https:\/\/autofans.com.ar\/index.php\/author\/gabrielr\/"}]}},"featured_image_urls":{"full":["https:\/\/autofans.com.ar\/wp-content\/uploads\/2023\/07\/foto-1-18.jpg",1000,667,false],"thumbnail":["https:\/\/autofans.com.ar\/wp-content\/uploads\/2023\/07\/foto-1-18-150x150.jpg",150,150,true],"medium":["https:\/\/autofans.com.ar\/wp-content\/uploads\/2023\/07\/foto-1-18-300x200.jpg",300,200,true],"medium_large":["https:\/\/autofans.com.ar\/wp-content\/uploads\/2023\/07\/foto-1-18-768x512.jpg",640,427,true],"large":["https:\/\/autofans.com.ar\/wp-content\/uploads\/2023\/07\/foto-1-18.jpg",640,427,false],"1536x1536":["https:\/\/autofans.com.ar\/wp-content\/uploads\/2023\/07\/foto-1-18.jpg",1000,667,false],"2048x2048":["https:\/\/autofans.com.ar\/wp-content\/uploads\/2023\/07\/foto-1-18.jpg",1000,667,false],"covernews-featured":["https:\/\/autofans.com.ar\/wp-content\/uploads\/2023\/07\/foto-1-18.jpg",1000,667,false],"covernews-medium":["https:\/\/autofans.com.ar\/wp-content\/uploads\/2023\/07\/foto-1-18-540x340.jpg",540,340,true]},"author_info":{"display_name":"Alejandro Gabriel Rosito","author_link":"https:\/\/autofans.com.ar\/index.php\/author\/gabrielr\/"},"category_info":"<a href=\"https:\/\/autofans.com.ar\/index.php\/category\/noticias\/\" rel=\"category tag\">NOTICIAS<\/a> <a href=\"https:\/\/autofans.com.ar\/index.php\/category\/lanzamientos\/utilitarios-y-pesados-lanzamientos\/\" rel=\"category tag\">Pick Ups, Utilitarios y Pesados<\/a>","tag_info":"Pick Ups, Utilitarios y Pesados","comment_count":0,"_links":{"self":[{"href":"https:\/\/autofans.com.ar\/index.php\/wp-json\/wp\/v2\/posts\/3940","targetHints":{"allow":["GET"]}}],"collection":[{"href":"https:\/\/autofans.com.ar\/index.php\/wp-json\/wp\/v2\/posts"}],"about":[{"href":"https:\/\/autofans.com.ar\/index.php\/wp-json\/wp\/v2\/types\/post"}],"author":[{"embeddable":true,"href":"https:\/\/autofans.com.ar\/index.php\/wp-json\/wp\/v2\/users\/2"}],"replies":[{"embeddable":true,"href":"https:\/\/autofans.com.ar\/index.php\/wp-json\/wp\/v2\/comments?post=3940"}],"version-history":[{"count":3,"href":"https:\/\/autofans.com.ar\/index.php\/wp-json\/wp\/v2\/posts\/3940\/revisions"}],"predecessor-version":[{"id":3947,"href":"https:\/\/autofans.com.ar\/index.php\/wp-json\/wp\/v2\/posts\/3940\/revisions\/3947"}],"wp:featuredmedia":[{"embeddable":true,"href":"https:\/\/autofans.com.ar\/index.php\/wp-json\/wp\/v2\/media\/3944"}],"wp:attachment":[{"href":"https:\/\/autofans.com.ar\/index.php\/wp-json\/wp\/v2\/media?parent=3940"}],"wp:term":[{"taxonomy":"category","embeddable":true,"href":"https:\/\/autofans.com.ar\/index.php\/wp-json\/wp\/v2\/categories?post=3940"},{"taxonomy":"post_tag","embeddable":true,"href":"https:\/\/autofans.com.ar\/index.php\/wp-json\/wp\/v2\/tags?post=3940"}],"curies":[{"name":"wp","href":"https:\/\/api.w.org\/{rel}","templated":true}]}}