{"id":3957,"date":"2023-07-12T20:49:37","date_gmt":"2023-07-12T23:49:37","guid":{"rendered":"https:\/\/autofans.com.ar\/?p=3957"},"modified":"2023-07-12T20:49:37","modified_gmt":"2023-07-12T23:49:37","slug":"revive-la-beatlemania-sobre-ruedas-el-iconico-mini-psicodelico-de-george-harrison","status":"publish","type":"post","link":"https:\/\/autofans.com.ar\/index.php\/2023\/07\/12\/revive-la-beatlemania-sobre-ruedas-el-iconico-mini-psicodelico-de-george-harrison\/","title":{"rendered":"Revive la Beatleman\u00eda sobre ruedas: El ic\u00f3nico Mini psicod\u00e9lico de George Harrison"},"content":{"rendered":"<p>Recordamos el Mini de Ville psicod\u00e9lico de George Harrison, estrella del film \u00abMagical Mystery Tour\u00bb de The Beatles en 1967. Descubre c\u00f3mo este ic\u00f3nico Mini se convirti\u00f3 en un s\u00edmbolo de la \u00e9poca y c\u00f3mo MINI rindi\u00f3 homenaje a Harrison con una remake en su 50 aniversario. \u00a1Revive la Beatleman\u00eda sobre ruedas!<\/p>\n<h2><img fetchpriority=\"high\" decoding=\"async\" class=\"aligncenter wp-image-3961 size-full\" src=\"https:\/\/autofans.com.ar\/wp-content\/uploads\/2023\/07\/foto-2-20.jpg\" alt=\"beatle\" width=\"1000\" height=\"667\" srcset=\"https:\/\/autofans.com.ar\/wp-content\/uploads\/2023\/07\/foto-2-20.jpg 1000w, https:\/\/autofans.com.ar\/wp-content\/uploads\/2023\/07\/foto-2-20-300x200.jpg 300w, https:\/\/autofans.com.ar\/wp-content\/uploads\/2023\/07\/foto-2-20-768x512.jpg 768w\" sizes=\"(max-width: 1000px) 100vw, 1000px\" \/><\/h2>\n<p>&nbsp;<\/p>\n<h2>Una historia de encanto y velocidad<\/h2>\n<p>En el mundo del automotor y la m\u00fasica, el Mini cl\u00e1sico destaca como un \u00edcono que ha conquistado corazones a lo largo de m\u00e1s de 60 a\u00f1os. Su dise\u00f1o distintivo, su sorprendente espacio interior y su \u00e1gil conducci\u00f3n le han valido un lugar especial en la alta sociedad brit\u00e1nica y en la escena internacional. No es de extra\u00f1ar que diversas celebridades, incluyendo miembros de The Beatles, hayan sucumbido a su encanto.<\/p>\n<div id='gallery-1' class='gallery galleryid-3957 gallery-columns-2 gallery-size-full'><figure class='gallery-item'>\n\t\t\t<div class='gallery-icon landscape'>\n\t\t\t\t<a href='https:\/\/autofans.com.ar\/index.php\/2023\/07\/12\/revive-la-beatlemania-sobre-ruedas-el-iconico-mini-psicodelico-de-george-harrison\/foto-4-120\/'><img loading=\"lazy\" width=\"1000\" height=\"667\" src=\"https:\/\/autofans.com.ar\/wp-content\/uploads\/2023\/07\/foto-4-13.jpg\" class=\"attachment-full size-full\" alt=\"beatle\" aria-describedby=\"gallery-1-3959\" srcset=\"https:\/\/autofans.com.ar\/wp-content\/uploads\/2023\/07\/foto-4-13.jpg 1000w, https:\/\/autofans.com.ar\/wp-content\/uploads\/2023\/07\/foto-4-13-300x200.jpg 300w, https:\/\/autofans.com.ar\/wp-content\/uploads\/2023\/07\/foto-4-13-768x512.jpg 768w\" sizes=\"auto, (max-width: 1000px) 100vw, 1000px\" loading=\"lazy\" decoding=\"async\" \/><\/a>\n\t\t\t<\/div>\n\t\t\t\t<figcaption class='wp-caption-text gallery-caption' id='gallery-1-3959'>\n\t\t\t\tPaul McCartney\n\t\t\t\t<\/figcaption><\/figure><figure class='gallery-item'>\n\t\t\t<div class='gallery-icon landscape'>\n\t\t\t\t<a href='https:\/\/autofans.com.ar\/index.php\/2023\/07\/12\/revive-la-beatlemania-sobre-ruedas-el-iconico-mini-psicodelico-de-george-harrison\/foto-5-78\/'><img loading=\"lazy\" width=\"1000\" height=\"667\" src=\"https:\/\/autofans.com.ar\/wp-content\/uploads\/2023\/07\/foto-5-4.jpg\" class=\"attachment-full size-full\" alt=\"beatle\" aria-describedby=\"gallery-1-3958\" srcset=\"https:\/\/autofans.com.ar\/wp-content\/uploads\/2023\/07\/foto-5-4.jpg 1000w, https:\/\/autofans.com.ar\/wp-content\/uploads\/2023\/07\/foto-5-4-300x200.jpg 300w, https:\/\/autofans.com.ar\/wp-content\/uploads\/2023\/07\/foto-5-4-768x512.jpg 768w\" sizes=\"auto, (max-width: 1000px) 100vw, 1000px\" loading=\"lazy\" decoding=\"async\" \/><\/a>\n\t\t\t<\/div>\n\t\t\t\t<figcaption class='wp-caption-text gallery-caption' id='gallery-1-3958'>\n\t\t\t\tJohn Lennon\n\t\t\t\t<\/figcaption><\/figure>\n\t\t<\/div>\n\n<p>&nbsp;<\/p>\n<h2>Una combinaci\u00f3n ic\u00f3nica<\/h2>\n<p>El Mini cl\u00e1sico tuvo un lugar privilegiado en la Beatleman\u00eda. En 1964, John Lennon adquiri\u00f3 un Mini, a pesar de no tener licencia de conducir. Al a\u00f1o siguiente, el manager Brian Epstein regal\u00f3 a cada miembro de la banda un Mini Cooper S. Fotos hist\u00f3ricas nos muestran a Ringo Starr posando con uno de los Mini Cooper S que participaron en el Rally de Montecarlo de 1964, y a Paul McCartney subiendo a su Mini en 1967.<\/p>\n<p>Sin embargo, el guitarrista George Harrison se destac\u00f3 al ser el orgulloso due\u00f1o de un Mini de Ville psicod\u00e9lico. Este veh\u00edculo, modificado por el famoso carrocero Radford, fue pintado con im\u00e1genes psicod\u00e9licas como yantras y mantras, reflejando el esp\u00edritu de la \u00e9poca. El legendario Mini protagoniz\u00f3 la pel\u00edcula \u00abMagical Mystery Tour\u00bb de The Beatles en 1967, dejando una huella imborrable en la cultura pop.<\/p>\n<p>&nbsp;<\/p>\n<div id='gallery-2' class='gallery galleryid-3957 gallery-columns-1 gallery-size-full'><figure class='gallery-item'>\n\t\t\t<div class='gallery-icon landscape'>\n\t\t\t\t<a href='https:\/\/autofans.com.ar\/index.php\/2023\/07\/12\/revive-la-beatlemania-sobre-ruedas-el-iconico-mini-psicodelico-de-george-harrison\/foto-3-165\/'><img loading=\"lazy\" width=\"1000\" height=\"667\" src=\"https:\/\/autofans.com.ar\/wp-content\/uploads\/2023\/07\/foto-3-18.jpg\" class=\"attachment-full size-full\" alt=\"beatle\" aria-describedby=\"gallery-2-3960\" srcset=\"https:\/\/autofans.com.ar\/wp-content\/uploads\/2023\/07\/foto-3-18.jpg 1000w, https:\/\/autofans.com.ar\/wp-content\/uploads\/2023\/07\/foto-3-18-300x200.jpg 300w, https:\/\/autofans.com.ar\/wp-content\/uploads\/2023\/07\/foto-3-18-768x512.jpg 768w\" sizes=\"auto, (max-width: 1000px) 100vw, 1000px\" loading=\"lazy\" decoding=\"async\" \/><\/a>\n\t\t\t<\/div>\n\t\t\t\t<figcaption class='wp-caption-text gallery-caption' id='gallery-2-3960'>\n\t\t\t\tRingo Starr\n\t\t\t\t<\/figcaption><\/figure>\n\t\t<\/div>\n\n<h2>Una leyenda viva<\/h2>\n<p>En el a\u00f1o 2009, MINI decidi\u00f3 rendir homenaje a George Harrison y present\u00f3 una versi\u00f3n remasterizada de su extravagante Mini de Ville. Dise\u00f1ado de acuerdo con los deseos de Olivia Harrison, viuda del m\u00fasico, este modelo recre\u00f3 el famoso aspecto psicod\u00e9lico. Durante el evento MINI United, celebrado en Silverstone en mayo de 2009, el ejemplar fue entregado a Olivia en nombre de la Material World Charitable Foundation, una organizaci\u00f3n ben\u00e9fica fundada por el propio George Harrison en 1973. Poco despu\u00e9s, el autom\u00f3vil fue subastado para apoyar dicha fundaci\u00f3n.<\/p>\n<p>Esta colaboraci\u00f3n entre <a href=\"https:\/\/autofans.com.ar\/index.php\/2023\/07\/05\/mini-acv-30-la-huella-en-la-historia-automotriz\/\" target=\"_blank\" rel=\"noopener\">MINI<\/a> y la <a href=\"https:\/\/www.materialworldfoundation.com\" target=\"_blank\" rel=\"noopener\">Fundaci\u00f3n Material World Charitable Foundation<\/a> fue descrita por Olivia Harrison como una uni\u00f3n agradable y significativa. La pasi\u00f3n de George por los Mini y el aniversario n\u00famero 50 de la marca se entrelazaron, generando un v\u00ednculo especial que trasciende el tiempo y mantiene viva la leyenda del Mini de Ville psicod\u00e9lico.<\/p>\n<p>&nbsp;<\/p>\n<p><i>Para enterarte de m\u00e1s novedades, no dejes de leer\u00a0<\/i><a href=\"https:\/\/autofans.thebrandsoup.com\/\"><i>nuestras notas<\/i><\/a><i>, de ver<\/i><b><i>\u00a0<\/i><\/b><a href=\"https:\/\/www.youtube.com\/channel\/UCgAC8UGHZYbT6P7PpmVnP7g\"><b><i>AUTOFANS TV<\/i><\/b><\/a><b><i>\u00a0<\/i><\/b><i>en nuestro\u00a0canal de Youtube. Adem\u00e1s seguinos en\u00a0<\/i><a href=\"https:\/\/www.instagram.com\/autofanstv\/\"><i>INSTAGRAM<\/i><\/a><i> y <\/i><a href=\"https:\/\/www.facebook.com\/autofansmas\/\"><i>FACEBOOK<\/i><\/a><i> para no perderte nada sobre las novedades del segmento automotor de Argentina y el mundo. <\/i><\/p>\n","protected":false},"excerpt":{"rendered":"<p>Recordamos el Mini de Ville psicod\u00e9lico de George Harrison, estrella del film \u00abMagical Mystery Tour\u00bb&#8230;<\/p>\n","protected":false},"author":2,"featured_media":3962,"comment_status":"closed","ping_status":"closed","sticky":false,"template":"","format":"standard","meta":{"footnotes":""},"categories":[6,16],"tags":[73,1923,1924,1927,1926,1929,1928,1823,1925],"class_list":["post-3957","post","type-post","status-publish","format-standard","has-post-thumbnail","hentry","category-bizstyle","category-noticias","tag-automotor","tag-beatlemania","tag-george-harrison","tag-icono-psicodelico","tag-magical-mystery-tour","tag-material-world-charitable-foundation","tag-mini-50-aniversario","tag-mini-clasico","tag-mini-de-ville"],"yoast_head":"<!-- This site is optimized with the Yoast SEO plugin v27.5 - https:\/\/yoast.com\/product\/yoast-seo-wordpress\/ -->\n<title>Revive la Beatleman\u00eda sobre ruedas: El ic\u00f3nico Mini psicod\u00e9lico de George Harrison -<\/title>\n<meta name=\"description\" content=\"Recordamos el Mini de Ville psicod\u00e9lico de George Harrison, estrella del film &quot;Magical Mystery Tour&quot; de The Beatles en 1967...\" \/>\n<meta name=\"robots\" content=\"index, follow, max-snippet:-1, max-image-preview:large, max-video-preview:-1\" \/>\n<link rel=\"canonical\" href=\"https:\/\/autofans.com.ar\/index.php\/2023\/07\/12\/revive-la-beatlemania-sobre-ruedas-el-iconico-mini-psicodelico-de-george-harrison\/\" \/>\n<meta property=\"og:locale\" content=\"es_ES\" \/>\n<meta property=\"og:type\" content=\"article\" \/>\n<meta property=\"og:title\" content=\"Revive la Beatleman\u00eda sobre ruedas: El ic\u00f3nico Mini psicod\u00e9lico de George Harrison -\" \/>\n<meta property=\"og:description\" content=\"Recordamos el Mini de Ville psicod\u00e9lico de George Harrison, estrella del film &quot;Magical Mystery Tour&quot; de The Beatles en 1967...\" \/>\n<meta property=\"og:url\" content=\"https:\/\/autofans.com.ar\/index.php\/2023\/07\/12\/revive-la-beatlemania-sobre-ruedas-el-iconico-mini-psicodelico-de-george-harrison\/\" \/>\n<meta property=\"article:published_time\" content=\"2023-07-12T23:49:37+00:00\" \/>\n<meta property=\"og:image\" content=\"https:\/\/autofans.com.ar\/wp-content\/uploads\/2023\/07\/foto-1-20.jpg\" \/>\n\t<meta property=\"og:image:width\" content=\"1000\" \/>\n\t<meta property=\"og:image:height\" content=\"667\" \/>\n\t<meta property=\"og:image:type\" content=\"image\/jpeg\" \/>\n<meta name=\"author\" content=\"Alejandro Gabriel Rosito\" \/>\n<meta name=\"twitter:card\" content=\"summary_large_image\" \/>\n<meta name=\"twitter:label1\" content=\"Escrito por\" \/>\n\t<meta name=\"twitter:data1\" content=\"Alejandro Gabriel Rosito\" \/>\n\t<meta name=\"twitter:label2\" content=\"Tiempo de lectura\" \/>\n\t<meta name=\"twitter:data2\" content=\"3 minutos\" \/>\n<script type=\"application\/ld+json\" class=\"yoast-schema-graph\">{\"@context\":\"https:\\\/\\\/schema.org\",\"@graph\":[{\"@type\":\"Article\",\"@id\":\"https:\\\/\\\/autofans.com.ar\\\/index.php\\\/2023\\\/07\\\/12\\\/revive-la-beatlemania-sobre-ruedas-el-iconico-mini-psicodelico-de-george-harrison\\\/#article\",\"isPartOf\":{\"@id\":\"https:\\\/\\\/autofans.com.ar\\\/index.php\\\/2023\\\/07\\\/12\\\/revive-la-beatlemania-sobre-ruedas-el-iconico-mini-psicodelico-de-george-harrison\\\/\"},\"author\":{\"name\":\"Alejandro Gabriel Rosito\",\"@id\":\"https:\\\/\\\/autofans.com.ar\\\/#\\\/schema\\\/person\\\/4a8dda0b6df83ac3d6723e921274c2aa\"},\"headline\":\"Revive la Beatleman\u00eda sobre ruedas: El ic\u00f3nico Mini psicod\u00e9lico de George Harrison\",\"datePublished\":\"2023-07-12T23:49:37+00:00\",\"mainEntityOfPage\":{\"@id\":\"https:\\\/\\\/autofans.com.ar\\\/index.php\\\/2023\\\/07\\\/12\\\/revive-la-beatlemania-sobre-ruedas-el-iconico-mini-psicodelico-de-george-harrison\\\/\"},\"wordCount\":526,\"image\":{\"@id\":\"https:\\\/\\\/autofans.com.ar\\\/index.php\\\/2023\\\/07\\\/12\\\/revive-la-beatlemania-sobre-ruedas-el-iconico-mini-psicodelico-de-george-harrison\\\/#primaryimage\"},\"thumbnailUrl\":\"https:\\\/\\\/autofans.com.ar\\\/wp-content\\\/uploads\\\/2023\\\/07\\\/foto-1-20.jpg\",\"keywords\":[\"Automotor\",\"Beatleman\u00eda\",\"George Harrison\",\"\u00edcono psicod\u00e9lico\",\"Magical Mystery Tour\",\"Material World Charitable Foundation\",\"MINI 50 aniversario\",\"Mini cl\u00e1sico\",\"Mini de Ville\"],\"articleSection\":[\"BIZSTYLE\",\"NOTICIAS\"],\"inLanguage\":\"es\"},{\"@type\":\"WebPage\",\"@id\":\"https:\\\/\\\/autofans.com.ar\\\/index.php\\\/2023\\\/07\\\/12\\\/revive-la-beatlemania-sobre-ruedas-el-iconico-mini-psicodelico-de-george-harrison\\\/\",\"url\":\"https:\\\/\\\/autofans.com.ar\\\/index.php\\\/2023\\\/07\\\/12\\\/revive-la-beatlemania-sobre-ruedas-el-iconico-mini-psicodelico-de-george-harrison\\\/\",\"name\":\"Revive la Beatleman\u00eda sobre ruedas: El ic\u00f3nico Mini psicod\u00e9lico de George Harrison -\",\"isPartOf\":{\"@id\":\"https:\\\/\\\/autofans.com.ar\\\/#website\"},\"primaryImageOfPage\":{\"@id\":\"https:\\\/\\\/autofans.com.ar\\\/index.php\\\/2023\\\/07\\\/12\\\/revive-la-beatlemania-sobre-ruedas-el-iconico-mini-psicodelico-de-george-harrison\\\/#primaryimage\"},\"image\":{\"@id\":\"https:\\\/\\\/autofans.com.ar\\\/index.php\\\/2023\\\/07\\\/12\\\/revive-la-beatlemania-sobre-ruedas-el-iconico-mini-psicodelico-de-george-harrison\\\/#primaryimage\"},\"thumbnailUrl\":\"https:\\\/\\\/autofans.com.ar\\\/wp-content\\\/uploads\\\/2023\\\/07\\\/foto-1-20.jpg\",\"datePublished\":\"2023-07-12T23:49:37+00:00\",\"author\":{\"@id\":\"https:\\\/\\\/autofans.com.ar\\\/#\\\/schema\\\/person\\\/4a8dda0b6df83ac3d6723e921274c2aa\"},\"description\":\"Recordamos el Mini de Ville psicod\u00e9lico de George Harrison, estrella del film \\\"Magical Mystery Tour\\\" de The Beatles en 1967...\",\"breadcrumb\":{\"@id\":\"https:\\\/\\\/autofans.com.ar\\\/index.php\\\/2023\\\/07\\\/12\\\/revive-la-beatlemania-sobre-ruedas-el-iconico-mini-psicodelico-de-george-harrison\\\/#breadcrumb\"},\"inLanguage\":\"es\",\"potentialAction\":[{\"@type\":\"ReadAction\",\"target\":[\"https:\\\/\\\/autofans.com.ar\\\/index.php\\\/2023\\\/07\\\/12\\\/revive-la-beatlemania-sobre-ruedas-el-iconico-mini-psicodelico-de-george-harrison\\\/\"]}]},{\"@type\":\"ImageObject\",\"inLanguage\":\"es\",\"@id\":\"https:\\\/\\\/autofans.com.ar\\\/index.php\\\/2023\\\/07\\\/12\\\/revive-la-beatlemania-sobre-ruedas-el-iconico-mini-psicodelico-de-george-harrison\\\/#primaryimage\",\"url\":\"https:\\\/\\\/autofans.com.ar\\\/wp-content\\\/uploads\\\/2023\\\/07\\\/foto-1-20.jpg\",\"contentUrl\":\"https:\\\/\\\/autofans.com.ar\\\/wp-content\\\/uploads\\\/2023\\\/07\\\/foto-1-20.jpg\",\"width\":1000,\"height\":667,\"caption\":\"beatle\"},{\"@type\":\"BreadcrumbList\",\"@id\":\"https:\\\/\\\/autofans.com.ar\\\/index.php\\\/2023\\\/07\\\/12\\\/revive-la-beatlemania-sobre-ruedas-el-iconico-mini-psicodelico-de-george-harrison\\\/#breadcrumb\",\"itemListElement\":[{\"@type\":\"ListItem\",\"position\":1,\"name\":\"Inicio\",\"item\":\"https:\\\/\\\/autofans.com.ar\\\/\"},{\"@type\":\"ListItem\",\"position\":2,\"name\":\"Revive la Beatleman\u00eda sobre ruedas: El ic\u00f3nico Mini psicod\u00e9lico de George Harrison\"}]},{\"@type\":\"WebSite\",\"@id\":\"https:\\\/\\\/autofans.com.ar\\\/#website\",\"url\":\"https:\\\/\\\/autofans.com.ar\\\/\",\"name\":\"\",\"description\":\"El multimedio referente de la industria automotriz\",\"potentialAction\":[{\"@type\":\"SearchAction\",\"target\":{\"@type\":\"EntryPoint\",\"urlTemplate\":\"https:\\\/\\\/autofans.com.ar\\\/?s={search_term_string}\"},\"query-input\":{\"@type\":\"PropertyValueSpecification\",\"valueRequired\":true,\"valueName\":\"search_term_string\"}}],\"inLanguage\":\"es\"},{\"@type\":\"Person\",\"@id\":\"https:\\\/\\\/autofans.com.ar\\\/#\\\/schema\\\/person\\\/4a8dda0b6df83ac3d6723e921274c2aa\",\"name\":\"Alejandro Gabriel Rosito\",\"image\":{\"@type\":\"ImageObject\",\"inLanguage\":\"es\",\"@id\":\"https:\\\/\\\/secure.gravatar.com\\\/avatar\\\/16c5dda1489adfc62618084dcbb91cffd879c374b13fe5dd8e44ed6733852c88?s=96&d=mm&r=g\",\"url\":\"https:\\\/\\\/secure.gravatar.com\\\/avatar\\\/16c5dda1489adfc62618084dcbb91cffd879c374b13fe5dd8e44ed6733852c88?s=96&d=mm&r=g\",\"contentUrl\":\"https:\\\/\\\/secure.gravatar.com\\\/avatar\\\/16c5dda1489adfc62618084dcbb91cffd879c374b13fe5dd8e44ed6733852c88?s=96&d=mm&r=g\",\"caption\":\"Alejandro Gabriel Rosito\"},\"url\":\"https:\\\/\\\/autofans.com.ar\\\/index.php\\\/author\\\/gabrielr\\\/\"}]}<\/script>\n<!-- \/ Yoast SEO plugin. -->","yoast_head_json":{"title":"Revive la Beatleman\u00eda sobre ruedas: El ic\u00f3nico Mini psicod\u00e9lico de George Harrison -","description":"Recordamos el Mini de Ville psicod\u00e9lico de George Harrison, estrella del film \"Magical Mystery Tour\" de The Beatles en 1967...","robots":{"index":"index","follow":"follow","max-snippet":"max-snippet:-1","max-image-preview":"max-image-preview:large","max-video-preview":"max-video-preview:-1"},"canonical":"https:\/\/autofans.com.ar\/index.php\/2023\/07\/12\/revive-la-beatlemania-sobre-ruedas-el-iconico-mini-psicodelico-de-george-harrison\/","og_locale":"es_ES","og_type":"article","og_title":"Revive la Beatleman\u00eda sobre ruedas: El ic\u00f3nico Mini psicod\u00e9lico de George Harrison -","og_description":"Recordamos el Mini de Ville psicod\u00e9lico de George Harrison, estrella del film \"Magical Mystery Tour\" de The Beatles en 1967...","og_url":"https:\/\/autofans.com.ar\/index.php\/2023\/07\/12\/revive-la-beatlemania-sobre-ruedas-el-iconico-mini-psicodelico-de-george-harrison\/","article_published_time":"2023-07-12T23:49:37+00:00","og_image":[{"width":1000,"height":667,"url":"https:\/\/autofans.com.ar\/wp-content\/uploads\/2023\/07\/foto-1-20.jpg","type":"image\/jpeg"}],"author":"Alejandro Gabriel Rosito","twitter_card":"summary_large_image","twitter_misc":{"Escrito por":"Alejandro Gabriel Rosito","Tiempo de lectura":"3 minutos"},"schema":{"@context":"https:\/\/schema.org","@graph":[{"@type":"Article","@id":"https:\/\/autofans.com.ar\/index.php\/2023\/07\/12\/revive-la-beatlemania-sobre-ruedas-el-iconico-mini-psicodelico-de-george-harrison\/#article","isPartOf":{"@id":"https:\/\/autofans.com.ar\/index.php\/2023\/07\/12\/revive-la-beatlemania-sobre-ruedas-el-iconico-mini-psicodelico-de-george-harrison\/"},"author":{"name":"Alejandro Gabriel Rosito","@id":"https:\/\/autofans.com.ar\/#\/schema\/person\/4a8dda0b6df83ac3d6723e921274c2aa"},"headline":"Revive la Beatleman\u00eda sobre ruedas: El ic\u00f3nico Mini psicod\u00e9lico de George Harrison","datePublished":"2023-07-12T23:49:37+00:00","mainEntityOfPage":{"@id":"https:\/\/autofans.com.ar\/index.php\/2023\/07\/12\/revive-la-beatlemania-sobre-ruedas-el-iconico-mini-psicodelico-de-george-harrison\/"},"wordCount":526,"image":{"@id":"https:\/\/autofans.com.ar\/index.php\/2023\/07\/12\/revive-la-beatlemania-sobre-ruedas-el-iconico-mini-psicodelico-de-george-harrison\/#primaryimage"},"thumbnailUrl":"https:\/\/autofans.com.ar\/wp-content\/uploads\/2023\/07\/foto-1-20.jpg","keywords":["Automotor","Beatleman\u00eda","George Harrison","\u00edcono psicod\u00e9lico","Magical Mystery Tour","Material World Charitable Foundation","MINI 50 aniversario","Mini cl\u00e1sico","Mini de Ville"],"articleSection":["BIZSTYLE","NOTICIAS"],"inLanguage":"es"},{"@type":"WebPage","@id":"https:\/\/autofans.com.ar\/index.php\/2023\/07\/12\/revive-la-beatlemania-sobre-ruedas-el-iconico-mini-psicodelico-de-george-harrison\/","url":"https:\/\/autofans.com.ar\/index.php\/2023\/07\/12\/revive-la-beatlemania-sobre-ruedas-el-iconico-mini-psicodelico-de-george-harrison\/","name":"Revive la Beatleman\u00eda sobre ruedas: El ic\u00f3nico Mini psicod\u00e9lico de George Harrison -","isPartOf":{"@id":"https:\/\/autofans.com.ar\/#website"},"primaryImageOfPage":{"@id":"https:\/\/autofans.com.ar\/index.php\/2023\/07\/12\/revive-la-beatlemania-sobre-ruedas-el-iconico-mini-psicodelico-de-george-harrison\/#primaryimage"},"image":{"@id":"https:\/\/autofans.com.ar\/index.php\/2023\/07\/12\/revive-la-beatlemania-sobre-ruedas-el-iconico-mini-psicodelico-de-george-harrison\/#primaryimage"},"thumbnailUrl":"https:\/\/autofans.com.ar\/wp-content\/uploads\/2023\/07\/foto-1-20.jpg","datePublished":"2023-07-12T23:49:37+00:00","author":{"@id":"https:\/\/autofans.com.ar\/#\/schema\/person\/4a8dda0b6df83ac3d6723e921274c2aa"},"description":"Recordamos el Mini de Ville psicod\u00e9lico de George Harrison, estrella del film \"Magical Mystery Tour\" de The Beatles en 1967...","breadcrumb":{"@id":"https:\/\/autofans.com.ar\/index.php\/2023\/07\/12\/revive-la-beatlemania-sobre-ruedas-el-iconico-mini-psicodelico-de-george-harrison\/#breadcrumb"},"inLanguage":"es","potentialAction":[{"@type":"ReadAction","target":["https:\/\/autofans.com.ar\/index.php\/2023\/07\/12\/revive-la-beatlemania-sobre-ruedas-el-iconico-mini-psicodelico-de-george-harrison\/"]}]},{"@type":"ImageObject","inLanguage":"es","@id":"https:\/\/autofans.com.ar\/index.php\/2023\/07\/12\/revive-la-beatlemania-sobre-ruedas-el-iconico-mini-psicodelico-de-george-harrison\/#primaryimage","url":"https:\/\/autofans.com.ar\/wp-content\/uploads\/2023\/07\/foto-1-20.jpg","contentUrl":"https:\/\/autofans.com.ar\/wp-content\/uploads\/2023\/07\/foto-1-20.jpg","width":1000,"height":667,"caption":"beatle"},{"@type":"BreadcrumbList","@id":"https:\/\/autofans.com.ar\/index.php\/2023\/07\/12\/revive-la-beatlemania-sobre-ruedas-el-iconico-mini-psicodelico-de-george-harrison\/#breadcrumb","itemListElement":[{"@type":"ListItem","position":1,"name":"Inicio","item":"https:\/\/autofans.com.ar\/"},{"@type":"ListItem","position":2,"name":"Revive la Beatleman\u00eda sobre ruedas: El ic\u00f3nico Mini psicod\u00e9lico de George Harrison"}]},{"@type":"WebSite","@id":"https:\/\/autofans.com.ar\/#website","url":"https:\/\/autofans.com.ar\/","name":"","description":"El multimedio referente de la industria automotriz","potentialAction":[{"@type":"SearchAction","target":{"@type":"EntryPoint","urlTemplate":"https:\/\/autofans.com.ar\/?s={search_term_string}"},"query-input":{"@type":"PropertyValueSpecification","valueRequired":true,"valueName":"search_term_string"}}],"inLanguage":"es"},{"@type":"Person","@id":"https:\/\/autofans.com.ar\/#\/schema\/person\/4a8dda0b6df83ac3d6723e921274c2aa","name":"Alejandro Gabriel Rosito","image":{"@type":"ImageObject","inLanguage":"es","@id":"https:\/\/secure.gravatar.com\/avatar\/16c5dda1489adfc62618084dcbb91cffd879c374b13fe5dd8e44ed6733852c88?s=96&d=mm&r=g","url":"https:\/\/secure.gravatar.com\/avatar\/16c5dda1489adfc62618084dcbb91cffd879c374b13fe5dd8e44ed6733852c88?s=96&d=mm&r=g","contentUrl":"https:\/\/secure.gravatar.com\/avatar\/16c5dda1489adfc62618084dcbb91cffd879c374b13fe5dd8e44ed6733852c88?s=96&d=mm&r=g","caption":"Alejandro Gabriel Rosito"},"url":"https:\/\/autofans.com.ar\/index.php\/author\/gabrielr\/"}]}},"featured_image_urls":{"full":["https:\/\/autofans.com.ar\/wp-content\/uploads\/2023\/07\/foto-1-20.jpg",1000,667,false],"thumbnail":["https:\/\/autofans.com.ar\/wp-content\/uploads\/2023\/07\/foto-1-20-150x150.jpg",150,150,true],"medium":["https:\/\/autofans.com.ar\/wp-content\/uploads\/2023\/07\/foto-1-20-300x200.jpg",300,200,true],"medium_large":["https:\/\/autofans.com.ar\/wp-content\/uploads\/2023\/07\/foto-1-20-768x512.jpg",640,427,true],"large":["https:\/\/autofans.com.ar\/wp-content\/uploads\/2023\/07\/foto-1-20.jpg",640,427,false],"1536x1536":["https:\/\/autofans.com.ar\/wp-content\/uploads\/2023\/07\/foto-1-20.jpg",1000,667,false],"2048x2048":["https:\/\/autofans.com.ar\/wp-content\/uploads\/2023\/07\/foto-1-20.jpg",1000,667,false],"covernews-featured":["https:\/\/autofans.com.ar\/wp-content\/uploads\/2023\/07\/foto-1-20.jpg",1000,667,false],"covernews-medium":["https:\/\/autofans.com.ar\/wp-content\/uploads\/2023\/07\/foto-1-20-540x340.jpg",540,340,true]},"author_info":{"display_name":"Alejandro Gabriel Rosito","author_link":"https:\/\/autofans.com.ar\/index.php\/author\/gabrielr\/"},"category_info":"<a href=\"https:\/\/autofans.com.ar\/index.php\/category\/noticias\/bizstyle\/\" rel=\"category tag\">BIZSTYLE<\/a> <a href=\"https:\/\/autofans.com.ar\/index.php\/category\/noticias\/\" rel=\"category tag\">NOTICIAS<\/a>","tag_info":"NOTICIAS","comment_count":0,"_links":{"self":[{"href":"https:\/\/autofans.com.ar\/index.php\/wp-json\/wp\/v2\/posts\/3957","targetHints":{"allow":["GET"]}}],"collection":[{"href":"https:\/\/autofans.com.ar\/index.php\/wp-json\/wp\/v2\/posts"}],"about":[{"href":"https:\/\/autofans.com.ar\/index.php\/wp-json\/wp\/v2\/types\/post"}],"author":[{"embeddable":true,"href":"https:\/\/autofans.com.ar\/index.php\/wp-json\/wp\/v2\/users\/2"}],"replies":[{"embeddable":true,"href":"https:\/\/autofans.com.ar\/index.php\/wp-json\/wp\/v2\/comments?post=3957"}],"version-history":[{"count":12,"href":"https:\/\/autofans.com.ar\/index.php\/wp-json\/wp\/v2\/posts\/3957\/revisions"}],"predecessor-version":[{"id":4006,"href":"https:\/\/autofans.com.ar\/index.php\/wp-json\/wp\/v2\/posts\/3957\/revisions\/4006"}],"wp:featuredmedia":[{"embeddable":true,"href":"https:\/\/autofans.com.ar\/index.php\/wp-json\/wp\/v2\/media\/3962"}],"wp:attachment":[{"href":"https:\/\/autofans.com.ar\/index.php\/wp-json\/wp\/v2\/media?parent=3957"}],"wp:term":[{"taxonomy":"category","embeddable":true,"href":"https:\/\/autofans.com.ar\/index.php\/wp-json\/wp\/v2\/categories?post=3957"},{"taxonomy":"post_tag","embeddable":true,"href":"https:\/\/autofans.com.ar\/index.php\/wp-json\/wp\/v2\/tags?post=3957"}],"curies":[{"name":"wp","href":"https:\/\/api.w.org\/{rel}","templated":true}]}}