{"id":3998,"date":"2023-07-13T12:15:35","date_gmt":"2023-07-13T15:15:35","guid":{"rendered":"https:\/\/autofans.com.ar\/?p=3998"},"modified":"2023-07-13T12:15:35","modified_gmt":"2023-07-13T15:15:35","slug":"bmw-ce-02-el-revolucionario-eparkourer-para-la-movilidad-urbana","status":"publish","type":"post","link":"https:\/\/autofans.com.ar\/index.php\/2023\/07\/13\/bmw-ce-02-el-revolucionario-eparkourer-para-la-movilidad-urbana\/","title":{"rendered":"BMW CE 02: El revolucionario &#8216;eParKourer&#8217; para la movilidad urbana"},"content":{"rendered":"<h2>Movilidad el\u00e9ctrica reinventada<\/h2>\n<p>En un paso m\u00e1s hacia la movilidad el\u00e9ctrica, BMW Motorrad introduce el BMW CE 02, un innovador veh\u00edculo el\u00e9ctrico dise\u00f1ado espec\u00edficamente para su uso en entornos urbanos. Este modelo, conocido como \u00abeParKourer\u00bb, combina un dise\u00f1o vanguardista, soluciones innovadoras y un rendimiento excepcional, convirti\u00e9ndose en el aliado perfecto para la movilidad en la ciudad.<\/p>\n<p>&nbsp;<\/p>\n<p><center><iframe title=\"Movilidad el\u00e9ctrica reinventada: BMW CE 02, la opci\u00f3n perfecta para la vida urbana\" width=\"640\" height=\"360\" src=\"https:\/\/www.youtube.com\/embed\/2VEYpPCqM-M?feature=oembed\" frameborder=\"0\" allow=\"accelerometer; autoplay; clipboard-write; encrypted-media; gyroscope; picture-in-picture; web-share\" referrerpolicy=\"strict-origin-when-cross-origin\" allowfullscreen><\/iframe><br \/>\n<\/center><br \/>\n&nbsp;<\/p>\n<h2><\/h2>\n<h2>Potencia y diversi\u00f3n en un solo veh\u00edculo<\/h2>\n<p>El BMW CE 02 es una nueva adici\u00f3n a la l\u00ednea de motocicletas de BMW Motorrad, y destaca por su atractivo especialmente dise\u00f1ado para j\u00f3venes urbanos. A diferencia de un scooter o una moto convencional, el CE 02 es un \u00abeParKourer\u00bb que se adapta perfectamente a las necesidades de la vida en la ciudad. Su dise\u00f1o \u00e1gil, pr\u00e1ctico y robusto, combinado con ruedas de gran tama\u00f1o, garantiza una conducci\u00f3n divertida en cualquier terreno. Adem\u00e1s, la versi\u00f3n HIGHLINE presenta una apariencia extrovertida y colorida que refleja su enfoque din\u00e1mico y orientado hacia el futuro.<\/p>\n<p>Con respecto al rendimiento, el BMW CE 02 ofrece dos variantes de potencia: 11 kW y 4 kW. La versi\u00f3n de 11 kW proporciona una experiencia de conducci\u00f3n \u00e1gil y din\u00e1mica, con una velocidad m\u00e1xima de 95 km\/h y una autonom\u00eda de m\u00e1s de 90 km, lo que permite aventurarse m\u00e1s all\u00e1 de los l\u00edmites de la ciudad. Por otro lado, la versi\u00f3n de 4 kW cumple con los requisitos del permiso de conducir europeo AM y puede ser manejada por j\u00f3venes a partir de los 15 a\u00f1os. Con un peso de solo 132 kg (versi\u00f3n de 11 kW) o 119 kg (versi\u00f3n de 4 kW) y una altura del asiento de 750 mm, el CE 02 ofrece una conducci\u00f3n \u00e1gil y divertida para principiantes y usuarios experimentados por igual.<\/p>\n<p>&nbsp;<\/p>\n<h2><img fetchpriority=\"high\" decoding=\"async\" class=\"aligncenter wp-image-4001 size-full\" src=\"https:\/\/autofans.com.ar\/wp-content\/uploads\/2023\/07\/foto-2-22.jpg\" alt=\"eParkourer\" width=\"1000\" height=\"667\" srcset=\"https:\/\/autofans.com.ar\/wp-content\/uploads\/2023\/07\/foto-2-22.jpg 1000w, https:\/\/autofans.com.ar\/wp-content\/uploads\/2023\/07\/foto-2-22-300x200.jpg 300w, https:\/\/autofans.com.ar\/wp-content\/uploads\/2023\/07\/foto-2-22-768x512.jpg 768w\" sizes=\"(max-width: 1000px) 100vw, 1000px\" \/><\/h2>\n<h2><\/h2>\n<p>&nbsp;<\/p>\n<h2>Carga r\u00e1pida y conectividad inteligente<\/h2>\n<p>El BMW CE 02 viene equipado con dos modos de conducci\u00f3n de serie: \u00abFlow\u00bb y \u00abSurf\u00bb. El modo \u00abFlow\u00bb est\u00e1 dise\u00f1ado para una conducci\u00f3n \u00f3ptima en el tr\u00e1fico urbano, mientras que el modo \u00abSurf\u00bb ofrece una experiencia de conducci\u00f3n m\u00e1s din\u00e1mica. Adem\u00e1s, el modo \u00abFlash\u00bb est\u00e1 disponible como parte del paquete opcional HIGHLINE y como accesorio original de BMW Motorrad, brindando a los conductores una opci\u00f3n deportiva y din\u00e1mica adicional.<\/p>\n<p>En cuanto a la carga, el BMW CE 02 incluye un cargador externo de serie de 0.9 kW, que permite una carga r\u00e1pida y conveniente en enchufes dom\u00e9sticos. Para una carga a\u00fan m\u00e1s r\u00e1pida, se encuentra disponible como opci\u00f3n un cargador r\u00e1pido de 1.5 kW. El chasis del CE 02 cuenta con un cuadro de tubo de doble bucle, horquillas telesc\u00f3picas, un basculante de un solo lado y llantas de aleaci\u00f3n ligera. Estas caracter\u00edsticas garantizan un manejo estable y seguro, mientras que los frenos de disco y el sistema ABS de BMW Motorrad garantizan una desaceleraci\u00f3n eficiente.<\/p>\n<p>El BMW CE 02 tambi\u00e9n ofrece caracter\u00edsticas tecnol\u00f3gicas avanzadas, como una pantalla TFT f\u00e1cil de leer, un puerto de carga USB-C y conectividad a trav\u00e9s de la aplicaci\u00f3n BMW Motorrad Connected. Mediante esta aplicaci\u00f3n, los usuarios pueden monitorear el estado de carga de la bater\u00eda y acceder a informaci\u00f3n relevante del veh\u00edculo en cualquier momento. Adem\u00e1s, la aplicaci\u00f3n permite controlar ciertas funciones utilizando los botones del manillar y grabar viajes para futuras referencias.<\/p>\n<h2><\/h2>\n<p>&nbsp;<\/p>\n<h2><img decoding=\"async\" class=\"aligncenter wp-image-4002 size-full\" src=\"https:\/\/autofans.com.ar\/wp-content\/uploads\/2023\/07\/foto-1-22.jpg\" alt=\"eParkourer\" width=\"1000\" height=\"667\" srcset=\"https:\/\/autofans.com.ar\/wp-content\/uploads\/2023\/07\/foto-1-22.jpg 1000w, https:\/\/autofans.com.ar\/wp-content\/uploads\/2023\/07\/foto-1-22-300x200.jpg 300w, https:\/\/autofans.com.ar\/wp-content\/uploads\/2023\/07\/foto-1-22-768x512.jpg 768w\" sizes=\"(max-width: 1000px) 100vw, 1000px\" \/><\/h2>\n<h2><\/h2>\n<p>&nbsp;<\/p>\n<h2>El nuevo BMW CE 02 destaca por los siguientes aspectos clave:<\/h2>\n<ul>\n<li>Potencia m\u00e1xima de 11 kW, potencia nominal de 6 kW y par motor de 55 Nm.<\/li>\n<li>Variante especial de 4 kW para la licencia de conducir europea AM.<\/li>\n<li>Chasis robusto con cuadro de tubo de doble bucle y llantas de aleaci\u00f3n ligera.<\/li>\n<li>Modos de conducci\u00f3n \u00abFlow\u00bb y \u00abSurf\u00bb de serie, y modo \u00abFlash\u00bb como opci\u00f3n.<\/li>\n<li>Altura del asiento de 750 mm para mayor comodidad.<\/li>\n<li>Cargador externo de serie y cargador r\u00e1pido como opci\u00f3n.<\/li>\n<li>Pantalla TFT, puerto de carga USB-C y conectividad a trav\u00e9s de la aplicaci\u00f3n BMW Motorrad Connected.<\/li>\n<\/ul>\n<p>Con el lanzamiento del BMW CE 02, <a href=\"https:\/\/autofans.com.ar\/index.php\/2023\/06\/26\/bmw-motorrad-presenta-la-esperada-r-1300-gs-con-motor-boxer\/\" target=\"_blank\" rel=\"noopener\">BMW Motorrad<\/a> demuestra su compromiso con la movilidad sostenible y su capacidad para ofrecer veh\u00edculos el\u00e9ctricos de alto rendimiento adaptados a las necesidades de los conductores urbanos. Este nuevo \u00abeParKourer\u00bb representa una opci\u00f3n emocionante y pr\u00e1ctica para aquellos que buscan una forma \u00e1gil y divertida de moverse por la ciudad.<\/p>\n<p>&nbsp;<\/p>\n<p><i>Para enterarte de m\u00e1s novedades, no dejes de leer\u00a0<\/i><a href=\"https:\/\/autofans.thebrandsoup.com\/\"><i>nuestras notas<\/i><\/a><i>, de ver<\/i><b><i>\u00a0<\/i><\/b><a href=\"https:\/\/www.youtube.com\/channel\/UCgAC8UGHZYbT6P7PpmVnP7g\"><b><i>AUTOFANS TV<\/i><\/b><\/a><b><i>\u00a0<\/i><\/b><i>en nuestro\u00a0canal de Youtube. Adem\u00e1s seguinos en\u00a0<\/i><a href=\"https:\/\/www.instagram.com\/autofanstv\/\"><i>INSTAGRAM<\/i><\/a><i> y <\/i><a href=\"https:\/\/www.facebook.com\/autofansmas\/\"><i>FACEBOOK<\/i><\/a><i> para no perderte nada sobre las novedades del segmento automotor de Argentina y el mundo. <\/i><\/p>\n","protected":false},"excerpt":{"rendered":"<p>Movilidad el\u00e9ctrica reinventada En un paso m\u00e1s hacia la movilidad el\u00e9ctrica, BMW Motorrad introduce el&#8230;<\/p>\n","protected":false},"author":2,"featured_media":4000,"comment_status":"closed","ping_status":"closed","sticky":false,"template":"","format":"standard","meta":{"footnotes":""},"categories":[371,1,9],"tags":[216,1936,1939,1938,1818,1038,1937,1940,160],"class_list":["post-3998","post","type-post","status-publish","format-standard","has-post-thumbnail","hentry","category-hibridos-electricos-y","category-lanzamientos","category-motos-lanzamientos","tag-sostenibilidad","tag-bmwce02","tag-bmwmotorrad","tag-eparkourer","tag-innovacionautomotriz","tag-movilidadelectrica","tag-movilidadurbana","tag-tecnologiaelectrica","tag-vehiculoselectricos"],"yoast_head":"<!-- This site is optimized with the Yoast SEO plugin v27.5 - https:\/\/yoast.com\/product\/yoast-seo-wordpress\/ -->\n<title>BMW CE 02: El revolucionario &#039;eParKourer&#039; para la movilidad urbana -<\/title>\n<meta name=\"description\" content=\"BMW Motorrad introduce el BMW CE 02, un innovador veh\u00edculo el\u00e9ctrico dise\u00f1ado para su uso en entornos urbanos, conocido como &quot;eParKourer&quot;...\" \/>\n<meta name=\"robots\" content=\"index, follow, max-snippet:-1, max-image-preview:large, max-video-preview:-1\" \/>\n<link rel=\"canonical\" href=\"https:\/\/autofans.com.ar\/index.php\/2023\/07\/13\/bmw-ce-02-el-revolucionario-eparkourer-para-la-movilidad-urbana\/\" \/>\n<meta property=\"og:locale\" content=\"es_ES\" \/>\n<meta property=\"og:type\" content=\"article\" \/>\n<meta property=\"og:title\" content=\"BMW CE 02: El revolucionario &#039;eParKourer&#039; para la movilidad urbana -\" \/>\n<meta property=\"og:description\" content=\"BMW Motorrad introduce el BMW CE 02, un innovador veh\u00edculo el\u00e9ctrico dise\u00f1ado para su uso en entornos urbanos, conocido como &quot;eParKourer&quot;...\" \/>\n<meta property=\"og:url\" content=\"https:\/\/autofans.com.ar\/index.php\/2023\/07\/13\/bmw-ce-02-el-revolucionario-eparkourer-para-la-movilidad-urbana\/\" \/>\n<meta property=\"article:published_time\" content=\"2023-07-13T15:15:35+00:00\" \/>\n<meta property=\"og:image\" content=\"https:\/\/autofans.com.ar\/wp-content\/uploads\/2023\/07\/foto-3-20.jpg\" \/>\n\t<meta property=\"og:image:width\" content=\"1000\" \/>\n\t<meta property=\"og:image:height\" content=\"667\" \/>\n\t<meta property=\"og:image:type\" content=\"image\/jpeg\" \/>\n<meta name=\"author\" content=\"Alejandro Gabriel Rosito\" \/>\n<meta name=\"twitter:card\" content=\"summary_large_image\" \/>\n<meta name=\"twitter:label1\" content=\"Escrito por\" \/>\n\t<meta name=\"twitter:data1\" content=\"Alejandro Gabriel Rosito\" \/>\n\t<meta name=\"twitter:label2\" content=\"Tiempo de lectura\" \/>\n\t<meta name=\"twitter:data2\" content=\"4 minutos\" \/>\n<script type=\"application\/ld+json\" class=\"yoast-schema-graph\">{\"@context\":\"https:\\\/\\\/schema.org\",\"@graph\":[{\"@type\":\"Article\",\"@id\":\"https:\\\/\\\/autofans.com.ar\\\/index.php\\\/2023\\\/07\\\/13\\\/bmw-ce-02-el-revolucionario-eparkourer-para-la-movilidad-urbana\\\/#article\",\"isPartOf\":{\"@id\":\"https:\\\/\\\/autofans.com.ar\\\/index.php\\\/2023\\\/07\\\/13\\\/bmw-ce-02-el-revolucionario-eparkourer-para-la-movilidad-urbana\\\/\"},\"author\":{\"name\":\"Alejandro Gabriel Rosito\",\"@id\":\"https:\\\/\\\/autofans.com.ar\\\/#\\\/schema\\\/person\\\/4a8dda0b6df83ac3d6723e921274c2aa\"},\"headline\":\"BMW CE 02: El revolucionario &#8216;eParKourer&#8217; para la movilidad urbana\",\"datePublished\":\"2023-07-13T15:15:35+00:00\",\"mainEntityOfPage\":{\"@id\":\"https:\\\/\\\/autofans.com.ar\\\/index.php\\\/2023\\\/07\\\/13\\\/bmw-ce-02-el-revolucionario-eparkourer-para-la-movilidad-urbana\\\/\"},\"wordCount\":806,\"image\":{\"@id\":\"https:\\\/\\\/autofans.com.ar\\\/index.php\\\/2023\\\/07\\\/13\\\/bmw-ce-02-el-revolucionario-eparkourer-para-la-movilidad-urbana\\\/#primaryimage\"},\"thumbnailUrl\":\"https:\\\/\\\/autofans.com.ar\\\/wp-content\\\/uploads\\\/2023\\\/07\\\/foto-3-20.jpg\",\"keywords\":[\"#sostenibilidad\",\"BMWCE02\",\"BMWMotorrad\",\"eParKourer\",\"Innovaci\u00f3nAutomotriz\",\"Movilidadelectrica\",\"movilidadurbana\",\"tecnologiaelectrica\",\"vehiculoselectricos\"],\"articleSection\":[\"H\u00edbridos, El\u00e9ctricos y +\",\"LANZAMIENTOS\",\"Motos\"],\"inLanguage\":\"es\"},{\"@type\":\"WebPage\",\"@id\":\"https:\\\/\\\/autofans.com.ar\\\/index.php\\\/2023\\\/07\\\/13\\\/bmw-ce-02-el-revolucionario-eparkourer-para-la-movilidad-urbana\\\/\",\"url\":\"https:\\\/\\\/autofans.com.ar\\\/index.php\\\/2023\\\/07\\\/13\\\/bmw-ce-02-el-revolucionario-eparkourer-para-la-movilidad-urbana\\\/\",\"name\":\"BMW CE 02: El revolucionario 'eParKourer' para la movilidad urbana -\",\"isPartOf\":{\"@id\":\"https:\\\/\\\/autofans.com.ar\\\/#website\"},\"primaryImageOfPage\":{\"@id\":\"https:\\\/\\\/autofans.com.ar\\\/index.php\\\/2023\\\/07\\\/13\\\/bmw-ce-02-el-revolucionario-eparkourer-para-la-movilidad-urbana\\\/#primaryimage\"},\"image\":{\"@id\":\"https:\\\/\\\/autofans.com.ar\\\/index.php\\\/2023\\\/07\\\/13\\\/bmw-ce-02-el-revolucionario-eparkourer-para-la-movilidad-urbana\\\/#primaryimage\"},\"thumbnailUrl\":\"https:\\\/\\\/autofans.com.ar\\\/wp-content\\\/uploads\\\/2023\\\/07\\\/foto-3-20.jpg\",\"datePublished\":\"2023-07-13T15:15:35+00:00\",\"author\":{\"@id\":\"https:\\\/\\\/autofans.com.ar\\\/#\\\/schema\\\/person\\\/4a8dda0b6df83ac3d6723e921274c2aa\"},\"description\":\"BMW Motorrad introduce el BMW CE 02, un innovador veh\u00edculo el\u00e9ctrico dise\u00f1ado para su uso en entornos urbanos, conocido como \\\"eParKourer\\\"...\",\"breadcrumb\":{\"@id\":\"https:\\\/\\\/autofans.com.ar\\\/index.php\\\/2023\\\/07\\\/13\\\/bmw-ce-02-el-revolucionario-eparkourer-para-la-movilidad-urbana\\\/#breadcrumb\"},\"inLanguage\":\"es\",\"potentialAction\":[{\"@type\":\"ReadAction\",\"target\":[\"https:\\\/\\\/autofans.com.ar\\\/index.php\\\/2023\\\/07\\\/13\\\/bmw-ce-02-el-revolucionario-eparkourer-para-la-movilidad-urbana\\\/\"]}]},{\"@type\":\"ImageObject\",\"inLanguage\":\"es\",\"@id\":\"https:\\\/\\\/autofans.com.ar\\\/index.php\\\/2023\\\/07\\\/13\\\/bmw-ce-02-el-revolucionario-eparkourer-para-la-movilidad-urbana\\\/#primaryimage\",\"url\":\"https:\\\/\\\/autofans.com.ar\\\/wp-content\\\/uploads\\\/2023\\\/07\\\/foto-3-20.jpg\",\"contentUrl\":\"https:\\\/\\\/autofans.com.ar\\\/wp-content\\\/uploads\\\/2023\\\/07\\\/foto-3-20.jpg\",\"width\":1000,\"height\":667,\"caption\":\"eParkourer\"},{\"@type\":\"BreadcrumbList\",\"@id\":\"https:\\\/\\\/autofans.com.ar\\\/index.php\\\/2023\\\/07\\\/13\\\/bmw-ce-02-el-revolucionario-eparkourer-para-la-movilidad-urbana\\\/#breadcrumb\",\"itemListElement\":[{\"@type\":\"ListItem\",\"position\":1,\"name\":\"Inicio\",\"item\":\"https:\\\/\\\/autofans.com.ar\\\/\"},{\"@type\":\"ListItem\",\"position\":2,\"name\":\"BMW CE 02: El revolucionario &#8216;eParKourer&#8217; para la movilidad urbana\"}]},{\"@type\":\"WebSite\",\"@id\":\"https:\\\/\\\/autofans.com.ar\\\/#website\",\"url\":\"https:\\\/\\\/autofans.com.ar\\\/\",\"name\":\"\",\"description\":\"El multimedio referente de la industria automotriz\",\"potentialAction\":[{\"@type\":\"SearchAction\",\"target\":{\"@type\":\"EntryPoint\",\"urlTemplate\":\"https:\\\/\\\/autofans.com.ar\\\/?s={search_term_string}\"},\"query-input\":{\"@type\":\"PropertyValueSpecification\",\"valueRequired\":true,\"valueName\":\"search_term_string\"}}],\"inLanguage\":\"es\"},{\"@type\":\"Person\",\"@id\":\"https:\\\/\\\/autofans.com.ar\\\/#\\\/schema\\\/person\\\/4a8dda0b6df83ac3d6723e921274c2aa\",\"name\":\"Alejandro Gabriel Rosito\",\"image\":{\"@type\":\"ImageObject\",\"inLanguage\":\"es\",\"@id\":\"https:\\\/\\\/secure.gravatar.com\\\/avatar\\\/16c5dda1489adfc62618084dcbb91cffd879c374b13fe5dd8e44ed6733852c88?s=96&d=mm&r=g\",\"url\":\"https:\\\/\\\/secure.gravatar.com\\\/avatar\\\/16c5dda1489adfc62618084dcbb91cffd879c374b13fe5dd8e44ed6733852c88?s=96&d=mm&r=g\",\"contentUrl\":\"https:\\\/\\\/secure.gravatar.com\\\/avatar\\\/16c5dda1489adfc62618084dcbb91cffd879c374b13fe5dd8e44ed6733852c88?s=96&d=mm&r=g\",\"caption\":\"Alejandro Gabriel Rosito\"},\"url\":\"https:\\\/\\\/autofans.com.ar\\\/index.php\\\/author\\\/gabrielr\\\/\"}]}<\/script>\n<!-- \/ Yoast SEO plugin. -->","yoast_head_json":{"title":"BMW CE 02: El revolucionario 'eParKourer' para la movilidad urbana -","description":"BMW Motorrad introduce el BMW CE 02, un innovador veh\u00edculo el\u00e9ctrico dise\u00f1ado para su uso en entornos urbanos, conocido como \"eParKourer\"...","robots":{"index":"index","follow":"follow","max-snippet":"max-snippet:-1","max-image-preview":"max-image-preview:large","max-video-preview":"max-video-preview:-1"},"canonical":"https:\/\/autofans.com.ar\/index.php\/2023\/07\/13\/bmw-ce-02-el-revolucionario-eparkourer-para-la-movilidad-urbana\/","og_locale":"es_ES","og_type":"article","og_title":"BMW CE 02: El revolucionario 'eParKourer' para la movilidad urbana -","og_description":"BMW Motorrad introduce el BMW CE 02, un innovador veh\u00edculo el\u00e9ctrico dise\u00f1ado para su uso en entornos urbanos, conocido como \"eParKourer\"...","og_url":"https:\/\/autofans.com.ar\/index.php\/2023\/07\/13\/bmw-ce-02-el-revolucionario-eparkourer-para-la-movilidad-urbana\/","article_published_time":"2023-07-13T15:15:35+00:00","og_image":[{"width":1000,"height":667,"url":"https:\/\/autofans.com.ar\/wp-content\/uploads\/2023\/07\/foto-3-20.jpg","type":"image\/jpeg"}],"author":"Alejandro Gabriel Rosito","twitter_card":"summary_large_image","twitter_misc":{"Escrito por":"Alejandro Gabriel Rosito","Tiempo de lectura":"4 minutos"},"schema":{"@context":"https:\/\/schema.org","@graph":[{"@type":"Article","@id":"https:\/\/autofans.com.ar\/index.php\/2023\/07\/13\/bmw-ce-02-el-revolucionario-eparkourer-para-la-movilidad-urbana\/#article","isPartOf":{"@id":"https:\/\/autofans.com.ar\/index.php\/2023\/07\/13\/bmw-ce-02-el-revolucionario-eparkourer-para-la-movilidad-urbana\/"},"author":{"name":"Alejandro Gabriel Rosito","@id":"https:\/\/autofans.com.ar\/#\/schema\/person\/4a8dda0b6df83ac3d6723e921274c2aa"},"headline":"BMW CE 02: El revolucionario &#8216;eParKourer&#8217; para la movilidad urbana","datePublished":"2023-07-13T15:15:35+00:00","mainEntityOfPage":{"@id":"https:\/\/autofans.com.ar\/index.php\/2023\/07\/13\/bmw-ce-02-el-revolucionario-eparkourer-para-la-movilidad-urbana\/"},"wordCount":806,"image":{"@id":"https:\/\/autofans.com.ar\/index.php\/2023\/07\/13\/bmw-ce-02-el-revolucionario-eparkourer-para-la-movilidad-urbana\/#primaryimage"},"thumbnailUrl":"https:\/\/autofans.com.ar\/wp-content\/uploads\/2023\/07\/foto-3-20.jpg","keywords":["#sostenibilidad","BMWCE02","BMWMotorrad","eParKourer","Innovaci\u00f3nAutomotriz","Movilidadelectrica","movilidadurbana","tecnologiaelectrica","vehiculoselectricos"],"articleSection":["H\u00edbridos, El\u00e9ctricos y +","LANZAMIENTOS","Motos"],"inLanguage":"es"},{"@type":"WebPage","@id":"https:\/\/autofans.com.ar\/index.php\/2023\/07\/13\/bmw-ce-02-el-revolucionario-eparkourer-para-la-movilidad-urbana\/","url":"https:\/\/autofans.com.ar\/index.php\/2023\/07\/13\/bmw-ce-02-el-revolucionario-eparkourer-para-la-movilidad-urbana\/","name":"BMW CE 02: El revolucionario 'eParKourer' para la movilidad urbana -","isPartOf":{"@id":"https:\/\/autofans.com.ar\/#website"},"primaryImageOfPage":{"@id":"https:\/\/autofans.com.ar\/index.php\/2023\/07\/13\/bmw-ce-02-el-revolucionario-eparkourer-para-la-movilidad-urbana\/#primaryimage"},"image":{"@id":"https:\/\/autofans.com.ar\/index.php\/2023\/07\/13\/bmw-ce-02-el-revolucionario-eparkourer-para-la-movilidad-urbana\/#primaryimage"},"thumbnailUrl":"https:\/\/autofans.com.ar\/wp-content\/uploads\/2023\/07\/foto-3-20.jpg","datePublished":"2023-07-13T15:15:35+00:00","author":{"@id":"https:\/\/autofans.com.ar\/#\/schema\/person\/4a8dda0b6df83ac3d6723e921274c2aa"},"description":"BMW Motorrad introduce el BMW CE 02, un innovador veh\u00edculo el\u00e9ctrico dise\u00f1ado para su uso en entornos urbanos, conocido como \"eParKourer\"...","breadcrumb":{"@id":"https:\/\/autofans.com.ar\/index.php\/2023\/07\/13\/bmw-ce-02-el-revolucionario-eparkourer-para-la-movilidad-urbana\/#breadcrumb"},"inLanguage":"es","potentialAction":[{"@type":"ReadAction","target":["https:\/\/autofans.com.ar\/index.php\/2023\/07\/13\/bmw-ce-02-el-revolucionario-eparkourer-para-la-movilidad-urbana\/"]}]},{"@type":"ImageObject","inLanguage":"es","@id":"https:\/\/autofans.com.ar\/index.php\/2023\/07\/13\/bmw-ce-02-el-revolucionario-eparkourer-para-la-movilidad-urbana\/#primaryimage","url":"https:\/\/autofans.com.ar\/wp-content\/uploads\/2023\/07\/foto-3-20.jpg","contentUrl":"https:\/\/autofans.com.ar\/wp-content\/uploads\/2023\/07\/foto-3-20.jpg","width":1000,"height":667,"caption":"eParkourer"},{"@type":"BreadcrumbList","@id":"https:\/\/autofans.com.ar\/index.php\/2023\/07\/13\/bmw-ce-02-el-revolucionario-eparkourer-para-la-movilidad-urbana\/#breadcrumb","itemListElement":[{"@type":"ListItem","position":1,"name":"Inicio","item":"https:\/\/autofans.com.ar\/"},{"@type":"ListItem","position":2,"name":"BMW CE 02: El revolucionario &#8216;eParKourer&#8217; para la movilidad urbana"}]},{"@type":"WebSite","@id":"https:\/\/autofans.com.ar\/#website","url":"https:\/\/autofans.com.ar\/","name":"","description":"El multimedio referente de la industria automotriz","potentialAction":[{"@type":"SearchAction","target":{"@type":"EntryPoint","urlTemplate":"https:\/\/autofans.com.ar\/?s={search_term_string}"},"query-input":{"@type":"PropertyValueSpecification","valueRequired":true,"valueName":"search_term_string"}}],"inLanguage":"es"},{"@type":"Person","@id":"https:\/\/autofans.com.ar\/#\/schema\/person\/4a8dda0b6df83ac3d6723e921274c2aa","name":"Alejandro Gabriel Rosito","image":{"@type":"ImageObject","inLanguage":"es","@id":"https:\/\/secure.gravatar.com\/avatar\/16c5dda1489adfc62618084dcbb91cffd879c374b13fe5dd8e44ed6733852c88?s=96&d=mm&r=g","url":"https:\/\/secure.gravatar.com\/avatar\/16c5dda1489adfc62618084dcbb91cffd879c374b13fe5dd8e44ed6733852c88?s=96&d=mm&r=g","contentUrl":"https:\/\/secure.gravatar.com\/avatar\/16c5dda1489adfc62618084dcbb91cffd879c374b13fe5dd8e44ed6733852c88?s=96&d=mm&r=g","caption":"Alejandro Gabriel Rosito"},"url":"https:\/\/autofans.com.ar\/index.php\/author\/gabrielr\/"}]}},"featured_image_urls":{"full":["https:\/\/autofans.com.ar\/wp-content\/uploads\/2023\/07\/foto-3-20.jpg",1000,667,false],"thumbnail":["https:\/\/autofans.com.ar\/wp-content\/uploads\/2023\/07\/foto-3-20-150x150.jpg",150,150,true],"medium":["https:\/\/autofans.com.ar\/wp-content\/uploads\/2023\/07\/foto-3-20-300x200.jpg",300,200,true],"medium_large":["https:\/\/autofans.com.ar\/wp-content\/uploads\/2023\/07\/foto-3-20-768x512.jpg",640,427,true],"large":["https:\/\/autofans.com.ar\/wp-content\/uploads\/2023\/07\/foto-3-20.jpg",640,427,false],"1536x1536":["https:\/\/autofans.com.ar\/wp-content\/uploads\/2023\/07\/foto-3-20.jpg",1000,667,false],"2048x2048":["https:\/\/autofans.com.ar\/wp-content\/uploads\/2023\/07\/foto-3-20.jpg",1000,667,false],"covernews-featured":["https:\/\/autofans.com.ar\/wp-content\/uploads\/2023\/07\/foto-3-20.jpg",1000,667,false],"covernews-medium":["https:\/\/autofans.com.ar\/wp-content\/uploads\/2023\/07\/foto-3-20-540x340.jpg",540,340,true]},"author_info":{"display_name":"Alejandro Gabriel Rosito","author_link":"https:\/\/autofans.com.ar\/index.php\/author\/gabrielr\/"},"category_info":"<a href=\"https:\/\/autofans.com.ar\/index.php\/category\/lanzamientos\/hibridos-electricos-y\/\" rel=\"category tag\">H\u00edbridos, El\u00e9ctricos y +<\/a> <a href=\"https:\/\/autofans.com.ar\/index.php\/category\/lanzamientos\/\" rel=\"category tag\">LANZAMIENTOS<\/a> <a href=\"https:\/\/autofans.com.ar\/index.php\/category\/lanzamientos\/motos-lanzamientos\/\" rel=\"category tag\">Motos<\/a>","tag_info":"Motos","comment_count":0,"_links":{"self":[{"href":"https:\/\/autofans.com.ar\/index.php\/wp-json\/wp\/v2\/posts\/3998","targetHints":{"allow":["GET"]}}],"collection":[{"href":"https:\/\/autofans.com.ar\/index.php\/wp-json\/wp\/v2\/posts"}],"about":[{"href":"https:\/\/autofans.com.ar\/index.php\/wp-json\/wp\/v2\/types\/post"}],"author":[{"embeddable":true,"href":"https:\/\/autofans.com.ar\/index.php\/wp-json\/wp\/v2\/users\/2"}],"replies":[{"embeddable":true,"href":"https:\/\/autofans.com.ar\/index.php\/wp-json\/wp\/v2\/comments?post=3998"}],"version-history":[{"count":6,"href":"https:\/\/autofans.com.ar\/index.php\/wp-json\/wp\/v2\/posts\/3998\/revisions"}],"predecessor-version":[{"id":4011,"href":"https:\/\/autofans.com.ar\/index.php\/wp-json\/wp\/v2\/posts\/3998\/revisions\/4011"}],"wp:featuredmedia":[{"embeddable":true,"href":"https:\/\/autofans.com.ar\/index.php\/wp-json\/wp\/v2\/media\/4000"}],"wp:attachment":[{"href":"https:\/\/autofans.com.ar\/index.php\/wp-json\/wp\/v2\/media?parent=3998"}],"wp:term":[{"taxonomy":"category","embeddable":true,"href":"https:\/\/autofans.com.ar\/index.php\/wp-json\/wp\/v2\/categories?post=3998"},{"taxonomy":"post_tag","embeddable":true,"href":"https:\/\/autofans.com.ar\/index.php\/wp-json\/wp\/v2\/tags?post=3998"}],"curies":[{"name":"wp","href":"https:\/\/api.w.org\/{rel}","templated":true}]}}