{"id":4055,"date":"2023-07-17T12:39:38","date_gmt":"2023-07-17T15:39:38","guid":{"rendered":"https:\/\/autofans.com.ar\/?p=4055"},"modified":"2023-07-17T12:39:38","modified_gmt":"2023-07-17T15:39:38","slug":"mercedes-benz-revoluciona-la-formacion-automotriz-con-truckcionar-futuro","status":"publish","type":"post","link":"https:\/\/autofans.com.ar\/index.php\/2023\/07\/17\/mercedes-benz-revoluciona-la-formacion-automotriz-con-truckcionar-futuro\/","title":{"rendered":"Mercedes-Benz revoluciona la formaci\u00f3n automotriz con TruckCionar Futuro"},"content":{"rendered":"<h2>Innovaci\u00f3n en formaci\u00f3n automotriz<\/h2>\n<p>Mercedes-Benz Camiones y Buses y su red comercial lanzan el Programa TruckCionar Futuro. Una innovadora iniciativa de formaci\u00f3n dirigida a j\u00f3venes interesados en la industria automotriz. Esta propuesta, en colaboraci\u00f3n con la ONG Pescar, tiene como objetivo principal brindarles a los participantes las herramientas necesarias para su inserci\u00f3n laboral.<\/p>\n<p>En l\u00ednea con su compromiso social, <a href=\"https:\/\/autofans.com.ar\/index.php\/2023\/07\/04\/mercedes-benz-camiones-y-buses-implementa-chatgpt\/\" target=\"_blank\" rel=\"noopener\">Mercedes-Benz Camiones y Buses<\/a> contin\u00faa desarrollando proyectos que fortalecen el v\u00ednculo entre la empresa y la sociedad. En esta ocasi\u00f3n, se anuncia el Programa TruckCionar Futuro, el cual busca impactar positivamente en la formaci\u00f3n de j\u00f3venes de 18 a 29 a\u00f1os, centr\u00e1ndose en el \u00e1mbito automotriz.<\/p>\n<blockquote>\n<p style=\"text-align: center;\">Silvia Uranga, Presidenta de la Fundaci\u00f3n Pescar, afirma: \u00abDesde hace 20 a\u00f1os, Pescar Argentina transforma presente y futuro. Gracias a la nueva alianza con Mercedes-Benz Camiones y Buses, a trav\u00e9s del programa TruckCionar, el futuro y el presente se hacen realidad\u00bb.<\/p>\n<\/blockquote>\n<h2><\/h2>\n<h2><img fetchpriority=\"high\" decoding=\"async\" class=\"aligncenter wp-image-4058 size-full\" src=\"https:\/\/autofans.com.ar\/wp-content\/uploads\/2023\/07\/foto-1-27.jpg\" alt=\"TruckCionar\" width=\"1000\" height=\"667\" srcset=\"https:\/\/autofans.com.ar\/wp-content\/uploads\/2023\/07\/foto-1-27.jpg 1000w, https:\/\/autofans.com.ar\/wp-content\/uploads\/2023\/07\/foto-1-27-300x200.jpg 300w, https:\/\/autofans.com.ar\/wp-content\/uploads\/2023\/07\/foto-1-27-768x512.jpg 768w\" sizes=\"(max-width: 1000px) 100vw, 1000px\" \/><\/h2>\n<h2><\/h2>\n<h2>Programa de capacitaci\u00f3n en industria automotriz para j\u00f3venes Argentinos<\/h2>\n<p>El programa ofrece capacitaci\u00f3n t\u00e9cnica y desarrollo de habilidades personales a trav\u00e9s de actividades pr\u00e1cticas en los concesionarios de Mercedes-Benz Camiones y Buses en todo el pa\u00eds. De esta manera, se brinda la oportunidad de participar a j\u00f3venes de todas las provincias argentinas. La etapa de selecci\u00f3n de los candidatos comenzar\u00e1 en julio, y las capacitaciones y pr\u00e1cticas se llevar\u00e1n a cabo desde agosto de este a\u00f1o hasta enero de 2024.<\/p>\n<blockquote>\n<p style=\"text-align: center;\">\u00abEstamos orgullosos de implementar este ciclo de formaci\u00f3n, el cual fue dise\u00f1ado por expertos del Training Center de Mercedes-Benz Camiones y Buses, en colaboraci\u00f3n con el equipo de capacitadores y tutores de la Fundaci\u00f3n Pescar. Gracias a la alianza con nuestra red de concesionarios y el tercer sector, podemos reforzar nuestro compromiso de mantener el mundo en movimiento\u00bb, comenta Josefina Furlong, Responsable de Prensa, RSE y Relaciones P\u00fablicas de Mercedes-Benz Camiones y Buses.<\/p>\n<\/blockquote>\n<h2>Programa TruckCionar Futuro<\/h2>\n<p>En conjunto con la Fundaci\u00f3n Pescar, los concesionarios participantes recibir\u00e1n a los estudiantes en espacios de trabajo, como talleres, \u00e1reas de repuestos y administraci\u00f3n, para que realicen observaciones pr\u00e1cticas. Adem\u00e1s, contar\u00e1n con tutores dedicados a acompa\u00f1ar, guiar y asistir a los j\u00f3venes durante todo el proceso de formaci\u00f3n, asegurando una experiencia enriquecedora.<\/p>\n<p>Los concesionarios involucrados en el programa son Automotores Mega (Concordia y Paran\u00e1, Entre R\u00edos), Automotores Haedo (Mor\u00f3n, PBA), Ciglutti Guerini (Aldo Bonzi, La Matanza), Colcar Merbus (Moreno), Rolcar (Salta) y Simone (La Plata, PBA). Se seleccionar\u00e1n 25 j\u00f3venes de estas localidades, con edades comprendidas entre 18 y 29 a\u00f1os.<\/p>\n<p>Con el Programa TruckCionar Futuro, Mercedes-Benz Camiones y Buses y la Fundaci\u00f3n Pescar demuestran su compromiso en la formaci\u00f3n y desarrollo de j\u00f3venes interesados en la industria automotriz. Esta iniciativa contribuir\u00e1 a la inserci\u00f3n laboral de los participantes, prepar\u00e1ndolos para un futuro exitoso en este sector en constante evoluci\u00f3n.<\/p>\n<h2><\/h2>\n<h2>\u00bfC\u00f3mo inscribirse?<\/h2>\n<ul>\n<li>Del 10 al 19 de julio estar\u00e1 abierta la inscripci\u00f3n. Para participar, solo hay que completar el siguiente formulario de Google: <a href=\"https:\/\/docs.google.com\/forms\/d\/1Y7SkekljEiGXcbTg45A8ArGQtJSKZwAY3Mn8ymhGQhU\/viewform?edit_requested=true\" target=\"_blank\" rel=\"noopener\">Formulario de Inscripci\u00f3n TruckCionar FUTURO<\/a>.<\/li>\n<li>En <a href=\"https:\/\/www.youtube.com\/watch?v=4xXYpwDIpaQ\" target=\"_blank\" rel=\"noopener\">este video de YouTube<\/a>, los instructores de Mercedes-Benz Camiones y Buses presentan el Programa TruckCionar Futuro.<\/li>\n<\/ul>\n<p>&nbsp;<\/p>\n<p><i>Para enterarte de m\u00e1s novedades, no dejes de leer\u00a0<\/i><a href=\"https:\/\/autofans.thebrandsoup.com\/\"><i>nuestras notas<\/i><\/a><i>, de ver<\/i><b><i>\u00a0<\/i><\/b><a href=\"https:\/\/www.youtube.com\/channel\/UCgAC8UGHZYbT6P7PpmVnP7g\"><b><i>AUTOFANS TV<\/i><\/b><\/a><b><i>\u00a0<\/i><\/b><i>en nuestro\u00a0canal de Youtube. Adem\u00e1s seguinos en\u00a0<\/i><a href=\"https:\/\/www.instagram.com\/autofanstv\/\"><i>INSTAGRAM<\/i><\/a><i> y <\/i><a href=\"https:\/\/www.facebook.com\/autofansmas\/\"><i>FACEBOOK<\/i><\/a><i> para no perderte nada sobre las novedades del segmento automotor de Argentina y el mundo. <\/i><\/p>\n","protected":false},"excerpt":{"rendered":"<p>Innovaci\u00f3n en formaci\u00f3n automotriz Mercedes-Benz Camiones y Buses y su red comercial lanzan el Programa&#8230;<\/p>\n","protected":false},"author":2,"featured_media":4057,"comment_status":"closed","ping_status":"closed","sticky":false,"template":"","format":"standard","meta":{"footnotes":""},"categories":[6,292,16],"tags":[1971,1566,838,1969,1973,1972,86,1970,364,1974,1968],"class_list":["post-4055","post","type-post","status-publish","format-standard","has-post-thumbnail","hentry","category-bizstyle","category-empresas","category-noticias","tag-capacitacion-tecnica","tag-compromiso-social","tag-concesionarios","tag-formacion-de-jovenes","tag-fundacion-pescar","tag-habilidades-personales","tag-industria-automotriz","tag-insercion-laboral","tag-mercedes-benz","tag-programa-de-formacion","tag-truckcionar-futuro"],"yoast_head":"<!-- This site is optimized with the Yoast SEO plugin v27.5 - https:\/\/yoast.com\/product\/yoast-seo-wordpress\/ -->\n<title>Mercedes-Benz revoluciona la formaci\u00f3n automotriz con TruckCionar Futuro -<\/title>\n<meta name=\"description\" content=\"Mercedes-Benz Camiones y Buses y su red comercial lanzan el Programa TruckCionar Futuro. Una iniciativa de formaci\u00f3n para j\u00f3venes interesados\" \/>\n<meta name=\"robots\" content=\"index, follow, max-snippet:-1, max-image-preview:large, max-video-preview:-1\" \/>\n<link rel=\"canonical\" href=\"https:\/\/autofans.com.ar\/index.php\/2023\/07\/17\/mercedes-benz-revoluciona-la-formacion-automotriz-con-truckcionar-futuro\/\" \/>\n<meta property=\"og:locale\" content=\"es_ES\" \/>\n<meta property=\"og:type\" content=\"article\" \/>\n<meta property=\"og:title\" content=\"Mercedes-Benz revoluciona la formaci\u00f3n automotriz con TruckCionar Futuro -\" \/>\n<meta property=\"og:description\" content=\"Mercedes-Benz Camiones y Buses y su red comercial lanzan el Programa TruckCionar Futuro. Una iniciativa de formaci\u00f3n para j\u00f3venes interesados\" \/>\n<meta property=\"og:url\" content=\"https:\/\/autofans.com.ar\/index.php\/2023\/07\/17\/mercedes-benz-revoluciona-la-formacion-automotriz-con-truckcionar-futuro\/\" \/>\n<meta property=\"article:published_time\" content=\"2023-07-17T15:39:38+00:00\" \/>\n<meta property=\"og:image\" content=\"https:\/\/autofans.com.ar\/wp-content\/uploads\/2023\/07\/foto-2-27.jpg\" \/>\n\t<meta property=\"og:image:width\" content=\"1000\" \/>\n\t<meta property=\"og:image:height\" content=\"667\" \/>\n\t<meta property=\"og:image:type\" content=\"image\/jpeg\" \/>\n<meta name=\"author\" content=\"Alejandro Gabriel Rosito\" \/>\n<meta name=\"twitter:card\" content=\"summary_large_image\" \/>\n<meta name=\"twitter:label1\" content=\"Escrito por\" \/>\n\t<meta name=\"twitter:data1\" content=\"Alejandro Gabriel Rosito\" \/>\n\t<meta name=\"twitter:label2\" content=\"Tiempo de lectura\" \/>\n\t<meta name=\"twitter:data2\" content=\"3 minutos\" \/>\n<script type=\"application\/ld+json\" class=\"yoast-schema-graph\">{\"@context\":\"https:\\\/\\\/schema.org\",\"@graph\":[{\"@type\":\"Article\",\"@id\":\"https:\\\/\\\/autofans.com.ar\\\/index.php\\\/2023\\\/07\\\/17\\\/mercedes-benz-revoluciona-la-formacion-automotriz-con-truckcionar-futuro\\\/#article\",\"isPartOf\":{\"@id\":\"https:\\\/\\\/autofans.com.ar\\\/index.php\\\/2023\\\/07\\\/17\\\/mercedes-benz-revoluciona-la-formacion-automotriz-con-truckcionar-futuro\\\/\"},\"author\":{\"name\":\"Alejandro Gabriel Rosito\",\"@id\":\"https:\\\/\\\/autofans.com.ar\\\/#\\\/schema\\\/person\\\/4a8dda0b6df83ac3d6723e921274c2aa\"},\"headline\":\"Mercedes-Benz revoluciona la formaci\u00f3n automotriz con TruckCionar Futuro\",\"datePublished\":\"2023-07-17T15:39:38+00:00\",\"mainEntityOfPage\":{\"@id\":\"https:\\\/\\\/autofans.com.ar\\\/index.php\\\/2023\\\/07\\\/17\\\/mercedes-benz-revoluciona-la-formacion-automotriz-con-truckcionar-futuro\\\/\"},\"wordCount\":598,\"image\":{\"@id\":\"https:\\\/\\\/autofans.com.ar\\\/index.php\\\/2023\\\/07\\\/17\\\/mercedes-benz-revoluciona-la-formacion-automotriz-con-truckcionar-futuro\\\/#primaryimage\"},\"thumbnailUrl\":\"https:\\\/\\\/autofans.com.ar\\\/wp-content\\\/uploads\\\/2023\\\/07\\\/foto-2-27.jpg\",\"keywords\":[\"capacitaci\u00f3n t\u00e9cnica\",\"compromiso social\",\"concesionarios\",\"formaci\u00f3n de j\u00f3venes\",\"Fundaci\u00f3n Pescar\",\"habilidades personales\",\"Industria Automotriz\",\"inserci\u00f3n laboral\",\"Mercedes-Benz\",\"Programa de formaci\u00f3n\",\"TruckCionar Futuro\"],\"articleSection\":[\"BIZSTYLE\",\"EMPRESAS\",\"NOTICIAS\"],\"inLanguage\":\"es\"},{\"@type\":\"WebPage\",\"@id\":\"https:\\\/\\\/autofans.com.ar\\\/index.php\\\/2023\\\/07\\\/17\\\/mercedes-benz-revoluciona-la-formacion-automotriz-con-truckcionar-futuro\\\/\",\"url\":\"https:\\\/\\\/autofans.com.ar\\\/index.php\\\/2023\\\/07\\\/17\\\/mercedes-benz-revoluciona-la-formacion-automotriz-con-truckcionar-futuro\\\/\",\"name\":\"Mercedes-Benz revoluciona la formaci\u00f3n automotriz con TruckCionar Futuro -\",\"isPartOf\":{\"@id\":\"https:\\\/\\\/autofans.com.ar\\\/#website\"},\"primaryImageOfPage\":{\"@id\":\"https:\\\/\\\/autofans.com.ar\\\/index.php\\\/2023\\\/07\\\/17\\\/mercedes-benz-revoluciona-la-formacion-automotriz-con-truckcionar-futuro\\\/#primaryimage\"},\"image\":{\"@id\":\"https:\\\/\\\/autofans.com.ar\\\/index.php\\\/2023\\\/07\\\/17\\\/mercedes-benz-revoluciona-la-formacion-automotriz-con-truckcionar-futuro\\\/#primaryimage\"},\"thumbnailUrl\":\"https:\\\/\\\/autofans.com.ar\\\/wp-content\\\/uploads\\\/2023\\\/07\\\/foto-2-27.jpg\",\"datePublished\":\"2023-07-17T15:39:38+00:00\",\"author\":{\"@id\":\"https:\\\/\\\/autofans.com.ar\\\/#\\\/schema\\\/person\\\/4a8dda0b6df83ac3d6723e921274c2aa\"},\"description\":\"Mercedes-Benz Camiones y Buses y su red comercial lanzan el Programa TruckCionar Futuro. Una iniciativa de formaci\u00f3n para j\u00f3venes interesados\",\"breadcrumb\":{\"@id\":\"https:\\\/\\\/autofans.com.ar\\\/index.php\\\/2023\\\/07\\\/17\\\/mercedes-benz-revoluciona-la-formacion-automotriz-con-truckcionar-futuro\\\/#breadcrumb\"},\"inLanguage\":\"es\",\"potentialAction\":[{\"@type\":\"ReadAction\",\"target\":[\"https:\\\/\\\/autofans.com.ar\\\/index.php\\\/2023\\\/07\\\/17\\\/mercedes-benz-revoluciona-la-formacion-automotriz-con-truckcionar-futuro\\\/\"]}]},{\"@type\":\"ImageObject\",\"inLanguage\":\"es\",\"@id\":\"https:\\\/\\\/autofans.com.ar\\\/index.php\\\/2023\\\/07\\\/17\\\/mercedes-benz-revoluciona-la-formacion-automotriz-con-truckcionar-futuro\\\/#primaryimage\",\"url\":\"https:\\\/\\\/autofans.com.ar\\\/wp-content\\\/uploads\\\/2023\\\/07\\\/foto-2-27.jpg\",\"contentUrl\":\"https:\\\/\\\/autofans.com.ar\\\/wp-content\\\/uploads\\\/2023\\\/07\\\/foto-2-27.jpg\",\"width\":1000,\"height\":667,\"caption\":\"TruckCionar\"},{\"@type\":\"BreadcrumbList\",\"@id\":\"https:\\\/\\\/autofans.com.ar\\\/index.php\\\/2023\\\/07\\\/17\\\/mercedes-benz-revoluciona-la-formacion-automotriz-con-truckcionar-futuro\\\/#breadcrumb\",\"itemListElement\":[{\"@type\":\"ListItem\",\"position\":1,\"name\":\"Inicio\",\"item\":\"https:\\\/\\\/autofans.com.ar\\\/\"},{\"@type\":\"ListItem\",\"position\":2,\"name\":\"Mercedes-Benz revoluciona la formaci\u00f3n automotriz con TruckCionar Futuro\"}]},{\"@type\":\"WebSite\",\"@id\":\"https:\\\/\\\/autofans.com.ar\\\/#website\",\"url\":\"https:\\\/\\\/autofans.com.ar\\\/\",\"name\":\"\",\"description\":\"El multimedio referente de la industria automotriz\",\"potentialAction\":[{\"@type\":\"SearchAction\",\"target\":{\"@type\":\"EntryPoint\",\"urlTemplate\":\"https:\\\/\\\/autofans.com.ar\\\/?s={search_term_string}\"},\"query-input\":{\"@type\":\"PropertyValueSpecification\",\"valueRequired\":true,\"valueName\":\"search_term_string\"}}],\"inLanguage\":\"es\"},{\"@type\":\"Person\",\"@id\":\"https:\\\/\\\/autofans.com.ar\\\/#\\\/schema\\\/person\\\/4a8dda0b6df83ac3d6723e921274c2aa\",\"name\":\"Alejandro Gabriel Rosito\",\"image\":{\"@type\":\"ImageObject\",\"inLanguage\":\"es\",\"@id\":\"https:\\\/\\\/secure.gravatar.com\\\/avatar\\\/16c5dda1489adfc62618084dcbb91cffd879c374b13fe5dd8e44ed6733852c88?s=96&d=mm&r=g\",\"url\":\"https:\\\/\\\/secure.gravatar.com\\\/avatar\\\/16c5dda1489adfc62618084dcbb91cffd879c374b13fe5dd8e44ed6733852c88?s=96&d=mm&r=g\",\"contentUrl\":\"https:\\\/\\\/secure.gravatar.com\\\/avatar\\\/16c5dda1489adfc62618084dcbb91cffd879c374b13fe5dd8e44ed6733852c88?s=96&d=mm&r=g\",\"caption\":\"Alejandro Gabriel Rosito\"},\"url\":\"https:\\\/\\\/autofans.com.ar\\\/index.php\\\/author\\\/gabrielr\\\/\"}]}<\/script>\n<!-- \/ Yoast SEO plugin. -->","yoast_head_json":{"title":"Mercedes-Benz revoluciona la formaci\u00f3n automotriz con TruckCionar Futuro -","description":"Mercedes-Benz Camiones y Buses y su red comercial lanzan el Programa TruckCionar Futuro. Una iniciativa de formaci\u00f3n para j\u00f3venes interesados","robots":{"index":"index","follow":"follow","max-snippet":"max-snippet:-1","max-image-preview":"max-image-preview:large","max-video-preview":"max-video-preview:-1"},"canonical":"https:\/\/autofans.com.ar\/index.php\/2023\/07\/17\/mercedes-benz-revoluciona-la-formacion-automotriz-con-truckcionar-futuro\/","og_locale":"es_ES","og_type":"article","og_title":"Mercedes-Benz revoluciona la formaci\u00f3n automotriz con TruckCionar Futuro -","og_description":"Mercedes-Benz Camiones y Buses y su red comercial lanzan el Programa TruckCionar Futuro. Una iniciativa de formaci\u00f3n para j\u00f3venes interesados","og_url":"https:\/\/autofans.com.ar\/index.php\/2023\/07\/17\/mercedes-benz-revoluciona-la-formacion-automotriz-con-truckcionar-futuro\/","article_published_time":"2023-07-17T15:39:38+00:00","og_image":[{"width":1000,"height":667,"url":"https:\/\/autofans.com.ar\/wp-content\/uploads\/2023\/07\/foto-2-27.jpg","type":"image\/jpeg"}],"author":"Alejandro Gabriel Rosito","twitter_card":"summary_large_image","twitter_misc":{"Escrito por":"Alejandro Gabriel Rosito","Tiempo de lectura":"3 minutos"},"schema":{"@context":"https:\/\/schema.org","@graph":[{"@type":"Article","@id":"https:\/\/autofans.com.ar\/index.php\/2023\/07\/17\/mercedes-benz-revoluciona-la-formacion-automotriz-con-truckcionar-futuro\/#article","isPartOf":{"@id":"https:\/\/autofans.com.ar\/index.php\/2023\/07\/17\/mercedes-benz-revoluciona-la-formacion-automotriz-con-truckcionar-futuro\/"},"author":{"name":"Alejandro Gabriel Rosito","@id":"https:\/\/autofans.com.ar\/#\/schema\/person\/4a8dda0b6df83ac3d6723e921274c2aa"},"headline":"Mercedes-Benz revoluciona la formaci\u00f3n automotriz con TruckCionar Futuro","datePublished":"2023-07-17T15:39:38+00:00","mainEntityOfPage":{"@id":"https:\/\/autofans.com.ar\/index.php\/2023\/07\/17\/mercedes-benz-revoluciona-la-formacion-automotriz-con-truckcionar-futuro\/"},"wordCount":598,"image":{"@id":"https:\/\/autofans.com.ar\/index.php\/2023\/07\/17\/mercedes-benz-revoluciona-la-formacion-automotriz-con-truckcionar-futuro\/#primaryimage"},"thumbnailUrl":"https:\/\/autofans.com.ar\/wp-content\/uploads\/2023\/07\/foto-2-27.jpg","keywords":["capacitaci\u00f3n t\u00e9cnica","compromiso social","concesionarios","formaci\u00f3n de j\u00f3venes","Fundaci\u00f3n Pescar","habilidades personales","Industria Automotriz","inserci\u00f3n laboral","Mercedes-Benz","Programa de formaci\u00f3n","TruckCionar Futuro"],"articleSection":["BIZSTYLE","EMPRESAS","NOTICIAS"],"inLanguage":"es"},{"@type":"WebPage","@id":"https:\/\/autofans.com.ar\/index.php\/2023\/07\/17\/mercedes-benz-revoluciona-la-formacion-automotriz-con-truckcionar-futuro\/","url":"https:\/\/autofans.com.ar\/index.php\/2023\/07\/17\/mercedes-benz-revoluciona-la-formacion-automotriz-con-truckcionar-futuro\/","name":"Mercedes-Benz revoluciona la formaci\u00f3n automotriz con TruckCionar Futuro -","isPartOf":{"@id":"https:\/\/autofans.com.ar\/#website"},"primaryImageOfPage":{"@id":"https:\/\/autofans.com.ar\/index.php\/2023\/07\/17\/mercedes-benz-revoluciona-la-formacion-automotriz-con-truckcionar-futuro\/#primaryimage"},"image":{"@id":"https:\/\/autofans.com.ar\/index.php\/2023\/07\/17\/mercedes-benz-revoluciona-la-formacion-automotriz-con-truckcionar-futuro\/#primaryimage"},"thumbnailUrl":"https:\/\/autofans.com.ar\/wp-content\/uploads\/2023\/07\/foto-2-27.jpg","datePublished":"2023-07-17T15:39:38+00:00","author":{"@id":"https:\/\/autofans.com.ar\/#\/schema\/person\/4a8dda0b6df83ac3d6723e921274c2aa"},"description":"Mercedes-Benz Camiones y Buses y su red comercial lanzan el Programa TruckCionar Futuro. Una iniciativa de formaci\u00f3n para j\u00f3venes interesados","breadcrumb":{"@id":"https:\/\/autofans.com.ar\/index.php\/2023\/07\/17\/mercedes-benz-revoluciona-la-formacion-automotriz-con-truckcionar-futuro\/#breadcrumb"},"inLanguage":"es","potentialAction":[{"@type":"ReadAction","target":["https:\/\/autofans.com.ar\/index.php\/2023\/07\/17\/mercedes-benz-revoluciona-la-formacion-automotriz-con-truckcionar-futuro\/"]}]},{"@type":"ImageObject","inLanguage":"es","@id":"https:\/\/autofans.com.ar\/index.php\/2023\/07\/17\/mercedes-benz-revoluciona-la-formacion-automotriz-con-truckcionar-futuro\/#primaryimage","url":"https:\/\/autofans.com.ar\/wp-content\/uploads\/2023\/07\/foto-2-27.jpg","contentUrl":"https:\/\/autofans.com.ar\/wp-content\/uploads\/2023\/07\/foto-2-27.jpg","width":1000,"height":667,"caption":"TruckCionar"},{"@type":"BreadcrumbList","@id":"https:\/\/autofans.com.ar\/index.php\/2023\/07\/17\/mercedes-benz-revoluciona-la-formacion-automotriz-con-truckcionar-futuro\/#breadcrumb","itemListElement":[{"@type":"ListItem","position":1,"name":"Inicio","item":"https:\/\/autofans.com.ar\/"},{"@type":"ListItem","position":2,"name":"Mercedes-Benz revoluciona la formaci\u00f3n automotriz con TruckCionar Futuro"}]},{"@type":"WebSite","@id":"https:\/\/autofans.com.ar\/#website","url":"https:\/\/autofans.com.ar\/","name":"","description":"El multimedio referente de la industria automotriz","potentialAction":[{"@type":"SearchAction","target":{"@type":"EntryPoint","urlTemplate":"https:\/\/autofans.com.ar\/?s={search_term_string}"},"query-input":{"@type":"PropertyValueSpecification","valueRequired":true,"valueName":"search_term_string"}}],"inLanguage":"es"},{"@type":"Person","@id":"https:\/\/autofans.com.ar\/#\/schema\/person\/4a8dda0b6df83ac3d6723e921274c2aa","name":"Alejandro Gabriel Rosito","image":{"@type":"ImageObject","inLanguage":"es","@id":"https:\/\/secure.gravatar.com\/avatar\/16c5dda1489adfc62618084dcbb91cffd879c374b13fe5dd8e44ed6733852c88?s=96&d=mm&r=g","url":"https:\/\/secure.gravatar.com\/avatar\/16c5dda1489adfc62618084dcbb91cffd879c374b13fe5dd8e44ed6733852c88?s=96&d=mm&r=g","contentUrl":"https:\/\/secure.gravatar.com\/avatar\/16c5dda1489adfc62618084dcbb91cffd879c374b13fe5dd8e44ed6733852c88?s=96&d=mm&r=g","caption":"Alejandro Gabriel Rosito"},"url":"https:\/\/autofans.com.ar\/index.php\/author\/gabrielr\/"}]}},"featured_image_urls":{"full":["https:\/\/autofans.com.ar\/wp-content\/uploads\/2023\/07\/foto-2-27.jpg",1000,667,false],"thumbnail":["https:\/\/autofans.com.ar\/wp-content\/uploads\/2023\/07\/foto-2-27-150x150.jpg",150,150,true],"medium":["https:\/\/autofans.com.ar\/wp-content\/uploads\/2023\/07\/foto-2-27-300x200.jpg",300,200,true],"medium_large":["https:\/\/autofans.com.ar\/wp-content\/uploads\/2023\/07\/foto-2-27-768x512.jpg",640,427,true],"large":["https:\/\/autofans.com.ar\/wp-content\/uploads\/2023\/07\/foto-2-27.jpg",640,427,false],"1536x1536":["https:\/\/autofans.com.ar\/wp-content\/uploads\/2023\/07\/foto-2-27.jpg",1000,667,false],"2048x2048":["https:\/\/autofans.com.ar\/wp-content\/uploads\/2023\/07\/foto-2-27.jpg",1000,667,false],"covernews-featured":["https:\/\/autofans.com.ar\/wp-content\/uploads\/2023\/07\/foto-2-27.jpg",1000,667,false],"covernews-medium":["https:\/\/autofans.com.ar\/wp-content\/uploads\/2023\/07\/foto-2-27-540x340.jpg",540,340,true]},"author_info":{"display_name":"Alejandro Gabriel Rosito","author_link":"https:\/\/autofans.com.ar\/index.php\/author\/gabrielr\/"},"category_info":"<a href=\"https:\/\/autofans.com.ar\/index.php\/category\/noticias\/bizstyle\/\" rel=\"category tag\">BIZSTYLE<\/a> <a href=\"https:\/\/autofans.com.ar\/index.php\/category\/noticias\/empresas\/\" rel=\"category tag\">EMPRESAS<\/a> <a href=\"https:\/\/autofans.com.ar\/index.php\/category\/noticias\/\" rel=\"category tag\">NOTICIAS<\/a>","tag_info":"NOTICIAS","comment_count":0,"_links":{"self":[{"href":"https:\/\/autofans.com.ar\/index.php\/wp-json\/wp\/v2\/posts\/4055","targetHints":{"allow":["GET"]}}],"collection":[{"href":"https:\/\/autofans.com.ar\/index.php\/wp-json\/wp\/v2\/posts"}],"about":[{"href":"https:\/\/autofans.com.ar\/index.php\/wp-json\/wp\/v2\/types\/post"}],"author":[{"embeddable":true,"href":"https:\/\/autofans.com.ar\/index.php\/wp-json\/wp\/v2\/users\/2"}],"replies":[{"embeddable":true,"href":"https:\/\/autofans.com.ar\/index.php\/wp-json\/wp\/v2\/comments?post=4055"}],"version-history":[{"count":4,"href":"https:\/\/autofans.com.ar\/index.php\/wp-json\/wp\/v2\/posts\/4055\/revisions"}],"predecessor-version":[{"id":4061,"href":"https:\/\/autofans.com.ar\/index.php\/wp-json\/wp\/v2\/posts\/4055\/revisions\/4061"}],"wp:featuredmedia":[{"embeddable":true,"href":"https:\/\/autofans.com.ar\/index.php\/wp-json\/wp\/v2\/media\/4057"}],"wp:attachment":[{"href":"https:\/\/autofans.com.ar\/index.php\/wp-json\/wp\/v2\/media?parent=4055"}],"wp:term":[{"taxonomy":"category","embeddable":true,"href":"https:\/\/autofans.com.ar\/index.php\/wp-json\/wp\/v2\/categories?post=4055"},{"taxonomy":"post_tag","embeddable":true,"href":"https:\/\/autofans.com.ar\/index.php\/wp-json\/wp\/v2\/tags?post=4055"}],"curies":[{"name":"wp","href":"https:\/\/api.w.org\/{rel}","templated":true}]}}