{"id":4070,"date":"2023-07-17T21:00:56","date_gmt":"2023-07-18T00:00:56","guid":{"rendered":"https:\/\/autofans.com.ar\/?p=4070"},"modified":"2023-07-17T19:16:44","modified_gmt":"2023-07-17T22:16:44","slug":"mini-entrega-el-vehiculo-numero-un-millon-de-su-generacion","status":"publish","type":"post","link":"https:\/\/autofans.com.ar\/index.php\/2023\/07\/17\/mini-entrega-el-vehiculo-numero-un-millon-de-su-generacion\/","title":{"rendered":"MINI entrega el veh\u00edculo n\u00famero un mill\u00f3n de su generaci\u00f3n"},"content":{"rendered":"<h2>MINI Cooper SE<\/h2>\n<p>MINI celebra la entrega del veh\u00edculo n\u00famero un mill\u00f3n de su generaci\u00f3n actual en Calgary, Canad\u00e1. Fabricado en la planta de Oxford, Reino Unido. Este autom\u00f3vil especial cuenta con insignias y detalles conmemorativos, destacando su estatus \u00fanico. La emocionante entrega tuvo lugar el pasado mi\u00e9rcoles 28 de junio. El afortunado propietario recibi\u00f3 un MINI Cooper SE, un modelo totalmente el\u00e9ctrico que representa el compromiso de MINI con la movilidad sostenible.<\/p>\n<h2><\/h2>\n<h2><img fetchpriority=\"high\" decoding=\"async\" class=\"aligncenter wp-image-4075 size-full\" src=\"https:\/\/autofans.com.ar\/wp-content\/uploads\/2023\/07\/foto-1-29.jpg\" alt=\"mini\" width=\"1000\" height=\"667\" srcset=\"https:\/\/autofans.com.ar\/wp-content\/uploads\/2023\/07\/foto-1-29.jpg 1000w, https:\/\/autofans.com.ar\/wp-content\/uploads\/2023\/07\/foto-1-29-300x200.jpg 300w, https:\/\/autofans.com.ar\/wp-content\/uploads\/2023\/07\/foto-1-29-768x512.jpg 768w\" sizes=\"(max-width: 1000px) 100vw, 1000px\" \/><\/h2>\n<h2><\/h2>\n<h2>Celebrando un logro hist\u00f3rico<\/h2>\n<p>Para celebrar su entrega, los propietarios de esta joya disfrutaron de un peque\u00f1o evento de festejo que incluy\u00f3 un mensaje en v\u00eddeo de Charlie Cooper, nieto de John Cooper y miembro de la familia real de MINI, d\u00e1ndoles la bienvenida a la familia.<\/p>\n<p>&nbsp;<\/p>\n<h2><img decoding=\"async\" class=\"aligncenter wp-image-4073 size-full\" src=\"https:\/\/autofans.com.ar\/wp-content\/uploads\/2023\/07\/foto-3-26.jpg\" alt=\"mini\" width=\"1000\" height=\"667\" srcset=\"https:\/\/autofans.com.ar\/wp-content\/uploads\/2023\/07\/foto-3-26.jpg 1000w, https:\/\/autofans.com.ar\/wp-content\/uploads\/2023\/07\/foto-3-26-300x200.jpg 300w, https:\/\/autofans.com.ar\/wp-content\/uploads\/2023\/07\/foto-3-26-768x512.jpg 768w\" sizes=\"(max-width: 1000px) 100vw, 1000px\" \/><\/h2>\n<h2><\/h2>\n<h2>Estilo y desempe\u00f1o ic\u00f3nicos<\/h2>\n<p>El modelo de 3 puertas actual fue presentado en 2013 como parte de la cuarta generaci\u00f3n de la marca. Desde su lanzamiento en 2014, este autom\u00f3vil ha cautivado a conductores de todo el mundo con su estilo ic\u00f3nico y su desempe\u00f1o din\u00e1mico. Ahora, con la entrega del MINI n\u00famero un mill\u00f3n, la marca contin\u00faa dejando una huella imborrable en la industria automotriz.<\/p>\n<p>La empresa ha logrado este hito gracias a su enfoque constante en la innovaci\u00f3n y la calidad. Con cada veh\u00edculo que sale de su l\u00ednea de producci\u00f3n, la marca reafirma su compromiso de ofrecer experiencias de conducci\u00f3n \u00fanicas y emocionantes. El MINI Cooper SE n\u00famero un mill\u00f3n es un testimonio de esta dedicaci\u00f3n y marca el inicio de una nueva era para <a href=\"https:\/\/autofans.com.ar\/index.php\/2023\/04\/17\/el-primer-mini-convertible-totalmente-electrico\/\" target=\"_blank\" rel=\"noopener\">MINI y la movilidad el\u00e9ctrica<\/a>.<\/p>\n<p>&nbsp;<\/p>\n<p><i>Para enterarte de m\u00e1s novedades, no dejes de leer\u00a0<\/i><a href=\"https:\/\/autofans.thebrandsoup.com\/\"><i>nuestras notas<\/i><\/a><i>, de ver<\/i><b><i>\u00a0<\/i><\/b><a href=\"https:\/\/www.youtube.com\/channel\/UCgAC8UGHZYbT6P7PpmVnP7g\"><b><i>AUTOFANS TV<\/i><\/b><\/a><b><i>\u00a0<\/i><\/b><i>en nuestro\u00a0canal de Youtube. Adem\u00e1s seguinos en\u00a0<\/i><a href=\"https:\/\/www.instagram.com\/autofanstv\/\"><i>INSTAGRAM<\/i><\/a><i> y <\/i><a href=\"https:\/\/www.facebook.com\/autofansmas\/\"><i>FACEBOOK<\/i><\/a><i> para no perderte nada sobre las novedades del segmento automotor de Argentina y el mundo. <\/i><\/p>\n","protected":false},"excerpt":{"rendered":"<p>MINI Cooper SE MINI celebra la entrega del veh\u00edculo n\u00famero un mill\u00f3n de su generaci\u00f3n&#8230;<\/p>\n","protected":false},"author":2,"featured_media":4074,"comment_status":"closed","ping_status":"closed","sticky":false,"template":"","format":"standard","meta":{"footnotes":""},"categories":[6,16],"tags":[1985,1986,1987,1982,1983,1988,1984,430,1989,125],"class_list":["post-4070","post","type-post","status-publish","format-standard","has-post-thumbnail","hentry","category-bizstyle","category-noticias","tag-automovil-electrico","tag-calgary","tag-canada","tag-cooper-se","tag-entrega-especial","tag-generacion-actual","tag-hitos-automotrices","tag-mini","tag-mini-numero-un-millon","tag-movilidad-sostenible"],"yoast_head":"<!-- This site is optimized with the Yoast SEO plugin v27.5 - https:\/\/yoast.com\/product\/yoast-seo-wordpress\/ -->\n<title>MINI entrega el veh\u00edculo n\u00famero un mill\u00f3n de su generaci\u00f3n -<\/title>\n<meta name=\"description\" content=\"MINI celebra la entrega del veh\u00edculo n\u00famero un mill\u00f3n de su generaci\u00f3n actual en Calgary, Canad\u00e1. El afortunado recibi\u00f3 un MINI Cooper SE...\" \/>\n<meta name=\"robots\" content=\"index, follow, max-snippet:-1, max-image-preview:large, max-video-preview:-1\" \/>\n<link rel=\"canonical\" href=\"https:\/\/autofans.com.ar\/index.php\/2023\/07\/17\/mini-entrega-el-vehiculo-numero-un-millon-de-su-generacion\/\" \/>\n<meta property=\"og:locale\" content=\"es_ES\" \/>\n<meta property=\"og:type\" content=\"article\" \/>\n<meta property=\"og:title\" content=\"MINI entrega el veh\u00edculo n\u00famero un mill\u00f3n de su generaci\u00f3n -\" \/>\n<meta property=\"og:description\" content=\"MINI celebra la entrega del veh\u00edculo n\u00famero un mill\u00f3n de su generaci\u00f3n actual en Calgary, Canad\u00e1. El afortunado recibi\u00f3 un MINI Cooper SE...\" \/>\n<meta property=\"og:url\" content=\"https:\/\/autofans.com.ar\/index.php\/2023\/07\/17\/mini-entrega-el-vehiculo-numero-un-millon-de-su-generacion\/\" \/>\n<meta property=\"article:published_time\" content=\"2023-07-18T00:00:56+00:00\" \/>\n<meta property=\"og:image\" content=\"https:\/\/autofans.com.ar\/wp-content\/uploads\/2023\/07\/foto-2-29.jpg\" \/>\n\t<meta property=\"og:image:width\" content=\"1000\" \/>\n\t<meta property=\"og:image:height\" content=\"667\" \/>\n\t<meta property=\"og:image:type\" content=\"image\/jpeg\" \/>\n<meta name=\"author\" content=\"Alejandro Gabriel Rosito\" \/>\n<meta name=\"twitter:card\" content=\"summary_large_image\" \/>\n<meta name=\"twitter:label1\" content=\"Escrito por\" \/>\n\t<meta name=\"twitter:data1\" content=\"Alejandro Gabriel Rosito\" \/>\n\t<meta name=\"twitter:label2\" content=\"Tiempo de lectura\" \/>\n\t<meta name=\"twitter:data2\" content=\"2 minutos\" \/>\n<script type=\"application\/ld+json\" class=\"yoast-schema-graph\">{\"@context\":\"https:\\\/\\\/schema.org\",\"@graph\":[{\"@type\":\"Article\",\"@id\":\"https:\\\/\\\/autofans.com.ar\\\/index.php\\\/2023\\\/07\\\/17\\\/mini-entrega-el-vehiculo-numero-un-millon-de-su-generacion\\\/#article\",\"isPartOf\":{\"@id\":\"https:\\\/\\\/autofans.com.ar\\\/index.php\\\/2023\\\/07\\\/17\\\/mini-entrega-el-vehiculo-numero-un-millon-de-su-generacion\\\/\"},\"author\":{\"name\":\"Alejandro Gabriel Rosito\",\"@id\":\"https:\\\/\\\/autofans.com.ar\\\/#\\\/schema\\\/person\\\/4a8dda0b6df83ac3d6723e921274c2aa\"},\"headline\":\"MINI entrega el veh\u00edculo n\u00famero un mill\u00f3n de su generaci\u00f3n\",\"datePublished\":\"2023-07-18T00:00:56+00:00\",\"mainEntityOfPage\":{\"@id\":\"https:\\\/\\\/autofans.com.ar\\\/index.php\\\/2023\\\/07\\\/17\\\/mini-entrega-el-vehiculo-numero-un-millon-de-su-generacion\\\/\"},\"wordCount\":338,\"image\":{\"@id\":\"https:\\\/\\\/autofans.com.ar\\\/index.php\\\/2023\\\/07\\\/17\\\/mini-entrega-el-vehiculo-numero-un-millon-de-su-generacion\\\/#primaryimage\"},\"thumbnailUrl\":\"https:\\\/\\\/autofans.com.ar\\\/wp-content\\\/uploads\\\/2023\\\/07\\\/foto-2-29.jpg\",\"keywords\":[\"autom\u00f3vil el\u00e9ctrico\",\"Calgary\",\"Canad\u00e1\",\"Cooper SE\",\"entrega especial\",\"generaci\u00f3n actual\",\"hitos automotrices\",\"MINI\",\"MINI n\u00famero un mill\u00f3n\",\"Movilidad Sostenible\"],\"articleSection\":[\"BIZSTYLE\",\"NOTICIAS\"],\"inLanguage\":\"es\"},{\"@type\":\"WebPage\",\"@id\":\"https:\\\/\\\/autofans.com.ar\\\/index.php\\\/2023\\\/07\\\/17\\\/mini-entrega-el-vehiculo-numero-un-millon-de-su-generacion\\\/\",\"url\":\"https:\\\/\\\/autofans.com.ar\\\/index.php\\\/2023\\\/07\\\/17\\\/mini-entrega-el-vehiculo-numero-un-millon-de-su-generacion\\\/\",\"name\":\"MINI entrega el veh\u00edculo n\u00famero un mill\u00f3n de su generaci\u00f3n -\",\"isPartOf\":{\"@id\":\"https:\\\/\\\/autofans.com.ar\\\/#website\"},\"primaryImageOfPage\":{\"@id\":\"https:\\\/\\\/autofans.com.ar\\\/index.php\\\/2023\\\/07\\\/17\\\/mini-entrega-el-vehiculo-numero-un-millon-de-su-generacion\\\/#primaryimage\"},\"image\":{\"@id\":\"https:\\\/\\\/autofans.com.ar\\\/index.php\\\/2023\\\/07\\\/17\\\/mini-entrega-el-vehiculo-numero-un-millon-de-su-generacion\\\/#primaryimage\"},\"thumbnailUrl\":\"https:\\\/\\\/autofans.com.ar\\\/wp-content\\\/uploads\\\/2023\\\/07\\\/foto-2-29.jpg\",\"datePublished\":\"2023-07-18T00:00:56+00:00\",\"author\":{\"@id\":\"https:\\\/\\\/autofans.com.ar\\\/#\\\/schema\\\/person\\\/4a8dda0b6df83ac3d6723e921274c2aa\"},\"description\":\"MINI celebra la entrega del veh\u00edculo n\u00famero un mill\u00f3n de su generaci\u00f3n actual en Calgary, Canad\u00e1. El afortunado recibi\u00f3 un MINI Cooper SE...\",\"breadcrumb\":{\"@id\":\"https:\\\/\\\/autofans.com.ar\\\/index.php\\\/2023\\\/07\\\/17\\\/mini-entrega-el-vehiculo-numero-un-millon-de-su-generacion\\\/#breadcrumb\"},\"inLanguage\":\"es\",\"potentialAction\":[{\"@type\":\"ReadAction\",\"target\":[\"https:\\\/\\\/autofans.com.ar\\\/index.php\\\/2023\\\/07\\\/17\\\/mini-entrega-el-vehiculo-numero-un-millon-de-su-generacion\\\/\"]}]},{\"@type\":\"ImageObject\",\"inLanguage\":\"es\",\"@id\":\"https:\\\/\\\/autofans.com.ar\\\/index.php\\\/2023\\\/07\\\/17\\\/mini-entrega-el-vehiculo-numero-un-millon-de-su-generacion\\\/#primaryimage\",\"url\":\"https:\\\/\\\/autofans.com.ar\\\/wp-content\\\/uploads\\\/2023\\\/07\\\/foto-2-29.jpg\",\"contentUrl\":\"https:\\\/\\\/autofans.com.ar\\\/wp-content\\\/uploads\\\/2023\\\/07\\\/foto-2-29.jpg\",\"width\":1000,\"height\":667,\"caption\":\"mini\"},{\"@type\":\"BreadcrumbList\",\"@id\":\"https:\\\/\\\/autofans.com.ar\\\/index.php\\\/2023\\\/07\\\/17\\\/mini-entrega-el-vehiculo-numero-un-millon-de-su-generacion\\\/#breadcrumb\",\"itemListElement\":[{\"@type\":\"ListItem\",\"position\":1,\"name\":\"Inicio\",\"item\":\"https:\\\/\\\/autofans.com.ar\\\/\"},{\"@type\":\"ListItem\",\"position\":2,\"name\":\"MINI entrega el veh\u00edculo n\u00famero un mill\u00f3n de su generaci\u00f3n\"}]},{\"@type\":\"WebSite\",\"@id\":\"https:\\\/\\\/autofans.com.ar\\\/#website\",\"url\":\"https:\\\/\\\/autofans.com.ar\\\/\",\"name\":\"\",\"description\":\"El multimedio referente de la industria automotriz\",\"potentialAction\":[{\"@type\":\"SearchAction\",\"target\":{\"@type\":\"EntryPoint\",\"urlTemplate\":\"https:\\\/\\\/autofans.com.ar\\\/?s={search_term_string}\"},\"query-input\":{\"@type\":\"PropertyValueSpecification\",\"valueRequired\":true,\"valueName\":\"search_term_string\"}}],\"inLanguage\":\"es\"},{\"@type\":\"Person\",\"@id\":\"https:\\\/\\\/autofans.com.ar\\\/#\\\/schema\\\/person\\\/4a8dda0b6df83ac3d6723e921274c2aa\",\"name\":\"Alejandro Gabriel Rosito\",\"image\":{\"@type\":\"ImageObject\",\"inLanguage\":\"es\",\"@id\":\"https:\\\/\\\/secure.gravatar.com\\\/avatar\\\/16c5dda1489adfc62618084dcbb91cffd879c374b13fe5dd8e44ed6733852c88?s=96&d=mm&r=g\",\"url\":\"https:\\\/\\\/secure.gravatar.com\\\/avatar\\\/16c5dda1489adfc62618084dcbb91cffd879c374b13fe5dd8e44ed6733852c88?s=96&d=mm&r=g\",\"contentUrl\":\"https:\\\/\\\/secure.gravatar.com\\\/avatar\\\/16c5dda1489adfc62618084dcbb91cffd879c374b13fe5dd8e44ed6733852c88?s=96&d=mm&r=g\",\"caption\":\"Alejandro Gabriel Rosito\"},\"url\":\"https:\\\/\\\/autofans.com.ar\\\/index.php\\\/author\\\/gabrielr\\\/\"}]}<\/script>\n<!-- \/ Yoast SEO plugin. -->","yoast_head_json":{"title":"MINI entrega el veh\u00edculo n\u00famero un mill\u00f3n de su generaci\u00f3n -","description":"MINI celebra la entrega del veh\u00edculo n\u00famero un mill\u00f3n de su generaci\u00f3n actual en Calgary, Canad\u00e1. El afortunado recibi\u00f3 un MINI Cooper SE...","robots":{"index":"index","follow":"follow","max-snippet":"max-snippet:-1","max-image-preview":"max-image-preview:large","max-video-preview":"max-video-preview:-1"},"canonical":"https:\/\/autofans.com.ar\/index.php\/2023\/07\/17\/mini-entrega-el-vehiculo-numero-un-millon-de-su-generacion\/","og_locale":"es_ES","og_type":"article","og_title":"MINI entrega el veh\u00edculo n\u00famero un mill\u00f3n de su generaci\u00f3n -","og_description":"MINI celebra la entrega del veh\u00edculo n\u00famero un mill\u00f3n de su generaci\u00f3n actual en Calgary, Canad\u00e1. El afortunado recibi\u00f3 un MINI Cooper SE...","og_url":"https:\/\/autofans.com.ar\/index.php\/2023\/07\/17\/mini-entrega-el-vehiculo-numero-un-millon-de-su-generacion\/","article_published_time":"2023-07-18T00:00:56+00:00","og_image":[{"width":1000,"height":667,"url":"https:\/\/autofans.com.ar\/wp-content\/uploads\/2023\/07\/foto-2-29.jpg","type":"image\/jpeg"}],"author":"Alejandro Gabriel Rosito","twitter_card":"summary_large_image","twitter_misc":{"Escrito por":"Alejandro Gabriel Rosito","Tiempo de lectura":"2 minutos"},"schema":{"@context":"https:\/\/schema.org","@graph":[{"@type":"Article","@id":"https:\/\/autofans.com.ar\/index.php\/2023\/07\/17\/mini-entrega-el-vehiculo-numero-un-millon-de-su-generacion\/#article","isPartOf":{"@id":"https:\/\/autofans.com.ar\/index.php\/2023\/07\/17\/mini-entrega-el-vehiculo-numero-un-millon-de-su-generacion\/"},"author":{"name":"Alejandro Gabriel Rosito","@id":"https:\/\/autofans.com.ar\/#\/schema\/person\/4a8dda0b6df83ac3d6723e921274c2aa"},"headline":"MINI entrega el veh\u00edculo n\u00famero un mill\u00f3n de su generaci\u00f3n","datePublished":"2023-07-18T00:00:56+00:00","mainEntityOfPage":{"@id":"https:\/\/autofans.com.ar\/index.php\/2023\/07\/17\/mini-entrega-el-vehiculo-numero-un-millon-de-su-generacion\/"},"wordCount":338,"image":{"@id":"https:\/\/autofans.com.ar\/index.php\/2023\/07\/17\/mini-entrega-el-vehiculo-numero-un-millon-de-su-generacion\/#primaryimage"},"thumbnailUrl":"https:\/\/autofans.com.ar\/wp-content\/uploads\/2023\/07\/foto-2-29.jpg","keywords":["autom\u00f3vil el\u00e9ctrico","Calgary","Canad\u00e1","Cooper SE","entrega especial","generaci\u00f3n actual","hitos automotrices","MINI","MINI n\u00famero un mill\u00f3n","Movilidad Sostenible"],"articleSection":["BIZSTYLE","NOTICIAS"],"inLanguage":"es"},{"@type":"WebPage","@id":"https:\/\/autofans.com.ar\/index.php\/2023\/07\/17\/mini-entrega-el-vehiculo-numero-un-millon-de-su-generacion\/","url":"https:\/\/autofans.com.ar\/index.php\/2023\/07\/17\/mini-entrega-el-vehiculo-numero-un-millon-de-su-generacion\/","name":"MINI entrega el veh\u00edculo n\u00famero un mill\u00f3n de su generaci\u00f3n -","isPartOf":{"@id":"https:\/\/autofans.com.ar\/#website"},"primaryImageOfPage":{"@id":"https:\/\/autofans.com.ar\/index.php\/2023\/07\/17\/mini-entrega-el-vehiculo-numero-un-millon-de-su-generacion\/#primaryimage"},"image":{"@id":"https:\/\/autofans.com.ar\/index.php\/2023\/07\/17\/mini-entrega-el-vehiculo-numero-un-millon-de-su-generacion\/#primaryimage"},"thumbnailUrl":"https:\/\/autofans.com.ar\/wp-content\/uploads\/2023\/07\/foto-2-29.jpg","datePublished":"2023-07-18T00:00:56+00:00","author":{"@id":"https:\/\/autofans.com.ar\/#\/schema\/person\/4a8dda0b6df83ac3d6723e921274c2aa"},"description":"MINI celebra la entrega del veh\u00edculo n\u00famero un mill\u00f3n de su generaci\u00f3n actual en Calgary, Canad\u00e1. El afortunado recibi\u00f3 un MINI Cooper SE...","breadcrumb":{"@id":"https:\/\/autofans.com.ar\/index.php\/2023\/07\/17\/mini-entrega-el-vehiculo-numero-un-millon-de-su-generacion\/#breadcrumb"},"inLanguage":"es","potentialAction":[{"@type":"ReadAction","target":["https:\/\/autofans.com.ar\/index.php\/2023\/07\/17\/mini-entrega-el-vehiculo-numero-un-millon-de-su-generacion\/"]}]},{"@type":"ImageObject","inLanguage":"es","@id":"https:\/\/autofans.com.ar\/index.php\/2023\/07\/17\/mini-entrega-el-vehiculo-numero-un-millon-de-su-generacion\/#primaryimage","url":"https:\/\/autofans.com.ar\/wp-content\/uploads\/2023\/07\/foto-2-29.jpg","contentUrl":"https:\/\/autofans.com.ar\/wp-content\/uploads\/2023\/07\/foto-2-29.jpg","width":1000,"height":667,"caption":"mini"},{"@type":"BreadcrumbList","@id":"https:\/\/autofans.com.ar\/index.php\/2023\/07\/17\/mini-entrega-el-vehiculo-numero-un-millon-de-su-generacion\/#breadcrumb","itemListElement":[{"@type":"ListItem","position":1,"name":"Inicio","item":"https:\/\/autofans.com.ar\/"},{"@type":"ListItem","position":2,"name":"MINI entrega el veh\u00edculo n\u00famero un mill\u00f3n de su generaci\u00f3n"}]},{"@type":"WebSite","@id":"https:\/\/autofans.com.ar\/#website","url":"https:\/\/autofans.com.ar\/","name":"","description":"El multimedio referente de la industria automotriz","potentialAction":[{"@type":"SearchAction","target":{"@type":"EntryPoint","urlTemplate":"https:\/\/autofans.com.ar\/?s={search_term_string}"},"query-input":{"@type":"PropertyValueSpecification","valueRequired":true,"valueName":"search_term_string"}}],"inLanguage":"es"},{"@type":"Person","@id":"https:\/\/autofans.com.ar\/#\/schema\/person\/4a8dda0b6df83ac3d6723e921274c2aa","name":"Alejandro Gabriel Rosito","image":{"@type":"ImageObject","inLanguage":"es","@id":"https:\/\/secure.gravatar.com\/avatar\/16c5dda1489adfc62618084dcbb91cffd879c374b13fe5dd8e44ed6733852c88?s=96&d=mm&r=g","url":"https:\/\/secure.gravatar.com\/avatar\/16c5dda1489adfc62618084dcbb91cffd879c374b13fe5dd8e44ed6733852c88?s=96&d=mm&r=g","contentUrl":"https:\/\/secure.gravatar.com\/avatar\/16c5dda1489adfc62618084dcbb91cffd879c374b13fe5dd8e44ed6733852c88?s=96&d=mm&r=g","caption":"Alejandro Gabriel Rosito"},"url":"https:\/\/autofans.com.ar\/index.php\/author\/gabrielr\/"}]}},"featured_image_urls":{"full":["https:\/\/autofans.com.ar\/wp-content\/uploads\/2023\/07\/foto-2-29.jpg",1000,667,false],"thumbnail":["https:\/\/autofans.com.ar\/wp-content\/uploads\/2023\/07\/foto-2-29-150x150.jpg",150,150,true],"medium":["https:\/\/autofans.com.ar\/wp-content\/uploads\/2023\/07\/foto-2-29-300x200.jpg",300,200,true],"medium_large":["https:\/\/autofans.com.ar\/wp-content\/uploads\/2023\/07\/foto-2-29-768x512.jpg",640,427,true],"large":["https:\/\/autofans.com.ar\/wp-content\/uploads\/2023\/07\/foto-2-29.jpg",640,427,false],"1536x1536":["https:\/\/autofans.com.ar\/wp-content\/uploads\/2023\/07\/foto-2-29.jpg",1000,667,false],"2048x2048":["https:\/\/autofans.com.ar\/wp-content\/uploads\/2023\/07\/foto-2-29.jpg",1000,667,false],"covernews-featured":["https:\/\/autofans.com.ar\/wp-content\/uploads\/2023\/07\/foto-2-29.jpg",1000,667,false],"covernews-medium":["https:\/\/autofans.com.ar\/wp-content\/uploads\/2023\/07\/foto-2-29-540x340.jpg",540,340,true]},"author_info":{"display_name":"Alejandro Gabriel Rosito","author_link":"https:\/\/autofans.com.ar\/index.php\/author\/gabrielr\/"},"category_info":"<a href=\"https:\/\/autofans.com.ar\/index.php\/category\/noticias\/bizstyle\/\" rel=\"category tag\">BIZSTYLE<\/a> <a href=\"https:\/\/autofans.com.ar\/index.php\/category\/noticias\/\" rel=\"category tag\">NOTICIAS<\/a>","tag_info":"NOTICIAS","comment_count":0,"_links":{"self":[{"href":"https:\/\/autofans.com.ar\/index.php\/wp-json\/wp\/v2\/posts\/4070","targetHints":{"allow":["GET"]}}],"collection":[{"href":"https:\/\/autofans.com.ar\/index.php\/wp-json\/wp\/v2\/posts"}],"about":[{"href":"https:\/\/autofans.com.ar\/index.php\/wp-json\/wp\/v2\/types\/post"}],"author":[{"embeddable":true,"href":"https:\/\/autofans.com.ar\/index.php\/wp-json\/wp\/v2\/users\/2"}],"replies":[{"embeddable":true,"href":"https:\/\/autofans.com.ar\/index.php\/wp-json\/wp\/v2\/comments?post=4070"}],"version-history":[{"count":5,"href":"https:\/\/autofans.com.ar\/index.php\/wp-json\/wp\/v2\/posts\/4070\/revisions"}],"predecessor-version":[{"id":4109,"href":"https:\/\/autofans.com.ar\/index.php\/wp-json\/wp\/v2\/posts\/4070\/revisions\/4109"}],"wp:featuredmedia":[{"embeddable":true,"href":"https:\/\/autofans.com.ar\/index.php\/wp-json\/wp\/v2\/media\/4074"}],"wp:attachment":[{"href":"https:\/\/autofans.com.ar\/index.php\/wp-json\/wp\/v2\/media?parent=4070"}],"wp:term":[{"taxonomy":"category","embeddable":true,"href":"https:\/\/autofans.com.ar\/index.php\/wp-json\/wp\/v2\/categories?post=4070"},{"taxonomy":"post_tag","embeddable":true,"href":"https:\/\/autofans.com.ar\/index.php\/wp-json\/wp\/v2\/tags?post=4070"}],"curies":[{"name":"wp","href":"https:\/\/api.w.org\/{rel}","templated":true}]}}