{"id":4099,"date":"2023-07-18T10:47:35","date_gmt":"2023-07-18T13:47:35","guid":{"rendered":"https:\/\/autofans.com.ar\/?p=4099"},"modified":"2023-07-18T10:47:35","modified_gmt":"2023-07-18T13:47:35","slug":"el-alquiler-de-autos-como-clave-para-explorar-el-pais","status":"publish","type":"post","link":"https:\/\/autofans.com.ar\/index.php\/2023\/07\/18\/el-alquiler-de-autos-como-clave-para-explorar-el-pais\/","title":{"rendered":"El alquiler de autos como clave para explorar el pa\u00eds"},"content":{"rendered":"<h2>Prep\u00e1rate para descubrir el pa\u00eds sobre ruedas<\/h2>\n<p>Las pr\u00f3ximas vacaciones de invierno en Argentina se perfilan como una temporada r\u00e9cord para el turismo. Seg\u00fan estimaciones oficiales, se espera la llegada de 5,5 millones de turistas nacionales y 1,5 millones de visitantes extranjeros a los principales destinos del pa\u00eds. Junto con las reservas de alojamiento y paquetes tur\u00edsticos, tambi\u00e9n se espera un incremento en la demanda de alquileres de autos, tal como ocurri\u00f3 en 2022.<\/p>\n<p>En este contexto, KINTO Share, la plataforma de movilidad de <a href=\"https:\/\/autofans.com.ar\/?s=toyota\" target=\"_blank\" rel=\"noopener\">Toyota<\/a> que opera en Argentina desde 2018, ha revelado datos que reflejan el creciente inter\u00e9s por el alquiler de veh\u00edculos durante la temporada invernal. Las reservas para este per\u00edodo han superado el 65% en comparaci\u00f3n con el a\u00f1o anterior, estableciendo as\u00ed un nuevo r\u00e9cord mensual con m\u00e1s de 1.500 reservas. Entre los destinos m\u00e1s solicitados se encuentran Bariloche, Mendoza, Salta y Buenos Aires, desde donde los viajeros parten hacia destinos tur\u00edsticos cercanos.<\/p>\n<h2><\/h2>\n<h2><img fetchpriority=\"high\" decoding=\"async\" class=\"aligncenter wp-image-4104 size-full\" src=\"https:\/\/autofans.com.ar\/wp-content\/uploads\/2023\/07\/foto-1-31.jpg\" alt=\"kinto share\" width=\"1000\" height=\"667\" srcset=\"https:\/\/autofans.com.ar\/wp-content\/uploads\/2023\/07\/foto-1-31.jpg 1000w, https:\/\/autofans.com.ar\/wp-content\/uploads\/2023\/07\/foto-1-31-300x200.jpg 300w, https:\/\/autofans.com.ar\/wp-content\/uploads\/2023\/07\/foto-1-31-768x512.jpg 768w\" sizes=\"(max-width: 1000px) 100vw, 1000px\" \/><\/h2>\n<h2><\/h2>\n<h2>Descubr\u00ed las m\u00faltiples razones para alquilar autos en Argentina<\/h2>\n<p>\u00bfCu\u00e1les son las razones para alquilar autos en Argentina? El fen\u00f3meno del alquiler de autos y la movilidad compartida no se limita \u00fanicamente a los per\u00edodos vacacionales ni a las fronteras del pa\u00eds. Seg\u00fan los datos de Statista, alrededor del 8,3% de las personas en Sudam\u00e9rica alquilan autos, lo que representa un universo de aproximadamente 35 millones de usuarios.<\/p>\n<p>De acuerdo con una encuesta realizada por KINTO Share, el turismo sigue siendo la principal raz\u00f3n para alquilar autos, aunque representa solo el 40% del total. El alquiler de autos se ha convertido en una tendencia de movilidad para la vida cotidiana. Las actividades personales, como tr\u00e1mites y mudanzas, ocupan el segundo lugar con un 21% de las reservas. En general, estos alquileres son de corta duraci\u00f3n, con una estad\u00eda promedio de 5 d\u00edas en KINTO Share, aunque la plataforma permite alquileres incluso por unas pocas horas.<\/p>\n<p>El trabajo se sit\u00faa en tercer lugar como motivo para alquilar autos, representando el 19% de las reservas. Emprendedores, pymes, profesionales aut\u00f3nomos y agentes comerciales aprovechan la posibilidad de acceder a la movilidad como servicio, eligiendo desde un auto compacto como el Etios o el Yaris, hasta una pick-up como la Hilux, e incluso una van como la Hiace.<\/p>\n<p>Otra raz\u00f3n destacada para alquilar un auto en KINTO Share (11%) es la sustituci\u00f3n del veh\u00edculo propio, ya sea por reparaci\u00f3n o durante per\u00edodos de compraventa. Por \u00faltimo, tambi\u00e9n se destaca el uso del servicio como Test Drive, donde los clientes alquilan un Toyota en KINTO antes de comprarlo. Esta opci\u00f3n es especialmente atractiva para aquellos interesados en probar veh\u00edculos h\u00edbridos, como el Corolla o el Corolla Cross.<\/p>\n<h2>Alquiler de autos en auge<\/h2>\n<p>En cuanto a los modelos m\u00e1s buscados en KINTO Share, los compactos lideran la lista. El Etios y el Yaris se posicionan como opciones convenientes y pr\u00e1cticas para todo tipo de uso. Luego, la Hilux y especialmente la SW4, el SUV de Toyota producido en la planta de Z\u00e1rate, se destacan entre los veh\u00edculos m\u00e1s solicitados. Con capacidad para 7 pasajeros, tracci\u00f3n 4&#215;4 y equipamiento de \u00faltima generaci\u00f3n, la SW4 es una elecci\u00f3n muy popular para el turismo.<\/p>\n<p>Cabe destacar que m\u00e1s del 70% de los usuarios de KINTO Share son propietarios de un veh\u00edculo y utilizan la plataforma para experimentar con modelos diferentes y adaptarse a sus necesidades cambiantes.<\/p>\n<p>Con estas tendencias en alza, el alquiler de autos se consolida como una opci\u00f3n flexible y conveniente para el turismo, los desplazamientos diarios y diversas actividades en Argentina.<\/p>\n<p>&nbsp;<\/p>\n<p>&nbsp;<\/p>\n<p><i>Para enterarte de m\u00e1s novedades, no dejes de leer\u00a0<\/i><a href=\"https:\/\/autofans.thebrandsoup.com\/\"><i>nuestras notas<\/i><\/a><i>, de ver<\/i><b><i>\u00a0<\/i><\/b><a href=\"https:\/\/www.youtube.com\/channel\/UCgAC8UGHZYbT6P7PpmVnP7g\"><b><i>AUTOFANS TV<\/i><\/b><\/a><b><i>\u00a0<\/i><\/b><i>en nuestro\u00a0canal de Youtube. Adem\u00e1s seguinos en\u00a0<\/i><a href=\"https:\/\/www.instagram.com\/autofanstv\/\"><i>INSTAGRAM<\/i><\/a><i> y <\/i><a href=\"https:\/\/www.facebook.com\/autofansmas\/\"><i>FACEBOOK<\/i><\/a><i> para no perderte nada sobre las novedades del segmento automotor de Argentina y el mundo. <\/i><\/p>\n","protected":false},"excerpt":{"rendered":"<p>Prep\u00e1rate para descubrir el pa\u00eds sobre ruedas Las pr\u00f3ximas vacaciones de invierno en Argentina se&#8230;<\/p>\n","protected":false},"author":2,"featured_media":4105,"comment_status":"closed","ping_status":"closed","sticky":false,"template":"","format":"standard","meta":{"footnotes":""},"categories":[6,16],"tags":[1999,2003,2004,2002,2000,2001],"class_list":["post-4099","post","type-post","status-publish","format-standard","has-post-thumbnail","hentry","category-bizstyle","category-noticias","tag-alquiler-de-autos-en-argentina","tag-kinto-share","tag-modelos-de-autos-mas-buscados","tag-plataforma-de-movilidad","tag-tendencias-de-movilidad","tag-turismo-de-invierno"],"yoast_head":"<!-- This site is optimized with the Yoast SEO plugin v27.5 - https:\/\/yoast.com\/product\/yoast-seo-wordpress\/ -->\n<title>El alquiler de autos como clave para explorar el pa\u00eds -<\/title>\n<meta name=\"description\" content=\"Junto con las reservas de alojamiento y paquetes tur\u00edsticos, se espera un incremento en el alquiler de autos, tal como ocurri\u00f3 en el 2022...\" \/>\n<meta name=\"robots\" content=\"index, follow, max-snippet:-1, max-image-preview:large, max-video-preview:-1\" \/>\n<link rel=\"canonical\" href=\"https:\/\/autofans.com.ar\/index.php\/2023\/07\/18\/el-alquiler-de-autos-como-clave-para-explorar-el-pais\/\" \/>\n<meta property=\"og:locale\" content=\"es_ES\" \/>\n<meta property=\"og:type\" content=\"article\" \/>\n<meta property=\"og:title\" content=\"El alquiler de autos como clave para explorar el pa\u00eds -\" \/>\n<meta property=\"og:description\" content=\"Junto con las reservas de alojamiento y paquetes tur\u00edsticos, se espera un incremento en el alquiler de autos, tal como ocurri\u00f3 en el 2022...\" \/>\n<meta property=\"og:url\" content=\"https:\/\/autofans.com.ar\/index.php\/2023\/07\/18\/el-alquiler-de-autos-como-clave-para-explorar-el-pais\/\" \/>\n<meta property=\"article:published_time\" content=\"2023-07-18T13:47:35+00:00\" \/>\n<meta property=\"og:image\" content=\"https:\/\/autofans.com.ar\/wp-content\/uploads\/2023\/07\/foto-2-31.jpg\" \/>\n\t<meta property=\"og:image:width\" content=\"1000\" \/>\n\t<meta property=\"og:image:height\" content=\"667\" \/>\n\t<meta property=\"og:image:type\" content=\"image\/jpeg\" \/>\n<meta name=\"author\" content=\"Alejandro Gabriel Rosito\" \/>\n<meta name=\"twitter:card\" content=\"summary_large_image\" \/>\n<meta name=\"twitter:label1\" content=\"Escrito por\" \/>\n\t<meta name=\"twitter:data1\" content=\"Alejandro Gabriel Rosito\" \/>\n\t<meta name=\"twitter:label2\" content=\"Tiempo de lectura\" \/>\n\t<meta name=\"twitter:data2\" content=\"4 minutos\" \/>\n<script type=\"application\/ld+json\" class=\"yoast-schema-graph\">{\"@context\":\"https:\\\/\\\/schema.org\",\"@graph\":[{\"@type\":\"Article\",\"@id\":\"https:\\\/\\\/autofans.com.ar\\\/index.php\\\/2023\\\/07\\\/18\\\/el-alquiler-de-autos-como-clave-para-explorar-el-pais\\\/#article\",\"isPartOf\":{\"@id\":\"https:\\\/\\\/autofans.com.ar\\\/index.php\\\/2023\\\/07\\\/18\\\/el-alquiler-de-autos-como-clave-para-explorar-el-pais\\\/\"},\"author\":{\"name\":\"Alejandro Gabriel Rosito\",\"@id\":\"https:\\\/\\\/autofans.com.ar\\\/#\\\/schema\\\/person\\\/4a8dda0b6df83ac3d6723e921274c2aa\"},\"headline\":\"El alquiler de autos como clave para explorar el pa\u00eds\",\"datePublished\":\"2023-07-18T13:47:35+00:00\",\"mainEntityOfPage\":{\"@id\":\"https:\\\/\\\/autofans.com.ar\\\/index.php\\\/2023\\\/07\\\/18\\\/el-alquiler-de-autos-como-clave-para-explorar-el-pais\\\/\"},\"wordCount\":673,\"image\":{\"@id\":\"https:\\\/\\\/autofans.com.ar\\\/index.php\\\/2023\\\/07\\\/18\\\/el-alquiler-de-autos-como-clave-para-explorar-el-pais\\\/#primaryimage\"},\"thumbnailUrl\":\"https:\\\/\\\/autofans.com.ar\\\/wp-content\\\/uploads\\\/2023\\\/07\\\/foto-2-31.jpg\",\"keywords\":[\"alquiler de autos en Argentina\",\"KINTO Share\",\"modelos de autos m\u00e1s buscados\",\"plataforma de movilidad\",\"tendencias de movilidad\",\"turismo de invierno\"],\"articleSection\":[\"BIZSTYLE\",\"NOTICIAS\"],\"inLanguage\":\"es\"},{\"@type\":\"WebPage\",\"@id\":\"https:\\\/\\\/autofans.com.ar\\\/index.php\\\/2023\\\/07\\\/18\\\/el-alquiler-de-autos-como-clave-para-explorar-el-pais\\\/\",\"url\":\"https:\\\/\\\/autofans.com.ar\\\/index.php\\\/2023\\\/07\\\/18\\\/el-alquiler-de-autos-como-clave-para-explorar-el-pais\\\/\",\"name\":\"El alquiler de autos como clave para explorar el pa\u00eds -\",\"isPartOf\":{\"@id\":\"https:\\\/\\\/autofans.com.ar\\\/#website\"},\"primaryImageOfPage\":{\"@id\":\"https:\\\/\\\/autofans.com.ar\\\/index.php\\\/2023\\\/07\\\/18\\\/el-alquiler-de-autos-como-clave-para-explorar-el-pais\\\/#primaryimage\"},\"image\":{\"@id\":\"https:\\\/\\\/autofans.com.ar\\\/index.php\\\/2023\\\/07\\\/18\\\/el-alquiler-de-autos-como-clave-para-explorar-el-pais\\\/#primaryimage\"},\"thumbnailUrl\":\"https:\\\/\\\/autofans.com.ar\\\/wp-content\\\/uploads\\\/2023\\\/07\\\/foto-2-31.jpg\",\"datePublished\":\"2023-07-18T13:47:35+00:00\",\"author\":{\"@id\":\"https:\\\/\\\/autofans.com.ar\\\/#\\\/schema\\\/person\\\/4a8dda0b6df83ac3d6723e921274c2aa\"},\"description\":\"Junto con las reservas de alojamiento y paquetes tur\u00edsticos, se espera un incremento en el alquiler de autos, tal como ocurri\u00f3 en el 2022...\",\"breadcrumb\":{\"@id\":\"https:\\\/\\\/autofans.com.ar\\\/index.php\\\/2023\\\/07\\\/18\\\/el-alquiler-de-autos-como-clave-para-explorar-el-pais\\\/#breadcrumb\"},\"inLanguage\":\"es\",\"potentialAction\":[{\"@type\":\"ReadAction\",\"target\":[\"https:\\\/\\\/autofans.com.ar\\\/index.php\\\/2023\\\/07\\\/18\\\/el-alquiler-de-autos-como-clave-para-explorar-el-pais\\\/\"]}]},{\"@type\":\"ImageObject\",\"inLanguage\":\"es\",\"@id\":\"https:\\\/\\\/autofans.com.ar\\\/index.php\\\/2023\\\/07\\\/18\\\/el-alquiler-de-autos-como-clave-para-explorar-el-pais\\\/#primaryimage\",\"url\":\"https:\\\/\\\/autofans.com.ar\\\/wp-content\\\/uploads\\\/2023\\\/07\\\/foto-2-31.jpg\",\"contentUrl\":\"https:\\\/\\\/autofans.com.ar\\\/wp-content\\\/uploads\\\/2023\\\/07\\\/foto-2-31.jpg\",\"width\":1000,\"height\":667,\"caption\":\"kinto share\"},{\"@type\":\"BreadcrumbList\",\"@id\":\"https:\\\/\\\/autofans.com.ar\\\/index.php\\\/2023\\\/07\\\/18\\\/el-alquiler-de-autos-como-clave-para-explorar-el-pais\\\/#breadcrumb\",\"itemListElement\":[{\"@type\":\"ListItem\",\"position\":1,\"name\":\"Inicio\",\"item\":\"https:\\\/\\\/autofans.com.ar\\\/\"},{\"@type\":\"ListItem\",\"position\":2,\"name\":\"El alquiler de autos como clave para explorar el pa\u00eds\"}]},{\"@type\":\"WebSite\",\"@id\":\"https:\\\/\\\/autofans.com.ar\\\/#website\",\"url\":\"https:\\\/\\\/autofans.com.ar\\\/\",\"name\":\"\",\"description\":\"El multimedio referente de la industria automotriz\",\"potentialAction\":[{\"@type\":\"SearchAction\",\"target\":{\"@type\":\"EntryPoint\",\"urlTemplate\":\"https:\\\/\\\/autofans.com.ar\\\/?s={search_term_string}\"},\"query-input\":{\"@type\":\"PropertyValueSpecification\",\"valueRequired\":true,\"valueName\":\"search_term_string\"}}],\"inLanguage\":\"es\"},{\"@type\":\"Person\",\"@id\":\"https:\\\/\\\/autofans.com.ar\\\/#\\\/schema\\\/person\\\/4a8dda0b6df83ac3d6723e921274c2aa\",\"name\":\"Alejandro Gabriel Rosito\",\"image\":{\"@type\":\"ImageObject\",\"inLanguage\":\"es\",\"@id\":\"https:\\\/\\\/secure.gravatar.com\\\/avatar\\\/16c5dda1489adfc62618084dcbb91cffd879c374b13fe5dd8e44ed6733852c88?s=96&d=mm&r=g\",\"url\":\"https:\\\/\\\/secure.gravatar.com\\\/avatar\\\/16c5dda1489adfc62618084dcbb91cffd879c374b13fe5dd8e44ed6733852c88?s=96&d=mm&r=g\",\"contentUrl\":\"https:\\\/\\\/secure.gravatar.com\\\/avatar\\\/16c5dda1489adfc62618084dcbb91cffd879c374b13fe5dd8e44ed6733852c88?s=96&d=mm&r=g\",\"caption\":\"Alejandro Gabriel Rosito\"},\"url\":\"https:\\\/\\\/autofans.com.ar\\\/index.php\\\/author\\\/gabrielr\\\/\"}]}<\/script>\n<!-- \/ Yoast SEO plugin. -->","yoast_head_json":{"title":"El alquiler de autos como clave para explorar el pa\u00eds -","description":"Junto con las reservas de alojamiento y paquetes tur\u00edsticos, se espera un incremento en el alquiler de autos, tal como ocurri\u00f3 en el 2022...","robots":{"index":"index","follow":"follow","max-snippet":"max-snippet:-1","max-image-preview":"max-image-preview:large","max-video-preview":"max-video-preview:-1"},"canonical":"https:\/\/autofans.com.ar\/index.php\/2023\/07\/18\/el-alquiler-de-autos-como-clave-para-explorar-el-pais\/","og_locale":"es_ES","og_type":"article","og_title":"El alquiler de autos como clave para explorar el pa\u00eds -","og_description":"Junto con las reservas de alojamiento y paquetes tur\u00edsticos, se espera un incremento en el alquiler de autos, tal como ocurri\u00f3 en el 2022...","og_url":"https:\/\/autofans.com.ar\/index.php\/2023\/07\/18\/el-alquiler-de-autos-como-clave-para-explorar-el-pais\/","article_published_time":"2023-07-18T13:47:35+00:00","og_image":[{"width":1000,"height":667,"url":"https:\/\/autofans.com.ar\/wp-content\/uploads\/2023\/07\/foto-2-31.jpg","type":"image\/jpeg"}],"author":"Alejandro Gabriel Rosito","twitter_card":"summary_large_image","twitter_misc":{"Escrito por":"Alejandro Gabriel Rosito","Tiempo de lectura":"4 minutos"},"schema":{"@context":"https:\/\/schema.org","@graph":[{"@type":"Article","@id":"https:\/\/autofans.com.ar\/index.php\/2023\/07\/18\/el-alquiler-de-autos-como-clave-para-explorar-el-pais\/#article","isPartOf":{"@id":"https:\/\/autofans.com.ar\/index.php\/2023\/07\/18\/el-alquiler-de-autos-como-clave-para-explorar-el-pais\/"},"author":{"name":"Alejandro Gabriel Rosito","@id":"https:\/\/autofans.com.ar\/#\/schema\/person\/4a8dda0b6df83ac3d6723e921274c2aa"},"headline":"El alquiler de autos como clave para explorar el pa\u00eds","datePublished":"2023-07-18T13:47:35+00:00","mainEntityOfPage":{"@id":"https:\/\/autofans.com.ar\/index.php\/2023\/07\/18\/el-alquiler-de-autos-como-clave-para-explorar-el-pais\/"},"wordCount":673,"image":{"@id":"https:\/\/autofans.com.ar\/index.php\/2023\/07\/18\/el-alquiler-de-autos-como-clave-para-explorar-el-pais\/#primaryimage"},"thumbnailUrl":"https:\/\/autofans.com.ar\/wp-content\/uploads\/2023\/07\/foto-2-31.jpg","keywords":["alquiler de autos en Argentina","KINTO Share","modelos de autos m\u00e1s buscados","plataforma de movilidad","tendencias de movilidad","turismo de invierno"],"articleSection":["BIZSTYLE","NOTICIAS"],"inLanguage":"es"},{"@type":"WebPage","@id":"https:\/\/autofans.com.ar\/index.php\/2023\/07\/18\/el-alquiler-de-autos-como-clave-para-explorar-el-pais\/","url":"https:\/\/autofans.com.ar\/index.php\/2023\/07\/18\/el-alquiler-de-autos-como-clave-para-explorar-el-pais\/","name":"El alquiler de autos como clave para explorar el pa\u00eds -","isPartOf":{"@id":"https:\/\/autofans.com.ar\/#website"},"primaryImageOfPage":{"@id":"https:\/\/autofans.com.ar\/index.php\/2023\/07\/18\/el-alquiler-de-autos-como-clave-para-explorar-el-pais\/#primaryimage"},"image":{"@id":"https:\/\/autofans.com.ar\/index.php\/2023\/07\/18\/el-alquiler-de-autos-como-clave-para-explorar-el-pais\/#primaryimage"},"thumbnailUrl":"https:\/\/autofans.com.ar\/wp-content\/uploads\/2023\/07\/foto-2-31.jpg","datePublished":"2023-07-18T13:47:35+00:00","author":{"@id":"https:\/\/autofans.com.ar\/#\/schema\/person\/4a8dda0b6df83ac3d6723e921274c2aa"},"description":"Junto con las reservas de alojamiento y paquetes tur\u00edsticos, se espera un incremento en el alquiler de autos, tal como ocurri\u00f3 en el 2022...","breadcrumb":{"@id":"https:\/\/autofans.com.ar\/index.php\/2023\/07\/18\/el-alquiler-de-autos-como-clave-para-explorar-el-pais\/#breadcrumb"},"inLanguage":"es","potentialAction":[{"@type":"ReadAction","target":["https:\/\/autofans.com.ar\/index.php\/2023\/07\/18\/el-alquiler-de-autos-como-clave-para-explorar-el-pais\/"]}]},{"@type":"ImageObject","inLanguage":"es","@id":"https:\/\/autofans.com.ar\/index.php\/2023\/07\/18\/el-alquiler-de-autos-como-clave-para-explorar-el-pais\/#primaryimage","url":"https:\/\/autofans.com.ar\/wp-content\/uploads\/2023\/07\/foto-2-31.jpg","contentUrl":"https:\/\/autofans.com.ar\/wp-content\/uploads\/2023\/07\/foto-2-31.jpg","width":1000,"height":667,"caption":"kinto share"},{"@type":"BreadcrumbList","@id":"https:\/\/autofans.com.ar\/index.php\/2023\/07\/18\/el-alquiler-de-autos-como-clave-para-explorar-el-pais\/#breadcrumb","itemListElement":[{"@type":"ListItem","position":1,"name":"Inicio","item":"https:\/\/autofans.com.ar\/"},{"@type":"ListItem","position":2,"name":"El alquiler de autos como clave para explorar el pa\u00eds"}]},{"@type":"WebSite","@id":"https:\/\/autofans.com.ar\/#website","url":"https:\/\/autofans.com.ar\/","name":"","description":"El multimedio referente de la industria automotriz","potentialAction":[{"@type":"SearchAction","target":{"@type":"EntryPoint","urlTemplate":"https:\/\/autofans.com.ar\/?s={search_term_string}"},"query-input":{"@type":"PropertyValueSpecification","valueRequired":true,"valueName":"search_term_string"}}],"inLanguage":"es"},{"@type":"Person","@id":"https:\/\/autofans.com.ar\/#\/schema\/person\/4a8dda0b6df83ac3d6723e921274c2aa","name":"Alejandro Gabriel Rosito","image":{"@type":"ImageObject","inLanguage":"es","@id":"https:\/\/secure.gravatar.com\/avatar\/16c5dda1489adfc62618084dcbb91cffd879c374b13fe5dd8e44ed6733852c88?s=96&d=mm&r=g","url":"https:\/\/secure.gravatar.com\/avatar\/16c5dda1489adfc62618084dcbb91cffd879c374b13fe5dd8e44ed6733852c88?s=96&d=mm&r=g","contentUrl":"https:\/\/secure.gravatar.com\/avatar\/16c5dda1489adfc62618084dcbb91cffd879c374b13fe5dd8e44ed6733852c88?s=96&d=mm&r=g","caption":"Alejandro Gabriel Rosito"},"url":"https:\/\/autofans.com.ar\/index.php\/author\/gabrielr\/"}]}},"featured_image_urls":{"full":["https:\/\/autofans.com.ar\/wp-content\/uploads\/2023\/07\/foto-2-31.jpg",1000,667,false],"thumbnail":["https:\/\/autofans.com.ar\/wp-content\/uploads\/2023\/07\/foto-2-31-150x150.jpg",150,150,true],"medium":["https:\/\/autofans.com.ar\/wp-content\/uploads\/2023\/07\/foto-2-31-300x200.jpg",300,200,true],"medium_large":["https:\/\/autofans.com.ar\/wp-content\/uploads\/2023\/07\/foto-2-31-768x512.jpg",640,427,true],"large":["https:\/\/autofans.com.ar\/wp-content\/uploads\/2023\/07\/foto-2-31.jpg",640,427,false],"1536x1536":["https:\/\/autofans.com.ar\/wp-content\/uploads\/2023\/07\/foto-2-31.jpg",1000,667,false],"2048x2048":["https:\/\/autofans.com.ar\/wp-content\/uploads\/2023\/07\/foto-2-31.jpg",1000,667,false],"covernews-featured":["https:\/\/autofans.com.ar\/wp-content\/uploads\/2023\/07\/foto-2-31.jpg",1000,667,false],"covernews-medium":["https:\/\/autofans.com.ar\/wp-content\/uploads\/2023\/07\/foto-2-31-540x340.jpg",540,340,true]},"author_info":{"display_name":"Alejandro Gabriel Rosito","author_link":"https:\/\/autofans.com.ar\/index.php\/author\/gabrielr\/"},"category_info":"<a href=\"https:\/\/autofans.com.ar\/index.php\/category\/noticias\/bizstyle\/\" rel=\"category tag\">BIZSTYLE<\/a> <a href=\"https:\/\/autofans.com.ar\/index.php\/category\/noticias\/\" rel=\"category tag\">NOTICIAS<\/a>","tag_info":"NOTICIAS","comment_count":0,"_links":{"self":[{"href":"https:\/\/autofans.com.ar\/index.php\/wp-json\/wp\/v2\/posts\/4099","targetHints":{"allow":["GET"]}}],"collection":[{"href":"https:\/\/autofans.com.ar\/index.php\/wp-json\/wp\/v2\/posts"}],"about":[{"href":"https:\/\/autofans.com.ar\/index.php\/wp-json\/wp\/v2\/types\/post"}],"author":[{"embeddable":true,"href":"https:\/\/autofans.com.ar\/index.php\/wp-json\/wp\/v2\/users\/2"}],"replies":[{"embeddable":true,"href":"https:\/\/autofans.com.ar\/index.php\/wp-json\/wp\/v2\/comments?post=4099"}],"version-history":[{"count":1,"href":"https:\/\/autofans.com.ar\/index.php\/wp-json\/wp\/v2\/posts\/4099\/revisions"}],"predecessor-version":[{"id":4106,"href":"https:\/\/autofans.com.ar\/index.php\/wp-json\/wp\/v2\/posts\/4099\/revisions\/4106"}],"wp:featuredmedia":[{"embeddable":true,"href":"https:\/\/autofans.com.ar\/index.php\/wp-json\/wp\/v2\/media\/4105"}],"wp:attachment":[{"href":"https:\/\/autofans.com.ar\/index.php\/wp-json\/wp\/v2\/media?parent=4099"}],"wp:term":[{"taxonomy":"category","embeddable":true,"href":"https:\/\/autofans.com.ar\/index.php\/wp-json\/wp\/v2\/categories?post=4099"},{"taxonomy":"post_tag","embeddable":true,"href":"https:\/\/autofans.com.ar\/index.php\/wp-json\/wp\/v2\/tags?post=4099"}],"curies":[{"name":"wp","href":"https:\/\/api.w.org\/{rel}","templated":true}]}}