{"id":4113,"date":"2023-07-19T13:20:49","date_gmt":"2023-07-19T16:20:49","guid":{"rendered":"https:\/\/autofans.com.ar\/?p=4113"},"modified":"2023-07-19T13:20:49","modified_gmt":"2023-07-19T16:20:49","slug":"yamaha-argentina-lanza-su-nueva-linea-de-indumentaria-oficial-en-colaboracion-con-alpinestars","status":"publish","type":"post","link":"https:\/\/autofans.com.ar\/index.php\/2023\/07\/19\/yamaha-argentina-lanza-su-nueva-linea-de-indumentaria-oficial-en-colaboracion-con-alpinestars\/","title":{"rendered":"Yamaha Argentina lanza su nueva l\u00ednea de indumentaria oficial en colaboraci\u00f3n con Alpinestars"},"content":{"rendered":"<h2>Calidad y dise\u00f1o \u00fanico<\/h2>\n<p>Descubre la nueva propuesta de Yamaha Motor Argentina, que presenta su l\u00ednea de indumentaria oficial en asociaci\u00f3n con la reconocida marca Alpinestars. Con prendas dise\u00f1adas bajo los m\u00e1s altos est\u00e1ndares de calidad, esta colecci\u00f3n est\u00e1 pensada para los amantes de Yamaha y ofrece dos categor\u00edas: Casual y Racing. Conoce m\u00e1s sobre esta emocionante colaboraci\u00f3n y c\u00f3mo puedes adquirir estas prendas exclusivas a trav\u00e9s de los concesionarios oficiales seleccionados.<\/p>\n<h2><\/h2>\n<h2><img fetchpriority=\"high\" decoding=\"async\" class=\"aligncenter wp-image-4116 size-full\" src=\"https:\/\/autofans.com.ar\/wp-content\/uploads\/2023\/07\/foto-2-32.jpg\" alt=\"yamaha indumentaria\" width=\"1000\" height=\"667\" srcset=\"https:\/\/autofans.com.ar\/wp-content\/uploads\/2023\/07\/foto-2-32.jpg 1000w, https:\/\/autofans.com.ar\/wp-content\/uploads\/2023\/07\/foto-2-32-300x200.jpg 300w, https:\/\/autofans.com.ar\/wp-content\/uploads\/2023\/07\/foto-2-32-768x512.jpg 768w\" sizes=\"(max-width: 1000px) 100vw, 1000px\" \/><\/h2>\n<h2><\/h2>\n<h2>Prendas exclusivas para los fan\u00e1ticos<\/h2>\n<p>Yamaha Argentina ha dado un gran paso en su b\u00fasqueda por establecer una conexi\u00f3n m\u00e1s profunda con sus usuarios al lanzar su propia l\u00ednea de indumentaria oficial. En colaboraci\u00f3n con la prestigiosa marca Alpinestars, reconocida por su excelencia en el dise\u00f1o de productos para deportes de motor, Yamaha ha creado una colecci\u00f3n que combina estilo, calidad y pasi\u00f3n por la competici\u00f3n.<\/p>\n<p>La nueva l\u00ednea de indumentaria se divide en dos categor\u00edas principales: Casual y Racing. La categor\u00eda Casual est\u00e1 dise\u00f1ada para el uso diario en entornos urbanos, ofreciendo prendas vers\u00e1tiles y cl\u00e1sicas que priorizan la comodidad. Por otro lado, la categor\u00eda Racing fusiona un estilo \u00fanico con un dise\u00f1o deportivo, dirigido a aquellos entusiastas que desean experimentar la emoci\u00f3n de la competici\u00f3n en su d\u00eda a d\u00eda.<\/p>\n<h2><\/h2>\n<h2><img decoding=\"async\" class=\"aligncenter wp-image-4117 size-full\" src=\"https:\/\/autofans.com.ar\/wp-content\/uploads\/2023\/07\/foto-1-32.jpg\" alt=\"yamaha indumentaria\" width=\"1000\" height=\"667\" srcset=\"https:\/\/autofans.com.ar\/wp-content\/uploads\/2023\/07\/foto-1-32.jpg 1000w, https:\/\/autofans.com.ar\/wp-content\/uploads\/2023\/07\/foto-1-32-300x200.jpg 300w, https:\/\/autofans.com.ar\/wp-content\/uploads\/2023\/07\/foto-1-32-768x512.jpg 768w\" sizes=\"(max-width: 1000px) 100vw, 1000px\" \/><\/h2>\n<h2><\/h2>\n<h2>Conecta con tu pasi\u00f3n por Yamaha<\/h2>\n<p>La colecci\u00f3n incluye una amplia variedad de prendas para hombres y mujeres, desde camperas softshell y rompevientos hasta remeras, junto con accesorios exclusivos como gorras con dise\u00f1os personalizados. Cada pieza ha sido dise\u00f1ada y fabricada con los m\u00e1s altos est\u00e1ndares de calidad, brindando a los usuarios y fan\u00e1ticos de la marca la oportunidad de conectar e identificarse con Yamaha en su vida cotidiana.<\/p>\n<p>La nueva indumentaria oficial de Yamaha ya se encuentra disponible en los concesionarios oficiales seleccionados de la marca. Para obtener m\u00e1s informaci\u00f3n sobre los puntos de venta autorizados, puedes visitar el sitio web de Yamaha Motor Argentina. Descubre c\u00f3mo lucir con estilo y mostrar tu pasi\u00f3n por Yamaha con estas prendas exclusivas.<\/p>\n<p>Yamaha Motor Argentina contin\u00faa su compromiso con la excelencia japonesa, ofreciendo productos que combinan estilo, rendimiento y calidad. Como l\u00edder en el mercado de motocicletas, la marca busca trascender m\u00e1s all\u00e1 de la experiencia de conducci\u00f3n y acompa\u00f1ar a sus usuarios en cada aspecto de su vida motociclista.<\/p>\n<p>Para m\u00e1s informaci\u00f3n sobre Yamaha Motor Argentina y su amplia gama de productos, puedes visitar su p\u00e1gina web oficial en <a href=\"http:\/\/www.yamaha-motor.com.ar\/\" target=\"_new\" rel=\"noopener\">www.yamaha-motor.com.ar<\/a>.<\/p>\n<p>&nbsp;<\/p>\n<p><i>Para enterarte de m\u00e1s novedades, no dejes de leer\u00a0<\/i><a href=\"https:\/\/autofans.thebrandsoup.com\/\"><i>nuestras notas<\/i><\/a><i>, de ver<\/i><b><i>\u00a0<\/i><\/b><a href=\"https:\/\/www.youtube.com\/channel\/UCgAC8UGHZYbT6P7PpmVnP7g\"><b><i>AUTOFANS TV<\/i><\/b><\/a><b><i>\u00a0<\/i><\/b><i>en nuestro\u00a0canal de Youtube. Adem\u00e1s seguinos en\u00a0<\/i><a href=\"https:\/\/www.instagram.com\/autofanstv\/\"><i>INSTAGRAM<\/i><\/a><i> y <\/i><a href=\"https:\/\/www.facebook.com\/autofansmas\/\"><i>FACEBOOK<\/i><\/a><i> para no perderte nada sobre las novedades del segmento automotor de Argentina y el mundo. <\/i><\/p>\n","protected":false},"excerpt":{"rendered":"<p>Calidad y dise\u00f1o \u00fanico Descubre la nueva propuesta de Yamaha Motor Argentina, que presenta su&#8230;<\/p>\n","protected":false},"author":2,"featured_media":4114,"comment_status":"closed","ping_status":"closed","sticky":false,"template":"","format":"standard","meta":{"footnotes":""},"categories":[6,1,4],"tags":[2007,2010,2009,2006,2008,2005],"class_list":["post-4113","post","type-post","status-publish","format-standard","has-post-thumbnail","hentry","category-bizstyle","category-lanzamientos","category-motos","tag-alpinestars","tag-coleccion-casual-y-racing","tag-estilo-yamaha","tag-indumentaria-oficial","tag-moda-motociclista","tag-yamaha-argentina"],"yoast_head":"<!-- This site is optimized with the Yoast SEO plugin v27.5 - https:\/\/yoast.com\/product\/yoast-seo-wordpress\/ -->\n<title>Yamaha Argentina lanza su nueva l\u00ednea de indumentaria oficial en colaboraci\u00f3n con Alpinestars -<\/title>\n<meta name=\"description\" content=\"La nueva propuesta de Yamaha Motor Argentina, presenta su l\u00ednea de indumentaria oficial en asociaci\u00f3n con la reconocida marca Alpinestars...\" \/>\n<meta name=\"robots\" content=\"index, follow, max-snippet:-1, max-image-preview:large, max-video-preview:-1\" \/>\n<link rel=\"canonical\" href=\"https:\/\/autofans.com.ar\/index.php\/2023\/07\/19\/yamaha-argentina-lanza-su-nueva-linea-de-indumentaria-oficial-en-colaboracion-con-alpinestars\/\" \/>\n<meta property=\"og:locale\" content=\"es_ES\" \/>\n<meta property=\"og:type\" content=\"article\" \/>\n<meta property=\"og:title\" content=\"Yamaha Argentina lanza su nueva l\u00ednea de indumentaria oficial en colaboraci\u00f3n con Alpinestars -\" \/>\n<meta property=\"og:description\" content=\"La nueva propuesta de Yamaha Motor Argentina, presenta su l\u00ednea de indumentaria oficial en asociaci\u00f3n con la reconocida marca Alpinestars...\" \/>\n<meta property=\"og:url\" content=\"https:\/\/autofans.com.ar\/index.php\/2023\/07\/19\/yamaha-argentina-lanza-su-nueva-linea-de-indumentaria-oficial-en-colaboracion-con-alpinestars\/\" \/>\n<meta property=\"article:published_time\" content=\"2023-07-19T16:20:49+00:00\" \/>\n<meta property=\"og:image\" content=\"https:\/\/autofans.com.ar\/wp-content\/uploads\/2023\/07\/foto-4-19.jpg\" \/>\n\t<meta property=\"og:image:width\" content=\"1000\" \/>\n\t<meta property=\"og:image:height\" content=\"667\" \/>\n\t<meta property=\"og:image:type\" content=\"image\/jpeg\" \/>\n<meta name=\"author\" content=\"Alejandro Gabriel Rosito\" \/>\n<meta name=\"twitter:card\" content=\"summary_large_image\" \/>\n<meta name=\"twitter:label1\" content=\"Escrito por\" \/>\n\t<meta name=\"twitter:data1\" content=\"Alejandro Gabriel Rosito\" \/>\n\t<meta name=\"twitter:label2\" content=\"Tiempo de lectura\" \/>\n\t<meta name=\"twitter:data2\" content=\"3 minutos\" \/>\n<script type=\"application\/ld+json\" class=\"yoast-schema-graph\">{\"@context\":\"https:\\\/\\\/schema.org\",\"@graph\":[{\"@type\":\"Article\",\"@id\":\"https:\\\/\\\/autofans.com.ar\\\/index.php\\\/2023\\\/07\\\/19\\\/yamaha-argentina-lanza-su-nueva-linea-de-indumentaria-oficial-en-colaboracion-con-alpinestars\\\/#article\",\"isPartOf\":{\"@id\":\"https:\\\/\\\/autofans.com.ar\\\/index.php\\\/2023\\\/07\\\/19\\\/yamaha-argentina-lanza-su-nueva-linea-de-indumentaria-oficial-en-colaboracion-con-alpinestars\\\/\"},\"author\":{\"name\":\"Alejandro Gabriel Rosito\",\"@id\":\"https:\\\/\\\/autofans.com.ar\\\/#\\\/schema\\\/person\\\/4a8dda0b6df83ac3d6723e921274c2aa\"},\"headline\":\"Yamaha Argentina lanza su nueva l\u00ednea de indumentaria oficial en colaboraci\u00f3n con Alpinestars\",\"datePublished\":\"2023-07-19T16:20:49+00:00\",\"mainEntityOfPage\":{\"@id\":\"https:\\\/\\\/autofans.com.ar\\\/index.php\\\/2023\\\/07\\\/19\\\/yamaha-argentina-lanza-su-nueva-linea-de-indumentaria-oficial-en-colaboracion-con-alpinestars\\\/\"},\"wordCount\":509,\"image\":{\"@id\":\"https:\\\/\\\/autofans.com.ar\\\/index.php\\\/2023\\\/07\\\/19\\\/yamaha-argentina-lanza-su-nueva-linea-de-indumentaria-oficial-en-colaboracion-con-alpinestars\\\/#primaryimage\"},\"thumbnailUrl\":\"https:\\\/\\\/autofans.com.ar\\\/wp-content\\\/uploads\\\/2023\\\/07\\\/foto-4-19.jpg\",\"keywords\":[\"Alpinestars\",\"colecci\u00f3n Casual y Racing\",\"estilo Yamaha\",\"indumentaria oficial\",\"moda motociclista\",\"Yamaha Argentina\"],\"articleSection\":[\"BIZSTYLE\",\"LANZAMIENTOS\",\"MOTOS\"],\"inLanguage\":\"es\"},{\"@type\":\"WebPage\",\"@id\":\"https:\\\/\\\/autofans.com.ar\\\/index.php\\\/2023\\\/07\\\/19\\\/yamaha-argentina-lanza-su-nueva-linea-de-indumentaria-oficial-en-colaboracion-con-alpinestars\\\/\",\"url\":\"https:\\\/\\\/autofans.com.ar\\\/index.php\\\/2023\\\/07\\\/19\\\/yamaha-argentina-lanza-su-nueva-linea-de-indumentaria-oficial-en-colaboracion-con-alpinestars\\\/\",\"name\":\"Yamaha Argentina lanza su nueva l\u00ednea de indumentaria oficial en colaboraci\u00f3n con Alpinestars -\",\"isPartOf\":{\"@id\":\"https:\\\/\\\/autofans.com.ar\\\/#website\"},\"primaryImageOfPage\":{\"@id\":\"https:\\\/\\\/autofans.com.ar\\\/index.php\\\/2023\\\/07\\\/19\\\/yamaha-argentina-lanza-su-nueva-linea-de-indumentaria-oficial-en-colaboracion-con-alpinestars\\\/#primaryimage\"},\"image\":{\"@id\":\"https:\\\/\\\/autofans.com.ar\\\/index.php\\\/2023\\\/07\\\/19\\\/yamaha-argentina-lanza-su-nueva-linea-de-indumentaria-oficial-en-colaboracion-con-alpinestars\\\/#primaryimage\"},\"thumbnailUrl\":\"https:\\\/\\\/autofans.com.ar\\\/wp-content\\\/uploads\\\/2023\\\/07\\\/foto-4-19.jpg\",\"datePublished\":\"2023-07-19T16:20:49+00:00\",\"author\":{\"@id\":\"https:\\\/\\\/autofans.com.ar\\\/#\\\/schema\\\/person\\\/4a8dda0b6df83ac3d6723e921274c2aa\"},\"description\":\"La nueva propuesta de Yamaha Motor Argentina, presenta su l\u00ednea de indumentaria oficial en asociaci\u00f3n con la reconocida marca Alpinestars...\",\"breadcrumb\":{\"@id\":\"https:\\\/\\\/autofans.com.ar\\\/index.php\\\/2023\\\/07\\\/19\\\/yamaha-argentina-lanza-su-nueva-linea-de-indumentaria-oficial-en-colaboracion-con-alpinestars\\\/#breadcrumb\"},\"inLanguage\":\"es\",\"potentialAction\":[{\"@type\":\"ReadAction\",\"target\":[\"https:\\\/\\\/autofans.com.ar\\\/index.php\\\/2023\\\/07\\\/19\\\/yamaha-argentina-lanza-su-nueva-linea-de-indumentaria-oficial-en-colaboracion-con-alpinestars\\\/\"]}]},{\"@type\":\"ImageObject\",\"inLanguage\":\"es\",\"@id\":\"https:\\\/\\\/autofans.com.ar\\\/index.php\\\/2023\\\/07\\\/19\\\/yamaha-argentina-lanza-su-nueva-linea-de-indumentaria-oficial-en-colaboracion-con-alpinestars\\\/#primaryimage\",\"url\":\"https:\\\/\\\/autofans.com.ar\\\/wp-content\\\/uploads\\\/2023\\\/07\\\/foto-4-19.jpg\",\"contentUrl\":\"https:\\\/\\\/autofans.com.ar\\\/wp-content\\\/uploads\\\/2023\\\/07\\\/foto-4-19.jpg\",\"width\":1000,\"height\":667,\"caption\":\"yamaha indumentaria\"},{\"@type\":\"BreadcrumbList\",\"@id\":\"https:\\\/\\\/autofans.com.ar\\\/index.php\\\/2023\\\/07\\\/19\\\/yamaha-argentina-lanza-su-nueva-linea-de-indumentaria-oficial-en-colaboracion-con-alpinestars\\\/#breadcrumb\",\"itemListElement\":[{\"@type\":\"ListItem\",\"position\":1,\"name\":\"Inicio\",\"item\":\"https:\\\/\\\/autofans.com.ar\\\/\"},{\"@type\":\"ListItem\",\"position\":2,\"name\":\"Yamaha Argentina lanza su nueva l\u00ednea de indumentaria oficial en colaboraci\u00f3n con Alpinestars\"}]},{\"@type\":\"WebSite\",\"@id\":\"https:\\\/\\\/autofans.com.ar\\\/#website\",\"url\":\"https:\\\/\\\/autofans.com.ar\\\/\",\"name\":\"\",\"description\":\"El multimedio referente de la industria automotriz\",\"potentialAction\":[{\"@type\":\"SearchAction\",\"target\":{\"@type\":\"EntryPoint\",\"urlTemplate\":\"https:\\\/\\\/autofans.com.ar\\\/?s={search_term_string}\"},\"query-input\":{\"@type\":\"PropertyValueSpecification\",\"valueRequired\":true,\"valueName\":\"search_term_string\"}}],\"inLanguage\":\"es\"},{\"@type\":\"Person\",\"@id\":\"https:\\\/\\\/autofans.com.ar\\\/#\\\/schema\\\/person\\\/4a8dda0b6df83ac3d6723e921274c2aa\",\"name\":\"Alejandro Gabriel Rosito\",\"image\":{\"@type\":\"ImageObject\",\"inLanguage\":\"es\",\"@id\":\"https:\\\/\\\/secure.gravatar.com\\\/avatar\\\/16c5dda1489adfc62618084dcbb91cffd879c374b13fe5dd8e44ed6733852c88?s=96&d=mm&r=g\",\"url\":\"https:\\\/\\\/secure.gravatar.com\\\/avatar\\\/16c5dda1489adfc62618084dcbb91cffd879c374b13fe5dd8e44ed6733852c88?s=96&d=mm&r=g\",\"contentUrl\":\"https:\\\/\\\/secure.gravatar.com\\\/avatar\\\/16c5dda1489adfc62618084dcbb91cffd879c374b13fe5dd8e44ed6733852c88?s=96&d=mm&r=g\",\"caption\":\"Alejandro Gabriel Rosito\"},\"url\":\"https:\\\/\\\/autofans.com.ar\\\/index.php\\\/author\\\/gabrielr\\\/\"}]}<\/script>\n<!-- \/ Yoast SEO plugin. -->","yoast_head_json":{"title":"Yamaha Argentina lanza su nueva l\u00ednea de indumentaria oficial en colaboraci\u00f3n con Alpinestars -","description":"La nueva propuesta de Yamaha Motor Argentina, presenta su l\u00ednea de indumentaria oficial en asociaci\u00f3n con la reconocida marca Alpinestars...","robots":{"index":"index","follow":"follow","max-snippet":"max-snippet:-1","max-image-preview":"max-image-preview:large","max-video-preview":"max-video-preview:-1"},"canonical":"https:\/\/autofans.com.ar\/index.php\/2023\/07\/19\/yamaha-argentina-lanza-su-nueva-linea-de-indumentaria-oficial-en-colaboracion-con-alpinestars\/","og_locale":"es_ES","og_type":"article","og_title":"Yamaha Argentina lanza su nueva l\u00ednea de indumentaria oficial en colaboraci\u00f3n con Alpinestars -","og_description":"La nueva propuesta de Yamaha Motor Argentina, presenta su l\u00ednea de indumentaria oficial en asociaci\u00f3n con la reconocida marca Alpinestars...","og_url":"https:\/\/autofans.com.ar\/index.php\/2023\/07\/19\/yamaha-argentina-lanza-su-nueva-linea-de-indumentaria-oficial-en-colaboracion-con-alpinestars\/","article_published_time":"2023-07-19T16:20:49+00:00","og_image":[{"width":1000,"height":667,"url":"https:\/\/autofans.com.ar\/wp-content\/uploads\/2023\/07\/foto-4-19.jpg","type":"image\/jpeg"}],"author":"Alejandro Gabriel Rosito","twitter_card":"summary_large_image","twitter_misc":{"Escrito por":"Alejandro Gabriel Rosito","Tiempo de lectura":"3 minutos"},"schema":{"@context":"https:\/\/schema.org","@graph":[{"@type":"Article","@id":"https:\/\/autofans.com.ar\/index.php\/2023\/07\/19\/yamaha-argentina-lanza-su-nueva-linea-de-indumentaria-oficial-en-colaboracion-con-alpinestars\/#article","isPartOf":{"@id":"https:\/\/autofans.com.ar\/index.php\/2023\/07\/19\/yamaha-argentina-lanza-su-nueva-linea-de-indumentaria-oficial-en-colaboracion-con-alpinestars\/"},"author":{"name":"Alejandro Gabriel Rosito","@id":"https:\/\/autofans.com.ar\/#\/schema\/person\/4a8dda0b6df83ac3d6723e921274c2aa"},"headline":"Yamaha Argentina lanza su nueva l\u00ednea de indumentaria oficial en colaboraci\u00f3n con Alpinestars","datePublished":"2023-07-19T16:20:49+00:00","mainEntityOfPage":{"@id":"https:\/\/autofans.com.ar\/index.php\/2023\/07\/19\/yamaha-argentina-lanza-su-nueva-linea-de-indumentaria-oficial-en-colaboracion-con-alpinestars\/"},"wordCount":509,"image":{"@id":"https:\/\/autofans.com.ar\/index.php\/2023\/07\/19\/yamaha-argentina-lanza-su-nueva-linea-de-indumentaria-oficial-en-colaboracion-con-alpinestars\/#primaryimage"},"thumbnailUrl":"https:\/\/autofans.com.ar\/wp-content\/uploads\/2023\/07\/foto-4-19.jpg","keywords":["Alpinestars","colecci\u00f3n Casual y Racing","estilo Yamaha","indumentaria oficial","moda motociclista","Yamaha Argentina"],"articleSection":["BIZSTYLE","LANZAMIENTOS","MOTOS"],"inLanguage":"es"},{"@type":"WebPage","@id":"https:\/\/autofans.com.ar\/index.php\/2023\/07\/19\/yamaha-argentina-lanza-su-nueva-linea-de-indumentaria-oficial-en-colaboracion-con-alpinestars\/","url":"https:\/\/autofans.com.ar\/index.php\/2023\/07\/19\/yamaha-argentina-lanza-su-nueva-linea-de-indumentaria-oficial-en-colaboracion-con-alpinestars\/","name":"Yamaha Argentina lanza su nueva l\u00ednea de indumentaria oficial en colaboraci\u00f3n con Alpinestars -","isPartOf":{"@id":"https:\/\/autofans.com.ar\/#website"},"primaryImageOfPage":{"@id":"https:\/\/autofans.com.ar\/index.php\/2023\/07\/19\/yamaha-argentina-lanza-su-nueva-linea-de-indumentaria-oficial-en-colaboracion-con-alpinestars\/#primaryimage"},"image":{"@id":"https:\/\/autofans.com.ar\/index.php\/2023\/07\/19\/yamaha-argentina-lanza-su-nueva-linea-de-indumentaria-oficial-en-colaboracion-con-alpinestars\/#primaryimage"},"thumbnailUrl":"https:\/\/autofans.com.ar\/wp-content\/uploads\/2023\/07\/foto-4-19.jpg","datePublished":"2023-07-19T16:20:49+00:00","author":{"@id":"https:\/\/autofans.com.ar\/#\/schema\/person\/4a8dda0b6df83ac3d6723e921274c2aa"},"description":"La nueva propuesta de Yamaha Motor Argentina, presenta su l\u00ednea de indumentaria oficial en asociaci\u00f3n con la reconocida marca Alpinestars...","breadcrumb":{"@id":"https:\/\/autofans.com.ar\/index.php\/2023\/07\/19\/yamaha-argentina-lanza-su-nueva-linea-de-indumentaria-oficial-en-colaboracion-con-alpinestars\/#breadcrumb"},"inLanguage":"es","potentialAction":[{"@type":"ReadAction","target":["https:\/\/autofans.com.ar\/index.php\/2023\/07\/19\/yamaha-argentina-lanza-su-nueva-linea-de-indumentaria-oficial-en-colaboracion-con-alpinestars\/"]}]},{"@type":"ImageObject","inLanguage":"es","@id":"https:\/\/autofans.com.ar\/index.php\/2023\/07\/19\/yamaha-argentina-lanza-su-nueva-linea-de-indumentaria-oficial-en-colaboracion-con-alpinestars\/#primaryimage","url":"https:\/\/autofans.com.ar\/wp-content\/uploads\/2023\/07\/foto-4-19.jpg","contentUrl":"https:\/\/autofans.com.ar\/wp-content\/uploads\/2023\/07\/foto-4-19.jpg","width":1000,"height":667,"caption":"yamaha indumentaria"},{"@type":"BreadcrumbList","@id":"https:\/\/autofans.com.ar\/index.php\/2023\/07\/19\/yamaha-argentina-lanza-su-nueva-linea-de-indumentaria-oficial-en-colaboracion-con-alpinestars\/#breadcrumb","itemListElement":[{"@type":"ListItem","position":1,"name":"Inicio","item":"https:\/\/autofans.com.ar\/"},{"@type":"ListItem","position":2,"name":"Yamaha Argentina lanza su nueva l\u00ednea de indumentaria oficial en colaboraci\u00f3n con Alpinestars"}]},{"@type":"WebSite","@id":"https:\/\/autofans.com.ar\/#website","url":"https:\/\/autofans.com.ar\/","name":"","description":"El multimedio referente de la industria automotriz","potentialAction":[{"@type":"SearchAction","target":{"@type":"EntryPoint","urlTemplate":"https:\/\/autofans.com.ar\/?s={search_term_string}"},"query-input":{"@type":"PropertyValueSpecification","valueRequired":true,"valueName":"search_term_string"}}],"inLanguage":"es"},{"@type":"Person","@id":"https:\/\/autofans.com.ar\/#\/schema\/person\/4a8dda0b6df83ac3d6723e921274c2aa","name":"Alejandro Gabriel Rosito","image":{"@type":"ImageObject","inLanguage":"es","@id":"https:\/\/secure.gravatar.com\/avatar\/16c5dda1489adfc62618084dcbb91cffd879c374b13fe5dd8e44ed6733852c88?s=96&d=mm&r=g","url":"https:\/\/secure.gravatar.com\/avatar\/16c5dda1489adfc62618084dcbb91cffd879c374b13fe5dd8e44ed6733852c88?s=96&d=mm&r=g","contentUrl":"https:\/\/secure.gravatar.com\/avatar\/16c5dda1489adfc62618084dcbb91cffd879c374b13fe5dd8e44ed6733852c88?s=96&d=mm&r=g","caption":"Alejandro Gabriel Rosito"},"url":"https:\/\/autofans.com.ar\/index.php\/author\/gabrielr\/"}]}},"featured_image_urls":{"full":["https:\/\/autofans.com.ar\/wp-content\/uploads\/2023\/07\/foto-4-19.jpg",1000,667,false],"thumbnail":["https:\/\/autofans.com.ar\/wp-content\/uploads\/2023\/07\/foto-4-19-150x150.jpg",150,150,true],"medium":["https:\/\/autofans.com.ar\/wp-content\/uploads\/2023\/07\/foto-4-19-300x200.jpg",300,200,true],"medium_large":["https:\/\/autofans.com.ar\/wp-content\/uploads\/2023\/07\/foto-4-19-768x512.jpg",640,427,true],"large":["https:\/\/autofans.com.ar\/wp-content\/uploads\/2023\/07\/foto-4-19.jpg",640,427,false],"1536x1536":["https:\/\/autofans.com.ar\/wp-content\/uploads\/2023\/07\/foto-4-19.jpg",1000,667,false],"2048x2048":["https:\/\/autofans.com.ar\/wp-content\/uploads\/2023\/07\/foto-4-19.jpg",1000,667,false],"covernews-featured":["https:\/\/autofans.com.ar\/wp-content\/uploads\/2023\/07\/foto-4-19.jpg",1000,667,false],"covernews-medium":["https:\/\/autofans.com.ar\/wp-content\/uploads\/2023\/07\/foto-4-19-540x340.jpg",540,340,true]},"author_info":{"display_name":"Alejandro Gabriel Rosito","author_link":"https:\/\/autofans.com.ar\/index.php\/author\/gabrielr\/"},"category_info":"<a href=\"https:\/\/autofans.com.ar\/index.php\/category\/noticias\/bizstyle\/\" rel=\"category tag\">BIZSTYLE<\/a> <a href=\"https:\/\/autofans.com.ar\/index.php\/category\/lanzamientos\/\" rel=\"category tag\">LANZAMIENTOS<\/a> <a href=\"https:\/\/autofans.com.ar\/index.php\/category\/noticias\/motos\/\" rel=\"category tag\">MOTOS<\/a>","tag_info":"MOTOS","comment_count":0,"_links":{"self":[{"href":"https:\/\/autofans.com.ar\/index.php\/wp-json\/wp\/v2\/posts\/4113","targetHints":{"allow":["GET"]}}],"collection":[{"href":"https:\/\/autofans.com.ar\/index.php\/wp-json\/wp\/v2\/posts"}],"about":[{"href":"https:\/\/autofans.com.ar\/index.php\/wp-json\/wp\/v2\/types\/post"}],"author":[{"embeddable":true,"href":"https:\/\/autofans.com.ar\/index.php\/wp-json\/wp\/v2\/users\/2"}],"replies":[{"embeddable":true,"href":"https:\/\/autofans.com.ar\/index.php\/wp-json\/wp\/v2\/comments?post=4113"}],"version-history":[{"count":1,"href":"https:\/\/autofans.com.ar\/index.php\/wp-json\/wp\/v2\/posts\/4113\/revisions"}],"predecessor-version":[{"id":4118,"href":"https:\/\/autofans.com.ar\/index.php\/wp-json\/wp\/v2\/posts\/4113\/revisions\/4118"}],"wp:featuredmedia":[{"embeddable":true,"href":"https:\/\/autofans.com.ar\/index.php\/wp-json\/wp\/v2\/media\/4114"}],"wp:attachment":[{"href":"https:\/\/autofans.com.ar\/index.php\/wp-json\/wp\/v2\/media?parent=4113"}],"wp:term":[{"taxonomy":"category","embeddable":true,"href":"https:\/\/autofans.com.ar\/index.php\/wp-json\/wp\/v2\/categories?post=4113"},{"taxonomy":"post_tag","embeddable":true,"href":"https:\/\/autofans.com.ar\/index.php\/wp-json\/wp\/v2\/tags?post=4113"}],"curies":[{"name":"wp","href":"https:\/\/api.w.org\/{rel}","templated":true}]}}