{"id":4150,"date":"2023-07-19T20:12:10","date_gmt":"2023-07-19T23:12:10","guid":{"rendered":"https:\/\/autofans.com.ar\/?p=4150"},"modified":"2023-07-19T20:12:10","modified_gmt":"2023-07-19T23:12:10","slug":"nissan-nombra-a-gerardo-fernandez-aguilar-como-vicepresidente-de-marketing-y-ventas-para-america-del-sur-y-mexico","status":"publish","type":"post","link":"https:\/\/autofans.com.ar\/index.php\/2023\/07\/19\/nissan-nombra-a-gerardo-fernandez-aguilar-como-vicepresidente-de-marketing-y-ventas-para-america-del-sur-y-mexico\/","title":{"rendered":"Nissan nombra a Gerardo Fern\u00e1ndez Aguilar como Vicepresidente de Marketing y Ventas para Am\u00e9rica del Sur y M\u00e9xico"},"content":{"rendered":"<h2>Nissan fortalece su equipo directivo<\/h2>\n<p>En un movimiento estrat\u00e9gico para impulsar su presencia en Am\u00e9rica del Sur, Nissan ha designado a Gerardo Fern\u00e1ndez Aguilar como Vicepresidente de Marketing y Ventas para Nissan Am\u00e9rica del Sur y Nissan Mexicana. Este nombramiento forma parte del plan de crecimiento de la compa\u00f1\u00eda en la regi\u00f3n y su enfoque en el desarrollo de talentos.<\/p>\n<p>Con una s\u00f3lida trayectoria en el mercado automotriz, Gerardo Fern\u00e1ndez Aguilar posee 23 a\u00f1os de experiencia y cuenta con un t\u00edtulo en Administraci\u00f3n de Empresas de la Universidad del Valle de M\u00e9xico (UVM), as\u00ed como un posgrado en Administraci\u00f3n de Empresas y Management del Instituto Tecnol\u00f3gico y de Estudios Superiores de Monterrey (ITESM). Anteriormente, desempe\u00f1\u00f3 el cargo de Director Senior de Marketing de Nissan Mexicana, donde adquiri\u00f3 conocimientos profundos en marketing, ventas directas y flotas.<\/p>\n<p>&nbsp;<\/p>\n<p><img fetchpriority=\"high\" decoding=\"async\" class=\"aligncenter wp-image-4154 size-full\" src=\"https:\/\/autofans.com.ar\/wp-content\/uploads\/2023\/07\/foto-2-34.jpg\" alt=\"nissan\" width=\"1000\" height=\"667\" srcset=\"https:\/\/autofans.com.ar\/wp-content\/uploads\/2023\/07\/foto-2-34.jpg 1000w, https:\/\/autofans.com.ar\/wp-content\/uploads\/2023\/07\/foto-2-34-300x200.jpg 300w, https:\/\/autofans.com.ar\/wp-content\/uploads\/2023\/07\/foto-2-34-768x512.jpg 768w\" sizes=\"(max-width: 1000px) 100vw, 1000px\" \/><\/p>\n<p>En su nuevo rol, Gerardo reportar\u00e1 a Guy Rodr\u00edguez, Presidente de Nissan Mexicana, Nissan Importers Business Unit y Nissan Am\u00e9rica del Sur, as\u00ed como Vicepresidente Corporativo de Nissan Motor Co. Rodr\u00edguez expres\u00f3 su confianza en que Gerardo contribuir\u00e1 al fortalecimiento de la estrategia de marca de Nissan y promover\u00e1 pr\u00e1cticas de excelencia en las regiones, con el objetivo de posicionar a Nissan como una de las tres automotrices m\u00e1s admiradas de la regi\u00f3n.<\/p>\n<p>El nombramiento de Gerardo Fern\u00e1ndez Aguilar ser\u00e1 efectivo a partir del 1 de agosto de 2023, y se espera que su liderazgo y experiencia impulsen a\u00fan m\u00e1s el crecimiento de Nissan en Am\u00e9rica del Sur y M\u00e9xico.<\/p>\n<h2>Acerca de Nissan Am\u00e9rica del Sur<\/h2>\n<p>Nissan Am\u00e9rica del Sur (NSAM) es una unidad de negocios creada en 2020 como parte de la estrategia global de la compa\u00f1\u00eda. Comprende las operaciones administrativas de las subsidiarias de Brasil, Argentina, Chile y Per\u00fa, con el objetivo de acelerar el desarrollo de la marca en la regi\u00f3n. Para obtener m\u00e1s informaci\u00f3n sobre Nissan Am\u00e9rica del Sur, puede seguir las cuentas oficiales en LinkedIn de Nissan Argentina, Brasil, Chile y Per\u00fa, as\u00ed como escuchar el podcast \u00ab<a href=\"https:\/\/autofans.com.ar\/index.php\/2023\/04\/19\/nissan-on-air\/\" target=\"_blank\" rel=\"noopener\">Nissan On Air<\/a>\u00bb en Spotify.<\/p>\n<p>&nbsp;<\/p>\n<p><i>Para enterarte de m\u00e1s novedades, no dejes de leer\u00a0<\/i><a href=\"https:\/\/autofans.thebrandsoup.com\/\"><i>nuestras notas<\/i><\/a><i>, de ver<\/i><b><i>\u00a0<\/i><\/b><a href=\"https:\/\/www.youtube.com\/channel\/UCgAC8UGHZYbT6P7PpmVnP7g\"><b><i>AUTOFANS TV<\/i><\/b><\/a><b><i>\u00a0<\/i><\/b><i>en nuestro\u00a0canal de Youtube. Adem\u00e1s seguinos en\u00a0<\/i><a href=\"https:\/\/www.instagram.com\/autofanstv\/\"><i>INSTAGRAM<\/i><\/a><i> y <\/i><a href=\"https:\/\/www.facebook.com\/autofansmas\/\"><i>FACEBOOK<\/i><\/a><i> para no perderte nada sobre las novedades del segmento automotor de Argentina y el mundo. <\/i><\/p>\n","protected":false},"excerpt":{"rendered":"<p>Nissan fortalece su equipo directivo En un movimiento estrat\u00e9gico para impulsar su presencia en Am\u00e9rica&#8230;<\/p>\n","protected":false},"author":2,"featured_media":4157,"comment_status":"closed","ping_status":"closed","sticky":false,"template":"","format":"standard","meta":{"footnotes":""},"categories":[292,16],"tags":[1018,2022,1906,268,2024,2023],"class_list":["post-4150","post","type-post","status-publish","format-standard","has-post-thumbnail","hentry","category-empresas","category-noticias","tag-america-del-sur","tag-gerardo-fernandez-aguilar","tag-mercado-automotriz","tag-nissan","tag-nissan-mexicana","tag-vicepresidente-de-marketing-y-ventas"],"yoast_head":"<!-- This site is optimized with the Yoast SEO plugin v27.5 - https:\/\/yoast.com\/product\/yoast-seo-wordpress\/ -->\n<title>Nissan nombra a Gerardo Fern\u00e1ndez Aguilar como Vicepresidente de Marketing y Ventas para Am\u00e9rica del Sur y M\u00e9xico -<\/title>\n<meta name=\"description\" content=\"Nissan ha designado a Gerardo Fern\u00e1ndez Aguilar como Vicepresidente de Marketing y Ventas para Nissan Am\u00e9rica del Sur y Nissan Mexicana...\" \/>\n<meta name=\"robots\" content=\"index, follow, max-snippet:-1, max-image-preview:large, max-video-preview:-1\" \/>\n<link rel=\"canonical\" href=\"https:\/\/autofans.com.ar\/index.php\/2023\/07\/19\/nissan-nombra-a-gerardo-fernandez-aguilar-como-vicepresidente-de-marketing-y-ventas-para-america-del-sur-y-mexico\/\" \/>\n<meta property=\"og:locale\" content=\"es_ES\" \/>\n<meta property=\"og:type\" content=\"article\" \/>\n<meta property=\"og:title\" content=\"Nissan nombra a Gerardo Fern\u00e1ndez Aguilar como Vicepresidente de Marketing y Ventas para Am\u00e9rica del Sur y M\u00e9xico -\" \/>\n<meta property=\"og:description\" content=\"Nissan ha designado a Gerardo Fern\u00e1ndez Aguilar como Vicepresidente de Marketing y Ventas para Nissan Am\u00e9rica del Sur y Nissan Mexicana...\" \/>\n<meta property=\"og:url\" content=\"https:\/\/autofans.com.ar\/index.php\/2023\/07\/19\/nissan-nombra-a-gerardo-fernandez-aguilar-como-vicepresidente-de-marketing-y-ventas-para-america-del-sur-y-mexico\/\" \/>\n<meta property=\"article:published_time\" content=\"2023-07-19T23:12:10+00:00\" \/>\n<meta property=\"og:image\" content=\"https:\/\/autofans.com.ar\/wp-content\/uploads\/2023\/07\/foto-1-34.jpg\" \/>\n\t<meta property=\"og:image:width\" content=\"1000\" \/>\n\t<meta property=\"og:image:height\" content=\"667\" \/>\n\t<meta property=\"og:image:type\" content=\"image\/jpeg\" \/>\n<meta name=\"author\" content=\"Alejandro Gabriel Rosito\" \/>\n<meta name=\"twitter:card\" content=\"summary_large_image\" \/>\n<meta name=\"twitter:label1\" content=\"Escrito por\" \/>\n\t<meta name=\"twitter:data1\" content=\"Alejandro Gabriel Rosito\" \/>\n\t<meta name=\"twitter:label2\" content=\"Tiempo de lectura\" \/>\n\t<meta name=\"twitter:data2\" content=\"2 minutos\" \/>\n<script type=\"application\/ld+json\" class=\"yoast-schema-graph\">{\"@context\":\"https:\\\/\\\/schema.org\",\"@graph\":[{\"@type\":\"Article\",\"@id\":\"https:\\\/\\\/autofans.com.ar\\\/index.php\\\/2023\\\/07\\\/19\\\/nissan-nombra-a-gerardo-fernandez-aguilar-como-vicepresidente-de-marketing-y-ventas-para-america-del-sur-y-mexico\\\/#article\",\"isPartOf\":{\"@id\":\"https:\\\/\\\/autofans.com.ar\\\/index.php\\\/2023\\\/07\\\/19\\\/nissan-nombra-a-gerardo-fernandez-aguilar-como-vicepresidente-de-marketing-y-ventas-para-america-del-sur-y-mexico\\\/\"},\"author\":{\"name\":\"Alejandro Gabriel Rosito\",\"@id\":\"https:\\\/\\\/autofans.com.ar\\\/#\\\/schema\\\/person\\\/4a8dda0b6df83ac3d6723e921274c2aa\"},\"headline\":\"Nissan nombra a Gerardo Fern\u00e1ndez Aguilar como Vicepresidente de Marketing y Ventas para Am\u00e9rica del Sur y M\u00e9xico\",\"datePublished\":\"2023-07-19T23:12:10+00:00\",\"mainEntityOfPage\":{\"@id\":\"https:\\\/\\\/autofans.com.ar\\\/index.php\\\/2023\\\/07\\\/19\\\/nissan-nombra-a-gerardo-fernandez-aguilar-como-vicepresidente-de-marketing-y-ventas-para-america-del-sur-y-mexico\\\/\"},\"wordCount\":426,\"image\":{\"@id\":\"https:\\\/\\\/autofans.com.ar\\\/index.php\\\/2023\\\/07\\\/19\\\/nissan-nombra-a-gerardo-fernandez-aguilar-como-vicepresidente-de-marketing-y-ventas-para-america-del-sur-y-mexico\\\/#primaryimage\"},\"thumbnailUrl\":\"https:\\\/\\\/autofans.com.ar\\\/wp-content\\\/uploads\\\/2023\\\/07\\\/foto-1-34.jpg\",\"keywords\":[\"Am\u00e9rica del Sur\",\"Gerardo Fern\u00e1ndez Aguilar\",\"mercado automotriz\",\"Nissan\",\"Nissan Mexicana\",\"Vicepresidente de Marketing y Ventas\"],\"articleSection\":[\"EMPRESAS\",\"NOTICIAS\"],\"inLanguage\":\"es\"},{\"@type\":\"WebPage\",\"@id\":\"https:\\\/\\\/autofans.com.ar\\\/index.php\\\/2023\\\/07\\\/19\\\/nissan-nombra-a-gerardo-fernandez-aguilar-como-vicepresidente-de-marketing-y-ventas-para-america-del-sur-y-mexico\\\/\",\"url\":\"https:\\\/\\\/autofans.com.ar\\\/index.php\\\/2023\\\/07\\\/19\\\/nissan-nombra-a-gerardo-fernandez-aguilar-como-vicepresidente-de-marketing-y-ventas-para-america-del-sur-y-mexico\\\/\",\"name\":\"Nissan nombra a Gerardo Fern\u00e1ndez Aguilar como Vicepresidente de Marketing y Ventas para Am\u00e9rica del Sur y M\u00e9xico -\",\"isPartOf\":{\"@id\":\"https:\\\/\\\/autofans.com.ar\\\/#website\"},\"primaryImageOfPage\":{\"@id\":\"https:\\\/\\\/autofans.com.ar\\\/index.php\\\/2023\\\/07\\\/19\\\/nissan-nombra-a-gerardo-fernandez-aguilar-como-vicepresidente-de-marketing-y-ventas-para-america-del-sur-y-mexico\\\/#primaryimage\"},\"image\":{\"@id\":\"https:\\\/\\\/autofans.com.ar\\\/index.php\\\/2023\\\/07\\\/19\\\/nissan-nombra-a-gerardo-fernandez-aguilar-como-vicepresidente-de-marketing-y-ventas-para-america-del-sur-y-mexico\\\/#primaryimage\"},\"thumbnailUrl\":\"https:\\\/\\\/autofans.com.ar\\\/wp-content\\\/uploads\\\/2023\\\/07\\\/foto-1-34.jpg\",\"datePublished\":\"2023-07-19T23:12:10+00:00\",\"author\":{\"@id\":\"https:\\\/\\\/autofans.com.ar\\\/#\\\/schema\\\/person\\\/4a8dda0b6df83ac3d6723e921274c2aa\"},\"description\":\"Nissan ha designado a Gerardo Fern\u00e1ndez Aguilar como Vicepresidente de Marketing y Ventas para Nissan Am\u00e9rica del Sur y Nissan Mexicana...\",\"breadcrumb\":{\"@id\":\"https:\\\/\\\/autofans.com.ar\\\/index.php\\\/2023\\\/07\\\/19\\\/nissan-nombra-a-gerardo-fernandez-aguilar-como-vicepresidente-de-marketing-y-ventas-para-america-del-sur-y-mexico\\\/#breadcrumb\"},\"inLanguage\":\"es\",\"potentialAction\":[{\"@type\":\"ReadAction\",\"target\":[\"https:\\\/\\\/autofans.com.ar\\\/index.php\\\/2023\\\/07\\\/19\\\/nissan-nombra-a-gerardo-fernandez-aguilar-como-vicepresidente-de-marketing-y-ventas-para-america-del-sur-y-mexico\\\/\"]}]},{\"@type\":\"ImageObject\",\"inLanguage\":\"es\",\"@id\":\"https:\\\/\\\/autofans.com.ar\\\/index.php\\\/2023\\\/07\\\/19\\\/nissan-nombra-a-gerardo-fernandez-aguilar-como-vicepresidente-de-marketing-y-ventas-para-america-del-sur-y-mexico\\\/#primaryimage\",\"url\":\"https:\\\/\\\/autofans.com.ar\\\/wp-content\\\/uploads\\\/2023\\\/07\\\/foto-1-34.jpg\",\"contentUrl\":\"https:\\\/\\\/autofans.com.ar\\\/wp-content\\\/uploads\\\/2023\\\/07\\\/foto-1-34.jpg\",\"width\":1000,\"height\":667,\"caption\":\"nissan\"},{\"@type\":\"BreadcrumbList\",\"@id\":\"https:\\\/\\\/autofans.com.ar\\\/index.php\\\/2023\\\/07\\\/19\\\/nissan-nombra-a-gerardo-fernandez-aguilar-como-vicepresidente-de-marketing-y-ventas-para-america-del-sur-y-mexico\\\/#breadcrumb\",\"itemListElement\":[{\"@type\":\"ListItem\",\"position\":1,\"name\":\"Inicio\",\"item\":\"https:\\\/\\\/autofans.com.ar\\\/\"},{\"@type\":\"ListItem\",\"position\":2,\"name\":\"Nissan nombra a Gerardo Fern\u00e1ndez Aguilar como Vicepresidente de Marketing y Ventas para Am\u00e9rica del Sur y M\u00e9xico\"}]},{\"@type\":\"WebSite\",\"@id\":\"https:\\\/\\\/autofans.com.ar\\\/#website\",\"url\":\"https:\\\/\\\/autofans.com.ar\\\/\",\"name\":\"\",\"description\":\"El multimedio referente de la industria automotriz\",\"potentialAction\":[{\"@type\":\"SearchAction\",\"target\":{\"@type\":\"EntryPoint\",\"urlTemplate\":\"https:\\\/\\\/autofans.com.ar\\\/?s={search_term_string}\"},\"query-input\":{\"@type\":\"PropertyValueSpecification\",\"valueRequired\":true,\"valueName\":\"search_term_string\"}}],\"inLanguage\":\"es\"},{\"@type\":\"Person\",\"@id\":\"https:\\\/\\\/autofans.com.ar\\\/#\\\/schema\\\/person\\\/4a8dda0b6df83ac3d6723e921274c2aa\",\"name\":\"Alejandro Gabriel Rosito\",\"image\":{\"@type\":\"ImageObject\",\"inLanguage\":\"es\",\"@id\":\"https:\\\/\\\/secure.gravatar.com\\\/avatar\\\/16c5dda1489adfc62618084dcbb91cffd879c374b13fe5dd8e44ed6733852c88?s=96&d=mm&r=g\",\"url\":\"https:\\\/\\\/secure.gravatar.com\\\/avatar\\\/16c5dda1489adfc62618084dcbb91cffd879c374b13fe5dd8e44ed6733852c88?s=96&d=mm&r=g\",\"contentUrl\":\"https:\\\/\\\/secure.gravatar.com\\\/avatar\\\/16c5dda1489adfc62618084dcbb91cffd879c374b13fe5dd8e44ed6733852c88?s=96&d=mm&r=g\",\"caption\":\"Alejandro Gabriel Rosito\"},\"url\":\"https:\\\/\\\/autofans.com.ar\\\/index.php\\\/author\\\/gabrielr\\\/\"}]}<\/script>\n<!-- \/ Yoast SEO plugin. -->","yoast_head_json":{"title":"Nissan nombra a Gerardo Fern\u00e1ndez Aguilar como Vicepresidente de Marketing y Ventas para Am\u00e9rica del Sur y M\u00e9xico -","description":"Nissan ha designado a Gerardo Fern\u00e1ndez Aguilar como Vicepresidente de Marketing y Ventas para Nissan Am\u00e9rica del Sur y Nissan Mexicana...","robots":{"index":"index","follow":"follow","max-snippet":"max-snippet:-1","max-image-preview":"max-image-preview:large","max-video-preview":"max-video-preview:-1"},"canonical":"https:\/\/autofans.com.ar\/index.php\/2023\/07\/19\/nissan-nombra-a-gerardo-fernandez-aguilar-como-vicepresidente-de-marketing-y-ventas-para-america-del-sur-y-mexico\/","og_locale":"es_ES","og_type":"article","og_title":"Nissan nombra a Gerardo Fern\u00e1ndez Aguilar como Vicepresidente de Marketing y Ventas para Am\u00e9rica del Sur y M\u00e9xico -","og_description":"Nissan ha designado a Gerardo Fern\u00e1ndez Aguilar como Vicepresidente de Marketing y Ventas para Nissan Am\u00e9rica del Sur y Nissan Mexicana...","og_url":"https:\/\/autofans.com.ar\/index.php\/2023\/07\/19\/nissan-nombra-a-gerardo-fernandez-aguilar-como-vicepresidente-de-marketing-y-ventas-para-america-del-sur-y-mexico\/","article_published_time":"2023-07-19T23:12:10+00:00","og_image":[{"width":1000,"height":667,"url":"https:\/\/autofans.com.ar\/wp-content\/uploads\/2023\/07\/foto-1-34.jpg","type":"image\/jpeg"}],"author":"Alejandro Gabriel Rosito","twitter_card":"summary_large_image","twitter_misc":{"Escrito por":"Alejandro Gabriel Rosito","Tiempo de lectura":"2 minutos"},"schema":{"@context":"https:\/\/schema.org","@graph":[{"@type":"Article","@id":"https:\/\/autofans.com.ar\/index.php\/2023\/07\/19\/nissan-nombra-a-gerardo-fernandez-aguilar-como-vicepresidente-de-marketing-y-ventas-para-america-del-sur-y-mexico\/#article","isPartOf":{"@id":"https:\/\/autofans.com.ar\/index.php\/2023\/07\/19\/nissan-nombra-a-gerardo-fernandez-aguilar-como-vicepresidente-de-marketing-y-ventas-para-america-del-sur-y-mexico\/"},"author":{"name":"Alejandro Gabriel Rosito","@id":"https:\/\/autofans.com.ar\/#\/schema\/person\/4a8dda0b6df83ac3d6723e921274c2aa"},"headline":"Nissan nombra a Gerardo Fern\u00e1ndez Aguilar como Vicepresidente de Marketing y Ventas para Am\u00e9rica del Sur y M\u00e9xico","datePublished":"2023-07-19T23:12:10+00:00","mainEntityOfPage":{"@id":"https:\/\/autofans.com.ar\/index.php\/2023\/07\/19\/nissan-nombra-a-gerardo-fernandez-aguilar-como-vicepresidente-de-marketing-y-ventas-para-america-del-sur-y-mexico\/"},"wordCount":426,"image":{"@id":"https:\/\/autofans.com.ar\/index.php\/2023\/07\/19\/nissan-nombra-a-gerardo-fernandez-aguilar-como-vicepresidente-de-marketing-y-ventas-para-america-del-sur-y-mexico\/#primaryimage"},"thumbnailUrl":"https:\/\/autofans.com.ar\/wp-content\/uploads\/2023\/07\/foto-1-34.jpg","keywords":["Am\u00e9rica del Sur","Gerardo Fern\u00e1ndez Aguilar","mercado automotriz","Nissan","Nissan Mexicana","Vicepresidente de Marketing y Ventas"],"articleSection":["EMPRESAS","NOTICIAS"],"inLanguage":"es"},{"@type":"WebPage","@id":"https:\/\/autofans.com.ar\/index.php\/2023\/07\/19\/nissan-nombra-a-gerardo-fernandez-aguilar-como-vicepresidente-de-marketing-y-ventas-para-america-del-sur-y-mexico\/","url":"https:\/\/autofans.com.ar\/index.php\/2023\/07\/19\/nissan-nombra-a-gerardo-fernandez-aguilar-como-vicepresidente-de-marketing-y-ventas-para-america-del-sur-y-mexico\/","name":"Nissan nombra a Gerardo Fern\u00e1ndez Aguilar como Vicepresidente de Marketing y Ventas para Am\u00e9rica del Sur y M\u00e9xico -","isPartOf":{"@id":"https:\/\/autofans.com.ar\/#website"},"primaryImageOfPage":{"@id":"https:\/\/autofans.com.ar\/index.php\/2023\/07\/19\/nissan-nombra-a-gerardo-fernandez-aguilar-como-vicepresidente-de-marketing-y-ventas-para-america-del-sur-y-mexico\/#primaryimage"},"image":{"@id":"https:\/\/autofans.com.ar\/index.php\/2023\/07\/19\/nissan-nombra-a-gerardo-fernandez-aguilar-como-vicepresidente-de-marketing-y-ventas-para-america-del-sur-y-mexico\/#primaryimage"},"thumbnailUrl":"https:\/\/autofans.com.ar\/wp-content\/uploads\/2023\/07\/foto-1-34.jpg","datePublished":"2023-07-19T23:12:10+00:00","author":{"@id":"https:\/\/autofans.com.ar\/#\/schema\/person\/4a8dda0b6df83ac3d6723e921274c2aa"},"description":"Nissan ha designado a Gerardo Fern\u00e1ndez Aguilar como Vicepresidente de Marketing y Ventas para Nissan Am\u00e9rica del Sur y Nissan Mexicana...","breadcrumb":{"@id":"https:\/\/autofans.com.ar\/index.php\/2023\/07\/19\/nissan-nombra-a-gerardo-fernandez-aguilar-como-vicepresidente-de-marketing-y-ventas-para-america-del-sur-y-mexico\/#breadcrumb"},"inLanguage":"es","potentialAction":[{"@type":"ReadAction","target":["https:\/\/autofans.com.ar\/index.php\/2023\/07\/19\/nissan-nombra-a-gerardo-fernandez-aguilar-como-vicepresidente-de-marketing-y-ventas-para-america-del-sur-y-mexico\/"]}]},{"@type":"ImageObject","inLanguage":"es","@id":"https:\/\/autofans.com.ar\/index.php\/2023\/07\/19\/nissan-nombra-a-gerardo-fernandez-aguilar-como-vicepresidente-de-marketing-y-ventas-para-america-del-sur-y-mexico\/#primaryimage","url":"https:\/\/autofans.com.ar\/wp-content\/uploads\/2023\/07\/foto-1-34.jpg","contentUrl":"https:\/\/autofans.com.ar\/wp-content\/uploads\/2023\/07\/foto-1-34.jpg","width":1000,"height":667,"caption":"nissan"},{"@type":"BreadcrumbList","@id":"https:\/\/autofans.com.ar\/index.php\/2023\/07\/19\/nissan-nombra-a-gerardo-fernandez-aguilar-como-vicepresidente-de-marketing-y-ventas-para-america-del-sur-y-mexico\/#breadcrumb","itemListElement":[{"@type":"ListItem","position":1,"name":"Inicio","item":"https:\/\/autofans.com.ar\/"},{"@type":"ListItem","position":2,"name":"Nissan nombra a Gerardo Fern\u00e1ndez Aguilar como Vicepresidente de Marketing y Ventas para Am\u00e9rica del Sur y M\u00e9xico"}]},{"@type":"WebSite","@id":"https:\/\/autofans.com.ar\/#website","url":"https:\/\/autofans.com.ar\/","name":"","description":"El multimedio referente de la industria automotriz","potentialAction":[{"@type":"SearchAction","target":{"@type":"EntryPoint","urlTemplate":"https:\/\/autofans.com.ar\/?s={search_term_string}"},"query-input":{"@type":"PropertyValueSpecification","valueRequired":true,"valueName":"search_term_string"}}],"inLanguage":"es"},{"@type":"Person","@id":"https:\/\/autofans.com.ar\/#\/schema\/person\/4a8dda0b6df83ac3d6723e921274c2aa","name":"Alejandro Gabriel Rosito","image":{"@type":"ImageObject","inLanguage":"es","@id":"https:\/\/secure.gravatar.com\/avatar\/16c5dda1489adfc62618084dcbb91cffd879c374b13fe5dd8e44ed6733852c88?s=96&d=mm&r=g","url":"https:\/\/secure.gravatar.com\/avatar\/16c5dda1489adfc62618084dcbb91cffd879c374b13fe5dd8e44ed6733852c88?s=96&d=mm&r=g","contentUrl":"https:\/\/secure.gravatar.com\/avatar\/16c5dda1489adfc62618084dcbb91cffd879c374b13fe5dd8e44ed6733852c88?s=96&d=mm&r=g","caption":"Alejandro Gabriel Rosito"},"url":"https:\/\/autofans.com.ar\/index.php\/author\/gabrielr\/"}]}},"featured_image_urls":{"full":["https:\/\/autofans.com.ar\/wp-content\/uploads\/2023\/07\/foto-1-34.jpg",1000,667,false],"thumbnail":["https:\/\/autofans.com.ar\/wp-content\/uploads\/2023\/07\/foto-1-34-150x150.jpg",150,150,true],"medium":["https:\/\/autofans.com.ar\/wp-content\/uploads\/2023\/07\/foto-1-34-300x200.jpg",300,200,true],"medium_large":["https:\/\/autofans.com.ar\/wp-content\/uploads\/2023\/07\/foto-1-34-768x512.jpg",640,427,true],"large":["https:\/\/autofans.com.ar\/wp-content\/uploads\/2023\/07\/foto-1-34.jpg",640,427,false],"1536x1536":["https:\/\/autofans.com.ar\/wp-content\/uploads\/2023\/07\/foto-1-34.jpg",1000,667,false],"2048x2048":["https:\/\/autofans.com.ar\/wp-content\/uploads\/2023\/07\/foto-1-34.jpg",1000,667,false],"covernews-featured":["https:\/\/autofans.com.ar\/wp-content\/uploads\/2023\/07\/foto-1-34.jpg",1000,667,false],"covernews-medium":["https:\/\/autofans.com.ar\/wp-content\/uploads\/2023\/07\/foto-1-34-540x340.jpg",540,340,true]},"author_info":{"display_name":"Alejandro Gabriel Rosito","author_link":"https:\/\/autofans.com.ar\/index.php\/author\/gabrielr\/"},"category_info":"<a href=\"https:\/\/autofans.com.ar\/index.php\/category\/noticias\/empresas\/\" rel=\"category tag\">EMPRESAS<\/a> <a href=\"https:\/\/autofans.com.ar\/index.php\/category\/noticias\/\" rel=\"category tag\">NOTICIAS<\/a>","tag_info":"NOTICIAS","comment_count":0,"_links":{"self":[{"href":"https:\/\/autofans.com.ar\/index.php\/wp-json\/wp\/v2\/posts\/4150","targetHints":{"allow":["GET"]}}],"collection":[{"href":"https:\/\/autofans.com.ar\/index.php\/wp-json\/wp\/v2\/posts"}],"about":[{"href":"https:\/\/autofans.com.ar\/index.php\/wp-json\/wp\/v2\/types\/post"}],"author":[{"embeddable":true,"href":"https:\/\/autofans.com.ar\/index.php\/wp-json\/wp\/v2\/users\/2"}],"replies":[{"embeddable":true,"href":"https:\/\/autofans.com.ar\/index.php\/wp-json\/wp\/v2\/comments?post=4150"}],"version-history":[{"count":2,"href":"https:\/\/autofans.com.ar\/index.php\/wp-json\/wp\/v2\/posts\/4150\/revisions"}],"predecessor-version":[{"id":4158,"href":"https:\/\/autofans.com.ar\/index.php\/wp-json\/wp\/v2\/posts\/4150\/revisions\/4158"}],"wp:featuredmedia":[{"embeddable":true,"href":"https:\/\/autofans.com.ar\/index.php\/wp-json\/wp\/v2\/media\/4157"}],"wp:attachment":[{"href":"https:\/\/autofans.com.ar\/index.php\/wp-json\/wp\/v2\/media?parent=4150"}],"wp:term":[{"taxonomy":"category","embeddable":true,"href":"https:\/\/autofans.com.ar\/index.php\/wp-json\/wp\/v2\/categories?post=4150"},{"taxonomy":"post_tag","embeddable":true,"href":"https:\/\/autofans.com.ar\/index.php\/wp-json\/wp\/v2\/tags?post=4150"}],"curies":[{"name":"wp","href":"https:\/\/api.w.org\/{rel}","templated":true}]}}