{"id":4167,"date":"2023-07-20T16:40:52","date_gmt":"2023-07-20T19:40:52","guid":{"rendered":"https:\/\/autofans.com.ar\/?p=4167"},"modified":"2023-07-20T16:40:52","modified_gmt":"2023-07-20T19:40:52","slug":"test-drive-de-nissan-en-vacaciones-de-invierno","status":"publish","type":"post","link":"https:\/\/autofans.com.ar\/index.php\/2023\/07\/20\/test-drive-de-nissan-en-vacaciones-de-invierno\/","title":{"rendered":"Test drive de Nissan en vacaciones de invierno"},"content":{"rendered":"<h2>Descubr\u00ed los modelos estrella de Nissan<\/h2>\n<p>Nissan Argentina ofrece emocionantes pruebas de manejo en La Exposici\u00f3n Rural y en el Centro Comercial Nordelta durante las vacaciones de invierno. Conoce la reci\u00e9n lanzada Nueva Nissan X-Trail e-POWER y la ic\u00f3nica pickup Nissan Frontier. \u00a1Viv\u00ed la experiencia de conducir estos veh\u00edculos insignia de la marca japonesa!<\/p>\n<h2><img fetchpriority=\"high\" decoding=\"async\" class=\"aligncenter wp-image-4172 size-full\" src=\"https:\/\/autofans.com.ar\/wp-content\/uploads\/2023\/07\/foto-1-36.jpg\" alt=\"nissan rural\" width=\"1000\" height=\"667\" srcset=\"https:\/\/autofans.com.ar\/wp-content\/uploads\/2023\/07\/foto-1-36.jpg 1000w, https:\/\/autofans.com.ar\/wp-content\/uploads\/2023\/07\/foto-1-36-300x200.jpg 300w, https:\/\/autofans.com.ar\/wp-content\/uploads\/2023\/07\/foto-1-36-768x512.jpg 768w\" sizes=\"(max-width: 1000px) 100vw, 1000px\" \/><\/h2>\n<h2><\/h2>\n<p>&nbsp;<\/p>\n<h2>Nissan Argentina invita a disfrutar el invierno al volante<\/h2>\n<p>En el marco de las vacaciones de invierno, Nissan Argentina se acerca a sus clientes y a los interesados en la marca con una propuesta emocionante. Las pruebas de manejo de la reci\u00e9n lanzada Nueva Nissan X-Trail e-POWER y la emblem\u00e1tica pickup Nissan Frontier. Pablo Roca, Director de Marketing de Nissan Argentina, enfatiz\u00f3 que la compa\u00f1\u00eda busca brindar experiencias significativas donde las personas puedan experimentar la sensaci\u00f3n de manejo \u00fanica de cada veh\u00edculo y conocer a fondo todos sus atributos.<\/p>\n<h2><\/h2>\n<p>&nbsp;<\/p>\n<div id='gallery-1' class='gallery galleryid-4167 gallery-columns-3 gallery-size-full'><figure class='gallery-item'>\n\t\t\t<div class='gallery-icon landscape'>\n\t\t\t\t<a href='https:\/\/autofans.com.ar\/index.php\/2023\/07\/20\/test-drive-de-nissan-en-vacaciones-de-invierno\/foto-5-82\/'><img loading=\"lazy\" width=\"1000\" height=\"667\" src=\"https:\/\/autofans.com.ar\/wp-content\/uploads\/2023\/07\/foto-5-8.jpg\" class=\"attachment-full size-full\" alt=\"nissan rural\" srcset=\"https:\/\/autofans.com.ar\/wp-content\/uploads\/2023\/07\/foto-5-8.jpg 1000w, https:\/\/autofans.com.ar\/wp-content\/uploads\/2023\/07\/foto-5-8-300x200.jpg 300w, https:\/\/autofans.com.ar\/wp-content\/uploads\/2023\/07\/foto-5-8-768x512.jpg 768w\" sizes=\"auto, (max-width: 1000px) 100vw, 1000px\" loading=\"lazy\" decoding=\"async\" \/><\/a>\n\t\t\t<\/div><\/figure><figure class='gallery-item'>\n\t\t\t<div class='gallery-icon landscape'>\n\t\t\t\t<a href='https:\/\/autofans.com.ar\/index.php\/2023\/07\/20\/test-drive-de-nissan-en-vacaciones-de-invierno\/foto-2-212\/'><img loading=\"lazy\" width=\"1000\" height=\"667\" src=\"https:\/\/autofans.com.ar\/wp-content\/uploads\/2023\/07\/foto-2-36.jpg\" class=\"attachment-full size-full\" alt=\"nissan rural\" srcset=\"https:\/\/autofans.com.ar\/wp-content\/uploads\/2023\/07\/foto-2-36.jpg 1000w, https:\/\/autofans.com.ar\/wp-content\/uploads\/2023\/07\/foto-2-36-300x200.jpg 300w, https:\/\/autofans.com.ar\/wp-content\/uploads\/2023\/07\/foto-2-36-768x512.jpg 768w\" sizes=\"auto, (max-width: 1000px) 100vw, 1000px\" loading=\"lazy\" decoding=\"async\" \/><\/a>\n\t\t\t<\/div><\/figure><figure class='gallery-item'>\n\t\t\t<div class='gallery-icon landscape'>\n\t\t\t\t<a href='https:\/\/autofans.com.ar\/index.php\/2023\/07\/20\/test-drive-de-nissan-en-vacaciones-de-invierno\/foto-4-128\/'><img loading=\"lazy\" width=\"1000\" height=\"667\" src=\"https:\/\/autofans.com.ar\/wp-content\/uploads\/2023\/07\/foto-4-21.jpg\" class=\"attachment-full size-full\" alt=\"nissan rural\" srcset=\"https:\/\/autofans.com.ar\/wp-content\/uploads\/2023\/07\/foto-4-21.jpg 1000w, https:\/\/autofans.com.ar\/wp-content\/uploads\/2023\/07\/foto-4-21-300x200.jpg 300w, https:\/\/autofans.com.ar\/wp-content\/uploads\/2023\/07\/foto-4-21-768x512.jpg 768w\" sizes=\"auto, (max-width: 1000px) 100vw, 1000px\" loading=\"lazy\" decoding=\"async\" \/><\/a>\n\t\t\t<\/div><\/figure>\n\t\t<\/div>\n\n<p>&nbsp;<\/p>\n<h2><\/h2>\n<h2>Innovaci\u00f3n sobre ruedas<\/h2>\n<p>En estas vacaciones y durante el periodo del s\u00e1bado 15 al domingo 30 de julio, de 10 a 21 horas. Los interesados podr\u00e1n disfrutar de un test drive de la Nueva Nissan X-Trail e-POWER en el Centro Comercial Nordelta. Para participar, es necesario realizar una inscripci\u00f3n previa, la cual se puede hacer de forma presencial o a trav\u00e9s de Whatsapp al n\u00famero 54 9 11 7604 &#8211; 7640. Esta es una oportunidad \u00fanica para descubrir en primera persona la versatilidad y las tecnolog\u00edas de Nissan Intelligent Mobility. A s\u00ed como la revolucionaria tecnolog\u00eda e-POWER que ofrece este SUV.<\/p>\n<p>Adem\u00e1s, desde el jueves 20 hasta el s\u00e1bado 30 de Julio, de 9 a 20 horas, Nissan estar\u00e1 presente en la 135\u00ba Exposici\u00f3n Rural de Palermo, ubicada en Av. Sarmiento 2704, Ciudad Aut\u00f3noma de Buenos Aires. La marca reafirma su compromiso con el sector agropecuario al ofrecer un espacio inspirado en la cultura japonesa. Donde los asistentes podr\u00e1n conocer de cerca la robusta pickup Nissan Frontier en todas sus versiones. La compa\u00f1\u00eda tambi\u00e9n exhibir\u00e1 su m\u00e1s reciente lanzamiento, la Nueva Nissan X-Trail e-POWER, y contar\u00e1 con un scanner digital para explorar la tecnolog\u00eda que conforma este SUV.<\/p>\n<h2>Acerca de Nissan Argentina S.A.<\/h2>\n<p>Nissan Argentina S.A., esta subsidiaria de Nissan Motor Corporation se ha destacado en el desarrollo de la marca en el pa\u00eds, brindando productos y servicios de alta calidad. Desde su conversi\u00f3n en terminal automotriz en 2017. Nissan Argentina ha llevado a cabo un proyecto industrial exitoso. Fabricando la popular pick-up Nissan Frontier en la F\u00e1brica Santa Isabel, provincia de C\u00f3rdoba. A partir de agosto de 2018, la producci\u00f3n nacional se ha expandido a nuevos mercados, como Brasil, Chile y Colombia. Argentina se ha unido as\u00ed a la red global de centros de producci\u00f3n de la Nissan Frontier, que incluye plantas en China, Tailandia y M\u00e9xico.<\/p>\n<p>&nbsp;<\/p>\n<p><i>Para enterarte de m\u00e1s novedades, no dejes de leer\u00a0<\/i><a href=\"https:\/\/autofans.thebrandsoup.com\/\"><i>nuestras notas<\/i><\/a><i>, de ver<\/i><b><i>\u00a0<\/i><\/b><a href=\"https:\/\/www.youtube.com\/channel\/UCgAC8UGHZYbT6P7PpmVnP7g\"><b><i>AUTOFANS TV<\/i><\/b><\/a><b><i>\u00a0<\/i><\/b><i>en nuestro\u00a0canal de Youtube. Adem\u00e1s seguinos en\u00a0<\/i><a href=\"https:\/\/www.instagram.com\/autofanstv\/\"><i>INSTAGRAM<\/i><\/a><i> y <\/i><a href=\"https:\/\/www.facebook.com\/autofansmas\/\"><i>FACEBOOK<\/i><\/a><i> para no perderte nada sobre las novedades del segmento automotor de Argentina y el mundo. <\/i><\/p>\n","protected":false},"excerpt":{"rendered":"<p>Descubr\u00ed los modelos estrella de Nissan Nissan Argentina ofrece emocionantes pruebas de manejo en La&#8230;<\/p>\n","protected":false},"author":2,"featured_media":4171,"comment_status":"closed","ping_status":"closed","sticky":false,"template":"","format":"standard","meta":{"footnotes":""},"categories":[3,16,12],"tags":[2046,2044,2041,2045,2043,1094,2042],"class_list":["post-4167","post","type-post","status-publish","format-standard","has-post-thumbnail","hentry","category-autos","category-noticias","category-test-drives","tag-epower","tag-frontierpickup","tag-nissanargentina","tag-nissanintelligentmobility","tag-nissanxtrail","tag-testdrive","tag-vacacionesdeinvierno"],"yoast_head":"<!-- This site is optimized with the Yoast SEO plugin v27.4 - https:\/\/yoast.com\/product\/yoast-seo-wordpress\/ -->\n<title>Test drive de Nissan en vacaciones de invierno -<\/title>\n<meta name=\"description\" content=\"Nissan Arg. ofrece emocionantes pruebas de manejo en La Exposici\u00f3n Rural y en el Centro Comercial Nordelta durante las vacaciones de invierno\" \/>\n<meta name=\"robots\" content=\"index, follow, max-snippet:-1, max-image-preview:large, max-video-preview:-1\" \/>\n<link rel=\"canonical\" href=\"https:\/\/autofans.com.ar\/index.php\/2023\/07\/20\/test-drive-de-nissan-en-vacaciones-de-invierno\/\" \/>\n<meta property=\"og:locale\" content=\"es_ES\" \/>\n<meta property=\"og:type\" content=\"article\" \/>\n<meta property=\"og:title\" content=\"Test drive de Nissan en vacaciones de invierno -\" \/>\n<meta property=\"og:description\" content=\"Nissan Arg. ofrece emocionantes pruebas de manejo en La Exposici\u00f3n Rural y en el Centro Comercial Nordelta durante las vacaciones de invierno\" \/>\n<meta property=\"og:url\" content=\"https:\/\/autofans.com.ar\/index.php\/2023\/07\/20\/test-drive-de-nissan-en-vacaciones-de-invierno\/\" \/>\n<meta property=\"article:published_time\" content=\"2023-07-20T19:40:52+00:00\" \/>\n<meta property=\"og:image\" content=\"https:\/\/autofans.com.ar\/wp-content\/uploads\/2023\/07\/foto-3-31.jpg\" \/>\n\t<meta property=\"og:image:width\" content=\"1000\" \/>\n\t<meta property=\"og:image:height\" content=\"667\" \/>\n\t<meta property=\"og:image:type\" content=\"image\/jpeg\" \/>\n<meta name=\"author\" content=\"Alejandro Gabriel Rosito\" \/>\n<meta name=\"twitter:card\" content=\"summary_large_image\" \/>\n<meta name=\"twitter:label1\" content=\"Escrito por\" \/>\n\t<meta name=\"twitter:data1\" content=\"Alejandro Gabriel Rosito\" \/>\n\t<meta name=\"twitter:label2\" content=\"Tiempo de lectura\" \/>\n\t<meta name=\"twitter:data2\" content=\"3 minutos\" \/>\n<script type=\"application\/ld+json\" class=\"yoast-schema-graph\">{\"@context\":\"https:\\\/\\\/schema.org\",\"@graph\":[{\"@type\":\"Article\",\"@id\":\"https:\\\/\\\/autofans.com.ar\\\/index.php\\\/2023\\\/07\\\/20\\\/test-drive-de-nissan-en-vacaciones-de-invierno\\\/#article\",\"isPartOf\":{\"@id\":\"https:\\\/\\\/autofans.com.ar\\\/index.php\\\/2023\\\/07\\\/20\\\/test-drive-de-nissan-en-vacaciones-de-invierno\\\/\"},\"author\":{\"name\":\"Alejandro Gabriel Rosito\",\"@id\":\"https:\\\/\\\/autofans.com.ar\\\/#\\\/schema\\\/person\\\/4a8dda0b6df83ac3d6723e921274c2aa\"},\"headline\":\"Test drive de Nissan en vacaciones de invierno\",\"datePublished\":\"2023-07-20T19:40:52+00:00\",\"mainEntityOfPage\":{\"@id\":\"https:\\\/\\\/autofans.com.ar\\\/index.php\\\/2023\\\/07\\\/20\\\/test-drive-de-nissan-en-vacaciones-de-invierno\\\/\"},\"wordCount\":528,\"image\":{\"@id\":\"https:\\\/\\\/autofans.com.ar\\\/index.php\\\/2023\\\/07\\\/20\\\/test-drive-de-nissan-en-vacaciones-de-invierno\\\/#primaryimage\"},\"thumbnailUrl\":\"https:\\\/\\\/autofans.com.ar\\\/wp-content\\\/uploads\\\/2023\\\/07\\\/foto-3-31.jpg\",\"keywords\":[\"ePOWER\",\"FrontierPickup\",\"NissanArgentina\",\"NissanIntelligentMobility\",\"NissanXTrail\",\"testdrive\",\"VacacionesDeInvierno\"],\"articleSection\":[\"AUTOS y SUV\",\"NOTICIAS\",\"TEST DRIVES\"],\"inLanguage\":\"es\"},{\"@type\":\"WebPage\",\"@id\":\"https:\\\/\\\/autofans.com.ar\\\/index.php\\\/2023\\\/07\\\/20\\\/test-drive-de-nissan-en-vacaciones-de-invierno\\\/\",\"url\":\"https:\\\/\\\/autofans.com.ar\\\/index.php\\\/2023\\\/07\\\/20\\\/test-drive-de-nissan-en-vacaciones-de-invierno\\\/\",\"name\":\"Test drive de Nissan en vacaciones de invierno -\",\"isPartOf\":{\"@id\":\"https:\\\/\\\/autofans.com.ar\\\/#website\"},\"primaryImageOfPage\":{\"@id\":\"https:\\\/\\\/autofans.com.ar\\\/index.php\\\/2023\\\/07\\\/20\\\/test-drive-de-nissan-en-vacaciones-de-invierno\\\/#primaryimage\"},\"image\":{\"@id\":\"https:\\\/\\\/autofans.com.ar\\\/index.php\\\/2023\\\/07\\\/20\\\/test-drive-de-nissan-en-vacaciones-de-invierno\\\/#primaryimage\"},\"thumbnailUrl\":\"https:\\\/\\\/autofans.com.ar\\\/wp-content\\\/uploads\\\/2023\\\/07\\\/foto-3-31.jpg\",\"datePublished\":\"2023-07-20T19:40:52+00:00\",\"author\":{\"@id\":\"https:\\\/\\\/autofans.com.ar\\\/#\\\/schema\\\/person\\\/4a8dda0b6df83ac3d6723e921274c2aa\"},\"description\":\"Nissan Arg. ofrece emocionantes pruebas de manejo en La Exposici\u00f3n Rural y en el Centro Comercial Nordelta durante las vacaciones de invierno\",\"breadcrumb\":{\"@id\":\"https:\\\/\\\/autofans.com.ar\\\/index.php\\\/2023\\\/07\\\/20\\\/test-drive-de-nissan-en-vacaciones-de-invierno\\\/#breadcrumb\"},\"inLanguage\":\"es\",\"potentialAction\":[{\"@type\":\"ReadAction\",\"target\":[\"https:\\\/\\\/autofans.com.ar\\\/index.php\\\/2023\\\/07\\\/20\\\/test-drive-de-nissan-en-vacaciones-de-invierno\\\/\"]}]},{\"@type\":\"ImageObject\",\"inLanguage\":\"es\",\"@id\":\"https:\\\/\\\/autofans.com.ar\\\/index.php\\\/2023\\\/07\\\/20\\\/test-drive-de-nissan-en-vacaciones-de-invierno\\\/#primaryimage\",\"url\":\"https:\\\/\\\/autofans.com.ar\\\/wp-content\\\/uploads\\\/2023\\\/07\\\/foto-3-31.jpg\",\"contentUrl\":\"https:\\\/\\\/autofans.com.ar\\\/wp-content\\\/uploads\\\/2023\\\/07\\\/foto-3-31.jpg\",\"width\":1000,\"height\":667,\"caption\":\"nissan rural\"},{\"@type\":\"BreadcrumbList\",\"@id\":\"https:\\\/\\\/autofans.com.ar\\\/index.php\\\/2023\\\/07\\\/20\\\/test-drive-de-nissan-en-vacaciones-de-invierno\\\/#breadcrumb\",\"itemListElement\":[{\"@type\":\"ListItem\",\"position\":1,\"name\":\"Inicio\",\"item\":\"https:\\\/\\\/autofans.com.ar\\\/\"},{\"@type\":\"ListItem\",\"position\":2,\"name\":\"Test drive de Nissan en vacaciones de invierno\"}]},{\"@type\":\"WebSite\",\"@id\":\"https:\\\/\\\/autofans.com.ar\\\/#website\",\"url\":\"https:\\\/\\\/autofans.com.ar\\\/\",\"name\":\"\",\"description\":\"El multimedio referente de la industria automotriz\",\"potentialAction\":[{\"@type\":\"SearchAction\",\"target\":{\"@type\":\"EntryPoint\",\"urlTemplate\":\"https:\\\/\\\/autofans.com.ar\\\/?s={search_term_string}\"},\"query-input\":{\"@type\":\"PropertyValueSpecification\",\"valueRequired\":true,\"valueName\":\"search_term_string\"}}],\"inLanguage\":\"es\"},{\"@type\":\"Person\",\"@id\":\"https:\\\/\\\/autofans.com.ar\\\/#\\\/schema\\\/person\\\/4a8dda0b6df83ac3d6723e921274c2aa\",\"name\":\"Alejandro Gabriel Rosito\",\"image\":{\"@type\":\"ImageObject\",\"inLanguage\":\"es\",\"@id\":\"https:\\\/\\\/secure.gravatar.com\\\/avatar\\\/16c5dda1489adfc62618084dcbb91cffd879c374b13fe5dd8e44ed6733852c88?s=96&d=mm&r=g\",\"url\":\"https:\\\/\\\/secure.gravatar.com\\\/avatar\\\/16c5dda1489adfc62618084dcbb91cffd879c374b13fe5dd8e44ed6733852c88?s=96&d=mm&r=g\",\"contentUrl\":\"https:\\\/\\\/secure.gravatar.com\\\/avatar\\\/16c5dda1489adfc62618084dcbb91cffd879c374b13fe5dd8e44ed6733852c88?s=96&d=mm&r=g\",\"caption\":\"Alejandro Gabriel Rosito\"},\"url\":\"https:\\\/\\\/autofans.com.ar\\\/index.php\\\/author\\\/gabrielr\\\/\"}]}<\/script>\n<!-- \/ Yoast SEO plugin. -->","yoast_head_json":{"title":"Test drive de Nissan en vacaciones de invierno -","description":"Nissan Arg. ofrece emocionantes pruebas de manejo en La Exposici\u00f3n Rural y en el Centro Comercial Nordelta durante las vacaciones de invierno","robots":{"index":"index","follow":"follow","max-snippet":"max-snippet:-1","max-image-preview":"max-image-preview:large","max-video-preview":"max-video-preview:-1"},"canonical":"https:\/\/autofans.com.ar\/index.php\/2023\/07\/20\/test-drive-de-nissan-en-vacaciones-de-invierno\/","og_locale":"es_ES","og_type":"article","og_title":"Test drive de Nissan en vacaciones de invierno -","og_description":"Nissan Arg. ofrece emocionantes pruebas de manejo en La Exposici\u00f3n Rural y en el Centro Comercial Nordelta durante las vacaciones de invierno","og_url":"https:\/\/autofans.com.ar\/index.php\/2023\/07\/20\/test-drive-de-nissan-en-vacaciones-de-invierno\/","article_published_time":"2023-07-20T19:40:52+00:00","og_image":[{"width":1000,"height":667,"url":"https:\/\/autofans.com.ar\/wp-content\/uploads\/2023\/07\/foto-3-31.jpg","type":"image\/jpeg"}],"author":"Alejandro Gabriel Rosito","twitter_card":"summary_large_image","twitter_misc":{"Escrito por":"Alejandro Gabriel Rosito","Tiempo de lectura":"3 minutos"},"schema":{"@context":"https:\/\/schema.org","@graph":[{"@type":"Article","@id":"https:\/\/autofans.com.ar\/index.php\/2023\/07\/20\/test-drive-de-nissan-en-vacaciones-de-invierno\/#article","isPartOf":{"@id":"https:\/\/autofans.com.ar\/index.php\/2023\/07\/20\/test-drive-de-nissan-en-vacaciones-de-invierno\/"},"author":{"name":"Alejandro Gabriel Rosito","@id":"https:\/\/autofans.com.ar\/#\/schema\/person\/4a8dda0b6df83ac3d6723e921274c2aa"},"headline":"Test drive de Nissan en vacaciones de invierno","datePublished":"2023-07-20T19:40:52+00:00","mainEntityOfPage":{"@id":"https:\/\/autofans.com.ar\/index.php\/2023\/07\/20\/test-drive-de-nissan-en-vacaciones-de-invierno\/"},"wordCount":528,"image":{"@id":"https:\/\/autofans.com.ar\/index.php\/2023\/07\/20\/test-drive-de-nissan-en-vacaciones-de-invierno\/#primaryimage"},"thumbnailUrl":"https:\/\/autofans.com.ar\/wp-content\/uploads\/2023\/07\/foto-3-31.jpg","keywords":["ePOWER","FrontierPickup","NissanArgentina","NissanIntelligentMobility","NissanXTrail","testdrive","VacacionesDeInvierno"],"articleSection":["AUTOS y SUV","NOTICIAS","TEST DRIVES"],"inLanguage":"es"},{"@type":"WebPage","@id":"https:\/\/autofans.com.ar\/index.php\/2023\/07\/20\/test-drive-de-nissan-en-vacaciones-de-invierno\/","url":"https:\/\/autofans.com.ar\/index.php\/2023\/07\/20\/test-drive-de-nissan-en-vacaciones-de-invierno\/","name":"Test drive de Nissan en vacaciones de invierno -","isPartOf":{"@id":"https:\/\/autofans.com.ar\/#website"},"primaryImageOfPage":{"@id":"https:\/\/autofans.com.ar\/index.php\/2023\/07\/20\/test-drive-de-nissan-en-vacaciones-de-invierno\/#primaryimage"},"image":{"@id":"https:\/\/autofans.com.ar\/index.php\/2023\/07\/20\/test-drive-de-nissan-en-vacaciones-de-invierno\/#primaryimage"},"thumbnailUrl":"https:\/\/autofans.com.ar\/wp-content\/uploads\/2023\/07\/foto-3-31.jpg","datePublished":"2023-07-20T19:40:52+00:00","author":{"@id":"https:\/\/autofans.com.ar\/#\/schema\/person\/4a8dda0b6df83ac3d6723e921274c2aa"},"description":"Nissan Arg. ofrece emocionantes pruebas de manejo en La Exposici\u00f3n Rural y en el Centro Comercial Nordelta durante las vacaciones de invierno","breadcrumb":{"@id":"https:\/\/autofans.com.ar\/index.php\/2023\/07\/20\/test-drive-de-nissan-en-vacaciones-de-invierno\/#breadcrumb"},"inLanguage":"es","potentialAction":[{"@type":"ReadAction","target":["https:\/\/autofans.com.ar\/index.php\/2023\/07\/20\/test-drive-de-nissan-en-vacaciones-de-invierno\/"]}]},{"@type":"ImageObject","inLanguage":"es","@id":"https:\/\/autofans.com.ar\/index.php\/2023\/07\/20\/test-drive-de-nissan-en-vacaciones-de-invierno\/#primaryimage","url":"https:\/\/autofans.com.ar\/wp-content\/uploads\/2023\/07\/foto-3-31.jpg","contentUrl":"https:\/\/autofans.com.ar\/wp-content\/uploads\/2023\/07\/foto-3-31.jpg","width":1000,"height":667,"caption":"nissan rural"},{"@type":"BreadcrumbList","@id":"https:\/\/autofans.com.ar\/index.php\/2023\/07\/20\/test-drive-de-nissan-en-vacaciones-de-invierno\/#breadcrumb","itemListElement":[{"@type":"ListItem","position":1,"name":"Inicio","item":"https:\/\/autofans.com.ar\/"},{"@type":"ListItem","position":2,"name":"Test drive de Nissan en vacaciones de invierno"}]},{"@type":"WebSite","@id":"https:\/\/autofans.com.ar\/#website","url":"https:\/\/autofans.com.ar\/","name":"","description":"El multimedio referente de la industria automotriz","potentialAction":[{"@type":"SearchAction","target":{"@type":"EntryPoint","urlTemplate":"https:\/\/autofans.com.ar\/?s={search_term_string}"},"query-input":{"@type":"PropertyValueSpecification","valueRequired":true,"valueName":"search_term_string"}}],"inLanguage":"es"},{"@type":"Person","@id":"https:\/\/autofans.com.ar\/#\/schema\/person\/4a8dda0b6df83ac3d6723e921274c2aa","name":"Alejandro Gabriel Rosito","image":{"@type":"ImageObject","inLanguage":"es","@id":"https:\/\/secure.gravatar.com\/avatar\/16c5dda1489adfc62618084dcbb91cffd879c374b13fe5dd8e44ed6733852c88?s=96&d=mm&r=g","url":"https:\/\/secure.gravatar.com\/avatar\/16c5dda1489adfc62618084dcbb91cffd879c374b13fe5dd8e44ed6733852c88?s=96&d=mm&r=g","contentUrl":"https:\/\/secure.gravatar.com\/avatar\/16c5dda1489adfc62618084dcbb91cffd879c374b13fe5dd8e44ed6733852c88?s=96&d=mm&r=g","caption":"Alejandro Gabriel Rosito"},"url":"https:\/\/autofans.com.ar\/index.php\/author\/gabrielr\/"}]}},"featured_image_urls":{"full":["https:\/\/autofans.com.ar\/wp-content\/uploads\/2023\/07\/foto-3-31.jpg",1000,667,false],"thumbnail":["https:\/\/autofans.com.ar\/wp-content\/uploads\/2023\/07\/foto-3-31-150x150.jpg",150,150,true],"medium":["https:\/\/autofans.com.ar\/wp-content\/uploads\/2023\/07\/foto-3-31-300x200.jpg",300,200,true],"medium_large":["https:\/\/autofans.com.ar\/wp-content\/uploads\/2023\/07\/foto-3-31-768x512.jpg",640,427,true],"large":["https:\/\/autofans.com.ar\/wp-content\/uploads\/2023\/07\/foto-3-31.jpg",640,427,false],"1536x1536":["https:\/\/autofans.com.ar\/wp-content\/uploads\/2023\/07\/foto-3-31.jpg",1000,667,false],"2048x2048":["https:\/\/autofans.com.ar\/wp-content\/uploads\/2023\/07\/foto-3-31.jpg",1000,667,false],"covernews-featured":["https:\/\/autofans.com.ar\/wp-content\/uploads\/2023\/07\/foto-3-31.jpg",1000,667,false],"covernews-medium":["https:\/\/autofans.com.ar\/wp-content\/uploads\/2023\/07\/foto-3-31-540x340.jpg",540,340,true]},"author_info":{"display_name":"Alejandro Gabriel Rosito","author_link":"https:\/\/autofans.com.ar\/index.php\/author\/gabrielr\/"},"category_info":"<a href=\"https:\/\/autofans.com.ar\/index.php\/category\/noticias\/autos\/\" rel=\"category tag\">AUTOS y SUV<\/a> <a href=\"https:\/\/autofans.com.ar\/index.php\/category\/noticias\/\" rel=\"category tag\">NOTICIAS<\/a> <a href=\"https:\/\/autofans.com.ar\/index.php\/category\/test-drives\/\" rel=\"category tag\">TEST DRIVES<\/a>","tag_info":"TEST DRIVES","comment_count":0,"_links":{"self":[{"href":"https:\/\/autofans.com.ar\/index.php\/wp-json\/wp\/v2\/posts\/4167","targetHints":{"allow":["GET"]}}],"collection":[{"href":"https:\/\/autofans.com.ar\/index.php\/wp-json\/wp\/v2\/posts"}],"about":[{"href":"https:\/\/autofans.com.ar\/index.php\/wp-json\/wp\/v2\/types\/post"}],"author":[{"embeddable":true,"href":"https:\/\/autofans.com.ar\/index.php\/wp-json\/wp\/v2\/users\/2"}],"replies":[{"embeddable":true,"href":"https:\/\/autofans.com.ar\/index.php\/wp-json\/wp\/v2\/comments?post=4167"}],"version-history":[{"count":5,"href":"https:\/\/autofans.com.ar\/index.php\/wp-json\/wp\/v2\/posts\/4167\/revisions"}],"predecessor-version":[{"id":4189,"href":"https:\/\/autofans.com.ar\/index.php\/wp-json\/wp\/v2\/posts\/4167\/revisions\/4189"}],"wp:featuredmedia":[{"embeddable":true,"href":"https:\/\/autofans.com.ar\/index.php\/wp-json\/wp\/v2\/media\/4171"}],"wp:attachment":[{"href":"https:\/\/autofans.com.ar\/index.php\/wp-json\/wp\/v2\/media?parent=4167"}],"wp:term":[{"taxonomy":"category","embeddable":true,"href":"https:\/\/autofans.com.ar\/index.php\/wp-json\/wp\/v2\/categories?post=4167"},{"taxonomy":"post_tag","embeddable":true,"href":"https:\/\/autofans.com.ar\/index.php\/wp-json\/wp\/v2\/tags?post=4167"}],"curies":[{"name":"wp","href":"https:\/\/api.w.org\/{rel}","templated":true}]}}