{"id":4177,"date":"2023-07-21T09:11:14","date_gmt":"2023-07-21T12:11:14","guid":{"rendered":"https:\/\/autofans.com.ar\/?p=4177"},"modified":"2023-07-20T19:11:41","modified_gmt":"2023-07-20T22:11:41","slug":"bmw-serie-4-gran-coupe-potencia-y-elegancia-en-argentina","status":"publish","type":"post","link":"https:\/\/autofans.com.ar\/index.php\/2023\/07\/21\/bmw-serie-4-gran-coupe-potencia-y-elegancia-en-argentina\/","title":{"rendered":"BMW Serie 4 Gran Coup\u00e9: Potencia y Elegancia en Argentina"},"content":{"rendered":"<h2>Dise\u00f1o Vers\u00e1til y Performance<\/h2>\n<p>BMW Group Argentina presenta el nuevo BMW Serie 4 Gran Coup\u00e9, un autom\u00f3vil que combina versatilidad, elegancia y alto rendimiento. Conoce sus caracter\u00edsticas, motor TwinPower Turbo de 258 CV, y su dise\u00f1o exterior e interior. Descubr\u00ed todo sobre este lanzamiento en Argentina y su precio sugerido al p\u00fablico de USD 101,900.<\/p>\n<h2><\/h2>\n<p>&nbsp;<\/p>\n<div id='gallery-1' class='gallery galleryid-4177 gallery-columns-3 gallery-size-full'><figure class='gallery-item'>\n\t\t\t<div class='gallery-icon landscape'>\n\t\t\t\t<a href='https:\/\/autofans.com.ar\/index.php\/2023\/07\/21\/bmw-serie-4-gran-coupe-potencia-y-elegancia-en-argentina\/foto-2-213\/'><img loading=\"lazy\" width=\"1000\" height=\"667\" src=\"https:\/\/autofans.com.ar\/wp-content\/uploads\/2023\/07\/foto-2-37.jpg\" class=\"attachment-full size-full\" alt=\"bmw\" srcset=\"https:\/\/autofans.com.ar\/wp-content\/uploads\/2023\/07\/foto-2-37.jpg 1000w, https:\/\/autofans.com.ar\/wp-content\/uploads\/2023\/07\/foto-2-37-300x200.jpg 300w, https:\/\/autofans.com.ar\/wp-content\/uploads\/2023\/07\/foto-2-37-768x512.jpg 768w\" sizes=\"auto, (max-width: 1000px) 100vw, 1000px\" loading=\"lazy\" decoding=\"async\" \/><\/a>\n\t\t\t<\/div><\/figure><figure class='gallery-item'>\n\t\t\t<div class='gallery-icon landscape'>\n\t\t\t\t<a href='https:\/\/autofans.com.ar\/index.php\/2023\/07\/21\/bmw-serie-4-gran-coupe-potencia-y-elegancia-en-argentina\/foto-6-49\/'><img loading=\"lazy\" width=\"1000\" height=\"667\" src=\"https:\/\/autofans.com.ar\/wp-content\/uploads\/2023\/07\/foto-6-3.jpg\" class=\"attachment-full size-full\" alt=\"bmw\" srcset=\"https:\/\/autofans.com.ar\/wp-content\/uploads\/2023\/07\/foto-6-3.jpg 1000w, https:\/\/autofans.com.ar\/wp-content\/uploads\/2023\/07\/foto-6-3-300x200.jpg 300w, https:\/\/autofans.com.ar\/wp-content\/uploads\/2023\/07\/foto-6-3-768x512.jpg 768w\" sizes=\"auto, (max-width: 1000px) 100vw, 1000px\" loading=\"lazy\" decoding=\"async\" \/><\/a>\n\t\t\t<\/div><\/figure><figure class='gallery-item'>\n\t\t\t<div class='gallery-icon landscape'>\n\t\t\t\t<a href='https:\/\/autofans.com.ar\/index.php\/2023\/07\/21\/bmw-serie-4-gran-coupe-potencia-y-elegancia-en-argentina\/foto-3-179\/'><img loading=\"lazy\" width=\"1000\" height=\"667\" src=\"https:\/\/autofans.com.ar\/wp-content\/uploads\/2023\/07\/foto-3-32.jpg\" class=\"attachment-full size-full\" alt=\"bmw\" srcset=\"https:\/\/autofans.com.ar\/wp-content\/uploads\/2023\/07\/foto-3-32.jpg 1000w, https:\/\/autofans.com.ar\/wp-content\/uploads\/2023\/07\/foto-3-32-300x200.jpg 300w, https:\/\/autofans.com.ar\/wp-content\/uploads\/2023\/07\/foto-3-32-768x512.jpg 768w\" sizes=\"auto, (max-width: 1000px) 100vw, 1000px\" loading=\"lazy\" decoding=\"async\" \/><\/a>\n\t\t\t<\/div><\/figure>\n\t\t<\/div>\n\n<h2><\/h2>\n<p>&nbsp;<\/p>\n<h2>Espacio y Performance en un Solo Auto<\/h2>\n<p>El segmento automotor en Argentina recibe con entusiasmo una nueva propuesta de BMW Group Argentina: el lanzamiento del esperado BMW Serie 4 Gran Coup\u00e9. Este modelo destaca por su combinaci\u00f3n \u00fanica de placer de conducci\u00f3n y deportividad caracter\u00edsticos de BMW. Junto con la practicidad de sus cinco puertas, brindando as\u00ed una experiencia vers\u00e1til y din\u00e1mica para el d\u00eda a d\u00eda.<\/p>\n<p>El flamante BMW Serie 4 Gran Coup\u00e9, que llega como la segunda generaci\u00f3n de este veh\u00edculo a los concesionarios oficiales de BMW, ofrece un dise\u00f1o exterior expresivo y proporciones propias que no pasan desapercibidas. Con una longitud de 4.783 mil\u00edmetros, un ancho de 1.852 mil\u00edmetros y una altura de 1.442 mil\u00edmetros, presenta un perfil m\u00e1s grande que su predecesor. Su formato con l\u00edneas de coup\u00e9 alargadas din\u00e1micamente contribuye a crear un interior vers\u00e1til que ofrece un gran espacio en las plazas traseras y un ba\u00fal con capacidad de 470 litros, expandible hasta 1.290 litros al abatir los asientos traseros.<\/p>\n<p>&nbsp;<\/p>\n<div id='gallery-2' class='gallery galleryid-4177 gallery-columns-2 gallery-size-full'><figure class='gallery-item'>\n\t\t\t<div class='gallery-icon landscape'>\n\t\t\t\t<a href='https:\/\/autofans.com.ar\/index.php\/2023\/07\/21\/bmw-serie-4-gran-coupe-potencia-y-elegancia-en-argentina\/foto-4-129\/'><img loading=\"lazy\" width=\"1000\" height=\"667\" src=\"https:\/\/autofans.com.ar\/wp-content\/uploads\/2023\/07\/foto-4-22.jpg\" class=\"attachment-full size-full\" alt=\"bmw\" srcset=\"https:\/\/autofans.com.ar\/wp-content\/uploads\/2023\/07\/foto-4-22.jpg 1000w, https:\/\/autofans.com.ar\/wp-content\/uploads\/2023\/07\/foto-4-22-300x200.jpg 300w, https:\/\/autofans.com.ar\/wp-content\/uploads\/2023\/07\/foto-4-22-768x512.jpg 768w\" sizes=\"auto, (max-width: 1000px) 100vw, 1000px\" loading=\"lazy\" decoding=\"async\" \/><\/a>\n\t\t\t<\/div><\/figure><figure class='gallery-item'>\n\t\t\t<div class='gallery-icon landscape'>\n\t\t\t\t<a href='https:\/\/autofans.com.ar\/index.php\/2023\/07\/21\/bmw-serie-4-gran-coupe-potencia-y-elegancia-en-argentina\/foto-5-83\/'><img loading=\"lazy\" width=\"1000\" height=\"667\" src=\"https:\/\/autofans.com.ar\/wp-content\/uploads\/2023\/07\/foto-5-9.jpg\" class=\"attachment-full size-full\" alt=\"bmw\" srcset=\"https:\/\/autofans.com.ar\/wp-content\/uploads\/2023\/07\/foto-5-9.jpg 1000w, https:\/\/autofans.com.ar\/wp-content\/uploads\/2023\/07\/foto-5-9-300x200.jpg 300w, https:\/\/autofans.com.ar\/wp-content\/uploads\/2023\/07\/foto-5-9-768x512.jpg 768w\" sizes=\"auto, (max-width: 1000px) 100vw, 1000px\" loading=\"lazy\" decoding=\"async\" \/><\/a>\n\t\t\t<\/div><\/figure>\n\t\t<\/div>\n\n<h2><\/h2>\n<p>&nbsp;<\/p>\n<h2>Seguridad Avanzada en el Nuevo BMW Serie 4 Gran Coup\u00e9<\/h2>\n<p>En cuanto a su desempe\u00f1o, el nuevo Serie 4 Gran Coup\u00e9 est\u00e1 equipado con un motor TwinPower Turbo de 1.998 cent\u00edmetros c\u00fabicos y 4 cilindros, capaz de generar 258 CV de potencia y 400 Nm de torque. La transmisi\u00f3n Steptronic de 8 velocidades y la tracci\u00f3n trasera permiten una aceleraci\u00f3n de 0 a 100 km\/h en tan solo 6,2 segundos, proporcionando una experiencia de manejo emocionante y \u00e1gil.<\/p>\n<p>En el interior, se destaca la incorporaci\u00f3n del BMW Live Cockpit Professional, con un panel de instrumentos multifunci\u00f3n de 12,3&#8243; y una pantalla de control t\u00e1ctil de 10,25&#8243; con funciones de navegaci\u00f3n satelital, Apple CarPlay y Android Auto. Adem\u00e1s, el nuevo Serie 4 Gran Coup\u00e9 ofrece un sistema de sonido Hi-Fi con 10 parlantes y 205 Watts de potencia, asegurando una experiencia de conducci\u00f3n premium y c\u00f3moda.<\/p>\n<p>En t\u00e9rminos de seguridad, el 430i Gran Coup\u00e9 SportLine cuenta con tecnolog\u00edas avanzadas, como el asistente de estacionamiento autom\u00e1tico, el control din\u00e1mico de estabilidad (DSC), frenos antibloqueo (ABS) y un total de 8 airbags, entre otros.<\/p>\n<p>El BMW Serie 4 Gran Coup\u00e9 se presenta como una opci\u00f3n ideal para aquellos que buscan un veh\u00edculo que combine deportividad, elegancia y funcionalidad para el uso diario y las aventuras en carretera.<\/p>\n<p>&nbsp;<\/p>\n<p><i>Para enterarte de m\u00e1s novedades, no dejes de leer\u00a0<\/i><a href=\"https:\/\/autofans.thebrandsoup.com\/\"><i>nuestras notas<\/i><\/a><i>, de ver<\/i><b><i>\u00a0<\/i><\/b><a href=\"https:\/\/www.youtube.com\/channel\/UCgAC8UGHZYbT6P7PpmVnP7g\"><b><i>AUTOFANS TV<\/i><\/b><\/a><b><i>\u00a0<\/i><\/b><i>en nuestro\u00a0canal de Youtube. Adem\u00e1s seguinos en\u00a0<\/i><a href=\"https:\/\/www.instagram.com\/autofanstv\/\"><i>INSTAGRAM<\/i><\/a><i> y <\/i><a href=\"https:\/\/www.facebook.com\/autofansmas\/\"><i>FACEBOOK<\/i><\/a><i> para no perderte nada sobre las novedades del segmento automotor de Argentina y el mundo. <\/i><\/p>\n","protected":false},"excerpt":{"rendered":"<p>Dise\u00f1o Vers\u00e1til y Performance BMW Group Argentina presenta el nuevo BMW Serie 4 Gran Coup\u00e9,&#8230;<\/p>\n","protected":false},"author":2,"featured_media":4183,"comment_status":"closed","ping_status":"closed","sticky":false,"template":"","format":"standard","meta":{"footnotes":""},"categories":[3,1],"tags":[208,2054,2047,2050,2049,2051,2048,2053,2052,1687],"class_list":["post-4177","post","type-post","status-publish","format-standard","has-post-thumbnail","hentry","category-autos","category-lanzamientos","tag-bmw","tag-automovilesdelujo","tag-bmwargentina","tag-bmwautorizeddealer","tag-bmwgroup","tag-bmwlovers","tag-bmwserie4","tag-carloversargentina","tag-carsofargentina","tag-tecnologiaautomotriz"],"yoast_head":"<!-- This site is optimized with the Yoast SEO plugin v27.5 - https:\/\/yoast.com\/product\/yoast-seo-wordpress\/ -->\n<title>BMW Serie 4 Gran Coup\u00e9: Potencia y Elegancia en Argentina -<\/title>\n<meta name=\"description\" content=\"BMW Group Argentina presenta el nuevo BMW Serie 4 Gran Coup\u00e9, un autom\u00f3vil que combina versatilidad, elegancia y alto rendimiento...\" \/>\n<meta name=\"robots\" content=\"index, follow, max-snippet:-1, max-image-preview:large, max-video-preview:-1\" \/>\n<link rel=\"canonical\" href=\"https:\/\/autofans.com.ar\/index.php\/2023\/07\/21\/bmw-serie-4-gran-coupe-potencia-y-elegancia-en-argentina\/\" \/>\n<meta property=\"og:locale\" content=\"es_ES\" \/>\n<meta property=\"og:type\" content=\"article\" \/>\n<meta property=\"og:title\" content=\"BMW Serie 4 Gran Coup\u00e9: Potencia y Elegancia en Argentina -\" \/>\n<meta property=\"og:description\" content=\"BMW Group Argentina presenta el nuevo BMW Serie 4 Gran Coup\u00e9, un autom\u00f3vil que combina versatilidad, elegancia y alto rendimiento...\" \/>\n<meta property=\"og:url\" content=\"https:\/\/autofans.com.ar\/index.php\/2023\/07\/21\/bmw-serie-4-gran-coupe-potencia-y-elegancia-en-argentina\/\" \/>\n<meta property=\"article:published_time\" content=\"2023-07-21T12:11:14+00:00\" \/>\n<meta property=\"og:image\" content=\"https:\/\/autofans.com.ar\/wp-content\/uploads\/2023\/07\/foto-1-37.jpg\" \/>\n\t<meta property=\"og:image:width\" content=\"1000\" \/>\n\t<meta property=\"og:image:height\" content=\"667\" \/>\n\t<meta property=\"og:image:type\" content=\"image\/jpeg\" \/>\n<meta name=\"author\" content=\"Alejandro Gabriel Rosito\" \/>\n<meta name=\"twitter:card\" content=\"summary_large_image\" \/>\n<meta name=\"twitter:label1\" content=\"Escrito por\" \/>\n\t<meta name=\"twitter:data1\" content=\"Alejandro Gabriel Rosito\" \/>\n\t<meta name=\"twitter:label2\" content=\"Tiempo de lectura\" \/>\n\t<meta name=\"twitter:data2\" content=\"3 minutos\" \/>\n<script type=\"application\/ld+json\" class=\"yoast-schema-graph\">{\"@context\":\"https:\\\/\\\/schema.org\",\"@graph\":[{\"@type\":\"Article\",\"@id\":\"https:\\\/\\\/autofans.com.ar\\\/index.php\\\/2023\\\/07\\\/21\\\/bmw-serie-4-gran-coupe-potencia-y-elegancia-en-argentina\\\/#article\",\"isPartOf\":{\"@id\":\"https:\\\/\\\/autofans.com.ar\\\/index.php\\\/2023\\\/07\\\/21\\\/bmw-serie-4-gran-coupe-potencia-y-elegancia-en-argentina\\\/\"},\"author\":{\"name\":\"Alejandro Gabriel Rosito\",\"@id\":\"https:\\\/\\\/autofans.com.ar\\\/#\\\/schema\\\/person\\\/4a8dda0b6df83ac3d6723e921274c2aa\"},\"headline\":\"BMW Serie 4 Gran Coup\u00e9: Potencia y Elegancia en Argentina\",\"datePublished\":\"2023-07-21T12:11:14+00:00\",\"mainEntityOfPage\":{\"@id\":\"https:\\\/\\\/autofans.com.ar\\\/index.php\\\/2023\\\/07\\\/21\\\/bmw-serie-4-gran-coupe-potencia-y-elegancia-en-argentina\\\/\"},\"wordCount\":518,\"image\":{\"@id\":\"https:\\\/\\\/autofans.com.ar\\\/index.php\\\/2023\\\/07\\\/21\\\/bmw-serie-4-gran-coupe-potencia-y-elegancia-en-argentina\\\/#primaryimage\"},\"thumbnailUrl\":\"https:\\\/\\\/autofans.com.ar\\\/wp-content\\\/uploads\\\/2023\\\/07\\\/foto-1-37.jpg\",\"keywords\":[\"#BMW\",\"Autom\u00f3vilesDeLujo\",\"BMWArgentina\",\"BMWAutorizedDealer\",\"BMWGroup\",\"BMWlovers\",\"BMWSerie4\",\"CarLoversArgentina\",\"CarsOfArgentina\",\"tecnolog\u00edaautomotriz\"],\"articleSection\":[\"AUTOS y SUV\",\"LANZAMIENTOS\"],\"inLanguage\":\"es\"},{\"@type\":\"WebPage\",\"@id\":\"https:\\\/\\\/autofans.com.ar\\\/index.php\\\/2023\\\/07\\\/21\\\/bmw-serie-4-gran-coupe-potencia-y-elegancia-en-argentina\\\/\",\"url\":\"https:\\\/\\\/autofans.com.ar\\\/index.php\\\/2023\\\/07\\\/21\\\/bmw-serie-4-gran-coupe-potencia-y-elegancia-en-argentina\\\/\",\"name\":\"BMW Serie 4 Gran Coup\u00e9: Potencia y Elegancia en Argentina -\",\"isPartOf\":{\"@id\":\"https:\\\/\\\/autofans.com.ar\\\/#website\"},\"primaryImageOfPage\":{\"@id\":\"https:\\\/\\\/autofans.com.ar\\\/index.php\\\/2023\\\/07\\\/21\\\/bmw-serie-4-gran-coupe-potencia-y-elegancia-en-argentina\\\/#primaryimage\"},\"image\":{\"@id\":\"https:\\\/\\\/autofans.com.ar\\\/index.php\\\/2023\\\/07\\\/21\\\/bmw-serie-4-gran-coupe-potencia-y-elegancia-en-argentina\\\/#primaryimage\"},\"thumbnailUrl\":\"https:\\\/\\\/autofans.com.ar\\\/wp-content\\\/uploads\\\/2023\\\/07\\\/foto-1-37.jpg\",\"datePublished\":\"2023-07-21T12:11:14+00:00\",\"author\":{\"@id\":\"https:\\\/\\\/autofans.com.ar\\\/#\\\/schema\\\/person\\\/4a8dda0b6df83ac3d6723e921274c2aa\"},\"description\":\"BMW Group Argentina presenta el nuevo BMW Serie 4 Gran Coup\u00e9, un autom\u00f3vil que combina versatilidad, elegancia y alto rendimiento...\",\"breadcrumb\":{\"@id\":\"https:\\\/\\\/autofans.com.ar\\\/index.php\\\/2023\\\/07\\\/21\\\/bmw-serie-4-gran-coupe-potencia-y-elegancia-en-argentina\\\/#breadcrumb\"},\"inLanguage\":\"es\",\"potentialAction\":[{\"@type\":\"ReadAction\",\"target\":[\"https:\\\/\\\/autofans.com.ar\\\/index.php\\\/2023\\\/07\\\/21\\\/bmw-serie-4-gran-coupe-potencia-y-elegancia-en-argentina\\\/\"]}]},{\"@type\":\"ImageObject\",\"inLanguage\":\"es\",\"@id\":\"https:\\\/\\\/autofans.com.ar\\\/index.php\\\/2023\\\/07\\\/21\\\/bmw-serie-4-gran-coupe-potencia-y-elegancia-en-argentina\\\/#primaryimage\",\"url\":\"https:\\\/\\\/autofans.com.ar\\\/wp-content\\\/uploads\\\/2023\\\/07\\\/foto-1-37.jpg\",\"contentUrl\":\"https:\\\/\\\/autofans.com.ar\\\/wp-content\\\/uploads\\\/2023\\\/07\\\/foto-1-37.jpg\",\"width\":1000,\"height\":667,\"caption\":\"bmw\"},{\"@type\":\"BreadcrumbList\",\"@id\":\"https:\\\/\\\/autofans.com.ar\\\/index.php\\\/2023\\\/07\\\/21\\\/bmw-serie-4-gran-coupe-potencia-y-elegancia-en-argentina\\\/#breadcrumb\",\"itemListElement\":[{\"@type\":\"ListItem\",\"position\":1,\"name\":\"Inicio\",\"item\":\"https:\\\/\\\/autofans.com.ar\\\/\"},{\"@type\":\"ListItem\",\"position\":2,\"name\":\"BMW Serie 4 Gran Coup\u00e9: Potencia y Elegancia en Argentina\"}]},{\"@type\":\"WebSite\",\"@id\":\"https:\\\/\\\/autofans.com.ar\\\/#website\",\"url\":\"https:\\\/\\\/autofans.com.ar\\\/\",\"name\":\"\",\"description\":\"El multimedio referente de la industria automotriz\",\"potentialAction\":[{\"@type\":\"SearchAction\",\"target\":{\"@type\":\"EntryPoint\",\"urlTemplate\":\"https:\\\/\\\/autofans.com.ar\\\/?s={search_term_string}\"},\"query-input\":{\"@type\":\"PropertyValueSpecification\",\"valueRequired\":true,\"valueName\":\"search_term_string\"}}],\"inLanguage\":\"es\"},{\"@type\":\"Person\",\"@id\":\"https:\\\/\\\/autofans.com.ar\\\/#\\\/schema\\\/person\\\/4a8dda0b6df83ac3d6723e921274c2aa\",\"name\":\"Alejandro Gabriel Rosito\",\"image\":{\"@type\":\"ImageObject\",\"inLanguage\":\"es\",\"@id\":\"https:\\\/\\\/secure.gravatar.com\\\/avatar\\\/16c5dda1489adfc62618084dcbb91cffd879c374b13fe5dd8e44ed6733852c88?s=96&d=mm&r=g\",\"url\":\"https:\\\/\\\/secure.gravatar.com\\\/avatar\\\/16c5dda1489adfc62618084dcbb91cffd879c374b13fe5dd8e44ed6733852c88?s=96&d=mm&r=g\",\"contentUrl\":\"https:\\\/\\\/secure.gravatar.com\\\/avatar\\\/16c5dda1489adfc62618084dcbb91cffd879c374b13fe5dd8e44ed6733852c88?s=96&d=mm&r=g\",\"caption\":\"Alejandro Gabriel Rosito\"},\"url\":\"https:\\\/\\\/autofans.com.ar\\\/index.php\\\/author\\\/gabrielr\\\/\"}]}<\/script>\n<!-- \/ Yoast SEO plugin. -->","yoast_head_json":{"title":"BMW Serie 4 Gran Coup\u00e9: Potencia y Elegancia en Argentina -","description":"BMW Group Argentina presenta el nuevo BMW Serie 4 Gran Coup\u00e9, un autom\u00f3vil que combina versatilidad, elegancia y alto rendimiento...","robots":{"index":"index","follow":"follow","max-snippet":"max-snippet:-1","max-image-preview":"max-image-preview:large","max-video-preview":"max-video-preview:-1"},"canonical":"https:\/\/autofans.com.ar\/index.php\/2023\/07\/21\/bmw-serie-4-gran-coupe-potencia-y-elegancia-en-argentina\/","og_locale":"es_ES","og_type":"article","og_title":"BMW Serie 4 Gran Coup\u00e9: Potencia y Elegancia en Argentina -","og_description":"BMW Group Argentina presenta el nuevo BMW Serie 4 Gran Coup\u00e9, un autom\u00f3vil que combina versatilidad, elegancia y alto rendimiento...","og_url":"https:\/\/autofans.com.ar\/index.php\/2023\/07\/21\/bmw-serie-4-gran-coupe-potencia-y-elegancia-en-argentina\/","article_published_time":"2023-07-21T12:11:14+00:00","og_image":[{"width":1000,"height":667,"url":"https:\/\/autofans.com.ar\/wp-content\/uploads\/2023\/07\/foto-1-37.jpg","type":"image\/jpeg"}],"author":"Alejandro Gabriel Rosito","twitter_card":"summary_large_image","twitter_misc":{"Escrito por":"Alejandro Gabriel Rosito","Tiempo de lectura":"3 minutos"},"schema":{"@context":"https:\/\/schema.org","@graph":[{"@type":"Article","@id":"https:\/\/autofans.com.ar\/index.php\/2023\/07\/21\/bmw-serie-4-gran-coupe-potencia-y-elegancia-en-argentina\/#article","isPartOf":{"@id":"https:\/\/autofans.com.ar\/index.php\/2023\/07\/21\/bmw-serie-4-gran-coupe-potencia-y-elegancia-en-argentina\/"},"author":{"name":"Alejandro Gabriel Rosito","@id":"https:\/\/autofans.com.ar\/#\/schema\/person\/4a8dda0b6df83ac3d6723e921274c2aa"},"headline":"BMW Serie 4 Gran Coup\u00e9: Potencia y Elegancia en Argentina","datePublished":"2023-07-21T12:11:14+00:00","mainEntityOfPage":{"@id":"https:\/\/autofans.com.ar\/index.php\/2023\/07\/21\/bmw-serie-4-gran-coupe-potencia-y-elegancia-en-argentina\/"},"wordCount":518,"image":{"@id":"https:\/\/autofans.com.ar\/index.php\/2023\/07\/21\/bmw-serie-4-gran-coupe-potencia-y-elegancia-en-argentina\/#primaryimage"},"thumbnailUrl":"https:\/\/autofans.com.ar\/wp-content\/uploads\/2023\/07\/foto-1-37.jpg","keywords":["#BMW","Autom\u00f3vilesDeLujo","BMWArgentina","BMWAutorizedDealer","BMWGroup","BMWlovers","BMWSerie4","CarLoversArgentina","CarsOfArgentina","tecnolog\u00edaautomotriz"],"articleSection":["AUTOS y SUV","LANZAMIENTOS"],"inLanguage":"es"},{"@type":"WebPage","@id":"https:\/\/autofans.com.ar\/index.php\/2023\/07\/21\/bmw-serie-4-gran-coupe-potencia-y-elegancia-en-argentina\/","url":"https:\/\/autofans.com.ar\/index.php\/2023\/07\/21\/bmw-serie-4-gran-coupe-potencia-y-elegancia-en-argentina\/","name":"BMW Serie 4 Gran Coup\u00e9: Potencia y Elegancia en Argentina -","isPartOf":{"@id":"https:\/\/autofans.com.ar\/#website"},"primaryImageOfPage":{"@id":"https:\/\/autofans.com.ar\/index.php\/2023\/07\/21\/bmw-serie-4-gran-coupe-potencia-y-elegancia-en-argentina\/#primaryimage"},"image":{"@id":"https:\/\/autofans.com.ar\/index.php\/2023\/07\/21\/bmw-serie-4-gran-coupe-potencia-y-elegancia-en-argentina\/#primaryimage"},"thumbnailUrl":"https:\/\/autofans.com.ar\/wp-content\/uploads\/2023\/07\/foto-1-37.jpg","datePublished":"2023-07-21T12:11:14+00:00","author":{"@id":"https:\/\/autofans.com.ar\/#\/schema\/person\/4a8dda0b6df83ac3d6723e921274c2aa"},"description":"BMW Group Argentina presenta el nuevo BMW Serie 4 Gran Coup\u00e9, un autom\u00f3vil que combina versatilidad, elegancia y alto rendimiento...","breadcrumb":{"@id":"https:\/\/autofans.com.ar\/index.php\/2023\/07\/21\/bmw-serie-4-gran-coupe-potencia-y-elegancia-en-argentina\/#breadcrumb"},"inLanguage":"es","potentialAction":[{"@type":"ReadAction","target":["https:\/\/autofans.com.ar\/index.php\/2023\/07\/21\/bmw-serie-4-gran-coupe-potencia-y-elegancia-en-argentina\/"]}]},{"@type":"ImageObject","inLanguage":"es","@id":"https:\/\/autofans.com.ar\/index.php\/2023\/07\/21\/bmw-serie-4-gran-coupe-potencia-y-elegancia-en-argentina\/#primaryimage","url":"https:\/\/autofans.com.ar\/wp-content\/uploads\/2023\/07\/foto-1-37.jpg","contentUrl":"https:\/\/autofans.com.ar\/wp-content\/uploads\/2023\/07\/foto-1-37.jpg","width":1000,"height":667,"caption":"bmw"},{"@type":"BreadcrumbList","@id":"https:\/\/autofans.com.ar\/index.php\/2023\/07\/21\/bmw-serie-4-gran-coupe-potencia-y-elegancia-en-argentina\/#breadcrumb","itemListElement":[{"@type":"ListItem","position":1,"name":"Inicio","item":"https:\/\/autofans.com.ar\/"},{"@type":"ListItem","position":2,"name":"BMW Serie 4 Gran Coup\u00e9: Potencia y Elegancia en Argentina"}]},{"@type":"WebSite","@id":"https:\/\/autofans.com.ar\/#website","url":"https:\/\/autofans.com.ar\/","name":"","description":"El multimedio referente de la industria automotriz","potentialAction":[{"@type":"SearchAction","target":{"@type":"EntryPoint","urlTemplate":"https:\/\/autofans.com.ar\/?s={search_term_string}"},"query-input":{"@type":"PropertyValueSpecification","valueRequired":true,"valueName":"search_term_string"}}],"inLanguage":"es"},{"@type":"Person","@id":"https:\/\/autofans.com.ar\/#\/schema\/person\/4a8dda0b6df83ac3d6723e921274c2aa","name":"Alejandro Gabriel Rosito","image":{"@type":"ImageObject","inLanguage":"es","@id":"https:\/\/secure.gravatar.com\/avatar\/16c5dda1489adfc62618084dcbb91cffd879c374b13fe5dd8e44ed6733852c88?s=96&d=mm&r=g","url":"https:\/\/secure.gravatar.com\/avatar\/16c5dda1489adfc62618084dcbb91cffd879c374b13fe5dd8e44ed6733852c88?s=96&d=mm&r=g","contentUrl":"https:\/\/secure.gravatar.com\/avatar\/16c5dda1489adfc62618084dcbb91cffd879c374b13fe5dd8e44ed6733852c88?s=96&d=mm&r=g","caption":"Alejandro Gabriel Rosito"},"url":"https:\/\/autofans.com.ar\/index.php\/author\/gabrielr\/"}]}},"featured_image_urls":{"full":["https:\/\/autofans.com.ar\/wp-content\/uploads\/2023\/07\/foto-1-37.jpg",1000,667,false],"thumbnail":["https:\/\/autofans.com.ar\/wp-content\/uploads\/2023\/07\/foto-1-37-150x150.jpg",150,150,true],"medium":["https:\/\/autofans.com.ar\/wp-content\/uploads\/2023\/07\/foto-1-37-300x200.jpg",300,200,true],"medium_large":["https:\/\/autofans.com.ar\/wp-content\/uploads\/2023\/07\/foto-1-37-768x512.jpg",640,427,true],"large":["https:\/\/autofans.com.ar\/wp-content\/uploads\/2023\/07\/foto-1-37.jpg",640,427,false],"1536x1536":["https:\/\/autofans.com.ar\/wp-content\/uploads\/2023\/07\/foto-1-37.jpg",1000,667,false],"2048x2048":["https:\/\/autofans.com.ar\/wp-content\/uploads\/2023\/07\/foto-1-37.jpg",1000,667,false],"covernews-featured":["https:\/\/autofans.com.ar\/wp-content\/uploads\/2023\/07\/foto-1-37.jpg",1000,667,false],"covernews-medium":["https:\/\/autofans.com.ar\/wp-content\/uploads\/2023\/07\/foto-1-37-540x340.jpg",540,340,true]},"author_info":{"display_name":"Alejandro Gabriel Rosito","author_link":"https:\/\/autofans.com.ar\/index.php\/author\/gabrielr\/"},"category_info":"<a href=\"https:\/\/autofans.com.ar\/index.php\/category\/noticias\/autos\/\" rel=\"category tag\">AUTOS y SUV<\/a> <a href=\"https:\/\/autofans.com.ar\/index.php\/category\/lanzamientos\/\" rel=\"category tag\">LANZAMIENTOS<\/a>","tag_info":"LANZAMIENTOS","comment_count":0,"_links":{"self":[{"href":"https:\/\/autofans.com.ar\/index.php\/wp-json\/wp\/v2\/posts\/4177","targetHints":{"allow":["GET"]}}],"collection":[{"href":"https:\/\/autofans.com.ar\/index.php\/wp-json\/wp\/v2\/posts"}],"about":[{"href":"https:\/\/autofans.com.ar\/index.php\/wp-json\/wp\/v2\/types\/post"}],"author":[{"embeddable":true,"href":"https:\/\/autofans.com.ar\/index.php\/wp-json\/wp\/v2\/users\/2"}],"replies":[{"embeddable":true,"href":"https:\/\/autofans.com.ar\/index.php\/wp-json\/wp\/v2\/comments?post=4177"}],"version-history":[{"count":6,"href":"https:\/\/autofans.com.ar\/index.php\/wp-json\/wp\/v2\/posts\/4177\/revisions"}],"predecessor-version":[{"id":4190,"href":"https:\/\/autofans.com.ar\/index.php\/wp-json\/wp\/v2\/posts\/4177\/revisions\/4190"}],"wp:featuredmedia":[{"embeddable":true,"href":"https:\/\/autofans.com.ar\/index.php\/wp-json\/wp\/v2\/media\/4183"}],"wp:attachment":[{"href":"https:\/\/autofans.com.ar\/index.php\/wp-json\/wp\/v2\/media?parent=4177"}],"wp:term":[{"taxonomy":"category","embeddable":true,"href":"https:\/\/autofans.com.ar\/index.php\/wp-json\/wp\/v2\/categories?post=4177"},{"taxonomy":"post_tag","embeddable":true,"href":"https:\/\/autofans.com.ar\/index.php\/wp-json\/wp\/v2\/tags?post=4177"}],"curies":[{"name":"wp","href":"https:\/\/api.w.org\/{rel}","templated":true}]}}