{"id":4191,"date":"2023-07-20T19:02:04","date_gmt":"2023-07-20T22:02:04","guid":{"rendered":"https:\/\/autofans.com.ar\/?p=4191"},"modified":"2023-07-20T19:02:04","modified_gmt":"2023-07-20T22:02:04","slug":"jeep-presenta-la-nueva-generacion-del-grand-cherokee-en-las-lenas","status":"publish","type":"post","link":"https:\/\/autofans.com.ar\/index.php\/2023\/07\/20\/jeep-presenta-la-nueva-generacion-del-grand-cherokee-en-las-lenas\/","title":{"rendered":"Jeep\u00ae presenta la nueva generaci\u00f3n del Grand Cherokee en Las Le\u00f1as"},"content":{"rendered":"<h2>Nueva Generaci\u00f3n del Grand Cherokee<\/h2>\n<p>La reconocida marca Jeep\u00ae sorprende a los amantes del segmento automotor al anunciar su emocionante evento en el Centro de Ski Las Le\u00f1as, ubicado en la majestuosa Cordillera de los Andes, provincia de Mendoza. En esta exclusiva avant premiere, Jeep\u00ae exhibir\u00e1 su pr\u00f3xima novedad: la tan esperada nueva generaci\u00f3n del Grand Cherokee. Adem\u00e1s, los entusiastas podr\u00e1n disfrutar de otros modelos emblem\u00e1ticos como el Compass Trailhawk, Commander y el legendario Wrangler. Estar\u00e1n expuestos en lugares estrat\u00e9gicos como el Hotel Virgo y el UFO Point. Descubr\u00ed todos los detalles de este emocionante encuentro automotor y las sorpresas que Jeep\u00ae tiene preparadas para sus seguidores.<\/p>\n<h2><\/h2>\n<h2><img fetchpriority=\"high\" decoding=\"async\" class=\"aligncenter wp-image-4193 size-full\" src=\"https:\/\/autofans.com.ar\/wp-content\/uploads\/2023\/07\/foto-1-38.jpg\" alt=\"jeep\" width=\"1000\" height=\"667\" srcset=\"https:\/\/autofans.com.ar\/wp-content\/uploads\/2023\/07\/foto-1-38.jpg 1000w, https:\/\/autofans.com.ar\/wp-content\/uploads\/2023\/07\/foto-1-38-300x200.jpg 300w, https:\/\/autofans.com.ar\/wp-content\/uploads\/2023\/07\/foto-1-38-768x512.jpg 768w\" sizes=\"(max-width: 1000px) 100vw, 1000px\" \/><\/h2>\n<h2><\/h2>\n<h2>Un evento Automotor Exclusivo<\/h2>\n<p>Los apasionados por el mundo automotor tienen un motivo m\u00e1s para entusiasmarse este mes, ya que la prestigiosa marca Jeep\u00ae ha anunciado su emocionante evento en el ic\u00f3nico Centro de Ski Las Le\u00f1as, situado en el coraz\u00f3n de la majestuosa Cordillera de los Andes en Mendoza.<\/p>\n<p>Este exclusivo Punto de Encuentro ser\u00e1 el escenario perfecto para que Jeep\u00ae desvele su pr\u00f3ximo lanzamiento. La esperada nueva generaci\u00f3n del Grand Cherokee. Los asistentes tendr\u00e1n la oportunidad \u00fanica de ser los primeros en contemplar de cerca todas las innovaciones y mejoras que esta emblem\u00e1tica SUV ha recibido.<\/p>\n<p>El evento contar\u00e1 con una exhibici\u00f3n de lujo que incluir\u00e1 otros modelos ic\u00f3nicos de la marca de las siete ranuras. En el Hotel Virgo, los visitantes podr\u00e1n apreciar la versatilidad y resistencia del Compass en su versi\u00f3n m\u00e1s extrema, el Trailhawk, ideal para los amantes de la aventura y la conducci\u00f3n off-road. Adem\u00e1s, el imponente Commander y el cl\u00e1sico Renegade tambi\u00e9n se har\u00e1n presentes, impresionando a los fan\u00e1ticos con su dise\u00f1o y prestaciones.<\/p>\n<p>Por supuesto, no puede faltar en este encuentro automotor la presencia del <a href=\"https:\/\/autofans.com.ar\/index.php\/2023\/04\/10\/jeep-presenta-el-nuevo-wrangler-2024\/\" target=\"_blank\" rel=\"noopener\">legendario Wrangler<\/a>, que se exhibir\u00e1 en el UFO Point. Este modelo emblem\u00e1tico es el s\u00edmbolo m\u00e1ximo de la robustez y la pasi\u00f3n por la conducci\u00f3n todoterreno. Su aparici\u00f3n seguro ser\u00e1 uno de los momentos m\u00e1s esperados del evento.<\/p>\n<p>El Centro de Ski Las Le\u00f1as, con su impresionante paisaje monta\u00f1oso, brindar\u00e1 el marco ideal para que los asistentes disfruten de la combinaci\u00f3n perfecta entre naturaleza y tecnolog\u00eda automotriz. El evento tambi\u00e9n contar\u00e1 con la presencia de expertos en la marca Jeep\u00ae que estar\u00e1n disponibles para responder preguntas y brindar detalles sobre las caracter\u00edsticas de los veh\u00edculos expuestos.<\/p>\n<p>Si sos un entusiasta del segmento automotor y est\u00e1s ansioso por conocer la nueva generaci\u00f3n del Grand Cherokee y los dem\u00e1s modelos de Jeep\u00ae. No puedes perderte este evento \u00fanico que se llevar\u00e1 a cabo en el Centro de Ski Las Le\u00f1as. Mantente atento a las redes sociales y el sitio web oficial de Jeep\u00ae para conocer m\u00e1s detalles sobre la fecha y las actividades programadas. \u00a1Prep\u00e1rate para una experiencia inolvidable en un entorno de monta\u00f1a \u00fanico!<\/p>\n<p>&nbsp;<\/p>\n<p><i>Para enterarte de m\u00e1s novedades, no dejes de leer\u00a0<\/i><a href=\"https:\/\/autofans.thebrandsoup.com\/\"><i>nuestras notas<\/i><\/a><i>, de ver<\/i><b><i>\u00a0<\/i><\/b><a href=\"https:\/\/www.youtube.com\/channel\/UCgAC8UGHZYbT6P7PpmVnP7g\"><b><i>AUTOFANS TV<\/i><\/b><\/a><b><i>\u00a0<\/i><\/b><i>en nuestro\u00a0canal de Youtube. Adem\u00e1s seguinos en\u00a0<\/i><a href=\"https:\/\/www.instagram.com\/autofanstv\/\"><i>INSTAGRAM<\/i><\/a><i> y <\/i><a href=\"https:\/\/www.facebook.com\/autofansmas\/\"><i>FACEBOOK<\/i><\/a><i> para no perderte nada sobre las novedades del segmento automotor de Argentina y el mundo. <\/i><\/p>\n","protected":false},"excerpt":{"rendered":"<p>Nueva Generaci\u00f3n del Grand Cherokee La reconocida marca Jeep\u00ae sorprende a los amantes del segmento&#8230;<\/p>\n","protected":false},"author":2,"featured_media":4192,"comment_status":"closed","ping_status":"closed","sticky":false,"template":"","format":"standard","meta":{"footnotes":""},"categories":[8,1],"tags":[2058,2056,2060,1049,2055,2059,2057,2061],"class_list":["post-4191","post","type-post","status-publish","format-standard","has-post-thumbnail","hentry","category-autos-y-suv","category-lanzamientos","tag-automotorlaslenas","tag-grandcherokee","tag-hotelvirgo","tag-jeepargentina","tag-jeeplaslenas","tag-laslenasoficial","tag-suvenlaslenas","tag-ufopointlaslenas"],"yoast_head":"<!-- This site is optimized with the Yoast SEO plugin v27.5 - https:\/\/yoast.com\/product\/yoast-seo-wordpress\/ -->\n<title>Jeep\u00ae presenta la nueva generaci\u00f3n del Grand Cherokee en Las Le\u00f1as -<\/title>\n<meta name=\"description\" content=\"Jeep\u00ae sorprende a los amantes del segmento automotor al anunciar su emocionante evento en el Centro de Ski Las Le\u00f1as en la prov. de Mendoza..\" \/>\n<meta name=\"robots\" content=\"index, follow, max-snippet:-1, max-image-preview:large, max-video-preview:-1\" \/>\n<link rel=\"canonical\" href=\"https:\/\/autofans.com.ar\/index.php\/2023\/07\/20\/jeep-presenta-la-nueva-generacion-del-grand-cherokee-en-las-lenas\/\" \/>\n<meta property=\"og:locale\" content=\"es_ES\" \/>\n<meta property=\"og:type\" content=\"article\" \/>\n<meta property=\"og:title\" content=\"Jeep\u00ae presenta la nueva generaci\u00f3n del Grand Cherokee en Las Le\u00f1as -\" \/>\n<meta property=\"og:description\" content=\"Jeep\u00ae sorprende a los amantes del segmento automotor al anunciar su emocionante evento en el Centro de Ski Las Le\u00f1as en la prov. de Mendoza..\" \/>\n<meta property=\"og:url\" content=\"https:\/\/autofans.com.ar\/index.php\/2023\/07\/20\/jeep-presenta-la-nueva-generacion-del-grand-cherokee-en-las-lenas\/\" \/>\n<meta property=\"article:published_time\" content=\"2023-07-20T22:02:04+00:00\" \/>\n<meta property=\"og:image\" content=\"https:\/\/autofans.com.ar\/wp-content\/uploads\/2023\/07\/foto-2-38.jpg\" \/>\n\t<meta property=\"og:image:width\" content=\"1000\" \/>\n\t<meta property=\"og:image:height\" content=\"667\" \/>\n\t<meta property=\"og:image:type\" content=\"image\/jpeg\" \/>\n<meta name=\"author\" content=\"Alejandro Gabriel Rosito\" \/>\n<meta name=\"twitter:card\" content=\"summary_large_image\" \/>\n<meta name=\"twitter:label1\" content=\"Escrito por\" \/>\n\t<meta name=\"twitter:data1\" content=\"Alejandro Gabriel Rosito\" \/>\n\t<meta name=\"twitter:label2\" content=\"Tiempo de lectura\" \/>\n\t<meta name=\"twitter:data2\" content=\"3 minutos\" \/>\n<script type=\"application\/ld+json\" class=\"yoast-schema-graph\">{\"@context\":\"https:\\\/\\\/schema.org\",\"@graph\":[{\"@type\":\"Article\",\"@id\":\"https:\\\/\\\/autofans.com.ar\\\/index.php\\\/2023\\\/07\\\/20\\\/jeep-presenta-la-nueva-generacion-del-grand-cherokee-en-las-lenas\\\/#article\",\"isPartOf\":{\"@id\":\"https:\\\/\\\/autofans.com.ar\\\/index.php\\\/2023\\\/07\\\/20\\\/jeep-presenta-la-nueva-generacion-del-grand-cherokee-en-las-lenas\\\/\"},\"author\":{\"name\":\"Alejandro Gabriel Rosito\",\"@id\":\"https:\\\/\\\/autofans.com.ar\\\/#\\\/schema\\\/person\\\/4a8dda0b6df83ac3d6723e921274c2aa\"},\"headline\":\"Jeep\u00ae presenta la nueva generaci\u00f3n del Grand Cherokee en Las Le\u00f1as\",\"datePublished\":\"2023-07-20T22:02:04+00:00\",\"mainEntityOfPage\":{\"@id\":\"https:\\\/\\\/autofans.com.ar\\\/index.php\\\/2023\\\/07\\\/20\\\/jeep-presenta-la-nueva-generacion-del-grand-cherokee-en-las-lenas\\\/\"},\"wordCount\":571,\"image\":{\"@id\":\"https:\\\/\\\/autofans.com.ar\\\/index.php\\\/2023\\\/07\\\/20\\\/jeep-presenta-la-nueva-generacion-del-grand-cherokee-en-las-lenas\\\/#primaryimage\"},\"thumbnailUrl\":\"https:\\\/\\\/autofans.com.ar\\\/wp-content\\\/uploads\\\/2023\\\/07\\\/foto-2-38.jpg\",\"keywords\":[\"AutomotorLasLe\u00f1as\",\"GrandCherokee\",\"HotelVirgo\",\"JeepArgentina\",\"JeepLasLe\u00f1as\",\"LasLe\u00f1asOficial\",\"SUVenLasLe\u00f1as\",\"UFOPointLasLe\u00f1as\"],\"articleSection\":[\"Autos y SUV\",\"LANZAMIENTOS\"],\"inLanguage\":\"es\"},{\"@type\":\"WebPage\",\"@id\":\"https:\\\/\\\/autofans.com.ar\\\/index.php\\\/2023\\\/07\\\/20\\\/jeep-presenta-la-nueva-generacion-del-grand-cherokee-en-las-lenas\\\/\",\"url\":\"https:\\\/\\\/autofans.com.ar\\\/index.php\\\/2023\\\/07\\\/20\\\/jeep-presenta-la-nueva-generacion-del-grand-cherokee-en-las-lenas\\\/\",\"name\":\"Jeep\u00ae presenta la nueva generaci\u00f3n del Grand Cherokee en Las Le\u00f1as -\",\"isPartOf\":{\"@id\":\"https:\\\/\\\/autofans.com.ar\\\/#website\"},\"primaryImageOfPage\":{\"@id\":\"https:\\\/\\\/autofans.com.ar\\\/index.php\\\/2023\\\/07\\\/20\\\/jeep-presenta-la-nueva-generacion-del-grand-cherokee-en-las-lenas\\\/#primaryimage\"},\"image\":{\"@id\":\"https:\\\/\\\/autofans.com.ar\\\/index.php\\\/2023\\\/07\\\/20\\\/jeep-presenta-la-nueva-generacion-del-grand-cherokee-en-las-lenas\\\/#primaryimage\"},\"thumbnailUrl\":\"https:\\\/\\\/autofans.com.ar\\\/wp-content\\\/uploads\\\/2023\\\/07\\\/foto-2-38.jpg\",\"datePublished\":\"2023-07-20T22:02:04+00:00\",\"author\":{\"@id\":\"https:\\\/\\\/autofans.com.ar\\\/#\\\/schema\\\/person\\\/4a8dda0b6df83ac3d6723e921274c2aa\"},\"description\":\"Jeep\u00ae sorprende a los amantes del segmento automotor al anunciar su emocionante evento en el Centro de Ski Las Le\u00f1as en la prov. de Mendoza..\",\"breadcrumb\":{\"@id\":\"https:\\\/\\\/autofans.com.ar\\\/index.php\\\/2023\\\/07\\\/20\\\/jeep-presenta-la-nueva-generacion-del-grand-cherokee-en-las-lenas\\\/#breadcrumb\"},\"inLanguage\":\"es\",\"potentialAction\":[{\"@type\":\"ReadAction\",\"target\":[\"https:\\\/\\\/autofans.com.ar\\\/index.php\\\/2023\\\/07\\\/20\\\/jeep-presenta-la-nueva-generacion-del-grand-cherokee-en-las-lenas\\\/\"]}]},{\"@type\":\"ImageObject\",\"inLanguage\":\"es\",\"@id\":\"https:\\\/\\\/autofans.com.ar\\\/index.php\\\/2023\\\/07\\\/20\\\/jeep-presenta-la-nueva-generacion-del-grand-cherokee-en-las-lenas\\\/#primaryimage\",\"url\":\"https:\\\/\\\/autofans.com.ar\\\/wp-content\\\/uploads\\\/2023\\\/07\\\/foto-2-38.jpg\",\"contentUrl\":\"https:\\\/\\\/autofans.com.ar\\\/wp-content\\\/uploads\\\/2023\\\/07\\\/foto-2-38.jpg\",\"width\":1000,\"height\":667,\"caption\":\"jeep\"},{\"@type\":\"BreadcrumbList\",\"@id\":\"https:\\\/\\\/autofans.com.ar\\\/index.php\\\/2023\\\/07\\\/20\\\/jeep-presenta-la-nueva-generacion-del-grand-cherokee-en-las-lenas\\\/#breadcrumb\",\"itemListElement\":[{\"@type\":\"ListItem\",\"position\":1,\"name\":\"Inicio\",\"item\":\"https:\\\/\\\/autofans.com.ar\\\/\"},{\"@type\":\"ListItem\",\"position\":2,\"name\":\"Jeep\u00ae presenta la nueva generaci\u00f3n del Grand Cherokee en Las Le\u00f1as\"}]},{\"@type\":\"WebSite\",\"@id\":\"https:\\\/\\\/autofans.com.ar\\\/#website\",\"url\":\"https:\\\/\\\/autofans.com.ar\\\/\",\"name\":\"\",\"description\":\"El multimedio referente de la industria automotriz\",\"potentialAction\":[{\"@type\":\"SearchAction\",\"target\":{\"@type\":\"EntryPoint\",\"urlTemplate\":\"https:\\\/\\\/autofans.com.ar\\\/?s={search_term_string}\"},\"query-input\":{\"@type\":\"PropertyValueSpecification\",\"valueRequired\":true,\"valueName\":\"search_term_string\"}}],\"inLanguage\":\"es\"},{\"@type\":\"Person\",\"@id\":\"https:\\\/\\\/autofans.com.ar\\\/#\\\/schema\\\/person\\\/4a8dda0b6df83ac3d6723e921274c2aa\",\"name\":\"Alejandro Gabriel Rosito\",\"image\":{\"@type\":\"ImageObject\",\"inLanguage\":\"es\",\"@id\":\"https:\\\/\\\/secure.gravatar.com\\\/avatar\\\/16c5dda1489adfc62618084dcbb91cffd879c374b13fe5dd8e44ed6733852c88?s=96&d=mm&r=g\",\"url\":\"https:\\\/\\\/secure.gravatar.com\\\/avatar\\\/16c5dda1489adfc62618084dcbb91cffd879c374b13fe5dd8e44ed6733852c88?s=96&d=mm&r=g\",\"contentUrl\":\"https:\\\/\\\/secure.gravatar.com\\\/avatar\\\/16c5dda1489adfc62618084dcbb91cffd879c374b13fe5dd8e44ed6733852c88?s=96&d=mm&r=g\",\"caption\":\"Alejandro Gabriel Rosito\"},\"url\":\"https:\\\/\\\/autofans.com.ar\\\/index.php\\\/author\\\/gabrielr\\\/\"}]}<\/script>\n<!-- \/ Yoast SEO plugin. -->","yoast_head_json":{"title":"Jeep\u00ae presenta la nueva generaci\u00f3n del Grand Cherokee en Las Le\u00f1as -","description":"Jeep\u00ae sorprende a los amantes del segmento automotor al anunciar su emocionante evento en el Centro de Ski Las Le\u00f1as en la prov. de Mendoza..","robots":{"index":"index","follow":"follow","max-snippet":"max-snippet:-1","max-image-preview":"max-image-preview:large","max-video-preview":"max-video-preview:-1"},"canonical":"https:\/\/autofans.com.ar\/index.php\/2023\/07\/20\/jeep-presenta-la-nueva-generacion-del-grand-cherokee-en-las-lenas\/","og_locale":"es_ES","og_type":"article","og_title":"Jeep\u00ae presenta la nueva generaci\u00f3n del Grand Cherokee en Las Le\u00f1as -","og_description":"Jeep\u00ae sorprende a los amantes del segmento automotor al anunciar su emocionante evento en el Centro de Ski Las Le\u00f1as en la prov. de Mendoza..","og_url":"https:\/\/autofans.com.ar\/index.php\/2023\/07\/20\/jeep-presenta-la-nueva-generacion-del-grand-cherokee-en-las-lenas\/","article_published_time":"2023-07-20T22:02:04+00:00","og_image":[{"width":1000,"height":667,"url":"https:\/\/autofans.com.ar\/wp-content\/uploads\/2023\/07\/foto-2-38.jpg","type":"image\/jpeg"}],"author":"Alejandro Gabriel Rosito","twitter_card":"summary_large_image","twitter_misc":{"Escrito por":"Alejandro Gabriel Rosito","Tiempo de lectura":"3 minutos"},"schema":{"@context":"https:\/\/schema.org","@graph":[{"@type":"Article","@id":"https:\/\/autofans.com.ar\/index.php\/2023\/07\/20\/jeep-presenta-la-nueva-generacion-del-grand-cherokee-en-las-lenas\/#article","isPartOf":{"@id":"https:\/\/autofans.com.ar\/index.php\/2023\/07\/20\/jeep-presenta-la-nueva-generacion-del-grand-cherokee-en-las-lenas\/"},"author":{"name":"Alejandro Gabriel Rosito","@id":"https:\/\/autofans.com.ar\/#\/schema\/person\/4a8dda0b6df83ac3d6723e921274c2aa"},"headline":"Jeep\u00ae presenta la nueva generaci\u00f3n del Grand Cherokee en Las Le\u00f1as","datePublished":"2023-07-20T22:02:04+00:00","mainEntityOfPage":{"@id":"https:\/\/autofans.com.ar\/index.php\/2023\/07\/20\/jeep-presenta-la-nueva-generacion-del-grand-cherokee-en-las-lenas\/"},"wordCount":571,"image":{"@id":"https:\/\/autofans.com.ar\/index.php\/2023\/07\/20\/jeep-presenta-la-nueva-generacion-del-grand-cherokee-en-las-lenas\/#primaryimage"},"thumbnailUrl":"https:\/\/autofans.com.ar\/wp-content\/uploads\/2023\/07\/foto-2-38.jpg","keywords":["AutomotorLasLe\u00f1as","GrandCherokee","HotelVirgo","JeepArgentina","JeepLasLe\u00f1as","LasLe\u00f1asOficial","SUVenLasLe\u00f1as","UFOPointLasLe\u00f1as"],"articleSection":["Autos y SUV","LANZAMIENTOS"],"inLanguage":"es"},{"@type":"WebPage","@id":"https:\/\/autofans.com.ar\/index.php\/2023\/07\/20\/jeep-presenta-la-nueva-generacion-del-grand-cherokee-en-las-lenas\/","url":"https:\/\/autofans.com.ar\/index.php\/2023\/07\/20\/jeep-presenta-la-nueva-generacion-del-grand-cherokee-en-las-lenas\/","name":"Jeep\u00ae presenta la nueva generaci\u00f3n del Grand Cherokee en Las Le\u00f1as -","isPartOf":{"@id":"https:\/\/autofans.com.ar\/#website"},"primaryImageOfPage":{"@id":"https:\/\/autofans.com.ar\/index.php\/2023\/07\/20\/jeep-presenta-la-nueva-generacion-del-grand-cherokee-en-las-lenas\/#primaryimage"},"image":{"@id":"https:\/\/autofans.com.ar\/index.php\/2023\/07\/20\/jeep-presenta-la-nueva-generacion-del-grand-cherokee-en-las-lenas\/#primaryimage"},"thumbnailUrl":"https:\/\/autofans.com.ar\/wp-content\/uploads\/2023\/07\/foto-2-38.jpg","datePublished":"2023-07-20T22:02:04+00:00","author":{"@id":"https:\/\/autofans.com.ar\/#\/schema\/person\/4a8dda0b6df83ac3d6723e921274c2aa"},"description":"Jeep\u00ae sorprende a los amantes del segmento automotor al anunciar su emocionante evento en el Centro de Ski Las Le\u00f1as en la prov. de Mendoza..","breadcrumb":{"@id":"https:\/\/autofans.com.ar\/index.php\/2023\/07\/20\/jeep-presenta-la-nueva-generacion-del-grand-cherokee-en-las-lenas\/#breadcrumb"},"inLanguage":"es","potentialAction":[{"@type":"ReadAction","target":["https:\/\/autofans.com.ar\/index.php\/2023\/07\/20\/jeep-presenta-la-nueva-generacion-del-grand-cherokee-en-las-lenas\/"]}]},{"@type":"ImageObject","inLanguage":"es","@id":"https:\/\/autofans.com.ar\/index.php\/2023\/07\/20\/jeep-presenta-la-nueva-generacion-del-grand-cherokee-en-las-lenas\/#primaryimage","url":"https:\/\/autofans.com.ar\/wp-content\/uploads\/2023\/07\/foto-2-38.jpg","contentUrl":"https:\/\/autofans.com.ar\/wp-content\/uploads\/2023\/07\/foto-2-38.jpg","width":1000,"height":667,"caption":"jeep"},{"@type":"BreadcrumbList","@id":"https:\/\/autofans.com.ar\/index.php\/2023\/07\/20\/jeep-presenta-la-nueva-generacion-del-grand-cherokee-en-las-lenas\/#breadcrumb","itemListElement":[{"@type":"ListItem","position":1,"name":"Inicio","item":"https:\/\/autofans.com.ar\/"},{"@type":"ListItem","position":2,"name":"Jeep\u00ae presenta la nueva generaci\u00f3n del Grand Cherokee en Las Le\u00f1as"}]},{"@type":"WebSite","@id":"https:\/\/autofans.com.ar\/#website","url":"https:\/\/autofans.com.ar\/","name":"","description":"El multimedio referente de la industria automotriz","potentialAction":[{"@type":"SearchAction","target":{"@type":"EntryPoint","urlTemplate":"https:\/\/autofans.com.ar\/?s={search_term_string}"},"query-input":{"@type":"PropertyValueSpecification","valueRequired":true,"valueName":"search_term_string"}}],"inLanguage":"es"},{"@type":"Person","@id":"https:\/\/autofans.com.ar\/#\/schema\/person\/4a8dda0b6df83ac3d6723e921274c2aa","name":"Alejandro Gabriel Rosito","image":{"@type":"ImageObject","inLanguage":"es","@id":"https:\/\/secure.gravatar.com\/avatar\/16c5dda1489adfc62618084dcbb91cffd879c374b13fe5dd8e44ed6733852c88?s=96&d=mm&r=g","url":"https:\/\/secure.gravatar.com\/avatar\/16c5dda1489adfc62618084dcbb91cffd879c374b13fe5dd8e44ed6733852c88?s=96&d=mm&r=g","contentUrl":"https:\/\/secure.gravatar.com\/avatar\/16c5dda1489adfc62618084dcbb91cffd879c374b13fe5dd8e44ed6733852c88?s=96&d=mm&r=g","caption":"Alejandro Gabriel Rosito"},"url":"https:\/\/autofans.com.ar\/index.php\/author\/gabrielr\/"}]}},"featured_image_urls":{"full":["https:\/\/autofans.com.ar\/wp-content\/uploads\/2023\/07\/foto-2-38.jpg",1000,667,false],"thumbnail":["https:\/\/autofans.com.ar\/wp-content\/uploads\/2023\/07\/foto-2-38-150x150.jpg",150,150,true],"medium":["https:\/\/autofans.com.ar\/wp-content\/uploads\/2023\/07\/foto-2-38-300x200.jpg",300,200,true],"medium_large":["https:\/\/autofans.com.ar\/wp-content\/uploads\/2023\/07\/foto-2-38-768x512.jpg",640,427,true],"large":["https:\/\/autofans.com.ar\/wp-content\/uploads\/2023\/07\/foto-2-38.jpg",640,427,false],"1536x1536":["https:\/\/autofans.com.ar\/wp-content\/uploads\/2023\/07\/foto-2-38.jpg",1000,667,false],"2048x2048":["https:\/\/autofans.com.ar\/wp-content\/uploads\/2023\/07\/foto-2-38.jpg",1000,667,false],"covernews-featured":["https:\/\/autofans.com.ar\/wp-content\/uploads\/2023\/07\/foto-2-38.jpg",1000,667,false],"covernews-medium":["https:\/\/autofans.com.ar\/wp-content\/uploads\/2023\/07\/foto-2-38-540x340.jpg",540,340,true]},"author_info":{"display_name":"Alejandro Gabriel Rosito","author_link":"https:\/\/autofans.com.ar\/index.php\/author\/gabrielr\/"},"category_info":"<a href=\"https:\/\/autofans.com.ar\/index.php\/category\/lanzamientos\/autos-y-suv\/\" rel=\"category tag\">Autos y SUV<\/a> <a href=\"https:\/\/autofans.com.ar\/index.php\/category\/lanzamientos\/\" rel=\"category tag\">LANZAMIENTOS<\/a>","tag_info":"LANZAMIENTOS","comment_count":0,"_links":{"self":[{"href":"https:\/\/autofans.com.ar\/index.php\/wp-json\/wp\/v2\/posts\/4191","targetHints":{"allow":["GET"]}}],"collection":[{"href":"https:\/\/autofans.com.ar\/index.php\/wp-json\/wp\/v2\/posts"}],"about":[{"href":"https:\/\/autofans.com.ar\/index.php\/wp-json\/wp\/v2\/types\/post"}],"author":[{"embeddable":true,"href":"https:\/\/autofans.com.ar\/index.php\/wp-json\/wp\/v2\/users\/2"}],"replies":[{"embeddable":true,"href":"https:\/\/autofans.com.ar\/index.php\/wp-json\/wp\/v2\/comments?post=4191"}],"version-history":[{"count":2,"href":"https:\/\/autofans.com.ar\/index.php\/wp-json\/wp\/v2\/posts\/4191\/revisions"}],"predecessor-version":[{"id":4195,"href":"https:\/\/autofans.com.ar\/index.php\/wp-json\/wp\/v2\/posts\/4191\/revisions\/4195"}],"wp:featuredmedia":[{"embeddable":true,"href":"https:\/\/autofans.com.ar\/index.php\/wp-json\/wp\/v2\/media\/4192"}],"wp:attachment":[{"href":"https:\/\/autofans.com.ar\/index.php\/wp-json\/wp\/v2\/media?parent=4191"}],"wp:term":[{"taxonomy":"category","embeddable":true,"href":"https:\/\/autofans.com.ar\/index.php\/wp-json\/wp\/v2\/categories?post=4191"},{"taxonomy":"post_tag","embeddable":true,"href":"https:\/\/autofans.com.ar\/index.php\/wp-json\/wp\/v2\/tags?post=4191"}],"curies":[{"name":"wp","href":"https:\/\/api.w.org\/{rel}","templated":true}]}}