{"id":4196,"date":"2023-07-21T18:13:23","date_gmt":"2023-07-21T21:13:23","guid":{"rendered":"https:\/\/autofans.com.ar\/?p=4196"},"modified":"2023-07-21T18:13:23","modified_gmt":"2023-07-21T21:13:23","slug":"experiencia-invernal-ram-deslumbra-en-la-estacion-de-ski","status":"publish","type":"post","link":"https:\/\/autofans.com.ar\/index.php\/2023\/07\/21\/experiencia-invernal-ram-deslumbra-en-la-estacion-de-ski\/","title":{"rendered":"Experiencia Invernal: RAM deslumbra en la Estaci\u00f3n de Ski"},"content":{"rendered":"<h2>Descubr\u00ed la Campa\u00f1a &#8216;Follow the RAM&#8217; en Lago Hermoso<\/h2>\n<p>En medio del asombroso paisaje de la Patagonia Argentina, la marca de pick-ups premium RAM ha inaugurado su nuevo Punto de Encuentro en la famosa estaci\u00f3n de ski y snowboard de Lago Hermoso. Bajo el llamativo eslogan \u00abFollow the RAM\u00bb, esta campa\u00f1a tiene como objetivo presentar los modelos m\u00e1s destacados de la marca en un entorno invernal \u00fanico, atrayendo a entusiastas del segmento automotor y amantes de la aventura.<\/p>\n<h2><\/h2>\n<p>&nbsp;<\/p>\n<h2><img fetchpriority=\"high\" decoding=\"async\" class=\"aligncenter wp-image-4200 size-full\" src=\"https:\/\/autofans.com.ar\/wp-content\/uploads\/2023\/07\/foto-3-33.jpg\" alt=\"ram\" width=\"1000\" height=\"667\" srcset=\"https:\/\/autofans.com.ar\/wp-content\/uploads\/2023\/07\/foto-3-33.jpg 1000w, https:\/\/autofans.com.ar\/wp-content\/uploads\/2023\/07\/foto-3-33-300x200.jpg 300w, https:\/\/autofans.com.ar\/wp-content\/uploads\/2023\/07\/foto-3-33-768x512.jpg 768w\" sizes=\"(max-width: 1000px) 100vw, 1000px\" \/><\/h2>\n<h2><\/h2>\n<p>&nbsp;<\/p>\n<h2>Pick-ups de Lujo y Potencia<\/h2>\n<p>RAM, que se independiz\u00f3 como marca en 2009, ha sido un referente en el mercado de las pick-ups desde su debut, destacando por la construcci\u00f3n de veh\u00edculos innovadores en la industria automotriz. Con la llegada del invierno, la marca ha decidido llevar su propuesta al coraz\u00f3n de la Patagonia, un lugar emblem\u00e1tico para los aficionados a la nieve y los deportes de invierno.<\/p>\n<p>En el Punto de Encuentro en Lago Hermoso Ski Resort, los visitantes tendr\u00e1n la oportunidad de admirar de cerca dos de los modelos m\u00e1s ic\u00f3nicos de RAM: la RAM 1500 y la RAM 2500, ambas en su versi\u00f3n Laramie. Estas poderosas pick-ups destacan por su elegante dise\u00f1o, alto rendimiento y avanzada tecnolog\u00eda, siendo la elecci\u00f3n perfecta para aquellos que buscan combinar lujo y rendimiento en un solo veh\u00edculo.<\/p>\n<h2><\/h2>\n<p>&nbsp;<\/p>\n<div id='gallery-1' class='gallery galleryid-4196 gallery-columns-2 gallery-size-full'><figure class='gallery-item'>\n\t\t\t<div class='gallery-icon landscape'>\n\t\t\t\t<a href='https:\/\/autofans.com.ar\/index.php\/2023\/07\/21\/experiencia-invernal-ram-deslumbra-en-la-estacion-de-ski\/foto-2-215\/'><img loading=\"lazy\" width=\"1000\" height=\"667\" src=\"https:\/\/autofans.com.ar\/wp-content\/uploads\/2023\/07\/foto-2-39.jpg\" class=\"attachment-full size-full\" alt=\"ram\" srcset=\"https:\/\/autofans.com.ar\/wp-content\/uploads\/2023\/07\/foto-2-39.jpg 1000w, https:\/\/autofans.com.ar\/wp-content\/uploads\/2023\/07\/foto-2-39-300x200.jpg 300w, https:\/\/autofans.com.ar\/wp-content\/uploads\/2023\/07\/foto-2-39-768x512.jpg 768w\" sizes=\"auto, (max-width: 1000px) 100vw, 1000px\" loading=\"lazy\" decoding=\"async\" \/><\/a>\n\t\t\t<\/div><\/figure><figure class='gallery-item'>\n\t\t\t<div class='gallery-icon landscape'>\n\t\t\t\t<a href='https:\/\/autofans.com.ar\/index.php\/2023\/07\/21\/experiencia-invernal-ram-deslumbra-en-la-estacion-de-ski\/foto-4-130\/'><img loading=\"lazy\" width=\"1000\" height=\"667\" src=\"https:\/\/autofans.com.ar\/wp-content\/uploads\/2023\/07\/foto-4-23.jpg\" class=\"attachment-full size-full\" alt=\"ram\" srcset=\"https:\/\/autofans.com.ar\/wp-content\/uploads\/2023\/07\/foto-4-23.jpg 1000w, https:\/\/autofans.com.ar\/wp-content\/uploads\/2023\/07\/foto-4-23-300x200.jpg 300w, https:\/\/autofans.com.ar\/wp-content\/uploads\/2023\/07\/foto-4-23-768x512.jpg 768w\" sizes=\"auto, (max-width: 1000px) 100vw, 1000px\" loading=\"lazy\" decoding=\"async\" \/><\/a>\n\t\t\t<\/div><\/figure>\n\t\t<\/div>\n\n<p>&nbsp;<\/p>\n<h2>Aventura y Excelencia en Pick-ups Premium<\/h2>\n<p>Adem\u00e1s de la exposici\u00f3n de los veh\u00edculos, los propietarios de pick-ups RAM podr\u00e1n disfrutar de beneficios exclusivos durante su estancia en Lago Hermoso. Presentando su c\u00e9dula verde y documento, tendr\u00e1n acceso a promociones especiales, experiencias VIP y actividades pensadas para toda la familia.<\/p>\n<p>\u00abFollow the RAM\u00bb no solo busca presentar los modelos de la marca, sino tambi\u00e9n fortalecer el v\u00ednculo entre RAM y sus fieles clientes. La campa\u00f1a se enfoca en ofrecer una experiencia cercana y personalizada, que va m\u00e1s all\u00e1 de la simple adquisici\u00f3n de un veh\u00edculo. Se trata de ser parte de una comunidad apasionada por la aventura y la excelencia automotriz.<\/p>\n<p>Con esta iniciativa, RAM se posiciona como una marca l\u00edder en el mercado de pick-ups premium, apostando por una estrategia de marketing enfocada en la experiencia del cliente y la conexi\u00f3n emocional con la marca.<\/p>\n<p>Si eres amante de las pick-ups premium y buscas vivir una experiencia inolvidable en un entorno de ensue\u00f1o, el Punto de Encuentro RAM en Lago Hermoso es el lugar ideal para ti. \u00a1No te pierdas esta oportunidad \u00fanica de seguir el camino de la RAM en la Patagonia Argentina!<\/p>\n<p>&nbsp;<\/p>\n<h3>En Lago Hermoso Ski Resort los due\u00f1os de veh\u00edculos de la marca RAM podr\u00e1n disfrutar de los siguientes beneficios presentando c\u00e9dula verde y documento:<\/h3>\n<ul>\n<li>Estacionamiento exclusivo para clientes de RAM.<\/li>\n<li>15% Off de Descuento en clases para los meses de agosto y septiembre.<\/li>\n<li>15% Off de Descuento en alquiler de equipos completos de snowboard y ski.<\/li>\n<li>15% Off de Descuento en excursiones refugio cumbre.<\/li>\n<li>15% Off en el Total en la experiencia refugio cumbre con almuerzo incluido.<\/li>\n<\/ul>\n<p>&nbsp;<\/p>\n<p><i>Para enterarte de m\u00e1s novedades, no dejes de leer\u00a0<\/i><a href=\"https:\/\/autofans.thebrandsoup.com\/\"><i>nuestras notas<\/i><\/a><i>, de ver<\/i><b><i>\u00a0<\/i><\/b><a href=\"https:\/\/www.youtube.com\/channel\/UCgAC8UGHZYbT6P7PpmVnP7g\"><b><i>AUTOFANS TV<\/i><\/b><\/a><b><i>\u00a0<\/i><\/b><i>en nuestro\u00a0canal de Youtube. Adem\u00e1s seguinos en\u00a0<\/i><a href=\"https:\/\/www.instagram.com\/autofanstv\/\"><i>INSTAGRAM<\/i><\/a><i> y <\/i><a href=\"https:\/\/www.facebook.com\/autofansmas\/\"><i>FACEBOOK<\/i><\/a><i> para no perderte nada sobre las novedades del segmento automotor de Argentina y el mundo. <\/i><\/p>\n","protected":false},"excerpt":{"rendered":"<p>Descubr\u00ed la Campa\u00f1a &#8216;Follow the RAM&#8217; en Lago Hermoso En medio del asombroso paisaje de&#8230;<\/p>\n","protected":false},"author":2,"featured_media":4202,"comment_status":"closed","ping_status":"closed","sticky":false,"template":"","format":"standard","meta":{"footnotes":""},"categories":[6,16,5],"tags":[2064,2072,2067,2063,2070,2066,2062,296,2068,2069,2065,2071],"class_list":["post-4196","post","type-post","status-publish","format-standard","has-post-thumbnail","hentry","category-bizstyle","category-noticias","category-otros","tag-estacion-de-ski","tag-experiencias-vip","tag-follow-the-ram","tag-lago-hermoso","tag-laramie","tag-patagonia-argentina","tag-pick-ups-premium","tag-ram","tag-ram-1500","tag-ram-2500","tag-snowboard","tag-vehiculos-innovadores"],"yoast_head":"<!-- This site is optimized with the Yoast SEO plugin v27.5 - https:\/\/yoast.com\/product\/yoast-seo-wordpress\/ -->\n<title>Experiencia Invernal: RAM deslumbra en la Estaci\u00f3n de Ski -<\/title>\n<meta name=\"description\" content=\"Bajo el llamativo eslogan &quot;Follow the RAM&quot; esta campa\u00f1a tiene como objetivo presentar los modelos m\u00e1s destacados en un entorno invernal \u00fanico\" \/>\n<meta name=\"robots\" content=\"index, follow, max-snippet:-1, max-image-preview:large, max-video-preview:-1\" \/>\n<link rel=\"canonical\" href=\"https:\/\/autofans.com.ar\/index.php\/2023\/07\/21\/experiencia-invernal-ram-deslumbra-en-la-estacion-de-ski\/\" \/>\n<meta property=\"og:locale\" content=\"es_ES\" \/>\n<meta property=\"og:type\" content=\"article\" \/>\n<meta property=\"og:title\" content=\"Experiencia Invernal: RAM deslumbra en la Estaci\u00f3n de Ski -\" \/>\n<meta property=\"og:description\" content=\"Bajo el llamativo eslogan &quot;Follow the RAM&quot; esta campa\u00f1a tiene como objetivo presentar los modelos m\u00e1s destacados en un entorno invernal \u00fanico\" \/>\n<meta property=\"og:url\" content=\"https:\/\/autofans.com.ar\/index.php\/2023\/07\/21\/experiencia-invernal-ram-deslumbra-en-la-estacion-de-ski\/\" \/>\n<meta property=\"article:published_time\" content=\"2023-07-21T21:13:23+00:00\" \/>\n<meta property=\"og:image\" content=\"https:\/\/autofans.com.ar\/wp-content\/uploads\/2023\/07\/foto-1-39.jpg\" \/>\n\t<meta property=\"og:image:width\" content=\"1000\" \/>\n\t<meta property=\"og:image:height\" content=\"667\" \/>\n\t<meta property=\"og:image:type\" content=\"image\/jpeg\" \/>\n<meta name=\"author\" content=\"Alejandro Gabriel Rosito\" \/>\n<meta name=\"twitter:card\" content=\"summary_large_image\" \/>\n<meta name=\"twitter:label1\" content=\"Escrito por\" \/>\n\t<meta name=\"twitter:data1\" content=\"Alejandro Gabriel Rosito\" \/>\n\t<meta name=\"twitter:label2\" content=\"Tiempo de lectura\" \/>\n\t<meta name=\"twitter:data2\" content=\"3 minutos\" \/>\n<script type=\"application\/ld+json\" class=\"yoast-schema-graph\">{\"@context\":\"https:\\\/\\\/schema.org\",\"@graph\":[{\"@type\":\"Article\",\"@id\":\"https:\\\/\\\/autofans.com.ar\\\/index.php\\\/2023\\\/07\\\/21\\\/experiencia-invernal-ram-deslumbra-en-la-estacion-de-ski\\\/#article\",\"isPartOf\":{\"@id\":\"https:\\\/\\\/autofans.com.ar\\\/index.php\\\/2023\\\/07\\\/21\\\/experiencia-invernal-ram-deslumbra-en-la-estacion-de-ski\\\/\"},\"author\":{\"name\":\"Alejandro Gabriel Rosito\",\"@id\":\"https:\\\/\\\/autofans.com.ar\\\/#\\\/schema\\\/person\\\/4a8dda0b6df83ac3d6723e921274c2aa\"},\"headline\":\"Experiencia Invernal: RAM deslumbra en la Estaci\u00f3n de Ski\",\"datePublished\":\"2023-07-21T21:13:23+00:00\",\"mainEntityOfPage\":{\"@id\":\"https:\\\/\\\/autofans.com.ar\\\/index.php\\\/2023\\\/07\\\/21\\\/experiencia-invernal-ram-deslumbra-en-la-estacion-de-ski\\\/\"},\"wordCount\":577,\"image\":{\"@id\":\"https:\\\/\\\/autofans.com.ar\\\/index.php\\\/2023\\\/07\\\/21\\\/experiencia-invernal-ram-deslumbra-en-la-estacion-de-ski\\\/#primaryimage\"},\"thumbnailUrl\":\"https:\\\/\\\/autofans.com.ar\\\/wp-content\\\/uploads\\\/2023\\\/07\\\/foto-1-39.jpg\",\"keywords\":[\"estaci\u00f3n de ski\",\"experiencias VIP\",\"Follow the RAM\",\"Lago Hermoso\",\"Laramie\",\"Patagonia Argentina\",\"pick-ups premium\",\"RAM\",\"RAM 1500\",\"RAM 2500\",\"snowboard\",\"veh\u00edculos innovadores\"],\"articleSection\":[\"BIZSTYLE\",\"NOTICIAS\",\"PICK UPs, UTILITARIOS Y OTROS\"],\"inLanguage\":\"es\"},{\"@type\":\"WebPage\",\"@id\":\"https:\\\/\\\/autofans.com.ar\\\/index.php\\\/2023\\\/07\\\/21\\\/experiencia-invernal-ram-deslumbra-en-la-estacion-de-ski\\\/\",\"url\":\"https:\\\/\\\/autofans.com.ar\\\/index.php\\\/2023\\\/07\\\/21\\\/experiencia-invernal-ram-deslumbra-en-la-estacion-de-ski\\\/\",\"name\":\"Experiencia Invernal: RAM deslumbra en la Estaci\u00f3n de Ski -\",\"isPartOf\":{\"@id\":\"https:\\\/\\\/autofans.com.ar\\\/#website\"},\"primaryImageOfPage\":{\"@id\":\"https:\\\/\\\/autofans.com.ar\\\/index.php\\\/2023\\\/07\\\/21\\\/experiencia-invernal-ram-deslumbra-en-la-estacion-de-ski\\\/#primaryimage\"},\"image\":{\"@id\":\"https:\\\/\\\/autofans.com.ar\\\/index.php\\\/2023\\\/07\\\/21\\\/experiencia-invernal-ram-deslumbra-en-la-estacion-de-ski\\\/#primaryimage\"},\"thumbnailUrl\":\"https:\\\/\\\/autofans.com.ar\\\/wp-content\\\/uploads\\\/2023\\\/07\\\/foto-1-39.jpg\",\"datePublished\":\"2023-07-21T21:13:23+00:00\",\"author\":{\"@id\":\"https:\\\/\\\/autofans.com.ar\\\/#\\\/schema\\\/person\\\/4a8dda0b6df83ac3d6723e921274c2aa\"},\"description\":\"Bajo el llamativo eslogan \\\"Follow the RAM\\\" esta campa\u00f1a tiene como objetivo presentar los modelos m\u00e1s destacados en un entorno invernal \u00fanico\",\"breadcrumb\":{\"@id\":\"https:\\\/\\\/autofans.com.ar\\\/index.php\\\/2023\\\/07\\\/21\\\/experiencia-invernal-ram-deslumbra-en-la-estacion-de-ski\\\/#breadcrumb\"},\"inLanguage\":\"es\",\"potentialAction\":[{\"@type\":\"ReadAction\",\"target\":[\"https:\\\/\\\/autofans.com.ar\\\/index.php\\\/2023\\\/07\\\/21\\\/experiencia-invernal-ram-deslumbra-en-la-estacion-de-ski\\\/\"]}]},{\"@type\":\"ImageObject\",\"inLanguage\":\"es\",\"@id\":\"https:\\\/\\\/autofans.com.ar\\\/index.php\\\/2023\\\/07\\\/21\\\/experiencia-invernal-ram-deslumbra-en-la-estacion-de-ski\\\/#primaryimage\",\"url\":\"https:\\\/\\\/autofans.com.ar\\\/wp-content\\\/uploads\\\/2023\\\/07\\\/foto-1-39.jpg\",\"contentUrl\":\"https:\\\/\\\/autofans.com.ar\\\/wp-content\\\/uploads\\\/2023\\\/07\\\/foto-1-39.jpg\",\"width\":1000,\"height\":667,\"caption\":\"ram\"},{\"@type\":\"BreadcrumbList\",\"@id\":\"https:\\\/\\\/autofans.com.ar\\\/index.php\\\/2023\\\/07\\\/21\\\/experiencia-invernal-ram-deslumbra-en-la-estacion-de-ski\\\/#breadcrumb\",\"itemListElement\":[{\"@type\":\"ListItem\",\"position\":1,\"name\":\"Inicio\",\"item\":\"https:\\\/\\\/autofans.com.ar\\\/\"},{\"@type\":\"ListItem\",\"position\":2,\"name\":\"Experiencia Invernal: RAM deslumbra en la Estaci\u00f3n de Ski\"}]},{\"@type\":\"WebSite\",\"@id\":\"https:\\\/\\\/autofans.com.ar\\\/#website\",\"url\":\"https:\\\/\\\/autofans.com.ar\\\/\",\"name\":\"\",\"description\":\"El multimedio referente de la industria automotriz\",\"potentialAction\":[{\"@type\":\"SearchAction\",\"target\":{\"@type\":\"EntryPoint\",\"urlTemplate\":\"https:\\\/\\\/autofans.com.ar\\\/?s={search_term_string}\"},\"query-input\":{\"@type\":\"PropertyValueSpecification\",\"valueRequired\":true,\"valueName\":\"search_term_string\"}}],\"inLanguage\":\"es\"},{\"@type\":\"Person\",\"@id\":\"https:\\\/\\\/autofans.com.ar\\\/#\\\/schema\\\/person\\\/4a8dda0b6df83ac3d6723e921274c2aa\",\"name\":\"Alejandro Gabriel Rosito\",\"image\":{\"@type\":\"ImageObject\",\"inLanguage\":\"es\",\"@id\":\"https:\\\/\\\/secure.gravatar.com\\\/avatar\\\/16c5dda1489adfc62618084dcbb91cffd879c374b13fe5dd8e44ed6733852c88?s=96&d=mm&r=g\",\"url\":\"https:\\\/\\\/secure.gravatar.com\\\/avatar\\\/16c5dda1489adfc62618084dcbb91cffd879c374b13fe5dd8e44ed6733852c88?s=96&d=mm&r=g\",\"contentUrl\":\"https:\\\/\\\/secure.gravatar.com\\\/avatar\\\/16c5dda1489adfc62618084dcbb91cffd879c374b13fe5dd8e44ed6733852c88?s=96&d=mm&r=g\",\"caption\":\"Alejandro Gabriel Rosito\"},\"url\":\"https:\\\/\\\/autofans.com.ar\\\/index.php\\\/author\\\/gabrielr\\\/\"}]}<\/script>\n<!-- \/ Yoast SEO plugin. -->","yoast_head_json":{"title":"Experiencia Invernal: RAM deslumbra en la Estaci\u00f3n de Ski -","description":"Bajo el llamativo eslogan \"Follow the RAM\" esta campa\u00f1a tiene como objetivo presentar los modelos m\u00e1s destacados en un entorno invernal \u00fanico","robots":{"index":"index","follow":"follow","max-snippet":"max-snippet:-1","max-image-preview":"max-image-preview:large","max-video-preview":"max-video-preview:-1"},"canonical":"https:\/\/autofans.com.ar\/index.php\/2023\/07\/21\/experiencia-invernal-ram-deslumbra-en-la-estacion-de-ski\/","og_locale":"es_ES","og_type":"article","og_title":"Experiencia Invernal: RAM deslumbra en la Estaci\u00f3n de Ski -","og_description":"Bajo el llamativo eslogan \"Follow the RAM\" esta campa\u00f1a tiene como objetivo presentar los modelos m\u00e1s destacados en un entorno invernal \u00fanico","og_url":"https:\/\/autofans.com.ar\/index.php\/2023\/07\/21\/experiencia-invernal-ram-deslumbra-en-la-estacion-de-ski\/","article_published_time":"2023-07-21T21:13:23+00:00","og_image":[{"width":1000,"height":667,"url":"https:\/\/autofans.com.ar\/wp-content\/uploads\/2023\/07\/foto-1-39.jpg","type":"image\/jpeg"}],"author":"Alejandro Gabriel Rosito","twitter_card":"summary_large_image","twitter_misc":{"Escrito por":"Alejandro Gabriel Rosito","Tiempo de lectura":"3 minutos"},"schema":{"@context":"https:\/\/schema.org","@graph":[{"@type":"Article","@id":"https:\/\/autofans.com.ar\/index.php\/2023\/07\/21\/experiencia-invernal-ram-deslumbra-en-la-estacion-de-ski\/#article","isPartOf":{"@id":"https:\/\/autofans.com.ar\/index.php\/2023\/07\/21\/experiencia-invernal-ram-deslumbra-en-la-estacion-de-ski\/"},"author":{"name":"Alejandro Gabriel Rosito","@id":"https:\/\/autofans.com.ar\/#\/schema\/person\/4a8dda0b6df83ac3d6723e921274c2aa"},"headline":"Experiencia Invernal: RAM deslumbra en la Estaci\u00f3n de Ski","datePublished":"2023-07-21T21:13:23+00:00","mainEntityOfPage":{"@id":"https:\/\/autofans.com.ar\/index.php\/2023\/07\/21\/experiencia-invernal-ram-deslumbra-en-la-estacion-de-ski\/"},"wordCount":577,"image":{"@id":"https:\/\/autofans.com.ar\/index.php\/2023\/07\/21\/experiencia-invernal-ram-deslumbra-en-la-estacion-de-ski\/#primaryimage"},"thumbnailUrl":"https:\/\/autofans.com.ar\/wp-content\/uploads\/2023\/07\/foto-1-39.jpg","keywords":["estaci\u00f3n de ski","experiencias VIP","Follow the RAM","Lago Hermoso","Laramie","Patagonia Argentina","pick-ups premium","RAM","RAM 1500","RAM 2500","snowboard","veh\u00edculos innovadores"],"articleSection":["BIZSTYLE","NOTICIAS","PICK UPs, UTILITARIOS Y OTROS"],"inLanguage":"es"},{"@type":"WebPage","@id":"https:\/\/autofans.com.ar\/index.php\/2023\/07\/21\/experiencia-invernal-ram-deslumbra-en-la-estacion-de-ski\/","url":"https:\/\/autofans.com.ar\/index.php\/2023\/07\/21\/experiencia-invernal-ram-deslumbra-en-la-estacion-de-ski\/","name":"Experiencia Invernal: RAM deslumbra en la Estaci\u00f3n de Ski -","isPartOf":{"@id":"https:\/\/autofans.com.ar\/#website"},"primaryImageOfPage":{"@id":"https:\/\/autofans.com.ar\/index.php\/2023\/07\/21\/experiencia-invernal-ram-deslumbra-en-la-estacion-de-ski\/#primaryimage"},"image":{"@id":"https:\/\/autofans.com.ar\/index.php\/2023\/07\/21\/experiencia-invernal-ram-deslumbra-en-la-estacion-de-ski\/#primaryimage"},"thumbnailUrl":"https:\/\/autofans.com.ar\/wp-content\/uploads\/2023\/07\/foto-1-39.jpg","datePublished":"2023-07-21T21:13:23+00:00","author":{"@id":"https:\/\/autofans.com.ar\/#\/schema\/person\/4a8dda0b6df83ac3d6723e921274c2aa"},"description":"Bajo el llamativo eslogan \"Follow the RAM\" esta campa\u00f1a tiene como objetivo presentar los modelos m\u00e1s destacados en un entorno invernal \u00fanico","breadcrumb":{"@id":"https:\/\/autofans.com.ar\/index.php\/2023\/07\/21\/experiencia-invernal-ram-deslumbra-en-la-estacion-de-ski\/#breadcrumb"},"inLanguage":"es","potentialAction":[{"@type":"ReadAction","target":["https:\/\/autofans.com.ar\/index.php\/2023\/07\/21\/experiencia-invernal-ram-deslumbra-en-la-estacion-de-ski\/"]}]},{"@type":"ImageObject","inLanguage":"es","@id":"https:\/\/autofans.com.ar\/index.php\/2023\/07\/21\/experiencia-invernal-ram-deslumbra-en-la-estacion-de-ski\/#primaryimage","url":"https:\/\/autofans.com.ar\/wp-content\/uploads\/2023\/07\/foto-1-39.jpg","contentUrl":"https:\/\/autofans.com.ar\/wp-content\/uploads\/2023\/07\/foto-1-39.jpg","width":1000,"height":667,"caption":"ram"},{"@type":"BreadcrumbList","@id":"https:\/\/autofans.com.ar\/index.php\/2023\/07\/21\/experiencia-invernal-ram-deslumbra-en-la-estacion-de-ski\/#breadcrumb","itemListElement":[{"@type":"ListItem","position":1,"name":"Inicio","item":"https:\/\/autofans.com.ar\/"},{"@type":"ListItem","position":2,"name":"Experiencia Invernal: RAM deslumbra en la Estaci\u00f3n de Ski"}]},{"@type":"WebSite","@id":"https:\/\/autofans.com.ar\/#website","url":"https:\/\/autofans.com.ar\/","name":"","description":"El multimedio referente de la industria automotriz","potentialAction":[{"@type":"SearchAction","target":{"@type":"EntryPoint","urlTemplate":"https:\/\/autofans.com.ar\/?s={search_term_string}"},"query-input":{"@type":"PropertyValueSpecification","valueRequired":true,"valueName":"search_term_string"}}],"inLanguage":"es"},{"@type":"Person","@id":"https:\/\/autofans.com.ar\/#\/schema\/person\/4a8dda0b6df83ac3d6723e921274c2aa","name":"Alejandro Gabriel Rosito","image":{"@type":"ImageObject","inLanguage":"es","@id":"https:\/\/secure.gravatar.com\/avatar\/16c5dda1489adfc62618084dcbb91cffd879c374b13fe5dd8e44ed6733852c88?s=96&d=mm&r=g","url":"https:\/\/secure.gravatar.com\/avatar\/16c5dda1489adfc62618084dcbb91cffd879c374b13fe5dd8e44ed6733852c88?s=96&d=mm&r=g","contentUrl":"https:\/\/secure.gravatar.com\/avatar\/16c5dda1489adfc62618084dcbb91cffd879c374b13fe5dd8e44ed6733852c88?s=96&d=mm&r=g","caption":"Alejandro Gabriel Rosito"},"url":"https:\/\/autofans.com.ar\/index.php\/author\/gabrielr\/"}]}},"featured_image_urls":{"full":["https:\/\/autofans.com.ar\/wp-content\/uploads\/2023\/07\/foto-1-39.jpg",1000,667,false],"thumbnail":["https:\/\/autofans.com.ar\/wp-content\/uploads\/2023\/07\/foto-1-39-150x150.jpg",150,150,true],"medium":["https:\/\/autofans.com.ar\/wp-content\/uploads\/2023\/07\/foto-1-39-300x200.jpg",300,200,true],"medium_large":["https:\/\/autofans.com.ar\/wp-content\/uploads\/2023\/07\/foto-1-39-768x512.jpg",640,427,true],"large":["https:\/\/autofans.com.ar\/wp-content\/uploads\/2023\/07\/foto-1-39.jpg",640,427,false],"1536x1536":["https:\/\/autofans.com.ar\/wp-content\/uploads\/2023\/07\/foto-1-39.jpg",1000,667,false],"2048x2048":["https:\/\/autofans.com.ar\/wp-content\/uploads\/2023\/07\/foto-1-39.jpg",1000,667,false],"covernews-featured":["https:\/\/autofans.com.ar\/wp-content\/uploads\/2023\/07\/foto-1-39.jpg",1000,667,false],"covernews-medium":["https:\/\/autofans.com.ar\/wp-content\/uploads\/2023\/07\/foto-1-39-540x340.jpg",540,340,true]},"author_info":{"display_name":"Alejandro Gabriel Rosito","author_link":"https:\/\/autofans.com.ar\/index.php\/author\/gabrielr\/"},"category_info":"<a href=\"https:\/\/autofans.com.ar\/index.php\/category\/noticias\/bizstyle\/\" rel=\"category tag\">BIZSTYLE<\/a> <a href=\"https:\/\/autofans.com.ar\/index.php\/category\/noticias\/\" rel=\"category tag\">NOTICIAS<\/a> <a href=\"https:\/\/autofans.com.ar\/index.php\/category\/noticias\/otros\/\" rel=\"category tag\">PICK UPs, UTILITARIOS Y OTROS<\/a>","tag_info":"PICK UPs, UTILITARIOS Y OTROS","comment_count":0,"_links":{"self":[{"href":"https:\/\/autofans.com.ar\/index.php\/wp-json\/wp\/v2\/posts\/4196","targetHints":{"allow":["GET"]}}],"collection":[{"href":"https:\/\/autofans.com.ar\/index.php\/wp-json\/wp\/v2\/posts"}],"about":[{"href":"https:\/\/autofans.com.ar\/index.php\/wp-json\/wp\/v2\/types\/post"}],"author":[{"embeddable":true,"href":"https:\/\/autofans.com.ar\/index.php\/wp-json\/wp\/v2\/users\/2"}],"replies":[{"embeddable":true,"href":"https:\/\/autofans.com.ar\/index.php\/wp-json\/wp\/v2\/comments?post=4196"}],"version-history":[{"count":4,"href":"https:\/\/autofans.com.ar\/index.php\/wp-json\/wp\/v2\/posts\/4196\/revisions"}],"predecessor-version":[{"id":4205,"href":"https:\/\/autofans.com.ar\/index.php\/wp-json\/wp\/v2\/posts\/4196\/revisions\/4205"}],"wp:featuredmedia":[{"embeddable":true,"href":"https:\/\/autofans.com.ar\/index.php\/wp-json\/wp\/v2\/media\/4202"}],"wp:attachment":[{"href":"https:\/\/autofans.com.ar\/index.php\/wp-json\/wp\/v2\/media?parent=4196"}],"wp:term":[{"taxonomy":"category","embeddable":true,"href":"https:\/\/autofans.com.ar\/index.php\/wp-json\/wp\/v2\/categories?post=4196"},{"taxonomy":"post_tag","embeddable":true,"href":"https:\/\/autofans.com.ar\/index.php\/wp-json\/wp\/v2\/tags?post=4196"}],"curies":[{"name":"wp","href":"https:\/\/api.w.org\/{rel}","templated":true}]}}