{"id":4206,"date":"2023-07-21T20:00:34","date_gmt":"2023-07-21T23:00:34","guid":{"rendered":"https:\/\/autofans.com.ar\/?p=4206"},"modified":"2023-07-21T18:31:54","modified_gmt":"2023-07-21T21:31:54","slug":"volkswagen-presenta-sus-novedades-en-la-exposicion-rural-2023-alineadas-con-la-estrategia-way-to-zero","status":"publish","type":"post","link":"https:\/\/autofans.com.ar\/index.php\/2023\/07\/21\/volkswagen-presenta-sus-novedades-en-la-exposicion-rural-2023-alineadas-con-la-estrategia-way-to-zero\/","title":{"rendered":"Volkswagen presenta sus novedades en la Exposici\u00f3n Rural 2023 alineadas con la estrategia Way to Zero"},"content":{"rendered":"<h2>Novedades y Experiencia Way to Zero<\/h2>\n<p>Volkswagen regresa a la 135\u00aa edici\u00f3n de la Exposici\u00f3n Rural, donde exhibir\u00e1 sus \u00faltimas novedades, incluyendo el Nuevo Polo Track, Vento GLI, Tiguan Allspace, Amarok y Taos. La marca tambi\u00e9n sorprender\u00e1 con un espacio \u00abKids\u00bb junto a Shell y la presencia del Volkswagen Meteor. Adem\u00e1s, en materia de Postventa, mostrar\u00e1 una Unidad de Servicio M\u00f3vil y la colecci\u00f3n de Bicicletas Volkswagen. Los interesados podr\u00e1n adquirir los productos de la colecci\u00f3n de accesorios Lifestyle a trav\u00e9s de la tienda oficial de Mercado Libre. La empresa ofrecer\u00e1 informaci\u00f3n sobre los Contratos de Mantenimiento con financiaci\u00f3n en cuotas sin inter\u00e9s. Volkswagen Camiones y Buses se suma a la exposici\u00f3n con el extrapesado Meteor y una divertida acci\u00f3n en Instagram. Volkswagen Financial Services presentar\u00e1 atractivas opciones de financiamiento para diferentes modelos.<br \/>\n<div id='gallery-1' class='gallery galleryid-4206 gallery-columns-4 gallery-size-full'><figure class='gallery-item'>\n\t\t\t<div class='gallery-icon landscape'>\n\t\t\t\t<a href='https:\/\/autofans.com.ar\/index.php\/2023\/07\/21\/volkswagen-presenta-sus-novedades-en-la-exposicion-rural-2023-alineadas-con-la-estrategia-way-to-zero\/foto-2-216\/'><img loading=\"lazy\" width=\"1000\" height=\"667\" src=\"https:\/\/autofans.com.ar\/wp-content\/uploads\/2023\/07\/foto-2-40.jpg\" class=\"attachment-full size-full\" alt=\"Volkswagen la rural\" srcset=\"https:\/\/autofans.com.ar\/wp-content\/uploads\/2023\/07\/foto-2-40.jpg 1000w, https:\/\/autofans.com.ar\/wp-content\/uploads\/2023\/07\/foto-2-40-300x200.jpg 300w, https:\/\/autofans.com.ar\/wp-content\/uploads\/2023\/07\/foto-2-40-768x512.jpg 768w\" sizes=\"auto, (max-width: 1000px) 100vw, 1000px\" loading=\"lazy\" decoding=\"async\" \/><\/a>\n\t\t\t<\/div><\/figure><figure class='gallery-item'>\n\t\t\t<div class='gallery-icon landscape'>\n\t\t\t\t<a href='https:\/\/autofans.com.ar\/index.php\/2023\/07\/21\/volkswagen-presenta-sus-novedades-en-la-exposicion-rural-2023-alineadas-con-la-estrategia-way-to-zero\/foto-6-50\/'><img loading=\"lazy\" width=\"1000\" height=\"667\" src=\"https:\/\/autofans.com.ar\/wp-content\/uploads\/2023\/07\/foto-6-4.jpg\" class=\"attachment-full size-full\" alt=\"Volkswagen la rural\" srcset=\"https:\/\/autofans.com.ar\/wp-content\/uploads\/2023\/07\/foto-6-4.jpg 1000w, https:\/\/autofans.com.ar\/wp-content\/uploads\/2023\/07\/foto-6-4-300x200.jpg 300w, https:\/\/autofans.com.ar\/wp-content\/uploads\/2023\/07\/foto-6-4-768x512.jpg 768w\" sizes=\"auto, (max-width: 1000px) 100vw, 1000px\" loading=\"lazy\" decoding=\"async\" \/><\/a>\n\t\t\t<\/div><\/figure><figure class='gallery-item'>\n\t\t\t<div class='gallery-icon landscape'>\n\t\t\t\t<a href='https:\/\/autofans.com.ar\/index.php\/2023\/07\/21\/volkswagen-presenta-sus-novedades-en-la-exposicion-rural-2023-alineadas-con-la-estrategia-way-to-zero\/foto-1-222\/'><img loading=\"lazy\" width=\"1000\" height=\"667\" src=\"https:\/\/autofans.com.ar\/wp-content\/uploads\/2023\/07\/foto-1-40.jpg\" class=\"attachment-full size-full\" alt=\"Volkswagen la rural\" srcset=\"https:\/\/autofans.com.ar\/wp-content\/uploads\/2023\/07\/foto-1-40.jpg 1000w, https:\/\/autofans.com.ar\/wp-content\/uploads\/2023\/07\/foto-1-40-300x200.jpg 300w, https:\/\/autofans.com.ar\/wp-content\/uploads\/2023\/07\/foto-1-40-768x512.jpg 768w\" sizes=\"auto, (max-width: 1000px) 100vw, 1000px\" loading=\"lazy\" decoding=\"async\" \/><\/a>\n\t\t\t<\/div><\/figure><figure class='gallery-item'>\n\t\t\t<div class='gallery-icon landscape'>\n\t\t\t\t<a href='https:\/\/autofans.com.ar\/index.php\/2023\/07\/21\/volkswagen-presenta-sus-novedades-en-la-exposicion-rural-2023-alineadas-con-la-estrategia-way-to-zero\/foto-4-131\/'><img loading=\"lazy\" width=\"1000\" height=\"667\" src=\"https:\/\/autofans.com.ar\/wp-content\/uploads\/2023\/07\/foto-4-24.jpg\" class=\"attachment-full size-full\" alt=\"Volkswagen la rural\" srcset=\"https:\/\/autofans.com.ar\/wp-content\/uploads\/2023\/07\/foto-4-24.jpg 1000w, https:\/\/autofans.com.ar\/wp-content\/uploads\/2023\/07\/foto-4-24-300x200.jpg 300w, https:\/\/autofans.com.ar\/wp-content\/uploads\/2023\/07\/foto-4-24-768x512.jpg 768w\" sizes=\"auto, (max-width: 1000px) 100vw, 1000px\" loading=\"lazy\" decoding=\"async\" \/><\/a>\n\t\t\t<\/div><\/figure>\n\t\t<\/div>\n<\/p>\n<h2><\/h2>\n<p>&nbsp;<\/p>\n<h2>Descubr\u00ed la Movilidad Sostenible<\/h2>\n<p>Volkswagen, la reconocida marca automotriz, estar\u00e1 presente en la 135\u00aa edici\u00f3n de la Exposici\u00f3n Rural, una de las ferias m\u00e1s emblem\u00e1ticas de la industria agropecuaria argentina que se llevar\u00e1 a cabo del 20 al 30 de julio en Palermo. El stand de Volkswagen, completamente renovado, destacar\u00e1 la estrategia Way to Zero, enfocada en la movilidad sostenible.<\/p>\n<p>Entre las atracciones m\u00e1s destacadas, los visitantes tendr\u00e1n la oportunidad de conocer el Nuevo Polo Track, el nuevo modelo de entrada de gama de la marca VW. Adem\u00e1s, podr\u00e1n admirar los Vento GLI y Tiguan Allspace, junto con los populares veh\u00edculos de producci\u00f3n nacional, Amarok y Taos. Sin olvidar la presencia del Volkswagen Meteor, el imponente cami\u00f3n extrapesado que ha revolucionado el transporte de carga.<\/p>\n<p>Junto a Shell, Volkswagen ha preparado un fascinante espacio \u00abKids\u00bb, una experiencia virtual donde los ni\u00f1os podr\u00e1n demostrar sus habilidades al volante a bordo de un Volkswagen Taos y obtener una licencia de \u00abEco Driver\u00bb en papel reciclado. La interacci\u00f3n con los m\u00e1s peque\u00f1os ser\u00e1 sin duda una de las actividades m\u00e1s entretenidas de la exposici\u00f3n.<\/p>\n<h2><\/h2>\n<p>&nbsp;<\/p>\n<h2><img fetchpriority=\"high\" decoding=\"async\" class=\"aligncenter wp-image-4210 size-full\" src=\"https:\/\/autofans.com.ar\/wp-content\/uploads\/2023\/07\/foto-5-10.jpg\" alt=\"Volkswagen la rural\" width=\"1000\" height=\"667\" srcset=\"https:\/\/autofans.com.ar\/wp-content\/uploads\/2023\/07\/foto-5-10.jpg 1000w, https:\/\/autofans.com.ar\/wp-content\/uploads\/2023\/07\/foto-5-10-300x200.jpg 300w, https:\/\/autofans.com.ar\/wp-content\/uploads\/2023\/07\/foto-5-10-768x512.jpg 768w\" sizes=\"(max-width: 1000px) 100vw, 1000px\" \/><\/h2>\n<p>&nbsp;<\/p>\n<h2><\/h2>\n<h2>Bicicletas Volkswagen, Tecnolog\u00eda y Estilo<\/h2>\n<p>Adem\u00e1s, en el \u00e1rea de Postventa, Volkswagen exhibir\u00e1 su innovadora Unidad de Servicio M\u00f3vil. Se trata de camionetas Amarok transformadas en talleres m\u00f3viles que ofrecen asistencia remota, brindando servicios de mantenimiento, cambio de frenos, distribuci\u00f3n y colocaci\u00f3n de accesorios, directamente en el domicilio de los clientes particulares y empresas de flotas Volkswagen.<\/p>\n<p>Los amantes del ciclismo tambi\u00e9n encontrar\u00e1n algo especial en el stand, ya que Volkswagen presentar\u00e1 su colecci\u00f3n de Bicicletas Volkswagen. Estas bicicletas, de producci\u00f3n local, comparten los valores de la marca, ofreciendo tecnolog\u00eda, dise\u00f1o vanguardista y materiales de primera calidad. Los interesados podr\u00e1n adquirir estos modelos en la red de concesionarios oficiales.<\/p>\n<h2><\/h2>\n<p>&nbsp;<\/p>\n<h2><img decoding=\"async\" class=\"aligncenter wp-image-4208 size-full\" src=\"https:\/\/autofans.com.ar\/wp-content\/uploads\/2023\/07\/foto-7-3.jpg\" alt=\"Volkswagen la rural\" width=\"1000\" height=\"667\" srcset=\"https:\/\/autofans.com.ar\/wp-content\/uploads\/2023\/07\/foto-7-3.jpg 1000w, https:\/\/autofans.com.ar\/wp-content\/uploads\/2023\/07\/foto-7-3-300x200.jpg 300w, https:\/\/autofans.com.ar\/wp-content\/uploads\/2023\/07\/foto-7-3-768x512.jpg 768w\" sizes=\"(max-width: 1000px) 100vw, 1000px\" \/><\/h2>\n<h2><\/h2>\n<p>&nbsp;<\/p>\n<h2>Bonificaciones y Contratos Especiales<\/h2>\n<p>Adem\u00e1s, los asistentes podr\u00e1n descubrir y adquirir productos de la colecci\u00f3n de accesorios Lifestyle de la marca a trav\u00e9s de la tienda oficial de Mercado Libre, accediendo f\u00e1cilmente escaneando el c\u00f3digo QR disponible en el predio del stand.<\/p>\n<p>Como parte de su estrategia de servicio al cliente, Volkswagen ofrecer\u00e1 el primer servicio de mantenimiento bonificado en todos los modelos desde serie. Adem\u00e1s, brindar\u00e1 informaci\u00f3n sobre los Contratos de Mantenimiento, que incluyen los primeros 3 Servicios de Mantenimiento Programado con financiaci\u00f3n en cuotas sin inter\u00e9s al pagar con tarjetas de cr\u00e9dito Visa, Mastercard y Cabal.<\/p>\n<p>En la Exposici\u00f3n Rural Volkswagen Camiones y Buses tambi\u00e9n formar\u00e1 parte de la exposici\u00f3n, presentando su veh\u00edculo estrella, el extrapesado Meteor. Para involucrar a los m\u00e1s peque\u00f1os, han lanzado la acci\u00f3n \u00ab#MeteorExtraDivertido\u00bb en Instagram @vwcamionesbuses, donde se premiar\u00e1 diariamente la foto m\u00e1s votada, y el ganador recibir\u00e1 un \u00abKit VW Camiones y Buses\u00bb para compartir en familia.<\/p>\n<p>Por \u00faltimo, Volkswagen Financial Services ofrecer\u00e1 atractivos productos financieros para toda la gama de veh\u00edculos, incluyendo opciones especiales de financiamiento para modelos como Amarok V6 Comfortline, Taos, Nuevo Polo Track, T-Cross y Nivus.<\/p>\n<p>No te pierdas esta oportunidad \u00fanica de descubrir las \u00faltimas novedades de Volkswagen en la Exposici\u00f3n Rural 2023 y sumergirte en la experiencia Way to Zero de la marca l\u00edder en el segmento automotor.<\/p>\n<p>&nbsp;<\/p>\n<p><i>Para enterarte de m\u00e1s novedades, no dejes de leer\u00a0<\/i><a href=\"https:\/\/autofans.thebrandsoup.com\/\"><i>nuestras notas<\/i><\/a><i>, de ver<\/i><b><i>\u00a0<\/i><\/b><a href=\"https:\/\/www.youtube.com\/channel\/UCgAC8UGHZYbT6P7PpmVnP7g\"><b><i>AUTOFANS TV<\/i><\/b><\/a><b><i>\u00a0<\/i><\/b><i>en nuestro\u00a0canal de Youtube. Adem\u00e1s seguinos en\u00a0<\/i><a href=\"https:\/\/www.instagram.com\/autofanstv\/\"><i>INSTAGRAM<\/i><\/a><i> y <\/i><a href=\"https:\/\/www.facebook.com\/autofansmas\/\"><i>FACEBOOK<\/i><\/a><i> para no perderte nada sobre las novedades del segmento automotor de Argentina y el mundo. <\/i><\/p>\n","protected":false},"excerpt":{"rendered":"<p>Novedades y Experiencia Way to Zero Volkswagen regresa a la 135\u00aa edici\u00f3n de la Exposici\u00f3n&#8230;<\/p>\n","protected":false},"author":2,"featured_media":4212,"comment_status":"closed","ping_status":"closed","sticky":false,"template":"","format":"standard","meta":{"footnotes":""},"categories":[3,341,16,5],"tags":[2076,883,2075,2073,2077,2074,974,382,2078,793],"class_list":["post-4206","post","type-post","status-publish","format-standard","has-post-thumbnail","hentry","category-autos","category-hibridos-y-electricos","category-noticias","category-otros","tag-accesorios-lifestyle-volkswagen","tag-amarok","tag-bicicletas-volkswagen","tag-exposicion-rural-2023","tag-financiamiento-volkswagen","tag-nuevo-polo-track","tag-vento-gli","tag-volkswagen","tag-volkswagen-financial-services","tag-volkswagen-meteor"],"yoast_head":"<!-- This site is optimized with the Yoast SEO plugin v27.5 - https:\/\/yoast.com\/product\/yoast-seo-wordpress\/ -->\n<title>Volkswagen presenta sus novedades en la Exposici\u00f3n Rural 2023 alineadas con la estrategia Way to Zero -<\/title>\n<meta name=\"description\" content=\"Volkswagen regresa a la 135\u00aa edici\u00f3n de la Exposici\u00f3n Rural, donde exhibir\u00e1 el Nuevo Polo Track, Vento GLI, Tiguan Allspace, Amarok y Taos...\" \/>\n<meta name=\"robots\" content=\"index, follow, max-snippet:-1, max-image-preview:large, max-video-preview:-1\" \/>\n<link rel=\"canonical\" href=\"https:\/\/autofans.com.ar\/index.php\/2023\/07\/21\/volkswagen-presenta-sus-novedades-en-la-exposicion-rural-2023-alineadas-con-la-estrategia-way-to-zero\/\" \/>\n<meta property=\"og:locale\" content=\"es_ES\" \/>\n<meta property=\"og:type\" content=\"article\" \/>\n<meta property=\"og:title\" content=\"Volkswagen presenta sus novedades en la Exposici\u00f3n Rural 2023 alineadas con la estrategia Way to Zero -\" \/>\n<meta property=\"og:description\" content=\"Volkswagen regresa a la 135\u00aa edici\u00f3n de la Exposici\u00f3n Rural, donde exhibir\u00e1 el Nuevo Polo Track, Vento GLI, Tiguan Allspace, Amarok y Taos...\" \/>\n<meta property=\"og:url\" content=\"https:\/\/autofans.com.ar\/index.php\/2023\/07\/21\/volkswagen-presenta-sus-novedades-en-la-exposicion-rural-2023-alineadas-con-la-estrategia-way-to-zero\/\" \/>\n<meta property=\"article:published_time\" content=\"2023-07-21T23:00:34+00:00\" \/>\n<meta property=\"og:image\" content=\"https:\/\/autofans.com.ar\/wp-content\/uploads\/2023\/07\/foto-3-34.jpg\" \/>\n\t<meta property=\"og:image:width\" content=\"1000\" \/>\n\t<meta property=\"og:image:height\" content=\"667\" \/>\n\t<meta property=\"og:image:type\" content=\"image\/jpeg\" \/>\n<meta name=\"author\" content=\"Alejandro Gabriel Rosito\" \/>\n<meta name=\"twitter:card\" content=\"summary_large_image\" \/>\n<meta name=\"twitter:label1\" content=\"Escrito por\" \/>\n\t<meta name=\"twitter:data1\" content=\"Alejandro Gabriel Rosito\" \/>\n\t<meta name=\"twitter:label2\" content=\"Tiempo de lectura\" \/>\n\t<meta name=\"twitter:data2\" content=\"4 minutos\" \/>\n<script type=\"application\/ld+json\" class=\"yoast-schema-graph\">{\"@context\":\"https:\\\/\\\/schema.org\",\"@graph\":[{\"@type\":\"Article\",\"@id\":\"https:\\\/\\\/autofans.com.ar\\\/index.php\\\/2023\\\/07\\\/21\\\/volkswagen-presenta-sus-novedades-en-la-exposicion-rural-2023-alineadas-con-la-estrategia-way-to-zero\\\/#article\",\"isPartOf\":{\"@id\":\"https:\\\/\\\/autofans.com.ar\\\/index.php\\\/2023\\\/07\\\/21\\\/volkswagen-presenta-sus-novedades-en-la-exposicion-rural-2023-alineadas-con-la-estrategia-way-to-zero\\\/\"},\"author\":{\"name\":\"Alejandro Gabriel Rosito\",\"@id\":\"https:\\\/\\\/autofans.com.ar\\\/#\\\/schema\\\/person\\\/4a8dda0b6df83ac3d6723e921274c2aa\"},\"headline\":\"Volkswagen presenta sus novedades en la Exposici\u00f3n Rural 2023 alineadas con la estrategia Way to Zero\",\"datePublished\":\"2023-07-21T23:00:34+00:00\",\"mainEntityOfPage\":{\"@id\":\"https:\\\/\\\/autofans.com.ar\\\/index.php\\\/2023\\\/07\\\/21\\\/volkswagen-presenta-sus-novedades-en-la-exposicion-rural-2023-alineadas-con-la-estrategia-way-to-zero\\\/\"},\"wordCount\":776,\"image\":{\"@id\":\"https:\\\/\\\/autofans.com.ar\\\/index.php\\\/2023\\\/07\\\/21\\\/volkswagen-presenta-sus-novedades-en-la-exposicion-rural-2023-alineadas-con-la-estrategia-way-to-zero\\\/#primaryimage\"},\"thumbnailUrl\":\"https:\\\/\\\/autofans.com.ar\\\/wp-content\\\/uploads\\\/2023\\\/07\\\/foto-3-34.jpg\",\"keywords\":[\"Accesorios Lifestyle Volkswagen\",\"Amarok\",\"Bicicletas Volkswagen\",\"Exposici\u00f3n Rural 2023\",\"Financiamiento Volkswagen\",\"Nuevo Polo Track\",\"Vento GLI\",\"Volkswagen\",\"Volkswagen Financial Services\",\"Volkswagen Meteor\"],\"articleSection\":[\"AUTOS y SUV\",\"HIBRIDOS, ELECTRICOS y otros\",\"NOTICIAS\",\"PICK UPs, UTILITARIOS Y OTROS\"],\"inLanguage\":\"es\"},{\"@type\":\"WebPage\",\"@id\":\"https:\\\/\\\/autofans.com.ar\\\/index.php\\\/2023\\\/07\\\/21\\\/volkswagen-presenta-sus-novedades-en-la-exposicion-rural-2023-alineadas-con-la-estrategia-way-to-zero\\\/\",\"url\":\"https:\\\/\\\/autofans.com.ar\\\/index.php\\\/2023\\\/07\\\/21\\\/volkswagen-presenta-sus-novedades-en-la-exposicion-rural-2023-alineadas-con-la-estrategia-way-to-zero\\\/\",\"name\":\"Volkswagen presenta sus novedades en la Exposici\u00f3n Rural 2023 alineadas con la estrategia Way to Zero -\",\"isPartOf\":{\"@id\":\"https:\\\/\\\/autofans.com.ar\\\/#website\"},\"primaryImageOfPage\":{\"@id\":\"https:\\\/\\\/autofans.com.ar\\\/index.php\\\/2023\\\/07\\\/21\\\/volkswagen-presenta-sus-novedades-en-la-exposicion-rural-2023-alineadas-con-la-estrategia-way-to-zero\\\/#primaryimage\"},\"image\":{\"@id\":\"https:\\\/\\\/autofans.com.ar\\\/index.php\\\/2023\\\/07\\\/21\\\/volkswagen-presenta-sus-novedades-en-la-exposicion-rural-2023-alineadas-con-la-estrategia-way-to-zero\\\/#primaryimage\"},\"thumbnailUrl\":\"https:\\\/\\\/autofans.com.ar\\\/wp-content\\\/uploads\\\/2023\\\/07\\\/foto-3-34.jpg\",\"datePublished\":\"2023-07-21T23:00:34+00:00\",\"author\":{\"@id\":\"https:\\\/\\\/autofans.com.ar\\\/#\\\/schema\\\/person\\\/4a8dda0b6df83ac3d6723e921274c2aa\"},\"description\":\"Volkswagen regresa a la 135\u00aa edici\u00f3n de la Exposici\u00f3n Rural, donde exhibir\u00e1 el Nuevo Polo Track, Vento GLI, Tiguan Allspace, Amarok y Taos...\",\"breadcrumb\":{\"@id\":\"https:\\\/\\\/autofans.com.ar\\\/index.php\\\/2023\\\/07\\\/21\\\/volkswagen-presenta-sus-novedades-en-la-exposicion-rural-2023-alineadas-con-la-estrategia-way-to-zero\\\/#breadcrumb\"},\"inLanguage\":\"es\",\"potentialAction\":[{\"@type\":\"ReadAction\",\"target\":[\"https:\\\/\\\/autofans.com.ar\\\/index.php\\\/2023\\\/07\\\/21\\\/volkswagen-presenta-sus-novedades-en-la-exposicion-rural-2023-alineadas-con-la-estrategia-way-to-zero\\\/\"]}]},{\"@type\":\"ImageObject\",\"inLanguage\":\"es\",\"@id\":\"https:\\\/\\\/autofans.com.ar\\\/index.php\\\/2023\\\/07\\\/21\\\/volkswagen-presenta-sus-novedades-en-la-exposicion-rural-2023-alineadas-con-la-estrategia-way-to-zero\\\/#primaryimage\",\"url\":\"https:\\\/\\\/autofans.com.ar\\\/wp-content\\\/uploads\\\/2023\\\/07\\\/foto-3-34.jpg\",\"contentUrl\":\"https:\\\/\\\/autofans.com.ar\\\/wp-content\\\/uploads\\\/2023\\\/07\\\/foto-3-34.jpg\",\"width\":1000,\"height\":667,\"caption\":\"Volkswagen la rural\"},{\"@type\":\"BreadcrumbList\",\"@id\":\"https:\\\/\\\/autofans.com.ar\\\/index.php\\\/2023\\\/07\\\/21\\\/volkswagen-presenta-sus-novedades-en-la-exposicion-rural-2023-alineadas-con-la-estrategia-way-to-zero\\\/#breadcrumb\",\"itemListElement\":[{\"@type\":\"ListItem\",\"position\":1,\"name\":\"Inicio\",\"item\":\"https:\\\/\\\/autofans.com.ar\\\/\"},{\"@type\":\"ListItem\",\"position\":2,\"name\":\"Volkswagen presenta sus novedades en la Exposici\u00f3n Rural 2023 alineadas con la estrategia Way to Zero\"}]},{\"@type\":\"WebSite\",\"@id\":\"https:\\\/\\\/autofans.com.ar\\\/#website\",\"url\":\"https:\\\/\\\/autofans.com.ar\\\/\",\"name\":\"\",\"description\":\"El multimedio referente de la industria automotriz\",\"potentialAction\":[{\"@type\":\"SearchAction\",\"target\":{\"@type\":\"EntryPoint\",\"urlTemplate\":\"https:\\\/\\\/autofans.com.ar\\\/?s={search_term_string}\"},\"query-input\":{\"@type\":\"PropertyValueSpecification\",\"valueRequired\":true,\"valueName\":\"search_term_string\"}}],\"inLanguage\":\"es\"},{\"@type\":\"Person\",\"@id\":\"https:\\\/\\\/autofans.com.ar\\\/#\\\/schema\\\/person\\\/4a8dda0b6df83ac3d6723e921274c2aa\",\"name\":\"Alejandro Gabriel Rosito\",\"image\":{\"@type\":\"ImageObject\",\"inLanguage\":\"es\",\"@id\":\"https:\\\/\\\/secure.gravatar.com\\\/avatar\\\/16c5dda1489adfc62618084dcbb91cffd879c374b13fe5dd8e44ed6733852c88?s=96&d=mm&r=g\",\"url\":\"https:\\\/\\\/secure.gravatar.com\\\/avatar\\\/16c5dda1489adfc62618084dcbb91cffd879c374b13fe5dd8e44ed6733852c88?s=96&d=mm&r=g\",\"contentUrl\":\"https:\\\/\\\/secure.gravatar.com\\\/avatar\\\/16c5dda1489adfc62618084dcbb91cffd879c374b13fe5dd8e44ed6733852c88?s=96&d=mm&r=g\",\"caption\":\"Alejandro Gabriel Rosito\"},\"url\":\"https:\\\/\\\/autofans.com.ar\\\/index.php\\\/author\\\/gabrielr\\\/\"}]}<\/script>\n<!-- \/ Yoast SEO plugin. -->","yoast_head_json":{"title":"Volkswagen presenta sus novedades en la Exposici\u00f3n Rural 2023 alineadas con la estrategia Way to Zero -","description":"Volkswagen regresa a la 135\u00aa edici\u00f3n de la Exposici\u00f3n Rural, donde exhibir\u00e1 el Nuevo Polo Track, Vento GLI, Tiguan Allspace, Amarok y Taos...","robots":{"index":"index","follow":"follow","max-snippet":"max-snippet:-1","max-image-preview":"max-image-preview:large","max-video-preview":"max-video-preview:-1"},"canonical":"https:\/\/autofans.com.ar\/index.php\/2023\/07\/21\/volkswagen-presenta-sus-novedades-en-la-exposicion-rural-2023-alineadas-con-la-estrategia-way-to-zero\/","og_locale":"es_ES","og_type":"article","og_title":"Volkswagen presenta sus novedades en la Exposici\u00f3n Rural 2023 alineadas con la estrategia Way to Zero -","og_description":"Volkswagen regresa a la 135\u00aa edici\u00f3n de la Exposici\u00f3n Rural, donde exhibir\u00e1 el Nuevo Polo Track, Vento GLI, Tiguan Allspace, Amarok y Taos...","og_url":"https:\/\/autofans.com.ar\/index.php\/2023\/07\/21\/volkswagen-presenta-sus-novedades-en-la-exposicion-rural-2023-alineadas-con-la-estrategia-way-to-zero\/","article_published_time":"2023-07-21T23:00:34+00:00","og_image":[{"width":1000,"height":667,"url":"https:\/\/autofans.com.ar\/wp-content\/uploads\/2023\/07\/foto-3-34.jpg","type":"image\/jpeg"}],"author":"Alejandro Gabriel Rosito","twitter_card":"summary_large_image","twitter_misc":{"Escrito por":"Alejandro Gabriel Rosito","Tiempo de lectura":"4 minutos"},"schema":{"@context":"https:\/\/schema.org","@graph":[{"@type":"Article","@id":"https:\/\/autofans.com.ar\/index.php\/2023\/07\/21\/volkswagen-presenta-sus-novedades-en-la-exposicion-rural-2023-alineadas-con-la-estrategia-way-to-zero\/#article","isPartOf":{"@id":"https:\/\/autofans.com.ar\/index.php\/2023\/07\/21\/volkswagen-presenta-sus-novedades-en-la-exposicion-rural-2023-alineadas-con-la-estrategia-way-to-zero\/"},"author":{"name":"Alejandro Gabriel Rosito","@id":"https:\/\/autofans.com.ar\/#\/schema\/person\/4a8dda0b6df83ac3d6723e921274c2aa"},"headline":"Volkswagen presenta sus novedades en la Exposici\u00f3n Rural 2023 alineadas con la estrategia Way to Zero","datePublished":"2023-07-21T23:00:34+00:00","mainEntityOfPage":{"@id":"https:\/\/autofans.com.ar\/index.php\/2023\/07\/21\/volkswagen-presenta-sus-novedades-en-la-exposicion-rural-2023-alineadas-con-la-estrategia-way-to-zero\/"},"wordCount":776,"image":{"@id":"https:\/\/autofans.com.ar\/index.php\/2023\/07\/21\/volkswagen-presenta-sus-novedades-en-la-exposicion-rural-2023-alineadas-con-la-estrategia-way-to-zero\/#primaryimage"},"thumbnailUrl":"https:\/\/autofans.com.ar\/wp-content\/uploads\/2023\/07\/foto-3-34.jpg","keywords":["Accesorios Lifestyle Volkswagen","Amarok","Bicicletas Volkswagen","Exposici\u00f3n Rural 2023","Financiamiento Volkswagen","Nuevo Polo Track","Vento GLI","Volkswagen","Volkswagen Financial Services","Volkswagen Meteor"],"articleSection":["AUTOS y SUV","HIBRIDOS, ELECTRICOS y otros","NOTICIAS","PICK UPs, UTILITARIOS Y OTROS"],"inLanguage":"es"},{"@type":"WebPage","@id":"https:\/\/autofans.com.ar\/index.php\/2023\/07\/21\/volkswagen-presenta-sus-novedades-en-la-exposicion-rural-2023-alineadas-con-la-estrategia-way-to-zero\/","url":"https:\/\/autofans.com.ar\/index.php\/2023\/07\/21\/volkswagen-presenta-sus-novedades-en-la-exposicion-rural-2023-alineadas-con-la-estrategia-way-to-zero\/","name":"Volkswagen presenta sus novedades en la Exposici\u00f3n Rural 2023 alineadas con la estrategia Way to Zero -","isPartOf":{"@id":"https:\/\/autofans.com.ar\/#website"},"primaryImageOfPage":{"@id":"https:\/\/autofans.com.ar\/index.php\/2023\/07\/21\/volkswagen-presenta-sus-novedades-en-la-exposicion-rural-2023-alineadas-con-la-estrategia-way-to-zero\/#primaryimage"},"image":{"@id":"https:\/\/autofans.com.ar\/index.php\/2023\/07\/21\/volkswagen-presenta-sus-novedades-en-la-exposicion-rural-2023-alineadas-con-la-estrategia-way-to-zero\/#primaryimage"},"thumbnailUrl":"https:\/\/autofans.com.ar\/wp-content\/uploads\/2023\/07\/foto-3-34.jpg","datePublished":"2023-07-21T23:00:34+00:00","author":{"@id":"https:\/\/autofans.com.ar\/#\/schema\/person\/4a8dda0b6df83ac3d6723e921274c2aa"},"description":"Volkswagen regresa a la 135\u00aa edici\u00f3n de la Exposici\u00f3n Rural, donde exhibir\u00e1 el Nuevo Polo Track, Vento GLI, Tiguan Allspace, Amarok y Taos...","breadcrumb":{"@id":"https:\/\/autofans.com.ar\/index.php\/2023\/07\/21\/volkswagen-presenta-sus-novedades-en-la-exposicion-rural-2023-alineadas-con-la-estrategia-way-to-zero\/#breadcrumb"},"inLanguage":"es","potentialAction":[{"@type":"ReadAction","target":["https:\/\/autofans.com.ar\/index.php\/2023\/07\/21\/volkswagen-presenta-sus-novedades-en-la-exposicion-rural-2023-alineadas-con-la-estrategia-way-to-zero\/"]}]},{"@type":"ImageObject","inLanguage":"es","@id":"https:\/\/autofans.com.ar\/index.php\/2023\/07\/21\/volkswagen-presenta-sus-novedades-en-la-exposicion-rural-2023-alineadas-con-la-estrategia-way-to-zero\/#primaryimage","url":"https:\/\/autofans.com.ar\/wp-content\/uploads\/2023\/07\/foto-3-34.jpg","contentUrl":"https:\/\/autofans.com.ar\/wp-content\/uploads\/2023\/07\/foto-3-34.jpg","width":1000,"height":667,"caption":"Volkswagen la rural"},{"@type":"BreadcrumbList","@id":"https:\/\/autofans.com.ar\/index.php\/2023\/07\/21\/volkswagen-presenta-sus-novedades-en-la-exposicion-rural-2023-alineadas-con-la-estrategia-way-to-zero\/#breadcrumb","itemListElement":[{"@type":"ListItem","position":1,"name":"Inicio","item":"https:\/\/autofans.com.ar\/"},{"@type":"ListItem","position":2,"name":"Volkswagen presenta sus novedades en la Exposici\u00f3n Rural 2023 alineadas con la estrategia Way to Zero"}]},{"@type":"WebSite","@id":"https:\/\/autofans.com.ar\/#website","url":"https:\/\/autofans.com.ar\/","name":"","description":"El multimedio referente de la industria automotriz","potentialAction":[{"@type":"SearchAction","target":{"@type":"EntryPoint","urlTemplate":"https:\/\/autofans.com.ar\/?s={search_term_string}"},"query-input":{"@type":"PropertyValueSpecification","valueRequired":true,"valueName":"search_term_string"}}],"inLanguage":"es"},{"@type":"Person","@id":"https:\/\/autofans.com.ar\/#\/schema\/person\/4a8dda0b6df83ac3d6723e921274c2aa","name":"Alejandro Gabriel Rosito","image":{"@type":"ImageObject","inLanguage":"es","@id":"https:\/\/secure.gravatar.com\/avatar\/16c5dda1489adfc62618084dcbb91cffd879c374b13fe5dd8e44ed6733852c88?s=96&d=mm&r=g","url":"https:\/\/secure.gravatar.com\/avatar\/16c5dda1489adfc62618084dcbb91cffd879c374b13fe5dd8e44ed6733852c88?s=96&d=mm&r=g","contentUrl":"https:\/\/secure.gravatar.com\/avatar\/16c5dda1489adfc62618084dcbb91cffd879c374b13fe5dd8e44ed6733852c88?s=96&d=mm&r=g","caption":"Alejandro Gabriel Rosito"},"url":"https:\/\/autofans.com.ar\/index.php\/author\/gabrielr\/"}]}},"featured_image_urls":{"full":["https:\/\/autofans.com.ar\/wp-content\/uploads\/2023\/07\/foto-3-34.jpg",1000,667,false],"thumbnail":["https:\/\/autofans.com.ar\/wp-content\/uploads\/2023\/07\/foto-3-34-150x150.jpg",150,150,true],"medium":["https:\/\/autofans.com.ar\/wp-content\/uploads\/2023\/07\/foto-3-34-300x200.jpg",300,200,true],"medium_large":["https:\/\/autofans.com.ar\/wp-content\/uploads\/2023\/07\/foto-3-34-768x512.jpg",640,427,true],"large":["https:\/\/autofans.com.ar\/wp-content\/uploads\/2023\/07\/foto-3-34.jpg",640,427,false],"1536x1536":["https:\/\/autofans.com.ar\/wp-content\/uploads\/2023\/07\/foto-3-34.jpg",1000,667,false],"2048x2048":["https:\/\/autofans.com.ar\/wp-content\/uploads\/2023\/07\/foto-3-34.jpg",1000,667,false],"covernews-featured":["https:\/\/autofans.com.ar\/wp-content\/uploads\/2023\/07\/foto-3-34.jpg",1000,667,false],"covernews-medium":["https:\/\/autofans.com.ar\/wp-content\/uploads\/2023\/07\/foto-3-34-540x340.jpg",540,340,true]},"author_info":{"display_name":"Alejandro Gabriel Rosito","author_link":"https:\/\/autofans.com.ar\/index.php\/author\/gabrielr\/"},"category_info":"<a href=\"https:\/\/autofans.com.ar\/index.php\/category\/noticias\/autos\/\" rel=\"category tag\">AUTOS y SUV<\/a> <a href=\"https:\/\/autofans.com.ar\/index.php\/category\/noticias\/hibridos-y-electricos\/\" rel=\"category tag\">HIBRIDOS, ELECTRICOS y otros<\/a> <a href=\"https:\/\/autofans.com.ar\/index.php\/category\/noticias\/\" rel=\"category tag\">NOTICIAS<\/a> <a href=\"https:\/\/autofans.com.ar\/index.php\/category\/noticias\/otros\/\" rel=\"category tag\">PICK UPs, UTILITARIOS Y OTROS<\/a>","tag_info":"PICK UPs, UTILITARIOS Y OTROS","comment_count":0,"_links":{"self":[{"href":"https:\/\/autofans.com.ar\/index.php\/wp-json\/wp\/v2\/posts\/4206","targetHints":{"allow":["GET"]}}],"collection":[{"href":"https:\/\/autofans.com.ar\/index.php\/wp-json\/wp\/v2\/posts"}],"about":[{"href":"https:\/\/autofans.com.ar\/index.php\/wp-json\/wp\/v2\/types\/post"}],"author":[{"embeddable":true,"href":"https:\/\/autofans.com.ar\/index.php\/wp-json\/wp\/v2\/users\/2"}],"replies":[{"embeddable":true,"href":"https:\/\/autofans.com.ar\/index.php\/wp-json\/wp\/v2\/comments?post=4206"}],"version-history":[{"count":5,"href":"https:\/\/autofans.com.ar\/index.php\/wp-json\/wp\/v2\/posts\/4206\/revisions"}],"predecessor-version":[{"id":4218,"href":"https:\/\/autofans.com.ar\/index.php\/wp-json\/wp\/v2\/posts\/4206\/revisions\/4218"}],"wp:featuredmedia":[{"embeddable":true,"href":"https:\/\/autofans.com.ar\/index.php\/wp-json\/wp\/v2\/media\/4212"}],"wp:attachment":[{"href":"https:\/\/autofans.com.ar\/index.php\/wp-json\/wp\/v2\/media?parent=4206"}],"wp:term":[{"taxonomy":"category","embeddable":true,"href":"https:\/\/autofans.com.ar\/index.php\/wp-json\/wp\/v2\/categories?post=4206"},{"taxonomy":"post_tag","embeddable":true,"href":"https:\/\/autofans.com.ar\/index.php\/wp-json\/wp\/v2\/tags?post=4206"}],"curies":[{"name":"wp","href":"https:\/\/api.w.org\/{rel}","templated":true}]}}