{"id":4219,"date":"2023-07-24T14:33:29","date_gmt":"2023-07-24T17:33:29","guid":{"rendered":"https:\/\/autofans.com.ar\/?p=4219"},"modified":"2023-07-24T14:33:29","modified_gmt":"2023-07-24T17:33:29","slug":"ram-rampage-la-primera-pickup-disenada-para-latinoamerica","status":"publish","type":"post","link":"https:\/\/autofans.com.ar\/index.php\/2023\/07\/24\/ram-rampage-la-primera-pickup-disenada-para-latinoamerica\/","title":{"rendered":"RAM Rampage: la primera pickup dise\u00f1ada para Latinoam\u00e9rica."},"content":{"rendered":"<p>La nueva pickup Rampage, una leg\u00edtima RAM dise\u00f1ada a medida para Latinoam\u00e9rica, se convierte en el primer veh\u00edculo de la marca desarrollado en la regi\u00f3n. Con un lanzamiento mundial, este modelo se destaca por su contenido tecnol\u00f3gico sin precedentes y un motor Hurricane 4 que lo convierte en el m\u00e1s potente fabricado en Sudam\u00e9rica. Ofreciendo tres versiones distintivas, Laramie, Rebel y R\/T, y un dise\u00f1o cuidadosamente dise\u00f1ado, el Rampage llega para impresionar a los entusiastas de las pickups con su robustez, sofisticaci\u00f3n y tecnolog\u00eda.<\/p>\n<p>&nbsp;<\/p>\n<h2><\/h2>\n<div id='gallery-1' class='gallery galleryid-4219 gallery-columns-3 gallery-size-full'><figure class='gallery-item'>\n\t\t\t<div class='gallery-icon landscape'>\n\t\t\t\t<a href='https:\/\/autofans.com.ar\/index.php\/2023\/07\/24\/ram-rampage-la-primera-pickup-disenada-para-latinoamerica\/foto-3-rt\/'><img loading=\"lazy\" width=\"1000\" height=\"667\" src=\"https:\/\/autofans.com.ar\/wp-content\/uploads\/2023\/07\/foto-3-rt.jpg\" class=\"attachment-full size-full\" alt=\"ram\" aria-describedby=\"gallery-1-4225\" srcset=\"https:\/\/autofans.com.ar\/wp-content\/uploads\/2023\/07\/foto-3-rt.jpg 1000w, https:\/\/autofans.com.ar\/wp-content\/uploads\/2023\/07\/foto-3-rt-300x200.jpg 300w, https:\/\/autofans.com.ar\/wp-content\/uploads\/2023\/07\/foto-3-rt-768x512.jpg 768w\" sizes=\"auto, (max-width: 1000px) 100vw, 1000px\" loading=\"lazy\" decoding=\"async\" \/><\/a>\n\t\t\t<\/div>\n\t\t\t\t<figcaption class='wp-caption-text gallery-caption' id='gallery-1-4225'>\n\t\t\t\tRam Rampage RT\n\t\t\t\t<\/figcaption><\/figure><figure class='gallery-item'>\n\t\t\t<div class='gallery-icon landscape'>\n\t\t\t\t<a href='https:\/\/autofans.com.ar\/index.php\/2023\/07\/24\/ram-rampage-la-primera-pickup-disenada-para-latinoamerica\/foto-5-rebel\/'><img loading=\"lazy\" width=\"1000\" height=\"667\" src=\"https:\/\/autofans.com.ar\/wp-content\/uploads\/2023\/07\/foto-5-rebel.jpg\" class=\"attachment-full size-full\" alt=\"ram\" aria-describedby=\"gallery-1-4223\" srcset=\"https:\/\/autofans.com.ar\/wp-content\/uploads\/2023\/07\/foto-5-rebel.jpg 1000w, https:\/\/autofans.com.ar\/wp-content\/uploads\/2023\/07\/foto-5-rebel-300x200.jpg 300w, https:\/\/autofans.com.ar\/wp-content\/uploads\/2023\/07\/foto-5-rebel-768x512.jpg 768w\" sizes=\"auto, (max-width: 1000px) 100vw, 1000px\" loading=\"lazy\" decoding=\"async\" \/><\/a>\n\t\t\t<\/div>\n\t\t\t\t<figcaption class='wp-caption-text gallery-caption' id='gallery-1-4223'>\n\t\t\t\tRam Rampage Rebel\n\t\t\t\t<\/figcaption><\/figure><figure class='gallery-item'>\n\t\t\t<div class='gallery-icon landscape'>\n\t\t\t\t<a href='https:\/\/autofans.com.ar\/index.php\/2023\/07\/24\/ram-rampage-la-primera-pickup-disenada-para-latinoamerica\/foto-8-laramie\/'><img loading=\"lazy\" width=\"1000\" height=\"667\" src=\"https:\/\/autofans.com.ar\/wp-content\/uploads\/2023\/07\/foto-8-laramie.jpg\" class=\"attachment-full size-full\" alt=\"ram\" aria-describedby=\"gallery-1-4220\" srcset=\"https:\/\/autofans.com.ar\/wp-content\/uploads\/2023\/07\/foto-8-laramie.jpg 1000w, https:\/\/autofans.com.ar\/wp-content\/uploads\/2023\/07\/foto-8-laramie-300x200.jpg 300w, https:\/\/autofans.com.ar\/wp-content\/uploads\/2023\/07\/foto-8-laramie-768x512.jpg 768w\" sizes=\"auto, (max-width: 1000px) 100vw, 1000px\" loading=\"lazy\" decoding=\"async\" \/><\/a>\n\t\t\t<\/div>\n\t\t\t\t<figcaption class='wp-caption-text gallery-caption' id='gallery-1-4220'>\n\t\t\t\tRam Rampage Laramie\n\t\t\t\t<\/figcaption><\/figure>\n\t\t<\/div>\n\n<p>&nbsp;<\/p>\n<h2>DISE\u00d1O<\/h2>\n<p>Dise\u00f1ada en colaboraci\u00f3n entre el Stellantis Design Center de Sudam\u00e9rica y talentosos dise\u00f1adores norteamericanos. Esta camioneta combina la esencia de las RAM 1500, 2500 y 3500 con un toque innovador. Cada versi\u00f3n de Rampage exhibe una identidad \u00fanica, desde el aspecto todoterreno de la Rebel hasta los acabados cromados de la Laramie y el estilo deportivo de la R\/T. Descubre todos los detalles del dise\u00f1o de esta camioneta que ha sido cuidadosamente concebida para cautivar miradas desde cualquier \u00e1ngulo.<\/p>\n<p>&nbsp;<\/p>\n<p><img fetchpriority=\"high\" decoding=\"async\" class=\"aligncenter wp-image-4229 size-full\" src=\"https:\/\/autofans.com.ar\/wp-content\/uploads\/2023\/07\/foto-10.jpg\" alt=\"ram\" width=\"1000\" height=\"667\" srcset=\"https:\/\/autofans.com.ar\/wp-content\/uploads\/2023\/07\/foto-10.jpg 1000w, https:\/\/autofans.com.ar\/wp-content\/uploads\/2023\/07\/foto-10-300x200.jpg 300w, https:\/\/autofans.com.ar\/wp-content\/uploads\/2023\/07\/foto-10-768x512.jpg 768w\" sizes=\"(max-width: 1000px) 100vw, 1000px\" \/><\/p>\n<h2><\/h2>\n<p>&nbsp;<\/p>\n<h2>FORTALEZA<\/h2>\n<p>La Rampage, la pickup m\u00e1s potente fabricada en Sudam\u00e9rica que viene equipada con el moderno motor Hurricane 4, una innovaci\u00f3n en la regi\u00f3n. Gracias a sus 272 CV de potencia y 400 Nm de par motor, esta camioneta ofrece un desempe\u00f1o excepcional y un rendimiento impresionante en todas sus versiones. Descubre las caracter\u00edsticas del motor naftero de cuatro cilindros en l\u00ednea, su tecnolog\u00eda de vanguardia y la eficiencia del Multijet Turbodiesel que tambi\u00e9n se encuentra disponible. Con una transmisi\u00f3n autom\u00e1tica de nueve velocidades y tracci\u00f3n 4&#215;4, Rampage asegura un manejo excepcional en cualquier terreno.<\/p>\n<p>&nbsp;<\/p>\n<h2><img decoding=\"async\" class=\"aligncenter wp-image-4228 size-full\" src=\"https:\/\/autofans.com.ar\/wp-content\/uploads\/2023\/07\/foto-9-rebel.jpg\" alt=\"ram\" width=\"1000\" height=\"667\" srcset=\"https:\/\/autofans.com.ar\/wp-content\/uploads\/2023\/07\/foto-9-rebel.jpg 1000w, https:\/\/autofans.com.ar\/wp-content\/uploads\/2023\/07\/foto-9-rebel-300x200.jpg 300w, https:\/\/autofans.com.ar\/wp-content\/uploads\/2023\/07\/foto-9-rebel-768x512.jpg 768w\" sizes=\"(max-width: 1000px) 100vw, 1000px\" \/><\/h2>\n<h2><\/h2>\n<p>&nbsp;<\/p>\n<h2>CAPACIDAD<\/h2>\n<p>Con una estructura compuesta en un 86% de acero de alta y ultra alta resistencia, esta camioneta est\u00e1 lista para enfrentar cualquier desaf\u00edo en el camino, ya sea en terrenos todoterreno o en carreteras m\u00e1s deportivas. Las suspensiones independientes en las cuatro ruedas y una cuidadosa calibraci\u00f3n proporcionan el m\u00e1ximo confort y estabilidad, sin sacrificar la capacidad de carga. Conoce todos los detalles sobre sus caracter\u00edsticas de manejo y el cuidado especial que se le ha dado al sistema de frenos para garantizar una experiencia de conducci\u00f3n segura y confiable. Adem\u00e1s, su generosa capacidad de carga y amplio espacio de almacenamiento. Lo que la convierten en una opci\u00f3n ideal para transportar cargas pesadas y mantener todo organizado en su espaciosa cabina.<\/p>\n<p>&nbsp;<\/p>\n<h2><\/h2>\n<h2><img decoding=\"async\" class=\"aligncenter wp-image-4226 size-full\" src=\"https:\/\/autofans.com.ar\/wp-content\/uploads\/2023\/07\/foto-2-rt.jpg\" alt=\"ram\" width=\"1000\" height=\"667\" srcset=\"https:\/\/autofans.com.ar\/wp-content\/uploads\/2023\/07\/foto-2-rt.jpg 1000w, https:\/\/autofans.com.ar\/wp-content\/uploads\/2023\/07\/foto-2-rt-300x200.jpg 300w, https:\/\/autofans.com.ar\/wp-content\/uploads\/2023\/07\/foto-2-rt-768x512.jpg 768w\" sizes=\"(max-width: 1000px) 100vw, 1000px\" \/><\/h2>\n<h2><\/h2>\n<p>&nbsp;<\/p>\n<h2>TECNOLOG\u00cdA<\/h2>\n<p>Con un impresionante arsenal tecnol\u00f3gico que redefine la experiencia de conducci\u00f3n. Con una plancha equipada con 22,6 pulgadas de pantallas, esta pickup ofrece una interacci\u00f3n intuitiva y una amplia gama de recursos. Destaca su panel de instrumentos full digital de 10,3&#8243; y una central multimedia Uconnect de 12,3&#8243;, la m\u00e1s grande de su categor\u00eda. Con funciones avanzadas como la conexi\u00f3n inal\u00e1mbrica para Android Auto y Apple CarPlay. La capacidad de conectar simult\u00e1neamente dos smartphones, la Rampage se posiciona como l\u00edder en conectividad.<\/p>\n<p>En materia de seguridad, esta camioneta no escatima esfuerzos. Con siete bolsas de aire, control de estabilidad y mitigaci\u00f3n del balanceo de la carrocer\u00eda, brinda una protecci\u00f3n integral a los ocupantes. Adem\u00e1s, cuenta con caracter\u00edsticas avanzadas como el control de crucero adaptativo con Stop&amp;Go, alerta de colisi\u00f3n frontal con frenado de emergencia aut\u00f3nomo. Cuenta con detecci\u00f3n de peatones y ciclistas, monitoreo de punto ciego y alerta de salida de carril con correcci\u00f3n. Todo esto suma a la tranquilidad del conductor en cada viaje.<\/p>\n<p>Un elemento destacado en todas las versiones es el Ram Connect, un conjunto de servicios que mantienen al conductor conectado con su pickup en diversas formas. Desde una aplicaci\u00f3n para smartphones, los usuarios pueden acceder a informaci\u00f3n vital sobre su veh\u00edculo, como el tiempo para la pr\u00f3xima revisi\u00f3n, la presi\u00f3n de los neum\u00e1ticos y el nivel de combustible, entre otros datos.<\/p>\n<p>&nbsp;<\/p>\n<p>&nbsp;<\/p>\n<p><i>Para enterarte de m\u00e1s novedades, no dejes de leer\u00a0<\/i><a href=\"https:\/\/autofans.thebrandsoup.com\/\"><i>nuestras notas<\/i><\/a><i>, de ver<\/i><b><i>\u00a0<\/i><\/b><a href=\"https:\/\/www.youtube.com\/channel\/UCgAC8UGHZYbT6P7PpmVnP7g\"><b><i>AUTOFANS TV<\/i><\/b><\/a><b><i>\u00a0<\/i><\/b><i>en nuestro\u00a0canal de Youtube. Adem\u00e1s seguinos en\u00a0<\/i><a href=\"https:\/\/www.instagram.com\/autofanstv\/\"><i>INSTAGRAM<\/i><\/a><i> y <\/i><a href=\"https:\/\/www.facebook.com\/autofansmas\/\"><i>FACEBOOK<\/i><\/a><i> para no perderte nada sobre las novedades del segmento automotor de Argentina y el mundo. <\/i><\/p>\n","protected":false},"excerpt":{"rendered":"<p>La nueva pickup Rampage, una leg\u00edtima RAM dise\u00f1ada a medida para Latinoam\u00e9rica, se convierte en&#8230;<\/p>\n","protected":false},"author":2,"featured_media":4227,"comment_status":"closed","ping_status":"closed","sticky":false,"template":"","format":"standard","meta":{"footnotes":""},"categories":[1,5],"tags":[73,2081,300,2083,296,2080,2082,2079,37],"class_list":["post-4219","post","type-post","status-publish","format-standard","has-post-thumbnail","hentry","category-lanzamientos","category-otros","tag-automotor","tag-latam","tag-pickup","tag-pickuplatinoamerica","tag-ram","tag-ramfans","tag-rampagelatam","tag-ramtrucks","tag-stellantis"],"yoast_head":"<!-- This site is optimized with the Yoast SEO plugin v27.5 - https:\/\/yoast.com\/product\/yoast-seo-wordpress\/ -->\n<title>RAM Rampage: la primera pickup dise\u00f1ada para Latinoam\u00e9rica. -<\/title>\n<meta name=\"description\" content=\"La nueva Rampage, una RAM dise\u00f1ada a medida para Latinoam\u00e9rica, se convierte en el primer veh\u00edculo de la marca desarrollado en la regi\u00f3n...\" \/>\n<meta name=\"robots\" content=\"index, follow, max-snippet:-1, max-image-preview:large, max-video-preview:-1\" \/>\n<link rel=\"canonical\" href=\"https:\/\/autofans.com.ar\/index.php\/2023\/07\/24\/ram-rampage-la-primera-pickup-disenada-para-latinoamerica\/\" \/>\n<meta property=\"og:locale\" content=\"es_ES\" \/>\n<meta property=\"og:type\" content=\"article\" \/>\n<meta property=\"og:title\" content=\"RAM Rampage: la primera pickup dise\u00f1ada para Latinoam\u00e9rica. -\" \/>\n<meta property=\"og:description\" content=\"La nueva Rampage, una RAM dise\u00f1ada a medida para Latinoam\u00e9rica, se convierte en el primer veh\u00edculo de la marca desarrollado en la regi\u00f3n...\" \/>\n<meta property=\"og:url\" content=\"https:\/\/autofans.com.ar\/index.php\/2023\/07\/24\/ram-rampage-la-primera-pickup-disenada-para-latinoamerica\/\" \/>\n<meta property=\"article:published_time\" content=\"2023-07-24T17:33:29+00:00\" \/>\n<meta property=\"og:image\" content=\"https:\/\/autofans.com.ar\/wp-content\/uploads\/2023\/07\/foto-1-41.jpg\" \/>\n\t<meta property=\"og:image:width\" content=\"1000\" \/>\n\t<meta property=\"og:image:height\" content=\"667\" \/>\n\t<meta property=\"og:image:type\" content=\"image\/jpeg\" \/>\n<meta name=\"author\" content=\"Alejandro Gabriel Rosito\" \/>\n<meta name=\"twitter:card\" content=\"summary_large_image\" \/>\n<meta name=\"twitter:label1\" content=\"Escrito por\" \/>\n\t<meta name=\"twitter:data1\" content=\"Alejandro Gabriel Rosito\" \/>\n\t<meta name=\"twitter:label2\" content=\"Tiempo de lectura\" \/>\n\t<meta name=\"twitter:data2\" content=\"4 minutos\" \/>\n<script type=\"application\/ld+json\" class=\"yoast-schema-graph\">{\"@context\":\"https:\\\/\\\/schema.org\",\"@graph\":[{\"@type\":\"Article\",\"@id\":\"https:\\\/\\\/autofans.com.ar\\\/index.php\\\/2023\\\/07\\\/24\\\/ram-rampage-la-primera-pickup-disenada-para-latinoamerica\\\/#article\",\"isPartOf\":{\"@id\":\"https:\\\/\\\/autofans.com.ar\\\/index.php\\\/2023\\\/07\\\/24\\\/ram-rampage-la-primera-pickup-disenada-para-latinoamerica\\\/\"},\"author\":{\"name\":\"Alejandro Gabriel Rosito\",\"@id\":\"https:\\\/\\\/autofans.com.ar\\\/#\\\/schema\\\/person\\\/4a8dda0b6df83ac3d6723e921274c2aa\"},\"headline\":\"RAM Rampage: la primera pickup dise\u00f1ada para Latinoam\u00e9rica.\",\"datePublished\":\"2023-07-24T17:33:29+00:00\",\"mainEntityOfPage\":{\"@id\":\"https:\\\/\\\/autofans.com.ar\\\/index.php\\\/2023\\\/07\\\/24\\\/ram-rampage-la-primera-pickup-disenada-para-latinoamerica\\\/\"},\"wordCount\":733,\"image\":{\"@id\":\"https:\\\/\\\/autofans.com.ar\\\/index.php\\\/2023\\\/07\\\/24\\\/ram-rampage-la-primera-pickup-disenada-para-latinoamerica\\\/#primaryimage\"},\"thumbnailUrl\":\"https:\\\/\\\/autofans.com.ar\\\/wp-content\\\/uploads\\\/2023\\\/07\\\/foto-1-41.jpg\",\"keywords\":[\"Automotor\",\"LATAM\",\"pickup\",\"PickupLatinoam\u00e9rica\",\"RAM\",\"RAMFans\",\"RampageLATAM\",\"RAMTrucks\",\"Stellantis\"],\"articleSection\":[\"LANZAMIENTOS\",\"PICK UPs, UTILITARIOS Y OTROS\"],\"inLanguage\":\"es\"},{\"@type\":\"WebPage\",\"@id\":\"https:\\\/\\\/autofans.com.ar\\\/index.php\\\/2023\\\/07\\\/24\\\/ram-rampage-la-primera-pickup-disenada-para-latinoamerica\\\/\",\"url\":\"https:\\\/\\\/autofans.com.ar\\\/index.php\\\/2023\\\/07\\\/24\\\/ram-rampage-la-primera-pickup-disenada-para-latinoamerica\\\/\",\"name\":\"RAM Rampage: la primera pickup dise\u00f1ada para Latinoam\u00e9rica. -\",\"isPartOf\":{\"@id\":\"https:\\\/\\\/autofans.com.ar\\\/#website\"},\"primaryImageOfPage\":{\"@id\":\"https:\\\/\\\/autofans.com.ar\\\/index.php\\\/2023\\\/07\\\/24\\\/ram-rampage-la-primera-pickup-disenada-para-latinoamerica\\\/#primaryimage\"},\"image\":{\"@id\":\"https:\\\/\\\/autofans.com.ar\\\/index.php\\\/2023\\\/07\\\/24\\\/ram-rampage-la-primera-pickup-disenada-para-latinoamerica\\\/#primaryimage\"},\"thumbnailUrl\":\"https:\\\/\\\/autofans.com.ar\\\/wp-content\\\/uploads\\\/2023\\\/07\\\/foto-1-41.jpg\",\"datePublished\":\"2023-07-24T17:33:29+00:00\",\"author\":{\"@id\":\"https:\\\/\\\/autofans.com.ar\\\/#\\\/schema\\\/person\\\/4a8dda0b6df83ac3d6723e921274c2aa\"},\"description\":\"La nueva Rampage, una RAM dise\u00f1ada a medida para Latinoam\u00e9rica, se convierte en el primer veh\u00edculo de la marca desarrollado en la regi\u00f3n...\",\"breadcrumb\":{\"@id\":\"https:\\\/\\\/autofans.com.ar\\\/index.php\\\/2023\\\/07\\\/24\\\/ram-rampage-la-primera-pickup-disenada-para-latinoamerica\\\/#breadcrumb\"},\"inLanguage\":\"es\",\"potentialAction\":[{\"@type\":\"ReadAction\",\"target\":[\"https:\\\/\\\/autofans.com.ar\\\/index.php\\\/2023\\\/07\\\/24\\\/ram-rampage-la-primera-pickup-disenada-para-latinoamerica\\\/\"]}]},{\"@type\":\"ImageObject\",\"inLanguage\":\"es\",\"@id\":\"https:\\\/\\\/autofans.com.ar\\\/index.php\\\/2023\\\/07\\\/24\\\/ram-rampage-la-primera-pickup-disenada-para-latinoamerica\\\/#primaryimage\",\"url\":\"https:\\\/\\\/autofans.com.ar\\\/wp-content\\\/uploads\\\/2023\\\/07\\\/foto-1-41.jpg\",\"contentUrl\":\"https:\\\/\\\/autofans.com.ar\\\/wp-content\\\/uploads\\\/2023\\\/07\\\/foto-1-41.jpg\",\"width\":1000,\"height\":667,\"caption\":\"ram\"},{\"@type\":\"BreadcrumbList\",\"@id\":\"https:\\\/\\\/autofans.com.ar\\\/index.php\\\/2023\\\/07\\\/24\\\/ram-rampage-la-primera-pickup-disenada-para-latinoamerica\\\/#breadcrumb\",\"itemListElement\":[{\"@type\":\"ListItem\",\"position\":1,\"name\":\"Inicio\",\"item\":\"https:\\\/\\\/autofans.com.ar\\\/\"},{\"@type\":\"ListItem\",\"position\":2,\"name\":\"RAM Rampage: la primera pickup dise\u00f1ada para Latinoam\u00e9rica.\"}]},{\"@type\":\"WebSite\",\"@id\":\"https:\\\/\\\/autofans.com.ar\\\/#website\",\"url\":\"https:\\\/\\\/autofans.com.ar\\\/\",\"name\":\"\",\"description\":\"El multimedio referente de la industria automotriz\",\"potentialAction\":[{\"@type\":\"SearchAction\",\"target\":{\"@type\":\"EntryPoint\",\"urlTemplate\":\"https:\\\/\\\/autofans.com.ar\\\/?s={search_term_string}\"},\"query-input\":{\"@type\":\"PropertyValueSpecification\",\"valueRequired\":true,\"valueName\":\"search_term_string\"}}],\"inLanguage\":\"es\"},{\"@type\":\"Person\",\"@id\":\"https:\\\/\\\/autofans.com.ar\\\/#\\\/schema\\\/person\\\/4a8dda0b6df83ac3d6723e921274c2aa\",\"name\":\"Alejandro Gabriel Rosito\",\"image\":{\"@type\":\"ImageObject\",\"inLanguage\":\"es\",\"@id\":\"https:\\\/\\\/secure.gravatar.com\\\/avatar\\\/16c5dda1489adfc62618084dcbb91cffd879c374b13fe5dd8e44ed6733852c88?s=96&d=mm&r=g\",\"url\":\"https:\\\/\\\/secure.gravatar.com\\\/avatar\\\/16c5dda1489adfc62618084dcbb91cffd879c374b13fe5dd8e44ed6733852c88?s=96&d=mm&r=g\",\"contentUrl\":\"https:\\\/\\\/secure.gravatar.com\\\/avatar\\\/16c5dda1489adfc62618084dcbb91cffd879c374b13fe5dd8e44ed6733852c88?s=96&d=mm&r=g\",\"caption\":\"Alejandro Gabriel Rosito\"},\"url\":\"https:\\\/\\\/autofans.com.ar\\\/index.php\\\/author\\\/gabrielr\\\/\"}]}<\/script>\n<!-- \/ Yoast SEO plugin. -->","yoast_head_json":{"title":"RAM Rampage: la primera pickup dise\u00f1ada para Latinoam\u00e9rica. -","description":"La nueva Rampage, una RAM dise\u00f1ada a medida para Latinoam\u00e9rica, se convierte en el primer veh\u00edculo de la marca desarrollado en la regi\u00f3n...","robots":{"index":"index","follow":"follow","max-snippet":"max-snippet:-1","max-image-preview":"max-image-preview:large","max-video-preview":"max-video-preview:-1"},"canonical":"https:\/\/autofans.com.ar\/index.php\/2023\/07\/24\/ram-rampage-la-primera-pickup-disenada-para-latinoamerica\/","og_locale":"es_ES","og_type":"article","og_title":"RAM Rampage: la primera pickup dise\u00f1ada para Latinoam\u00e9rica. -","og_description":"La nueva Rampage, una RAM dise\u00f1ada a medida para Latinoam\u00e9rica, se convierte en el primer veh\u00edculo de la marca desarrollado en la regi\u00f3n...","og_url":"https:\/\/autofans.com.ar\/index.php\/2023\/07\/24\/ram-rampage-la-primera-pickup-disenada-para-latinoamerica\/","article_published_time":"2023-07-24T17:33:29+00:00","og_image":[{"width":1000,"height":667,"url":"https:\/\/autofans.com.ar\/wp-content\/uploads\/2023\/07\/foto-1-41.jpg","type":"image\/jpeg"}],"author":"Alejandro Gabriel Rosito","twitter_card":"summary_large_image","twitter_misc":{"Escrito por":"Alejandro Gabriel Rosito","Tiempo de lectura":"4 minutos"},"schema":{"@context":"https:\/\/schema.org","@graph":[{"@type":"Article","@id":"https:\/\/autofans.com.ar\/index.php\/2023\/07\/24\/ram-rampage-la-primera-pickup-disenada-para-latinoamerica\/#article","isPartOf":{"@id":"https:\/\/autofans.com.ar\/index.php\/2023\/07\/24\/ram-rampage-la-primera-pickup-disenada-para-latinoamerica\/"},"author":{"name":"Alejandro Gabriel Rosito","@id":"https:\/\/autofans.com.ar\/#\/schema\/person\/4a8dda0b6df83ac3d6723e921274c2aa"},"headline":"RAM Rampage: la primera pickup dise\u00f1ada para Latinoam\u00e9rica.","datePublished":"2023-07-24T17:33:29+00:00","mainEntityOfPage":{"@id":"https:\/\/autofans.com.ar\/index.php\/2023\/07\/24\/ram-rampage-la-primera-pickup-disenada-para-latinoamerica\/"},"wordCount":733,"image":{"@id":"https:\/\/autofans.com.ar\/index.php\/2023\/07\/24\/ram-rampage-la-primera-pickup-disenada-para-latinoamerica\/#primaryimage"},"thumbnailUrl":"https:\/\/autofans.com.ar\/wp-content\/uploads\/2023\/07\/foto-1-41.jpg","keywords":["Automotor","LATAM","pickup","PickupLatinoam\u00e9rica","RAM","RAMFans","RampageLATAM","RAMTrucks","Stellantis"],"articleSection":["LANZAMIENTOS","PICK UPs, UTILITARIOS Y OTROS"],"inLanguage":"es"},{"@type":"WebPage","@id":"https:\/\/autofans.com.ar\/index.php\/2023\/07\/24\/ram-rampage-la-primera-pickup-disenada-para-latinoamerica\/","url":"https:\/\/autofans.com.ar\/index.php\/2023\/07\/24\/ram-rampage-la-primera-pickup-disenada-para-latinoamerica\/","name":"RAM Rampage: la primera pickup dise\u00f1ada para Latinoam\u00e9rica. -","isPartOf":{"@id":"https:\/\/autofans.com.ar\/#website"},"primaryImageOfPage":{"@id":"https:\/\/autofans.com.ar\/index.php\/2023\/07\/24\/ram-rampage-la-primera-pickup-disenada-para-latinoamerica\/#primaryimage"},"image":{"@id":"https:\/\/autofans.com.ar\/index.php\/2023\/07\/24\/ram-rampage-la-primera-pickup-disenada-para-latinoamerica\/#primaryimage"},"thumbnailUrl":"https:\/\/autofans.com.ar\/wp-content\/uploads\/2023\/07\/foto-1-41.jpg","datePublished":"2023-07-24T17:33:29+00:00","author":{"@id":"https:\/\/autofans.com.ar\/#\/schema\/person\/4a8dda0b6df83ac3d6723e921274c2aa"},"description":"La nueva Rampage, una RAM dise\u00f1ada a medida para Latinoam\u00e9rica, se convierte en el primer veh\u00edculo de la marca desarrollado en la regi\u00f3n...","breadcrumb":{"@id":"https:\/\/autofans.com.ar\/index.php\/2023\/07\/24\/ram-rampage-la-primera-pickup-disenada-para-latinoamerica\/#breadcrumb"},"inLanguage":"es","potentialAction":[{"@type":"ReadAction","target":["https:\/\/autofans.com.ar\/index.php\/2023\/07\/24\/ram-rampage-la-primera-pickup-disenada-para-latinoamerica\/"]}]},{"@type":"ImageObject","inLanguage":"es","@id":"https:\/\/autofans.com.ar\/index.php\/2023\/07\/24\/ram-rampage-la-primera-pickup-disenada-para-latinoamerica\/#primaryimage","url":"https:\/\/autofans.com.ar\/wp-content\/uploads\/2023\/07\/foto-1-41.jpg","contentUrl":"https:\/\/autofans.com.ar\/wp-content\/uploads\/2023\/07\/foto-1-41.jpg","width":1000,"height":667,"caption":"ram"},{"@type":"BreadcrumbList","@id":"https:\/\/autofans.com.ar\/index.php\/2023\/07\/24\/ram-rampage-la-primera-pickup-disenada-para-latinoamerica\/#breadcrumb","itemListElement":[{"@type":"ListItem","position":1,"name":"Inicio","item":"https:\/\/autofans.com.ar\/"},{"@type":"ListItem","position":2,"name":"RAM Rampage: la primera pickup dise\u00f1ada para Latinoam\u00e9rica."}]},{"@type":"WebSite","@id":"https:\/\/autofans.com.ar\/#website","url":"https:\/\/autofans.com.ar\/","name":"","description":"El multimedio referente de la industria automotriz","potentialAction":[{"@type":"SearchAction","target":{"@type":"EntryPoint","urlTemplate":"https:\/\/autofans.com.ar\/?s={search_term_string}"},"query-input":{"@type":"PropertyValueSpecification","valueRequired":true,"valueName":"search_term_string"}}],"inLanguage":"es"},{"@type":"Person","@id":"https:\/\/autofans.com.ar\/#\/schema\/person\/4a8dda0b6df83ac3d6723e921274c2aa","name":"Alejandro Gabriel Rosito","image":{"@type":"ImageObject","inLanguage":"es","@id":"https:\/\/secure.gravatar.com\/avatar\/16c5dda1489adfc62618084dcbb91cffd879c374b13fe5dd8e44ed6733852c88?s=96&d=mm&r=g","url":"https:\/\/secure.gravatar.com\/avatar\/16c5dda1489adfc62618084dcbb91cffd879c374b13fe5dd8e44ed6733852c88?s=96&d=mm&r=g","contentUrl":"https:\/\/secure.gravatar.com\/avatar\/16c5dda1489adfc62618084dcbb91cffd879c374b13fe5dd8e44ed6733852c88?s=96&d=mm&r=g","caption":"Alejandro Gabriel Rosito"},"url":"https:\/\/autofans.com.ar\/index.php\/author\/gabrielr\/"}]}},"featured_image_urls":{"full":["https:\/\/autofans.com.ar\/wp-content\/uploads\/2023\/07\/foto-1-41.jpg",1000,667,false],"thumbnail":["https:\/\/autofans.com.ar\/wp-content\/uploads\/2023\/07\/foto-1-41-150x150.jpg",150,150,true],"medium":["https:\/\/autofans.com.ar\/wp-content\/uploads\/2023\/07\/foto-1-41-300x200.jpg",300,200,true],"medium_large":["https:\/\/autofans.com.ar\/wp-content\/uploads\/2023\/07\/foto-1-41-768x512.jpg",640,427,true],"large":["https:\/\/autofans.com.ar\/wp-content\/uploads\/2023\/07\/foto-1-41.jpg",640,427,false],"1536x1536":["https:\/\/autofans.com.ar\/wp-content\/uploads\/2023\/07\/foto-1-41.jpg",1000,667,false],"2048x2048":["https:\/\/autofans.com.ar\/wp-content\/uploads\/2023\/07\/foto-1-41.jpg",1000,667,false],"covernews-featured":["https:\/\/autofans.com.ar\/wp-content\/uploads\/2023\/07\/foto-1-41.jpg",1000,667,false],"covernews-medium":["https:\/\/autofans.com.ar\/wp-content\/uploads\/2023\/07\/foto-1-41-540x340.jpg",540,340,true]},"author_info":{"display_name":"Alejandro Gabriel Rosito","author_link":"https:\/\/autofans.com.ar\/index.php\/author\/gabrielr\/"},"category_info":"<a href=\"https:\/\/autofans.com.ar\/index.php\/category\/lanzamientos\/\" rel=\"category tag\">LANZAMIENTOS<\/a> <a href=\"https:\/\/autofans.com.ar\/index.php\/category\/noticias\/otros\/\" rel=\"category tag\">PICK UPs, UTILITARIOS Y OTROS<\/a>","tag_info":"PICK UPs, UTILITARIOS Y OTROS","comment_count":0,"_links":{"self":[{"href":"https:\/\/autofans.com.ar\/index.php\/wp-json\/wp\/v2\/posts\/4219","targetHints":{"allow":["GET"]}}],"collection":[{"href":"https:\/\/autofans.com.ar\/index.php\/wp-json\/wp\/v2\/posts"}],"about":[{"href":"https:\/\/autofans.com.ar\/index.php\/wp-json\/wp\/v2\/types\/post"}],"author":[{"embeddable":true,"href":"https:\/\/autofans.com.ar\/index.php\/wp-json\/wp\/v2\/users\/2"}],"replies":[{"embeddable":true,"href":"https:\/\/autofans.com.ar\/index.php\/wp-json\/wp\/v2\/comments?post=4219"}],"version-history":[{"count":7,"href":"https:\/\/autofans.com.ar\/index.php\/wp-json\/wp\/v2\/posts\/4219\/revisions"}],"predecessor-version":[{"id":4236,"href":"https:\/\/autofans.com.ar\/index.php\/wp-json\/wp\/v2\/posts\/4219\/revisions\/4236"}],"wp:featuredmedia":[{"embeddable":true,"href":"https:\/\/autofans.com.ar\/index.php\/wp-json\/wp\/v2\/media\/4227"}],"wp:attachment":[{"href":"https:\/\/autofans.com.ar\/index.php\/wp-json\/wp\/v2\/media?parent=4219"}],"wp:term":[{"taxonomy":"category","embeddable":true,"href":"https:\/\/autofans.com.ar\/index.php\/wp-json\/wp\/v2\/categories?post=4219"},{"taxonomy":"post_tag","embeddable":true,"href":"https:\/\/autofans.com.ar\/index.php\/wp-json\/wp\/v2\/tags?post=4219"}],"curies":[{"name":"wp","href":"https:\/\/api.w.org\/{rel}","templated":true}]}}