{"id":4237,"date":"2023-07-24T18:18:26","date_gmt":"2023-07-24T21:18:26","guid":{"rendered":"https:\/\/autofans.com.ar\/?p=4237"},"modified":"2023-07-24T18:18:26","modified_gmt":"2023-07-24T21:18:26","slug":"iveco-afianza-su-liderazgo-en-el-mercado-argentino-con-una-estrategia-de-produccion-local-sostenible","status":"publish","type":"post","link":"https:\/\/autofans.com.ar\/index.php\/2023\/07\/24\/iveco-afianza-su-liderazgo-en-el-mercado-argentino-con-una-estrategia-de-produccion-local-sostenible\/","title":{"rendered":"IVECO afianza su liderazgo en el mercado argentino con una estrategia de producci\u00f3n local sostenible"},"content":{"rendered":"<p>IVECO, la reconocida marca de veh\u00edculos comerciales, consolida su posici\u00f3n de liderazgo en el mercado automotor argentino durante el primer semestre de este a\u00f1o, gracias a una s\u00f3lida estrategia de producci\u00f3n nacional y enfoque en el futuro del transporte. A pesar de la baja del mercado automotor en general, IVECO ha experimentado un crecimiento destacado, alcanzando una participaci\u00f3n del 30,4% en el segmento de cargas, lo que representa un aumento de 3,4 puntos porcentuales en comparaci\u00f3n con el mismo per\u00edodo del a\u00f1o pasado.<\/p>\n<h2><\/h2>\n<p><img fetchpriority=\"high\" decoding=\"async\" class=\"aligncenter wp-image-4243 size-full\" src=\"https:\/\/autofans.com.ar\/wp-content\/uploads\/2023\/07\/foto5.jpg\" alt=\"iveco\" width=\"1000\" height=\"667\" srcset=\"https:\/\/autofans.com.ar\/wp-content\/uploads\/2023\/07\/foto5.jpg 1000w, https:\/\/autofans.com.ar\/wp-content\/uploads\/2023\/07\/foto5-300x200.jpg 300w, https:\/\/autofans.com.ar\/wp-content\/uploads\/2023\/07\/foto5-768x512.jpg 768w\" sizes=\"(max-width: 1000px) 100vw, 1000px\" \/><\/p>\n<h2><\/h2>\n<p>&nbsp;<\/p>\n<h2>El primer bus a GNC fabricado en Argentina<\/h2>\n<p>La marca ha demostrado un fuerte compromiso con el desarrollo de fabricaci\u00f3n local, con un 82% de los veh\u00edculos vendidos durante este semestre provenientes de productos fabricados en Argentina. Un claro ejemplo de este \u00e9xito es el cami\u00f3n Tector 170E, que se ha convertido en el producto estrella de la compa\u00f1\u00eda con 888 unidades patentadas en este per\u00edodo.<\/p>\n<p>Adem\u00e1s, IVECO ha experimentado un impresionante crecimiento en el segmento de veh\u00edculos pesados, con un incremento del 19,2% respecto al a\u00f1o anterior. Esto ha sido posible gracias a importantes inversiones en tecnolog\u00eda y desarrollo local, permitiendo ofrecer veh\u00edculos m\u00e1s sustentables, como el Bus 170G21, el primer bus a GNC fabricado en el pa\u00eds.<\/p>\n<p>&nbsp;<\/p>\n<div id='gallery-1' class='gallery galleryid-4237 gallery-columns-3 gallery-size-full'><figure class='gallery-item'>\n\t\t\t<div class='gallery-icon landscape'>\n\t\t\t\t<a href='https:\/\/autofans.com.ar\/index.php\/2023\/07\/24\/iveco-afianza-su-liderazgo-en-el-mercado-argentino-con-una-estrategia-de-produccion-local-sostenible\/foto-2-217\/'><img loading=\"lazy\" width=\"1000\" height=\"667\" src=\"https:\/\/autofans.com.ar\/wp-content\/uploads\/2023\/07\/foto-2-41.jpg\" class=\"attachment-full size-full\" alt=\"foto-2\" srcset=\"https:\/\/autofans.com.ar\/wp-content\/uploads\/2023\/07\/foto-2-41.jpg 1000w, https:\/\/autofans.com.ar\/wp-content\/uploads\/2023\/07\/foto-2-41-300x200.jpg 300w, https:\/\/autofans.com.ar\/wp-content\/uploads\/2023\/07\/foto-2-41-768x512.jpg 768w\" sizes=\"auto, (max-width: 1000px) 100vw, 1000px\" loading=\"lazy\" decoding=\"async\" \/><\/a>\n\t\t\t<\/div><\/figure><figure class='gallery-item'>\n\t\t\t<div class='gallery-icon landscape'>\n\t\t\t\t<a href='https:\/\/autofans.com.ar\/index.php\/2023\/07\/24\/iveco-afianza-su-liderazgo-en-el-mercado-argentino-con-una-estrategia-de-produccion-local-sostenible\/foto-3-182\/'><img loading=\"lazy\" width=\"1000\" height=\"667\" src=\"https:\/\/autofans.com.ar\/wp-content\/uploads\/2023\/07\/foto-3-35.jpg\" class=\"attachment-full size-full\" alt=\"iveco\" srcset=\"https:\/\/autofans.com.ar\/wp-content\/uploads\/2023\/07\/foto-3-35.jpg 1000w, https:\/\/autofans.com.ar\/wp-content\/uploads\/2023\/07\/foto-3-35-300x200.jpg 300w, https:\/\/autofans.com.ar\/wp-content\/uploads\/2023\/07\/foto-3-35-768x512.jpg 768w\" sizes=\"auto, (max-width: 1000px) 100vw, 1000px\" loading=\"lazy\" decoding=\"async\" \/><\/a>\n\t\t\t<\/div><\/figure><figure class='gallery-item'>\n\t\t\t<div class='gallery-icon landscape'>\n\t\t\t\t<a href='https:\/\/autofans.com.ar\/index.php\/2023\/07\/24\/iveco-afianza-su-liderazgo-en-el-mercado-argentino-con-una-estrategia-de-produccion-local-sostenible\/foto-4-132\/'><img loading=\"lazy\" width=\"1000\" height=\"667\" src=\"https:\/\/autofans.com.ar\/wp-content\/uploads\/2023\/07\/foto-4-25.jpg\" class=\"attachment-full size-full\" alt=\"iveco\" srcset=\"https:\/\/autofans.com.ar\/wp-content\/uploads\/2023\/07\/foto-4-25.jpg 1000w, https:\/\/autofans.com.ar\/wp-content\/uploads\/2023\/07\/foto-4-25-300x200.jpg 300w, https:\/\/autofans.com.ar\/wp-content\/uploads\/2023\/07\/foto-4-25-768x512.jpg 768w\" sizes=\"auto, (max-width: 1000px) 100vw, 1000px\" loading=\"lazy\" decoding=\"async\" \/><\/a>\n\t\t\t<\/div><\/figure>\n\t\t<\/div>\n\n<p>&nbsp;<\/p>\n<h2>Innovaci\u00f3n y sostenibilidad<\/h2>\n<p>El enfoque en la sustentabilidad es una prioridad para IVECO, y la marca ha apostado por el gas como combustible alternativo para reducir el impacto en el medio ambiente. Su gama Natural Power ofrece veh\u00edculos propulsados por energ\u00edas limpias que no solo reducen las emisiones, sino que tambi\u00e9n proporcionan un ahorro de hasta el 50% en el costo de combustible.<\/p>\n<p>Con m\u00e1s de 54 a\u00f1os de experiencia en el mercado, IVECO contin\u00faa trabajando en soluciones de transporte innovadoras y sostenibles para satisfacer las necesidades de sus clientes. Su firme compromiso con el desarrollo de una estrategia multi energ\u00e9tica refleja su visi\u00f3n de un futuro m\u00e1s limpio y rentable para el transporte en Argentina.<\/p>\n<p>&nbsp;<\/p>\n<p><i>Para enterarte de m\u00e1s novedades, no dejes de leer\u00a0<\/i><a href=\"https:\/\/autofans.thebrandsoup.com\/\"><i>nuestras notas<\/i><\/a><i>, de ver<\/i><b><i>\u00a0<\/i><\/b><a href=\"https:\/\/www.youtube.com\/channel\/UCgAC8UGHZYbT6P7PpmVnP7g\"><b><i>AUTOFANS TV<\/i><\/b><\/a><b><i>\u00a0<\/i><\/b><i>en nuestro\u00a0canal de Youtube. Adem\u00e1s seguinos en\u00a0<\/i><a href=\"https:\/\/www.instagram.com\/autofanstv\/\"><i>INSTAGRAM<\/i><\/a><i> y <\/i><a href=\"https:\/\/www.facebook.com\/autofansmas\/\"><i>FACEBOOK<\/i><\/a><i> para no perderte nada sobre las novedades del segmento automotor de Argentina y el mundo. <\/i><\/p>\n","protected":false},"excerpt":{"rendered":"<p>IVECO, la reconocida marca de veh\u00edculos comerciales, consolida su posici\u00f3n de liderazgo en el mercado&#8230;<\/p>\n","protected":false},"author":2,"featured_media":4242,"comment_status":"closed","ping_status":"closed","sticky":false,"template":"","format":"standard","meta":{"footnotes":""},"categories":[341,16,5],"tags":[2085,2084,654,1908,898,513,444],"class_list":["post-4237","post","type-post","status-publish","format-standard","has-post-thumbnail","hentry","category-hibridos-y-electricos","category-noticias","category-otros","tag-estrategia-multi-energetica","tag-gas-combustible-alternativo","tag-iveco","tag-mercado-automotor-argentino","tag-produccion-nacional","tag-sustentabilidad","tag-vehiculos-comerciales"],"yoast_head":"<!-- This site is optimized with the Yoast SEO plugin v27.5 - https:\/\/yoast.com\/product\/yoast-seo-wordpress\/ -->\n<title>IVECO afianza su liderazgo en el mercado argentino con una estrategia de producci\u00f3n local sostenible -<\/title>\n<meta name=\"description\" content=\"IVECO, la reconocida marca de veh\u00edculos comerciales, consolida su posici\u00f3n de liderazgo en el mercado automotor Argentino...\" \/>\n<meta name=\"robots\" content=\"index, follow, max-snippet:-1, max-image-preview:large, max-video-preview:-1\" \/>\n<link rel=\"canonical\" href=\"https:\/\/autofans.com.ar\/index.php\/2023\/07\/24\/iveco-afianza-su-liderazgo-en-el-mercado-argentino-con-una-estrategia-de-produccion-local-sostenible\/\" \/>\n<meta property=\"og:locale\" content=\"es_ES\" \/>\n<meta property=\"og:type\" content=\"article\" \/>\n<meta property=\"og:title\" content=\"IVECO afianza su liderazgo en el mercado argentino con una estrategia de producci\u00f3n local sostenible -\" \/>\n<meta property=\"og:description\" content=\"IVECO, la reconocida marca de veh\u00edculos comerciales, consolida su posici\u00f3n de liderazgo en el mercado automotor Argentino...\" \/>\n<meta property=\"og:url\" content=\"https:\/\/autofans.com.ar\/index.php\/2023\/07\/24\/iveco-afianza-su-liderazgo-en-el-mercado-argentino-con-una-estrategia-de-produccion-local-sostenible\/\" \/>\n<meta property=\"article:published_time\" content=\"2023-07-24T21:18:26+00:00\" \/>\n<meta property=\"og:image\" content=\"https:\/\/autofans.com.ar\/wp-content\/uploads\/2023\/07\/foto-1-42.jpg\" \/>\n\t<meta property=\"og:image:width\" content=\"1000\" \/>\n\t<meta property=\"og:image:height\" content=\"667\" \/>\n\t<meta property=\"og:image:type\" content=\"image\/jpeg\" \/>\n<meta name=\"author\" content=\"Alejandro Gabriel Rosito\" \/>\n<meta name=\"twitter:card\" content=\"summary_large_image\" \/>\n<meta name=\"twitter:label1\" content=\"Escrito por\" \/>\n\t<meta name=\"twitter:data1\" content=\"Alejandro Gabriel Rosito\" \/>\n\t<meta name=\"twitter:label2\" content=\"Tiempo de lectura\" \/>\n\t<meta name=\"twitter:data2\" content=\"2 minutos\" \/>\n<script type=\"application\/ld+json\" class=\"yoast-schema-graph\">{\"@context\":\"https:\\\/\\\/schema.org\",\"@graph\":[{\"@type\":\"Article\",\"@id\":\"https:\\\/\\\/autofans.com.ar\\\/index.php\\\/2023\\\/07\\\/24\\\/iveco-afianza-su-liderazgo-en-el-mercado-argentino-con-una-estrategia-de-produccion-local-sostenible\\\/#article\",\"isPartOf\":{\"@id\":\"https:\\\/\\\/autofans.com.ar\\\/index.php\\\/2023\\\/07\\\/24\\\/iveco-afianza-su-liderazgo-en-el-mercado-argentino-con-una-estrategia-de-produccion-local-sostenible\\\/\"},\"author\":{\"name\":\"Alejandro Gabriel Rosito\",\"@id\":\"https:\\\/\\\/autofans.com.ar\\\/#\\\/schema\\\/person\\\/4a8dda0b6df83ac3d6723e921274c2aa\"},\"headline\":\"IVECO afianza su liderazgo en el mercado argentino con una estrategia de producci\u00f3n local sostenible\",\"datePublished\":\"2023-07-24T21:18:26+00:00\",\"mainEntityOfPage\":{\"@id\":\"https:\\\/\\\/autofans.com.ar\\\/index.php\\\/2023\\\/07\\\/24\\\/iveco-afianza-su-liderazgo-en-el-mercado-argentino-con-una-estrategia-de-produccion-local-sostenible\\\/\"},\"wordCount\":409,\"image\":{\"@id\":\"https:\\\/\\\/autofans.com.ar\\\/index.php\\\/2023\\\/07\\\/24\\\/iveco-afianza-su-liderazgo-en-el-mercado-argentino-con-una-estrategia-de-produccion-local-sostenible\\\/#primaryimage\"},\"thumbnailUrl\":\"https:\\\/\\\/autofans.com.ar\\\/wp-content\\\/uploads\\\/2023\\\/07\\\/foto-1-42.jpg\",\"keywords\":[\"estrategia multi energ\u00e9tica\",\"gas combustible alternativo\",\"IVECO\",\"mercado automotor argentino\",\"producci\u00f3n nacional\",\"sustentabilidad\",\"Veh\u00edculos Comerciales\"],\"articleSection\":[\"HIBRIDOS, ELECTRICOS y otros\",\"NOTICIAS\",\"PICK UPs, UTILITARIOS Y OTROS\"],\"inLanguage\":\"es\"},{\"@type\":\"WebPage\",\"@id\":\"https:\\\/\\\/autofans.com.ar\\\/index.php\\\/2023\\\/07\\\/24\\\/iveco-afianza-su-liderazgo-en-el-mercado-argentino-con-una-estrategia-de-produccion-local-sostenible\\\/\",\"url\":\"https:\\\/\\\/autofans.com.ar\\\/index.php\\\/2023\\\/07\\\/24\\\/iveco-afianza-su-liderazgo-en-el-mercado-argentino-con-una-estrategia-de-produccion-local-sostenible\\\/\",\"name\":\"IVECO afianza su liderazgo en el mercado argentino con una estrategia de producci\u00f3n local sostenible -\",\"isPartOf\":{\"@id\":\"https:\\\/\\\/autofans.com.ar\\\/#website\"},\"primaryImageOfPage\":{\"@id\":\"https:\\\/\\\/autofans.com.ar\\\/index.php\\\/2023\\\/07\\\/24\\\/iveco-afianza-su-liderazgo-en-el-mercado-argentino-con-una-estrategia-de-produccion-local-sostenible\\\/#primaryimage\"},\"image\":{\"@id\":\"https:\\\/\\\/autofans.com.ar\\\/index.php\\\/2023\\\/07\\\/24\\\/iveco-afianza-su-liderazgo-en-el-mercado-argentino-con-una-estrategia-de-produccion-local-sostenible\\\/#primaryimage\"},\"thumbnailUrl\":\"https:\\\/\\\/autofans.com.ar\\\/wp-content\\\/uploads\\\/2023\\\/07\\\/foto-1-42.jpg\",\"datePublished\":\"2023-07-24T21:18:26+00:00\",\"author\":{\"@id\":\"https:\\\/\\\/autofans.com.ar\\\/#\\\/schema\\\/person\\\/4a8dda0b6df83ac3d6723e921274c2aa\"},\"description\":\"IVECO, la reconocida marca de veh\u00edculos comerciales, consolida su posici\u00f3n de liderazgo en el mercado automotor Argentino...\",\"breadcrumb\":{\"@id\":\"https:\\\/\\\/autofans.com.ar\\\/index.php\\\/2023\\\/07\\\/24\\\/iveco-afianza-su-liderazgo-en-el-mercado-argentino-con-una-estrategia-de-produccion-local-sostenible\\\/#breadcrumb\"},\"inLanguage\":\"es\",\"potentialAction\":[{\"@type\":\"ReadAction\",\"target\":[\"https:\\\/\\\/autofans.com.ar\\\/index.php\\\/2023\\\/07\\\/24\\\/iveco-afianza-su-liderazgo-en-el-mercado-argentino-con-una-estrategia-de-produccion-local-sostenible\\\/\"]}]},{\"@type\":\"ImageObject\",\"inLanguage\":\"es\",\"@id\":\"https:\\\/\\\/autofans.com.ar\\\/index.php\\\/2023\\\/07\\\/24\\\/iveco-afianza-su-liderazgo-en-el-mercado-argentino-con-una-estrategia-de-produccion-local-sostenible\\\/#primaryimage\",\"url\":\"https:\\\/\\\/autofans.com.ar\\\/wp-content\\\/uploads\\\/2023\\\/07\\\/foto-1-42.jpg\",\"contentUrl\":\"https:\\\/\\\/autofans.com.ar\\\/wp-content\\\/uploads\\\/2023\\\/07\\\/foto-1-42.jpg\",\"width\":1000,\"height\":667,\"caption\":\"iveco\"},{\"@type\":\"BreadcrumbList\",\"@id\":\"https:\\\/\\\/autofans.com.ar\\\/index.php\\\/2023\\\/07\\\/24\\\/iveco-afianza-su-liderazgo-en-el-mercado-argentino-con-una-estrategia-de-produccion-local-sostenible\\\/#breadcrumb\",\"itemListElement\":[{\"@type\":\"ListItem\",\"position\":1,\"name\":\"Inicio\",\"item\":\"https:\\\/\\\/autofans.com.ar\\\/\"},{\"@type\":\"ListItem\",\"position\":2,\"name\":\"IVECO afianza su liderazgo en el mercado argentino con una estrategia de producci\u00f3n local sostenible\"}]},{\"@type\":\"WebSite\",\"@id\":\"https:\\\/\\\/autofans.com.ar\\\/#website\",\"url\":\"https:\\\/\\\/autofans.com.ar\\\/\",\"name\":\"\",\"description\":\"El multimedio referente de la industria automotriz\",\"potentialAction\":[{\"@type\":\"SearchAction\",\"target\":{\"@type\":\"EntryPoint\",\"urlTemplate\":\"https:\\\/\\\/autofans.com.ar\\\/?s={search_term_string}\"},\"query-input\":{\"@type\":\"PropertyValueSpecification\",\"valueRequired\":true,\"valueName\":\"search_term_string\"}}],\"inLanguage\":\"es\"},{\"@type\":\"Person\",\"@id\":\"https:\\\/\\\/autofans.com.ar\\\/#\\\/schema\\\/person\\\/4a8dda0b6df83ac3d6723e921274c2aa\",\"name\":\"Alejandro Gabriel Rosito\",\"image\":{\"@type\":\"ImageObject\",\"inLanguage\":\"es\",\"@id\":\"https:\\\/\\\/secure.gravatar.com\\\/avatar\\\/16c5dda1489adfc62618084dcbb91cffd879c374b13fe5dd8e44ed6733852c88?s=96&d=mm&r=g\",\"url\":\"https:\\\/\\\/secure.gravatar.com\\\/avatar\\\/16c5dda1489adfc62618084dcbb91cffd879c374b13fe5dd8e44ed6733852c88?s=96&d=mm&r=g\",\"contentUrl\":\"https:\\\/\\\/secure.gravatar.com\\\/avatar\\\/16c5dda1489adfc62618084dcbb91cffd879c374b13fe5dd8e44ed6733852c88?s=96&d=mm&r=g\",\"caption\":\"Alejandro Gabriel Rosito\"},\"url\":\"https:\\\/\\\/autofans.com.ar\\\/index.php\\\/author\\\/gabrielr\\\/\"}]}<\/script>\n<!-- \/ Yoast SEO plugin. -->","yoast_head_json":{"title":"IVECO afianza su liderazgo en el mercado argentino con una estrategia de producci\u00f3n local sostenible -","description":"IVECO, la reconocida marca de veh\u00edculos comerciales, consolida su posici\u00f3n de liderazgo en el mercado automotor Argentino...","robots":{"index":"index","follow":"follow","max-snippet":"max-snippet:-1","max-image-preview":"max-image-preview:large","max-video-preview":"max-video-preview:-1"},"canonical":"https:\/\/autofans.com.ar\/index.php\/2023\/07\/24\/iveco-afianza-su-liderazgo-en-el-mercado-argentino-con-una-estrategia-de-produccion-local-sostenible\/","og_locale":"es_ES","og_type":"article","og_title":"IVECO afianza su liderazgo en el mercado argentino con una estrategia de producci\u00f3n local sostenible -","og_description":"IVECO, la reconocida marca de veh\u00edculos comerciales, consolida su posici\u00f3n de liderazgo en el mercado automotor Argentino...","og_url":"https:\/\/autofans.com.ar\/index.php\/2023\/07\/24\/iveco-afianza-su-liderazgo-en-el-mercado-argentino-con-una-estrategia-de-produccion-local-sostenible\/","article_published_time":"2023-07-24T21:18:26+00:00","og_image":[{"width":1000,"height":667,"url":"https:\/\/autofans.com.ar\/wp-content\/uploads\/2023\/07\/foto-1-42.jpg","type":"image\/jpeg"}],"author":"Alejandro Gabriel Rosito","twitter_card":"summary_large_image","twitter_misc":{"Escrito por":"Alejandro Gabriel Rosito","Tiempo de lectura":"2 minutos"},"schema":{"@context":"https:\/\/schema.org","@graph":[{"@type":"Article","@id":"https:\/\/autofans.com.ar\/index.php\/2023\/07\/24\/iveco-afianza-su-liderazgo-en-el-mercado-argentino-con-una-estrategia-de-produccion-local-sostenible\/#article","isPartOf":{"@id":"https:\/\/autofans.com.ar\/index.php\/2023\/07\/24\/iveco-afianza-su-liderazgo-en-el-mercado-argentino-con-una-estrategia-de-produccion-local-sostenible\/"},"author":{"name":"Alejandro Gabriel Rosito","@id":"https:\/\/autofans.com.ar\/#\/schema\/person\/4a8dda0b6df83ac3d6723e921274c2aa"},"headline":"IVECO afianza su liderazgo en el mercado argentino con una estrategia de producci\u00f3n local sostenible","datePublished":"2023-07-24T21:18:26+00:00","mainEntityOfPage":{"@id":"https:\/\/autofans.com.ar\/index.php\/2023\/07\/24\/iveco-afianza-su-liderazgo-en-el-mercado-argentino-con-una-estrategia-de-produccion-local-sostenible\/"},"wordCount":409,"image":{"@id":"https:\/\/autofans.com.ar\/index.php\/2023\/07\/24\/iveco-afianza-su-liderazgo-en-el-mercado-argentino-con-una-estrategia-de-produccion-local-sostenible\/#primaryimage"},"thumbnailUrl":"https:\/\/autofans.com.ar\/wp-content\/uploads\/2023\/07\/foto-1-42.jpg","keywords":["estrategia multi energ\u00e9tica","gas combustible alternativo","IVECO","mercado automotor argentino","producci\u00f3n nacional","sustentabilidad","Veh\u00edculos Comerciales"],"articleSection":["HIBRIDOS, ELECTRICOS y otros","NOTICIAS","PICK UPs, UTILITARIOS Y OTROS"],"inLanguage":"es"},{"@type":"WebPage","@id":"https:\/\/autofans.com.ar\/index.php\/2023\/07\/24\/iveco-afianza-su-liderazgo-en-el-mercado-argentino-con-una-estrategia-de-produccion-local-sostenible\/","url":"https:\/\/autofans.com.ar\/index.php\/2023\/07\/24\/iveco-afianza-su-liderazgo-en-el-mercado-argentino-con-una-estrategia-de-produccion-local-sostenible\/","name":"IVECO afianza su liderazgo en el mercado argentino con una estrategia de producci\u00f3n local sostenible -","isPartOf":{"@id":"https:\/\/autofans.com.ar\/#website"},"primaryImageOfPage":{"@id":"https:\/\/autofans.com.ar\/index.php\/2023\/07\/24\/iveco-afianza-su-liderazgo-en-el-mercado-argentino-con-una-estrategia-de-produccion-local-sostenible\/#primaryimage"},"image":{"@id":"https:\/\/autofans.com.ar\/index.php\/2023\/07\/24\/iveco-afianza-su-liderazgo-en-el-mercado-argentino-con-una-estrategia-de-produccion-local-sostenible\/#primaryimage"},"thumbnailUrl":"https:\/\/autofans.com.ar\/wp-content\/uploads\/2023\/07\/foto-1-42.jpg","datePublished":"2023-07-24T21:18:26+00:00","author":{"@id":"https:\/\/autofans.com.ar\/#\/schema\/person\/4a8dda0b6df83ac3d6723e921274c2aa"},"description":"IVECO, la reconocida marca de veh\u00edculos comerciales, consolida su posici\u00f3n de liderazgo en el mercado automotor Argentino...","breadcrumb":{"@id":"https:\/\/autofans.com.ar\/index.php\/2023\/07\/24\/iveco-afianza-su-liderazgo-en-el-mercado-argentino-con-una-estrategia-de-produccion-local-sostenible\/#breadcrumb"},"inLanguage":"es","potentialAction":[{"@type":"ReadAction","target":["https:\/\/autofans.com.ar\/index.php\/2023\/07\/24\/iveco-afianza-su-liderazgo-en-el-mercado-argentino-con-una-estrategia-de-produccion-local-sostenible\/"]}]},{"@type":"ImageObject","inLanguage":"es","@id":"https:\/\/autofans.com.ar\/index.php\/2023\/07\/24\/iveco-afianza-su-liderazgo-en-el-mercado-argentino-con-una-estrategia-de-produccion-local-sostenible\/#primaryimage","url":"https:\/\/autofans.com.ar\/wp-content\/uploads\/2023\/07\/foto-1-42.jpg","contentUrl":"https:\/\/autofans.com.ar\/wp-content\/uploads\/2023\/07\/foto-1-42.jpg","width":1000,"height":667,"caption":"iveco"},{"@type":"BreadcrumbList","@id":"https:\/\/autofans.com.ar\/index.php\/2023\/07\/24\/iveco-afianza-su-liderazgo-en-el-mercado-argentino-con-una-estrategia-de-produccion-local-sostenible\/#breadcrumb","itemListElement":[{"@type":"ListItem","position":1,"name":"Inicio","item":"https:\/\/autofans.com.ar\/"},{"@type":"ListItem","position":2,"name":"IVECO afianza su liderazgo en el mercado argentino con una estrategia de producci\u00f3n local sostenible"}]},{"@type":"WebSite","@id":"https:\/\/autofans.com.ar\/#website","url":"https:\/\/autofans.com.ar\/","name":"","description":"El multimedio referente de la industria automotriz","potentialAction":[{"@type":"SearchAction","target":{"@type":"EntryPoint","urlTemplate":"https:\/\/autofans.com.ar\/?s={search_term_string}"},"query-input":{"@type":"PropertyValueSpecification","valueRequired":true,"valueName":"search_term_string"}}],"inLanguage":"es"},{"@type":"Person","@id":"https:\/\/autofans.com.ar\/#\/schema\/person\/4a8dda0b6df83ac3d6723e921274c2aa","name":"Alejandro Gabriel Rosito","image":{"@type":"ImageObject","inLanguage":"es","@id":"https:\/\/secure.gravatar.com\/avatar\/16c5dda1489adfc62618084dcbb91cffd879c374b13fe5dd8e44ed6733852c88?s=96&d=mm&r=g","url":"https:\/\/secure.gravatar.com\/avatar\/16c5dda1489adfc62618084dcbb91cffd879c374b13fe5dd8e44ed6733852c88?s=96&d=mm&r=g","contentUrl":"https:\/\/secure.gravatar.com\/avatar\/16c5dda1489adfc62618084dcbb91cffd879c374b13fe5dd8e44ed6733852c88?s=96&d=mm&r=g","caption":"Alejandro Gabriel Rosito"},"url":"https:\/\/autofans.com.ar\/index.php\/author\/gabrielr\/"}]}},"featured_image_urls":{"full":["https:\/\/autofans.com.ar\/wp-content\/uploads\/2023\/07\/foto-1-42.jpg",1000,667,false],"thumbnail":["https:\/\/autofans.com.ar\/wp-content\/uploads\/2023\/07\/foto-1-42-150x150.jpg",150,150,true],"medium":["https:\/\/autofans.com.ar\/wp-content\/uploads\/2023\/07\/foto-1-42-300x200.jpg",300,200,true],"medium_large":["https:\/\/autofans.com.ar\/wp-content\/uploads\/2023\/07\/foto-1-42-768x512.jpg",640,427,true],"large":["https:\/\/autofans.com.ar\/wp-content\/uploads\/2023\/07\/foto-1-42.jpg",640,427,false],"1536x1536":["https:\/\/autofans.com.ar\/wp-content\/uploads\/2023\/07\/foto-1-42.jpg",1000,667,false],"2048x2048":["https:\/\/autofans.com.ar\/wp-content\/uploads\/2023\/07\/foto-1-42.jpg",1000,667,false],"covernews-featured":["https:\/\/autofans.com.ar\/wp-content\/uploads\/2023\/07\/foto-1-42.jpg",1000,667,false],"covernews-medium":["https:\/\/autofans.com.ar\/wp-content\/uploads\/2023\/07\/foto-1-42-540x340.jpg",540,340,true]},"author_info":{"display_name":"Alejandro Gabriel Rosito","author_link":"https:\/\/autofans.com.ar\/index.php\/author\/gabrielr\/"},"category_info":"<a href=\"https:\/\/autofans.com.ar\/index.php\/category\/noticias\/hibridos-y-electricos\/\" rel=\"category tag\">HIBRIDOS, ELECTRICOS y otros<\/a> <a href=\"https:\/\/autofans.com.ar\/index.php\/category\/noticias\/\" rel=\"category tag\">NOTICIAS<\/a> <a href=\"https:\/\/autofans.com.ar\/index.php\/category\/noticias\/otros\/\" rel=\"category tag\">PICK UPs, UTILITARIOS Y OTROS<\/a>","tag_info":"PICK UPs, UTILITARIOS Y OTROS","comment_count":0,"_links":{"self":[{"href":"https:\/\/autofans.com.ar\/index.php\/wp-json\/wp\/v2\/posts\/4237","targetHints":{"allow":["GET"]}}],"collection":[{"href":"https:\/\/autofans.com.ar\/index.php\/wp-json\/wp\/v2\/posts"}],"about":[{"href":"https:\/\/autofans.com.ar\/index.php\/wp-json\/wp\/v2\/types\/post"}],"author":[{"embeddable":true,"href":"https:\/\/autofans.com.ar\/index.php\/wp-json\/wp\/v2\/users\/2"}],"replies":[{"embeddable":true,"href":"https:\/\/autofans.com.ar\/index.php\/wp-json\/wp\/v2\/comments?post=4237"}],"version-history":[{"count":4,"href":"https:\/\/autofans.com.ar\/index.php\/wp-json\/wp\/v2\/posts\/4237\/revisions"}],"predecessor-version":[{"id":4248,"href":"https:\/\/autofans.com.ar\/index.php\/wp-json\/wp\/v2\/posts\/4237\/revisions\/4248"}],"wp:featuredmedia":[{"embeddable":true,"href":"https:\/\/autofans.com.ar\/index.php\/wp-json\/wp\/v2\/media\/4242"}],"wp:attachment":[{"href":"https:\/\/autofans.com.ar\/index.php\/wp-json\/wp\/v2\/media?parent=4237"}],"wp:term":[{"taxonomy":"category","embeddable":true,"href":"https:\/\/autofans.com.ar\/index.php\/wp-json\/wp\/v2\/categories?post=4237"},{"taxonomy":"post_tag","embeddable":true,"href":"https:\/\/autofans.com.ar\/index.php\/wp-json\/wp\/v2\/tags?post=4237"}],"curies":[{"name":"wp","href":"https:\/\/api.w.org\/{rel}","templated":true}]}}