{"id":4264,"date":"2023-07-24T11:47:54","date_gmt":"2023-07-24T14:47:54","guid":{"rendered":"https:\/\/autofans.com.ar\/?p=4264"},"modified":"2023-07-25T11:54:42","modified_gmt":"2023-07-25T14:54:42","slug":"autofans-tv-programa-15-22-07-2023","status":"publish","type":"post","link":"https:\/\/autofans.com.ar\/index.php\/2023\/07\/24\/autofans-tv-programa-15-22-07-2023\/","title":{"rendered":"AUTOFANS TV &#8211; Programa 15 &#8211;  22\/07\/2023"},"content":{"rendered":"<p>Para el programa 15, estuvimos en el espacio de Volkswagen Argentina presente en la Exposicion Rural de Palermo hablando con las autoridades de la marca sobre varios temas. Adem\u00e1s estuvimos en la presentaci\u00f3n del XX Gran Premio Argentino Hist\u00f3rico y te contamos sobre lo que se viene del 30\/09 al 06\/10 con im\u00e1genes del encuentro y de las anteriores fechas. Adem\u00e1s fuimos a la presentaci\u00f3n de las 1000 millas sport a realizarse en noviembre y podr\u00e1s enterarte de los detalles de la mano de los responsables del evento. Adem\u00e1s te contamos algunas novedades para fan\u00e1ticos de los cl\u00e1sicos Torino.<\/p>\n<p>\u00bfTe lo vas a perder?<\/p>\n<p>&nbsp;<\/p>\n<p><center><iframe title=\"AUTOFANS TV - Programa 15 -  22\/07\/2023\" width=\"640\" height=\"360\" src=\"https:\/\/www.youtube.com\/embed\/J82KzlIPjmo?feature=oembed\" frameborder=\"0\" allow=\"accelerometer; autoplay; clipboard-write; encrypted-media; gyroscope; picture-in-picture; web-share\" referrerpolicy=\"strict-origin-when-cross-origin\" allowfullscreen><\/iframe><\/p>\n<p><\/center>&nbsp;<\/p>\n<p>Para volver a ver esta emisi\u00f3n, nuestros pr\u00f3ximos lives, streamings y mucho m\u00e1s contenido, suscribite a nuestro canal de YouTube y toc\u00e1 la campanita para recibir notificaciones de nuestras nuevas publicaciones.<\/p>\n<p>&nbsp;<\/p>\n<p><i>Para enterarte de m\u00e1s novedades, no dejes de leer\u00a0<\/i><a href=\"https:\/\/autofans.thebrandsoup.com\/\"><i>nuestras notas<\/i><\/a><i>, de ver<\/i><b><i>\u00a0<\/i><\/b><a href=\"https:\/\/www.youtube.com\/channel\/UCgAC8UGHZYbT6P7PpmVnP7g\"><b><i>AUTOFANS TV<\/i><\/b><\/a><b><i>\u00a0<\/i><\/b><i>en nuestro\u00a0canal de Youtube. Adem\u00e1s seguimos\u00a0en\u00a0<\/i><a href=\"https:\/\/www.instagram.com\/autofanstv\/\"><i>INSTAGRAM<\/i><\/a><i>\u00a0y\u00a0<\/i><a href=\"https:\/\/www.facebook.com\/autofansmas\/\"><i>FACEBOOK<\/i><\/a><i>\u00a0para no perderte nada sobre las novedades del segmento automotor de Argentina y el mundo.<\/i><\/p>\n","protected":false},"excerpt":{"rendered":"<p>Para el programa 15, estuvimos en el espacio de Volkswagen Argentina presente en la Exposicion&#8230;<\/p>\n","protected":false},"author":1,"featured_media":4267,"comment_status":"closed","ping_status":"closed","sticky":false,"template":"","format":"standard","meta":{"footnotes":""},"categories":[1028],"tags":[79,89,1042,2095,2094,1884,2096,1331,1064],"class_list":["post-4264","post","type-post","status-publish","format-standard","has-post-thumbnail","hentry","category-programas-completos-2023","tag-autofans-tv","tag-cobertura","tag-entrevista","tag-gran-premio-argentino-historico","tag-la-rural-de-palermo","tag-mil-millas-sport","tag-muestra","tag-torino","tag-vw-argentina"],"yoast_head":"<!-- This site is optimized with the Yoast SEO plugin v27.5 - https:\/\/yoast.com\/product\/yoast-seo-wordpress\/ -->\n<title>AUTOFANS TV - Programa 15 - 22\/07\/2023 -<\/title>\n<meta name=\"description\" content=\"Para AUTOFANS TV - Programa 15, etuvimos en La Rural en el espacio de VW Argentina, tambien con el XX Gran Premio Argentino Hist\u00f3rico...\" \/>\n<meta name=\"robots\" content=\"index, follow, max-snippet:-1, max-image-preview:large, max-video-preview:-1\" \/>\n<link rel=\"canonical\" href=\"https:\/\/autofans.com.ar\/index.php\/2023\/07\/24\/autofans-tv-programa-15-22-07-2023\/\" \/>\n<meta property=\"og:locale\" content=\"es_ES\" \/>\n<meta property=\"og:type\" content=\"article\" \/>\n<meta property=\"og:title\" content=\"AUTOFANS TV - Programa 15 - 22\/07\/2023 -\" \/>\n<meta property=\"og:description\" content=\"Para AUTOFANS TV - Programa 15, etuvimos en La Rural en el espacio de VW Argentina, tambien con el XX Gran Premio Argentino Hist\u00f3rico...\" \/>\n<meta property=\"og:url\" content=\"https:\/\/autofans.com.ar\/index.php\/2023\/07\/24\/autofans-tv-programa-15-22-07-2023\/\" \/>\n<meta property=\"article:published_time\" content=\"2023-07-24T14:47:54+00:00\" \/>\n<meta property=\"article:modified_time\" content=\"2023-07-25T14:54:42+00:00\" \/>\n<meta property=\"og:image\" content=\"https:\/\/autofans.com.ar\/wp-content\/uploads\/2023\/07\/Caratula-Programa-15.jpg\" \/>\n\t<meta property=\"og:image:width\" content=\"1920\" \/>\n\t<meta property=\"og:image:height\" content=\"1080\" \/>\n\t<meta property=\"og:image:type\" content=\"image\/jpeg\" \/>\n<meta name=\"author\" content=\"AleCAF\" \/>\n<meta name=\"twitter:card\" content=\"summary_large_image\" \/>\n<meta name=\"twitter:label1\" content=\"Escrito por\" \/>\n\t<meta name=\"twitter:data1\" content=\"AleCAF\" \/>\n<script type=\"application\/ld+json\" class=\"yoast-schema-graph\">{\"@context\":\"https:\\\/\\\/schema.org\",\"@graph\":[{\"@type\":\"Article\",\"@id\":\"https:\\\/\\\/autofans.com.ar\\\/index.php\\\/2023\\\/07\\\/24\\\/autofans-tv-programa-15-22-07-2023\\\/#article\",\"isPartOf\":{\"@id\":\"https:\\\/\\\/autofans.com.ar\\\/index.php\\\/2023\\\/07\\\/24\\\/autofans-tv-programa-15-22-07-2023\\\/\"},\"author\":{\"name\":\"AleCAF\",\"@id\":\"https:\\\/\\\/autofans.com.ar\\\/#\\\/schema\\\/person\\\/4f260a29da3cfebb7f29121591a73481\"},\"headline\":\"AUTOFANS TV &#8211; Programa 15 &#8211; 22\\\/07\\\/2023\",\"datePublished\":\"2023-07-24T14:47:54+00:00\",\"dateModified\":\"2023-07-25T14:54:42+00:00\",\"mainEntityOfPage\":{\"@id\":\"https:\\\/\\\/autofans.com.ar\\\/index.php\\\/2023\\\/07\\\/24\\\/autofans-tv-programa-15-22-07-2023\\\/\"},\"wordCount\":203,\"image\":{\"@id\":\"https:\\\/\\\/autofans.com.ar\\\/index.php\\\/2023\\\/07\\\/24\\\/autofans-tv-programa-15-22-07-2023\\\/#primaryimage\"},\"thumbnailUrl\":\"https:\\\/\\\/autofans.com.ar\\\/wp-content\\\/uploads\\\/2023\\\/07\\\/Caratula-Programa-15.jpg\",\"keywords\":[\"AutoFans TV\",\"Cobertura\",\"entrevista\",\"Gran Premio Argentino Hist\u00f3rico\",\"la Rural de Palermo\",\"Mil Millas sport\",\"Muestra\",\"Torino\",\"vw argentina\"],\"articleSection\":[\"PROGRAMAS COMPLETOS 2023\"],\"inLanguage\":\"es\"},{\"@type\":\"WebPage\",\"@id\":\"https:\\\/\\\/autofans.com.ar\\\/index.php\\\/2023\\\/07\\\/24\\\/autofans-tv-programa-15-22-07-2023\\\/\",\"url\":\"https:\\\/\\\/autofans.com.ar\\\/index.php\\\/2023\\\/07\\\/24\\\/autofans-tv-programa-15-22-07-2023\\\/\",\"name\":\"AUTOFANS TV - Programa 15 - 22\\\/07\\\/2023 -\",\"isPartOf\":{\"@id\":\"https:\\\/\\\/autofans.com.ar\\\/#website\"},\"primaryImageOfPage\":{\"@id\":\"https:\\\/\\\/autofans.com.ar\\\/index.php\\\/2023\\\/07\\\/24\\\/autofans-tv-programa-15-22-07-2023\\\/#primaryimage\"},\"image\":{\"@id\":\"https:\\\/\\\/autofans.com.ar\\\/index.php\\\/2023\\\/07\\\/24\\\/autofans-tv-programa-15-22-07-2023\\\/#primaryimage\"},\"thumbnailUrl\":\"https:\\\/\\\/autofans.com.ar\\\/wp-content\\\/uploads\\\/2023\\\/07\\\/Caratula-Programa-15.jpg\",\"datePublished\":\"2023-07-24T14:47:54+00:00\",\"dateModified\":\"2023-07-25T14:54:42+00:00\",\"author\":{\"@id\":\"https:\\\/\\\/autofans.com.ar\\\/#\\\/schema\\\/person\\\/4f260a29da3cfebb7f29121591a73481\"},\"description\":\"Para AUTOFANS TV - Programa 15, etuvimos en La Rural en el espacio de VW Argentina, tambien con el XX Gran Premio Argentino Hist\u00f3rico...\",\"breadcrumb\":{\"@id\":\"https:\\\/\\\/autofans.com.ar\\\/index.php\\\/2023\\\/07\\\/24\\\/autofans-tv-programa-15-22-07-2023\\\/#breadcrumb\"},\"inLanguage\":\"es\",\"potentialAction\":[{\"@type\":\"ReadAction\",\"target\":[\"https:\\\/\\\/autofans.com.ar\\\/index.php\\\/2023\\\/07\\\/24\\\/autofans-tv-programa-15-22-07-2023\\\/\"]}]},{\"@type\":\"ImageObject\",\"inLanguage\":\"es\",\"@id\":\"https:\\\/\\\/autofans.com.ar\\\/index.php\\\/2023\\\/07\\\/24\\\/autofans-tv-programa-15-22-07-2023\\\/#primaryimage\",\"url\":\"https:\\\/\\\/autofans.com.ar\\\/wp-content\\\/uploads\\\/2023\\\/07\\\/Caratula-Programa-15.jpg\",\"contentUrl\":\"https:\\\/\\\/autofans.com.ar\\\/wp-content\\\/uploads\\\/2023\\\/07\\\/Caratula-Programa-15.jpg\",\"width\":1920,\"height\":1080,\"caption\":\"AUTOFANS TV - Programa 15\"},{\"@type\":\"BreadcrumbList\",\"@id\":\"https:\\\/\\\/autofans.com.ar\\\/index.php\\\/2023\\\/07\\\/24\\\/autofans-tv-programa-15-22-07-2023\\\/#breadcrumb\",\"itemListElement\":[{\"@type\":\"ListItem\",\"position\":1,\"name\":\"Inicio\",\"item\":\"https:\\\/\\\/autofans.com.ar\\\/\"},{\"@type\":\"ListItem\",\"position\":2,\"name\":\"AUTOFANS TV &#8211; Programa 15 &#8211; 22\\\/07\\\/2023\"}]},{\"@type\":\"WebSite\",\"@id\":\"https:\\\/\\\/autofans.com.ar\\\/#website\",\"url\":\"https:\\\/\\\/autofans.com.ar\\\/\",\"name\":\"\",\"description\":\"El multimedio referente de la industria automotriz\",\"potentialAction\":[{\"@type\":\"SearchAction\",\"target\":{\"@type\":\"EntryPoint\",\"urlTemplate\":\"https:\\\/\\\/autofans.com.ar\\\/?s={search_term_string}\"},\"query-input\":{\"@type\":\"PropertyValueSpecification\",\"valueRequired\":true,\"valueName\":\"search_term_string\"}}],\"inLanguage\":\"es\"},{\"@type\":\"Person\",\"@id\":\"https:\\\/\\\/autofans.com.ar\\\/#\\\/schema\\\/person\\\/4f260a29da3cfebb7f29121591a73481\",\"name\":\"AleCAF\",\"image\":{\"@type\":\"ImageObject\",\"inLanguage\":\"es\",\"@id\":\"https:\\\/\\\/secure.gravatar.com\\\/avatar\\\/959b1ac26ee9dfc67318763f0a21a739fce256ee110a46fe86a2957f5568f27e?s=96&d=mm&r=g\",\"url\":\"https:\\\/\\\/secure.gravatar.com\\\/avatar\\\/959b1ac26ee9dfc67318763f0a21a739fce256ee110a46fe86a2957f5568f27e?s=96&d=mm&r=g\",\"contentUrl\":\"https:\\\/\\\/secure.gravatar.com\\\/avatar\\\/959b1ac26ee9dfc67318763f0a21a739fce256ee110a46fe86a2957f5568f27e?s=96&d=mm&r=g\",\"caption\":\"AleCAF\"},\"description\":\"Se trata del sitio web del multimedio Autofans, dedicado a informar las novedades y tendencias del segmento automotor nacional e internacional. El multimedio est\u00e1 conformado por Autofans web, Autofans TV (Programa), Youtube, Intagram y Facebook\",\"sameAs\":[\"https:\\\/\\\/autofans.com.ar\"],\"url\":\"https:\\\/\\\/autofans.com.ar\\\/index.php\\\/author\\\/alecampolieto\\\/\"}]}<\/script>\n<!-- \/ Yoast SEO plugin. -->","yoast_head_json":{"title":"AUTOFANS TV - Programa 15 - 22\/07\/2023 -","description":"Para AUTOFANS TV - Programa 15, etuvimos en La Rural en el espacio de VW Argentina, tambien con el XX Gran Premio Argentino Hist\u00f3rico...","robots":{"index":"index","follow":"follow","max-snippet":"max-snippet:-1","max-image-preview":"max-image-preview:large","max-video-preview":"max-video-preview:-1"},"canonical":"https:\/\/autofans.com.ar\/index.php\/2023\/07\/24\/autofans-tv-programa-15-22-07-2023\/","og_locale":"es_ES","og_type":"article","og_title":"AUTOFANS TV - Programa 15 - 22\/07\/2023 -","og_description":"Para AUTOFANS TV - Programa 15, etuvimos en La Rural en el espacio de VW Argentina, tambien con el XX Gran Premio Argentino Hist\u00f3rico...","og_url":"https:\/\/autofans.com.ar\/index.php\/2023\/07\/24\/autofans-tv-programa-15-22-07-2023\/","article_published_time":"2023-07-24T14:47:54+00:00","article_modified_time":"2023-07-25T14:54:42+00:00","og_image":[{"width":1920,"height":1080,"url":"https:\/\/autofans.com.ar\/wp-content\/uploads\/2023\/07\/Caratula-Programa-15.jpg","type":"image\/jpeg"}],"author":"AleCAF","twitter_card":"summary_large_image","twitter_misc":{"Escrito por":"AleCAF"},"schema":{"@context":"https:\/\/schema.org","@graph":[{"@type":"Article","@id":"https:\/\/autofans.com.ar\/index.php\/2023\/07\/24\/autofans-tv-programa-15-22-07-2023\/#article","isPartOf":{"@id":"https:\/\/autofans.com.ar\/index.php\/2023\/07\/24\/autofans-tv-programa-15-22-07-2023\/"},"author":{"name":"AleCAF","@id":"https:\/\/autofans.com.ar\/#\/schema\/person\/4f260a29da3cfebb7f29121591a73481"},"headline":"AUTOFANS TV &#8211; Programa 15 &#8211; 22\/07\/2023","datePublished":"2023-07-24T14:47:54+00:00","dateModified":"2023-07-25T14:54:42+00:00","mainEntityOfPage":{"@id":"https:\/\/autofans.com.ar\/index.php\/2023\/07\/24\/autofans-tv-programa-15-22-07-2023\/"},"wordCount":203,"image":{"@id":"https:\/\/autofans.com.ar\/index.php\/2023\/07\/24\/autofans-tv-programa-15-22-07-2023\/#primaryimage"},"thumbnailUrl":"https:\/\/autofans.com.ar\/wp-content\/uploads\/2023\/07\/Caratula-Programa-15.jpg","keywords":["AutoFans TV","Cobertura","entrevista","Gran Premio Argentino Hist\u00f3rico","la Rural de Palermo","Mil Millas sport","Muestra","Torino","vw argentina"],"articleSection":["PROGRAMAS COMPLETOS 2023"],"inLanguage":"es"},{"@type":"WebPage","@id":"https:\/\/autofans.com.ar\/index.php\/2023\/07\/24\/autofans-tv-programa-15-22-07-2023\/","url":"https:\/\/autofans.com.ar\/index.php\/2023\/07\/24\/autofans-tv-programa-15-22-07-2023\/","name":"AUTOFANS TV - Programa 15 - 22\/07\/2023 -","isPartOf":{"@id":"https:\/\/autofans.com.ar\/#website"},"primaryImageOfPage":{"@id":"https:\/\/autofans.com.ar\/index.php\/2023\/07\/24\/autofans-tv-programa-15-22-07-2023\/#primaryimage"},"image":{"@id":"https:\/\/autofans.com.ar\/index.php\/2023\/07\/24\/autofans-tv-programa-15-22-07-2023\/#primaryimage"},"thumbnailUrl":"https:\/\/autofans.com.ar\/wp-content\/uploads\/2023\/07\/Caratula-Programa-15.jpg","datePublished":"2023-07-24T14:47:54+00:00","dateModified":"2023-07-25T14:54:42+00:00","author":{"@id":"https:\/\/autofans.com.ar\/#\/schema\/person\/4f260a29da3cfebb7f29121591a73481"},"description":"Para AUTOFANS TV - Programa 15, etuvimos en La Rural en el espacio de VW Argentina, tambien con el XX Gran Premio Argentino Hist\u00f3rico...","breadcrumb":{"@id":"https:\/\/autofans.com.ar\/index.php\/2023\/07\/24\/autofans-tv-programa-15-22-07-2023\/#breadcrumb"},"inLanguage":"es","potentialAction":[{"@type":"ReadAction","target":["https:\/\/autofans.com.ar\/index.php\/2023\/07\/24\/autofans-tv-programa-15-22-07-2023\/"]}]},{"@type":"ImageObject","inLanguage":"es","@id":"https:\/\/autofans.com.ar\/index.php\/2023\/07\/24\/autofans-tv-programa-15-22-07-2023\/#primaryimage","url":"https:\/\/autofans.com.ar\/wp-content\/uploads\/2023\/07\/Caratula-Programa-15.jpg","contentUrl":"https:\/\/autofans.com.ar\/wp-content\/uploads\/2023\/07\/Caratula-Programa-15.jpg","width":1920,"height":1080,"caption":"AUTOFANS TV - Programa 15"},{"@type":"BreadcrumbList","@id":"https:\/\/autofans.com.ar\/index.php\/2023\/07\/24\/autofans-tv-programa-15-22-07-2023\/#breadcrumb","itemListElement":[{"@type":"ListItem","position":1,"name":"Inicio","item":"https:\/\/autofans.com.ar\/"},{"@type":"ListItem","position":2,"name":"AUTOFANS TV &#8211; Programa 15 &#8211; 22\/07\/2023"}]},{"@type":"WebSite","@id":"https:\/\/autofans.com.ar\/#website","url":"https:\/\/autofans.com.ar\/","name":"","description":"El multimedio referente de la industria automotriz","potentialAction":[{"@type":"SearchAction","target":{"@type":"EntryPoint","urlTemplate":"https:\/\/autofans.com.ar\/?s={search_term_string}"},"query-input":{"@type":"PropertyValueSpecification","valueRequired":true,"valueName":"search_term_string"}}],"inLanguage":"es"},{"@type":"Person","@id":"https:\/\/autofans.com.ar\/#\/schema\/person\/4f260a29da3cfebb7f29121591a73481","name":"AleCAF","image":{"@type":"ImageObject","inLanguage":"es","@id":"https:\/\/secure.gravatar.com\/avatar\/959b1ac26ee9dfc67318763f0a21a739fce256ee110a46fe86a2957f5568f27e?s=96&d=mm&r=g","url":"https:\/\/secure.gravatar.com\/avatar\/959b1ac26ee9dfc67318763f0a21a739fce256ee110a46fe86a2957f5568f27e?s=96&d=mm&r=g","contentUrl":"https:\/\/secure.gravatar.com\/avatar\/959b1ac26ee9dfc67318763f0a21a739fce256ee110a46fe86a2957f5568f27e?s=96&d=mm&r=g","caption":"AleCAF"},"description":"Se trata del sitio web del multimedio Autofans, dedicado a informar las novedades y tendencias del segmento automotor nacional e internacional. El multimedio est\u00e1 conformado por Autofans web, Autofans TV (Programa), Youtube, Intagram y Facebook","sameAs":["https:\/\/autofans.com.ar"],"url":"https:\/\/autofans.com.ar\/index.php\/author\/alecampolieto\/"}]}},"featured_image_urls":{"full":["https:\/\/autofans.com.ar\/wp-content\/uploads\/2023\/07\/Caratula-Programa-15.jpg",1920,1080,false],"thumbnail":["https:\/\/autofans.com.ar\/wp-content\/uploads\/2023\/07\/Caratula-Programa-15-150x150.jpg",150,150,true],"medium":["https:\/\/autofans.com.ar\/wp-content\/uploads\/2023\/07\/Caratula-Programa-15-300x169.jpg",300,169,true],"medium_large":["https:\/\/autofans.com.ar\/wp-content\/uploads\/2023\/07\/Caratula-Programa-15-768x432.jpg",640,360,true],"large":["https:\/\/autofans.com.ar\/wp-content\/uploads\/2023\/07\/Caratula-Programa-15-1024x576.jpg",640,360,true],"1536x1536":["https:\/\/autofans.com.ar\/wp-content\/uploads\/2023\/07\/Caratula-Programa-15-1536x864.jpg",1536,864,true],"2048x2048":["https:\/\/autofans.com.ar\/wp-content\/uploads\/2023\/07\/Caratula-Programa-15.jpg",1920,1080,false],"covernews-featured":["https:\/\/autofans.com.ar\/wp-content\/uploads\/2023\/07\/Caratula-Programa-15-1024x576.jpg",1024,576,true],"covernews-medium":["https:\/\/autofans.com.ar\/wp-content\/uploads\/2023\/07\/Caratula-Programa-15-540x340.jpg",540,340,true]},"author_info":{"display_name":"AleCAF","author_link":"https:\/\/autofans.com.ar\/index.php\/author\/alecampolieto\/"},"category_info":"<a href=\"https:\/\/autofans.com.ar\/index.php\/category\/autofans-tv\/programas-2023\/programas-completos-2023\/\" rel=\"category tag\">PROGRAMAS COMPLETOS 2023<\/a>","tag_info":"PROGRAMAS COMPLETOS 2023","comment_count":0,"_links":{"self":[{"href":"https:\/\/autofans.com.ar\/index.php\/wp-json\/wp\/v2\/posts\/4264","targetHints":{"allow":["GET"]}}],"collection":[{"href":"https:\/\/autofans.com.ar\/index.php\/wp-json\/wp\/v2\/posts"}],"about":[{"href":"https:\/\/autofans.com.ar\/index.php\/wp-json\/wp\/v2\/types\/post"}],"author":[{"embeddable":true,"href":"https:\/\/autofans.com.ar\/index.php\/wp-json\/wp\/v2\/users\/1"}],"replies":[{"embeddable":true,"href":"https:\/\/autofans.com.ar\/index.php\/wp-json\/wp\/v2\/comments?post=4264"}],"version-history":[{"count":1,"href":"https:\/\/autofans.com.ar\/index.php\/wp-json\/wp\/v2\/posts\/4264\/revisions"}],"predecessor-version":[{"id":4269,"href":"https:\/\/autofans.com.ar\/index.php\/wp-json\/wp\/v2\/posts\/4264\/revisions\/4269"}],"wp:featuredmedia":[{"embeddable":true,"href":"https:\/\/autofans.com.ar\/index.php\/wp-json\/wp\/v2\/media\/4267"}],"wp:attachment":[{"href":"https:\/\/autofans.com.ar\/index.php\/wp-json\/wp\/v2\/media?parent=4264"}],"wp:term":[{"taxonomy":"category","embeddable":true,"href":"https:\/\/autofans.com.ar\/index.php\/wp-json\/wp\/v2\/categories?post=4264"},{"taxonomy":"post_tag","embeddable":true,"href":"https:\/\/autofans.com.ar\/index.php\/wp-json\/wp\/v2\/tags?post=4264"}],"curies":[{"name":"wp","href":"https:\/\/api.w.org\/{rel}","templated":true}]}}