{"id":4270,"date":"2023-07-24T11:54:49","date_gmt":"2023-07-24T14:54:49","guid":{"rendered":"https:\/\/autofans.com.ar\/?p=4270"},"modified":"2023-07-25T12:01:28","modified_gmt":"2023-07-25T15:01:28","slug":"cobertura-lanzamiento-de-las-1000-millas-sport-2023","status":"publish","type":"post","link":"https:\/\/autofans.com.ar\/index.php\/2023\/07\/24\/cobertura-lanzamiento-de-las-1000-millas-sport-2023\/","title":{"rendered":"Cobertura lanzamiento de las 1000 Millas Sport 2023"},"content":{"rendered":"<p>En este clip, emitido en nuestro programa #15, te mostramos el evento de lanzamiento de lo que ser\u00e1 la 34\u00b0 edici\u00f3n de las 1000 millas sport 2023, que se realizar\u00e1 del 22 al 26 de Noviembre. All\u00ed estuvimos hablando con sus autoridades para que nos comenten todos los detalles relevantes del futuro encuentro.<\/p>\n<p>&nbsp;<\/p>\n<p><center><iframe title=\"Cobertura lanzamiento de las 1000 Millas Sport 2023\" width=\"640\" height=\"360\" src=\"https:\/\/www.youtube.com\/embed\/OyDHS1CL3Bo?feature=oembed\" frameborder=\"0\" allow=\"accelerometer; autoplay; clipboard-write; encrypted-media; gyroscope; picture-in-picture; web-share\" referrerpolicy=\"strict-origin-when-cross-origin\" allowfullscreen><\/iframe><\/p>\n<p>&nbsp;<\/p>\n<p style=\"text-align: left;\">Para volver a ver esta emisi\u00f3n, nuestros pr\u00f3ximos lives, streamings y mucho m\u00e1s contenido, suscribite a nuestro canal de YouTube y toc\u00e1 la campanita para recibir notificaciones de nuestras nuevas publicaciones.<\/p>\n<p>&nbsp;<\/p>\n<p style=\"text-align: left;\"><i>Para enterarte de m\u00e1s novedades, no dejes de leer\u00a0<\/i><a href=\"https:\/\/autofans.thebrandsoup.com\/\"><i>nuestras notas<\/i><\/a><i>, de ver<\/i><b><i>\u00a0<\/i><\/b><a href=\"https:\/\/www.youtube.com\/channel\/UCgAC8UGHZYbT6P7PpmVnP7g\"><b><i>AUTOFANS TV<\/i><\/b><\/a><b><i>\u00a0<\/i><\/b><i>en nuestro\u00a0canal de Youtube. Adem\u00e1s seguimos\u00a0en\u00a0<\/i><a href=\"https:\/\/www.instagram.com\/autofanstv\/\"><i>INSTAGRAM<\/i><\/a><i>\u00a0y\u00a0<\/i><a href=\"https:\/\/www.facebook.com\/autofansmas\/\"><i>FACEBOOK<\/i><\/a><i>\u00a0para no perderte nada sobre las novedades del segmento automotor de Argentina y el mundo.<\/i><\/p>\n<p><\/center><\/p>\n","protected":false},"excerpt":{"rendered":"<p>En este clip, emitido en nuestro programa #15, te mostramos el evento de lanzamiento de&#8230;<\/p>\n","protected":false},"author":1,"featured_media":4266,"comment_status":"closed","ping_status":"closed","sticky":false,"template":"","format":"standard","meta":{"footnotes":""},"categories":[1024],"tags":[1885,2097,79,499,1886,89,1366,1884],"class_list":["post-4270","post","type-post","status-publish","format-standard","has-post-thumbnail","hentry","category-coberturas","tag-1000-millas-sport","tag-2097","tag-autofans-tv","tag-autos-clasicos","tag-carrera-de-regularidad","tag-cobertura","tag-entrevistas","tag-mil-millas-sport"],"yoast_head":"<!-- This site is optimized with the Yoast SEO plugin v27.5 - https:\/\/yoast.com\/product\/yoast-seo-wordpress\/ -->\n<title>Cobertura lanzamiento de las 1000 Millas Sport 2023 -<\/title>\n<meta name=\"description\" content=\"Te mostramos nuestra cobertura lanzamiento de lo que ser\u00e1 la 34\u00b0 edici\u00f3n de las 1000 millas sport 2023, que se realizar\u00e1 del 22 al 26 de...\" \/>\n<meta name=\"robots\" content=\"index, follow, max-snippet:-1, max-image-preview:large, max-video-preview:-1\" \/>\n<link rel=\"canonical\" href=\"https:\/\/autofans.com.ar\/index.php\/2023\/07\/24\/cobertura-lanzamiento-de-las-1000-millas-sport-2023\/\" \/>\n<meta property=\"og:locale\" content=\"es_ES\" \/>\n<meta property=\"og:type\" content=\"article\" \/>\n<meta property=\"og:title\" content=\"Cobertura lanzamiento de las 1000 Millas Sport 2023 -\" \/>\n<meta property=\"og:description\" content=\"Te mostramos nuestra cobertura lanzamiento de lo que ser\u00e1 la 34\u00b0 edici\u00f3n de las 1000 millas sport 2023, que se realizar\u00e1 del 22 al 26 de...\" \/>\n<meta property=\"og:url\" content=\"https:\/\/autofans.com.ar\/index.php\/2023\/07\/24\/cobertura-lanzamiento-de-las-1000-millas-sport-2023\/\" \/>\n<meta property=\"article:published_time\" content=\"2023-07-24T14:54:49+00:00\" \/>\n<meta property=\"article:modified_time\" content=\"2023-07-25T15:01:28+00:00\" \/>\n<meta property=\"og:image\" content=\"https:\/\/autofans.com.ar\/wp-content\/uploads\/2023\/07\/Caratula-Mil-Millas.jpg\" \/>\n\t<meta property=\"og:image:width\" content=\"1000\" \/>\n\t<meta property=\"og:image:height\" content=\"667\" \/>\n\t<meta property=\"og:image:type\" content=\"image\/jpeg\" \/>\n<meta name=\"author\" content=\"AleCAF\" \/>\n<meta name=\"twitter:card\" content=\"summary_large_image\" \/>\n<meta name=\"twitter:label1\" content=\"Escrito por\" \/>\n\t<meta name=\"twitter:data1\" content=\"AleCAF\" \/>\n<script type=\"application\/ld+json\" class=\"yoast-schema-graph\">{\"@context\":\"https:\\\/\\\/schema.org\",\"@graph\":[{\"@type\":\"Article\",\"@id\":\"https:\\\/\\\/autofans.com.ar\\\/index.php\\\/2023\\\/07\\\/24\\\/cobertura-lanzamiento-de-las-1000-millas-sport-2023\\\/#article\",\"isPartOf\":{\"@id\":\"https:\\\/\\\/autofans.com.ar\\\/index.php\\\/2023\\\/07\\\/24\\\/cobertura-lanzamiento-de-las-1000-millas-sport-2023\\\/\"},\"author\":{\"name\":\"AleCAF\",\"@id\":\"https:\\\/\\\/autofans.com.ar\\\/#\\\/schema\\\/person\\\/4f260a29da3cfebb7f29121591a73481\"},\"headline\":\"Cobertura lanzamiento de las 1000 Millas Sport 2023\",\"datePublished\":\"2023-07-24T14:54:49+00:00\",\"dateModified\":\"2023-07-25T15:01:28+00:00\",\"mainEntityOfPage\":{\"@id\":\"https:\\\/\\\/autofans.com.ar\\\/index.php\\\/2023\\\/07\\\/24\\\/cobertura-lanzamiento-de-las-1000-millas-sport-2023\\\/\"},\"wordCount\":142,\"image\":{\"@id\":\"https:\\\/\\\/autofans.com.ar\\\/index.php\\\/2023\\\/07\\\/24\\\/cobertura-lanzamiento-de-las-1000-millas-sport-2023\\\/#primaryimage\"},\"thumbnailUrl\":\"https:\\\/\\\/autofans.com.ar\\\/wp-content\\\/uploads\\\/2023\\\/07\\\/Caratula-Mil-Millas.jpg\",\"keywords\":[\"1000 millas sport\",\"2023\",\"AutoFans TV\",\"autos cl\u00e1sicos\",\"carrera de regularidad\",\"Cobertura\",\"Entrevistas\",\"Mil Millas sport\"],\"articleSection\":[\"Coberturas 2023\"],\"inLanguage\":\"es\"},{\"@type\":\"WebPage\",\"@id\":\"https:\\\/\\\/autofans.com.ar\\\/index.php\\\/2023\\\/07\\\/24\\\/cobertura-lanzamiento-de-las-1000-millas-sport-2023\\\/\",\"url\":\"https:\\\/\\\/autofans.com.ar\\\/index.php\\\/2023\\\/07\\\/24\\\/cobertura-lanzamiento-de-las-1000-millas-sport-2023\\\/\",\"name\":\"Cobertura lanzamiento de las 1000 Millas Sport 2023 -\",\"isPartOf\":{\"@id\":\"https:\\\/\\\/autofans.com.ar\\\/#website\"},\"primaryImageOfPage\":{\"@id\":\"https:\\\/\\\/autofans.com.ar\\\/index.php\\\/2023\\\/07\\\/24\\\/cobertura-lanzamiento-de-las-1000-millas-sport-2023\\\/#primaryimage\"},\"image\":{\"@id\":\"https:\\\/\\\/autofans.com.ar\\\/index.php\\\/2023\\\/07\\\/24\\\/cobertura-lanzamiento-de-las-1000-millas-sport-2023\\\/#primaryimage\"},\"thumbnailUrl\":\"https:\\\/\\\/autofans.com.ar\\\/wp-content\\\/uploads\\\/2023\\\/07\\\/Caratula-Mil-Millas.jpg\",\"datePublished\":\"2023-07-24T14:54:49+00:00\",\"dateModified\":\"2023-07-25T15:01:28+00:00\",\"author\":{\"@id\":\"https:\\\/\\\/autofans.com.ar\\\/#\\\/schema\\\/person\\\/4f260a29da3cfebb7f29121591a73481\"},\"description\":\"Te mostramos nuestra cobertura lanzamiento de lo que ser\u00e1 la 34\u00b0 edici\u00f3n de las 1000 millas sport 2023, que se realizar\u00e1 del 22 al 26 de...\",\"breadcrumb\":{\"@id\":\"https:\\\/\\\/autofans.com.ar\\\/index.php\\\/2023\\\/07\\\/24\\\/cobertura-lanzamiento-de-las-1000-millas-sport-2023\\\/#breadcrumb\"},\"inLanguage\":\"es\",\"potentialAction\":[{\"@type\":\"ReadAction\",\"target\":[\"https:\\\/\\\/autofans.com.ar\\\/index.php\\\/2023\\\/07\\\/24\\\/cobertura-lanzamiento-de-las-1000-millas-sport-2023\\\/\"]}]},{\"@type\":\"ImageObject\",\"inLanguage\":\"es\",\"@id\":\"https:\\\/\\\/autofans.com.ar\\\/index.php\\\/2023\\\/07\\\/24\\\/cobertura-lanzamiento-de-las-1000-millas-sport-2023\\\/#primaryimage\",\"url\":\"https:\\\/\\\/autofans.com.ar\\\/wp-content\\\/uploads\\\/2023\\\/07\\\/Caratula-Mil-Millas.jpg\",\"contentUrl\":\"https:\\\/\\\/autofans.com.ar\\\/wp-content\\\/uploads\\\/2023\\\/07\\\/Caratula-Mil-Millas.jpg\",\"width\":1000,\"height\":667,\"caption\":\"Cobertura lanzamiento de las 1000 Millas Sport 2023\"},{\"@type\":\"BreadcrumbList\",\"@id\":\"https:\\\/\\\/autofans.com.ar\\\/index.php\\\/2023\\\/07\\\/24\\\/cobertura-lanzamiento-de-las-1000-millas-sport-2023\\\/#breadcrumb\",\"itemListElement\":[{\"@type\":\"ListItem\",\"position\":1,\"name\":\"Inicio\",\"item\":\"https:\\\/\\\/autofans.com.ar\\\/\"},{\"@type\":\"ListItem\",\"position\":2,\"name\":\"Cobertura lanzamiento de las 1000 Millas Sport 2023\"}]},{\"@type\":\"WebSite\",\"@id\":\"https:\\\/\\\/autofans.com.ar\\\/#website\",\"url\":\"https:\\\/\\\/autofans.com.ar\\\/\",\"name\":\"\",\"description\":\"El multimedio referente de la industria automotriz\",\"potentialAction\":[{\"@type\":\"SearchAction\",\"target\":{\"@type\":\"EntryPoint\",\"urlTemplate\":\"https:\\\/\\\/autofans.com.ar\\\/?s={search_term_string}\"},\"query-input\":{\"@type\":\"PropertyValueSpecification\",\"valueRequired\":true,\"valueName\":\"search_term_string\"}}],\"inLanguage\":\"es\"},{\"@type\":\"Person\",\"@id\":\"https:\\\/\\\/autofans.com.ar\\\/#\\\/schema\\\/person\\\/4f260a29da3cfebb7f29121591a73481\",\"name\":\"AleCAF\",\"image\":{\"@type\":\"ImageObject\",\"inLanguage\":\"es\",\"@id\":\"https:\\\/\\\/secure.gravatar.com\\\/avatar\\\/959b1ac26ee9dfc67318763f0a21a739fce256ee110a46fe86a2957f5568f27e?s=96&d=mm&r=g\",\"url\":\"https:\\\/\\\/secure.gravatar.com\\\/avatar\\\/959b1ac26ee9dfc67318763f0a21a739fce256ee110a46fe86a2957f5568f27e?s=96&d=mm&r=g\",\"contentUrl\":\"https:\\\/\\\/secure.gravatar.com\\\/avatar\\\/959b1ac26ee9dfc67318763f0a21a739fce256ee110a46fe86a2957f5568f27e?s=96&d=mm&r=g\",\"caption\":\"AleCAF\"},\"description\":\"Se trata del sitio web del multimedio Autofans, dedicado a informar las novedades y tendencias del segmento automotor nacional e internacional. El multimedio est\u00e1 conformado por Autofans web, Autofans TV (Programa), Youtube, Intagram y Facebook\",\"sameAs\":[\"https:\\\/\\\/autofans.com.ar\"],\"url\":\"https:\\\/\\\/autofans.com.ar\\\/index.php\\\/author\\\/alecampolieto\\\/\"}]}<\/script>\n<!-- \/ Yoast SEO plugin. -->","yoast_head_json":{"title":"Cobertura lanzamiento de las 1000 Millas Sport 2023 -","description":"Te mostramos nuestra cobertura lanzamiento de lo que ser\u00e1 la 34\u00b0 edici\u00f3n de las 1000 millas sport 2023, que se realizar\u00e1 del 22 al 26 de...","robots":{"index":"index","follow":"follow","max-snippet":"max-snippet:-1","max-image-preview":"max-image-preview:large","max-video-preview":"max-video-preview:-1"},"canonical":"https:\/\/autofans.com.ar\/index.php\/2023\/07\/24\/cobertura-lanzamiento-de-las-1000-millas-sport-2023\/","og_locale":"es_ES","og_type":"article","og_title":"Cobertura lanzamiento de las 1000 Millas Sport 2023 -","og_description":"Te mostramos nuestra cobertura lanzamiento de lo que ser\u00e1 la 34\u00b0 edici\u00f3n de las 1000 millas sport 2023, que se realizar\u00e1 del 22 al 26 de...","og_url":"https:\/\/autofans.com.ar\/index.php\/2023\/07\/24\/cobertura-lanzamiento-de-las-1000-millas-sport-2023\/","article_published_time":"2023-07-24T14:54:49+00:00","article_modified_time":"2023-07-25T15:01:28+00:00","og_image":[{"width":1000,"height":667,"url":"https:\/\/autofans.com.ar\/wp-content\/uploads\/2023\/07\/Caratula-Mil-Millas.jpg","type":"image\/jpeg"}],"author":"AleCAF","twitter_card":"summary_large_image","twitter_misc":{"Escrito por":"AleCAF"},"schema":{"@context":"https:\/\/schema.org","@graph":[{"@type":"Article","@id":"https:\/\/autofans.com.ar\/index.php\/2023\/07\/24\/cobertura-lanzamiento-de-las-1000-millas-sport-2023\/#article","isPartOf":{"@id":"https:\/\/autofans.com.ar\/index.php\/2023\/07\/24\/cobertura-lanzamiento-de-las-1000-millas-sport-2023\/"},"author":{"name":"AleCAF","@id":"https:\/\/autofans.com.ar\/#\/schema\/person\/4f260a29da3cfebb7f29121591a73481"},"headline":"Cobertura lanzamiento de las 1000 Millas Sport 2023","datePublished":"2023-07-24T14:54:49+00:00","dateModified":"2023-07-25T15:01:28+00:00","mainEntityOfPage":{"@id":"https:\/\/autofans.com.ar\/index.php\/2023\/07\/24\/cobertura-lanzamiento-de-las-1000-millas-sport-2023\/"},"wordCount":142,"image":{"@id":"https:\/\/autofans.com.ar\/index.php\/2023\/07\/24\/cobertura-lanzamiento-de-las-1000-millas-sport-2023\/#primaryimage"},"thumbnailUrl":"https:\/\/autofans.com.ar\/wp-content\/uploads\/2023\/07\/Caratula-Mil-Millas.jpg","keywords":["1000 millas sport","2023","AutoFans TV","autos cl\u00e1sicos","carrera de regularidad","Cobertura","Entrevistas","Mil Millas sport"],"articleSection":["Coberturas 2023"],"inLanguage":"es"},{"@type":"WebPage","@id":"https:\/\/autofans.com.ar\/index.php\/2023\/07\/24\/cobertura-lanzamiento-de-las-1000-millas-sport-2023\/","url":"https:\/\/autofans.com.ar\/index.php\/2023\/07\/24\/cobertura-lanzamiento-de-las-1000-millas-sport-2023\/","name":"Cobertura lanzamiento de las 1000 Millas Sport 2023 -","isPartOf":{"@id":"https:\/\/autofans.com.ar\/#website"},"primaryImageOfPage":{"@id":"https:\/\/autofans.com.ar\/index.php\/2023\/07\/24\/cobertura-lanzamiento-de-las-1000-millas-sport-2023\/#primaryimage"},"image":{"@id":"https:\/\/autofans.com.ar\/index.php\/2023\/07\/24\/cobertura-lanzamiento-de-las-1000-millas-sport-2023\/#primaryimage"},"thumbnailUrl":"https:\/\/autofans.com.ar\/wp-content\/uploads\/2023\/07\/Caratula-Mil-Millas.jpg","datePublished":"2023-07-24T14:54:49+00:00","dateModified":"2023-07-25T15:01:28+00:00","author":{"@id":"https:\/\/autofans.com.ar\/#\/schema\/person\/4f260a29da3cfebb7f29121591a73481"},"description":"Te mostramos nuestra cobertura lanzamiento de lo que ser\u00e1 la 34\u00b0 edici\u00f3n de las 1000 millas sport 2023, que se realizar\u00e1 del 22 al 26 de...","breadcrumb":{"@id":"https:\/\/autofans.com.ar\/index.php\/2023\/07\/24\/cobertura-lanzamiento-de-las-1000-millas-sport-2023\/#breadcrumb"},"inLanguage":"es","potentialAction":[{"@type":"ReadAction","target":["https:\/\/autofans.com.ar\/index.php\/2023\/07\/24\/cobertura-lanzamiento-de-las-1000-millas-sport-2023\/"]}]},{"@type":"ImageObject","inLanguage":"es","@id":"https:\/\/autofans.com.ar\/index.php\/2023\/07\/24\/cobertura-lanzamiento-de-las-1000-millas-sport-2023\/#primaryimage","url":"https:\/\/autofans.com.ar\/wp-content\/uploads\/2023\/07\/Caratula-Mil-Millas.jpg","contentUrl":"https:\/\/autofans.com.ar\/wp-content\/uploads\/2023\/07\/Caratula-Mil-Millas.jpg","width":1000,"height":667,"caption":"Cobertura lanzamiento de las 1000 Millas Sport 2023"},{"@type":"BreadcrumbList","@id":"https:\/\/autofans.com.ar\/index.php\/2023\/07\/24\/cobertura-lanzamiento-de-las-1000-millas-sport-2023\/#breadcrumb","itemListElement":[{"@type":"ListItem","position":1,"name":"Inicio","item":"https:\/\/autofans.com.ar\/"},{"@type":"ListItem","position":2,"name":"Cobertura lanzamiento de las 1000 Millas Sport 2023"}]},{"@type":"WebSite","@id":"https:\/\/autofans.com.ar\/#website","url":"https:\/\/autofans.com.ar\/","name":"","description":"El multimedio referente de la industria automotriz","potentialAction":[{"@type":"SearchAction","target":{"@type":"EntryPoint","urlTemplate":"https:\/\/autofans.com.ar\/?s={search_term_string}"},"query-input":{"@type":"PropertyValueSpecification","valueRequired":true,"valueName":"search_term_string"}}],"inLanguage":"es"},{"@type":"Person","@id":"https:\/\/autofans.com.ar\/#\/schema\/person\/4f260a29da3cfebb7f29121591a73481","name":"AleCAF","image":{"@type":"ImageObject","inLanguage":"es","@id":"https:\/\/secure.gravatar.com\/avatar\/959b1ac26ee9dfc67318763f0a21a739fce256ee110a46fe86a2957f5568f27e?s=96&d=mm&r=g","url":"https:\/\/secure.gravatar.com\/avatar\/959b1ac26ee9dfc67318763f0a21a739fce256ee110a46fe86a2957f5568f27e?s=96&d=mm&r=g","contentUrl":"https:\/\/secure.gravatar.com\/avatar\/959b1ac26ee9dfc67318763f0a21a739fce256ee110a46fe86a2957f5568f27e?s=96&d=mm&r=g","caption":"AleCAF"},"description":"Se trata del sitio web del multimedio Autofans, dedicado a informar las novedades y tendencias del segmento automotor nacional e internacional. El multimedio est\u00e1 conformado por Autofans web, Autofans TV (Programa), Youtube, Intagram y Facebook","sameAs":["https:\/\/autofans.com.ar"],"url":"https:\/\/autofans.com.ar\/index.php\/author\/alecampolieto\/"}]}},"featured_image_urls":{"full":["https:\/\/autofans.com.ar\/wp-content\/uploads\/2023\/07\/Caratula-Mil-Millas.jpg",1000,667,false],"thumbnail":["https:\/\/autofans.com.ar\/wp-content\/uploads\/2023\/07\/Caratula-Mil-Millas-150x150.jpg",150,150,true],"medium":["https:\/\/autofans.com.ar\/wp-content\/uploads\/2023\/07\/Caratula-Mil-Millas-300x200.jpg",300,200,true],"medium_large":["https:\/\/autofans.com.ar\/wp-content\/uploads\/2023\/07\/Caratula-Mil-Millas-768x512.jpg",640,427,true],"large":["https:\/\/autofans.com.ar\/wp-content\/uploads\/2023\/07\/Caratula-Mil-Millas.jpg",640,427,false],"1536x1536":["https:\/\/autofans.com.ar\/wp-content\/uploads\/2023\/07\/Caratula-Mil-Millas.jpg",1000,667,false],"2048x2048":["https:\/\/autofans.com.ar\/wp-content\/uploads\/2023\/07\/Caratula-Mil-Millas.jpg",1000,667,false],"covernews-featured":["https:\/\/autofans.com.ar\/wp-content\/uploads\/2023\/07\/Caratula-Mil-Millas.jpg",1000,667,false],"covernews-medium":["https:\/\/autofans.com.ar\/wp-content\/uploads\/2023\/07\/Caratula-Mil-Millas-540x340.jpg",540,340,true]},"author_info":{"display_name":"AleCAF","author_link":"https:\/\/autofans.com.ar\/index.php\/author\/alecampolieto\/"},"category_info":"<a href=\"https:\/\/autofans.com.ar\/index.php\/category\/autofans-tv\/programas-2023\/coberturas\/\" rel=\"category tag\">Coberturas 2023<\/a>","tag_info":"Coberturas 2023","comment_count":0,"_links":{"self":[{"href":"https:\/\/autofans.com.ar\/index.php\/wp-json\/wp\/v2\/posts\/4270","targetHints":{"allow":["GET"]}}],"collection":[{"href":"https:\/\/autofans.com.ar\/index.php\/wp-json\/wp\/v2\/posts"}],"about":[{"href":"https:\/\/autofans.com.ar\/index.php\/wp-json\/wp\/v2\/types\/post"}],"author":[{"embeddable":true,"href":"https:\/\/autofans.com.ar\/index.php\/wp-json\/wp\/v2\/users\/1"}],"replies":[{"embeddable":true,"href":"https:\/\/autofans.com.ar\/index.php\/wp-json\/wp\/v2\/comments?post=4270"}],"version-history":[{"count":1,"href":"https:\/\/autofans.com.ar\/index.php\/wp-json\/wp\/v2\/posts\/4270\/revisions"}],"predecessor-version":[{"id":4271,"href":"https:\/\/autofans.com.ar\/index.php\/wp-json\/wp\/v2\/posts\/4270\/revisions\/4271"}],"wp:featuredmedia":[{"embeddable":true,"href":"https:\/\/autofans.com.ar\/index.php\/wp-json\/wp\/v2\/media\/4266"}],"wp:attachment":[{"href":"https:\/\/autofans.com.ar\/index.php\/wp-json\/wp\/v2\/media?parent=4270"}],"wp:term":[{"taxonomy":"category","embeddable":true,"href":"https:\/\/autofans.com.ar\/index.php\/wp-json\/wp\/v2\/categories?post=4270"},{"taxonomy":"post_tag","embeddable":true,"href":"https:\/\/autofans.com.ar\/index.php\/wp-json\/wp\/v2\/tags?post=4270"}],"curies":[{"name":"wp","href":"https:\/\/api.w.org\/{rel}","templated":true}]}}