{"id":4272,"date":"2023-07-24T12:01:40","date_gmt":"2023-07-24T15:01:40","guid":{"rendered":"https:\/\/autofans.com.ar\/?p=4272"},"modified":"2023-07-25T12:16:32","modified_gmt":"2023-07-25T15:16:32","slug":"autofans-tv-junto-a-vw-argentina-presente-en-la-rural-de-palermo","status":"publish","type":"post","link":"https:\/\/autofans.com.ar\/index.php\/2023\/07\/24\/autofans-tv-junto-a-vw-argentina-presente-en-la-rural-de-palermo\/","title":{"rendered":"Autofans TV junto a VW Argentina presente en La Rural de Palermo"},"content":{"rendered":"<p>Para el programa #15 con Autofans TV estuvimos presentes en el espacio que Volkswagen Argentina tuvo en la Exposicion Rural de Palermo. all\u00ed estuvimos hablando con las autoridades de la marca que nos cuentan varias novedades y noticias para lo que resta de este a\u00f1o.<\/p>\n<p>&nbsp;<\/p>\n<p><center><iframe title=\"Cobertura - VW Argentina presente en La Rural de Palermo 2023\" width=\"640\" height=\"360\" src=\"https:\/\/www.youtube.com\/embed\/DCsifN3TAgQ?feature=oembed\" frameborder=\"0\" allow=\"accelerometer; autoplay; clipboard-write; encrypted-media; gyroscope; picture-in-picture; web-share\" referrerpolicy=\"strict-origin-when-cross-origin\" allowfullscreen><\/iframe><\/p>\n<p>&nbsp;<\/p>\n<p><\/center>&nbsp;<\/p>\n<p>Para volver a ver esta emisi\u00f3n, nuestros pr\u00f3ximos lives, streamings y mucho m\u00e1s contenido, suscribite a nuestro canal de YouTube y toc\u00e1 la campanita para recibir notificaciones de nuestras nuevas publicaciones.<\/p>\n<p>&nbsp;<\/p>\n<p><i>Para enterarte de m\u00e1s novedades, no dejes de leer\u00a0<\/i><a href=\"https:\/\/autofans.thebrandsoup.com\/\"><i>nuestras notas<\/i><\/a><i>, de ver<\/i><b><i>\u00a0<\/i><\/b><a href=\"https:\/\/www.youtube.com\/channel\/UCgAC8UGHZYbT6P7PpmVnP7g\"><b><i>AUTOFANS TV<\/i><\/b><\/a><b><i>\u00a0<\/i><\/b><i>en nuestro\u00a0canal de Youtube. Adem\u00e1s seguimos\u00a0en\u00a0<\/i><a href=\"https:\/\/www.instagram.com\/autofanstv\/\"><i>INSTAGRAM<\/i><\/a><i>\u00a0y\u00a0<\/i><a href=\"https:\/\/www.facebook.com\/autofansmas\/\"><i>FACEBOOK<\/i><\/a><i>\u00a0para no perderte nada sobre las novedades del segmento automotor de Argentina y el mundo.<\/i><\/p>\n","protected":false},"excerpt":{"rendered":"<p>Para el programa #15 con Autofans TV estuvimos presentes en el espacio que Volkswagen Argentina&#8230;<\/p>\n","protected":false},"author":1,"featured_media":4268,"comment_status":"closed","ping_status":"closed","sticky":false,"template":"","format":"standard","meta":{"footnotes":""},"categories":[1024],"tags":[79,89,917,2101,2099,2098,1067,56,1064,2100],"class_list":["post-4272","post","type-post","status-publish","format-standard","has-post-thumbnail","hentry","category-coberturas","tag-autofans-tv","tag-cobertura","tag-evento","tag-exposicion-rural","tag-exposicion-rural-de-palermo","tag-la-rural","tag-presencia","tag-stand","tag-vw-argentina","tag-vw-argentina-en-la-rural"],"yoast_head":"<!-- This site is optimized with the Yoast SEO plugin v27.5 - https:\/\/yoast.com\/product\/yoast-seo-wordpress\/ -->\n<title>Autofans TV junto a VW Argentina presente en La Rural de Palermo<\/title>\n<meta name=\"description\" content=\"ara el programa #15 con Autofans TV estuvimos presentes en el espacio que Volkswagen Argentina tuvo en la Exposicion Rural de Palermo...\" \/>\n<meta name=\"robots\" content=\"index, follow, max-snippet:-1, max-image-preview:large, max-video-preview:-1\" \/>\n<link rel=\"canonical\" href=\"https:\/\/autofans.com.ar\/index.php\/2023\/07\/24\/autofans-tv-junto-a-vw-argentina-presente-en-la-rural-de-palermo\/\" \/>\n<meta property=\"og:locale\" content=\"es_ES\" \/>\n<meta property=\"og:type\" content=\"article\" \/>\n<meta property=\"og:title\" content=\"Autofans TV junto a VW Argentina presente en La Rural de Palermo\" \/>\n<meta property=\"og:description\" content=\"ara el programa #15 con Autofans TV estuvimos presentes en el espacio que Volkswagen Argentina tuvo en la Exposicion Rural de Palermo...\" \/>\n<meta property=\"og:url\" content=\"https:\/\/autofans.com.ar\/index.php\/2023\/07\/24\/autofans-tv-junto-a-vw-argentina-presente-en-la-rural-de-palermo\/\" \/>\n<meta property=\"article:published_time\" content=\"2023-07-24T15:01:40+00:00\" \/>\n<meta property=\"article:modified_time\" content=\"2023-07-25T15:16:32+00:00\" \/>\n<meta property=\"og:image\" content=\"https:\/\/autofans.com.ar\/wp-content\/uploads\/2023\/07\/Caratula-VW-La-Rural.jpg\" \/>\n\t<meta property=\"og:image:width\" content=\"1000\" \/>\n\t<meta property=\"og:image:height\" content=\"667\" \/>\n\t<meta property=\"og:image:type\" content=\"image\/jpeg\" \/>\n<meta name=\"author\" content=\"AleCAF\" \/>\n<meta name=\"twitter:card\" content=\"summary_large_image\" \/>\n<meta name=\"twitter:label1\" content=\"Escrito por\" \/>\n\t<meta name=\"twitter:data1\" content=\"AleCAF\" \/>\n\t<meta name=\"twitter:label2\" content=\"Tiempo de lectura\" \/>\n\t<meta name=\"twitter:data2\" content=\"1 minuto\" \/>\n<script type=\"application\/ld+json\" class=\"yoast-schema-graph\">{\"@context\":\"https:\\\/\\\/schema.org\",\"@graph\":[{\"@type\":\"Article\",\"@id\":\"https:\\\/\\\/autofans.com.ar\\\/index.php\\\/2023\\\/07\\\/24\\\/autofans-tv-junto-a-vw-argentina-presente-en-la-rural-de-palermo\\\/#article\",\"isPartOf\":{\"@id\":\"https:\\\/\\\/autofans.com.ar\\\/index.php\\\/2023\\\/07\\\/24\\\/autofans-tv-junto-a-vw-argentina-presente-en-la-rural-de-palermo\\\/\"},\"author\":{\"name\":\"AleCAF\",\"@id\":\"https:\\\/\\\/autofans.com.ar\\\/#\\\/schema\\\/person\\\/4f260a29da3cfebb7f29121591a73481\"},\"headline\":\"Autofans TV junto a VW Argentina presente en La Rural de Palermo\",\"datePublished\":\"2023-07-24T15:01:40+00:00\",\"dateModified\":\"2023-07-25T15:16:32+00:00\",\"mainEntityOfPage\":{\"@id\":\"https:\\\/\\\/autofans.com.ar\\\/index.php\\\/2023\\\/07\\\/24\\\/autofans-tv-junto-a-vw-argentina-presente-en-la-rural-de-palermo\\\/\"},\"wordCount\":145,\"image\":{\"@id\":\"https:\\\/\\\/autofans.com.ar\\\/index.php\\\/2023\\\/07\\\/24\\\/autofans-tv-junto-a-vw-argentina-presente-en-la-rural-de-palermo\\\/#primaryimage\"},\"thumbnailUrl\":\"https:\\\/\\\/autofans.com.ar\\\/wp-content\\\/uploads\\\/2023\\\/07\\\/Caratula-VW-La-Rural.jpg\",\"keywords\":[\"AutoFans TV\",\"Cobertura\",\"evento\",\"Exposicion Rural\",\"Exposicion Rural de Palermo\",\"La Rural\",\"presencia\",\"Stand\",\"vw argentina\",\"VW Argentina en La Rural\"],\"articleSection\":[\"Coberturas 2023\"],\"inLanguage\":\"es\"},{\"@type\":\"WebPage\",\"@id\":\"https:\\\/\\\/autofans.com.ar\\\/index.php\\\/2023\\\/07\\\/24\\\/autofans-tv-junto-a-vw-argentina-presente-en-la-rural-de-palermo\\\/\",\"url\":\"https:\\\/\\\/autofans.com.ar\\\/index.php\\\/2023\\\/07\\\/24\\\/autofans-tv-junto-a-vw-argentina-presente-en-la-rural-de-palermo\\\/\",\"name\":\"Autofans TV junto a VW Argentina presente en La Rural de Palermo\",\"isPartOf\":{\"@id\":\"https:\\\/\\\/autofans.com.ar\\\/#website\"},\"primaryImageOfPage\":{\"@id\":\"https:\\\/\\\/autofans.com.ar\\\/index.php\\\/2023\\\/07\\\/24\\\/autofans-tv-junto-a-vw-argentina-presente-en-la-rural-de-palermo\\\/#primaryimage\"},\"image\":{\"@id\":\"https:\\\/\\\/autofans.com.ar\\\/index.php\\\/2023\\\/07\\\/24\\\/autofans-tv-junto-a-vw-argentina-presente-en-la-rural-de-palermo\\\/#primaryimage\"},\"thumbnailUrl\":\"https:\\\/\\\/autofans.com.ar\\\/wp-content\\\/uploads\\\/2023\\\/07\\\/Caratula-VW-La-Rural.jpg\",\"datePublished\":\"2023-07-24T15:01:40+00:00\",\"dateModified\":\"2023-07-25T15:16:32+00:00\",\"author\":{\"@id\":\"https:\\\/\\\/autofans.com.ar\\\/#\\\/schema\\\/person\\\/4f260a29da3cfebb7f29121591a73481\"},\"description\":\"ara el programa #15 con Autofans TV estuvimos presentes en el espacio que Volkswagen Argentina tuvo en la Exposicion Rural de Palermo...\",\"breadcrumb\":{\"@id\":\"https:\\\/\\\/autofans.com.ar\\\/index.php\\\/2023\\\/07\\\/24\\\/autofans-tv-junto-a-vw-argentina-presente-en-la-rural-de-palermo\\\/#breadcrumb\"},\"inLanguage\":\"es\",\"potentialAction\":[{\"@type\":\"ReadAction\",\"target\":[\"https:\\\/\\\/autofans.com.ar\\\/index.php\\\/2023\\\/07\\\/24\\\/autofans-tv-junto-a-vw-argentina-presente-en-la-rural-de-palermo\\\/\"]}]},{\"@type\":\"ImageObject\",\"inLanguage\":\"es\",\"@id\":\"https:\\\/\\\/autofans.com.ar\\\/index.php\\\/2023\\\/07\\\/24\\\/autofans-tv-junto-a-vw-argentina-presente-en-la-rural-de-palermo\\\/#primaryimage\",\"url\":\"https:\\\/\\\/autofans.com.ar\\\/wp-content\\\/uploads\\\/2023\\\/07\\\/Caratula-VW-La-Rural.jpg\",\"contentUrl\":\"https:\\\/\\\/autofans.com.ar\\\/wp-content\\\/uploads\\\/2023\\\/07\\\/Caratula-VW-La-Rural.jpg\",\"width\":1000,\"height\":667,\"caption\":\"Autofans TV junto a VW Argentina\"},{\"@type\":\"BreadcrumbList\",\"@id\":\"https:\\\/\\\/autofans.com.ar\\\/index.php\\\/2023\\\/07\\\/24\\\/autofans-tv-junto-a-vw-argentina-presente-en-la-rural-de-palermo\\\/#breadcrumb\",\"itemListElement\":[{\"@type\":\"ListItem\",\"position\":1,\"name\":\"Inicio\",\"item\":\"https:\\\/\\\/autofans.com.ar\\\/\"},{\"@type\":\"ListItem\",\"position\":2,\"name\":\"Autofans TV junto a VW Argentina presente en La Rural de Palermo\"}]},{\"@type\":\"WebSite\",\"@id\":\"https:\\\/\\\/autofans.com.ar\\\/#website\",\"url\":\"https:\\\/\\\/autofans.com.ar\\\/\",\"name\":\"\",\"description\":\"El multimedio referente de la industria automotriz\",\"potentialAction\":[{\"@type\":\"SearchAction\",\"target\":{\"@type\":\"EntryPoint\",\"urlTemplate\":\"https:\\\/\\\/autofans.com.ar\\\/?s={search_term_string}\"},\"query-input\":{\"@type\":\"PropertyValueSpecification\",\"valueRequired\":true,\"valueName\":\"search_term_string\"}}],\"inLanguage\":\"es\"},{\"@type\":\"Person\",\"@id\":\"https:\\\/\\\/autofans.com.ar\\\/#\\\/schema\\\/person\\\/4f260a29da3cfebb7f29121591a73481\",\"name\":\"AleCAF\",\"image\":{\"@type\":\"ImageObject\",\"inLanguage\":\"es\",\"@id\":\"https:\\\/\\\/secure.gravatar.com\\\/avatar\\\/959b1ac26ee9dfc67318763f0a21a739fce256ee110a46fe86a2957f5568f27e?s=96&d=mm&r=g\",\"url\":\"https:\\\/\\\/secure.gravatar.com\\\/avatar\\\/959b1ac26ee9dfc67318763f0a21a739fce256ee110a46fe86a2957f5568f27e?s=96&d=mm&r=g\",\"contentUrl\":\"https:\\\/\\\/secure.gravatar.com\\\/avatar\\\/959b1ac26ee9dfc67318763f0a21a739fce256ee110a46fe86a2957f5568f27e?s=96&d=mm&r=g\",\"caption\":\"AleCAF\"},\"description\":\"Se trata del sitio web del multimedio Autofans, dedicado a informar las novedades y tendencias del segmento automotor nacional e internacional. El multimedio est\u00e1 conformado por Autofans web, Autofans TV (Programa), Youtube, Intagram y Facebook\",\"sameAs\":[\"https:\\\/\\\/autofans.com.ar\"],\"url\":\"https:\\\/\\\/autofans.com.ar\\\/index.php\\\/author\\\/alecampolieto\\\/\"}]}<\/script>\n<!-- \/ Yoast SEO plugin. -->","yoast_head_json":{"title":"Autofans TV junto a VW Argentina presente en La Rural de Palermo","description":"ara el programa #15 con Autofans TV estuvimos presentes en el espacio que Volkswagen Argentina tuvo en la Exposicion Rural de Palermo...","robots":{"index":"index","follow":"follow","max-snippet":"max-snippet:-1","max-image-preview":"max-image-preview:large","max-video-preview":"max-video-preview:-1"},"canonical":"https:\/\/autofans.com.ar\/index.php\/2023\/07\/24\/autofans-tv-junto-a-vw-argentina-presente-en-la-rural-de-palermo\/","og_locale":"es_ES","og_type":"article","og_title":"Autofans TV junto a VW Argentina presente en La Rural de Palermo","og_description":"ara el programa #15 con Autofans TV estuvimos presentes en el espacio que Volkswagen Argentina tuvo en la Exposicion Rural de Palermo...","og_url":"https:\/\/autofans.com.ar\/index.php\/2023\/07\/24\/autofans-tv-junto-a-vw-argentina-presente-en-la-rural-de-palermo\/","article_published_time":"2023-07-24T15:01:40+00:00","article_modified_time":"2023-07-25T15:16:32+00:00","og_image":[{"width":1000,"height":667,"url":"https:\/\/autofans.com.ar\/wp-content\/uploads\/2023\/07\/Caratula-VW-La-Rural.jpg","type":"image\/jpeg"}],"author":"AleCAF","twitter_card":"summary_large_image","twitter_misc":{"Escrito por":"AleCAF","Tiempo de lectura":"1 minuto"},"schema":{"@context":"https:\/\/schema.org","@graph":[{"@type":"Article","@id":"https:\/\/autofans.com.ar\/index.php\/2023\/07\/24\/autofans-tv-junto-a-vw-argentina-presente-en-la-rural-de-palermo\/#article","isPartOf":{"@id":"https:\/\/autofans.com.ar\/index.php\/2023\/07\/24\/autofans-tv-junto-a-vw-argentina-presente-en-la-rural-de-palermo\/"},"author":{"name":"AleCAF","@id":"https:\/\/autofans.com.ar\/#\/schema\/person\/4f260a29da3cfebb7f29121591a73481"},"headline":"Autofans TV junto a VW Argentina presente en La Rural de Palermo","datePublished":"2023-07-24T15:01:40+00:00","dateModified":"2023-07-25T15:16:32+00:00","mainEntityOfPage":{"@id":"https:\/\/autofans.com.ar\/index.php\/2023\/07\/24\/autofans-tv-junto-a-vw-argentina-presente-en-la-rural-de-palermo\/"},"wordCount":145,"image":{"@id":"https:\/\/autofans.com.ar\/index.php\/2023\/07\/24\/autofans-tv-junto-a-vw-argentina-presente-en-la-rural-de-palermo\/#primaryimage"},"thumbnailUrl":"https:\/\/autofans.com.ar\/wp-content\/uploads\/2023\/07\/Caratula-VW-La-Rural.jpg","keywords":["AutoFans TV","Cobertura","evento","Exposicion Rural","Exposicion Rural de Palermo","La Rural","presencia","Stand","vw argentina","VW Argentina en La Rural"],"articleSection":["Coberturas 2023"],"inLanguage":"es"},{"@type":"WebPage","@id":"https:\/\/autofans.com.ar\/index.php\/2023\/07\/24\/autofans-tv-junto-a-vw-argentina-presente-en-la-rural-de-palermo\/","url":"https:\/\/autofans.com.ar\/index.php\/2023\/07\/24\/autofans-tv-junto-a-vw-argentina-presente-en-la-rural-de-palermo\/","name":"Autofans TV junto a VW Argentina presente en La Rural de Palermo","isPartOf":{"@id":"https:\/\/autofans.com.ar\/#website"},"primaryImageOfPage":{"@id":"https:\/\/autofans.com.ar\/index.php\/2023\/07\/24\/autofans-tv-junto-a-vw-argentina-presente-en-la-rural-de-palermo\/#primaryimage"},"image":{"@id":"https:\/\/autofans.com.ar\/index.php\/2023\/07\/24\/autofans-tv-junto-a-vw-argentina-presente-en-la-rural-de-palermo\/#primaryimage"},"thumbnailUrl":"https:\/\/autofans.com.ar\/wp-content\/uploads\/2023\/07\/Caratula-VW-La-Rural.jpg","datePublished":"2023-07-24T15:01:40+00:00","dateModified":"2023-07-25T15:16:32+00:00","author":{"@id":"https:\/\/autofans.com.ar\/#\/schema\/person\/4f260a29da3cfebb7f29121591a73481"},"description":"ara el programa #15 con Autofans TV estuvimos presentes en el espacio que Volkswagen Argentina tuvo en la Exposicion Rural de Palermo...","breadcrumb":{"@id":"https:\/\/autofans.com.ar\/index.php\/2023\/07\/24\/autofans-tv-junto-a-vw-argentina-presente-en-la-rural-de-palermo\/#breadcrumb"},"inLanguage":"es","potentialAction":[{"@type":"ReadAction","target":["https:\/\/autofans.com.ar\/index.php\/2023\/07\/24\/autofans-tv-junto-a-vw-argentina-presente-en-la-rural-de-palermo\/"]}]},{"@type":"ImageObject","inLanguage":"es","@id":"https:\/\/autofans.com.ar\/index.php\/2023\/07\/24\/autofans-tv-junto-a-vw-argentina-presente-en-la-rural-de-palermo\/#primaryimage","url":"https:\/\/autofans.com.ar\/wp-content\/uploads\/2023\/07\/Caratula-VW-La-Rural.jpg","contentUrl":"https:\/\/autofans.com.ar\/wp-content\/uploads\/2023\/07\/Caratula-VW-La-Rural.jpg","width":1000,"height":667,"caption":"Autofans TV junto a VW Argentina"},{"@type":"BreadcrumbList","@id":"https:\/\/autofans.com.ar\/index.php\/2023\/07\/24\/autofans-tv-junto-a-vw-argentina-presente-en-la-rural-de-palermo\/#breadcrumb","itemListElement":[{"@type":"ListItem","position":1,"name":"Inicio","item":"https:\/\/autofans.com.ar\/"},{"@type":"ListItem","position":2,"name":"Autofans TV junto a VW Argentina presente en La Rural de Palermo"}]},{"@type":"WebSite","@id":"https:\/\/autofans.com.ar\/#website","url":"https:\/\/autofans.com.ar\/","name":"","description":"El multimedio referente de la industria automotriz","potentialAction":[{"@type":"SearchAction","target":{"@type":"EntryPoint","urlTemplate":"https:\/\/autofans.com.ar\/?s={search_term_string}"},"query-input":{"@type":"PropertyValueSpecification","valueRequired":true,"valueName":"search_term_string"}}],"inLanguage":"es"},{"@type":"Person","@id":"https:\/\/autofans.com.ar\/#\/schema\/person\/4f260a29da3cfebb7f29121591a73481","name":"AleCAF","image":{"@type":"ImageObject","inLanguage":"es","@id":"https:\/\/secure.gravatar.com\/avatar\/959b1ac26ee9dfc67318763f0a21a739fce256ee110a46fe86a2957f5568f27e?s=96&d=mm&r=g","url":"https:\/\/secure.gravatar.com\/avatar\/959b1ac26ee9dfc67318763f0a21a739fce256ee110a46fe86a2957f5568f27e?s=96&d=mm&r=g","contentUrl":"https:\/\/secure.gravatar.com\/avatar\/959b1ac26ee9dfc67318763f0a21a739fce256ee110a46fe86a2957f5568f27e?s=96&d=mm&r=g","caption":"AleCAF"},"description":"Se trata del sitio web del multimedio Autofans, dedicado a informar las novedades y tendencias del segmento automotor nacional e internacional. El multimedio est\u00e1 conformado por Autofans web, Autofans TV (Programa), Youtube, Intagram y Facebook","sameAs":["https:\/\/autofans.com.ar"],"url":"https:\/\/autofans.com.ar\/index.php\/author\/alecampolieto\/"}]}},"featured_image_urls":{"full":["https:\/\/autofans.com.ar\/wp-content\/uploads\/2023\/07\/Caratula-VW-La-Rural.jpg",1000,667,false],"thumbnail":["https:\/\/autofans.com.ar\/wp-content\/uploads\/2023\/07\/Caratula-VW-La-Rural-150x150.jpg",150,150,true],"medium":["https:\/\/autofans.com.ar\/wp-content\/uploads\/2023\/07\/Caratula-VW-La-Rural-300x200.jpg",300,200,true],"medium_large":["https:\/\/autofans.com.ar\/wp-content\/uploads\/2023\/07\/Caratula-VW-La-Rural-768x512.jpg",640,427,true],"large":["https:\/\/autofans.com.ar\/wp-content\/uploads\/2023\/07\/Caratula-VW-La-Rural.jpg",640,427,false],"1536x1536":["https:\/\/autofans.com.ar\/wp-content\/uploads\/2023\/07\/Caratula-VW-La-Rural.jpg",1000,667,false],"2048x2048":["https:\/\/autofans.com.ar\/wp-content\/uploads\/2023\/07\/Caratula-VW-La-Rural.jpg",1000,667,false],"covernews-featured":["https:\/\/autofans.com.ar\/wp-content\/uploads\/2023\/07\/Caratula-VW-La-Rural.jpg",1000,667,false],"covernews-medium":["https:\/\/autofans.com.ar\/wp-content\/uploads\/2023\/07\/Caratula-VW-La-Rural-540x340.jpg",540,340,true]},"author_info":{"display_name":"AleCAF","author_link":"https:\/\/autofans.com.ar\/index.php\/author\/alecampolieto\/"},"category_info":"<a href=\"https:\/\/autofans.com.ar\/index.php\/category\/autofans-tv\/programas-2023\/coberturas\/\" rel=\"category tag\">Coberturas 2023<\/a>","tag_info":"Coberturas 2023","comment_count":0,"_links":{"self":[{"href":"https:\/\/autofans.com.ar\/index.php\/wp-json\/wp\/v2\/posts\/4272","targetHints":{"allow":["GET"]}}],"collection":[{"href":"https:\/\/autofans.com.ar\/index.php\/wp-json\/wp\/v2\/posts"}],"about":[{"href":"https:\/\/autofans.com.ar\/index.php\/wp-json\/wp\/v2\/types\/post"}],"author":[{"embeddable":true,"href":"https:\/\/autofans.com.ar\/index.php\/wp-json\/wp\/v2\/users\/1"}],"replies":[{"embeddable":true,"href":"https:\/\/autofans.com.ar\/index.php\/wp-json\/wp\/v2\/comments?post=4272"}],"version-history":[{"count":2,"href":"https:\/\/autofans.com.ar\/index.php\/wp-json\/wp\/v2\/posts\/4272\/revisions"}],"predecessor-version":[{"id":4276,"href":"https:\/\/autofans.com.ar\/index.php\/wp-json\/wp\/v2\/posts\/4272\/revisions\/4276"}],"wp:featuredmedia":[{"embeddable":true,"href":"https:\/\/autofans.com.ar\/index.php\/wp-json\/wp\/v2\/media\/4268"}],"wp:attachment":[{"href":"https:\/\/autofans.com.ar\/index.php\/wp-json\/wp\/v2\/media?parent=4272"}],"wp:term":[{"taxonomy":"category","embeddable":true,"href":"https:\/\/autofans.com.ar\/index.php\/wp-json\/wp\/v2\/categories?post=4272"},{"taxonomy":"post_tag","embeddable":true,"href":"https:\/\/autofans.com.ar\/index.php\/wp-json\/wp\/v2\/tags?post=4272"}],"curies":[{"name":"wp","href":"https:\/\/api.w.org\/{rel}","templated":true}]}}