{"id":4364,"date":"2023-08-02T19:37:47","date_gmt":"2023-08-02T22:37:47","guid":{"rendered":"https:\/\/autofans.com.ar\/?p=4364"},"modified":"2023-08-02T19:37:47","modified_gmt":"2023-08-02T22:37:47","slug":"msc-cruceros-y-formula-1-alianza-en-el-gran-premio-de-belgica","status":"publish","type":"post","link":"https:\/\/autofans.com.ar\/index.php\/2023\/08\/02\/msc-cruceros-y-formula-1-alianza-en-el-gran-premio-de-belgica\/","title":{"rendered":"MSC Cruceros y Formula 1: Alianza en el Gran Premio de B\u00e9lgica"},"content":{"rendered":"<p>El emocionante Gran Premio de B\u00e9lgica de Formula 1, donde MSC Cruceros, una de las marcas de cruceros m\u00e1s grandes y de m\u00e1s r\u00e1pido crecimiento del mundo, brill\u00f3 como patrocinador principal del evento. Esta colaboraci\u00f3n hist\u00f3rica entre ambas empresas marc\u00f3 un nuevo hito para ambas marcas, destacando su compromiso compartido de proporcionar experiencias inolvidables y superar los l\u00edmites.<\/p>\n<p>El Gran Premio de B\u00e9lgica de Formula 1 2023 se llev\u00f3 a cabo en el ic\u00f3nico circuito de Spa-Francorchamps en B\u00e9lgica del 28 al 30 de julio de 2023. Los entusiastas de los deportes de motor y los hu\u00e9spedes de MSC Cruceros fueron testigos de la emocionante fusi\u00f3n de estas dos marcas de renombre mundial en un evento hist\u00f3rico.<\/p>\n<p>Como patrocinador principal y socio global de Formula 1, MSC Cruceros trajo su alcance global y su pasi\u00f3n por la excelencia a la carrera, mejorando la experiencia para los fan\u00e1ticos de todo el mundo. Durante el evento, la marca tuvo una destacada visibilidad en la pista, con su logo en la l\u00ednea de salida y llegada, as\u00ed como en otras ubicaciones clave alrededor de la v\u00eda r\u00e1pida y ondulada.<\/p>\n<p>&nbsp;<\/p>\n<p><center><iframe title=\"MSC Cruises &amp; Formula 1 - Driving change together\" width=\"640\" height=\"360\" src=\"https:\/\/www.youtube.com\/embed\/Pn4g2NjEEGA?feature=oembed\" frameborder=\"0\" allow=\"accelerometer; autoplay; clipboard-write; encrypted-media; gyroscope; picture-in-picture; web-share\" referrerpolicy=\"strict-origin-when-cross-origin\" allowfullscreen><\/iframe><\/p>\n<p>&nbsp;<\/p>\n<p>&nbsp;<\/p>\n<p>&nbsp;<\/p>\n<p>&nbsp;<\/p>\n<p><\/center><\/p>\n<h2>Trofeos \u00danicos y Emociones en el Podio<\/h2>\n<p>Uno de los momentos m\u00e1s destacados del Gran Premio fue la entrega de los trofeos ganadores de Piloto y Constructor, co-dise\u00f1ados por MSC Cruceros de manera exclusiva para este evento. Gianni Onorato, CEO de MSC Cruceros, jug\u00f3 un papel integral en la ceremonia del podio, entregando personalmente el trofeo de MSC Cruceros a los ganadores. Este momento fue una muestra m\u00e1s del compromiso de MSC Cruceros con la F\u00f3rmula 1 y su deseo de crear una experiencia inolvidable para los amantes del automovilismo.<\/p>\n<p>La exitosa colaboraci\u00f3n entre MSC Cruceros y Formula 1 continuar\u00e1 en los pr\u00f3ximos a\u00f1os. La naviera planea ubicar sus buques junto a las carreras en fines de semana selectos de Grand Prix \u00a0para ofrecer una experiencia \u00fanica de hospitalidad desde el buque hasta la pista de carreras. Esta oferta comenzar\u00e1 en noviembre en Abu Dabi, durante la carrera final de la temporada 2023, y se extender\u00e1 a otros destinos y buques a partir de 2024.<\/p>\n<p>&nbsp;<\/p>\n<h2><img fetchpriority=\"high\" decoding=\"async\" class=\"aligncenter wp-image-4366 size-full\" src=\"https:\/\/autofans.com.ar\/wp-content\/uploads\/2023\/08\/fotos-2.jpg\" alt=\"MSC cruceros y F1\" width=\"1000\" height=\"667\" srcset=\"https:\/\/autofans.com.ar\/wp-content\/uploads\/2023\/08\/fotos-2.jpg 1000w, https:\/\/autofans.com.ar\/wp-content\/uploads\/2023\/08\/fotos-2-300x200.jpg 300w, https:\/\/autofans.com.ar\/wp-content\/uploads\/2023\/08\/fotos-2-768x512.jpg 768w\" sizes=\"(max-width: 1000px) 100vw, 1000px\" \/><\/h2>\n<h2>MSC Cruceros y la experiencia de hospitalidad de F\u00f3rmula 1<\/h2>\n<p>Los fan\u00e1ticos de la F\u00f3rmula 1 \u00a0pueden reservar una experiencia totalmente integrada a bordo del MSC Virtuosa en el Gran Premio Etihad Abu Dhabi de F\u00f3rmula 1 de 2023.<\/p>\n<p>Sirviendo como un alojamiento de cruceros durante todo el fin de semana de la carrera mientras est\u00e1 atracado en la Terminal de Cruceros de Abu Dhabi, el MSC Virtuosa ofrece un alojamiento c\u00f3modo y elegante combinado con una incre\u00edble variedad de comodidades. Hay disponible una variedad de paquetes diferentes, que combinan alojamiento, boletos para carreras y acceso exclusivo de expertos con F1 Experiences para que el fin de semana de carreras sea verdaderamente inolvidable.<\/p>\n<p>Para m\u00e1s informaci\u00f3n entra en <a href=\"https:\/\/www.msccruises.be\/fr\/f1-hospitalite-abu-dhabi\" target=\"_blank\" rel=\"noopener\">MSC Cruceros<\/a>.<\/p>\n<p>&nbsp;<\/p>\n<p>&nbsp;<\/p>\n<p><i>Para enterarte de m\u00e1s novedades, no dejes de leer\u00a0<\/i><a href=\"https:\/\/autofans.thebrandsoup.com\/\"><i>nuestras notas<\/i><\/a><i>, de ver<\/i><b><i>\u00a0<\/i><\/b><a href=\"https:\/\/www.youtube.com\/channel\/UCgAC8UGHZYbT6P7PpmVnP7g\"><b><i>AUTOFANS TV<\/i><\/b><\/a><b><i>\u00a0<\/i><\/b><i>en nuestro\u00a0canal de Youtube. Adem\u00e1s seguinos en\u00a0<\/i><a href=\"https:\/\/www.instagram.com\/autofanstv\/\"><i>INSTAGRAM<\/i><\/a><i> y <\/i><a href=\"https:\/\/www.facebook.com\/autofansmas\/\"><i>FACEBOOK<\/i><\/a><i> para no perderte nada sobre las novedades del segmento automotor de Argentina y el mundo. <\/i><\/p>\n","protected":false},"excerpt":{"rendered":"<p>El emocionante Gran Premio de B\u00e9lgica de Formula 1, donde MSC Cruceros, una de las&#8230;<\/p>\n","protected":false},"author":2,"featured_media":4367,"comment_status":"closed","ping_status":"closed","sticky":false,"template":"","format":"standard","meta":{"footnotes":""},"categories":[6,16],"tags":[2137,1124,2136,2135],"class_list":["post-4364","post","type-post","status-publish","format-standard","has-post-thumbnail","hentry","category-bizstyle","category-noticias","tag-experienciasunicas","tag-formula1","tag-granpremio","tag-msccruceros"],"yoast_head":"<!-- This site is optimized with the Yoast SEO plugin v27.5 - https:\/\/yoast.com\/product\/yoast-seo-wordpress\/ -->\n<title>MSC Cruceros y Formula 1: Alianza en el Gran Premio de B\u00e9lgica -<\/title>\n<meta name=\"description\" content=\"El Gran Premio de B\u00e9lgica de Formula 1\u00ae, donde MSC Cruceros, una de las marcas de cruceros m\u00e1s grandes y de m\u00e1s r\u00e1pido crecimiento del mundo..\" \/>\n<meta name=\"robots\" content=\"index, follow, max-snippet:-1, max-image-preview:large, max-video-preview:-1\" \/>\n<link rel=\"canonical\" href=\"https:\/\/autofans.com.ar\/index.php\/2023\/08\/02\/msc-cruceros-y-formula-1-alianza-en-el-gran-premio-de-belgica\/\" \/>\n<meta property=\"og:locale\" content=\"es_ES\" \/>\n<meta property=\"og:type\" content=\"article\" \/>\n<meta property=\"og:title\" content=\"MSC Cruceros y Formula 1: Alianza en el Gran Premio de B\u00e9lgica -\" \/>\n<meta property=\"og:description\" content=\"El Gran Premio de B\u00e9lgica de Formula 1\u00ae, donde MSC Cruceros, una de las marcas de cruceros m\u00e1s grandes y de m\u00e1s r\u00e1pido crecimiento del mundo..\" \/>\n<meta property=\"og:url\" content=\"https:\/\/autofans.com.ar\/index.php\/2023\/08\/02\/msc-cruceros-y-formula-1-alianza-en-el-gran-premio-de-belgica\/\" \/>\n<meta property=\"article:published_time\" content=\"2023-08-02T22:37:47+00:00\" \/>\n<meta property=\"og:image\" content=\"https:\/\/autofans.com.ar\/wp-content\/uploads\/2023\/08\/fotos-1.jpg\" \/>\n\t<meta property=\"og:image:width\" content=\"1000\" \/>\n\t<meta property=\"og:image:height\" content=\"667\" \/>\n\t<meta property=\"og:image:type\" content=\"image\/jpeg\" \/>\n<meta name=\"author\" content=\"Alejandro Gabriel Rosito\" \/>\n<meta name=\"twitter:card\" content=\"summary_large_image\" \/>\n<meta name=\"twitter:label1\" content=\"Escrito por\" \/>\n\t<meta name=\"twitter:data1\" content=\"Alejandro Gabriel Rosito\" \/>\n\t<meta name=\"twitter:label2\" content=\"Tiempo de lectura\" \/>\n\t<meta name=\"twitter:data2\" content=\"3 minutos\" \/>\n<script type=\"application\/ld+json\" class=\"yoast-schema-graph\">{\"@context\":\"https:\\\/\\\/schema.org\",\"@graph\":[{\"@type\":\"Article\",\"@id\":\"https:\\\/\\\/autofans.com.ar\\\/index.php\\\/2023\\\/08\\\/02\\\/msc-cruceros-y-formula-1-alianza-en-el-gran-premio-de-belgica\\\/#article\",\"isPartOf\":{\"@id\":\"https:\\\/\\\/autofans.com.ar\\\/index.php\\\/2023\\\/08\\\/02\\\/msc-cruceros-y-formula-1-alianza-en-el-gran-premio-de-belgica\\\/\"},\"author\":{\"name\":\"Alejandro Gabriel Rosito\",\"@id\":\"https:\\\/\\\/autofans.com.ar\\\/#\\\/schema\\\/person\\\/4a8dda0b6df83ac3d6723e921274c2aa\"},\"headline\":\"MSC Cruceros y Formula 1: Alianza en el Gran Premio de B\u00e9lgica\",\"datePublished\":\"2023-08-02T22:37:47+00:00\",\"mainEntityOfPage\":{\"@id\":\"https:\\\/\\\/autofans.com.ar\\\/index.php\\\/2023\\\/08\\\/02\\\/msc-cruceros-y-formula-1-alianza-en-el-gran-premio-de-belgica\\\/\"},\"wordCount\":563,\"image\":{\"@id\":\"https:\\\/\\\/autofans.com.ar\\\/index.php\\\/2023\\\/08\\\/02\\\/msc-cruceros-y-formula-1-alianza-en-el-gran-premio-de-belgica\\\/#primaryimage\"},\"thumbnailUrl\":\"https:\\\/\\\/autofans.com.ar\\\/wp-content\\\/uploads\\\/2023\\\/08\\\/fotos-1.jpg\",\"keywords\":[\"Experiencias\u00danicas\",\"Formula1\",\"GranPremio\",\"MSCCruceros\"],\"articleSection\":[\"BIZSTYLE\",\"NOTICIAS\"],\"inLanguage\":\"es\"},{\"@type\":\"WebPage\",\"@id\":\"https:\\\/\\\/autofans.com.ar\\\/index.php\\\/2023\\\/08\\\/02\\\/msc-cruceros-y-formula-1-alianza-en-el-gran-premio-de-belgica\\\/\",\"url\":\"https:\\\/\\\/autofans.com.ar\\\/index.php\\\/2023\\\/08\\\/02\\\/msc-cruceros-y-formula-1-alianza-en-el-gran-premio-de-belgica\\\/\",\"name\":\"MSC Cruceros y Formula 1: Alianza en el Gran Premio de B\u00e9lgica -\",\"isPartOf\":{\"@id\":\"https:\\\/\\\/autofans.com.ar\\\/#website\"},\"primaryImageOfPage\":{\"@id\":\"https:\\\/\\\/autofans.com.ar\\\/index.php\\\/2023\\\/08\\\/02\\\/msc-cruceros-y-formula-1-alianza-en-el-gran-premio-de-belgica\\\/#primaryimage\"},\"image\":{\"@id\":\"https:\\\/\\\/autofans.com.ar\\\/index.php\\\/2023\\\/08\\\/02\\\/msc-cruceros-y-formula-1-alianza-en-el-gran-premio-de-belgica\\\/#primaryimage\"},\"thumbnailUrl\":\"https:\\\/\\\/autofans.com.ar\\\/wp-content\\\/uploads\\\/2023\\\/08\\\/fotos-1.jpg\",\"datePublished\":\"2023-08-02T22:37:47+00:00\",\"author\":{\"@id\":\"https:\\\/\\\/autofans.com.ar\\\/#\\\/schema\\\/person\\\/4a8dda0b6df83ac3d6723e921274c2aa\"},\"description\":\"El Gran Premio de B\u00e9lgica de Formula 1\u00ae, donde MSC Cruceros, una de las marcas de cruceros m\u00e1s grandes y de m\u00e1s r\u00e1pido crecimiento del mundo..\",\"breadcrumb\":{\"@id\":\"https:\\\/\\\/autofans.com.ar\\\/index.php\\\/2023\\\/08\\\/02\\\/msc-cruceros-y-formula-1-alianza-en-el-gran-premio-de-belgica\\\/#breadcrumb\"},\"inLanguage\":\"es\",\"potentialAction\":[{\"@type\":\"ReadAction\",\"target\":[\"https:\\\/\\\/autofans.com.ar\\\/index.php\\\/2023\\\/08\\\/02\\\/msc-cruceros-y-formula-1-alianza-en-el-gran-premio-de-belgica\\\/\"]}]},{\"@type\":\"ImageObject\",\"inLanguage\":\"es\",\"@id\":\"https:\\\/\\\/autofans.com.ar\\\/index.php\\\/2023\\\/08\\\/02\\\/msc-cruceros-y-formula-1-alianza-en-el-gran-premio-de-belgica\\\/#primaryimage\",\"url\":\"https:\\\/\\\/autofans.com.ar\\\/wp-content\\\/uploads\\\/2023\\\/08\\\/fotos-1.jpg\",\"contentUrl\":\"https:\\\/\\\/autofans.com.ar\\\/wp-content\\\/uploads\\\/2023\\\/08\\\/fotos-1.jpg\",\"width\":1000,\"height\":667,\"caption\":\"MSC cruceros y F1\"},{\"@type\":\"BreadcrumbList\",\"@id\":\"https:\\\/\\\/autofans.com.ar\\\/index.php\\\/2023\\\/08\\\/02\\\/msc-cruceros-y-formula-1-alianza-en-el-gran-premio-de-belgica\\\/#breadcrumb\",\"itemListElement\":[{\"@type\":\"ListItem\",\"position\":1,\"name\":\"Inicio\",\"item\":\"https:\\\/\\\/autofans.com.ar\\\/\"},{\"@type\":\"ListItem\",\"position\":2,\"name\":\"MSC Cruceros y Formula 1: Alianza en el Gran Premio de B\u00e9lgica\"}]},{\"@type\":\"WebSite\",\"@id\":\"https:\\\/\\\/autofans.com.ar\\\/#website\",\"url\":\"https:\\\/\\\/autofans.com.ar\\\/\",\"name\":\"\",\"description\":\"El multimedio referente de la industria automotriz\",\"potentialAction\":[{\"@type\":\"SearchAction\",\"target\":{\"@type\":\"EntryPoint\",\"urlTemplate\":\"https:\\\/\\\/autofans.com.ar\\\/?s={search_term_string}\"},\"query-input\":{\"@type\":\"PropertyValueSpecification\",\"valueRequired\":true,\"valueName\":\"search_term_string\"}}],\"inLanguage\":\"es\"},{\"@type\":\"Person\",\"@id\":\"https:\\\/\\\/autofans.com.ar\\\/#\\\/schema\\\/person\\\/4a8dda0b6df83ac3d6723e921274c2aa\",\"name\":\"Alejandro Gabriel Rosito\",\"image\":{\"@type\":\"ImageObject\",\"inLanguage\":\"es\",\"@id\":\"https:\\\/\\\/secure.gravatar.com\\\/avatar\\\/16c5dda1489adfc62618084dcbb91cffd879c374b13fe5dd8e44ed6733852c88?s=96&d=mm&r=g\",\"url\":\"https:\\\/\\\/secure.gravatar.com\\\/avatar\\\/16c5dda1489adfc62618084dcbb91cffd879c374b13fe5dd8e44ed6733852c88?s=96&d=mm&r=g\",\"contentUrl\":\"https:\\\/\\\/secure.gravatar.com\\\/avatar\\\/16c5dda1489adfc62618084dcbb91cffd879c374b13fe5dd8e44ed6733852c88?s=96&d=mm&r=g\",\"caption\":\"Alejandro Gabriel Rosito\"},\"url\":\"https:\\\/\\\/autofans.com.ar\\\/index.php\\\/author\\\/gabrielr\\\/\"}]}<\/script>\n<!-- \/ Yoast SEO plugin. -->","yoast_head_json":{"title":"MSC Cruceros y Formula 1: Alianza en el Gran Premio de B\u00e9lgica -","description":"El Gran Premio de B\u00e9lgica de Formula 1\u00ae, donde MSC Cruceros, una de las marcas de cruceros m\u00e1s grandes y de m\u00e1s r\u00e1pido crecimiento del mundo..","robots":{"index":"index","follow":"follow","max-snippet":"max-snippet:-1","max-image-preview":"max-image-preview:large","max-video-preview":"max-video-preview:-1"},"canonical":"https:\/\/autofans.com.ar\/index.php\/2023\/08\/02\/msc-cruceros-y-formula-1-alianza-en-el-gran-premio-de-belgica\/","og_locale":"es_ES","og_type":"article","og_title":"MSC Cruceros y Formula 1: Alianza en el Gran Premio de B\u00e9lgica -","og_description":"El Gran Premio de B\u00e9lgica de Formula 1\u00ae, donde MSC Cruceros, una de las marcas de cruceros m\u00e1s grandes y de m\u00e1s r\u00e1pido crecimiento del mundo..","og_url":"https:\/\/autofans.com.ar\/index.php\/2023\/08\/02\/msc-cruceros-y-formula-1-alianza-en-el-gran-premio-de-belgica\/","article_published_time":"2023-08-02T22:37:47+00:00","og_image":[{"width":1000,"height":667,"url":"https:\/\/autofans.com.ar\/wp-content\/uploads\/2023\/08\/fotos-1.jpg","type":"image\/jpeg"}],"author":"Alejandro Gabriel Rosito","twitter_card":"summary_large_image","twitter_misc":{"Escrito por":"Alejandro Gabriel Rosito","Tiempo de lectura":"3 minutos"},"schema":{"@context":"https:\/\/schema.org","@graph":[{"@type":"Article","@id":"https:\/\/autofans.com.ar\/index.php\/2023\/08\/02\/msc-cruceros-y-formula-1-alianza-en-el-gran-premio-de-belgica\/#article","isPartOf":{"@id":"https:\/\/autofans.com.ar\/index.php\/2023\/08\/02\/msc-cruceros-y-formula-1-alianza-en-el-gran-premio-de-belgica\/"},"author":{"name":"Alejandro Gabriel Rosito","@id":"https:\/\/autofans.com.ar\/#\/schema\/person\/4a8dda0b6df83ac3d6723e921274c2aa"},"headline":"MSC Cruceros y Formula 1: Alianza en el Gran Premio de B\u00e9lgica","datePublished":"2023-08-02T22:37:47+00:00","mainEntityOfPage":{"@id":"https:\/\/autofans.com.ar\/index.php\/2023\/08\/02\/msc-cruceros-y-formula-1-alianza-en-el-gran-premio-de-belgica\/"},"wordCount":563,"image":{"@id":"https:\/\/autofans.com.ar\/index.php\/2023\/08\/02\/msc-cruceros-y-formula-1-alianza-en-el-gran-premio-de-belgica\/#primaryimage"},"thumbnailUrl":"https:\/\/autofans.com.ar\/wp-content\/uploads\/2023\/08\/fotos-1.jpg","keywords":["Experiencias\u00danicas","Formula1","GranPremio","MSCCruceros"],"articleSection":["BIZSTYLE","NOTICIAS"],"inLanguage":"es"},{"@type":"WebPage","@id":"https:\/\/autofans.com.ar\/index.php\/2023\/08\/02\/msc-cruceros-y-formula-1-alianza-en-el-gran-premio-de-belgica\/","url":"https:\/\/autofans.com.ar\/index.php\/2023\/08\/02\/msc-cruceros-y-formula-1-alianza-en-el-gran-premio-de-belgica\/","name":"MSC Cruceros y Formula 1: Alianza en el Gran Premio de B\u00e9lgica -","isPartOf":{"@id":"https:\/\/autofans.com.ar\/#website"},"primaryImageOfPage":{"@id":"https:\/\/autofans.com.ar\/index.php\/2023\/08\/02\/msc-cruceros-y-formula-1-alianza-en-el-gran-premio-de-belgica\/#primaryimage"},"image":{"@id":"https:\/\/autofans.com.ar\/index.php\/2023\/08\/02\/msc-cruceros-y-formula-1-alianza-en-el-gran-premio-de-belgica\/#primaryimage"},"thumbnailUrl":"https:\/\/autofans.com.ar\/wp-content\/uploads\/2023\/08\/fotos-1.jpg","datePublished":"2023-08-02T22:37:47+00:00","author":{"@id":"https:\/\/autofans.com.ar\/#\/schema\/person\/4a8dda0b6df83ac3d6723e921274c2aa"},"description":"El Gran Premio de B\u00e9lgica de Formula 1\u00ae, donde MSC Cruceros, una de las marcas de cruceros m\u00e1s grandes y de m\u00e1s r\u00e1pido crecimiento del mundo..","breadcrumb":{"@id":"https:\/\/autofans.com.ar\/index.php\/2023\/08\/02\/msc-cruceros-y-formula-1-alianza-en-el-gran-premio-de-belgica\/#breadcrumb"},"inLanguage":"es","potentialAction":[{"@type":"ReadAction","target":["https:\/\/autofans.com.ar\/index.php\/2023\/08\/02\/msc-cruceros-y-formula-1-alianza-en-el-gran-premio-de-belgica\/"]}]},{"@type":"ImageObject","inLanguage":"es","@id":"https:\/\/autofans.com.ar\/index.php\/2023\/08\/02\/msc-cruceros-y-formula-1-alianza-en-el-gran-premio-de-belgica\/#primaryimage","url":"https:\/\/autofans.com.ar\/wp-content\/uploads\/2023\/08\/fotos-1.jpg","contentUrl":"https:\/\/autofans.com.ar\/wp-content\/uploads\/2023\/08\/fotos-1.jpg","width":1000,"height":667,"caption":"MSC cruceros y F1"},{"@type":"BreadcrumbList","@id":"https:\/\/autofans.com.ar\/index.php\/2023\/08\/02\/msc-cruceros-y-formula-1-alianza-en-el-gran-premio-de-belgica\/#breadcrumb","itemListElement":[{"@type":"ListItem","position":1,"name":"Inicio","item":"https:\/\/autofans.com.ar\/"},{"@type":"ListItem","position":2,"name":"MSC Cruceros y Formula 1: Alianza en el Gran Premio de B\u00e9lgica"}]},{"@type":"WebSite","@id":"https:\/\/autofans.com.ar\/#website","url":"https:\/\/autofans.com.ar\/","name":"","description":"El multimedio referente de la industria automotriz","potentialAction":[{"@type":"SearchAction","target":{"@type":"EntryPoint","urlTemplate":"https:\/\/autofans.com.ar\/?s={search_term_string}"},"query-input":{"@type":"PropertyValueSpecification","valueRequired":true,"valueName":"search_term_string"}}],"inLanguage":"es"},{"@type":"Person","@id":"https:\/\/autofans.com.ar\/#\/schema\/person\/4a8dda0b6df83ac3d6723e921274c2aa","name":"Alejandro Gabriel Rosito","image":{"@type":"ImageObject","inLanguage":"es","@id":"https:\/\/secure.gravatar.com\/avatar\/16c5dda1489adfc62618084dcbb91cffd879c374b13fe5dd8e44ed6733852c88?s=96&d=mm&r=g","url":"https:\/\/secure.gravatar.com\/avatar\/16c5dda1489adfc62618084dcbb91cffd879c374b13fe5dd8e44ed6733852c88?s=96&d=mm&r=g","contentUrl":"https:\/\/secure.gravatar.com\/avatar\/16c5dda1489adfc62618084dcbb91cffd879c374b13fe5dd8e44ed6733852c88?s=96&d=mm&r=g","caption":"Alejandro Gabriel Rosito"},"url":"https:\/\/autofans.com.ar\/index.php\/author\/gabrielr\/"}]}},"featured_image_urls":{"full":["https:\/\/autofans.com.ar\/wp-content\/uploads\/2023\/08\/fotos-1.jpg",1000,667,false],"thumbnail":["https:\/\/autofans.com.ar\/wp-content\/uploads\/2023\/08\/fotos-1-150x150.jpg",150,150,true],"medium":["https:\/\/autofans.com.ar\/wp-content\/uploads\/2023\/08\/fotos-1-300x200.jpg",300,200,true],"medium_large":["https:\/\/autofans.com.ar\/wp-content\/uploads\/2023\/08\/fotos-1-768x512.jpg",640,427,true],"large":["https:\/\/autofans.com.ar\/wp-content\/uploads\/2023\/08\/fotos-1.jpg",640,427,false],"1536x1536":["https:\/\/autofans.com.ar\/wp-content\/uploads\/2023\/08\/fotos-1.jpg",1000,667,false],"2048x2048":["https:\/\/autofans.com.ar\/wp-content\/uploads\/2023\/08\/fotos-1.jpg",1000,667,false],"covernews-featured":["https:\/\/autofans.com.ar\/wp-content\/uploads\/2023\/08\/fotos-1.jpg",1000,667,false],"covernews-medium":["https:\/\/autofans.com.ar\/wp-content\/uploads\/2023\/08\/fotos-1-540x340.jpg",540,340,true]},"author_info":{"display_name":"Alejandro Gabriel Rosito","author_link":"https:\/\/autofans.com.ar\/index.php\/author\/gabrielr\/"},"category_info":"<a href=\"https:\/\/autofans.com.ar\/index.php\/category\/noticias\/bizstyle\/\" rel=\"category tag\">BIZSTYLE<\/a> <a href=\"https:\/\/autofans.com.ar\/index.php\/category\/noticias\/\" rel=\"category tag\">NOTICIAS<\/a>","tag_info":"NOTICIAS","comment_count":0,"_links":{"self":[{"href":"https:\/\/autofans.com.ar\/index.php\/wp-json\/wp\/v2\/posts\/4364","targetHints":{"allow":["GET"]}}],"collection":[{"href":"https:\/\/autofans.com.ar\/index.php\/wp-json\/wp\/v2\/posts"}],"about":[{"href":"https:\/\/autofans.com.ar\/index.php\/wp-json\/wp\/v2\/types\/post"}],"author":[{"embeddable":true,"href":"https:\/\/autofans.com.ar\/index.php\/wp-json\/wp\/v2\/users\/2"}],"replies":[{"embeddable":true,"href":"https:\/\/autofans.com.ar\/index.php\/wp-json\/wp\/v2\/comments?post=4364"}],"version-history":[{"count":8,"href":"https:\/\/autofans.com.ar\/index.php\/wp-json\/wp\/v2\/posts\/4364\/revisions"}],"predecessor-version":[{"id":4379,"href":"https:\/\/autofans.com.ar\/index.php\/wp-json\/wp\/v2\/posts\/4364\/revisions\/4379"}],"wp:featuredmedia":[{"embeddable":true,"href":"https:\/\/autofans.com.ar\/index.php\/wp-json\/wp\/v2\/media\/4367"}],"wp:attachment":[{"href":"https:\/\/autofans.com.ar\/index.php\/wp-json\/wp\/v2\/media?parent=4364"}],"wp:term":[{"taxonomy":"category","embeddable":true,"href":"https:\/\/autofans.com.ar\/index.php\/wp-json\/wp\/v2\/categories?post=4364"},{"taxonomy":"post_tag","embeddable":true,"href":"https:\/\/autofans.com.ar\/index.php\/wp-json\/wp\/v2\/tags?post=4364"}],"curies":[{"name":"wp","href":"https:\/\/api.w.org\/{rel}","templated":true}]}}