{"id":4432,"date":"2023-08-07T12:11:42","date_gmt":"2023-08-07T15:11:42","guid":{"rendered":"https:\/\/autofans.com.ar\/?p=4432"},"modified":"2023-08-07T12:11:42","modified_gmt":"2023-08-07T15:11:42","slug":"vivi-el-invierno-al-maximo-con-citroen-en-bariloche","status":"publish","type":"post","link":"https:\/\/autofans.com.ar\/index.php\/2023\/08\/07\/vivi-el-invierno-al-maximo-con-citroen-en-bariloche\/","title":{"rendered":"Viv\u00ed el Invierno al m\u00e1ximo con CITRO\u00cbN en Bariloche"},"content":{"rendered":"<p>Descubr\u00ed c\u00f3mo CITRO\u00cbN transforma tu estad\u00eda en Bariloche este invierno 2023 con la aut\u00e9ntica #XperienciaCitro\u00ebn. Disfruta de incre\u00edbles descuentos y beneficios en clases de esqu\u00ed, alquiler de equipos y experiencias gastron\u00f3micas exclusivas para los amantes de la marca. \u00a1Vive el invierno de manera \u00fanica junto al Nuevo C3 y los SUV C4 Cactus y C5 Aircross!<\/p>\n<p>&nbsp;<\/p>\n<h2>Descuentos y Privilegios con Citro\u00ebn en Bariloche<\/h2>\n<p>La temporada invernal 2023 ha llegado, y con ella, CITRO\u00cbN te invita a vivir una experiencia sin igual en el coraz\u00f3n de Bariloche. Sumergite en la magia de la nieve mientras disfrutas de privilegios exclusivos que solo la marca puede ofrecerte. Hasta el 20 de septiembre, los propietarios de veh\u00edculos CITRO\u00cbN podr\u00e1n deleitarse con descuentos inigualables y ventajas especiales en una variedad de atracciones y servicios en el famoso centro invernal.<\/p>\n<p>&nbsp;<\/p>\n<div id='gallery-1' class='gallery galleryid-4432 gallery-columns-2 gallery-size-full'><figure class='gallery-item'>\n\t\t\t<div class='gallery-icon landscape'>\n\t\t\t\t<a href='https:\/\/autofans.com.ar\/index.php\/2023\/08\/07\/vivi-el-invierno-al-maximo-con-citroen-en-bariloche\/foto-3-193\/'><img loading=\"lazy\" width=\"1000\" height=\"667\" src=\"https:\/\/autofans.com.ar\/wp-content\/uploads\/2023\/08\/foto-3-5.jpg\" class=\"attachment-full size-full\" alt=\"Citro\u00ebn Bariloche\" srcset=\"https:\/\/autofans.com.ar\/wp-content\/uploads\/2023\/08\/foto-3-5.jpg 1000w, https:\/\/autofans.com.ar\/wp-content\/uploads\/2023\/08\/foto-3-5-300x200.jpg 300w, https:\/\/autofans.com.ar\/wp-content\/uploads\/2023\/08\/foto-3-5-768x512.jpg 768w\" sizes=\"auto, (max-width: 1000px) 100vw, 1000px\" loading=\"lazy\" decoding=\"async\" \/><\/a>\n\t\t\t<\/div><\/figure><figure class='gallery-item'>\n\t\t\t<div class='gallery-icon landscape'>\n\t\t\t\t<a href='https:\/\/autofans.com.ar\/index.php\/2023\/08\/07\/vivi-el-invierno-al-maximo-con-citroen-en-bariloche\/foto-4-139\/'><img loading=\"lazy\" width=\"1000\" height=\"667\" src=\"https:\/\/autofans.com.ar\/wp-content\/uploads\/2023\/08\/foto-4-4.jpg\" class=\"attachment-full size-full\" alt=\"Citro\u00ebn Bariloche\" srcset=\"https:\/\/autofans.com.ar\/wp-content\/uploads\/2023\/08\/foto-4-4.jpg 1000w, https:\/\/autofans.com.ar\/wp-content\/uploads\/2023\/08\/foto-4-4-300x200.jpg 300w, https:\/\/autofans.com.ar\/wp-content\/uploads\/2023\/08\/foto-4-4-768x512.jpg 768w\" sizes=\"auto, (max-width: 1000px) 100vw, 1000px\" loading=\"lazy\" decoding=\"async\" \/><\/a>\n\t\t\t<\/div><\/figure>\n\t\t<\/div>\n\n<p>&nbsp;<\/p>\n<p>BENEFICIOS QUE NO DEBES PERDERTE:<\/p>\n<ul>\n<li><strong>Escuela de Esqu\u00ed Fire On Ice:<\/strong> Aprend\u00e9 a dominar las pistas con un 20% de descuento en efectivo o d\u00e9bito, y un 10% de descuento en tarjeta de cr\u00e9dito para clases y equipos de esqu\u00ed.<\/li>\n<li><strong>Parador LA ROCA:<\/strong> Viv\u00ed una experiencia \u00fanica con acceso VIP en el Lago y disfruta de una copa de bienvenida a 1800 metros de altura.<\/li>\n<li><strong>Parador CASA CUMBRE:<\/strong> Accede al VIP exclusivo y recib\u00ed una copa de bienvenida en este lugar emblem\u00e1tico.<\/li>\n<\/ul>\n<p>&nbsp;<\/p>\n<p>&nbsp;<\/p>\n<p><img fetchpriority=\"high\" decoding=\"async\" class=\"aligncenter wp-image-4440 size-full\" src=\"https:\/\/autofans.com.ar\/wp-content\/uploads\/2023\/08\/foto-5-2.jpg\" alt=\"Citro\u00ebn Bariloche\" width=\"1000\" height=\"667\" srcset=\"https:\/\/autofans.com.ar\/wp-content\/uploads\/2023\/08\/foto-5-2.jpg 1000w, https:\/\/autofans.com.ar\/wp-content\/uploads\/2023\/08\/foto-5-2-300x200.jpg 300w, https:\/\/autofans.com.ar\/wp-content\/uploads\/2023\/08\/foto-5-2-768x512.jpg 768w\" sizes=\"(max-width: 1000px) 100vw, 1000px\" \/><\/p>\n<p>&nbsp;<\/p>\n<p>La presencia de CITRO\u00cbN en Bariloche no se limita solo a los beneficios excepcionales, sino que tambi\u00e9n incluye una exhibici\u00f3n din\u00e1mica de sus modelos estrella. Explora de cerca el Nuevo Citro\u00ebn C3 y los SUV C4 Cactus y C5 Aircross mientras te sumerges en la belleza natural de la regi\u00f3n.<\/p>\n<blockquote>\n<p style=\"text-align: center;\">Federico Frascaroli, expres\u00f3: \u00abInvitamos a todos nuestros clientes presentes en Bariloche hasta el 20 de septiembre a disfrutar de la experiencia que CITRO\u00cbN ha preparado para ellos. Descuentos en alquiler de equipos y clases de esqu\u00ed, adem\u00e1s de vivir la experiencia gastron\u00f3mica en paradores exclusivos. Esta es la oportunidad perfecta para explorar nuestros modelos en una de las ciudades m\u00e1s ic\u00f3nicas del sur de nuestro pa\u00eds.\u00bb<\/p>\n<\/blockquote>\n<p>\u00a1No pierdas la oportunidad de hacer que tu invierno sea inolvidable con la #XperienciaCitro\u00ebn en Bariloche! Convert\u00ed tus d\u00edas de fr\u00edo en momentos llenos de emociones y descubrimientos.<\/p>\n<p>&nbsp;<\/p>\n<p>&nbsp;<\/p>\n<p><i>Para enterarte de m\u00e1s novedades, no dejes de leer\u00a0<\/i><a href=\"https:\/\/autofans.thebrandsoup.com\/\"><i>nuestras notas<\/i><\/a><i>, de ver<\/i><b><i>\u00a0<\/i><\/b><a href=\"https:\/\/www.youtube.com\/channel\/UCgAC8UGHZYbT6P7PpmVnP7g\"><b><i>AUTOFANS TV<\/i><\/b><\/a><b><i>\u00a0<\/i><\/b><i>en nuestro\u00a0canal de Youtube. Adem\u00e1s seguinos en\u00a0<\/i><a href=\"https:\/\/www.instagram.com\/autofanstv\/\"><i>INSTAGRAM<\/i><\/a><i> y <\/i><a href=\"https:\/\/www.facebook.com\/autofansmas\/\"><i>FACEBOOK<\/i><\/a><i> para no perderte nada sobre las novedades del segmento automotor de Argentina y el mundo. <\/i><\/p>\n","protected":false},"excerpt":{"rendered":"<p>Descubr\u00ed c\u00f3mo CITRO\u00cbN transforma tu estad\u00eda en Bariloche este invierno 2023 con la aut\u00e9ntica #XperienciaCitro\u00ebn&#8230;.<\/p>\n","protected":false},"author":2,"featured_media":4433,"comment_status":"closed","ping_status":"closed","sticky":false,"template":"","format":"standard","meta":{"footnotes":""},"categories":[6,16],"tags":[2172,2174,464,207,603,2016,2173,2178,2177,2175,2176],"class_list":["post-4432","post","type-post","status-publish","format-standard","has-post-thumbnail","hentry","category-bizstyle","category-noticias","tag-xperienciacitroen","tag-bariloche","tag-beneficios","tag-citroen-argentina","tag-descuentos","tag-experiencias-exclusivas","tag-invierno-2023","tag-nieve","tag-nuevo-c3","tag-suv-c4-cactus","tag-suv-c5-aircross"],"yoast_head":"<!-- This site is optimized with the Yoast SEO plugin v27.5 - https:\/\/yoast.com\/product\/yoast-seo-wordpress\/ -->\n<title>Viv\u00ed el Invierno al m\u00e1ximo con CITRO\u00cbN en Bariloche -<\/title>\n<meta name=\"description\" content=\"Descubr\u00ed c\u00f3mo CITRO\u00cbN transforma tu estad\u00eda en Bariloche este invierno 2023 con la aut\u00e9ntica #XperienciaCitro\u00ebn. Disfruta de descuentos...\" \/>\n<meta name=\"robots\" content=\"index, follow, max-snippet:-1, max-image-preview:large, max-video-preview:-1\" \/>\n<link rel=\"canonical\" href=\"https:\/\/autofans.com.ar\/index.php\/2023\/08\/07\/vivi-el-invierno-al-maximo-con-citroen-en-bariloche\/\" \/>\n<meta property=\"og:locale\" content=\"es_ES\" \/>\n<meta property=\"og:type\" content=\"article\" \/>\n<meta property=\"og:title\" content=\"Viv\u00ed el Invierno al m\u00e1ximo con CITRO\u00cbN en Bariloche -\" \/>\n<meta property=\"og:description\" content=\"Descubr\u00ed c\u00f3mo CITRO\u00cbN transforma tu estad\u00eda en Bariloche este invierno 2023 con la aut\u00e9ntica #XperienciaCitro\u00ebn. Disfruta de descuentos...\" \/>\n<meta property=\"og:url\" content=\"https:\/\/autofans.com.ar\/index.php\/2023\/08\/07\/vivi-el-invierno-al-maximo-con-citroen-en-bariloche\/\" \/>\n<meta property=\"article:published_time\" content=\"2023-08-07T15:11:42+00:00\" \/>\n<meta property=\"og:image\" content=\"https:\/\/autofans.com.ar\/wp-content\/uploads\/2023\/08\/foto-1-6.jpg\" \/>\n\t<meta property=\"og:image:width\" content=\"1000\" \/>\n\t<meta property=\"og:image:height\" content=\"667\" \/>\n\t<meta property=\"og:image:type\" content=\"image\/jpeg\" \/>\n<meta name=\"author\" content=\"Alejandro Gabriel Rosito\" \/>\n<meta name=\"twitter:card\" content=\"summary_large_image\" \/>\n<meta name=\"twitter:label1\" content=\"Escrito por\" \/>\n\t<meta name=\"twitter:data1\" content=\"Alejandro Gabriel Rosito\" \/>\n\t<meta name=\"twitter:label2\" content=\"Tiempo de lectura\" \/>\n\t<meta name=\"twitter:data2\" content=\"2 minutos\" \/>\n<script type=\"application\/ld+json\" class=\"yoast-schema-graph\">{\"@context\":\"https:\\\/\\\/schema.org\",\"@graph\":[{\"@type\":\"Article\",\"@id\":\"https:\\\/\\\/autofans.com.ar\\\/index.php\\\/2023\\\/08\\\/07\\\/vivi-el-invierno-al-maximo-con-citroen-en-bariloche\\\/#article\",\"isPartOf\":{\"@id\":\"https:\\\/\\\/autofans.com.ar\\\/index.php\\\/2023\\\/08\\\/07\\\/vivi-el-invierno-al-maximo-con-citroen-en-bariloche\\\/\"},\"author\":{\"name\":\"Alejandro Gabriel Rosito\",\"@id\":\"https:\\\/\\\/autofans.com.ar\\\/#\\\/schema\\\/person\\\/4a8dda0b6df83ac3d6723e921274c2aa\"},\"headline\":\"Viv\u00ed el Invierno al m\u00e1ximo con CITRO\u00cbN en Bariloche\",\"datePublished\":\"2023-08-07T15:11:42+00:00\",\"mainEntityOfPage\":{\"@id\":\"https:\\\/\\\/autofans.com.ar\\\/index.php\\\/2023\\\/08\\\/07\\\/vivi-el-invierno-al-maximo-con-citroen-en-bariloche\\\/\"},\"wordCount\":451,\"image\":{\"@id\":\"https:\\\/\\\/autofans.com.ar\\\/index.php\\\/2023\\\/08\\\/07\\\/vivi-el-invierno-al-maximo-con-citroen-en-bariloche\\\/#primaryimage\"},\"thumbnailUrl\":\"https:\\\/\\\/autofans.com.ar\\\/wp-content\\\/uploads\\\/2023\\\/08\\\/foto-1-6.jpg\",\"keywords\":[\"#XperienciaCitro\u00ebn\",\"Bariloche\",\"beneficios\",\"Citroen Argentina\",\"descuentos\",\"experiencias exclusivas\",\"invierno 2023\",\"nieve\",\"Nuevo C3\",\"SUV C4 Cactus\",\"SUV C5 Aircross\"],\"articleSection\":[\"BIZSTYLE\",\"NOTICIAS\"],\"inLanguage\":\"es\"},{\"@type\":\"WebPage\",\"@id\":\"https:\\\/\\\/autofans.com.ar\\\/index.php\\\/2023\\\/08\\\/07\\\/vivi-el-invierno-al-maximo-con-citroen-en-bariloche\\\/\",\"url\":\"https:\\\/\\\/autofans.com.ar\\\/index.php\\\/2023\\\/08\\\/07\\\/vivi-el-invierno-al-maximo-con-citroen-en-bariloche\\\/\",\"name\":\"Viv\u00ed el Invierno al m\u00e1ximo con CITRO\u00cbN en Bariloche -\",\"isPartOf\":{\"@id\":\"https:\\\/\\\/autofans.com.ar\\\/#website\"},\"primaryImageOfPage\":{\"@id\":\"https:\\\/\\\/autofans.com.ar\\\/index.php\\\/2023\\\/08\\\/07\\\/vivi-el-invierno-al-maximo-con-citroen-en-bariloche\\\/#primaryimage\"},\"image\":{\"@id\":\"https:\\\/\\\/autofans.com.ar\\\/index.php\\\/2023\\\/08\\\/07\\\/vivi-el-invierno-al-maximo-con-citroen-en-bariloche\\\/#primaryimage\"},\"thumbnailUrl\":\"https:\\\/\\\/autofans.com.ar\\\/wp-content\\\/uploads\\\/2023\\\/08\\\/foto-1-6.jpg\",\"datePublished\":\"2023-08-07T15:11:42+00:00\",\"author\":{\"@id\":\"https:\\\/\\\/autofans.com.ar\\\/#\\\/schema\\\/person\\\/4a8dda0b6df83ac3d6723e921274c2aa\"},\"description\":\"Descubr\u00ed c\u00f3mo CITRO\u00cbN transforma tu estad\u00eda en Bariloche este invierno 2023 con la aut\u00e9ntica #XperienciaCitro\u00ebn. Disfruta de descuentos...\",\"breadcrumb\":{\"@id\":\"https:\\\/\\\/autofans.com.ar\\\/index.php\\\/2023\\\/08\\\/07\\\/vivi-el-invierno-al-maximo-con-citroen-en-bariloche\\\/#breadcrumb\"},\"inLanguage\":\"es\",\"potentialAction\":[{\"@type\":\"ReadAction\",\"target\":[\"https:\\\/\\\/autofans.com.ar\\\/index.php\\\/2023\\\/08\\\/07\\\/vivi-el-invierno-al-maximo-con-citroen-en-bariloche\\\/\"]}]},{\"@type\":\"ImageObject\",\"inLanguage\":\"es\",\"@id\":\"https:\\\/\\\/autofans.com.ar\\\/index.php\\\/2023\\\/08\\\/07\\\/vivi-el-invierno-al-maximo-con-citroen-en-bariloche\\\/#primaryimage\",\"url\":\"https:\\\/\\\/autofans.com.ar\\\/wp-content\\\/uploads\\\/2023\\\/08\\\/foto-1-6.jpg\",\"contentUrl\":\"https:\\\/\\\/autofans.com.ar\\\/wp-content\\\/uploads\\\/2023\\\/08\\\/foto-1-6.jpg\",\"width\":1000,\"height\":667,\"caption\":\"Citro\u00ebn Bariloche\"},{\"@type\":\"BreadcrumbList\",\"@id\":\"https:\\\/\\\/autofans.com.ar\\\/index.php\\\/2023\\\/08\\\/07\\\/vivi-el-invierno-al-maximo-con-citroen-en-bariloche\\\/#breadcrumb\",\"itemListElement\":[{\"@type\":\"ListItem\",\"position\":1,\"name\":\"Inicio\",\"item\":\"https:\\\/\\\/autofans.com.ar\\\/\"},{\"@type\":\"ListItem\",\"position\":2,\"name\":\"Viv\u00ed el Invierno al m\u00e1ximo con CITRO\u00cbN en Bariloche\"}]},{\"@type\":\"WebSite\",\"@id\":\"https:\\\/\\\/autofans.com.ar\\\/#website\",\"url\":\"https:\\\/\\\/autofans.com.ar\\\/\",\"name\":\"\",\"description\":\"El multimedio referente de la industria automotriz\",\"potentialAction\":[{\"@type\":\"SearchAction\",\"target\":{\"@type\":\"EntryPoint\",\"urlTemplate\":\"https:\\\/\\\/autofans.com.ar\\\/?s={search_term_string}\"},\"query-input\":{\"@type\":\"PropertyValueSpecification\",\"valueRequired\":true,\"valueName\":\"search_term_string\"}}],\"inLanguage\":\"es\"},{\"@type\":\"Person\",\"@id\":\"https:\\\/\\\/autofans.com.ar\\\/#\\\/schema\\\/person\\\/4a8dda0b6df83ac3d6723e921274c2aa\",\"name\":\"Alejandro Gabriel Rosito\",\"image\":{\"@type\":\"ImageObject\",\"inLanguage\":\"es\",\"@id\":\"https:\\\/\\\/secure.gravatar.com\\\/avatar\\\/16c5dda1489adfc62618084dcbb91cffd879c374b13fe5dd8e44ed6733852c88?s=96&d=mm&r=g\",\"url\":\"https:\\\/\\\/secure.gravatar.com\\\/avatar\\\/16c5dda1489adfc62618084dcbb91cffd879c374b13fe5dd8e44ed6733852c88?s=96&d=mm&r=g\",\"contentUrl\":\"https:\\\/\\\/secure.gravatar.com\\\/avatar\\\/16c5dda1489adfc62618084dcbb91cffd879c374b13fe5dd8e44ed6733852c88?s=96&d=mm&r=g\",\"caption\":\"Alejandro Gabriel Rosito\"},\"url\":\"https:\\\/\\\/autofans.com.ar\\\/index.php\\\/author\\\/gabrielr\\\/\"}]}<\/script>\n<!-- \/ Yoast SEO plugin. -->","yoast_head_json":{"title":"Viv\u00ed el Invierno al m\u00e1ximo con CITRO\u00cbN en Bariloche -","description":"Descubr\u00ed c\u00f3mo CITRO\u00cbN transforma tu estad\u00eda en Bariloche este invierno 2023 con la aut\u00e9ntica #XperienciaCitro\u00ebn. Disfruta de descuentos...","robots":{"index":"index","follow":"follow","max-snippet":"max-snippet:-1","max-image-preview":"max-image-preview:large","max-video-preview":"max-video-preview:-1"},"canonical":"https:\/\/autofans.com.ar\/index.php\/2023\/08\/07\/vivi-el-invierno-al-maximo-con-citroen-en-bariloche\/","og_locale":"es_ES","og_type":"article","og_title":"Viv\u00ed el Invierno al m\u00e1ximo con CITRO\u00cbN en Bariloche -","og_description":"Descubr\u00ed c\u00f3mo CITRO\u00cbN transforma tu estad\u00eda en Bariloche este invierno 2023 con la aut\u00e9ntica #XperienciaCitro\u00ebn. Disfruta de descuentos...","og_url":"https:\/\/autofans.com.ar\/index.php\/2023\/08\/07\/vivi-el-invierno-al-maximo-con-citroen-en-bariloche\/","article_published_time":"2023-08-07T15:11:42+00:00","og_image":[{"width":1000,"height":667,"url":"https:\/\/autofans.com.ar\/wp-content\/uploads\/2023\/08\/foto-1-6.jpg","type":"image\/jpeg"}],"author":"Alejandro Gabriel Rosito","twitter_card":"summary_large_image","twitter_misc":{"Escrito por":"Alejandro Gabriel Rosito","Tiempo de lectura":"2 minutos"},"schema":{"@context":"https:\/\/schema.org","@graph":[{"@type":"Article","@id":"https:\/\/autofans.com.ar\/index.php\/2023\/08\/07\/vivi-el-invierno-al-maximo-con-citroen-en-bariloche\/#article","isPartOf":{"@id":"https:\/\/autofans.com.ar\/index.php\/2023\/08\/07\/vivi-el-invierno-al-maximo-con-citroen-en-bariloche\/"},"author":{"name":"Alejandro Gabriel Rosito","@id":"https:\/\/autofans.com.ar\/#\/schema\/person\/4a8dda0b6df83ac3d6723e921274c2aa"},"headline":"Viv\u00ed el Invierno al m\u00e1ximo con CITRO\u00cbN en Bariloche","datePublished":"2023-08-07T15:11:42+00:00","mainEntityOfPage":{"@id":"https:\/\/autofans.com.ar\/index.php\/2023\/08\/07\/vivi-el-invierno-al-maximo-con-citroen-en-bariloche\/"},"wordCount":451,"image":{"@id":"https:\/\/autofans.com.ar\/index.php\/2023\/08\/07\/vivi-el-invierno-al-maximo-con-citroen-en-bariloche\/#primaryimage"},"thumbnailUrl":"https:\/\/autofans.com.ar\/wp-content\/uploads\/2023\/08\/foto-1-6.jpg","keywords":["#XperienciaCitro\u00ebn","Bariloche","beneficios","Citroen Argentina","descuentos","experiencias exclusivas","invierno 2023","nieve","Nuevo C3","SUV C4 Cactus","SUV C5 Aircross"],"articleSection":["BIZSTYLE","NOTICIAS"],"inLanguage":"es"},{"@type":"WebPage","@id":"https:\/\/autofans.com.ar\/index.php\/2023\/08\/07\/vivi-el-invierno-al-maximo-con-citroen-en-bariloche\/","url":"https:\/\/autofans.com.ar\/index.php\/2023\/08\/07\/vivi-el-invierno-al-maximo-con-citroen-en-bariloche\/","name":"Viv\u00ed el Invierno al m\u00e1ximo con CITRO\u00cbN en Bariloche -","isPartOf":{"@id":"https:\/\/autofans.com.ar\/#website"},"primaryImageOfPage":{"@id":"https:\/\/autofans.com.ar\/index.php\/2023\/08\/07\/vivi-el-invierno-al-maximo-con-citroen-en-bariloche\/#primaryimage"},"image":{"@id":"https:\/\/autofans.com.ar\/index.php\/2023\/08\/07\/vivi-el-invierno-al-maximo-con-citroen-en-bariloche\/#primaryimage"},"thumbnailUrl":"https:\/\/autofans.com.ar\/wp-content\/uploads\/2023\/08\/foto-1-6.jpg","datePublished":"2023-08-07T15:11:42+00:00","author":{"@id":"https:\/\/autofans.com.ar\/#\/schema\/person\/4a8dda0b6df83ac3d6723e921274c2aa"},"description":"Descubr\u00ed c\u00f3mo CITRO\u00cbN transforma tu estad\u00eda en Bariloche este invierno 2023 con la aut\u00e9ntica #XperienciaCitro\u00ebn. Disfruta de descuentos...","breadcrumb":{"@id":"https:\/\/autofans.com.ar\/index.php\/2023\/08\/07\/vivi-el-invierno-al-maximo-con-citroen-en-bariloche\/#breadcrumb"},"inLanguage":"es","potentialAction":[{"@type":"ReadAction","target":["https:\/\/autofans.com.ar\/index.php\/2023\/08\/07\/vivi-el-invierno-al-maximo-con-citroen-en-bariloche\/"]}]},{"@type":"ImageObject","inLanguage":"es","@id":"https:\/\/autofans.com.ar\/index.php\/2023\/08\/07\/vivi-el-invierno-al-maximo-con-citroen-en-bariloche\/#primaryimage","url":"https:\/\/autofans.com.ar\/wp-content\/uploads\/2023\/08\/foto-1-6.jpg","contentUrl":"https:\/\/autofans.com.ar\/wp-content\/uploads\/2023\/08\/foto-1-6.jpg","width":1000,"height":667,"caption":"Citro\u00ebn Bariloche"},{"@type":"BreadcrumbList","@id":"https:\/\/autofans.com.ar\/index.php\/2023\/08\/07\/vivi-el-invierno-al-maximo-con-citroen-en-bariloche\/#breadcrumb","itemListElement":[{"@type":"ListItem","position":1,"name":"Inicio","item":"https:\/\/autofans.com.ar\/"},{"@type":"ListItem","position":2,"name":"Viv\u00ed el Invierno al m\u00e1ximo con CITRO\u00cbN en Bariloche"}]},{"@type":"WebSite","@id":"https:\/\/autofans.com.ar\/#website","url":"https:\/\/autofans.com.ar\/","name":"","description":"El multimedio referente de la industria automotriz","potentialAction":[{"@type":"SearchAction","target":{"@type":"EntryPoint","urlTemplate":"https:\/\/autofans.com.ar\/?s={search_term_string}"},"query-input":{"@type":"PropertyValueSpecification","valueRequired":true,"valueName":"search_term_string"}}],"inLanguage":"es"},{"@type":"Person","@id":"https:\/\/autofans.com.ar\/#\/schema\/person\/4a8dda0b6df83ac3d6723e921274c2aa","name":"Alejandro Gabriel Rosito","image":{"@type":"ImageObject","inLanguage":"es","@id":"https:\/\/secure.gravatar.com\/avatar\/16c5dda1489adfc62618084dcbb91cffd879c374b13fe5dd8e44ed6733852c88?s=96&d=mm&r=g","url":"https:\/\/secure.gravatar.com\/avatar\/16c5dda1489adfc62618084dcbb91cffd879c374b13fe5dd8e44ed6733852c88?s=96&d=mm&r=g","contentUrl":"https:\/\/secure.gravatar.com\/avatar\/16c5dda1489adfc62618084dcbb91cffd879c374b13fe5dd8e44ed6733852c88?s=96&d=mm&r=g","caption":"Alejandro Gabriel Rosito"},"url":"https:\/\/autofans.com.ar\/index.php\/author\/gabrielr\/"}]}},"featured_image_urls":{"full":["https:\/\/autofans.com.ar\/wp-content\/uploads\/2023\/08\/foto-1-6.jpg",1000,667,false],"thumbnail":["https:\/\/autofans.com.ar\/wp-content\/uploads\/2023\/08\/foto-1-6-150x150.jpg",150,150,true],"medium":["https:\/\/autofans.com.ar\/wp-content\/uploads\/2023\/08\/foto-1-6-300x200.jpg",300,200,true],"medium_large":["https:\/\/autofans.com.ar\/wp-content\/uploads\/2023\/08\/foto-1-6-768x512.jpg",640,427,true],"large":["https:\/\/autofans.com.ar\/wp-content\/uploads\/2023\/08\/foto-1-6.jpg",640,427,false],"1536x1536":["https:\/\/autofans.com.ar\/wp-content\/uploads\/2023\/08\/foto-1-6.jpg",1000,667,false],"2048x2048":["https:\/\/autofans.com.ar\/wp-content\/uploads\/2023\/08\/foto-1-6.jpg",1000,667,false],"covernews-featured":["https:\/\/autofans.com.ar\/wp-content\/uploads\/2023\/08\/foto-1-6.jpg",1000,667,false],"covernews-medium":["https:\/\/autofans.com.ar\/wp-content\/uploads\/2023\/08\/foto-1-6-540x340.jpg",540,340,true]},"author_info":{"display_name":"Alejandro Gabriel Rosito","author_link":"https:\/\/autofans.com.ar\/index.php\/author\/gabrielr\/"},"category_info":"<a href=\"https:\/\/autofans.com.ar\/index.php\/category\/noticias\/bizstyle\/\" rel=\"category tag\">BIZSTYLE<\/a> <a href=\"https:\/\/autofans.com.ar\/index.php\/category\/noticias\/\" rel=\"category tag\">NOTICIAS<\/a>","tag_info":"NOTICIAS","comment_count":0,"_links":{"self":[{"href":"https:\/\/autofans.com.ar\/index.php\/wp-json\/wp\/v2\/posts\/4432","targetHints":{"allow":["GET"]}}],"collection":[{"href":"https:\/\/autofans.com.ar\/index.php\/wp-json\/wp\/v2\/posts"}],"about":[{"href":"https:\/\/autofans.com.ar\/index.php\/wp-json\/wp\/v2\/types\/post"}],"author":[{"embeddable":true,"href":"https:\/\/autofans.com.ar\/index.php\/wp-json\/wp\/v2\/users\/2"}],"replies":[{"embeddable":true,"href":"https:\/\/autofans.com.ar\/index.php\/wp-json\/wp\/v2\/comments?post=4432"}],"version-history":[{"count":5,"href":"https:\/\/autofans.com.ar\/index.php\/wp-json\/wp\/v2\/posts\/4432\/revisions"}],"predecessor-version":[{"id":4442,"href":"https:\/\/autofans.com.ar\/index.php\/wp-json\/wp\/v2\/posts\/4432\/revisions\/4442"}],"wp:featuredmedia":[{"embeddable":true,"href":"https:\/\/autofans.com.ar\/index.php\/wp-json\/wp\/v2\/media\/4433"}],"wp:attachment":[{"href":"https:\/\/autofans.com.ar\/index.php\/wp-json\/wp\/v2\/media?parent=4432"}],"wp:term":[{"taxonomy":"category","embeddable":true,"href":"https:\/\/autofans.com.ar\/index.php\/wp-json\/wp\/v2\/categories?post=4432"},{"taxonomy":"post_tag","embeddable":true,"href":"https:\/\/autofans.com.ar\/index.php\/wp-json\/wp\/v2\/tags?post=4432"}],"curies":[{"name":"wp","href":"https:\/\/api.w.org\/{rel}","templated":true}]}}