{"id":4443,"date":"2023-08-07T20:16:23","date_gmt":"2023-08-07T23:16:23","guid":{"rendered":"https:\/\/autofans.com.ar\/?p=4443"},"modified":"2023-08-07T20:16:23","modified_gmt":"2023-08-07T23:16:23","slug":"toyota-pone-fin-a-la-era-etios-en-argentina","status":"publish","type":"post","link":"https:\/\/autofans.com.ar\/index.php\/2023\/08\/07\/toyota-pone-fin-a-la-era-etios-en-argentina\/","title":{"rendered":"Toyota Pone Fin a la Era Etios en Argentina"},"content":{"rendered":"<p>Toyota pone fin a una d\u00e9cada de triunfos con la despedida del Etios en Argentina. M\u00e1s de 200,000 unidades vendidas desde 2013 marcan su legado, asegurando continuidad en la atenci\u00f3n posventa y repuestos. Conoce los detalles de esta decisi\u00f3n y el futuro de la marca en el mercado automotor.<\/p>\n<p>&nbsp;<\/p>\n<h2>Toyota marca el final de una d\u00e9cada<\/h2>\n<p>En un movimiento estrat\u00e9gico que marca el cierre de un cap\u00edtulo de \u00e9xitos, Toyota ha anunciado oficialmente la interrupci\u00f3n de la producci\u00f3n del ic\u00f3nico modelo Etios en Brasil para el mercado argentino, a partir del pr\u00f3ximo 31 de agosto. Esta decisi\u00f3n se enmarca en la expansi\u00f3n de Toyota en la regi\u00f3n y la optimizaci\u00f3n de su planta de producci\u00f3n en Sorocaba, la cual ahora se centrar\u00e1 en la fabricaci\u00f3n de los populares modelos Yaris y Corolla Cross.<\/p>\n<p>&nbsp;<\/p>\n<div id='gallery-1' class='gallery galleryid-4443 gallery-columns-3 gallery-size-full'><figure class='gallery-item'>\n\t\t\t<div class='gallery-icon landscape'>\n\t\t\t\t<a href='https:\/\/autofans.com.ar\/index.php\/2023\/08\/07\/toyota-pone-fin-a-la-era-etios-en-argentina\/foto-8-24\/'><img loading=\"lazy\" width=\"1000\" height=\"667\" src=\"https:\/\/autofans.com.ar\/wp-content\/uploads\/2023\/08\/foto-8.jpg\" class=\"attachment-full size-full\" alt=\"etios\" srcset=\"https:\/\/autofans.com.ar\/wp-content\/uploads\/2023\/08\/foto-8.jpg 1000w, https:\/\/autofans.com.ar\/wp-content\/uploads\/2023\/08\/foto-8-300x200.jpg 300w, https:\/\/autofans.com.ar\/wp-content\/uploads\/2023\/08\/foto-8-768x512.jpg 768w\" sizes=\"auto, (max-width: 1000px) 100vw, 1000px\" loading=\"lazy\" decoding=\"async\" \/><\/a>\n\t\t\t<\/div><\/figure><figure class='gallery-item'>\n\t\t\t<div class='gallery-icon landscape'>\n\t\t\t\t<a href='https:\/\/autofans.com.ar\/index.php\/2023\/08\/07\/toyota-pone-fin-a-la-era-etios-en-argentina\/foto-10-9\/'><img loading=\"lazy\" width=\"1000\" height=\"667\" src=\"https:\/\/autofans.com.ar\/wp-content\/uploads\/2023\/08\/foto-10.jpg\" class=\"attachment-full size-full\" alt=\"etios\" srcset=\"https:\/\/autofans.com.ar\/wp-content\/uploads\/2023\/08\/foto-10.jpg 1000w, https:\/\/autofans.com.ar\/wp-content\/uploads\/2023\/08\/foto-10-300x200.jpg 300w, https:\/\/autofans.com.ar\/wp-content\/uploads\/2023\/08\/foto-10-768x512.jpg 768w\" sizes=\"auto, (max-width: 1000px) 100vw, 1000px\" loading=\"lazy\" decoding=\"async\" \/><\/a>\n\t\t\t<\/div><\/figure><figure class='gallery-item'>\n\t\t\t<div class='gallery-icon landscape'>\n\t\t\t\t<a href='https:\/\/autofans.com.ar\/index.php\/2023\/08\/07\/toyota-pone-fin-a-la-era-etios-en-argentina\/foto-9-9\/'><img loading=\"lazy\" width=\"1000\" height=\"667\" src=\"https:\/\/autofans.com.ar\/wp-content\/uploads\/2023\/08\/foto-9.jpg\" class=\"attachment-full size-full\" alt=\"etios\" srcset=\"https:\/\/autofans.com.ar\/wp-content\/uploads\/2023\/08\/foto-9.jpg 1000w, https:\/\/autofans.com.ar\/wp-content\/uploads\/2023\/08\/foto-9-300x200.jpg 300w, https:\/\/autofans.com.ar\/wp-content\/uploads\/2023\/08\/foto-9-768x512.jpg 768w\" sizes=\"auto, (max-width: 1000px) 100vw, 1000px\" loading=\"lazy\" decoding=\"async\" \/><\/a>\n\t\t\t<\/div><\/figure>\n\t\t<\/div>\n\n<p style=\"text-align: center;\"><a href=\"https:\/\/autofans.com.ar\/wp-content\/uploads\/2023\/08\/Etios-Aibo.pdf\">Ficha T\u00e9cnica Etios Aibo<\/a><\/p>\n<p>El Etios, que ha dominado el segmento B durante una d\u00e9cada, ha dejado una huella imborrable en el mercado automotor argentino. Desde su lanzamiento en 2013, este modelo compacto ha registrado un impresionante hito de m\u00e1s de 200,000 unidades patentadas en el pa\u00eds. Esta cifra refleja la confianza y preferencia que los consumidores argentinos han depositado en el Etios. Valorando su calidad, durabilidad y confiabilidad a lo largo de los a\u00f1os.<\/p>\n<p>&nbsp;<\/p>\n<h2>Continuidad en repuestos y atenci\u00f3n posventa<\/h2>\n<p>Toyota, comprometida con su lema de \u00abCalidad, Durabilidad y Confiabilidad\u00bb, ha asegurado a los propietarios actuales y futuros del Etios que la provisi\u00f3n de repuestos y la atenci\u00f3n posventa continuar\u00e1n siendo prioritarias en su red de concesionarios oficiales en todo el pa\u00eds. Adem\u00e1s, el Etios permanecer\u00e1 en la l\u00ednea de productos de KINTO, tanto para individuos como para empresas, asegurando una oferta vers\u00e1til y atractiva para diversos perfiles de consumidores.<\/p>\n<p>&nbsp;<\/p>\n<p><a href=\"https:\/\/autofans.com.ar\/wp-content\/uploads\/2023\/08\/foto-6-1.jpg\"><img fetchpriority=\"high\" decoding=\"async\" class=\"aligncenter wp-image-4450 size-full\" src=\"https:\/\/autofans.com.ar\/wp-content\/uploads\/2023\/08\/foto-6-1.jpg\" alt=\"toyota\" width=\"1000\" height=\"667\" srcset=\"https:\/\/autofans.com.ar\/wp-content\/uploads\/2023\/08\/foto-6-1.jpg 1000w, https:\/\/autofans.com.ar\/wp-content\/uploads\/2023\/08\/foto-6-1-300x200.jpg 300w, https:\/\/autofans.com.ar\/wp-content\/uploads\/2023\/08\/foto-6-1-768x512.jpg 768w\" sizes=\"(max-width: 1000px) 100vw, 1000px\" \/><\/a><\/p>\n<p style=\"text-align: center;\"><a href=\"https:\/\/autofans.com.ar\/wp-content\/uploads\/2023\/08\/Etios.pdf\">Ficha T\u00e9cnica Etios<\/a><\/p>\n<p>En lo que respecta a los planes de ahorro, Toyota Plan ha confirmado su compromiso de acompa\u00f1ar a los suscriptores del Etios, brind\u00e1ndoles soluciones personalizadas que se ajusten a sus necesidades, en l\u00ednea con las regulaciones vigentes para la sustituci\u00f3n de modelos.<\/p>\n<p>&nbsp;<\/p>\n<h2>Del Etios al Yaris<\/h2>\n<p>La historia del Etios en Argentina no solo ha sido un \u00e9xito en s\u00ed misma, sino que tambi\u00e9n marc\u00f3 un hito en la estrategia de expansi\u00f3n de Toyota en el Mercosur. Como el primer veh\u00edculo compacto producido por la marca en la regi\u00f3n. El Etios desempe\u00f1\u00f3 un papel crucial en la ampliaci\u00f3n de la oferta de Toyota, preparando el terreno para la introducci\u00f3n del popular Yaris en 2018.<\/p>\n<p>&nbsp;<\/p>\n<p><img decoding=\"async\" class=\"aligncenter wp-image-4445 size-full\" src=\"https:\/\/autofans.com.ar\/wp-content\/uploads\/2023\/08\/foto-2-7.jpg\" alt=\"toyota\" width=\"1000\" height=\"667\" srcset=\"https:\/\/autofans.com.ar\/wp-content\/uploads\/2023\/08\/foto-2-7.jpg 1000w, https:\/\/autofans.com.ar\/wp-content\/uploads\/2023\/08\/foto-2-7-300x200.jpg 300w, https:\/\/autofans.com.ar\/wp-content\/uploads\/2023\/08\/foto-2-7-768x512.jpg 768w\" sizes=\"(max-width: 1000px) 100vw, 1000px\" \/><\/p>\n<p>&nbsp;<\/p>\n<p>Hoy en d\u00eda, el Yaris contin\u00faa consolid\u00e1ndose como uno de los modelos m\u00e1s vendidos en el segmento B. Atractivo para una amplia gama de consumidores gracias a sus ocho variantes que combinan juventud, dinamismo, confort y avanzado equipamiento de seguridad. En septiembre, la oferta de valor del Yaris se enriquecer\u00e1 a\u00fan m\u00e1s con la introducci\u00f3n de una variante con caja autom\u00e1tica en la versi\u00f3n XS. Brindando una experiencia de conducci\u00f3n a\u00fan m\u00e1s placentera y conveniente.<\/p>\n<p>&nbsp;<\/p>\n<p>A medida que <a href=\"https:\/\/autofans.com.ar\/?s=toyota\" target=\"_blank\" rel=\"noopener\">Toyota<\/a> cierra el cap\u00edtulo del Etios en Argentina. Su legado perdurar\u00e1 a trav\u00e9s de la atenci\u00f3n continua a los propietarios y la evoluci\u00f3n constante de su cartera de modelos, fortaleciendo su posici\u00f3n como l\u00edder en la industria automotriz.<\/p>\n<p>&nbsp;<\/p>\n<p>&nbsp;<\/p>\n<p><i>Para enterarte de m\u00e1s novedades, no dejes de leer\u00a0<\/i><a href=\"https:\/\/autofans.thebrandsoup.com\/\"><i>nuestras notas<\/i><\/a><i>, de ver<\/i><b><i>\u00a0<\/i><\/b><a href=\"https:\/\/www.youtube.com\/channel\/UCgAC8UGHZYbT6P7PpmVnP7g\"><b><i>AUTOFANS TV<\/i><\/b><\/a><b><i>\u00a0<\/i><\/b><i>en nuestro\u00a0canal de Youtube. Adem\u00e1s seguinos en\u00a0<\/i><a href=\"https:\/\/www.instagram.com\/autofanstv\/\"><i>INSTAGRAM<\/i><\/a><i> y <\/i><a href=\"https:\/\/www.facebook.com\/autofansmas\/\"><i>FACEBOOK<\/i><\/a><i> para no perderte nada sobre las novedades del segmento automotor de Argentina y el mundo. <\/i><\/p>\n","protected":false},"excerpt":{"rendered":"<p>Toyota pone fin a una d\u00e9cada de triunfos con la despedida del Etios en Argentina&#8230;.<\/p>\n","protected":false},"author":2,"featured_media":4449,"comment_status":"closed","ping_status":"closed","sticky":false,"template":"","format":"standard","meta":{"footnotes":""},"categories":[3,16],"tags":[38,2181,2180,1979,51,2179,2182,1097],"class_list":["post-4443","post","type-post","status-publish","format-standard","has-post-thumbnail","hentry","category-autos","category-noticias","tag-argentina","tag-atencion-posventa","tag-fin-de-produccion","tag-mercado-automotor","tag-toyota-argentina","tag-toyota-etios","tag-toyota-plan","tag-toyota-yaris"],"yoast_head":"<!-- This site is optimized with the Yoast SEO plugin v27.5 - https:\/\/yoast.com\/product\/yoast-seo-wordpress\/ -->\n<title>Toyota Pone Fin a la Era Etios en Argentina -<\/title>\n<meta name=\"description\" content=\"Toyota pone fin al Etios en Argentina. M\u00e1s de 200,000 unid. vendidas desde 2013 marcan su legado asegurando la atenci\u00f3n posventa y repuestos..\" \/>\n<meta name=\"robots\" content=\"index, follow, max-snippet:-1, max-image-preview:large, max-video-preview:-1\" \/>\n<link rel=\"canonical\" href=\"https:\/\/autofans.com.ar\/index.php\/2023\/08\/07\/toyota-pone-fin-a-la-era-etios-en-argentina\/\" \/>\n<meta property=\"og:locale\" content=\"es_ES\" \/>\n<meta property=\"og:type\" content=\"article\" \/>\n<meta property=\"og:title\" content=\"Toyota Pone Fin a la Era Etios en Argentina -\" \/>\n<meta property=\"og:description\" content=\"Toyota pone fin al Etios en Argentina. M\u00e1s de 200,000 unid. vendidas desde 2013 marcan su legado asegurando la atenci\u00f3n posventa y repuestos..\" \/>\n<meta property=\"og:url\" content=\"https:\/\/autofans.com.ar\/index.php\/2023\/08\/07\/toyota-pone-fin-a-la-era-etios-en-argentina\/\" \/>\n<meta property=\"article:published_time\" content=\"2023-08-07T23:16:23+00:00\" \/>\n<meta property=\"og:image\" content=\"https:\/\/autofans.com.ar\/wp-content\/uploads\/2023\/08\/foto-7-1.jpg\" \/>\n\t<meta property=\"og:image:width\" content=\"1000\" \/>\n\t<meta property=\"og:image:height\" content=\"667\" \/>\n\t<meta property=\"og:image:type\" content=\"image\/jpeg\" \/>\n<meta name=\"author\" content=\"Alejandro Gabriel Rosito\" \/>\n<meta name=\"twitter:card\" content=\"summary_large_image\" \/>\n<meta name=\"twitter:label1\" content=\"Escrito por\" \/>\n\t<meta name=\"twitter:data1\" content=\"Alejandro Gabriel Rosito\" \/>\n\t<meta name=\"twitter:label2\" content=\"Tiempo de lectura\" \/>\n\t<meta name=\"twitter:data2\" content=\"3 minutos\" \/>\n<script type=\"application\/ld+json\" class=\"yoast-schema-graph\">{\"@context\":\"https:\\\/\\\/schema.org\",\"@graph\":[{\"@type\":\"Article\",\"@id\":\"https:\\\/\\\/autofans.com.ar\\\/index.php\\\/2023\\\/08\\\/07\\\/toyota-pone-fin-a-la-era-etios-en-argentina\\\/#article\",\"isPartOf\":{\"@id\":\"https:\\\/\\\/autofans.com.ar\\\/index.php\\\/2023\\\/08\\\/07\\\/toyota-pone-fin-a-la-era-etios-en-argentina\\\/\"},\"author\":{\"name\":\"Alejandro Gabriel Rosito\",\"@id\":\"https:\\\/\\\/autofans.com.ar\\\/#\\\/schema\\\/person\\\/4a8dda0b6df83ac3d6723e921274c2aa\"},\"headline\":\"Toyota Pone Fin a la Era Etios en Argentina\",\"datePublished\":\"2023-08-07T23:16:23+00:00\",\"mainEntityOfPage\":{\"@id\":\"https:\\\/\\\/autofans.com.ar\\\/index.php\\\/2023\\\/08\\\/07\\\/toyota-pone-fin-a-la-era-etios-en-argentina\\\/\"},\"wordCount\":636,\"image\":{\"@id\":\"https:\\\/\\\/autofans.com.ar\\\/index.php\\\/2023\\\/08\\\/07\\\/toyota-pone-fin-a-la-era-etios-en-argentina\\\/#primaryimage\"},\"thumbnailUrl\":\"https:\\\/\\\/autofans.com.ar\\\/wp-content\\\/uploads\\\/2023\\\/08\\\/foto-7-1.jpg\",\"keywords\":[\"Argentina\",\"Atenci\u00f3n posventa\",\"Fin de producci\u00f3n\",\"mercado automotor\",\"Toyota Argentina\",\"Toyota Etios\",\"Toyota Plan\",\"Toyota Yaris\"],\"articleSection\":[\"AUTOS y SUV\",\"NOTICIAS\"],\"inLanguage\":\"es\"},{\"@type\":\"WebPage\",\"@id\":\"https:\\\/\\\/autofans.com.ar\\\/index.php\\\/2023\\\/08\\\/07\\\/toyota-pone-fin-a-la-era-etios-en-argentina\\\/\",\"url\":\"https:\\\/\\\/autofans.com.ar\\\/index.php\\\/2023\\\/08\\\/07\\\/toyota-pone-fin-a-la-era-etios-en-argentina\\\/\",\"name\":\"Toyota Pone Fin a la Era Etios en Argentina -\",\"isPartOf\":{\"@id\":\"https:\\\/\\\/autofans.com.ar\\\/#website\"},\"primaryImageOfPage\":{\"@id\":\"https:\\\/\\\/autofans.com.ar\\\/index.php\\\/2023\\\/08\\\/07\\\/toyota-pone-fin-a-la-era-etios-en-argentina\\\/#primaryimage\"},\"image\":{\"@id\":\"https:\\\/\\\/autofans.com.ar\\\/index.php\\\/2023\\\/08\\\/07\\\/toyota-pone-fin-a-la-era-etios-en-argentina\\\/#primaryimage\"},\"thumbnailUrl\":\"https:\\\/\\\/autofans.com.ar\\\/wp-content\\\/uploads\\\/2023\\\/08\\\/foto-7-1.jpg\",\"datePublished\":\"2023-08-07T23:16:23+00:00\",\"author\":{\"@id\":\"https:\\\/\\\/autofans.com.ar\\\/#\\\/schema\\\/person\\\/4a8dda0b6df83ac3d6723e921274c2aa\"},\"description\":\"Toyota pone fin al Etios en Argentina. M\u00e1s de 200,000 unid. vendidas desde 2013 marcan su legado asegurando la atenci\u00f3n posventa y repuestos..\",\"breadcrumb\":{\"@id\":\"https:\\\/\\\/autofans.com.ar\\\/index.php\\\/2023\\\/08\\\/07\\\/toyota-pone-fin-a-la-era-etios-en-argentina\\\/#breadcrumb\"},\"inLanguage\":\"es\",\"potentialAction\":[{\"@type\":\"ReadAction\",\"target\":[\"https:\\\/\\\/autofans.com.ar\\\/index.php\\\/2023\\\/08\\\/07\\\/toyota-pone-fin-a-la-era-etios-en-argentina\\\/\"]}]},{\"@type\":\"ImageObject\",\"inLanguage\":\"es\",\"@id\":\"https:\\\/\\\/autofans.com.ar\\\/index.php\\\/2023\\\/08\\\/07\\\/toyota-pone-fin-a-la-era-etios-en-argentina\\\/#primaryimage\",\"url\":\"https:\\\/\\\/autofans.com.ar\\\/wp-content\\\/uploads\\\/2023\\\/08\\\/foto-7-1.jpg\",\"contentUrl\":\"https:\\\/\\\/autofans.com.ar\\\/wp-content\\\/uploads\\\/2023\\\/08\\\/foto-7-1.jpg\",\"width\":1000,\"height\":667,\"caption\":\"toyota\"},{\"@type\":\"BreadcrumbList\",\"@id\":\"https:\\\/\\\/autofans.com.ar\\\/index.php\\\/2023\\\/08\\\/07\\\/toyota-pone-fin-a-la-era-etios-en-argentina\\\/#breadcrumb\",\"itemListElement\":[{\"@type\":\"ListItem\",\"position\":1,\"name\":\"Inicio\",\"item\":\"https:\\\/\\\/autofans.com.ar\\\/\"},{\"@type\":\"ListItem\",\"position\":2,\"name\":\"Toyota Pone Fin a la Era Etios en Argentina\"}]},{\"@type\":\"WebSite\",\"@id\":\"https:\\\/\\\/autofans.com.ar\\\/#website\",\"url\":\"https:\\\/\\\/autofans.com.ar\\\/\",\"name\":\"\",\"description\":\"El multimedio referente de la industria automotriz\",\"potentialAction\":[{\"@type\":\"SearchAction\",\"target\":{\"@type\":\"EntryPoint\",\"urlTemplate\":\"https:\\\/\\\/autofans.com.ar\\\/?s={search_term_string}\"},\"query-input\":{\"@type\":\"PropertyValueSpecification\",\"valueRequired\":true,\"valueName\":\"search_term_string\"}}],\"inLanguage\":\"es\"},{\"@type\":\"Person\",\"@id\":\"https:\\\/\\\/autofans.com.ar\\\/#\\\/schema\\\/person\\\/4a8dda0b6df83ac3d6723e921274c2aa\",\"name\":\"Alejandro Gabriel Rosito\",\"image\":{\"@type\":\"ImageObject\",\"inLanguage\":\"es\",\"@id\":\"https:\\\/\\\/secure.gravatar.com\\\/avatar\\\/16c5dda1489adfc62618084dcbb91cffd879c374b13fe5dd8e44ed6733852c88?s=96&d=mm&r=g\",\"url\":\"https:\\\/\\\/secure.gravatar.com\\\/avatar\\\/16c5dda1489adfc62618084dcbb91cffd879c374b13fe5dd8e44ed6733852c88?s=96&d=mm&r=g\",\"contentUrl\":\"https:\\\/\\\/secure.gravatar.com\\\/avatar\\\/16c5dda1489adfc62618084dcbb91cffd879c374b13fe5dd8e44ed6733852c88?s=96&d=mm&r=g\",\"caption\":\"Alejandro Gabriel Rosito\"},\"url\":\"https:\\\/\\\/autofans.com.ar\\\/index.php\\\/author\\\/gabrielr\\\/\"}]}<\/script>\n<!-- \/ Yoast SEO plugin. -->","yoast_head_json":{"title":"Toyota Pone Fin a la Era Etios en Argentina -","description":"Toyota pone fin al Etios en Argentina. M\u00e1s de 200,000 unid. vendidas desde 2013 marcan su legado asegurando la atenci\u00f3n posventa y repuestos..","robots":{"index":"index","follow":"follow","max-snippet":"max-snippet:-1","max-image-preview":"max-image-preview:large","max-video-preview":"max-video-preview:-1"},"canonical":"https:\/\/autofans.com.ar\/index.php\/2023\/08\/07\/toyota-pone-fin-a-la-era-etios-en-argentina\/","og_locale":"es_ES","og_type":"article","og_title":"Toyota Pone Fin a la Era Etios en Argentina -","og_description":"Toyota pone fin al Etios en Argentina. M\u00e1s de 200,000 unid. vendidas desde 2013 marcan su legado asegurando la atenci\u00f3n posventa y repuestos..","og_url":"https:\/\/autofans.com.ar\/index.php\/2023\/08\/07\/toyota-pone-fin-a-la-era-etios-en-argentina\/","article_published_time":"2023-08-07T23:16:23+00:00","og_image":[{"width":1000,"height":667,"url":"https:\/\/autofans.com.ar\/wp-content\/uploads\/2023\/08\/foto-7-1.jpg","type":"image\/jpeg"}],"author":"Alejandro Gabriel Rosito","twitter_card":"summary_large_image","twitter_misc":{"Escrito por":"Alejandro Gabriel Rosito","Tiempo de lectura":"3 minutos"},"schema":{"@context":"https:\/\/schema.org","@graph":[{"@type":"Article","@id":"https:\/\/autofans.com.ar\/index.php\/2023\/08\/07\/toyota-pone-fin-a-la-era-etios-en-argentina\/#article","isPartOf":{"@id":"https:\/\/autofans.com.ar\/index.php\/2023\/08\/07\/toyota-pone-fin-a-la-era-etios-en-argentina\/"},"author":{"name":"Alejandro Gabriel Rosito","@id":"https:\/\/autofans.com.ar\/#\/schema\/person\/4a8dda0b6df83ac3d6723e921274c2aa"},"headline":"Toyota Pone Fin a la Era Etios en Argentina","datePublished":"2023-08-07T23:16:23+00:00","mainEntityOfPage":{"@id":"https:\/\/autofans.com.ar\/index.php\/2023\/08\/07\/toyota-pone-fin-a-la-era-etios-en-argentina\/"},"wordCount":636,"image":{"@id":"https:\/\/autofans.com.ar\/index.php\/2023\/08\/07\/toyota-pone-fin-a-la-era-etios-en-argentina\/#primaryimage"},"thumbnailUrl":"https:\/\/autofans.com.ar\/wp-content\/uploads\/2023\/08\/foto-7-1.jpg","keywords":["Argentina","Atenci\u00f3n posventa","Fin de producci\u00f3n","mercado automotor","Toyota Argentina","Toyota Etios","Toyota Plan","Toyota Yaris"],"articleSection":["AUTOS y SUV","NOTICIAS"],"inLanguage":"es"},{"@type":"WebPage","@id":"https:\/\/autofans.com.ar\/index.php\/2023\/08\/07\/toyota-pone-fin-a-la-era-etios-en-argentina\/","url":"https:\/\/autofans.com.ar\/index.php\/2023\/08\/07\/toyota-pone-fin-a-la-era-etios-en-argentina\/","name":"Toyota Pone Fin a la Era Etios en Argentina -","isPartOf":{"@id":"https:\/\/autofans.com.ar\/#website"},"primaryImageOfPage":{"@id":"https:\/\/autofans.com.ar\/index.php\/2023\/08\/07\/toyota-pone-fin-a-la-era-etios-en-argentina\/#primaryimage"},"image":{"@id":"https:\/\/autofans.com.ar\/index.php\/2023\/08\/07\/toyota-pone-fin-a-la-era-etios-en-argentina\/#primaryimage"},"thumbnailUrl":"https:\/\/autofans.com.ar\/wp-content\/uploads\/2023\/08\/foto-7-1.jpg","datePublished":"2023-08-07T23:16:23+00:00","author":{"@id":"https:\/\/autofans.com.ar\/#\/schema\/person\/4a8dda0b6df83ac3d6723e921274c2aa"},"description":"Toyota pone fin al Etios en Argentina. M\u00e1s de 200,000 unid. vendidas desde 2013 marcan su legado asegurando la atenci\u00f3n posventa y repuestos..","breadcrumb":{"@id":"https:\/\/autofans.com.ar\/index.php\/2023\/08\/07\/toyota-pone-fin-a-la-era-etios-en-argentina\/#breadcrumb"},"inLanguage":"es","potentialAction":[{"@type":"ReadAction","target":["https:\/\/autofans.com.ar\/index.php\/2023\/08\/07\/toyota-pone-fin-a-la-era-etios-en-argentina\/"]}]},{"@type":"ImageObject","inLanguage":"es","@id":"https:\/\/autofans.com.ar\/index.php\/2023\/08\/07\/toyota-pone-fin-a-la-era-etios-en-argentina\/#primaryimage","url":"https:\/\/autofans.com.ar\/wp-content\/uploads\/2023\/08\/foto-7-1.jpg","contentUrl":"https:\/\/autofans.com.ar\/wp-content\/uploads\/2023\/08\/foto-7-1.jpg","width":1000,"height":667,"caption":"toyota"},{"@type":"BreadcrumbList","@id":"https:\/\/autofans.com.ar\/index.php\/2023\/08\/07\/toyota-pone-fin-a-la-era-etios-en-argentina\/#breadcrumb","itemListElement":[{"@type":"ListItem","position":1,"name":"Inicio","item":"https:\/\/autofans.com.ar\/"},{"@type":"ListItem","position":2,"name":"Toyota Pone Fin a la Era Etios en Argentina"}]},{"@type":"WebSite","@id":"https:\/\/autofans.com.ar\/#website","url":"https:\/\/autofans.com.ar\/","name":"","description":"El multimedio referente de la industria automotriz","potentialAction":[{"@type":"SearchAction","target":{"@type":"EntryPoint","urlTemplate":"https:\/\/autofans.com.ar\/?s={search_term_string}"},"query-input":{"@type":"PropertyValueSpecification","valueRequired":true,"valueName":"search_term_string"}}],"inLanguage":"es"},{"@type":"Person","@id":"https:\/\/autofans.com.ar\/#\/schema\/person\/4a8dda0b6df83ac3d6723e921274c2aa","name":"Alejandro Gabriel Rosito","image":{"@type":"ImageObject","inLanguage":"es","@id":"https:\/\/secure.gravatar.com\/avatar\/16c5dda1489adfc62618084dcbb91cffd879c374b13fe5dd8e44ed6733852c88?s=96&d=mm&r=g","url":"https:\/\/secure.gravatar.com\/avatar\/16c5dda1489adfc62618084dcbb91cffd879c374b13fe5dd8e44ed6733852c88?s=96&d=mm&r=g","contentUrl":"https:\/\/secure.gravatar.com\/avatar\/16c5dda1489adfc62618084dcbb91cffd879c374b13fe5dd8e44ed6733852c88?s=96&d=mm&r=g","caption":"Alejandro Gabriel Rosito"},"url":"https:\/\/autofans.com.ar\/index.php\/author\/gabrielr\/"}]}},"featured_image_urls":{"full":["https:\/\/autofans.com.ar\/wp-content\/uploads\/2023\/08\/foto-7-1.jpg",1000,667,false],"thumbnail":["https:\/\/autofans.com.ar\/wp-content\/uploads\/2023\/08\/foto-7-1-150x150.jpg",150,150,true],"medium":["https:\/\/autofans.com.ar\/wp-content\/uploads\/2023\/08\/foto-7-1-300x200.jpg",300,200,true],"medium_large":["https:\/\/autofans.com.ar\/wp-content\/uploads\/2023\/08\/foto-7-1-768x512.jpg",640,427,true],"large":["https:\/\/autofans.com.ar\/wp-content\/uploads\/2023\/08\/foto-7-1.jpg",640,427,false],"1536x1536":["https:\/\/autofans.com.ar\/wp-content\/uploads\/2023\/08\/foto-7-1.jpg",1000,667,false],"2048x2048":["https:\/\/autofans.com.ar\/wp-content\/uploads\/2023\/08\/foto-7-1.jpg",1000,667,false],"covernews-featured":["https:\/\/autofans.com.ar\/wp-content\/uploads\/2023\/08\/foto-7-1.jpg",1000,667,false],"covernews-medium":["https:\/\/autofans.com.ar\/wp-content\/uploads\/2023\/08\/foto-7-1-540x340.jpg",540,340,true]},"author_info":{"display_name":"Alejandro Gabriel Rosito","author_link":"https:\/\/autofans.com.ar\/index.php\/author\/gabrielr\/"},"category_info":"<a href=\"https:\/\/autofans.com.ar\/index.php\/category\/noticias\/autos\/\" rel=\"category tag\">AUTOS y SUV<\/a> <a href=\"https:\/\/autofans.com.ar\/index.php\/category\/noticias\/\" rel=\"category tag\">NOTICIAS<\/a>","tag_info":"NOTICIAS","comment_count":0,"_links":{"self":[{"href":"https:\/\/autofans.com.ar\/index.php\/wp-json\/wp\/v2\/posts\/4443","targetHints":{"allow":["GET"]}}],"collection":[{"href":"https:\/\/autofans.com.ar\/index.php\/wp-json\/wp\/v2\/posts"}],"about":[{"href":"https:\/\/autofans.com.ar\/index.php\/wp-json\/wp\/v2\/types\/post"}],"author":[{"embeddable":true,"href":"https:\/\/autofans.com.ar\/index.php\/wp-json\/wp\/v2\/users\/2"}],"replies":[{"embeddable":true,"href":"https:\/\/autofans.com.ar\/index.php\/wp-json\/wp\/v2\/comments?post=4443"}],"version-history":[{"count":6,"href":"https:\/\/autofans.com.ar\/index.php\/wp-json\/wp\/v2\/posts\/4443\/revisions"}],"predecessor-version":[{"id":4459,"href":"https:\/\/autofans.com.ar\/index.php\/wp-json\/wp\/v2\/posts\/4443\/revisions\/4459"}],"wp:featuredmedia":[{"embeddable":true,"href":"https:\/\/autofans.com.ar\/index.php\/wp-json\/wp\/v2\/media\/4449"}],"wp:attachment":[{"href":"https:\/\/autofans.com.ar\/index.php\/wp-json\/wp\/v2\/media?parent=4443"}],"wp:term":[{"taxonomy":"category","embeddable":true,"href":"https:\/\/autofans.com.ar\/index.php\/wp-json\/wp\/v2\/categories?post=4443"},{"taxonomy":"post_tag","embeddable":true,"href":"https:\/\/autofans.com.ar\/index.php\/wp-json\/wp\/v2\/tags?post=4443"}],"curies":[{"name":"wp","href":"https:\/\/api.w.org\/{rel}","templated":true}]}}