{"id":4495,"date":"2023-08-09T12:28:08","date_gmt":"2023-08-09T15:28:08","guid":{"rendered":"https:\/\/autofans.com.ar\/?p=4495"},"modified":"2023-08-09T12:28:08","modified_gmt":"2023-08-09T15:28:08","slug":"mercedes-benz-accelo-20-anos-de-liderazgo-en-el-transporte-urbano","status":"publish","type":"post","link":"https:\/\/autofans.com.ar\/index.php\/2023\/08\/09\/mercedes-benz-accelo-20-anos-de-liderazgo-en-el-transporte-urbano\/","title":{"rendered":"Mercedes-Benz Accelo: 20 a\u00f1os de liderazgo en el transporte urbano"},"content":{"rendered":"<p>Mercedes-Benz Accelo ha transformado el transporte de carga urbana durante dos d\u00e9cadas en Am\u00e9rica Latina. Conoce sus caracter\u00edsticas de agilidad, tecnolog\u00eda y confiabilidad que lo han convertido en la opci\u00f3n preferida para propietarios de flotas y transportistas individuales. \u00a1Acomp\u00e1\u00f1anos en este recorrido por los 20 a\u00f1os de excelencia del Accelo!<\/p>\n<p>&nbsp;<\/p>\n<h2>Agilidad, durabilidad y tecnolog\u00eda<\/h2>\n<p>Desde su debut en 2003, este modelo ha revolucionado el concepto de transporte de carga urbana, ofreciendo una combinaci\u00f3n \u00fanica de agilidad, practicidad y tecnolog\u00eda de vanguardia.<\/p>\n<p>&nbsp;<\/p>\n<p><img fetchpriority=\"high\" decoding=\"async\" class=\"aligncenter wp-image-4496 size-full\" src=\"https:\/\/autofans.com.ar\/wp-content\/uploads\/2023\/08\/foto-2-11.jpg\" alt=\"Mercedes-Benz\" width=\"1000\" height=\"667\" srcset=\"https:\/\/autofans.com.ar\/wp-content\/uploads\/2023\/08\/foto-2-11.jpg 1000w, https:\/\/autofans.com.ar\/wp-content\/uploads\/2023\/08\/foto-2-11-300x200.jpg 300w, https:\/\/autofans.com.ar\/wp-content\/uploads\/2023\/08\/foto-2-11-768x512.jpg 768w\" sizes=\"(max-width: 1000px) 100vw, 1000px\" \/><\/p>\n<p>&nbsp;<\/p>\n<p>El Accelo se ha convertido en un emblema de la marca de la estrella. Destacando por su robustez, durabilidad y eficiencia. Su presencia en el mercado ha sido fundamental para propietarios de flotas y transportistas independientes. Brindando no solo un rendimiento excepcional, sino tambi\u00e9n ahorro en combustible y bajos costos operativos.<\/p>\n<p>&nbsp;<\/p>\n<h2>Mercedes-Benz Accelo &#8211; innovaci\u00f3n y excelencia<\/h2>\n<p>Este modelo ha evolucionado continuamente para adaptarse a las necesidades cambiantes del mercado. Su cabina \u00abhome office\u00bb revolucionaria, con detalles de dise\u00f1o pensados para la comodidad y practicidad del conductor, lo ha convertido en un verdadero aliado en las rutas urbanas. Adem\u00e1s, su tecnolog\u00eda de transmisi\u00f3n automatizada y sistemas de seguridad avanzados. Esto ha marcado nuevos est\u00e1ndares en el segmento.<\/p>\n<p>&nbsp;<\/p>\n<p><img decoding=\"async\" class=\"aligncenter wp-image-4498 size-full\" src=\"https:\/\/autofans.com.ar\/wp-content\/uploads\/2023\/08\/foto-1-10.jpg\" alt=\"Mercedes-Benz\" width=\"1000\" height=\"667\" srcset=\"https:\/\/autofans.com.ar\/wp-content\/uploads\/2023\/08\/foto-1-10.jpg 1000w, https:\/\/autofans.com.ar\/wp-content\/uploads\/2023\/08\/foto-1-10-300x200.jpg 300w, https:\/\/autofans.com.ar\/wp-content\/uploads\/2023\/08\/foto-1-10-768x512.jpg 768w\" sizes=\"(max-width: 1000px) 100vw, 1000px\" \/><\/p>\n<p>&nbsp;<\/p>\n<p>En Argentina, la planta de Mercedes-Benz Camiones y Buses ha sido clave en la producci\u00f3n y desarrollo de este cami\u00f3n emblem\u00e1tico. Con variantes de 8 y 10 toneladas de peso bruto total, el Accelo se adapta a diversas necesidades de carga y ofrece un desempe\u00f1o excepcional en todo tipo de condiciones viales.<\/p>\n<p>Mientras conmemoramos dos d\u00e9cadas de logros y \u00e9xito del Accelo, seguimos comprometidos con la innovaci\u00f3n y la excelencia en el transporte de mercanc\u00edas en Am\u00e9rica Latina. Unite a nosotros para celebrar este hito y descubrir por qu\u00e9 el Mercedes-Benz Accelo contin\u00faa siendo la opci\u00f3n preferida en el mundo del transporte de carga urbana.<\/p>\n<p>&nbsp;<\/p>\n<p>&nbsp;<\/p>\n<p><i>Para enterarte de m\u00e1s novedades, no dejes de leer\u00a0<\/i><a href=\"https:\/\/autofans.thebrandsoup.com\/\"><i>nuestras notas<\/i><\/a><i>, de ver<\/i><b><i>\u00a0<\/i><\/b><a href=\"https:\/\/www.youtube.com\/channel\/UCgAC8UGHZYbT6P7PpmVnP7g\"><b><i>AUTOFANS TV<\/i><\/b><\/a><b><i>\u00a0<\/i><\/b><i>en nuestro\u00a0canal de Youtube. Adem\u00e1s seguinos en\u00a0<\/i><a href=\"https:\/\/www.instagram.com\/autofanstv\/\"><i>INSTAGRAM<\/i><\/a><i> y <\/i><a href=\"https:\/\/www.facebook.com\/autofansmas\/\"><i>FACEBOOK<\/i><\/a><i> para no perderte nada sobre las novedades del segmento automotor de Argentina y el mundo. <\/i><\/p>\n","protected":false},"excerpt":{"rendered":"<p>Mercedes-Benz Accelo ha transformado el transporte de carga urbana durante dos d\u00e9cadas en Am\u00e9rica Latina&#8230;.<\/p>\n","protected":false},"author":2,"featured_media":4497,"comment_status":"closed","ping_status":"closed","sticky":false,"template":"","format":"standard","meta":{"footnotes":""},"categories":[16,5],"tags":[2212,2209,2211,2210,2207,869,2208],"class_list":["post-4495","post","type-post","status-publish","format-standard","has-post-thumbnail","hentry","category-noticias","category-otros","tag-20-anos-de-accelo","tag-camiones-livianos","tag-eficiencia-en-transporte","tag-innovacion-en-transporte","tag-mercedes-benz-accelo","tag-mercedes-benz-camiones-y-buses","tag-transporte-urbano-de-carga"],"yoast_head":"<!-- This site is optimized with the Yoast SEO plugin v27.5 - https:\/\/yoast.com\/product\/yoast-seo-wordpress\/ -->\n<title>Mercedes-Benz Accelo: 20 a\u00f1os de liderazgo en el transporte urbano -<\/title>\n<meta name=\"description\" content=\"Mercedes-Benz Accelo ha transformado el transporte de carga urbana durante dos d\u00e9cadas en Am\u00e9rica Latina. Conoce sus caracter\u00edsticas...\" \/>\n<meta name=\"robots\" content=\"index, follow, max-snippet:-1, max-image-preview:large, max-video-preview:-1\" \/>\n<link rel=\"canonical\" href=\"https:\/\/autofans.com.ar\/index.php\/2023\/08\/09\/mercedes-benz-accelo-20-anos-de-liderazgo-en-el-transporte-urbano\/\" \/>\n<meta property=\"og:locale\" content=\"es_ES\" \/>\n<meta property=\"og:type\" content=\"article\" \/>\n<meta property=\"og:title\" content=\"Mercedes-Benz Accelo: 20 a\u00f1os de liderazgo en el transporte urbano -\" \/>\n<meta property=\"og:description\" content=\"Mercedes-Benz Accelo ha transformado el transporte de carga urbana durante dos d\u00e9cadas en Am\u00e9rica Latina. Conoce sus caracter\u00edsticas...\" \/>\n<meta property=\"og:url\" content=\"https:\/\/autofans.com.ar\/index.php\/2023\/08\/09\/mercedes-benz-accelo-20-anos-de-liderazgo-en-el-transporte-urbano\/\" \/>\n<meta property=\"article:published_time\" content=\"2023-08-09T15:28:08+00:00\" \/>\n<meta property=\"og:image\" content=\"https:\/\/autofans.com.ar\/wp-content\/uploads\/2023\/08\/foto-3-10.jpg\" \/>\n\t<meta property=\"og:image:width\" content=\"1000\" \/>\n\t<meta property=\"og:image:height\" content=\"667\" \/>\n\t<meta property=\"og:image:type\" content=\"image\/jpeg\" \/>\n<meta name=\"author\" content=\"Alejandro Gabriel Rosito\" \/>\n<meta name=\"twitter:card\" content=\"summary_large_image\" \/>\n<meta name=\"twitter:label1\" content=\"Escrito por\" \/>\n\t<meta name=\"twitter:data1\" content=\"Alejandro Gabriel Rosito\" \/>\n\t<meta name=\"twitter:label2\" content=\"Tiempo de lectura\" \/>\n\t<meta name=\"twitter:data2\" content=\"2 minutos\" \/>\n<script type=\"application\/ld+json\" class=\"yoast-schema-graph\">{\"@context\":\"https:\\\/\\\/schema.org\",\"@graph\":[{\"@type\":\"Article\",\"@id\":\"https:\\\/\\\/autofans.com.ar\\\/index.php\\\/2023\\\/08\\\/09\\\/mercedes-benz-accelo-20-anos-de-liderazgo-en-el-transporte-urbano\\\/#article\",\"isPartOf\":{\"@id\":\"https:\\\/\\\/autofans.com.ar\\\/index.php\\\/2023\\\/08\\\/09\\\/mercedes-benz-accelo-20-anos-de-liderazgo-en-el-transporte-urbano\\\/\"},\"author\":{\"name\":\"Alejandro Gabriel Rosito\",\"@id\":\"https:\\\/\\\/autofans.com.ar\\\/#\\\/schema\\\/person\\\/4a8dda0b6df83ac3d6723e921274c2aa\"},\"headline\":\"Mercedes-Benz Accelo: 20 a\u00f1os de liderazgo en el transporte urbano\",\"datePublished\":\"2023-08-09T15:28:08+00:00\",\"mainEntityOfPage\":{\"@id\":\"https:\\\/\\\/autofans.com.ar\\\/index.php\\\/2023\\\/08\\\/09\\\/mercedes-benz-accelo-20-anos-de-liderazgo-en-el-transporte-urbano\\\/\"},\"wordCount\":387,\"image\":{\"@id\":\"https:\\\/\\\/autofans.com.ar\\\/index.php\\\/2023\\\/08\\\/09\\\/mercedes-benz-accelo-20-anos-de-liderazgo-en-el-transporte-urbano\\\/#primaryimage\"},\"thumbnailUrl\":\"https:\\\/\\\/autofans.com.ar\\\/wp-content\\\/uploads\\\/2023\\\/08\\\/foto-3-10.jpg\",\"keywords\":[\"20 a\u00f1os de Accelo\",\"camiones livianos\",\"eficiencia en transporte\",\"innovaci\u00f3n en transporte\",\"Mercedes-Benz Accelo\",\"Mercedes-Benz Camiones y Buses\",\"transporte urbano de carga\"],\"articleSection\":[\"NOTICIAS\",\"PICK UPs, UTILITARIOS Y OTROS\"],\"inLanguage\":\"es\"},{\"@type\":\"WebPage\",\"@id\":\"https:\\\/\\\/autofans.com.ar\\\/index.php\\\/2023\\\/08\\\/09\\\/mercedes-benz-accelo-20-anos-de-liderazgo-en-el-transporte-urbano\\\/\",\"url\":\"https:\\\/\\\/autofans.com.ar\\\/index.php\\\/2023\\\/08\\\/09\\\/mercedes-benz-accelo-20-anos-de-liderazgo-en-el-transporte-urbano\\\/\",\"name\":\"Mercedes-Benz Accelo: 20 a\u00f1os de liderazgo en el transporte urbano -\",\"isPartOf\":{\"@id\":\"https:\\\/\\\/autofans.com.ar\\\/#website\"},\"primaryImageOfPage\":{\"@id\":\"https:\\\/\\\/autofans.com.ar\\\/index.php\\\/2023\\\/08\\\/09\\\/mercedes-benz-accelo-20-anos-de-liderazgo-en-el-transporte-urbano\\\/#primaryimage\"},\"image\":{\"@id\":\"https:\\\/\\\/autofans.com.ar\\\/index.php\\\/2023\\\/08\\\/09\\\/mercedes-benz-accelo-20-anos-de-liderazgo-en-el-transporte-urbano\\\/#primaryimage\"},\"thumbnailUrl\":\"https:\\\/\\\/autofans.com.ar\\\/wp-content\\\/uploads\\\/2023\\\/08\\\/foto-3-10.jpg\",\"datePublished\":\"2023-08-09T15:28:08+00:00\",\"author\":{\"@id\":\"https:\\\/\\\/autofans.com.ar\\\/#\\\/schema\\\/person\\\/4a8dda0b6df83ac3d6723e921274c2aa\"},\"description\":\"Mercedes-Benz Accelo ha transformado el transporte de carga urbana durante dos d\u00e9cadas en Am\u00e9rica Latina. Conoce sus caracter\u00edsticas...\",\"breadcrumb\":{\"@id\":\"https:\\\/\\\/autofans.com.ar\\\/index.php\\\/2023\\\/08\\\/09\\\/mercedes-benz-accelo-20-anos-de-liderazgo-en-el-transporte-urbano\\\/#breadcrumb\"},\"inLanguage\":\"es\",\"potentialAction\":[{\"@type\":\"ReadAction\",\"target\":[\"https:\\\/\\\/autofans.com.ar\\\/index.php\\\/2023\\\/08\\\/09\\\/mercedes-benz-accelo-20-anos-de-liderazgo-en-el-transporte-urbano\\\/\"]}]},{\"@type\":\"ImageObject\",\"inLanguage\":\"es\",\"@id\":\"https:\\\/\\\/autofans.com.ar\\\/index.php\\\/2023\\\/08\\\/09\\\/mercedes-benz-accelo-20-anos-de-liderazgo-en-el-transporte-urbano\\\/#primaryimage\",\"url\":\"https:\\\/\\\/autofans.com.ar\\\/wp-content\\\/uploads\\\/2023\\\/08\\\/foto-3-10.jpg\",\"contentUrl\":\"https:\\\/\\\/autofans.com.ar\\\/wp-content\\\/uploads\\\/2023\\\/08\\\/foto-3-10.jpg\",\"width\":1000,\"height\":667,\"caption\":\"Mercedes-Benz\"},{\"@type\":\"BreadcrumbList\",\"@id\":\"https:\\\/\\\/autofans.com.ar\\\/index.php\\\/2023\\\/08\\\/09\\\/mercedes-benz-accelo-20-anos-de-liderazgo-en-el-transporte-urbano\\\/#breadcrumb\",\"itemListElement\":[{\"@type\":\"ListItem\",\"position\":1,\"name\":\"Inicio\",\"item\":\"https:\\\/\\\/autofans.com.ar\\\/\"},{\"@type\":\"ListItem\",\"position\":2,\"name\":\"Mercedes-Benz Accelo: 20 a\u00f1os de liderazgo en el transporte urbano\"}]},{\"@type\":\"WebSite\",\"@id\":\"https:\\\/\\\/autofans.com.ar\\\/#website\",\"url\":\"https:\\\/\\\/autofans.com.ar\\\/\",\"name\":\"\",\"description\":\"El multimedio referente de la industria automotriz\",\"potentialAction\":[{\"@type\":\"SearchAction\",\"target\":{\"@type\":\"EntryPoint\",\"urlTemplate\":\"https:\\\/\\\/autofans.com.ar\\\/?s={search_term_string}\"},\"query-input\":{\"@type\":\"PropertyValueSpecification\",\"valueRequired\":true,\"valueName\":\"search_term_string\"}}],\"inLanguage\":\"es\"},{\"@type\":\"Person\",\"@id\":\"https:\\\/\\\/autofans.com.ar\\\/#\\\/schema\\\/person\\\/4a8dda0b6df83ac3d6723e921274c2aa\",\"name\":\"Alejandro Gabriel Rosito\",\"image\":{\"@type\":\"ImageObject\",\"inLanguage\":\"es\",\"@id\":\"https:\\\/\\\/secure.gravatar.com\\\/avatar\\\/16c5dda1489adfc62618084dcbb91cffd879c374b13fe5dd8e44ed6733852c88?s=96&d=mm&r=g\",\"url\":\"https:\\\/\\\/secure.gravatar.com\\\/avatar\\\/16c5dda1489adfc62618084dcbb91cffd879c374b13fe5dd8e44ed6733852c88?s=96&d=mm&r=g\",\"contentUrl\":\"https:\\\/\\\/secure.gravatar.com\\\/avatar\\\/16c5dda1489adfc62618084dcbb91cffd879c374b13fe5dd8e44ed6733852c88?s=96&d=mm&r=g\",\"caption\":\"Alejandro Gabriel Rosito\"},\"url\":\"https:\\\/\\\/autofans.com.ar\\\/index.php\\\/author\\\/gabrielr\\\/\"}]}<\/script>\n<!-- \/ Yoast SEO plugin. -->","yoast_head_json":{"title":"Mercedes-Benz Accelo: 20 a\u00f1os de liderazgo en el transporte urbano -","description":"Mercedes-Benz Accelo ha transformado el transporte de carga urbana durante dos d\u00e9cadas en Am\u00e9rica Latina. Conoce sus caracter\u00edsticas...","robots":{"index":"index","follow":"follow","max-snippet":"max-snippet:-1","max-image-preview":"max-image-preview:large","max-video-preview":"max-video-preview:-1"},"canonical":"https:\/\/autofans.com.ar\/index.php\/2023\/08\/09\/mercedes-benz-accelo-20-anos-de-liderazgo-en-el-transporte-urbano\/","og_locale":"es_ES","og_type":"article","og_title":"Mercedes-Benz Accelo: 20 a\u00f1os de liderazgo en el transporte urbano -","og_description":"Mercedes-Benz Accelo ha transformado el transporte de carga urbana durante dos d\u00e9cadas en Am\u00e9rica Latina. Conoce sus caracter\u00edsticas...","og_url":"https:\/\/autofans.com.ar\/index.php\/2023\/08\/09\/mercedes-benz-accelo-20-anos-de-liderazgo-en-el-transporte-urbano\/","article_published_time":"2023-08-09T15:28:08+00:00","og_image":[{"width":1000,"height":667,"url":"https:\/\/autofans.com.ar\/wp-content\/uploads\/2023\/08\/foto-3-10.jpg","type":"image\/jpeg"}],"author":"Alejandro Gabriel Rosito","twitter_card":"summary_large_image","twitter_misc":{"Escrito por":"Alejandro Gabriel Rosito","Tiempo de lectura":"2 minutos"},"schema":{"@context":"https:\/\/schema.org","@graph":[{"@type":"Article","@id":"https:\/\/autofans.com.ar\/index.php\/2023\/08\/09\/mercedes-benz-accelo-20-anos-de-liderazgo-en-el-transporte-urbano\/#article","isPartOf":{"@id":"https:\/\/autofans.com.ar\/index.php\/2023\/08\/09\/mercedes-benz-accelo-20-anos-de-liderazgo-en-el-transporte-urbano\/"},"author":{"name":"Alejandro Gabriel Rosito","@id":"https:\/\/autofans.com.ar\/#\/schema\/person\/4a8dda0b6df83ac3d6723e921274c2aa"},"headline":"Mercedes-Benz Accelo: 20 a\u00f1os de liderazgo en el transporte urbano","datePublished":"2023-08-09T15:28:08+00:00","mainEntityOfPage":{"@id":"https:\/\/autofans.com.ar\/index.php\/2023\/08\/09\/mercedes-benz-accelo-20-anos-de-liderazgo-en-el-transporte-urbano\/"},"wordCount":387,"image":{"@id":"https:\/\/autofans.com.ar\/index.php\/2023\/08\/09\/mercedes-benz-accelo-20-anos-de-liderazgo-en-el-transporte-urbano\/#primaryimage"},"thumbnailUrl":"https:\/\/autofans.com.ar\/wp-content\/uploads\/2023\/08\/foto-3-10.jpg","keywords":["20 a\u00f1os de Accelo","camiones livianos","eficiencia en transporte","innovaci\u00f3n en transporte","Mercedes-Benz Accelo","Mercedes-Benz Camiones y Buses","transporte urbano de carga"],"articleSection":["NOTICIAS","PICK UPs, UTILITARIOS Y OTROS"],"inLanguage":"es"},{"@type":"WebPage","@id":"https:\/\/autofans.com.ar\/index.php\/2023\/08\/09\/mercedes-benz-accelo-20-anos-de-liderazgo-en-el-transporte-urbano\/","url":"https:\/\/autofans.com.ar\/index.php\/2023\/08\/09\/mercedes-benz-accelo-20-anos-de-liderazgo-en-el-transporte-urbano\/","name":"Mercedes-Benz Accelo: 20 a\u00f1os de liderazgo en el transporte urbano -","isPartOf":{"@id":"https:\/\/autofans.com.ar\/#website"},"primaryImageOfPage":{"@id":"https:\/\/autofans.com.ar\/index.php\/2023\/08\/09\/mercedes-benz-accelo-20-anos-de-liderazgo-en-el-transporte-urbano\/#primaryimage"},"image":{"@id":"https:\/\/autofans.com.ar\/index.php\/2023\/08\/09\/mercedes-benz-accelo-20-anos-de-liderazgo-en-el-transporte-urbano\/#primaryimage"},"thumbnailUrl":"https:\/\/autofans.com.ar\/wp-content\/uploads\/2023\/08\/foto-3-10.jpg","datePublished":"2023-08-09T15:28:08+00:00","author":{"@id":"https:\/\/autofans.com.ar\/#\/schema\/person\/4a8dda0b6df83ac3d6723e921274c2aa"},"description":"Mercedes-Benz Accelo ha transformado el transporte de carga urbana durante dos d\u00e9cadas en Am\u00e9rica Latina. Conoce sus caracter\u00edsticas...","breadcrumb":{"@id":"https:\/\/autofans.com.ar\/index.php\/2023\/08\/09\/mercedes-benz-accelo-20-anos-de-liderazgo-en-el-transporte-urbano\/#breadcrumb"},"inLanguage":"es","potentialAction":[{"@type":"ReadAction","target":["https:\/\/autofans.com.ar\/index.php\/2023\/08\/09\/mercedes-benz-accelo-20-anos-de-liderazgo-en-el-transporte-urbano\/"]}]},{"@type":"ImageObject","inLanguage":"es","@id":"https:\/\/autofans.com.ar\/index.php\/2023\/08\/09\/mercedes-benz-accelo-20-anos-de-liderazgo-en-el-transporte-urbano\/#primaryimage","url":"https:\/\/autofans.com.ar\/wp-content\/uploads\/2023\/08\/foto-3-10.jpg","contentUrl":"https:\/\/autofans.com.ar\/wp-content\/uploads\/2023\/08\/foto-3-10.jpg","width":1000,"height":667,"caption":"Mercedes-Benz"},{"@type":"BreadcrumbList","@id":"https:\/\/autofans.com.ar\/index.php\/2023\/08\/09\/mercedes-benz-accelo-20-anos-de-liderazgo-en-el-transporte-urbano\/#breadcrumb","itemListElement":[{"@type":"ListItem","position":1,"name":"Inicio","item":"https:\/\/autofans.com.ar\/"},{"@type":"ListItem","position":2,"name":"Mercedes-Benz Accelo: 20 a\u00f1os de liderazgo en el transporte urbano"}]},{"@type":"WebSite","@id":"https:\/\/autofans.com.ar\/#website","url":"https:\/\/autofans.com.ar\/","name":"","description":"El multimedio referente de la industria automotriz","potentialAction":[{"@type":"SearchAction","target":{"@type":"EntryPoint","urlTemplate":"https:\/\/autofans.com.ar\/?s={search_term_string}"},"query-input":{"@type":"PropertyValueSpecification","valueRequired":true,"valueName":"search_term_string"}}],"inLanguage":"es"},{"@type":"Person","@id":"https:\/\/autofans.com.ar\/#\/schema\/person\/4a8dda0b6df83ac3d6723e921274c2aa","name":"Alejandro Gabriel Rosito","image":{"@type":"ImageObject","inLanguage":"es","@id":"https:\/\/secure.gravatar.com\/avatar\/16c5dda1489adfc62618084dcbb91cffd879c374b13fe5dd8e44ed6733852c88?s=96&d=mm&r=g","url":"https:\/\/secure.gravatar.com\/avatar\/16c5dda1489adfc62618084dcbb91cffd879c374b13fe5dd8e44ed6733852c88?s=96&d=mm&r=g","contentUrl":"https:\/\/secure.gravatar.com\/avatar\/16c5dda1489adfc62618084dcbb91cffd879c374b13fe5dd8e44ed6733852c88?s=96&d=mm&r=g","caption":"Alejandro Gabriel Rosito"},"url":"https:\/\/autofans.com.ar\/index.php\/author\/gabrielr\/"}]}},"featured_image_urls":{"full":["https:\/\/autofans.com.ar\/wp-content\/uploads\/2023\/08\/foto-3-10.jpg",1000,667,false],"thumbnail":["https:\/\/autofans.com.ar\/wp-content\/uploads\/2023\/08\/foto-3-10-150x150.jpg",150,150,true],"medium":["https:\/\/autofans.com.ar\/wp-content\/uploads\/2023\/08\/foto-3-10-300x200.jpg",300,200,true],"medium_large":["https:\/\/autofans.com.ar\/wp-content\/uploads\/2023\/08\/foto-3-10-768x512.jpg",640,427,true],"large":["https:\/\/autofans.com.ar\/wp-content\/uploads\/2023\/08\/foto-3-10.jpg",640,427,false],"1536x1536":["https:\/\/autofans.com.ar\/wp-content\/uploads\/2023\/08\/foto-3-10.jpg",1000,667,false],"2048x2048":["https:\/\/autofans.com.ar\/wp-content\/uploads\/2023\/08\/foto-3-10.jpg",1000,667,false],"covernews-featured":["https:\/\/autofans.com.ar\/wp-content\/uploads\/2023\/08\/foto-3-10.jpg",1000,667,false],"covernews-medium":["https:\/\/autofans.com.ar\/wp-content\/uploads\/2023\/08\/foto-3-10-540x340.jpg",540,340,true]},"author_info":{"display_name":"Alejandro Gabriel Rosito","author_link":"https:\/\/autofans.com.ar\/index.php\/author\/gabrielr\/"},"category_info":"<a href=\"https:\/\/autofans.com.ar\/index.php\/category\/noticias\/\" rel=\"category tag\">NOTICIAS<\/a> <a href=\"https:\/\/autofans.com.ar\/index.php\/category\/noticias\/otros\/\" rel=\"category tag\">PICK UPs, UTILITARIOS Y OTROS<\/a>","tag_info":"PICK UPs, UTILITARIOS Y OTROS","comment_count":0,"_links":{"self":[{"href":"https:\/\/autofans.com.ar\/index.php\/wp-json\/wp\/v2\/posts\/4495","targetHints":{"allow":["GET"]}}],"collection":[{"href":"https:\/\/autofans.com.ar\/index.php\/wp-json\/wp\/v2\/posts"}],"about":[{"href":"https:\/\/autofans.com.ar\/index.php\/wp-json\/wp\/v2\/types\/post"}],"author":[{"embeddable":true,"href":"https:\/\/autofans.com.ar\/index.php\/wp-json\/wp\/v2\/users\/2"}],"replies":[{"embeddable":true,"href":"https:\/\/autofans.com.ar\/index.php\/wp-json\/wp\/v2\/comments?post=4495"}],"version-history":[{"count":2,"href":"https:\/\/autofans.com.ar\/index.php\/wp-json\/wp\/v2\/posts\/4495\/revisions"}],"predecessor-version":[{"id":4500,"href":"https:\/\/autofans.com.ar\/index.php\/wp-json\/wp\/v2\/posts\/4495\/revisions\/4500"}],"wp:featuredmedia":[{"embeddable":true,"href":"https:\/\/autofans.com.ar\/index.php\/wp-json\/wp\/v2\/media\/4497"}],"wp:attachment":[{"href":"https:\/\/autofans.com.ar\/index.php\/wp-json\/wp\/v2\/media?parent=4495"}],"wp:term":[{"taxonomy":"category","embeddable":true,"href":"https:\/\/autofans.com.ar\/index.php\/wp-json\/wp\/v2\/categories?post=4495"},{"taxonomy":"post_tag","embeddable":true,"href":"https:\/\/autofans.com.ar\/index.php\/wp-json\/wp\/v2\/tags?post=4495"}],"curies":[{"name":"wp","href":"https:\/\/api.w.org\/{rel}","templated":true}]}}