{"id":4523,"date":"2023-08-10T17:31:33","date_gmt":"2023-08-10T20:31:33","guid":{"rendered":"https:\/\/autofans.com.ar\/?p=4523"},"modified":"2023-08-10T17:31:33","modified_gmt":"2023-08-10T20:31:33","slug":"explora-escocia-con-el-nuevo-mini-countryman","status":"publish","type":"post","link":"https:\/\/autofans.com.ar\/index.php\/2023\/08\/10\/explora-escocia-con-el-nuevo-mini-countryman\/","title":{"rendered":"Explora Escocia con el Nuevo MINI Countryman"},"content":{"rendered":"<p>Sumergite en una emocionante traves\u00eda a trav\u00e9s de los paisajes impresionantes de las tierras altas escocesas con el nuevo MINI Countryman de tercera generaci\u00f3n. Desde desafiantes rutas todoterreno hasta la comodidad de la conducci\u00f3n deportiva, este veh\u00edculo con tracci\u00f3n integral ALL4 redefine la experiencia de escapar de la rutina. Descubr\u00ed c\u00f3mo el MINI Countryman se convierte en tu compa\u00f1ero perfecto para escapar de lo cotidiano y explorar la naturaleza virgen de Escocia en esta aventura \u00fanica.<\/p>\n<p>&nbsp;<\/p>\n<h2>MINI Countryman: potencia y agilidad<\/h2>\n<p>En un entorno donde los pastos verdes intensos contrastan con el sol brillante y las lluvias tormentosas, el MINI Countryman se enfrenta a terrenos desafiantes mientras muestra su agilidad y potencia. Desde el r\u00fastico Cerro del Castillo de Stirling hasta las majestuosas Tierras Altas del Parque Nacional Loch Lomond, este veh\u00edculo todoterreno se adapta a cada curva del camino.<\/p>\n<p>La ruta A827 te lleva a trav\u00e9s de la cordillera nororiental, donde el MINI Countryman exhibe su capacidad para una conducci\u00f3n c\u00f3moda y deportiva en terrenos sinuosos. Incluso bajo la sombra de Ben Lawers, una de las monta\u00f1as m\u00e1s altas de la regi\u00f3n, este Sport Activity Vehicle se integra perfectamente en el entorno natural escoc\u00e9s, ofreciendo tanto desempe\u00f1o como funcionalidad con su espacioso ba\u00fal.<\/p>\n<p>&nbsp;<\/p>\n<p><img fetchpriority=\"high\" decoding=\"async\" class=\"aligncenter wp-image-4524 size-full\" src=\"https:\/\/autofans.com.ar\/wp-content\/uploads\/2023\/08\/foto-1-13.jpg\" alt=\"Countryman\" width=\"1000\" height=\"667\" srcset=\"https:\/\/autofans.com.ar\/wp-content\/uploads\/2023\/08\/foto-1-13.jpg 1000w, https:\/\/autofans.com.ar\/wp-content\/uploads\/2023\/08\/foto-1-13-300x200.jpg 300w, https:\/\/autofans.com.ar\/wp-content\/uploads\/2023\/08\/foto-1-13-768x512.jpg 768w\" sizes=\"(max-width: 1000px) 100vw, 1000px\" \/><\/p>\n<p>&nbsp;<\/p>\n<p>Continuando hacia la Cordillera Glencoe a lo largo de la ruta A82, el MINI Countryman navega por serpenteantes caminos que atraviesan r\u00edos y revelan el impresionante paisaje del lago Lochan na h-Achlaise. Desde su participaci\u00f3n en la pel\u00edcula \u00abJames Bond: Skyfall\u00bb, donde Daniel Craig recorri\u00f3 estas aguas bravas en busca de emocionantes persecuciones, hasta su regreso al sur con neum\u00e1ticos todoterreno, el Countryman muestra su versatilidad en cada desaf\u00edo.<\/p>\n<p>Explora la combinaci\u00f3n perfecta de tecnolog\u00eda, aventura y estilo con el <a href=\"https:\/\/autofans.com.ar\/index.php\/2023\/05\/15\/mini-presenta-su-nueva-familia-de-modelos-electricos\/\" target=\"_blank\" rel=\"noopener\">MINI<\/a> Countryman mientras se aventura valientemente por los terrenos escoceses. Acomp\u00e1\u00f1anos en esta traves\u00eda \u00fanica y descubre por qu\u00e9 este veh\u00edculo se convierte en el compa\u00f1ero ideal para los amantes de la conducci\u00f3n y la exploraci\u00f3n.<\/p>\n<p>&nbsp;<\/p>\n<p>&nbsp;<\/p>\n<p><i>Para enterarte de m\u00e1s novedades, no dejes de leer\u00a0<\/i><a href=\"https:\/\/autofans.thebrandsoup.com\/\"><i>nuestras notas<\/i><\/a><i>, de ver<\/i><b><i>\u00a0<\/i><\/b><a href=\"https:\/\/www.youtube.com\/channel\/UCgAC8UGHZYbT6P7PpmVnP7g\"><b><i>AUTOFANS TV<\/i><\/b><\/a><b><i>\u00a0<\/i><\/b><i>en nuestro\u00a0canal de Youtube. Adem\u00e1s seguinos en\u00a0<\/i><a href=\"https:\/\/www.instagram.com\/autofanstv\/\"><i>INSTAGRAM<\/i><\/a><i> y <\/i><a href=\"https:\/\/www.facebook.com\/autofansmas\/\"><i>FACEBOOK<\/i><\/a><i> para no perderte nada sobre las novedades del segmento automotor de Argentina y el mundo. <\/i><\/p>\n","protected":false},"excerpt":{"rendered":"<p>Sumergite en una emocionante traves\u00eda a trav\u00e9s de los paisajes impresionantes de las tierras altas&#8230;<\/p>\n","protected":false},"author":2,"featured_media":4525,"comment_status":"closed","ping_status":"closed","sticky":false,"template":"","format":"standard","meta":{"footnotes":""},"categories":[3,16],"tags":[2234,2232,2231,2230,2233,2235,719],"class_list":["post-4523","post","type-post","status-publish","format-standard","has-post-thumbnail","hentry","category-autos","category-noticias","tag-all4-inteligente","tag-conduccion-deportiva","tag-escocia-aventurera","tag-mini-countryman","tag-nueva-generacion-mini","tag-paisajes-escoceses","tag-tecnologia-automotriz"],"yoast_head":"<!-- This site is optimized with the Yoast SEO plugin v27.5 - https:\/\/yoast.com\/product\/yoast-seo-wordpress\/ -->\n<title>Explora Escocia con el Nuevo MINI Countryman -<\/title>\n<meta name=\"description\" content=\"Sumergite en una traves\u00eda a trav\u00e9s de los paisajes de las tierras altas escocesas con el nuevo MINI Countryman de tercera generaci\u00f3n...\" \/>\n<meta name=\"robots\" content=\"index, follow, max-snippet:-1, max-image-preview:large, max-video-preview:-1\" \/>\n<link rel=\"canonical\" href=\"https:\/\/autofans.com.ar\/index.php\/2023\/08\/10\/explora-escocia-con-el-nuevo-mini-countryman\/\" \/>\n<meta property=\"og:locale\" content=\"es_ES\" \/>\n<meta property=\"og:type\" content=\"article\" \/>\n<meta property=\"og:title\" content=\"Explora Escocia con el Nuevo MINI Countryman -\" \/>\n<meta property=\"og:description\" content=\"Sumergite en una traves\u00eda a trav\u00e9s de los paisajes de las tierras altas escocesas con el nuevo MINI Countryman de tercera generaci\u00f3n...\" \/>\n<meta property=\"og:url\" content=\"https:\/\/autofans.com.ar\/index.php\/2023\/08\/10\/explora-escocia-con-el-nuevo-mini-countryman\/\" \/>\n<meta property=\"article:published_time\" content=\"2023-08-10T20:31:33+00:00\" \/>\n<meta property=\"og:image\" content=\"https:\/\/autofans.com.ar\/wp-content\/uploads\/2023\/08\/foto-2-14.jpg\" \/>\n\t<meta property=\"og:image:width\" content=\"1000\" \/>\n\t<meta property=\"og:image:height\" content=\"667\" \/>\n\t<meta property=\"og:image:type\" content=\"image\/jpeg\" \/>\n<meta name=\"author\" content=\"Alejandro Gabriel Rosito\" \/>\n<meta name=\"twitter:card\" content=\"summary_large_image\" \/>\n<meta name=\"twitter:label1\" content=\"Escrito por\" \/>\n\t<meta name=\"twitter:data1\" content=\"Alejandro Gabriel Rosito\" \/>\n\t<meta name=\"twitter:label2\" content=\"Tiempo de lectura\" \/>\n\t<meta name=\"twitter:data2\" content=\"2 minutos\" \/>\n<script type=\"application\/ld+json\" class=\"yoast-schema-graph\">{\"@context\":\"https:\\\/\\\/schema.org\",\"@graph\":[{\"@type\":\"Article\",\"@id\":\"https:\\\/\\\/autofans.com.ar\\\/index.php\\\/2023\\\/08\\\/10\\\/explora-escocia-con-el-nuevo-mini-countryman\\\/#article\",\"isPartOf\":{\"@id\":\"https:\\\/\\\/autofans.com.ar\\\/index.php\\\/2023\\\/08\\\/10\\\/explora-escocia-con-el-nuevo-mini-countryman\\\/\"},\"author\":{\"name\":\"Alejandro Gabriel Rosito\",\"@id\":\"https:\\\/\\\/autofans.com.ar\\\/#\\\/schema\\\/person\\\/4a8dda0b6df83ac3d6723e921274c2aa\"},\"headline\":\"Explora Escocia con el Nuevo MINI Countryman\",\"datePublished\":\"2023-08-10T20:31:33+00:00\",\"mainEntityOfPage\":{\"@id\":\"https:\\\/\\\/autofans.com.ar\\\/index.php\\\/2023\\\/08\\\/10\\\/explora-escocia-con-el-nuevo-mini-countryman\\\/\"},\"wordCount\":407,\"image\":{\"@id\":\"https:\\\/\\\/autofans.com.ar\\\/index.php\\\/2023\\\/08\\\/10\\\/explora-escocia-con-el-nuevo-mini-countryman\\\/#primaryimage\"},\"thumbnailUrl\":\"https:\\\/\\\/autofans.com.ar\\\/wp-content\\\/uploads\\\/2023\\\/08\\\/foto-2-14.jpg\",\"keywords\":[\"ALL4 inteligente\",\"Conducci\u00f3n deportiva\",\"Escocia aventurera\",\"MINI Countryman\",\"Nueva generaci\u00f3n MINI\",\"Paisajes escoceses\",\"Tecnolog\u00eda automotriz\"],\"articleSection\":[\"AUTOS y SUV\",\"NOTICIAS\"],\"inLanguage\":\"es\"},{\"@type\":\"WebPage\",\"@id\":\"https:\\\/\\\/autofans.com.ar\\\/index.php\\\/2023\\\/08\\\/10\\\/explora-escocia-con-el-nuevo-mini-countryman\\\/\",\"url\":\"https:\\\/\\\/autofans.com.ar\\\/index.php\\\/2023\\\/08\\\/10\\\/explora-escocia-con-el-nuevo-mini-countryman\\\/\",\"name\":\"Explora Escocia con el Nuevo MINI Countryman -\",\"isPartOf\":{\"@id\":\"https:\\\/\\\/autofans.com.ar\\\/#website\"},\"primaryImageOfPage\":{\"@id\":\"https:\\\/\\\/autofans.com.ar\\\/index.php\\\/2023\\\/08\\\/10\\\/explora-escocia-con-el-nuevo-mini-countryman\\\/#primaryimage\"},\"image\":{\"@id\":\"https:\\\/\\\/autofans.com.ar\\\/index.php\\\/2023\\\/08\\\/10\\\/explora-escocia-con-el-nuevo-mini-countryman\\\/#primaryimage\"},\"thumbnailUrl\":\"https:\\\/\\\/autofans.com.ar\\\/wp-content\\\/uploads\\\/2023\\\/08\\\/foto-2-14.jpg\",\"datePublished\":\"2023-08-10T20:31:33+00:00\",\"author\":{\"@id\":\"https:\\\/\\\/autofans.com.ar\\\/#\\\/schema\\\/person\\\/4a8dda0b6df83ac3d6723e921274c2aa\"},\"description\":\"Sumergite en una traves\u00eda a trav\u00e9s de los paisajes de las tierras altas escocesas con el nuevo MINI Countryman de tercera generaci\u00f3n...\",\"breadcrumb\":{\"@id\":\"https:\\\/\\\/autofans.com.ar\\\/index.php\\\/2023\\\/08\\\/10\\\/explora-escocia-con-el-nuevo-mini-countryman\\\/#breadcrumb\"},\"inLanguage\":\"es\",\"potentialAction\":[{\"@type\":\"ReadAction\",\"target\":[\"https:\\\/\\\/autofans.com.ar\\\/index.php\\\/2023\\\/08\\\/10\\\/explora-escocia-con-el-nuevo-mini-countryman\\\/\"]}]},{\"@type\":\"ImageObject\",\"inLanguage\":\"es\",\"@id\":\"https:\\\/\\\/autofans.com.ar\\\/index.php\\\/2023\\\/08\\\/10\\\/explora-escocia-con-el-nuevo-mini-countryman\\\/#primaryimage\",\"url\":\"https:\\\/\\\/autofans.com.ar\\\/wp-content\\\/uploads\\\/2023\\\/08\\\/foto-2-14.jpg\",\"contentUrl\":\"https:\\\/\\\/autofans.com.ar\\\/wp-content\\\/uploads\\\/2023\\\/08\\\/foto-2-14.jpg\",\"width\":1000,\"height\":667,\"caption\":\"Countryman\"},{\"@type\":\"BreadcrumbList\",\"@id\":\"https:\\\/\\\/autofans.com.ar\\\/index.php\\\/2023\\\/08\\\/10\\\/explora-escocia-con-el-nuevo-mini-countryman\\\/#breadcrumb\",\"itemListElement\":[{\"@type\":\"ListItem\",\"position\":1,\"name\":\"Inicio\",\"item\":\"https:\\\/\\\/autofans.com.ar\\\/\"},{\"@type\":\"ListItem\",\"position\":2,\"name\":\"Explora Escocia con el Nuevo MINI Countryman\"}]},{\"@type\":\"WebSite\",\"@id\":\"https:\\\/\\\/autofans.com.ar\\\/#website\",\"url\":\"https:\\\/\\\/autofans.com.ar\\\/\",\"name\":\"\",\"description\":\"El multimedio referente de la industria automotriz\",\"potentialAction\":[{\"@type\":\"SearchAction\",\"target\":{\"@type\":\"EntryPoint\",\"urlTemplate\":\"https:\\\/\\\/autofans.com.ar\\\/?s={search_term_string}\"},\"query-input\":{\"@type\":\"PropertyValueSpecification\",\"valueRequired\":true,\"valueName\":\"search_term_string\"}}],\"inLanguage\":\"es\"},{\"@type\":\"Person\",\"@id\":\"https:\\\/\\\/autofans.com.ar\\\/#\\\/schema\\\/person\\\/4a8dda0b6df83ac3d6723e921274c2aa\",\"name\":\"Alejandro Gabriel Rosito\",\"image\":{\"@type\":\"ImageObject\",\"inLanguage\":\"es\",\"@id\":\"https:\\\/\\\/secure.gravatar.com\\\/avatar\\\/16c5dda1489adfc62618084dcbb91cffd879c374b13fe5dd8e44ed6733852c88?s=96&d=mm&r=g\",\"url\":\"https:\\\/\\\/secure.gravatar.com\\\/avatar\\\/16c5dda1489adfc62618084dcbb91cffd879c374b13fe5dd8e44ed6733852c88?s=96&d=mm&r=g\",\"contentUrl\":\"https:\\\/\\\/secure.gravatar.com\\\/avatar\\\/16c5dda1489adfc62618084dcbb91cffd879c374b13fe5dd8e44ed6733852c88?s=96&d=mm&r=g\",\"caption\":\"Alejandro Gabriel Rosito\"},\"url\":\"https:\\\/\\\/autofans.com.ar\\\/index.php\\\/author\\\/gabrielr\\\/\"}]}<\/script>\n<!-- \/ Yoast SEO plugin. -->","yoast_head_json":{"title":"Explora Escocia con el Nuevo MINI Countryman -","description":"Sumergite en una traves\u00eda a trav\u00e9s de los paisajes de las tierras altas escocesas con el nuevo MINI Countryman de tercera generaci\u00f3n...","robots":{"index":"index","follow":"follow","max-snippet":"max-snippet:-1","max-image-preview":"max-image-preview:large","max-video-preview":"max-video-preview:-1"},"canonical":"https:\/\/autofans.com.ar\/index.php\/2023\/08\/10\/explora-escocia-con-el-nuevo-mini-countryman\/","og_locale":"es_ES","og_type":"article","og_title":"Explora Escocia con el Nuevo MINI Countryman -","og_description":"Sumergite en una traves\u00eda a trav\u00e9s de los paisajes de las tierras altas escocesas con el nuevo MINI Countryman de tercera generaci\u00f3n...","og_url":"https:\/\/autofans.com.ar\/index.php\/2023\/08\/10\/explora-escocia-con-el-nuevo-mini-countryman\/","article_published_time":"2023-08-10T20:31:33+00:00","og_image":[{"width":1000,"height":667,"url":"https:\/\/autofans.com.ar\/wp-content\/uploads\/2023\/08\/foto-2-14.jpg","type":"image\/jpeg"}],"author":"Alejandro Gabriel Rosito","twitter_card":"summary_large_image","twitter_misc":{"Escrito por":"Alejandro Gabriel Rosito","Tiempo de lectura":"2 minutos"},"schema":{"@context":"https:\/\/schema.org","@graph":[{"@type":"Article","@id":"https:\/\/autofans.com.ar\/index.php\/2023\/08\/10\/explora-escocia-con-el-nuevo-mini-countryman\/#article","isPartOf":{"@id":"https:\/\/autofans.com.ar\/index.php\/2023\/08\/10\/explora-escocia-con-el-nuevo-mini-countryman\/"},"author":{"name":"Alejandro Gabriel Rosito","@id":"https:\/\/autofans.com.ar\/#\/schema\/person\/4a8dda0b6df83ac3d6723e921274c2aa"},"headline":"Explora Escocia con el Nuevo MINI Countryman","datePublished":"2023-08-10T20:31:33+00:00","mainEntityOfPage":{"@id":"https:\/\/autofans.com.ar\/index.php\/2023\/08\/10\/explora-escocia-con-el-nuevo-mini-countryman\/"},"wordCount":407,"image":{"@id":"https:\/\/autofans.com.ar\/index.php\/2023\/08\/10\/explora-escocia-con-el-nuevo-mini-countryman\/#primaryimage"},"thumbnailUrl":"https:\/\/autofans.com.ar\/wp-content\/uploads\/2023\/08\/foto-2-14.jpg","keywords":["ALL4 inteligente","Conducci\u00f3n deportiva","Escocia aventurera","MINI Countryman","Nueva generaci\u00f3n MINI","Paisajes escoceses","Tecnolog\u00eda automotriz"],"articleSection":["AUTOS y SUV","NOTICIAS"],"inLanguage":"es"},{"@type":"WebPage","@id":"https:\/\/autofans.com.ar\/index.php\/2023\/08\/10\/explora-escocia-con-el-nuevo-mini-countryman\/","url":"https:\/\/autofans.com.ar\/index.php\/2023\/08\/10\/explora-escocia-con-el-nuevo-mini-countryman\/","name":"Explora Escocia con el Nuevo MINI Countryman -","isPartOf":{"@id":"https:\/\/autofans.com.ar\/#website"},"primaryImageOfPage":{"@id":"https:\/\/autofans.com.ar\/index.php\/2023\/08\/10\/explora-escocia-con-el-nuevo-mini-countryman\/#primaryimage"},"image":{"@id":"https:\/\/autofans.com.ar\/index.php\/2023\/08\/10\/explora-escocia-con-el-nuevo-mini-countryman\/#primaryimage"},"thumbnailUrl":"https:\/\/autofans.com.ar\/wp-content\/uploads\/2023\/08\/foto-2-14.jpg","datePublished":"2023-08-10T20:31:33+00:00","author":{"@id":"https:\/\/autofans.com.ar\/#\/schema\/person\/4a8dda0b6df83ac3d6723e921274c2aa"},"description":"Sumergite en una traves\u00eda a trav\u00e9s de los paisajes de las tierras altas escocesas con el nuevo MINI Countryman de tercera generaci\u00f3n...","breadcrumb":{"@id":"https:\/\/autofans.com.ar\/index.php\/2023\/08\/10\/explora-escocia-con-el-nuevo-mini-countryman\/#breadcrumb"},"inLanguage":"es","potentialAction":[{"@type":"ReadAction","target":["https:\/\/autofans.com.ar\/index.php\/2023\/08\/10\/explora-escocia-con-el-nuevo-mini-countryman\/"]}]},{"@type":"ImageObject","inLanguage":"es","@id":"https:\/\/autofans.com.ar\/index.php\/2023\/08\/10\/explora-escocia-con-el-nuevo-mini-countryman\/#primaryimage","url":"https:\/\/autofans.com.ar\/wp-content\/uploads\/2023\/08\/foto-2-14.jpg","contentUrl":"https:\/\/autofans.com.ar\/wp-content\/uploads\/2023\/08\/foto-2-14.jpg","width":1000,"height":667,"caption":"Countryman"},{"@type":"BreadcrumbList","@id":"https:\/\/autofans.com.ar\/index.php\/2023\/08\/10\/explora-escocia-con-el-nuevo-mini-countryman\/#breadcrumb","itemListElement":[{"@type":"ListItem","position":1,"name":"Inicio","item":"https:\/\/autofans.com.ar\/"},{"@type":"ListItem","position":2,"name":"Explora Escocia con el Nuevo MINI Countryman"}]},{"@type":"WebSite","@id":"https:\/\/autofans.com.ar\/#website","url":"https:\/\/autofans.com.ar\/","name":"","description":"El multimedio referente de la industria automotriz","potentialAction":[{"@type":"SearchAction","target":{"@type":"EntryPoint","urlTemplate":"https:\/\/autofans.com.ar\/?s={search_term_string}"},"query-input":{"@type":"PropertyValueSpecification","valueRequired":true,"valueName":"search_term_string"}}],"inLanguage":"es"},{"@type":"Person","@id":"https:\/\/autofans.com.ar\/#\/schema\/person\/4a8dda0b6df83ac3d6723e921274c2aa","name":"Alejandro Gabriel Rosito","image":{"@type":"ImageObject","inLanguage":"es","@id":"https:\/\/secure.gravatar.com\/avatar\/16c5dda1489adfc62618084dcbb91cffd879c374b13fe5dd8e44ed6733852c88?s=96&d=mm&r=g","url":"https:\/\/secure.gravatar.com\/avatar\/16c5dda1489adfc62618084dcbb91cffd879c374b13fe5dd8e44ed6733852c88?s=96&d=mm&r=g","contentUrl":"https:\/\/secure.gravatar.com\/avatar\/16c5dda1489adfc62618084dcbb91cffd879c374b13fe5dd8e44ed6733852c88?s=96&d=mm&r=g","caption":"Alejandro Gabriel Rosito"},"url":"https:\/\/autofans.com.ar\/index.php\/author\/gabrielr\/"}]}},"featured_image_urls":{"full":["https:\/\/autofans.com.ar\/wp-content\/uploads\/2023\/08\/foto-2-14.jpg",1000,667,false],"thumbnail":["https:\/\/autofans.com.ar\/wp-content\/uploads\/2023\/08\/foto-2-14-150x150.jpg",150,150,true],"medium":["https:\/\/autofans.com.ar\/wp-content\/uploads\/2023\/08\/foto-2-14-300x200.jpg",300,200,true],"medium_large":["https:\/\/autofans.com.ar\/wp-content\/uploads\/2023\/08\/foto-2-14-768x512.jpg",640,427,true],"large":["https:\/\/autofans.com.ar\/wp-content\/uploads\/2023\/08\/foto-2-14.jpg",640,427,false],"1536x1536":["https:\/\/autofans.com.ar\/wp-content\/uploads\/2023\/08\/foto-2-14.jpg",1000,667,false],"2048x2048":["https:\/\/autofans.com.ar\/wp-content\/uploads\/2023\/08\/foto-2-14.jpg",1000,667,false],"covernews-featured":["https:\/\/autofans.com.ar\/wp-content\/uploads\/2023\/08\/foto-2-14.jpg",1000,667,false],"covernews-medium":["https:\/\/autofans.com.ar\/wp-content\/uploads\/2023\/08\/foto-2-14-540x340.jpg",540,340,true]},"author_info":{"display_name":"Alejandro Gabriel Rosito","author_link":"https:\/\/autofans.com.ar\/index.php\/author\/gabrielr\/"},"category_info":"<a href=\"https:\/\/autofans.com.ar\/index.php\/category\/noticias\/autos\/\" rel=\"category tag\">AUTOS y SUV<\/a> <a href=\"https:\/\/autofans.com.ar\/index.php\/category\/noticias\/\" rel=\"category tag\">NOTICIAS<\/a>","tag_info":"NOTICIAS","comment_count":0,"_links":{"self":[{"href":"https:\/\/autofans.com.ar\/index.php\/wp-json\/wp\/v2\/posts\/4523","targetHints":{"allow":["GET"]}}],"collection":[{"href":"https:\/\/autofans.com.ar\/index.php\/wp-json\/wp\/v2\/posts"}],"about":[{"href":"https:\/\/autofans.com.ar\/index.php\/wp-json\/wp\/v2\/types\/post"}],"author":[{"embeddable":true,"href":"https:\/\/autofans.com.ar\/index.php\/wp-json\/wp\/v2\/users\/2"}],"replies":[{"embeddable":true,"href":"https:\/\/autofans.com.ar\/index.php\/wp-json\/wp\/v2\/comments?post=4523"}],"version-history":[{"count":2,"href":"https:\/\/autofans.com.ar\/index.php\/wp-json\/wp\/v2\/posts\/4523\/revisions"}],"predecessor-version":[{"id":4528,"href":"https:\/\/autofans.com.ar\/index.php\/wp-json\/wp\/v2\/posts\/4523\/revisions\/4528"}],"wp:featuredmedia":[{"embeddable":true,"href":"https:\/\/autofans.com.ar\/index.php\/wp-json\/wp\/v2\/media\/4525"}],"wp:attachment":[{"href":"https:\/\/autofans.com.ar\/index.php\/wp-json\/wp\/v2\/media?parent=4523"}],"wp:term":[{"taxonomy":"category","embeddable":true,"href":"https:\/\/autofans.com.ar\/index.php\/wp-json\/wp\/v2\/categories?post=4523"},{"taxonomy":"post_tag","embeddable":true,"href":"https:\/\/autofans.com.ar\/index.php\/wp-json\/wp\/v2\/tags?post=4523"}],"curies":[{"name":"wp","href":"https:\/\/api.w.org\/{rel}","templated":true}]}}