{"id":4573,"date":"2023-08-15T12:54:39","date_gmt":"2023-08-15T15:54:39","guid":{"rendered":"https:\/\/autofans.com.ar\/?p=4573"},"modified":"2023-08-15T12:54:39","modified_gmt":"2023-08-15T15:54:39","slug":"kia-k3-el-sedan-revolucionario","status":"publish","type":"post","link":"https:\/\/autofans.com.ar\/index.php\/2023\/08\/15\/kia-k3-el-sedan-revolucionario\/","title":{"rendered":"Kia K3 el sed\u00e1n revolucionario"},"content":{"rendered":"<p>Descubr\u00ed el impactante Kia K3, un sed\u00e1n audaz y vanguardista que redefine la clase de los subcompactos con su dise\u00f1o revolucionario y avanzadas caracter\u00edsticas de seguridad. Conoce los detalles sobre el estreno mundial en la Ciudad de M\u00e9xico, el enfoque en la filosof\u00eda de dise\u00f1o \u00abOpposites United\u00bb y las emocionantes opciones de motorizaci\u00f3n.<\/p>\n<p>&nbsp;<\/p>\n<p><center><iframe title=\"Kia K3: Dise\u00f1o Vanguardista y Desempe\u00f1o Sobresaliente\" width=\"640\" height=\"360\" src=\"https:\/\/www.youtube.com\/embed\/XHFZFzI--NA?feature=oembed\" frameborder=\"0\" allow=\"accelerometer; autoplay; clipboard-write; encrypted-media; gyroscope; picture-in-picture; web-share\" referrerpolicy=\"strict-origin-when-cross-origin\" allowfullscreen><\/iframe><\/p>\n<p>&nbsp;<\/p>\n<p><\/center>&nbsp;<\/p>\n<h2>Dise\u00f1o vanguardista y caracter\u00edsticas sobresalientes<\/h2>\n<p>Inspirado en la premisa de \u00abMovimiento que inspira\u00bb, el Kia K3 impresiona con su silueta fastback y detalles de dise\u00f1o agresivos. Con una parrilla Tiger Nose reinterpretada y un juego de l\u00edneas audaces en los laterales, el K3 presenta un enfoque decidido y robusto. La versi\u00f3n GT-Line a\u00f1ade una dosis extra de deportividad con detalles exclusivos.<\/p>\n<p>&nbsp;<\/p>\n<p><img fetchpriority=\"high\" decoding=\"async\" class=\"aligncenter wp-image-4574 size-full\" src=\"https:\/\/autofans.com.ar\/wp-content\/uploads\/2023\/08\/foto-4-5.jpg\" alt=\"kia k3\" width=\"1000\" height=\"667\" srcset=\"https:\/\/autofans.com.ar\/wp-content\/uploads\/2023\/08\/foto-4-5.jpg 1000w, https:\/\/autofans.com.ar\/wp-content\/uploads\/2023\/08\/foto-4-5-300x200.jpg 300w, https:\/\/autofans.com.ar\/wp-content\/uploads\/2023\/08\/foto-4-5-768x512.jpg 768w\" sizes=\"(max-width: 1000px) 100vw, 1000px\" \/><\/p>\n<p>&nbsp;<\/p>\n<p>En el interior, el Kia K3 ofrece un espacio moderno y confortable. Desde su cuadro de instrumentos integrado hasta su pantalla panor\u00e1mica de hasta 10,25&#8243;, el K3 fusiona tecnolog\u00eda y comodidad en perfecta armon\u00eda. La conectividad es llevada al siguiente nivel con caracter\u00edsticas avanzadas como Apple CarPlay, Android Auto y emparejamiento simult\u00e1neo de dispositivos Bluetooth.<\/p>\n<p>&nbsp;<\/p>\n<h2>Desempe\u00f1o y seguridad en el Kia K3<\/h2>\n<p>El Kia K3 no solo destaca por su dise\u00f1o y comodidad, sino tambi\u00e9n por su rendimiento y seguridad. Con motores de 1,6 y 2,0 litros, este sed\u00e1n ofrece potencia y eficiencia para satisfacer las demandas de los conductores modernos. Adem\u00e1s, su enfoque en seguridad incluye caracter\u00edsticas l\u00edderes en su clase como el Sistema Avanzado de Asistencia al Conductor (ADAS), que abarca desde la prevenci\u00f3n de colisiones hasta el asistente de mantenimiento de carril.<\/p>\n<p>&nbsp;<\/p>\n<p><img decoding=\"async\" class=\"aligncenter wp-image-4577 size-full\" src=\"https:\/\/autofans.com.ar\/wp-content\/uploads\/2023\/08\/foto-1-20.jpg\" alt=\"kia k3\" width=\"1000\" height=\"667\" srcset=\"https:\/\/autofans.com.ar\/wp-content\/uploads\/2023\/08\/foto-1-20.jpg 1000w, https:\/\/autofans.com.ar\/wp-content\/uploads\/2023\/08\/foto-1-20-300x200.jpg 300w, https:\/\/autofans.com.ar\/wp-content\/uploads\/2023\/08\/foto-1-20-768x512.jpg 768w\" sizes=\"(max-width: 1000px) 100vw, 1000px\" \/><\/p>\n<p>&nbsp;<\/p>\n<h2>Lanzamiento y perspectivas futuras<\/h2>\n<p>El Kia K3 ya ha dejado su huella en el escenario automotor, y su lanzamiento en determinados mercados est\u00e1 programado para el cuarto trimestre de este a\u00f1o. Mantente atento para conocer m\u00e1s detalles sobre fechas de lanzamiento y especificaciones espec\u00edficas para cada pa\u00eds.<\/p>\n<p>Si est\u00e1s buscando un sed\u00e1n subcompacto que combine dise\u00f1o de vanguardia, comodidad y seguridad, el Kia K3 merece tu atenci\u00f3n. Para obtener m\u00e1s informaci\u00f3n y estar al tanto de las novedades, visita el sitio web oficial de Kia: <a href=\"https:\/\/www.kia.com.ar\/\" target=\"_new\" rel=\"noopener\">https:\/\/www.kia.com.ar\/<\/a><\/p>\n<p>&nbsp;<\/p>\n<p>&nbsp;<\/p>\n<p><i>Para enterarte de m\u00e1s novedades, no dejes de leer\u00a0<\/i><a href=\"https:\/\/autofans.thebrandsoup.com\/\"><i>nuestras notas<\/i><\/a><i>, de ver<\/i><b><i>\u00a0<\/i><\/b><a href=\"https:\/\/www.youtube.com\/channel\/UCgAC8UGHZYbT6P7PpmVnP7g\"><b><i>AUTOFANS TV<\/i><\/b><\/a><b><i>\u00a0<\/i><\/b><i>en nuestro\u00a0canal de Youtube. Adem\u00e1s seguinos en\u00a0<\/i><a href=\"https:\/\/www.instagram.com\/autofanstv\/\"><i>INSTAGRAM<\/i><\/a><i> y <\/i><a href=\"https:\/\/www.facebook.com\/autofansmas\/\"><i>FACEBOOK<\/i><\/a><i> para no perderte nada sobre las novedades del segmento automotor de Argentina y el mundo.<\/i><\/p>\n","protected":false},"excerpt":{"rendered":"<p>Descubr\u00ed el impactante Kia K3, un sed\u00e1n audaz y vanguardista que redefine la clase de&#8230;<\/p>\n","protected":false},"author":2,"featured_media":4576,"comment_status":"closed","ping_status":"closed","sticky":false,"template":"","format":"standard","meta":{"footnotes":""},"categories":[8,1],"tags":[1756,2258,886,2256,2257],"class_list":["post-4573","post","type-post","status-publish","format-standard","has-post-thumbnail","hentry","category-autos-y-suv","category-lanzamientos","tag-conectividad-avanzada","tag-diseno-opposites-united","tag-innovacion-automotriz","tag-kia-k3","tag-sedan-subcompacto"],"yoast_head":"<!-- This site is optimized with the Yoast SEO plugin v27.5 - https:\/\/yoast.com\/product\/yoast-seo-wordpress\/ -->\n<title>Kia K3 el sed\u00e1n revolucionario -<\/title>\n<meta name=\"description\" content=\"Kia K3, un sed\u00e1n vanguardista que redefine la clase de los subcompactos con su dise\u00f1o revolucionario y avanzadas caracter\u00edsticas de seguridad\" \/>\n<meta name=\"robots\" content=\"index, follow, max-snippet:-1, max-image-preview:large, max-video-preview:-1\" \/>\n<link rel=\"canonical\" href=\"https:\/\/autofans.com.ar\/index.php\/2023\/08\/15\/kia-k3-el-sedan-revolucionario\/\" \/>\n<meta property=\"og:locale\" content=\"es_ES\" \/>\n<meta property=\"og:type\" content=\"article\" \/>\n<meta property=\"og:title\" content=\"Kia K3 el sed\u00e1n revolucionario -\" \/>\n<meta property=\"og:description\" content=\"Kia K3, un sed\u00e1n vanguardista que redefine la clase de los subcompactos con su dise\u00f1o revolucionario y avanzadas caracter\u00edsticas de seguridad\" \/>\n<meta property=\"og:url\" content=\"https:\/\/autofans.com.ar\/index.php\/2023\/08\/15\/kia-k3-el-sedan-revolucionario\/\" \/>\n<meta property=\"article:published_time\" content=\"2023-08-15T15:54:39+00:00\" \/>\n<meta property=\"og:image\" content=\"https:\/\/autofans.com.ar\/wp-content\/uploads\/2023\/08\/foto-2-20.jpg\" \/>\n\t<meta property=\"og:image:width\" content=\"1000\" \/>\n\t<meta property=\"og:image:height\" content=\"667\" \/>\n\t<meta property=\"og:image:type\" content=\"image\/jpeg\" \/>\n<meta name=\"author\" content=\"Alejandro Gabriel Rosito\" \/>\n<meta name=\"twitter:card\" content=\"summary_large_image\" \/>\n<meta name=\"twitter:label1\" content=\"Escrito por\" \/>\n\t<meta name=\"twitter:data1\" content=\"Alejandro Gabriel Rosito\" \/>\n\t<meta name=\"twitter:label2\" content=\"Tiempo de lectura\" \/>\n\t<meta name=\"twitter:data2\" content=\"3 minutos\" \/>\n<script type=\"application\/ld+json\" class=\"yoast-schema-graph\">{\"@context\":\"https:\\\/\\\/schema.org\",\"@graph\":[{\"@type\":\"Article\",\"@id\":\"https:\\\/\\\/autofans.com.ar\\\/index.php\\\/2023\\\/08\\\/15\\\/kia-k3-el-sedan-revolucionario\\\/#article\",\"isPartOf\":{\"@id\":\"https:\\\/\\\/autofans.com.ar\\\/index.php\\\/2023\\\/08\\\/15\\\/kia-k3-el-sedan-revolucionario\\\/\"},\"author\":{\"name\":\"Alejandro Gabriel Rosito\",\"@id\":\"https:\\\/\\\/autofans.com.ar\\\/#\\\/schema\\\/person\\\/4a8dda0b6df83ac3d6723e921274c2aa\"},\"headline\":\"Kia K3 el sed\u00e1n revolucionario\",\"datePublished\":\"2023-08-15T15:54:39+00:00\",\"mainEntityOfPage\":{\"@id\":\"https:\\\/\\\/autofans.com.ar\\\/index.php\\\/2023\\\/08\\\/15\\\/kia-k3-el-sedan-revolucionario\\\/\"},\"wordCount\":437,\"image\":{\"@id\":\"https:\\\/\\\/autofans.com.ar\\\/index.php\\\/2023\\\/08\\\/15\\\/kia-k3-el-sedan-revolucionario\\\/#primaryimage\"},\"thumbnailUrl\":\"https:\\\/\\\/autofans.com.ar\\\/wp-content\\\/uploads\\\/2023\\\/08\\\/foto-2-20.jpg\",\"keywords\":[\"Conectividad avanzada\",\"Dise\u00f1o \\\"Opposites United\\\"\",\"Innovaci\u00f3n automotriz\",\"Kia K3\",\"Sed\u00e1n subcompacto\"],\"articleSection\":[\"Autos y SUV\",\"LANZAMIENTOS\"],\"inLanguage\":\"es\"},{\"@type\":\"WebPage\",\"@id\":\"https:\\\/\\\/autofans.com.ar\\\/index.php\\\/2023\\\/08\\\/15\\\/kia-k3-el-sedan-revolucionario\\\/\",\"url\":\"https:\\\/\\\/autofans.com.ar\\\/index.php\\\/2023\\\/08\\\/15\\\/kia-k3-el-sedan-revolucionario\\\/\",\"name\":\"Kia K3 el sed\u00e1n revolucionario -\",\"isPartOf\":{\"@id\":\"https:\\\/\\\/autofans.com.ar\\\/#website\"},\"primaryImageOfPage\":{\"@id\":\"https:\\\/\\\/autofans.com.ar\\\/index.php\\\/2023\\\/08\\\/15\\\/kia-k3-el-sedan-revolucionario\\\/#primaryimage\"},\"image\":{\"@id\":\"https:\\\/\\\/autofans.com.ar\\\/index.php\\\/2023\\\/08\\\/15\\\/kia-k3-el-sedan-revolucionario\\\/#primaryimage\"},\"thumbnailUrl\":\"https:\\\/\\\/autofans.com.ar\\\/wp-content\\\/uploads\\\/2023\\\/08\\\/foto-2-20.jpg\",\"datePublished\":\"2023-08-15T15:54:39+00:00\",\"author\":{\"@id\":\"https:\\\/\\\/autofans.com.ar\\\/#\\\/schema\\\/person\\\/4a8dda0b6df83ac3d6723e921274c2aa\"},\"description\":\"Kia K3, un sed\u00e1n vanguardista que redefine la clase de los subcompactos con su dise\u00f1o revolucionario y avanzadas caracter\u00edsticas de seguridad\",\"breadcrumb\":{\"@id\":\"https:\\\/\\\/autofans.com.ar\\\/index.php\\\/2023\\\/08\\\/15\\\/kia-k3-el-sedan-revolucionario\\\/#breadcrumb\"},\"inLanguage\":\"es\",\"potentialAction\":[{\"@type\":\"ReadAction\",\"target\":[\"https:\\\/\\\/autofans.com.ar\\\/index.php\\\/2023\\\/08\\\/15\\\/kia-k3-el-sedan-revolucionario\\\/\"]}]},{\"@type\":\"ImageObject\",\"inLanguage\":\"es\",\"@id\":\"https:\\\/\\\/autofans.com.ar\\\/index.php\\\/2023\\\/08\\\/15\\\/kia-k3-el-sedan-revolucionario\\\/#primaryimage\",\"url\":\"https:\\\/\\\/autofans.com.ar\\\/wp-content\\\/uploads\\\/2023\\\/08\\\/foto-2-20.jpg\",\"contentUrl\":\"https:\\\/\\\/autofans.com.ar\\\/wp-content\\\/uploads\\\/2023\\\/08\\\/foto-2-20.jpg\",\"width\":1000,\"height\":667,\"caption\":\"kia k3\"},{\"@type\":\"BreadcrumbList\",\"@id\":\"https:\\\/\\\/autofans.com.ar\\\/index.php\\\/2023\\\/08\\\/15\\\/kia-k3-el-sedan-revolucionario\\\/#breadcrumb\",\"itemListElement\":[{\"@type\":\"ListItem\",\"position\":1,\"name\":\"Inicio\",\"item\":\"https:\\\/\\\/autofans.com.ar\\\/\"},{\"@type\":\"ListItem\",\"position\":2,\"name\":\"Kia K3 el sed\u00e1n revolucionario\"}]},{\"@type\":\"WebSite\",\"@id\":\"https:\\\/\\\/autofans.com.ar\\\/#website\",\"url\":\"https:\\\/\\\/autofans.com.ar\\\/\",\"name\":\"\",\"description\":\"El multimedio referente de la industria automotriz\",\"potentialAction\":[{\"@type\":\"SearchAction\",\"target\":{\"@type\":\"EntryPoint\",\"urlTemplate\":\"https:\\\/\\\/autofans.com.ar\\\/?s={search_term_string}\"},\"query-input\":{\"@type\":\"PropertyValueSpecification\",\"valueRequired\":true,\"valueName\":\"search_term_string\"}}],\"inLanguage\":\"es\"},{\"@type\":\"Person\",\"@id\":\"https:\\\/\\\/autofans.com.ar\\\/#\\\/schema\\\/person\\\/4a8dda0b6df83ac3d6723e921274c2aa\",\"name\":\"Alejandro Gabriel Rosito\",\"image\":{\"@type\":\"ImageObject\",\"inLanguage\":\"es\",\"@id\":\"https:\\\/\\\/secure.gravatar.com\\\/avatar\\\/16c5dda1489adfc62618084dcbb91cffd879c374b13fe5dd8e44ed6733852c88?s=96&d=mm&r=g\",\"url\":\"https:\\\/\\\/secure.gravatar.com\\\/avatar\\\/16c5dda1489adfc62618084dcbb91cffd879c374b13fe5dd8e44ed6733852c88?s=96&d=mm&r=g\",\"contentUrl\":\"https:\\\/\\\/secure.gravatar.com\\\/avatar\\\/16c5dda1489adfc62618084dcbb91cffd879c374b13fe5dd8e44ed6733852c88?s=96&d=mm&r=g\",\"caption\":\"Alejandro Gabriel Rosito\"},\"url\":\"https:\\\/\\\/autofans.com.ar\\\/index.php\\\/author\\\/gabrielr\\\/\"}]}<\/script>\n<!-- \/ Yoast SEO plugin. -->","yoast_head_json":{"title":"Kia K3 el sed\u00e1n revolucionario -","description":"Kia K3, un sed\u00e1n vanguardista que redefine la clase de los subcompactos con su dise\u00f1o revolucionario y avanzadas caracter\u00edsticas de seguridad","robots":{"index":"index","follow":"follow","max-snippet":"max-snippet:-1","max-image-preview":"max-image-preview:large","max-video-preview":"max-video-preview:-1"},"canonical":"https:\/\/autofans.com.ar\/index.php\/2023\/08\/15\/kia-k3-el-sedan-revolucionario\/","og_locale":"es_ES","og_type":"article","og_title":"Kia K3 el sed\u00e1n revolucionario -","og_description":"Kia K3, un sed\u00e1n vanguardista que redefine la clase de los subcompactos con su dise\u00f1o revolucionario y avanzadas caracter\u00edsticas de seguridad","og_url":"https:\/\/autofans.com.ar\/index.php\/2023\/08\/15\/kia-k3-el-sedan-revolucionario\/","article_published_time":"2023-08-15T15:54:39+00:00","og_image":[{"width":1000,"height":667,"url":"https:\/\/autofans.com.ar\/wp-content\/uploads\/2023\/08\/foto-2-20.jpg","type":"image\/jpeg"}],"author":"Alejandro Gabriel Rosito","twitter_card":"summary_large_image","twitter_misc":{"Escrito por":"Alejandro Gabriel Rosito","Tiempo de lectura":"3 minutos"},"schema":{"@context":"https:\/\/schema.org","@graph":[{"@type":"Article","@id":"https:\/\/autofans.com.ar\/index.php\/2023\/08\/15\/kia-k3-el-sedan-revolucionario\/#article","isPartOf":{"@id":"https:\/\/autofans.com.ar\/index.php\/2023\/08\/15\/kia-k3-el-sedan-revolucionario\/"},"author":{"name":"Alejandro Gabriel Rosito","@id":"https:\/\/autofans.com.ar\/#\/schema\/person\/4a8dda0b6df83ac3d6723e921274c2aa"},"headline":"Kia K3 el sed\u00e1n revolucionario","datePublished":"2023-08-15T15:54:39+00:00","mainEntityOfPage":{"@id":"https:\/\/autofans.com.ar\/index.php\/2023\/08\/15\/kia-k3-el-sedan-revolucionario\/"},"wordCount":437,"image":{"@id":"https:\/\/autofans.com.ar\/index.php\/2023\/08\/15\/kia-k3-el-sedan-revolucionario\/#primaryimage"},"thumbnailUrl":"https:\/\/autofans.com.ar\/wp-content\/uploads\/2023\/08\/foto-2-20.jpg","keywords":["Conectividad avanzada","Dise\u00f1o \"Opposites United\"","Innovaci\u00f3n automotriz","Kia K3","Sed\u00e1n subcompacto"],"articleSection":["Autos y SUV","LANZAMIENTOS"],"inLanguage":"es"},{"@type":"WebPage","@id":"https:\/\/autofans.com.ar\/index.php\/2023\/08\/15\/kia-k3-el-sedan-revolucionario\/","url":"https:\/\/autofans.com.ar\/index.php\/2023\/08\/15\/kia-k3-el-sedan-revolucionario\/","name":"Kia K3 el sed\u00e1n revolucionario -","isPartOf":{"@id":"https:\/\/autofans.com.ar\/#website"},"primaryImageOfPage":{"@id":"https:\/\/autofans.com.ar\/index.php\/2023\/08\/15\/kia-k3-el-sedan-revolucionario\/#primaryimage"},"image":{"@id":"https:\/\/autofans.com.ar\/index.php\/2023\/08\/15\/kia-k3-el-sedan-revolucionario\/#primaryimage"},"thumbnailUrl":"https:\/\/autofans.com.ar\/wp-content\/uploads\/2023\/08\/foto-2-20.jpg","datePublished":"2023-08-15T15:54:39+00:00","author":{"@id":"https:\/\/autofans.com.ar\/#\/schema\/person\/4a8dda0b6df83ac3d6723e921274c2aa"},"description":"Kia K3, un sed\u00e1n vanguardista que redefine la clase de los subcompactos con su dise\u00f1o revolucionario y avanzadas caracter\u00edsticas de seguridad","breadcrumb":{"@id":"https:\/\/autofans.com.ar\/index.php\/2023\/08\/15\/kia-k3-el-sedan-revolucionario\/#breadcrumb"},"inLanguage":"es","potentialAction":[{"@type":"ReadAction","target":["https:\/\/autofans.com.ar\/index.php\/2023\/08\/15\/kia-k3-el-sedan-revolucionario\/"]}]},{"@type":"ImageObject","inLanguage":"es","@id":"https:\/\/autofans.com.ar\/index.php\/2023\/08\/15\/kia-k3-el-sedan-revolucionario\/#primaryimage","url":"https:\/\/autofans.com.ar\/wp-content\/uploads\/2023\/08\/foto-2-20.jpg","contentUrl":"https:\/\/autofans.com.ar\/wp-content\/uploads\/2023\/08\/foto-2-20.jpg","width":1000,"height":667,"caption":"kia k3"},{"@type":"BreadcrumbList","@id":"https:\/\/autofans.com.ar\/index.php\/2023\/08\/15\/kia-k3-el-sedan-revolucionario\/#breadcrumb","itemListElement":[{"@type":"ListItem","position":1,"name":"Inicio","item":"https:\/\/autofans.com.ar\/"},{"@type":"ListItem","position":2,"name":"Kia K3 el sed\u00e1n revolucionario"}]},{"@type":"WebSite","@id":"https:\/\/autofans.com.ar\/#website","url":"https:\/\/autofans.com.ar\/","name":"","description":"El multimedio referente de la industria automotriz","potentialAction":[{"@type":"SearchAction","target":{"@type":"EntryPoint","urlTemplate":"https:\/\/autofans.com.ar\/?s={search_term_string}"},"query-input":{"@type":"PropertyValueSpecification","valueRequired":true,"valueName":"search_term_string"}}],"inLanguage":"es"},{"@type":"Person","@id":"https:\/\/autofans.com.ar\/#\/schema\/person\/4a8dda0b6df83ac3d6723e921274c2aa","name":"Alejandro Gabriel Rosito","image":{"@type":"ImageObject","inLanguage":"es","@id":"https:\/\/secure.gravatar.com\/avatar\/16c5dda1489adfc62618084dcbb91cffd879c374b13fe5dd8e44ed6733852c88?s=96&d=mm&r=g","url":"https:\/\/secure.gravatar.com\/avatar\/16c5dda1489adfc62618084dcbb91cffd879c374b13fe5dd8e44ed6733852c88?s=96&d=mm&r=g","contentUrl":"https:\/\/secure.gravatar.com\/avatar\/16c5dda1489adfc62618084dcbb91cffd879c374b13fe5dd8e44ed6733852c88?s=96&d=mm&r=g","caption":"Alejandro Gabriel Rosito"},"url":"https:\/\/autofans.com.ar\/index.php\/author\/gabrielr\/"}]}},"featured_image_urls":{"full":["https:\/\/autofans.com.ar\/wp-content\/uploads\/2023\/08\/foto-2-20.jpg",1000,667,false],"thumbnail":["https:\/\/autofans.com.ar\/wp-content\/uploads\/2023\/08\/foto-2-20-150x150.jpg",150,150,true],"medium":["https:\/\/autofans.com.ar\/wp-content\/uploads\/2023\/08\/foto-2-20-300x200.jpg",300,200,true],"medium_large":["https:\/\/autofans.com.ar\/wp-content\/uploads\/2023\/08\/foto-2-20-768x512.jpg",640,427,true],"large":["https:\/\/autofans.com.ar\/wp-content\/uploads\/2023\/08\/foto-2-20.jpg",640,427,false],"1536x1536":["https:\/\/autofans.com.ar\/wp-content\/uploads\/2023\/08\/foto-2-20.jpg",1000,667,false],"2048x2048":["https:\/\/autofans.com.ar\/wp-content\/uploads\/2023\/08\/foto-2-20.jpg",1000,667,false],"covernews-featured":["https:\/\/autofans.com.ar\/wp-content\/uploads\/2023\/08\/foto-2-20.jpg",1000,667,false],"covernews-medium":["https:\/\/autofans.com.ar\/wp-content\/uploads\/2023\/08\/foto-2-20-540x340.jpg",540,340,true]},"author_info":{"display_name":"Alejandro Gabriel Rosito","author_link":"https:\/\/autofans.com.ar\/index.php\/author\/gabrielr\/"},"category_info":"<a href=\"https:\/\/autofans.com.ar\/index.php\/category\/lanzamientos\/autos-y-suv\/\" rel=\"category tag\">Autos y SUV<\/a> <a href=\"https:\/\/autofans.com.ar\/index.php\/category\/lanzamientos\/\" rel=\"category tag\">LANZAMIENTOS<\/a>","tag_info":"LANZAMIENTOS","comment_count":0,"_links":{"self":[{"href":"https:\/\/autofans.com.ar\/index.php\/wp-json\/wp\/v2\/posts\/4573","targetHints":{"allow":["GET"]}}],"collection":[{"href":"https:\/\/autofans.com.ar\/index.php\/wp-json\/wp\/v2\/posts"}],"about":[{"href":"https:\/\/autofans.com.ar\/index.php\/wp-json\/wp\/v2\/types\/post"}],"author":[{"embeddable":true,"href":"https:\/\/autofans.com.ar\/index.php\/wp-json\/wp\/v2\/users\/2"}],"replies":[{"embeddable":true,"href":"https:\/\/autofans.com.ar\/index.php\/wp-json\/wp\/v2\/comments?post=4573"}],"version-history":[{"count":2,"href":"https:\/\/autofans.com.ar\/index.php\/wp-json\/wp\/v2\/posts\/4573\/revisions"}],"predecessor-version":[{"id":4579,"href":"https:\/\/autofans.com.ar\/index.php\/wp-json\/wp\/v2\/posts\/4573\/revisions\/4579"}],"wp:featuredmedia":[{"embeddable":true,"href":"https:\/\/autofans.com.ar\/index.php\/wp-json\/wp\/v2\/media\/4576"}],"wp:attachment":[{"href":"https:\/\/autofans.com.ar\/index.php\/wp-json\/wp\/v2\/media?parent=4573"}],"wp:term":[{"taxonomy":"category","embeddable":true,"href":"https:\/\/autofans.com.ar\/index.php\/wp-json\/wp\/v2\/categories?post=4573"},{"taxonomy":"post_tag","embeddable":true,"href":"https:\/\/autofans.com.ar\/index.php\/wp-json\/wp\/v2\/tags?post=4573"}],"curies":[{"name":"wp","href":"https:\/\/api.w.org\/{rel}","templated":true}]}}