{"id":4580,"date":"2023-08-16T13:12:36","date_gmt":"2023-08-16T16:12:36","guid":{"rendered":"https:\/\/autofans.com.ar\/?p=4580"},"modified":"2023-08-16T13:12:36","modified_gmt":"2023-08-16T16:12:36","slug":"desafio-ruta-40-ypf-2023","status":"publish","type":"post","link":"https:\/\/autofans.com.ar\/index.php\/2023\/08\/16\/desafio-ruta-40-ypf-2023\/","title":{"rendered":"Desaf\u00edo Ruta 40 YPF 2023"},"content":{"rendered":"<p>La espera llega a su fin para los amantes del automovilismo y los seguidores del rally raid, ya que el Desaf\u00edo Ruta 40 YPF est\u00e1 a punto de regresar con fuerza en su 11\u00b0 edici\u00f3n. La competencia, que se llevar\u00e1 a cabo del 26 de agosto al 1 de septiembre en las espectaculares rutas de La Rioja, Bel\u00e9n y Salta, marca su regreso tras cinco a\u00f1os de ausencia y trae consigo emocionantes cambios que prometen elevar la experiencia de pilotos y aficionados por igual.<\/p>\n<p>&nbsp;<\/p>\n<h2>Un nuevo cap\u00edtulo en la historia del rally raid<\/h2>\n<p>Una de las transformaciones m\u00e1s destacadas en esta edici\u00f3n es la unificaci\u00f3n de los campeonatos mundiales de la FIA y la FIM. Dando vida al Campeonato Mundial de Rally Raid (W2RC) en 2022. Esta unificaci\u00f3n trae consigo una alineaci\u00f3n de caracter\u00edsticas t\u00e9cnicas en los reglamentos, lo que simplifica las decisiones de equipos y pilotos, as\u00ed como la fiscalizaci\u00f3n de la carrera. La edici\u00f3n 2023 marcar\u00e1 el debut del W2RC en Argentina y Sudam\u00e9rica. A\u00f1adiendo un toque de emoci\u00f3n y competitividad a la competencia.<\/p>\n<p>El Road Book, el enigm\u00e1tico aliado de los competidores, recibe un giro sorprendente en esta edici\u00f3n. En un esfuerzo por mantener el recorrido en secreto absoluto, los Road Book se entregar\u00e1n minutos antes de la largada de cada especial. Adem\u00e1s, se introduce el Road Book electr\u00f3nico, una tablet que reemplaza la versi\u00f3n en papel y agrega un toque de modernidad a la competencia.<\/p>\n<p>&nbsp;<\/p>\n<p><img fetchpriority=\"high\" decoding=\"async\" class=\"aligncenter wp-image-4582 size-full\" src=\"https:\/\/autofans.com.ar\/wp-content\/uploads\/2023\/08\/foto-1-21.jpg\" alt=\"rally 40 YPF\" width=\"1000\" height=\"667\" srcset=\"https:\/\/autofans.com.ar\/wp-content\/uploads\/2023\/08\/foto-1-21.jpg 1000w, https:\/\/autofans.com.ar\/wp-content\/uploads\/2023\/08\/foto-1-21-300x200.jpg 300w, https:\/\/autofans.com.ar\/wp-content\/uploads\/2023\/08\/foto-1-21-768x512.jpg 768w\" sizes=\"(max-width: 1000px) 100vw, 1000px\" \/><\/p>\n<p>&nbsp;<\/p>\n<h2>Ruta 40 YPF &#8211; Seguridad reforzada<\/h2>\n<p>La seguridad de los pilotos toma un papel protag\u00f3nico con la implementaci\u00f3n del airbag en motos y quads, la modificaci\u00f3n de la torre de navegaci\u00f3n y l\u00edmites de velocidad m\u00e1s estrictos. Estas medidas aseguran que los competidores puedan desafiar los l\u00edmites de velocidad y terreno con tranquilidad y confianza.<\/p>\n<p>Con la llegada del W2RC, se introduce una emocionante novedad: las premiaciones diarias. Los ganadores de cada etapa ser\u00e1n honrados con una ceremonia de entrega de medallas, una oportunidad para reconocer los logros diarios y celebrar el esfuerzo constante de los competidores en cada tramo.<\/p>\n<p>&nbsp;<\/p>\n<p>El Desaf\u00edo <a href=\"https:\/\/autofans.com.ar\/index.php\/2023\/08\/10\/inscripciones-para-el-desafio-ruta-40-ypf-2023-a-punto-de-cerrar\/\" target=\"_blank\" rel=\"noopener\">Ruta 40 YPF 2023<\/a> est\u00e1 a punto de comenzar, y con \u00e9l llegan emociones renovadas, innovaciones t\u00e9cnicas y un ambiente de competencia sin igual. Prep\u00e1rate para vivir la adrenalina del rally raid en su m\u00e1xima expresi\u00f3n.<\/p>\n<p>&nbsp;<\/p>\n<p>&nbsp;<\/p>\n<p><i>Para enterarte de m\u00e1s novedades, no dejes de leer\u00a0<\/i><a href=\"https:\/\/autofans.thebrandsoup.com\/\"><i>nuestras notas<\/i><\/a><i>, de ver<\/i><b><i>\u00a0<\/i><\/b><a href=\"https:\/\/www.youtube.com\/channel\/UCgAC8UGHZYbT6P7PpmVnP7g\"><b><i>AUTOFANS TV<\/i><\/b><\/a><b><i>\u00a0<\/i><\/b><i>en nuestro\u00a0canal de Youtube. Adem\u00e1s seguinos en\u00a0<\/i><a href=\"https:\/\/www.instagram.com\/autofanstv\/\"><i>INSTAGRAM<\/i><\/a><i> y <\/i><a href=\"https:\/\/www.facebook.com\/autofansmas\/\"><i>FACEBOOK<\/i><\/a><i> para no perderte nada sobre las novedades del segmento automotor de Argentina y el mundo.<\/i><\/p>\n<p><i><span class=\"Apple-converted-space\">\u00a0<\/span><\/i><\/p>\n","protected":false},"excerpt":{"rendered":"<p>La espera llega a su fin para los amantes del automovilismo y los seguidores del&#8230;<\/p>\n","protected":false},"author":2,"featured_media":4581,"comment_status":"closed","ping_status":"closed","sticky":false,"template":"","format":"standard","meta":{"footnotes":""},"categories":[127,16],"tags":[2265,2138,2260,2264,2259,2262,2263,2261],"class_list":["post-4580","post","type-post","status-publish","format-standard","has-post-thumbnail","hentry","category-deporte","category-noticias","tag-acreditaciones-de-prensa","tag-desafio-ruta-40-ypf","tag-innovaciones-rally","tag-premiaciones-diarias","tag-rally-raid-2023","tag-road-book-electronico","tag-seguridad-pilotos","tag-unificacion-campeonatos"],"yoast_head":"<!-- This site is optimized with the Yoast SEO plugin v27.5 - https:\/\/yoast.com\/product\/yoast-seo-wordpress\/ -->\n<title>Desaf\u00edo Ruta 40 YPF 2023 -<\/title>\n<meta name=\"description\" content=\"La espera llega a su fin para los amantes del automovilismo y del rally raid, ya que el Desaf\u00edo Ruta 40 YPF est\u00e1 a punto de regresar...\" \/>\n<meta name=\"robots\" content=\"index, follow, max-snippet:-1, max-image-preview:large, max-video-preview:-1\" \/>\n<link rel=\"canonical\" href=\"https:\/\/autofans.com.ar\/index.php\/2023\/08\/16\/desafio-ruta-40-ypf-2023\/\" \/>\n<meta property=\"og:locale\" content=\"es_ES\" \/>\n<meta property=\"og:type\" content=\"article\" \/>\n<meta property=\"og:title\" content=\"Desaf\u00edo Ruta 40 YPF 2023 -\" \/>\n<meta property=\"og:description\" content=\"La espera llega a su fin para los amantes del automovilismo y del rally raid, ya que el Desaf\u00edo Ruta 40 YPF est\u00e1 a punto de regresar...\" \/>\n<meta property=\"og:url\" content=\"https:\/\/autofans.com.ar\/index.php\/2023\/08\/16\/desafio-ruta-40-ypf-2023\/\" \/>\n<meta property=\"article:published_time\" content=\"2023-08-16T16:12:36+00:00\" \/>\n<meta property=\"og:image\" content=\"https:\/\/autofans.com.ar\/wp-content\/uploads\/2023\/08\/foto-2-21.jpg\" \/>\n\t<meta property=\"og:image:width\" content=\"1000\" \/>\n\t<meta property=\"og:image:height\" content=\"667\" \/>\n\t<meta property=\"og:image:type\" content=\"image\/jpeg\" \/>\n<meta name=\"author\" content=\"Alejandro Gabriel Rosito\" \/>\n<meta name=\"twitter:card\" content=\"summary_large_image\" \/>\n<meta name=\"twitter:label1\" content=\"Escrito por\" \/>\n\t<meta name=\"twitter:data1\" content=\"Alejandro Gabriel Rosito\" \/>\n\t<meta name=\"twitter:label2\" content=\"Tiempo de lectura\" \/>\n\t<meta name=\"twitter:data2\" content=\"3 minutos\" \/>\n<script type=\"application\/ld+json\" class=\"yoast-schema-graph\">{\"@context\":\"https:\\\/\\\/schema.org\",\"@graph\":[{\"@type\":\"Article\",\"@id\":\"https:\\\/\\\/autofans.com.ar\\\/index.php\\\/2023\\\/08\\\/16\\\/desafio-ruta-40-ypf-2023\\\/#article\",\"isPartOf\":{\"@id\":\"https:\\\/\\\/autofans.com.ar\\\/index.php\\\/2023\\\/08\\\/16\\\/desafio-ruta-40-ypf-2023\\\/\"},\"author\":{\"name\":\"Alejandro Gabriel Rosito\",\"@id\":\"https:\\\/\\\/autofans.com.ar\\\/#\\\/schema\\\/person\\\/4a8dda0b6df83ac3d6723e921274c2aa\"},\"headline\":\"Desaf\u00edo Ruta 40 YPF 2023\",\"datePublished\":\"2023-08-16T16:12:36+00:00\",\"mainEntityOfPage\":{\"@id\":\"https:\\\/\\\/autofans.com.ar\\\/index.php\\\/2023\\\/08\\\/16\\\/desafio-ruta-40-ypf-2023\\\/\"},\"wordCount\":460,\"image\":{\"@id\":\"https:\\\/\\\/autofans.com.ar\\\/index.php\\\/2023\\\/08\\\/16\\\/desafio-ruta-40-ypf-2023\\\/#primaryimage\"},\"thumbnailUrl\":\"https:\\\/\\\/autofans.com.ar\\\/wp-content\\\/uploads\\\/2023\\\/08\\\/foto-2-21.jpg\",\"keywords\":[\"Acreditaciones de Prensa\",\"Desaf\u00edo Ruta 40 YPF\",\"Innovaciones Rally\",\"Premiaciones Diarias\",\"Rally Raid 2023\",\"Road Book Electr\u00f3nico\",\"Seguridad Pilotos\",\"Unificaci\u00f3n Campeonatos\"],\"articleSection\":[\"DEPORTE MOTOR\",\"NOTICIAS\"],\"inLanguage\":\"es\"},{\"@type\":\"WebPage\",\"@id\":\"https:\\\/\\\/autofans.com.ar\\\/index.php\\\/2023\\\/08\\\/16\\\/desafio-ruta-40-ypf-2023\\\/\",\"url\":\"https:\\\/\\\/autofans.com.ar\\\/index.php\\\/2023\\\/08\\\/16\\\/desafio-ruta-40-ypf-2023\\\/\",\"name\":\"Desaf\u00edo Ruta 40 YPF 2023 -\",\"isPartOf\":{\"@id\":\"https:\\\/\\\/autofans.com.ar\\\/#website\"},\"primaryImageOfPage\":{\"@id\":\"https:\\\/\\\/autofans.com.ar\\\/index.php\\\/2023\\\/08\\\/16\\\/desafio-ruta-40-ypf-2023\\\/#primaryimage\"},\"image\":{\"@id\":\"https:\\\/\\\/autofans.com.ar\\\/index.php\\\/2023\\\/08\\\/16\\\/desafio-ruta-40-ypf-2023\\\/#primaryimage\"},\"thumbnailUrl\":\"https:\\\/\\\/autofans.com.ar\\\/wp-content\\\/uploads\\\/2023\\\/08\\\/foto-2-21.jpg\",\"datePublished\":\"2023-08-16T16:12:36+00:00\",\"author\":{\"@id\":\"https:\\\/\\\/autofans.com.ar\\\/#\\\/schema\\\/person\\\/4a8dda0b6df83ac3d6723e921274c2aa\"},\"description\":\"La espera llega a su fin para los amantes del automovilismo y del rally raid, ya que el Desaf\u00edo Ruta 40 YPF est\u00e1 a punto de regresar...\",\"breadcrumb\":{\"@id\":\"https:\\\/\\\/autofans.com.ar\\\/index.php\\\/2023\\\/08\\\/16\\\/desafio-ruta-40-ypf-2023\\\/#breadcrumb\"},\"inLanguage\":\"es\",\"potentialAction\":[{\"@type\":\"ReadAction\",\"target\":[\"https:\\\/\\\/autofans.com.ar\\\/index.php\\\/2023\\\/08\\\/16\\\/desafio-ruta-40-ypf-2023\\\/\"]}]},{\"@type\":\"ImageObject\",\"inLanguage\":\"es\",\"@id\":\"https:\\\/\\\/autofans.com.ar\\\/index.php\\\/2023\\\/08\\\/16\\\/desafio-ruta-40-ypf-2023\\\/#primaryimage\",\"url\":\"https:\\\/\\\/autofans.com.ar\\\/wp-content\\\/uploads\\\/2023\\\/08\\\/foto-2-21.jpg\",\"contentUrl\":\"https:\\\/\\\/autofans.com.ar\\\/wp-content\\\/uploads\\\/2023\\\/08\\\/foto-2-21.jpg\",\"width\":1000,\"height\":667,\"caption\":\"Desaf\u00edo Ruta 40\"},{\"@type\":\"BreadcrumbList\",\"@id\":\"https:\\\/\\\/autofans.com.ar\\\/index.php\\\/2023\\\/08\\\/16\\\/desafio-ruta-40-ypf-2023\\\/#breadcrumb\",\"itemListElement\":[{\"@type\":\"ListItem\",\"position\":1,\"name\":\"Inicio\",\"item\":\"https:\\\/\\\/autofans.com.ar\\\/\"},{\"@type\":\"ListItem\",\"position\":2,\"name\":\"Desaf\u00edo Ruta 40 YPF 2023\"}]},{\"@type\":\"WebSite\",\"@id\":\"https:\\\/\\\/autofans.com.ar\\\/#website\",\"url\":\"https:\\\/\\\/autofans.com.ar\\\/\",\"name\":\"\",\"description\":\"El multimedio referente de la industria automotriz\",\"potentialAction\":[{\"@type\":\"SearchAction\",\"target\":{\"@type\":\"EntryPoint\",\"urlTemplate\":\"https:\\\/\\\/autofans.com.ar\\\/?s={search_term_string}\"},\"query-input\":{\"@type\":\"PropertyValueSpecification\",\"valueRequired\":true,\"valueName\":\"search_term_string\"}}],\"inLanguage\":\"es\"},{\"@type\":\"Person\",\"@id\":\"https:\\\/\\\/autofans.com.ar\\\/#\\\/schema\\\/person\\\/4a8dda0b6df83ac3d6723e921274c2aa\",\"name\":\"Alejandro Gabriel Rosito\",\"image\":{\"@type\":\"ImageObject\",\"inLanguage\":\"es\",\"@id\":\"https:\\\/\\\/secure.gravatar.com\\\/avatar\\\/16c5dda1489adfc62618084dcbb91cffd879c374b13fe5dd8e44ed6733852c88?s=96&d=mm&r=g\",\"url\":\"https:\\\/\\\/secure.gravatar.com\\\/avatar\\\/16c5dda1489adfc62618084dcbb91cffd879c374b13fe5dd8e44ed6733852c88?s=96&d=mm&r=g\",\"contentUrl\":\"https:\\\/\\\/secure.gravatar.com\\\/avatar\\\/16c5dda1489adfc62618084dcbb91cffd879c374b13fe5dd8e44ed6733852c88?s=96&d=mm&r=g\",\"caption\":\"Alejandro Gabriel Rosito\"},\"url\":\"https:\\\/\\\/autofans.com.ar\\\/index.php\\\/author\\\/gabrielr\\\/\"}]}<\/script>\n<!-- \/ Yoast SEO plugin. -->","yoast_head_json":{"title":"Desaf\u00edo Ruta 40 YPF 2023 -","description":"La espera llega a su fin para los amantes del automovilismo y del rally raid, ya que el Desaf\u00edo Ruta 40 YPF est\u00e1 a punto de regresar...","robots":{"index":"index","follow":"follow","max-snippet":"max-snippet:-1","max-image-preview":"max-image-preview:large","max-video-preview":"max-video-preview:-1"},"canonical":"https:\/\/autofans.com.ar\/index.php\/2023\/08\/16\/desafio-ruta-40-ypf-2023\/","og_locale":"es_ES","og_type":"article","og_title":"Desaf\u00edo Ruta 40 YPF 2023 -","og_description":"La espera llega a su fin para los amantes del automovilismo y del rally raid, ya que el Desaf\u00edo Ruta 40 YPF est\u00e1 a punto de regresar...","og_url":"https:\/\/autofans.com.ar\/index.php\/2023\/08\/16\/desafio-ruta-40-ypf-2023\/","article_published_time":"2023-08-16T16:12:36+00:00","og_image":[{"width":1000,"height":667,"url":"https:\/\/autofans.com.ar\/wp-content\/uploads\/2023\/08\/foto-2-21.jpg","type":"image\/jpeg"}],"author":"Alejandro Gabriel Rosito","twitter_card":"summary_large_image","twitter_misc":{"Escrito por":"Alejandro Gabriel Rosito","Tiempo de lectura":"3 minutos"},"schema":{"@context":"https:\/\/schema.org","@graph":[{"@type":"Article","@id":"https:\/\/autofans.com.ar\/index.php\/2023\/08\/16\/desafio-ruta-40-ypf-2023\/#article","isPartOf":{"@id":"https:\/\/autofans.com.ar\/index.php\/2023\/08\/16\/desafio-ruta-40-ypf-2023\/"},"author":{"name":"Alejandro Gabriel Rosito","@id":"https:\/\/autofans.com.ar\/#\/schema\/person\/4a8dda0b6df83ac3d6723e921274c2aa"},"headline":"Desaf\u00edo Ruta 40 YPF 2023","datePublished":"2023-08-16T16:12:36+00:00","mainEntityOfPage":{"@id":"https:\/\/autofans.com.ar\/index.php\/2023\/08\/16\/desafio-ruta-40-ypf-2023\/"},"wordCount":460,"image":{"@id":"https:\/\/autofans.com.ar\/index.php\/2023\/08\/16\/desafio-ruta-40-ypf-2023\/#primaryimage"},"thumbnailUrl":"https:\/\/autofans.com.ar\/wp-content\/uploads\/2023\/08\/foto-2-21.jpg","keywords":["Acreditaciones de Prensa","Desaf\u00edo Ruta 40 YPF","Innovaciones Rally","Premiaciones Diarias","Rally Raid 2023","Road Book Electr\u00f3nico","Seguridad Pilotos","Unificaci\u00f3n Campeonatos"],"articleSection":["DEPORTE MOTOR","NOTICIAS"],"inLanguage":"es"},{"@type":"WebPage","@id":"https:\/\/autofans.com.ar\/index.php\/2023\/08\/16\/desafio-ruta-40-ypf-2023\/","url":"https:\/\/autofans.com.ar\/index.php\/2023\/08\/16\/desafio-ruta-40-ypf-2023\/","name":"Desaf\u00edo Ruta 40 YPF 2023 -","isPartOf":{"@id":"https:\/\/autofans.com.ar\/#website"},"primaryImageOfPage":{"@id":"https:\/\/autofans.com.ar\/index.php\/2023\/08\/16\/desafio-ruta-40-ypf-2023\/#primaryimage"},"image":{"@id":"https:\/\/autofans.com.ar\/index.php\/2023\/08\/16\/desafio-ruta-40-ypf-2023\/#primaryimage"},"thumbnailUrl":"https:\/\/autofans.com.ar\/wp-content\/uploads\/2023\/08\/foto-2-21.jpg","datePublished":"2023-08-16T16:12:36+00:00","author":{"@id":"https:\/\/autofans.com.ar\/#\/schema\/person\/4a8dda0b6df83ac3d6723e921274c2aa"},"description":"La espera llega a su fin para los amantes del automovilismo y del rally raid, ya que el Desaf\u00edo Ruta 40 YPF est\u00e1 a punto de regresar...","breadcrumb":{"@id":"https:\/\/autofans.com.ar\/index.php\/2023\/08\/16\/desafio-ruta-40-ypf-2023\/#breadcrumb"},"inLanguage":"es","potentialAction":[{"@type":"ReadAction","target":["https:\/\/autofans.com.ar\/index.php\/2023\/08\/16\/desafio-ruta-40-ypf-2023\/"]}]},{"@type":"ImageObject","inLanguage":"es","@id":"https:\/\/autofans.com.ar\/index.php\/2023\/08\/16\/desafio-ruta-40-ypf-2023\/#primaryimage","url":"https:\/\/autofans.com.ar\/wp-content\/uploads\/2023\/08\/foto-2-21.jpg","contentUrl":"https:\/\/autofans.com.ar\/wp-content\/uploads\/2023\/08\/foto-2-21.jpg","width":1000,"height":667,"caption":"Desaf\u00edo Ruta 40"},{"@type":"BreadcrumbList","@id":"https:\/\/autofans.com.ar\/index.php\/2023\/08\/16\/desafio-ruta-40-ypf-2023\/#breadcrumb","itemListElement":[{"@type":"ListItem","position":1,"name":"Inicio","item":"https:\/\/autofans.com.ar\/"},{"@type":"ListItem","position":2,"name":"Desaf\u00edo Ruta 40 YPF 2023"}]},{"@type":"WebSite","@id":"https:\/\/autofans.com.ar\/#website","url":"https:\/\/autofans.com.ar\/","name":"","description":"El multimedio referente de la industria automotriz","potentialAction":[{"@type":"SearchAction","target":{"@type":"EntryPoint","urlTemplate":"https:\/\/autofans.com.ar\/?s={search_term_string}"},"query-input":{"@type":"PropertyValueSpecification","valueRequired":true,"valueName":"search_term_string"}}],"inLanguage":"es"},{"@type":"Person","@id":"https:\/\/autofans.com.ar\/#\/schema\/person\/4a8dda0b6df83ac3d6723e921274c2aa","name":"Alejandro Gabriel Rosito","image":{"@type":"ImageObject","inLanguage":"es","@id":"https:\/\/secure.gravatar.com\/avatar\/16c5dda1489adfc62618084dcbb91cffd879c374b13fe5dd8e44ed6733852c88?s=96&d=mm&r=g","url":"https:\/\/secure.gravatar.com\/avatar\/16c5dda1489adfc62618084dcbb91cffd879c374b13fe5dd8e44ed6733852c88?s=96&d=mm&r=g","contentUrl":"https:\/\/secure.gravatar.com\/avatar\/16c5dda1489adfc62618084dcbb91cffd879c374b13fe5dd8e44ed6733852c88?s=96&d=mm&r=g","caption":"Alejandro Gabriel Rosito"},"url":"https:\/\/autofans.com.ar\/index.php\/author\/gabrielr\/"}]}},"featured_image_urls":{"full":["https:\/\/autofans.com.ar\/wp-content\/uploads\/2023\/08\/foto-2-21.jpg",1000,667,false],"thumbnail":["https:\/\/autofans.com.ar\/wp-content\/uploads\/2023\/08\/foto-2-21-150x150.jpg",150,150,true],"medium":["https:\/\/autofans.com.ar\/wp-content\/uploads\/2023\/08\/foto-2-21-300x200.jpg",300,200,true],"medium_large":["https:\/\/autofans.com.ar\/wp-content\/uploads\/2023\/08\/foto-2-21-768x512.jpg",640,427,true],"large":["https:\/\/autofans.com.ar\/wp-content\/uploads\/2023\/08\/foto-2-21.jpg",640,427,false],"1536x1536":["https:\/\/autofans.com.ar\/wp-content\/uploads\/2023\/08\/foto-2-21.jpg",1000,667,false],"2048x2048":["https:\/\/autofans.com.ar\/wp-content\/uploads\/2023\/08\/foto-2-21.jpg",1000,667,false],"covernews-featured":["https:\/\/autofans.com.ar\/wp-content\/uploads\/2023\/08\/foto-2-21.jpg",1000,667,false],"covernews-medium":["https:\/\/autofans.com.ar\/wp-content\/uploads\/2023\/08\/foto-2-21-540x340.jpg",540,340,true]},"author_info":{"display_name":"Alejandro Gabriel Rosito","author_link":"https:\/\/autofans.com.ar\/index.php\/author\/gabrielr\/"},"category_info":"<a href=\"https:\/\/autofans.com.ar\/index.php\/category\/noticias\/deporte\/\" rel=\"category tag\">DEPORTE MOTOR<\/a> <a href=\"https:\/\/autofans.com.ar\/index.php\/category\/noticias\/\" rel=\"category tag\">NOTICIAS<\/a>","tag_info":"NOTICIAS","comment_count":0,"_links":{"self":[{"href":"https:\/\/autofans.com.ar\/index.php\/wp-json\/wp\/v2\/posts\/4580","targetHints":{"allow":["GET"]}}],"collection":[{"href":"https:\/\/autofans.com.ar\/index.php\/wp-json\/wp\/v2\/posts"}],"about":[{"href":"https:\/\/autofans.com.ar\/index.php\/wp-json\/wp\/v2\/types\/post"}],"author":[{"embeddable":true,"href":"https:\/\/autofans.com.ar\/index.php\/wp-json\/wp\/v2\/users\/2"}],"replies":[{"embeddable":true,"href":"https:\/\/autofans.com.ar\/index.php\/wp-json\/wp\/v2\/comments?post=4580"}],"version-history":[{"count":2,"href":"https:\/\/autofans.com.ar\/index.php\/wp-json\/wp\/v2\/posts\/4580\/revisions"}],"predecessor-version":[{"id":4584,"href":"https:\/\/autofans.com.ar\/index.php\/wp-json\/wp\/v2\/posts\/4580\/revisions\/4584"}],"wp:featuredmedia":[{"embeddable":true,"href":"https:\/\/autofans.com.ar\/index.php\/wp-json\/wp\/v2\/media\/4581"}],"wp:attachment":[{"href":"https:\/\/autofans.com.ar\/index.php\/wp-json\/wp\/v2\/media?parent=4580"}],"wp:term":[{"taxonomy":"category","embeddable":true,"href":"https:\/\/autofans.com.ar\/index.php\/wp-json\/wp\/v2\/categories?post=4580"},{"taxonomy":"post_tag","embeddable":true,"href":"https:\/\/autofans.com.ar\/index.php\/wp-json\/wp\/v2\/tags?post=4580"}],"curies":[{"name":"wp","href":"https:\/\/api.w.org\/{rel}","templated":true}]}}