{"id":4637,"date":"2023-08-21T12:36:49","date_gmt":"2023-08-21T15:36:49","guid":{"rendered":"https:\/\/autofans.com.ar\/?p=4637"},"modified":"2023-08-21T12:36:49","modified_gmt":"2023-08-21T15:36:49","slug":"mercedes-benz-buses-innovacion-en-seguridad-vial-vision-cero","status":"publish","type":"post","link":"https:\/\/autofans.com.ar\/index.php\/2023\/08\/21\/mercedes-benz-buses-innovacion-en-seguridad-vial-vision-cero\/","title":{"rendered":"Mercedes-Benz Buses innovaci\u00f3n en seguridad Vial \u00abVisi\u00f3n Cero\u00bb"},"content":{"rendered":"<p>En el D\u00eda del Peat\u00f3n, Mercedes-Benz Camiones y Buses destaca su compromiso con la seguridad vial y la \u00abVisi\u00f3n Cero\u00bb. Conoce c\u00f3mo los innovadores sistemas de seguridad en los buses de larga distancia est\u00e1n reduciendo riesgos y protegiendo a peatones y conductores. Lee m\u00e1s sobre las tecnolog\u00edas que marcan la diferencia en el transporte.<\/p>\n<p>&nbsp;<\/p>\n<p><center><iframe title=\"Mercedes-Benz Buses: Nuevos Opcionales de Seguridad\" width=\"640\" height=\"360\" src=\"https:\/\/www.youtube.com\/embed\/L2ntPzqeJmc?feature=oembed\" frameborder=\"0\" allow=\"accelerometer; autoplay; clipboard-write; encrypted-media; gyroscope; picture-in-picture; web-share\" referrerpolicy=\"strict-origin-when-cross-origin\" allowfullscreen><\/iframe><\/p>\n<p><\/center><\/p>\n<blockquote><p>&nbsp;<\/p>\n<p style=\"text-align: center;\">Sebasti\u00e1n Gysin, Director de Ventas y Marketing de Buses en Argentina, afirma: \u201cEn<br \/>\nMercedes-Benz Camiones y Buses, nos enorgullece contribuir al futuro de la movilidad, donde la<br \/>\nseguridad es un valor fundamental. Estamos comprometidos con la visi\u00f3n de un mundo donde cada<br \/>\npaso sea seguro y cada viaje sea una experiencia confiable\u201d.<\/p>\n<p>&nbsp;<\/p><\/blockquote>\n<p>El concepto de \u00abVisi\u00f3n Cero\u00bb es un paradigma que alinea a Mercedes-Benz con los objetivos de la Uni\u00f3n Europea para eliminar completamente los accidentes de tr\u00e1fico con lesiones graves para el a\u00f1o 2050. En esta direcci\u00f3n, la empresa ha estado trabajando incansablemente para desarrollar sistemas de seguridad avanzados que priorizan la conducci\u00f3n segura en sus buses de larga distancia.<\/p>\n<p>&nbsp;<\/p>\n<p><img fetchpriority=\"high\" decoding=\"async\" class=\"aligncenter wp-image-4639 size-full\" src=\"https:\/\/autofans.com.ar\/wp-content\/uploads\/2023\/08\/foto-3-24.jpg\" alt=\"mercedes benz buses\" width=\"1000\" height=\"667\" srcset=\"https:\/\/autofans.com.ar\/wp-content\/uploads\/2023\/08\/foto-3-24.jpg 1000w, https:\/\/autofans.com.ar\/wp-content\/uploads\/2023\/08\/foto-3-24-300x200.jpg 300w, https:\/\/autofans.com.ar\/wp-content\/uploads\/2023\/08\/foto-3-24-768x512.jpg 768w\" sizes=\"(max-width: 1000px) 100vw, 1000px\" \/><\/p>\n<p>&nbsp;<\/p>\n<h2>Mercedes-Benz buses avanza<\/h2>\n<p>Los testimonios de choferes que utilizan los buses Mercedes-Benz con sistemas de seguridad han sido elocuentes. Leonardo Agust\u00edn Herlein, Director Corporativo de Operaciones de Grupo HER, un cliente de la marca, destaca c\u00f3mo las soluciones de seguridad han tenido un impacto positivo despu\u00e9s de un a\u00f1o de implementaci\u00f3n.<\/p>\n<p>&nbsp;<\/p>\n<blockquote>\n<p style=\"text-align: center;\">Otro conductor de la empresa Expreso Alberino, Maximiliano Jalid, considera: \u201cpara nuestro tr\u00e1nsito<br \/>\nen ruta, donde enfrentamos condiciones clim\u00e1ticas y de tr\u00e1fico variables, los buses Mercedes-Benz<br \/>\nson excepcionales. Durante uno de nuestros viajes, se cruz\u00f3 un animal a unos 500 metros de<br \/>\ndistancia, lo que activ\u00f3 instant\u00e1neamente el Sistema de Frenado de Emergencia Activo (AEBS)\u201d.<\/p>\n<\/blockquote>\n<p>&nbsp;<\/p>\n<p>Una caracter\u00edstica clave de estos buses es la incorporaci\u00f3n de sistemas de asistencia al conductor vanguardistas. El modelo O 500 RSD, por ejemplo, incluye un conjunto de opciones dise\u00f1adas para prevenir situaciones de riesgo. Esto va desde el Frenado de Emergencia Activo (AEBS), que utiliza un radar para detectar obst\u00e1culos en el camino y frenar autom\u00e1ticamente el veh\u00edculo. Hasta el sistema de advertencia en cambios de carril (LDWS) y el asistente de arranque en pendiente (HSA).<\/p>\n<p>&nbsp;<\/p>\n<p><img decoding=\"async\" class=\"aligncenter wp-image-4641 size-full\" src=\"https:\/\/autofans.com.ar\/wp-content\/uploads\/2023\/08\/foto-1-28.jpg\" alt=\"mercedes benz buses\" width=\"1000\" height=\"667\" srcset=\"https:\/\/autofans.com.ar\/wp-content\/uploads\/2023\/08\/foto-1-28.jpg 1000w, https:\/\/autofans.com.ar\/wp-content\/uploads\/2023\/08\/foto-1-28-300x200.jpg 300w, https:\/\/autofans.com.ar\/wp-content\/uploads\/2023\/08\/foto-1-28-768x512.jpg 768w\" sizes=\"(max-width: 1000px) 100vw, 1000px\" \/><\/p>\n<p>&nbsp;<\/p>\n<p>En el D\u00eda del Peat\u00f3n, la marca no solo celebra su compromiso con la seguridad vial. Tambi\u00e9n insta a la sociedad a unirse en la construcci\u00f3n de una movilidad m\u00e1s segura y respetuosa de las normas de tr\u00e1nsito. Mercedes-Benz Camiones y Buses avanza hacia el futuro con la certeza de que su enfoque en la <a href=\"https:\/\/autofans.com.ar\/index.php\/2023\/05\/23\/daimler-truck-ag-alcanza-un-hito-en-seguridad-vial\/\" target=\"_blank\" rel=\"noopener\">seguridad<\/a> est\u00e1 marcando la pauta en la industria automotriz.<\/p>\n<p>&nbsp;<\/p>\n<p><i>Para enterarte de m\u00e1s novedades, no dejes de leer\u00a0<\/i><a href=\"https:\/\/autofans.thebrandsoup.com\/\"><i>nuestras notas<\/i><\/a><i>, de ver<\/i><b><i>\u00a0<\/i><\/b><a href=\"https:\/\/www.youtube.com\/channel\/UCgAC8UGHZYbT6P7PpmVnP7g\"><b><i>AUTOFANS TV<\/i><\/b><\/a><b><i>\u00a0<\/i><\/b><i>en nuestro\u00a0canal de Youtube. Adem\u00e1s seguinos en\u00a0<\/i><a href=\"https:\/\/www.instagram.com\/autofanstv\/\"><i>INSTAGRAM<\/i><\/a><i> y <\/i><a href=\"https:\/\/www.facebook.com\/autofansmas\/\"><i>FACEBOOK<\/i><\/a><i> para no perderte nada sobre las novedades del segmento automotor de Argentina y el mundo.<\/i><\/p>\n","protected":false},"excerpt":{"rendered":"<p>En el D\u00eda del Peat\u00f3n, Mercedes-Benz Camiones y Buses destaca su compromiso con la seguridad&#8230;<\/p>\n","protected":false},"author":2,"featured_media":4640,"comment_status":"closed","ping_status":"closed","sticky":false,"template":"","format":"standard","meta":{"footnotes":""},"categories":[16,10],"tags":[2298,1206,2299,2297],"class_list":["post-4637","post","type-post","status-publish","format-standard","has-post-thumbnail","hentry","category-noticias","category-utilitarios-y-pesados-lanzamientos","tag-mercedesbenzbuses","tag-seguridadvial","tag-transporteseguro-diadelpeaton","tag-visioncero"],"yoast_head":"<!-- This site is optimized with the Yoast SEO plugin v27.5 - https:\/\/yoast.com\/product\/yoast-seo-wordpress\/ -->\n<title>Mercedes-Benz Buses innovaci\u00f3n en seguridad Vial &quot;Visi\u00f3n Cero&quot; -<\/title>\n<meta name=\"description\" content=\"En el D\u00eda del Peat\u00f3n, Mercedes-Benz Camiones y Buses destaca su compromiso con la seguridad vial y la &quot;Visi\u00f3n Cero&quot;. con los nuevos sistemas.\" \/>\n<meta name=\"robots\" content=\"index, follow, max-snippet:-1, max-image-preview:large, max-video-preview:-1\" \/>\n<link rel=\"canonical\" href=\"https:\/\/autofans.com.ar\/index.php\/2023\/08\/21\/mercedes-benz-buses-innovacion-en-seguridad-vial-vision-cero\/\" \/>\n<meta property=\"og:locale\" content=\"es_ES\" \/>\n<meta property=\"og:type\" content=\"article\" \/>\n<meta property=\"og:title\" content=\"Mercedes-Benz Buses innovaci\u00f3n en seguridad Vial &quot;Visi\u00f3n Cero&quot; -\" \/>\n<meta property=\"og:description\" content=\"En el D\u00eda del Peat\u00f3n, Mercedes-Benz Camiones y Buses destaca su compromiso con la seguridad vial y la &quot;Visi\u00f3n Cero&quot;. con los nuevos sistemas.\" \/>\n<meta property=\"og:url\" content=\"https:\/\/autofans.com.ar\/index.php\/2023\/08\/21\/mercedes-benz-buses-innovacion-en-seguridad-vial-vision-cero\/\" \/>\n<meta property=\"article:published_time\" content=\"2023-08-21T15:36:49+00:00\" \/>\n<meta property=\"og:image\" content=\"https:\/\/autofans.com.ar\/wp-content\/uploads\/2023\/08\/foto-2-28.jpg\" \/>\n\t<meta property=\"og:image:width\" content=\"1000\" \/>\n\t<meta property=\"og:image:height\" content=\"667\" \/>\n\t<meta property=\"og:image:type\" content=\"image\/jpeg\" \/>\n<meta name=\"author\" content=\"Alejandro Gabriel Rosito\" \/>\n<meta name=\"twitter:card\" content=\"summary_large_image\" \/>\n<meta name=\"twitter:label1\" content=\"Escrito por\" \/>\n\t<meta name=\"twitter:data1\" content=\"Alejandro Gabriel Rosito\" \/>\n\t<meta name=\"twitter:label2\" content=\"Tiempo de lectura\" \/>\n\t<meta name=\"twitter:data2\" content=\"2 minutos\" \/>\n<script type=\"application\/ld+json\" class=\"yoast-schema-graph\">{\"@context\":\"https:\\\/\\\/schema.org\",\"@graph\":[{\"@type\":\"Article\",\"@id\":\"https:\\\/\\\/autofans.com.ar\\\/index.php\\\/2023\\\/08\\\/21\\\/mercedes-benz-buses-innovacion-en-seguridad-vial-vision-cero\\\/#article\",\"isPartOf\":{\"@id\":\"https:\\\/\\\/autofans.com.ar\\\/index.php\\\/2023\\\/08\\\/21\\\/mercedes-benz-buses-innovacion-en-seguridad-vial-vision-cero\\\/\"},\"author\":{\"name\":\"Alejandro Gabriel Rosito\",\"@id\":\"https:\\\/\\\/autofans.com.ar\\\/#\\\/schema\\\/person\\\/4a8dda0b6df83ac3d6723e921274c2aa\"},\"headline\":\"Mercedes-Benz Buses innovaci\u00f3n en seguridad Vial \u00abVisi\u00f3n Cero\u00bb\",\"datePublished\":\"2023-08-21T15:36:49+00:00\",\"mainEntityOfPage\":{\"@id\":\"https:\\\/\\\/autofans.com.ar\\\/index.php\\\/2023\\\/08\\\/21\\\/mercedes-benz-buses-innovacion-en-seguridad-vial-vision-cero\\\/\"},\"wordCount\":517,\"image\":{\"@id\":\"https:\\\/\\\/autofans.com.ar\\\/index.php\\\/2023\\\/08\\\/21\\\/mercedes-benz-buses-innovacion-en-seguridad-vial-vision-cero\\\/#primaryimage\"},\"thumbnailUrl\":\"https:\\\/\\\/autofans.com.ar\\\/wp-content\\\/uploads\\\/2023\\\/08\\\/foto-2-28.jpg\",\"keywords\":[\"#MercedesBenzBuses\",\"seguridadvial\",\"TransporteSeguro. D\u00edaDelPeat\u00f3n\",\"Visi\u00f3nCero\"],\"articleSection\":[\"NOTICIAS\",\"Pick Ups, Utilitarios y Pesados\"],\"inLanguage\":\"es\"},{\"@type\":\"WebPage\",\"@id\":\"https:\\\/\\\/autofans.com.ar\\\/index.php\\\/2023\\\/08\\\/21\\\/mercedes-benz-buses-innovacion-en-seguridad-vial-vision-cero\\\/\",\"url\":\"https:\\\/\\\/autofans.com.ar\\\/index.php\\\/2023\\\/08\\\/21\\\/mercedes-benz-buses-innovacion-en-seguridad-vial-vision-cero\\\/\",\"name\":\"Mercedes-Benz Buses innovaci\u00f3n en seguridad Vial \\\"Visi\u00f3n Cero\\\" -\",\"isPartOf\":{\"@id\":\"https:\\\/\\\/autofans.com.ar\\\/#website\"},\"primaryImageOfPage\":{\"@id\":\"https:\\\/\\\/autofans.com.ar\\\/index.php\\\/2023\\\/08\\\/21\\\/mercedes-benz-buses-innovacion-en-seguridad-vial-vision-cero\\\/#primaryimage\"},\"image\":{\"@id\":\"https:\\\/\\\/autofans.com.ar\\\/index.php\\\/2023\\\/08\\\/21\\\/mercedes-benz-buses-innovacion-en-seguridad-vial-vision-cero\\\/#primaryimage\"},\"thumbnailUrl\":\"https:\\\/\\\/autofans.com.ar\\\/wp-content\\\/uploads\\\/2023\\\/08\\\/foto-2-28.jpg\",\"datePublished\":\"2023-08-21T15:36:49+00:00\",\"author\":{\"@id\":\"https:\\\/\\\/autofans.com.ar\\\/#\\\/schema\\\/person\\\/4a8dda0b6df83ac3d6723e921274c2aa\"},\"description\":\"En el D\u00eda del Peat\u00f3n, Mercedes-Benz Camiones y Buses destaca su compromiso con la seguridad vial y la \\\"Visi\u00f3n Cero\\\". con los nuevos sistemas.\",\"breadcrumb\":{\"@id\":\"https:\\\/\\\/autofans.com.ar\\\/index.php\\\/2023\\\/08\\\/21\\\/mercedes-benz-buses-innovacion-en-seguridad-vial-vision-cero\\\/#breadcrumb\"},\"inLanguage\":\"es\",\"potentialAction\":[{\"@type\":\"ReadAction\",\"target\":[\"https:\\\/\\\/autofans.com.ar\\\/index.php\\\/2023\\\/08\\\/21\\\/mercedes-benz-buses-innovacion-en-seguridad-vial-vision-cero\\\/\"]}]},{\"@type\":\"ImageObject\",\"inLanguage\":\"es\",\"@id\":\"https:\\\/\\\/autofans.com.ar\\\/index.php\\\/2023\\\/08\\\/21\\\/mercedes-benz-buses-innovacion-en-seguridad-vial-vision-cero\\\/#primaryimage\",\"url\":\"https:\\\/\\\/autofans.com.ar\\\/wp-content\\\/uploads\\\/2023\\\/08\\\/foto-2-28.jpg\",\"contentUrl\":\"https:\\\/\\\/autofans.com.ar\\\/wp-content\\\/uploads\\\/2023\\\/08\\\/foto-2-28.jpg\",\"width\":1000,\"height\":667,\"caption\":\"mercedes benz buses\"},{\"@type\":\"BreadcrumbList\",\"@id\":\"https:\\\/\\\/autofans.com.ar\\\/index.php\\\/2023\\\/08\\\/21\\\/mercedes-benz-buses-innovacion-en-seguridad-vial-vision-cero\\\/#breadcrumb\",\"itemListElement\":[{\"@type\":\"ListItem\",\"position\":1,\"name\":\"Inicio\",\"item\":\"https:\\\/\\\/autofans.com.ar\\\/\"},{\"@type\":\"ListItem\",\"position\":2,\"name\":\"Mercedes-Benz Buses innovaci\u00f3n en seguridad Vial \u00abVisi\u00f3n Cero\u00bb\"}]},{\"@type\":\"WebSite\",\"@id\":\"https:\\\/\\\/autofans.com.ar\\\/#website\",\"url\":\"https:\\\/\\\/autofans.com.ar\\\/\",\"name\":\"\",\"description\":\"El multimedio referente de la industria automotriz\",\"potentialAction\":[{\"@type\":\"SearchAction\",\"target\":{\"@type\":\"EntryPoint\",\"urlTemplate\":\"https:\\\/\\\/autofans.com.ar\\\/?s={search_term_string}\"},\"query-input\":{\"@type\":\"PropertyValueSpecification\",\"valueRequired\":true,\"valueName\":\"search_term_string\"}}],\"inLanguage\":\"es\"},{\"@type\":\"Person\",\"@id\":\"https:\\\/\\\/autofans.com.ar\\\/#\\\/schema\\\/person\\\/4a8dda0b6df83ac3d6723e921274c2aa\",\"name\":\"Alejandro Gabriel Rosito\",\"image\":{\"@type\":\"ImageObject\",\"inLanguage\":\"es\",\"@id\":\"https:\\\/\\\/secure.gravatar.com\\\/avatar\\\/16c5dda1489adfc62618084dcbb91cffd879c374b13fe5dd8e44ed6733852c88?s=96&d=mm&r=g\",\"url\":\"https:\\\/\\\/secure.gravatar.com\\\/avatar\\\/16c5dda1489adfc62618084dcbb91cffd879c374b13fe5dd8e44ed6733852c88?s=96&d=mm&r=g\",\"contentUrl\":\"https:\\\/\\\/secure.gravatar.com\\\/avatar\\\/16c5dda1489adfc62618084dcbb91cffd879c374b13fe5dd8e44ed6733852c88?s=96&d=mm&r=g\",\"caption\":\"Alejandro Gabriel Rosito\"},\"url\":\"https:\\\/\\\/autofans.com.ar\\\/index.php\\\/author\\\/gabrielr\\\/\"}]}<\/script>\n<!-- \/ Yoast SEO plugin. -->","yoast_head_json":{"title":"Mercedes-Benz Buses innovaci\u00f3n en seguridad Vial \"Visi\u00f3n Cero\" -","description":"En el D\u00eda del Peat\u00f3n, Mercedes-Benz Camiones y Buses destaca su compromiso con la seguridad vial y la \"Visi\u00f3n Cero\". con los nuevos sistemas.","robots":{"index":"index","follow":"follow","max-snippet":"max-snippet:-1","max-image-preview":"max-image-preview:large","max-video-preview":"max-video-preview:-1"},"canonical":"https:\/\/autofans.com.ar\/index.php\/2023\/08\/21\/mercedes-benz-buses-innovacion-en-seguridad-vial-vision-cero\/","og_locale":"es_ES","og_type":"article","og_title":"Mercedes-Benz Buses innovaci\u00f3n en seguridad Vial \"Visi\u00f3n Cero\" -","og_description":"En el D\u00eda del Peat\u00f3n, Mercedes-Benz Camiones y Buses destaca su compromiso con la seguridad vial y la \"Visi\u00f3n Cero\". con los nuevos sistemas.","og_url":"https:\/\/autofans.com.ar\/index.php\/2023\/08\/21\/mercedes-benz-buses-innovacion-en-seguridad-vial-vision-cero\/","article_published_time":"2023-08-21T15:36:49+00:00","og_image":[{"width":1000,"height":667,"url":"https:\/\/autofans.com.ar\/wp-content\/uploads\/2023\/08\/foto-2-28.jpg","type":"image\/jpeg"}],"author":"Alejandro Gabriel Rosito","twitter_card":"summary_large_image","twitter_misc":{"Escrito por":"Alejandro Gabriel Rosito","Tiempo de lectura":"2 minutos"},"schema":{"@context":"https:\/\/schema.org","@graph":[{"@type":"Article","@id":"https:\/\/autofans.com.ar\/index.php\/2023\/08\/21\/mercedes-benz-buses-innovacion-en-seguridad-vial-vision-cero\/#article","isPartOf":{"@id":"https:\/\/autofans.com.ar\/index.php\/2023\/08\/21\/mercedes-benz-buses-innovacion-en-seguridad-vial-vision-cero\/"},"author":{"name":"Alejandro Gabriel Rosito","@id":"https:\/\/autofans.com.ar\/#\/schema\/person\/4a8dda0b6df83ac3d6723e921274c2aa"},"headline":"Mercedes-Benz Buses innovaci\u00f3n en seguridad Vial \u00abVisi\u00f3n Cero\u00bb","datePublished":"2023-08-21T15:36:49+00:00","mainEntityOfPage":{"@id":"https:\/\/autofans.com.ar\/index.php\/2023\/08\/21\/mercedes-benz-buses-innovacion-en-seguridad-vial-vision-cero\/"},"wordCount":517,"image":{"@id":"https:\/\/autofans.com.ar\/index.php\/2023\/08\/21\/mercedes-benz-buses-innovacion-en-seguridad-vial-vision-cero\/#primaryimage"},"thumbnailUrl":"https:\/\/autofans.com.ar\/wp-content\/uploads\/2023\/08\/foto-2-28.jpg","keywords":["#MercedesBenzBuses","seguridadvial","TransporteSeguro. D\u00edaDelPeat\u00f3n","Visi\u00f3nCero"],"articleSection":["NOTICIAS","Pick Ups, Utilitarios y Pesados"],"inLanguage":"es"},{"@type":"WebPage","@id":"https:\/\/autofans.com.ar\/index.php\/2023\/08\/21\/mercedes-benz-buses-innovacion-en-seguridad-vial-vision-cero\/","url":"https:\/\/autofans.com.ar\/index.php\/2023\/08\/21\/mercedes-benz-buses-innovacion-en-seguridad-vial-vision-cero\/","name":"Mercedes-Benz Buses innovaci\u00f3n en seguridad Vial \"Visi\u00f3n Cero\" -","isPartOf":{"@id":"https:\/\/autofans.com.ar\/#website"},"primaryImageOfPage":{"@id":"https:\/\/autofans.com.ar\/index.php\/2023\/08\/21\/mercedes-benz-buses-innovacion-en-seguridad-vial-vision-cero\/#primaryimage"},"image":{"@id":"https:\/\/autofans.com.ar\/index.php\/2023\/08\/21\/mercedes-benz-buses-innovacion-en-seguridad-vial-vision-cero\/#primaryimage"},"thumbnailUrl":"https:\/\/autofans.com.ar\/wp-content\/uploads\/2023\/08\/foto-2-28.jpg","datePublished":"2023-08-21T15:36:49+00:00","author":{"@id":"https:\/\/autofans.com.ar\/#\/schema\/person\/4a8dda0b6df83ac3d6723e921274c2aa"},"description":"En el D\u00eda del Peat\u00f3n, Mercedes-Benz Camiones y Buses destaca su compromiso con la seguridad vial y la \"Visi\u00f3n Cero\". con los nuevos sistemas.","breadcrumb":{"@id":"https:\/\/autofans.com.ar\/index.php\/2023\/08\/21\/mercedes-benz-buses-innovacion-en-seguridad-vial-vision-cero\/#breadcrumb"},"inLanguage":"es","potentialAction":[{"@type":"ReadAction","target":["https:\/\/autofans.com.ar\/index.php\/2023\/08\/21\/mercedes-benz-buses-innovacion-en-seguridad-vial-vision-cero\/"]}]},{"@type":"ImageObject","inLanguage":"es","@id":"https:\/\/autofans.com.ar\/index.php\/2023\/08\/21\/mercedes-benz-buses-innovacion-en-seguridad-vial-vision-cero\/#primaryimage","url":"https:\/\/autofans.com.ar\/wp-content\/uploads\/2023\/08\/foto-2-28.jpg","contentUrl":"https:\/\/autofans.com.ar\/wp-content\/uploads\/2023\/08\/foto-2-28.jpg","width":1000,"height":667,"caption":"mercedes benz buses"},{"@type":"BreadcrumbList","@id":"https:\/\/autofans.com.ar\/index.php\/2023\/08\/21\/mercedes-benz-buses-innovacion-en-seguridad-vial-vision-cero\/#breadcrumb","itemListElement":[{"@type":"ListItem","position":1,"name":"Inicio","item":"https:\/\/autofans.com.ar\/"},{"@type":"ListItem","position":2,"name":"Mercedes-Benz Buses innovaci\u00f3n en seguridad Vial \u00abVisi\u00f3n Cero\u00bb"}]},{"@type":"WebSite","@id":"https:\/\/autofans.com.ar\/#website","url":"https:\/\/autofans.com.ar\/","name":"","description":"El multimedio referente de la industria automotriz","potentialAction":[{"@type":"SearchAction","target":{"@type":"EntryPoint","urlTemplate":"https:\/\/autofans.com.ar\/?s={search_term_string}"},"query-input":{"@type":"PropertyValueSpecification","valueRequired":true,"valueName":"search_term_string"}}],"inLanguage":"es"},{"@type":"Person","@id":"https:\/\/autofans.com.ar\/#\/schema\/person\/4a8dda0b6df83ac3d6723e921274c2aa","name":"Alejandro Gabriel Rosito","image":{"@type":"ImageObject","inLanguage":"es","@id":"https:\/\/secure.gravatar.com\/avatar\/16c5dda1489adfc62618084dcbb91cffd879c374b13fe5dd8e44ed6733852c88?s=96&d=mm&r=g","url":"https:\/\/secure.gravatar.com\/avatar\/16c5dda1489adfc62618084dcbb91cffd879c374b13fe5dd8e44ed6733852c88?s=96&d=mm&r=g","contentUrl":"https:\/\/secure.gravatar.com\/avatar\/16c5dda1489adfc62618084dcbb91cffd879c374b13fe5dd8e44ed6733852c88?s=96&d=mm&r=g","caption":"Alejandro Gabriel Rosito"},"url":"https:\/\/autofans.com.ar\/index.php\/author\/gabrielr\/"}]}},"featured_image_urls":{"full":["https:\/\/autofans.com.ar\/wp-content\/uploads\/2023\/08\/foto-2-28.jpg",1000,667,false],"thumbnail":["https:\/\/autofans.com.ar\/wp-content\/uploads\/2023\/08\/foto-2-28-150x150.jpg",150,150,true],"medium":["https:\/\/autofans.com.ar\/wp-content\/uploads\/2023\/08\/foto-2-28-300x200.jpg",300,200,true],"medium_large":["https:\/\/autofans.com.ar\/wp-content\/uploads\/2023\/08\/foto-2-28-768x512.jpg",640,427,true],"large":["https:\/\/autofans.com.ar\/wp-content\/uploads\/2023\/08\/foto-2-28.jpg",640,427,false],"1536x1536":["https:\/\/autofans.com.ar\/wp-content\/uploads\/2023\/08\/foto-2-28.jpg",1000,667,false],"2048x2048":["https:\/\/autofans.com.ar\/wp-content\/uploads\/2023\/08\/foto-2-28.jpg",1000,667,false],"covernews-featured":["https:\/\/autofans.com.ar\/wp-content\/uploads\/2023\/08\/foto-2-28.jpg",1000,667,false],"covernews-medium":["https:\/\/autofans.com.ar\/wp-content\/uploads\/2023\/08\/foto-2-28-540x340.jpg",540,340,true]},"author_info":{"display_name":"Alejandro Gabriel Rosito","author_link":"https:\/\/autofans.com.ar\/index.php\/author\/gabrielr\/"},"category_info":"<a href=\"https:\/\/autofans.com.ar\/index.php\/category\/noticias\/\" rel=\"category tag\">NOTICIAS<\/a> <a href=\"https:\/\/autofans.com.ar\/index.php\/category\/lanzamientos\/utilitarios-y-pesados-lanzamientos\/\" rel=\"category tag\">Pick Ups, Utilitarios y Pesados<\/a>","tag_info":"Pick Ups, Utilitarios y Pesados","comment_count":0,"_links":{"self":[{"href":"https:\/\/autofans.com.ar\/index.php\/wp-json\/wp\/v2\/posts\/4637","targetHints":{"allow":["GET"]}}],"collection":[{"href":"https:\/\/autofans.com.ar\/index.php\/wp-json\/wp\/v2\/posts"}],"about":[{"href":"https:\/\/autofans.com.ar\/index.php\/wp-json\/wp\/v2\/types\/post"}],"author":[{"embeddable":true,"href":"https:\/\/autofans.com.ar\/index.php\/wp-json\/wp\/v2\/users\/2"}],"replies":[{"embeddable":true,"href":"https:\/\/autofans.com.ar\/index.php\/wp-json\/wp\/v2\/comments?post=4637"}],"version-history":[{"count":8,"href":"https:\/\/autofans.com.ar\/index.php\/wp-json\/wp\/v2\/posts\/4637\/revisions"}],"predecessor-version":[{"id":4657,"href":"https:\/\/autofans.com.ar\/index.php\/wp-json\/wp\/v2\/posts\/4637\/revisions\/4657"}],"wp:featuredmedia":[{"embeddable":true,"href":"https:\/\/autofans.com.ar\/index.php\/wp-json\/wp\/v2\/media\/4640"}],"wp:attachment":[{"href":"https:\/\/autofans.com.ar\/index.php\/wp-json\/wp\/v2\/media?parent=4637"}],"wp:term":[{"taxonomy":"category","embeddable":true,"href":"https:\/\/autofans.com.ar\/index.php\/wp-json\/wp\/v2\/categories?post=4637"},{"taxonomy":"post_tag","embeddable":true,"href":"https:\/\/autofans.com.ar\/index.php\/wp-json\/wp\/v2\/tags?post=4637"}],"curies":[{"name":"wp","href":"https:\/\/api.w.org\/{rel}","templated":true}]}}