{"id":4645,"date":"2023-08-22T12:44:45","date_gmt":"2023-08-22T15:44:45","guid":{"rendered":"https:\/\/autofans.com.ar\/?p=4645"},"modified":"2023-08-22T12:44:45","modified_gmt":"2023-08-22T15:44:45","slug":"iveco-group-y-fundacion-jean-maggi-por-una-movilidad-inclusiva","status":"publish","type":"post","link":"https:\/\/autofans.com.ar\/index.php\/2023\/08\/22\/iveco-group-y-fundacion-jean-maggi-por-una-movilidad-inclusiva\/","title":{"rendered":"Iveco Group y Fundaci\u00f3n Jean Maggi por una movilidad inclusiva"},"content":{"rendered":"<p>Iveco Group y la Fundaci\u00f3n Jean Maggi unen fuerzas para entregar bicicletas adaptadas en un emotivo evento. Celebrando el D\u00eda de las Infancias, esta colaboraci\u00f3n brinda inclusi\u00f3n y libertad a ni\u00f1os con discapacidad motriz. Conoce c\u00f3mo estas bicicletas, fabricadas con madera reciclada y asamblea inclusiva, est\u00e1n cambiando vidas.<\/p>\n<p>&nbsp;<\/p>\n<p><center><iframe title=\"La Fundacio\u0301n Jean Maggi\" width=\"640\" height=\"360\" src=\"https:\/\/www.youtube.com\/embed\/7Vr-rhFUkHk?feature=oembed\" frameborder=\"0\" allow=\"accelerometer; autoplay; clipboard-write; encrypted-media; gyroscope; picture-in-picture; web-share\" referrerpolicy=\"strict-origin-when-cross-origin\" allowfullscreen><\/iframe><\/p>\n<p>&nbsp;<\/p>\n<p><\/center><\/p>\n<p style=\"text-align: left;\">En un gesto solidario que fusiona innovaci\u00f3n automotriz con inclusi\u00f3n social, Iveco Group y la Fundaci\u00f3n Jean Maggi se han unido para llevar a cabo un evento conmovedor en la f\u00e1brica de C\u00f3rdoba. Con motivo del D\u00eda de las Infancias. Esta colaboraci\u00f3n entreg\u00f3 un total de 14 bicicletas adaptadas dise\u00f1adas espec\u00edficamente para ni\u00f1os con discapacidad motriz. La iniciativa fue recibida con entusiasmo por autoridades de ambas entidades, familias de los beneficiarios y los propios chicos, que tuvieron la oportunidad de explorar la planta de IVECO en sus nuevos veh\u00edculos.<\/p>\n<div dir=\"ltr\" style=\"text-align: center;\">\n<blockquote><p><center>\u201cMe toca ser la persona que le da nombre al proyecto y recibir las felicitaciones pero realmente detr\u00e1s de la Fundaci\u00f3n y la f\u00e1brica hay un equipo muy importante que trabaja incansablemente por conseguir esto. Agradecemos siempre a las empresas que nos acompa\u00f1an y forman parte de esto, con su aporte el camino se hace un poco m\u00e1s sencillo\u201d, concluy\u00f3 Jean Maggi, co-creador de la Fundaci\u00f3n.<\/center><\/p><\/blockquote>\n<\/div>\n<p>La Fundaci\u00f3n Jean Maggi, establecida sin fines de lucro en C\u00f3rdoba en 2016, ha estado marcando la diferencia al fabricar bicicletas adaptadas que permiten a personas con discapacidad motriz disfrutar del deporte y el aire libre. Su misi\u00f3n, centrada en la inclusi\u00f3n y el empoderamiento. Como resultado de esto se entregaron m\u00e1s de 250 bicicletas hasta la fecha.<\/p>\n<p>&nbsp;<\/p>\n<p><img fetchpriority=\"high\" decoding=\"async\" class=\"aligncenter wp-image-4649 size-full\" src=\"https:\/\/autofans.com.ar\/wp-content\/uploads\/2023\/08\/foto-1-29.jpg\" alt=\"Iveco Group\" width=\"1000\" height=\"667\" srcset=\"https:\/\/autofans.com.ar\/wp-content\/uploads\/2023\/08\/foto-1-29.jpg 1000w, https:\/\/autofans.com.ar\/wp-content\/uploads\/2023\/08\/foto-1-29-300x200.jpg 300w, https:\/\/autofans.com.ar\/wp-content\/uploads\/2023\/08\/foto-1-29-768x512.jpg 768w\" sizes=\"(max-width: 1000px) 100vw, 1000px\" \/><\/p>\n<p>&nbsp;<\/p>\n<p>Las bicicletas no son solo productos funcionales, sino tambi\u00e9n s\u00edmbolos de perseverancia y colaboraci\u00f3n. Cada una de ellas se ensambla en \u00abSuperadaptados\u00bb. Una f\u00e1brica fundada por Jean Maggi, donde personas con discapacidad trabajan en la producci\u00f3n. La madera reciclada, procedente de la <a href=\"https:\/\/autofans.com.ar\/index.php\/2023\/05\/02\/iveco-group-celebra-el-dia-mundial-de-la-tierra-con-su-isla-ecologica\/\" target=\"_blank\" rel=\"noopener\">Isla Ecol\u00f3gica de Iveco Group<\/a>, se utiliza para fabricar los asientos de estas bicicletas, fusionando as\u00ed la innovaci\u00f3n con la sostenibilidad.<\/p>\n<div dir=\"ltr\" style=\"text-align: center;\">\n<blockquote><p><center>\u201cEsta es una jornada muy especial para nosotros, inolvidable y conmovedora. Es muy importante trabajar junto a la Fundaci\u00f3n Jean Maggi y poder hacer un aporte significativo a la causa. Recibir a una persona como Jean Maggi, que es una fuente de inspiraci\u00f3n para todo aquel que entre en contacto con su historia, es un placer enorme. Una historia que nos demuestra que los l\u00edmites son los que uno mismo se pone\u201d, \u00a0expres\u00f3 Santos Doncel Jones, presidente de Iveco Group Argentina.<\/center><\/p><\/blockquote>\n<\/div>\n<h2>Iveco Group &#8211; transformaci\u00f3n y compromiso<\/h2>\n<p>La entrega de estas bicicletas no solo transforma la vida de los beneficiarios, sino que tambi\u00e9n resalta el compromiso de Iveco Group con la responsabilidad social y la sostenibilidad. C\u00e9sar Parpal, HR Country de Iveco Group, comparti\u00f3 su orgullo por ser parte de esta iniciativa y elogi\u00f3 el trabajo del Comit\u00e9 de Sustentabilidad.<\/p>\n<p>&nbsp;<\/p>\n<p><img decoding=\"async\" class=\"aligncenter wp-image-4648 size-full\" src=\"https:\/\/autofans.com.ar\/wp-content\/uploads\/2023\/08\/foto-2-29.jpg\" alt=\"Iveco Group\" width=\"1000\" height=\"667\" srcset=\"https:\/\/autofans.com.ar\/wp-content\/uploads\/2023\/08\/foto-2-29.jpg 1000w, https:\/\/autofans.com.ar\/wp-content\/uploads\/2023\/08\/foto-2-29-300x200.jpg 300w, https:\/\/autofans.com.ar\/wp-content\/uploads\/2023\/08\/foto-2-29-768x512.jpg 768w\" sizes=\"(max-width: 1000px) 100vw, 1000px\" \/><\/p>\n<p>&nbsp;<\/p>\n<p>Detr\u00e1s de esta historia de \u00e9xito se encuentra Jean Maggi, un co-creador de la Fundaci\u00f3n y una inspiraci\u00f3n viva. Su vida ha sido como una pel\u00edcula, ascendiendo al Himalaya en bicicleta y convirti\u00e9ndose en el primer astronauta civil con discapacidad, incluso siendo honrado por la NASA. Su pr\u00f3ximo sue\u00f1o es viajar al espacio. Esto lo que lo convierte en un faro de esperanza para todos.<\/p>\n<p>Esta colaboraci\u00f3n entre <a href=\"https:\/\/autofans.com.ar\/index.php\/2023\/07\/07\/nikola-iveco-europe-se-transforma-en-evco-tras-la-adquisicion-de-iveco-group\/\" target=\"_blank\" rel=\"noopener\">Iveco Grou<\/a>p y la Fundaci\u00f3n Jean Maggi destaca la importancia de la inclusi\u00f3n, la innovaci\u00f3n y la solidaridad en la industria automotriz y m\u00e1s all\u00e1. No solo se trata de bicicletas adaptadas, sino de un compromiso compartido hacia un futuro m\u00e1s brillante y accesible para todos.<\/p>\n<p>&nbsp;<\/p>\n<p><i>Para enterarte de m\u00e1s novedades, no dejes de leer\u00a0<\/i><a href=\"https:\/\/autofans.thebrandsoup.com\/\"><i>nuestras notas<\/i><\/a><i>, de ver<\/i><b><i>\u00a0<\/i><\/b><a href=\"https:\/\/www.youtube.com\/channel\/UCgAC8UGHZYbT6P7PpmVnP7g\"><b><i>AUTOFANS TV<\/i><\/b><\/a><b><i>\u00a0<\/i><\/b><i>en nuestro\u00a0canal de Youtube. Adem\u00e1s seguinos en\u00a0<\/i><a href=\"https:\/\/www.instagram.com\/autofanstv\/\"><i>INSTAGRAM<\/i><\/a><i> y <\/i><a href=\"https:\/\/www.facebook.com\/autofansmas\/\"><i>FACEBOOK<\/i><\/a><i> para no perderte nada sobre las novedades del segmento automotor de Argentina y el mundo.<\/i><\/p>\n<p><i><span class=\"Apple-converted-space\">\u00a0<\/span><\/i><\/p>\n","protected":false},"excerpt":{"rendered":"<p>Iveco Group y la Fundaci\u00f3n Jean Maggi unen fuerzas para entregar bicicletas adaptadas en un&#8230;<\/p>\n","protected":false},"author":2,"featured_media":4647,"comment_status":"closed","ping_status":"closed","sticky":false,"template":"","format":"standard","meta":{"footnotes":""},"categories":[6,16],"tags":[2300,2302,1818,2301,2304,2303],"class_list":["post-4645","post","type-post","status-publish","format-standard","has-post-thumbnail","hentry","category-bizstyle","category-noticias","tag-fundacionjeanmaggi","tag-inclusionsocial","tag-innovacionautomotriz","tag-ivecogroup","tag-movilidadinclusiva","tag-responsabilidadsocial"],"yoast_head":"<!-- This site is optimized with the Yoast SEO plugin v27.5 - https:\/\/yoast.com\/product\/yoast-seo-wordpress\/ -->\n<title>Iveco Group y Fundaci\u00f3n Jean Maggi por una movilidad inclusiva -<\/title>\n<meta name=\"description\" content=\"Iveco Group y la Fundaci\u00f3n Jean Maggi unen fuerzas para entregar bicicletas adaptadas en un emotivo evento celebrando el D\u00eda de las Infancias\" \/>\n<meta name=\"robots\" content=\"index, follow, max-snippet:-1, max-image-preview:large, max-video-preview:-1\" \/>\n<link rel=\"canonical\" href=\"https:\/\/autofans.com.ar\/index.php\/2023\/08\/22\/iveco-group-y-fundacion-jean-maggi-por-una-movilidad-inclusiva\/\" \/>\n<meta property=\"og:locale\" content=\"es_ES\" \/>\n<meta property=\"og:type\" content=\"article\" \/>\n<meta property=\"og:title\" content=\"Iveco Group y Fundaci\u00f3n Jean Maggi por una movilidad inclusiva -\" \/>\n<meta property=\"og:description\" content=\"Iveco Group y la Fundaci\u00f3n Jean Maggi unen fuerzas para entregar bicicletas adaptadas en un emotivo evento celebrando el D\u00eda de las Infancias\" \/>\n<meta property=\"og:url\" content=\"https:\/\/autofans.com.ar\/index.php\/2023\/08\/22\/iveco-group-y-fundacion-jean-maggi-por-una-movilidad-inclusiva\/\" \/>\n<meta property=\"article:published_time\" content=\"2023-08-22T15:44:45+00:00\" \/>\n<meta property=\"og:image\" content=\"https:\/\/autofans.com.ar\/wp-content\/uploads\/2023\/08\/foto-3-25.jpg\" \/>\n\t<meta property=\"og:image:width\" content=\"1000\" \/>\n\t<meta property=\"og:image:height\" content=\"667\" \/>\n\t<meta property=\"og:image:type\" content=\"image\/jpeg\" \/>\n<meta name=\"author\" content=\"Alejandro Gabriel Rosito\" \/>\n<meta name=\"twitter:card\" content=\"summary_large_image\" \/>\n<meta name=\"twitter:label1\" content=\"Escrito por\" \/>\n\t<meta name=\"twitter:data1\" content=\"Alejandro Gabriel Rosito\" \/>\n\t<meta name=\"twitter:label2\" content=\"Tiempo de lectura\" \/>\n\t<meta name=\"twitter:data2\" content=\"3 minutos\" \/>\n<script type=\"application\/ld+json\" class=\"yoast-schema-graph\">{\"@context\":\"https:\\\/\\\/schema.org\",\"@graph\":[{\"@type\":\"Article\",\"@id\":\"https:\\\/\\\/autofans.com.ar\\\/index.php\\\/2023\\\/08\\\/22\\\/iveco-group-y-fundacion-jean-maggi-por-una-movilidad-inclusiva\\\/#article\",\"isPartOf\":{\"@id\":\"https:\\\/\\\/autofans.com.ar\\\/index.php\\\/2023\\\/08\\\/22\\\/iveco-group-y-fundacion-jean-maggi-por-una-movilidad-inclusiva\\\/\"},\"author\":{\"name\":\"Alejandro Gabriel Rosito\",\"@id\":\"https:\\\/\\\/autofans.com.ar\\\/#\\\/schema\\\/person\\\/4a8dda0b6df83ac3d6723e921274c2aa\"},\"headline\":\"Iveco Group y Fundaci\u00f3n Jean Maggi por una movilidad inclusiva\",\"datePublished\":\"2023-08-22T15:44:45+00:00\",\"mainEntityOfPage\":{\"@id\":\"https:\\\/\\\/autofans.com.ar\\\/index.php\\\/2023\\\/08\\\/22\\\/iveco-group-y-fundacion-jean-maggi-por-una-movilidad-inclusiva\\\/\"},\"wordCount\":700,\"image\":{\"@id\":\"https:\\\/\\\/autofans.com.ar\\\/index.php\\\/2023\\\/08\\\/22\\\/iveco-group-y-fundacion-jean-maggi-por-una-movilidad-inclusiva\\\/#primaryimage\"},\"thumbnailUrl\":\"https:\\\/\\\/autofans.com.ar\\\/wp-content\\\/uploads\\\/2023\\\/08\\\/foto-3-25.jpg\",\"keywords\":[\"FundacionJeanMaggi\",\"Inclusi\u00f3nSocial\",\"Innovaci\u00f3nAutomotriz\",\"IvecoGroup\",\"MovilidadInclusiva\",\"ResponsabilidadSocial\"],\"articleSection\":[\"BIZSTYLE\",\"NOTICIAS\"],\"inLanguage\":\"es\"},{\"@type\":\"WebPage\",\"@id\":\"https:\\\/\\\/autofans.com.ar\\\/index.php\\\/2023\\\/08\\\/22\\\/iveco-group-y-fundacion-jean-maggi-por-una-movilidad-inclusiva\\\/\",\"url\":\"https:\\\/\\\/autofans.com.ar\\\/index.php\\\/2023\\\/08\\\/22\\\/iveco-group-y-fundacion-jean-maggi-por-una-movilidad-inclusiva\\\/\",\"name\":\"Iveco Group y Fundaci\u00f3n Jean Maggi por una movilidad inclusiva -\",\"isPartOf\":{\"@id\":\"https:\\\/\\\/autofans.com.ar\\\/#website\"},\"primaryImageOfPage\":{\"@id\":\"https:\\\/\\\/autofans.com.ar\\\/index.php\\\/2023\\\/08\\\/22\\\/iveco-group-y-fundacion-jean-maggi-por-una-movilidad-inclusiva\\\/#primaryimage\"},\"image\":{\"@id\":\"https:\\\/\\\/autofans.com.ar\\\/index.php\\\/2023\\\/08\\\/22\\\/iveco-group-y-fundacion-jean-maggi-por-una-movilidad-inclusiva\\\/#primaryimage\"},\"thumbnailUrl\":\"https:\\\/\\\/autofans.com.ar\\\/wp-content\\\/uploads\\\/2023\\\/08\\\/foto-3-25.jpg\",\"datePublished\":\"2023-08-22T15:44:45+00:00\",\"author\":{\"@id\":\"https:\\\/\\\/autofans.com.ar\\\/#\\\/schema\\\/person\\\/4a8dda0b6df83ac3d6723e921274c2aa\"},\"description\":\"Iveco Group y la Fundaci\u00f3n Jean Maggi unen fuerzas para entregar bicicletas adaptadas en un emotivo evento celebrando el D\u00eda de las Infancias\",\"breadcrumb\":{\"@id\":\"https:\\\/\\\/autofans.com.ar\\\/index.php\\\/2023\\\/08\\\/22\\\/iveco-group-y-fundacion-jean-maggi-por-una-movilidad-inclusiva\\\/#breadcrumb\"},\"inLanguage\":\"es\",\"potentialAction\":[{\"@type\":\"ReadAction\",\"target\":[\"https:\\\/\\\/autofans.com.ar\\\/index.php\\\/2023\\\/08\\\/22\\\/iveco-group-y-fundacion-jean-maggi-por-una-movilidad-inclusiva\\\/\"]}]},{\"@type\":\"ImageObject\",\"inLanguage\":\"es\",\"@id\":\"https:\\\/\\\/autofans.com.ar\\\/index.php\\\/2023\\\/08\\\/22\\\/iveco-group-y-fundacion-jean-maggi-por-una-movilidad-inclusiva\\\/#primaryimage\",\"url\":\"https:\\\/\\\/autofans.com.ar\\\/wp-content\\\/uploads\\\/2023\\\/08\\\/foto-3-25.jpg\",\"contentUrl\":\"https:\\\/\\\/autofans.com.ar\\\/wp-content\\\/uploads\\\/2023\\\/08\\\/foto-3-25.jpg\",\"width\":1000,\"height\":667,\"caption\":\"Iveco Group\"},{\"@type\":\"BreadcrumbList\",\"@id\":\"https:\\\/\\\/autofans.com.ar\\\/index.php\\\/2023\\\/08\\\/22\\\/iveco-group-y-fundacion-jean-maggi-por-una-movilidad-inclusiva\\\/#breadcrumb\",\"itemListElement\":[{\"@type\":\"ListItem\",\"position\":1,\"name\":\"Inicio\",\"item\":\"https:\\\/\\\/autofans.com.ar\\\/\"},{\"@type\":\"ListItem\",\"position\":2,\"name\":\"Iveco Group y Fundaci\u00f3n Jean Maggi por una movilidad inclusiva\"}]},{\"@type\":\"WebSite\",\"@id\":\"https:\\\/\\\/autofans.com.ar\\\/#website\",\"url\":\"https:\\\/\\\/autofans.com.ar\\\/\",\"name\":\"\",\"description\":\"El multimedio referente de la industria automotriz\",\"potentialAction\":[{\"@type\":\"SearchAction\",\"target\":{\"@type\":\"EntryPoint\",\"urlTemplate\":\"https:\\\/\\\/autofans.com.ar\\\/?s={search_term_string}\"},\"query-input\":{\"@type\":\"PropertyValueSpecification\",\"valueRequired\":true,\"valueName\":\"search_term_string\"}}],\"inLanguage\":\"es\"},{\"@type\":\"Person\",\"@id\":\"https:\\\/\\\/autofans.com.ar\\\/#\\\/schema\\\/person\\\/4a8dda0b6df83ac3d6723e921274c2aa\",\"name\":\"Alejandro Gabriel Rosito\",\"image\":{\"@type\":\"ImageObject\",\"inLanguage\":\"es\",\"@id\":\"https:\\\/\\\/secure.gravatar.com\\\/avatar\\\/16c5dda1489adfc62618084dcbb91cffd879c374b13fe5dd8e44ed6733852c88?s=96&d=mm&r=g\",\"url\":\"https:\\\/\\\/secure.gravatar.com\\\/avatar\\\/16c5dda1489adfc62618084dcbb91cffd879c374b13fe5dd8e44ed6733852c88?s=96&d=mm&r=g\",\"contentUrl\":\"https:\\\/\\\/secure.gravatar.com\\\/avatar\\\/16c5dda1489adfc62618084dcbb91cffd879c374b13fe5dd8e44ed6733852c88?s=96&d=mm&r=g\",\"caption\":\"Alejandro Gabriel Rosito\"},\"url\":\"https:\\\/\\\/autofans.com.ar\\\/index.php\\\/author\\\/gabrielr\\\/\"}]}<\/script>\n<!-- \/ Yoast SEO plugin. -->","yoast_head_json":{"title":"Iveco Group y Fundaci\u00f3n Jean Maggi por una movilidad inclusiva -","description":"Iveco Group y la Fundaci\u00f3n Jean Maggi unen fuerzas para entregar bicicletas adaptadas en un emotivo evento celebrando el D\u00eda de las Infancias","robots":{"index":"index","follow":"follow","max-snippet":"max-snippet:-1","max-image-preview":"max-image-preview:large","max-video-preview":"max-video-preview:-1"},"canonical":"https:\/\/autofans.com.ar\/index.php\/2023\/08\/22\/iveco-group-y-fundacion-jean-maggi-por-una-movilidad-inclusiva\/","og_locale":"es_ES","og_type":"article","og_title":"Iveco Group y Fundaci\u00f3n Jean Maggi por una movilidad inclusiva -","og_description":"Iveco Group y la Fundaci\u00f3n Jean Maggi unen fuerzas para entregar bicicletas adaptadas en un emotivo evento celebrando el D\u00eda de las Infancias","og_url":"https:\/\/autofans.com.ar\/index.php\/2023\/08\/22\/iveco-group-y-fundacion-jean-maggi-por-una-movilidad-inclusiva\/","article_published_time":"2023-08-22T15:44:45+00:00","og_image":[{"width":1000,"height":667,"url":"https:\/\/autofans.com.ar\/wp-content\/uploads\/2023\/08\/foto-3-25.jpg","type":"image\/jpeg"}],"author":"Alejandro Gabriel Rosito","twitter_card":"summary_large_image","twitter_misc":{"Escrito por":"Alejandro Gabriel Rosito","Tiempo de lectura":"3 minutos"},"schema":{"@context":"https:\/\/schema.org","@graph":[{"@type":"Article","@id":"https:\/\/autofans.com.ar\/index.php\/2023\/08\/22\/iveco-group-y-fundacion-jean-maggi-por-una-movilidad-inclusiva\/#article","isPartOf":{"@id":"https:\/\/autofans.com.ar\/index.php\/2023\/08\/22\/iveco-group-y-fundacion-jean-maggi-por-una-movilidad-inclusiva\/"},"author":{"name":"Alejandro Gabriel Rosito","@id":"https:\/\/autofans.com.ar\/#\/schema\/person\/4a8dda0b6df83ac3d6723e921274c2aa"},"headline":"Iveco Group y Fundaci\u00f3n Jean Maggi por una movilidad inclusiva","datePublished":"2023-08-22T15:44:45+00:00","mainEntityOfPage":{"@id":"https:\/\/autofans.com.ar\/index.php\/2023\/08\/22\/iveco-group-y-fundacion-jean-maggi-por-una-movilidad-inclusiva\/"},"wordCount":700,"image":{"@id":"https:\/\/autofans.com.ar\/index.php\/2023\/08\/22\/iveco-group-y-fundacion-jean-maggi-por-una-movilidad-inclusiva\/#primaryimage"},"thumbnailUrl":"https:\/\/autofans.com.ar\/wp-content\/uploads\/2023\/08\/foto-3-25.jpg","keywords":["FundacionJeanMaggi","Inclusi\u00f3nSocial","Innovaci\u00f3nAutomotriz","IvecoGroup","MovilidadInclusiva","ResponsabilidadSocial"],"articleSection":["BIZSTYLE","NOTICIAS"],"inLanguage":"es"},{"@type":"WebPage","@id":"https:\/\/autofans.com.ar\/index.php\/2023\/08\/22\/iveco-group-y-fundacion-jean-maggi-por-una-movilidad-inclusiva\/","url":"https:\/\/autofans.com.ar\/index.php\/2023\/08\/22\/iveco-group-y-fundacion-jean-maggi-por-una-movilidad-inclusiva\/","name":"Iveco Group y Fundaci\u00f3n Jean Maggi por una movilidad inclusiva -","isPartOf":{"@id":"https:\/\/autofans.com.ar\/#website"},"primaryImageOfPage":{"@id":"https:\/\/autofans.com.ar\/index.php\/2023\/08\/22\/iveco-group-y-fundacion-jean-maggi-por-una-movilidad-inclusiva\/#primaryimage"},"image":{"@id":"https:\/\/autofans.com.ar\/index.php\/2023\/08\/22\/iveco-group-y-fundacion-jean-maggi-por-una-movilidad-inclusiva\/#primaryimage"},"thumbnailUrl":"https:\/\/autofans.com.ar\/wp-content\/uploads\/2023\/08\/foto-3-25.jpg","datePublished":"2023-08-22T15:44:45+00:00","author":{"@id":"https:\/\/autofans.com.ar\/#\/schema\/person\/4a8dda0b6df83ac3d6723e921274c2aa"},"description":"Iveco Group y la Fundaci\u00f3n Jean Maggi unen fuerzas para entregar bicicletas adaptadas en un emotivo evento celebrando el D\u00eda de las Infancias","breadcrumb":{"@id":"https:\/\/autofans.com.ar\/index.php\/2023\/08\/22\/iveco-group-y-fundacion-jean-maggi-por-una-movilidad-inclusiva\/#breadcrumb"},"inLanguage":"es","potentialAction":[{"@type":"ReadAction","target":["https:\/\/autofans.com.ar\/index.php\/2023\/08\/22\/iveco-group-y-fundacion-jean-maggi-por-una-movilidad-inclusiva\/"]}]},{"@type":"ImageObject","inLanguage":"es","@id":"https:\/\/autofans.com.ar\/index.php\/2023\/08\/22\/iveco-group-y-fundacion-jean-maggi-por-una-movilidad-inclusiva\/#primaryimage","url":"https:\/\/autofans.com.ar\/wp-content\/uploads\/2023\/08\/foto-3-25.jpg","contentUrl":"https:\/\/autofans.com.ar\/wp-content\/uploads\/2023\/08\/foto-3-25.jpg","width":1000,"height":667,"caption":"Iveco Group"},{"@type":"BreadcrumbList","@id":"https:\/\/autofans.com.ar\/index.php\/2023\/08\/22\/iveco-group-y-fundacion-jean-maggi-por-una-movilidad-inclusiva\/#breadcrumb","itemListElement":[{"@type":"ListItem","position":1,"name":"Inicio","item":"https:\/\/autofans.com.ar\/"},{"@type":"ListItem","position":2,"name":"Iveco Group y Fundaci\u00f3n Jean Maggi por una movilidad inclusiva"}]},{"@type":"WebSite","@id":"https:\/\/autofans.com.ar\/#website","url":"https:\/\/autofans.com.ar\/","name":"","description":"El multimedio referente de la industria automotriz","potentialAction":[{"@type":"SearchAction","target":{"@type":"EntryPoint","urlTemplate":"https:\/\/autofans.com.ar\/?s={search_term_string}"},"query-input":{"@type":"PropertyValueSpecification","valueRequired":true,"valueName":"search_term_string"}}],"inLanguage":"es"},{"@type":"Person","@id":"https:\/\/autofans.com.ar\/#\/schema\/person\/4a8dda0b6df83ac3d6723e921274c2aa","name":"Alejandro Gabriel Rosito","image":{"@type":"ImageObject","inLanguage":"es","@id":"https:\/\/secure.gravatar.com\/avatar\/16c5dda1489adfc62618084dcbb91cffd879c374b13fe5dd8e44ed6733852c88?s=96&d=mm&r=g","url":"https:\/\/secure.gravatar.com\/avatar\/16c5dda1489adfc62618084dcbb91cffd879c374b13fe5dd8e44ed6733852c88?s=96&d=mm&r=g","contentUrl":"https:\/\/secure.gravatar.com\/avatar\/16c5dda1489adfc62618084dcbb91cffd879c374b13fe5dd8e44ed6733852c88?s=96&d=mm&r=g","caption":"Alejandro Gabriel Rosito"},"url":"https:\/\/autofans.com.ar\/index.php\/author\/gabrielr\/"}]}},"featured_image_urls":{"full":["https:\/\/autofans.com.ar\/wp-content\/uploads\/2023\/08\/foto-3-25.jpg",1000,667,false],"thumbnail":["https:\/\/autofans.com.ar\/wp-content\/uploads\/2023\/08\/foto-3-25-150x150.jpg",150,150,true],"medium":["https:\/\/autofans.com.ar\/wp-content\/uploads\/2023\/08\/foto-3-25-300x200.jpg",300,200,true],"medium_large":["https:\/\/autofans.com.ar\/wp-content\/uploads\/2023\/08\/foto-3-25-768x512.jpg",640,427,true],"large":["https:\/\/autofans.com.ar\/wp-content\/uploads\/2023\/08\/foto-3-25.jpg",640,427,false],"1536x1536":["https:\/\/autofans.com.ar\/wp-content\/uploads\/2023\/08\/foto-3-25.jpg",1000,667,false],"2048x2048":["https:\/\/autofans.com.ar\/wp-content\/uploads\/2023\/08\/foto-3-25.jpg",1000,667,false],"covernews-featured":["https:\/\/autofans.com.ar\/wp-content\/uploads\/2023\/08\/foto-3-25.jpg",1000,667,false],"covernews-medium":["https:\/\/autofans.com.ar\/wp-content\/uploads\/2023\/08\/foto-3-25-540x340.jpg",540,340,true]},"author_info":{"display_name":"Alejandro Gabriel Rosito","author_link":"https:\/\/autofans.com.ar\/index.php\/author\/gabrielr\/"},"category_info":"<a href=\"https:\/\/autofans.com.ar\/index.php\/category\/noticias\/bizstyle\/\" rel=\"category tag\">BIZSTYLE<\/a> <a href=\"https:\/\/autofans.com.ar\/index.php\/category\/noticias\/\" rel=\"category tag\">NOTICIAS<\/a>","tag_info":"NOTICIAS","comment_count":0,"_links":{"self":[{"href":"https:\/\/autofans.com.ar\/index.php\/wp-json\/wp\/v2\/posts\/4645","targetHints":{"allow":["GET"]}}],"collection":[{"href":"https:\/\/autofans.com.ar\/index.php\/wp-json\/wp\/v2\/posts"}],"about":[{"href":"https:\/\/autofans.com.ar\/index.php\/wp-json\/wp\/v2\/types\/post"}],"author":[{"embeddable":true,"href":"https:\/\/autofans.com.ar\/index.php\/wp-json\/wp\/v2\/users\/2"}],"replies":[{"embeddable":true,"href":"https:\/\/autofans.com.ar\/index.php\/wp-json\/wp\/v2\/comments?post=4645"}],"version-history":[{"count":8,"href":"https:\/\/autofans.com.ar\/index.php\/wp-json\/wp\/v2\/posts\/4645\/revisions"}],"predecessor-version":[{"id":4660,"href":"https:\/\/autofans.com.ar\/index.php\/wp-json\/wp\/v2\/posts\/4645\/revisions\/4660"}],"wp:featuredmedia":[{"embeddable":true,"href":"https:\/\/autofans.com.ar\/index.php\/wp-json\/wp\/v2\/media\/4647"}],"wp:attachment":[{"href":"https:\/\/autofans.com.ar\/index.php\/wp-json\/wp\/v2\/media?parent=4645"}],"wp:term":[{"taxonomy":"category","embeddable":true,"href":"https:\/\/autofans.com.ar\/index.php\/wp-json\/wp\/v2\/categories?post=4645"},{"taxonomy":"post_tag","embeddable":true,"href":"https:\/\/autofans.com.ar\/index.php\/wp-json\/wp\/v2\/tags?post=4645"}],"curies":[{"name":"wp","href":"https:\/\/api.w.org\/{rel}","templated":true}]}}