{"id":4661,"date":"2023-08-22T18:18:02","date_gmt":"2023-08-22T21:18:02","guid":{"rendered":"https:\/\/autofans.com.ar\/?p=4661"},"modified":"2023-08-22T18:18:02","modified_gmt":"2023-08-22T21:18:02","slug":"nuevo-bmw-serie-3-en-argentina","status":"publish","type":"post","link":"https:\/\/autofans.com.ar\/index.php\/2023\/08\/22\/nuevo-bmw-serie-3-en-argentina\/","title":{"rendered":"Nuevo BMW Serie 3 en Argentina"},"content":{"rendered":"<p>BMW Serie 3 cuenta con un dise\u00f1o actualizado, una innovadora variante h\u00edbrida y un interior que ofrece avances digitales impresionantes. BMW contin\u00faa su legado de excelencia en el segmento automotor. Conoce m\u00e1s sobre las versiones 320i, 330e y M340i xDrive, disponibles desde USD 89.900.<\/p>\n<p>&nbsp;<\/p>\n<p><center><iframe title=\"Experiencia de Conducci\u00f3n Redefinida: Nuevo BMW Serie 3 en Argentina\" width=\"640\" height=\"360\" src=\"https:\/\/www.youtube.com\/embed\/Hv5_eYi1GmQ?feature=oembed\" frameborder=\"0\" allow=\"accelerometer; autoplay; clipboard-write; encrypted-media; gyroscope; picture-in-picture; web-share\" referrerpolicy=\"strict-origin-when-cross-origin\" allowfullscreen><\/iframe><\/p>\n<p>&nbsp;<\/p>\n<p>&nbsp;<\/p>\n<p><\/center><\/p>\n<h2>BMW Serie &#8211; futuro y elegancia<\/h2>\n<p>En un emocionante paso hacia el futuro, BMW Group Argentina presenta la \u00faltima edici\u00f3n del ic\u00f3nico BMW Serie 3. Esta actualizaci\u00f3n resalta el dise\u00f1o deportivo y elegante que caracteriza al modelo, mientras introduce avances tecnol\u00f3gicos que prometen transformar la experiencia de conducci\u00f3n. Con m\u00e1s de 45 a\u00f1os de historia de \u00e9xito. El Serie 3 ha sido siempre un referente en el segmento premium, enfocado en brindar un placer de conducci\u00f3n inigualable.<\/p>\n<p>&nbsp;<\/p>\n<h2>Innovaci\u00f3n en movimiento<\/h2>\n<p>&nbsp;<\/p>\n<div id='gallery-1' class='gallery galleryid-4661 gallery-columns-2 gallery-size-full'><figure class='gallery-item'>\n\t\t\t<div class='gallery-icon landscape'>\n\t\t\t\t<a href='https:\/\/autofans.com.ar\/index.php\/2023\/08\/22\/nuevo-bmw-serie-3-en-argentina\/foto-2-253\/'><img loading=\"lazy\" width=\"1000\" height=\"667\" src=\"https:\/\/autofans.com.ar\/wp-content\/uploads\/2023\/08\/foto-2-30.jpg\" class=\"attachment-full size-full\" alt=\"BMW Group\" srcset=\"https:\/\/autofans.com.ar\/wp-content\/uploads\/2023\/08\/foto-2-30.jpg 1000w, https:\/\/autofans.com.ar\/wp-content\/uploads\/2023\/08\/foto-2-30-300x200.jpg 300w, https:\/\/autofans.com.ar\/wp-content\/uploads\/2023\/08\/foto-2-30-768x512.jpg 768w\" sizes=\"auto, (max-width: 1000px) 100vw, 1000px\" loading=\"lazy\" decoding=\"async\" \/><\/a>\n\t\t\t<\/div><\/figure><figure class='gallery-item'>\n\t\t\t<div class='gallery-icon landscape'>\n\t\t\t\t<a href='https:\/\/autofans.com.ar\/index.php\/2023\/08\/22\/nuevo-bmw-serie-3-en-argentina\/foto-4-146\/'><img loading=\"lazy\" width=\"1000\" height=\"667\" src=\"https:\/\/autofans.com.ar\/wp-content\/uploads\/2023\/08\/foto-4-11.jpg\" class=\"attachment-full size-full\" alt=\"BMW Group\" srcset=\"https:\/\/autofans.com.ar\/wp-content\/uploads\/2023\/08\/foto-4-11.jpg 1000w, https:\/\/autofans.com.ar\/wp-content\/uploads\/2023\/08\/foto-4-11-300x200.jpg 300w, https:\/\/autofans.com.ar\/wp-content\/uploads\/2023\/08\/foto-4-11-768x512.jpg 768w\" sizes=\"auto, (max-width: 1000px) 100vw, 1000px\" loading=\"lazy\" decoding=\"async\" \/><\/a>\n\t\t\t<\/div><\/figure>\n\t\t<\/div>\n\n<p>&nbsp;<\/p>\n<p>La nueva generaci\u00f3n del Serie 3 llega con un dise\u00f1o exterior renovado, destacando faros y parrilla frontal de nuevo dise\u00f1o que confieren al veh\u00edculo una presencia visual poderosa y moderna. Adem\u00e1s, el habit\u00e1culo ha sido completamente redise\u00f1ado, incorporando la innovadora pantalla curva BMW, que integra un tablero de instrumentos multifunci\u00f3n de 12,3&#8243; y un display central t\u00e1ctil de 14,9&#8243;. Estos elementos digitales se combinan con controles t\u00e1ctiles y de voz, impulsados por el Sistema Operativo 8 de BMW, para una experiencia de conducci\u00f3n totalmente digitalizada.<\/p>\n<p>&nbsp;<\/p>\n<h2>Potencia y eficiencia<\/h2>\n<p>Asimismo el nuevo Serie 3 llega a Argentina en tres emocionantes versiones: el M340i xDrive Sed\u00e1n M Performance, un veh\u00edculo orientado al rendimiento, que ofrece un motor naftero TwinPower Turbo de seis cilindros y 3.0 litros con 387 CV de potencia; el 330e Sed\u00e1n SportLine, una variante h\u00edbrida enchufable que combina un motor a combusti\u00f3n de cuatro cilindros con un motor el\u00e9ctrico, brindando una potencia combinada de 292 CV y una capacidad de conducci\u00f3n el\u00e9ctrica de aproximadamente 50 kil\u00f3metros; y el 320i Sed\u00e1n SportLine, impulsado por un eficiente motor de cuatro cilindros de 2.0 litros que equilibra rendimiento y consumo de combustible.<\/p>\n<p>&nbsp;<\/p>\n<p><img fetchpriority=\"high\" decoding=\"async\" class=\"aligncenter wp-image-4664 size-full\" src=\"https:\/\/autofans.com.ar\/wp-content\/uploads\/2023\/08\/foto-2-30.jpg\" alt=\"BMW Group\" width=\"1000\" height=\"667\" srcset=\"https:\/\/autofans.com.ar\/wp-content\/uploads\/2023\/08\/foto-2-30.jpg 1000w, https:\/\/autofans.com.ar\/wp-content\/uploads\/2023\/08\/foto-2-30-300x200.jpg 300w, https:\/\/autofans.com.ar\/wp-content\/uploads\/2023\/08\/foto-2-30-768x512.jpg 768w\" sizes=\"(max-width: 1000px) 100vw, 1000px\" \/><\/p>\n<p>&nbsp;<\/p>\n<h4>Ficha t\u00e9cnica:<\/h4>\n<ul>\n<li><a href=\"https:\/\/autofans.com.ar\/wp-content\/uploads\/2023\/08\/G20-LCI-Serie-3-M340i-xDrive-2023.08-v1.pdf\">G20 LCI Serie 3 M340i xDrive &#8211; 2023.08 v1<\/a><\/li>\n<li><a href=\"https:\/\/autofans.com.ar\/wp-content\/uploads\/2023\/08\/G20-LCI-Serie-3-330e-SportLine-2023.08-v1.pdf\">G20 LCI Serie 3 330e SportLine &#8211; 2023.08 v1<\/a><\/li>\n<li><a href=\"https:\/\/autofans.com.ar\/wp-content\/uploads\/2023\/08\/G20-LCI-Serie-3-320i-SportLine-2023.08-v1.pdf\">G20 LCI Serie 3 320i SportLine &#8211; 2023.08 v1<\/a><\/li>\n<\/ul>\n<p>&nbsp;<\/p>\n<p>BMW contin\u00faa su compromiso con la seguridad, incorporando una amplia gama de sistemas de asistencia al conductor. Desde airbags y controles de estabilidad hasta avanzadas caracter\u00edsticas como el control de velocidad crucero activo y el paquete Driving Assistant.<\/p>\n<p>S\u00e9 parte de la pr\u00f3xima generaci\u00f3n de la experiencia de conducci\u00f3n con el nuevo BMW Serie 3. Explora el lujo, la tecnolog\u00eda y la emoci\u00f3n que este sed\u00e1n premium tiene para ofrecer. Visita tu concesionario local y descubre una nueva forma de conducir.<\/p>\n<p>&nbsp;<\/p>\n<p>&nbsp;<\/p>\n<p><i>Para enterarte de m\u00e1s novedades, no dejes de leer\u00a0<\/i><a href=\"https:\/\/autofans.thebrandsoup.com\/\"><i>nuestras notas<\/i><\/a><i>, de ver<\/i><b><i>\u00a0<\/i><\/b><a href=\"https:\/\/www.youtube.com\/channel\/UCgAC8UGHZYbT6P7PpmVnP7g\"><b><i>AUTOFANS TV<\/i><\/b><\/a><b><i>\u00a0<\/i><\/b><i>en nuestro\u00a0canal de Youtube. Adem\u00e1s seguinos en\u00a0<\/i><a href=\"https:\/\/www.instagram.com\/autofanstv\/\"><i>INSTAGRAM<\/i><\/a><i> y <\/i><a href=\"https:\/\/www.facebook.com\/autofansmas\/\"><i>FACEBOOK<\/i><\/a><i> para no perderte nada sobre las novedades del segmento automotor de Argentina y el mundo.<\/i><\/p>\n","protected":false},"excerpt":{"rendered":"<p>BMW Serie 3 cuenta con un dise\u00f1o actualizado, una innovadora variante h\u00edbrida y un interior&#8230;<\/p>\n","protected":false},"author":2,"featured_media":4665,"comment_status":"closed","ping_status":"closed","sticky":false,"template":"","format":"standard","meta":{"footnotes":""},"categories":[3,1],"tags":[2306,2307,2047,2309,2308,2305],"class_list":["post-4661","post","type-post","status-publish","format-standard","has-post-thumbnail","hentry","category-autos","category-lanzamientos","tag-automovilespremium","tag-bmw-serie-3-argentina","tag-bmwargentina","tag-diseno-automotor","tag-nuevo-serie-3-2023","tag-nuevoserie3"],"yoast_head":"<!-- This site is optimized with the Yoast SEO plugin v27.5 - https:\/\/yoast.com\/product\/yoast-seo-wordpress\/ -->\n<title>Nuevo BMW Serie 3 en Argentina -<\/title>\n<meta name=\"description\" content=\"BMW Serie 3 cuenta con un dise\u00f1o actualizado, una innovadora variante h\u00edbrida y un interior que ofrece avances digitales impresionantes...\" \/>\n<meta name=\"robots\" content=\"index, follow, max-snippet:-1, max-image-preview:large, max-video-preview:-1\" \/>\n<link rel=\"canonical\" href=\"https:\/\/autofans.com.ar\/index.php\/2023\/08\/22\/nuevo-bmw-serie-3-en-argentina\/\" \/>\n<meta property=\"og:locale\" content=\"es_ES\" \/>\n<meta property=\"og:type\" content=\"article\" \/>\n<meta property=\"og:title\" content=\"Nuevo BMW Serie 3 en Argentina -\" \/>\n<meta property=\"og:description\" content=\"BMW Serie 3 cuenta con un dise\u00f1o actualizado, una innovadora variante h\u00edbrida y un interior que ofrece avances digitales impresionantes...\" \/>\n<meta property=\"og:url\" content=\"https:\/\/autofans.com.ar\/index.php\/2023\/08\/22\/nuevo-bmw-serie-3-en-argentina\/\" \/>\n<meta property=\"article:published_time\" content=\"2023-08-22T21:18:02+00:00\" \/>\n<meta property=\"og:image\" content=\"https:\/\/autofans.com.ar\/wp-content\/uploads\/2023\/08\/foto-1-30.jpg\" \/>\n\t<meta property=\"og:image:width\" content=\"1000\" \/>\n\t<meta property=\"og:image:height\" content=\"667\" \/>\n\t<meta property=\"og:image:type\" content=\"image\/jpeg\" \/>\n<meta name=\"author\" content=\"Alejandro Gabriel Rosito\" \/>\n<meta name=\"twitter:card\" content=\"summary_large_image\" \/>\n<meta name=\"twitter:label1\" content=\"Escrito por\" \/>\n\t<meta name=\"twitter:data1\" content=\"Alejandro Gabriel Rosito\" \/>\n\t<meta name=\"twitter:label2\" content=\"Tiempo de lectura\" \/>\n\t<meta name=\"twitter:data2\" content=\"3 minutos\" \/>\n<script type=\"application\/ld+json\" class=\"yoast-schema-graph\">{\"@context\":\"https:\\\/\\\/schema.org\",\"@graph\":[{\"@type\":\"Article\",\"@id\":\"https:\\\/\\\/autofans.com.ar\\\/index.php\\\/2023\\\/08\\\/22\\\/nuevo-bmw-serie-3-en-argentina\\\/#article\",\"isPartOf\":{\"@id\":\"https:\\\/\\\/autofans.com.ar\\\/index.php\\\/2023\\\/08\\\/22\\\/nuevo-bmw-serie-3-en-argentina\\\/\"},\"author\":{\"name\":\"Alejandro Gabriel Rosito\",\"@id\":\"https:\\\/\\\/autofans.com.ar\\\/#\\\/schema\\\/person\\\/4a8dda0b6df83ac3d6723e921274c2aa\"},\"headline\":\"Nuevo BMW Serie 3 en Argentina\",\"datePublished\":\"2023-08-22T21:18:02+00:00\",\"mainEntityOfPage\":{\"@id\":\"https:\\\/\\\/autofans.com.ar\\\/index.php\\\/2023\\\/08\\\/22\\\/nuevo-bmw-serie-3-en-argentina\\\/\"},\"wordCount\":522,\"image\":{\"@id\":\"https:\\\/\\\/autofans.com.ar\\\/index.php\\\/2023\\\/08\\\/22\\\/nuevo-bmw-serie-3-en-argentina\\\/#primaryimage\"},\"thumbnailUrl\":\"https:\\\/\\\/autofans.com.ar\\\/wp-content\\\/uploads\\\/2023\\\/08\\\/foto-1-30.jpg\",\"keywords\":[\"Autom\u00f3vilesPremium\",\"BMW Serie 3 Argentina\",\"BMWArgentina\",\"Dise\u00f1o automotor\",\"Nuevo Serie 3 2023\",\"NuevoSerie3\"],\"articleSection\":[\"AUTOS y SUV\",\"LANZAMIENTOS\"],\"inLanguage\":\"es\"},{\"@type\":\"WebPage\",\"@id\":\"https:\\\/\\\/autofans.com.ar\\\/index.php\\\/2023\\\/08\\\/22\\\/nuevo-bmw-serie-3-en-argentina\\\/\",\"url\":\"https:\\\/\\\/autofans.com.ar\\\/index.php\\\/2023\\\/08\\\/22\\\/nuevo-bmw-serie-3-en-argentina\\\/\",\"name\":\"Nuevo BMW Serie 3 en Argentina -\",\"isPartOf\":{\"@id\":\"https:\\\/\\\/autofans.com.ar\\\/#website\"},\"primaryImageOfPage\":{\"@id\":\"https:\\\/\\\/autofans.com.ar\\\/index.php\\\/2023\\\/08\\\/22\\\/nuevo-bmw-serie-3-en-argentina\\\/#primaryimage\"},\"image\":{\"@id\":\"https:\\\/\\\/autofans.com.ar\\\/index.php\\\/2023\\\/08\\\/22\\\/nuevo-bmw-serie-3-en-argentina\\\/#primaryimage\"},\"thumbnailUrl\":\"https:\\\/\\\/autofans.com.ar\\\/wp-content\\\/uploads\\\/2023\\\/08\\\/foto-1-30.jpg\",\"datePublished\":\"2023-08-22T21:18:02+00:00\",\"author\":{\"@id\":\"https:\\\/\\\/autofans.com.ar\\\/#\\\/schema\\\/person\\\/4a8dda0b6df83ac3d6723e921274c2aa\"},\"description\":\"BMW Serie 3 cuenta con un dise\u00f1o actualizado, una innovadora variante h\u00edbrida y un interior que ofrece avances digitales impresionantes...\",\"breadcrumb\":{\"@id\":\"https:\\\/\\\/autofans.com.ar\\\/index.php\\\/2023\\\/08\\\/22\\\/nuevo-bmw-serie-3-en-argentina\\\/#breadcrumb\"},\"inLanguage\":\"es\",\"potentialAction\":[{\"@type\":\"ReadAction\",\"target\":[\"https:\\\/\\\/autofans.com.ar\\\/index.php\\\/2023\\\/08\\\/22\\\/nuevo-bmw-serie-3-en-argentina\\\/\"]}]},{\"@type\":\"ImageObject\",\"inLanguage\":\"es\",\"@id\":\"https:\\\/\\\/autofans.com.ar\\\/index.php\\\/2023\\\/08\\\/22\\\/nuevo-bmw-serie-3-en-argentina\\\/#primaryimage\",\"url\":\"https:\\\/\\\/autofans.com.ar\\\/wp-content\\\/uploads\\\/2023\\\/08\\\/foto-1-30.jpg\",\"contentUrl\":\"https:\\\/\\\/autofans.com.ar\\\/wp-content\\\/uploads\\\/2023\\\/08\\\/foto-1-30.jpg\",\"width\":1000,\"height\":667,\"caption\":\"BMW Group\"},{\"@type\":\"BreadcrumbList\",\"@id\":\"https:\\\/\\\/autofans.com.ar\\\/index.php\\\/2023\\\/08\\\/22\\\/nuevo-bmw-serie-3-en-argentina\\\/#breadcrumb\",\"itemListElement\":[{\"@type\":\"ListItem\",\"position\":1,\"name\":\"Inicio\",\"item\":\"https:\\\/\\\/autofans.com.ar\\\/\"},{\"@type\":\"ListItem\",\"position\":2,\"name\":\"Nuevo BMW Serie 3 en Argentina\"}]},{\"@type\":\"WebSite\",\"@id\":\"https:\\\/\\\/autofans.com.ar\\\/#website\",\"url\":\"https:\\\/\\\/autofans.com.ar\\\/\",\"name\":\"\",\"description\":\"El multimedio referente de la industria automotriz\",\"potentialAction\":[{\"@type\":\"SearchAction\",\"target\":{\"@type\":\"EntryPoint\",\"urlTemplate\":\"https:\\\/\\\/autofans.com.ar\\\/?s={search_term_string}\"},\"query-input\":{\"@type\":\"PropertyValueSpecification\",\"valueRequired\":true,\"valueName\":\"search_term_string\"}}],\"inLanguage\":\"es\"},{\"@type\":\"Person\",\"@id\":\"https:\\\/\\\/autofans.com.ar\\\/#\\\/schema\\\/person\\\/4a8dda0b6df83ac3d6723e921274c2aa\",\"name\":\"Alejandro Gabriel Rosito\",\"image\":{\"@type\":\"ImageObject\",\"inLanguage\":\"es\",\"@id\":\"https:\\\/\\\/secure.gravatar.com\\\/avatar\\\/16c5dda1489adfc62618084dcbb91cffd879c374b13fe5dd8e44ed6733852c88?s=96&d=mm&r=g\",\"url\":\"https:\\\/\\\/secure.gravatar.com\\\/avatar\\\/16c5dda1489adfc62618084dcbb91cffd879c374b13fe5dd8e44ed6733852c88?s=96&d=mm&r=g\",\"contentUrl\":\"https:\\\/\\\/secure.gravatar.com\\\/avatar\\\/16c5dda1489adfc62618084dcbb91cffd879c374b13fe5dd8e44ed6733852c88?s=96&d=mm&r=g\",\"caption\":\"Alejandro Gabriel Rosito\"},\"url\":\"https:\\\/\\\/autofans.com.ar\\\/index.php\\\/author\\\/gabrielr\\\/\"}]}<\/script>\n<!-- \/ Yoast SEO plugin. -->","yoast_head_json":{"title":"Nuevo BMW Serie 3 en Argentina -","description":"BMW Serie 3 cuenta con un dise\u00f1o actualizado, una innovadora variante h\u00edbrida y un interior que ofrece avances digitales impresionantes...","robots":{"index":"index","follow":"follow","max-snippet":"max-snippet:-1","max-image-preview":"max-image-preview:large","max-video-preview":"max-video-preview:-1"},"canonical":"https:\/\/autofans.com.ar\/index.php\/2023\/08\/22\/nuevo-bmw-serie-3-en-argentina\/","og_locale":"es_ES","og_type":"article","og_title":"Nuevo BMW Serie 3 en Argentina -","og_description":"BMW Serie 3 cuenta con un dise\u00f1o actualizado, una innovadora variante h\u00edbrida y un interior que ofrece avances digitales impresionantes...","og_url":"https:\/\/autofans.com.ar\/index.php\/2023\/08\/22\/nuevo-bmw-serie-3-en-argentina\/","article_published_time":"2023-08-22T21:18:02+00:00","og_image":[{"width":1000,"height":667,"url":"https:\/\/autofans.com.ar\/wp-content\/uploads\/2023\/08\/foto-1-30.jpg","type":"image\/jpeg"}],"author":"Alejandro Gabriel Rosito","twitter_card":"summary_large_image","twitter_misc":{"Escrito por":"Alejandro Gabriel Rosito","Tiempo de lectura":"3 minutos"},"schema":{"@context":"https:\/\/schema.org","@graph":[{"@type":"Article","@id":"https:\/\/autofans.com.ar\/index.php\/2023\/08\/22\/nuevo-bmw-serie-3-en-argentina\/#article","isPartOf":{"@id":"https:\/\/autofans.com.ar\/index.php\/2023\/08\/22\/nuevo-bmw-serie-3-en-argentina\/"},"author":{"name":"Alejandro Gabriel Rosito","@id":"https:\/\/autofans.com.ar\/#\/schema\/person\/4a8dda0b6df83ac3d6723e921274c2aa"},"headline":"Nuevo BMW Serie 3 en Argentina","datePublished":"2023-08-22T21:18:02+00:00","mainEntityOfPage":{"@id":"https:\/\/autofans.com.ar\/index.php\/2023\/08\/22\/nuevo-bmw-serie-3-en-argentina\/"},"wordCount":522,"image":{"@id":"https:\/\/autofans.com.ar\/index.php\/2023\/08\/22\/nuevo-bmw-serie-3-en-argentina\/#primaryimage"},"thumbnailUrl":"https:\/\/autofans.com.ar\/wp-content\/uploads\/2023\/08\/foto-1-30.jpg","keywords":["Autom\u00f3vilesPremium","BMW Serie 3 Argentina","BMWArgentina","Dise\u00f1o automotor","Nuevo Serie 3 2023","NuevoSerie3"],"articleSection":["AUTOS y SUV","LANZAMIENTOS"],"inLanguage":"es"},{"@type":"WebPage","@id":"https:\/\/autofans.com.ar\/index.php\/2023\/08\/22\/nuevo-bmw-serie-3-en-argentina\/","url":"https:\/\/autofans.com.ar\/index.php\/2023\/08\/22\/nuevo-bmw-serie-3-en-argentina\/","name":"Nuevo BMW Serie 3 en Argentina -","isPartOf":{"@id":"https:\/\/autofans.com.ar\/#website"},"primaryImageOfPage":{"@id":"https:\/\/autofans.com.ar\/index.php\/2023\/08\/22\/nuevo-bmw-serie-3-en-argentina\/#primaryimage"},"image":{"@id":"https:\/\/autofans.com.ar\/index.php\/2023\/08\/22\/nuevo-bmw-serie-3-en-argentina\/#primaryimage"},"thumbnailUrl":"https:\/\/autofans.com.ar\/wp-content\/uploads\/2023\/08\/foto-1-30.jpg","datePublished":"2023-08-22T21:18:02+00:00","author":{"@id":"https:\/\/autofans.com.ar\/#\/schema\/person\/4a8dda0b6df83ac3d6723e921274c2aa"},"description":"BMW Serie 3 cuenta con un dise\u00f1o actualizado, una innovadora variante h\u00edbrida y un interior que ofrece avances digitales impresionantes...","breadcrumb":{"@id":"https:\/\/autofans.com.ar\/index.php\/2023\/08\/22\/nuevo-bmw-serie-3-en-argentina\/#breadcrumb"},"inLanguage":"es","potentialAction":[{"@type":"ReadAction","target":["https:\/\/autofans.com.ar\/index.php\/2023\/08\/22\/nuevo-bmw-serie-3-en-argentina\/"]}]},{"@type":"ImageObject","inLanguage":"es","@id":"https:\/\/autofans.com.ar\/index.php\/2023\/08\/22\/nuevo-bmw-serie-3-en-argentina\/#primaryimage","url":"https:\/\/autofans.com.ar\/wp-content\/uploads\/2023\/08\/foto-1-30.jpg","contentUrl":"https:\/\/autofans.com.ar\/wp-content\/uploads\/2023\/08\/foto-1-30.jpg","width":1000,"height":667,"caption":"BMW Group"},{"@type":"BreadcrumbList","@id":"https:\/\/autofans.com.ar\/index.php\/2023\/08\/22\/nuevo-bmw-serie-3-en-argentina\/#breadcrumb","itemListElement":[{"@type":"ListItem","position":1,"name":"Inicio","item":"https:\/\/autofans.com.ar\/"},{"@type":"ListItem","position":2,"name":"Nuevo BMW Serie 3 en Argentina"}]},{"@type":"WebSite","@id":"https:\/\/autofans.com.ar\/#website","url":"https:\/\/autofans.com.ar\/","name":"","description":"El multimedio referente de la industria automotriz","potentialAction":[{"@type":"SearchAction","target":{"@type":"EntryPoint","urlTemplate":"https:\/\/autofans.com.ar\/?s={search_term_string}"},"query-input":{"@type":"PropertyValueSpecification","valueRequired":true,"valueName":"search_term_string"}}],"inLanguage":"es"},{"@type":"Person","@id":"https:\/\/autofans.com.ar\/#\/schema\/person\/4a8dda0b6df83ac3d6723e921274c2aa","name":"Alejandro Gabriel Rosito","image":{"@type":"ImageObject","inLanguage":"es","@id":"https:\/\/secure.gravatar.com\/avatar\/16c5dda1489adfc62618084dcbb91cffd879c374b13fe5dd8e44ed6733852c88?s=96&d=mm&r=g","url":"https:\/\/secure.gravatar.com\/avatar\/16c5dda1489adfc62618084dcbb91cffd879c374b13fe5dd8e44ed6733852c88?s=96&d=mm&r=g","contentUrl":"https:\/\/secure.gravatar.com\/avatar\/16c5dda1489adfc62618084dcbb91cffd879c374b13fe5dd8e44ed6733852c88?s=96&d=mm&r=g","caption":"Alejandro Gabriel Rosito"},"url":"https:\/\/autofans.com.ar\/index.php\/author\/gabrielr\/"}]}},"featured_image_urls":{"full":["https:\/\/autofans.com.ar\/wp-content\/uploads\/2023\/08\/foto-1-30.jpg",1000,667,false],"thumbnail":["https:\/\/autofans.com.ar\/wp-content\/uploads\/2023\/08\/foto-1-30-150x150.jpg",150,150,true],"medium":["https:\/\/autofans.com.ar\/wp-content\/uploads\/2023\/08\/foto-1-30-300x200.jpg",300,200,true],"medium_large":["https:\/\/autofans.com.ar\/wp-content\/uploads\/2023\/08\/foto-1-30-768x512.jpg",640,427,true],"large":["https:\/\/autofans.com.ar\/wp-content\/uploads\/2023\/08\/foto-1-30.jpg",640,427,false],"1536x1536":["https:\/\/autofans.com.ar\/wp-content\/uploads\/2023\/08\/foto-1-30.jpg",1000,667,false],"2048x2048":["https:\/\/autofans.com.ar\/wp-content\/uploads\/2023\/08\/foto-1-30.jpg",1000,667,false],"covernews-featured":["https:\/\/autofans.com.ar\/wp-content\/uploads\/2023\/08\/foto-1-30.jpg",1000,667,false],"covernews-medium":["https:\/\/autofans.com.ar\/wp-content\/uploads\/2023\/08\/foto-1-30-540x340.jpg",540,340,true]},"author_info":{"display_name":"Alejandro Gabriel Rosito","author_link":"https:\/\/autofans.com.ar\/index.php\/author\/gabrielr\/"},"category_info":"<a href=\"https:\/\/autofans.com.ar\/index.php\/category\/noticias\/autos\/\" rel=\"category tag\">AUTOS y SUV<\/a> <a href=\"https:\/\/autofans.com.ar\/index.php\/category\/lanzamientos\/\" rel=\"category tag\">LANZAMIENTOS<\/a>","tag_info":"LANZAMIENTOS","comment_count":0,"_links":{"self":[{"href":"https:\/\/autofans.com.ar\/index.php\/wp-json\/wp\/v2\/posts\/4661","targetHints":{"allow":["GET"]}}],"collection":[{"href":"https:\/\/autofans.com.ar\/index.php\/wp-json\/wp\/v2\/posts"}],"about":[{"href":"https:\/\/autofans.com.ar\/index.php\/wp-json\/wp\/v2\/types\/post"}],"author":[{"embeddable":true,"href":"https:\/\/autofans.com.ar\/index.php\/wp-json\/wp\/v2\/users\/2"}],"replies":[{"embeddable":true,"href":"https:\/\/autofans.com.ar\/index.php\/wp-json\/wp\/v2\/comments?post=4661"}],"version-history":[{"count":6,"href":"https:\/\/autofans.com.ar\/index.php\/wp-json\/wp\/v2\/posts\/4661\/revisions"}],"predecessor-version":[{"id":4674,"href":"https:\/\/autofans.com.ar\/index.php\/wp-json\/wp\/v2\/posts\/4661\/revisions\/4674"}],"wp:featuredmedia":[{"embeddable":true,"href":"https:\/\/autofans.com.ar\/index.php\/wp-json\/wp\/v2\/media\/4665"}],"wp:attachment":[{"href":"https:\/\/autofans.com.ar\/index.php\/wp-json\/wp\/v2\/media?parent=4661"}],"wp:term":[{"taxonomy":"category","embeddable":true,"href":"https:\/\/autofans.com.ar\/index.php\/wp-json\/wp\/v2\/categories?post=4661"},{"taxonomy":"post_tag","embeddable":true,"href":"https:\/\/autofans.com.ar\/index.php\/wp-json\/wp\/v2\/tags?post=4661"}],"curies":[{"name":"wp","href":"https:\/\/api.w.org\/{rel}","templated":true}]}}