{"id":4675,"date":"2023-08-22T21:59:29","date_gmt":"2023-08-23T00:59:29","guid":{"rendered":"https:\/\/autofans.com.ar\/?p=4675"},"modified":"2023-08-22T21:59:29","modified_gmt":"2023-08-23T00:59:29","slug":"shell-v-power-potencia-le-vuelta-del-tc-a-buenos-aires","status":"publish","type":"post","link":"https:\/\/autofans.com.ar\/index.php\/2023\/08\/22\/shell-v-power-potencia-le-vuelta-del-tc-a-buenos-aires\/","title":{"rendered":"Shell V- Power potencia le vuelta del TC a Buenos Aires"},"content":{"rendered":"<p>Shell V-Power toma el centro del escenario en la 10\u00b0 fecha del Campeonato \u00abGran Premio Shell\u00bb de TC, marcando el regreso a Buenos Aires. Ra\u00edzen, licenciataria de Shell, celebra el regreso de la competici\u00f3n al Aut\u00f3dromo de la Ciudad de Buenos Aires, donde el rendimiento y la limpieza de motores se fusionan con la pasi\u00f3n del automovilismo. Conoce c\u00f3mo el combustible oficial del TC, Shell V-Power, se alinea con la potencia y emoci\u00f3n de este evento.<\/p>\n<p>&nbsp;<\/p>\n<p>&nbsp;<\/p>\n<h2>Shell V- Power y el TC de Buenos Aires<\/h2>\n<p>En el emocionante fin de semana del 19 y 20 de agosto, el emblem\u00e1tico Aut\u00f3dromo Juan y Oscar G\u00e1lvez fue el escenario de la 10\u00b0 fecha del Campeonato \u00abGran Premio Shell\u00bb de TC. Lo que hace especial a esta edici\u00f3n es la participaci\u00f3n de Ra\u00edzen, licenciataria de la marca Shell, en este regreso a las pistas.<\/p>\n<p>&nbsp;<\/p>\n<p><img fetchpriority=\"high\" decoding=\"async\" class=\"aligncenter wp-image-4678 size-full\" src=\"https:\/\/autofans.com.ar\/wp-content\/uploads\/2023\/08\/foto-2-31.jpg\" alt=\"shell V-Power\" width=\"1000\" height=\"667\" srcset=\"https:\/\/autofans.com.ar\/wp-content\/uploads\/2023\/08\/foto-2-31.jpg 1000w, https:\/\/autofans.com.ar\/wp-content\/uploads\/2023\/08\/foto-2-31-300x200.jpg 300w, https:\/\/autofans.com.ar\/wp-content\/uploads\/2023\/08\/foto-2-31-768x512.jpg 768w\" sizes=\"(max-width: 1000px) 100vw, 1000px\" \/><\/p>\n<p>&nbsp;<\/p>\n<p>Desde hace cuatro temporadas, Shell V-Power ha sido el combustible oficial de la ACTC, brindando un rendimiento excepcional a los motores de todas las tecnolog\u00edas presentes en la competici\u00f3n, incluyendo aquellos con inyecci\u00f3n directa y turbocompresores de alta presi\u00f3n. Su capacidad de limpieza garantiza un funcionamiento eficiente incluso en condiciones extremas.<\/p>\n<blockquote>\n<p style=\"text-align: center;\">\u201cEs una gran satisfacci\u00f3n estar presentes en este regreso del TC al Aut\u00f3dromo de<br \/>\nBuenos Aires y conectar con los fan\u00e1ticos de esta pasi\u00f3n. La adrenalina de este deporte<br \/>\ncombina a la perfecci\u00f3n con los atributos de Shell V-Power\u201d, coment\u00f3 Blas Rey,<br \/>\nGerente de Marketing de Ra\u00edzen Argentina. \u201cEsta vuelta coincide con el reciente<br \/>\nlanzamiento de la nueva f\u00f3rmula de Shell V-Power que permite a los motores<br \/>\ndesplegar toda su potencia y aceleraci\u00f3n, logrando una mayor suavidad de marcha y<br \/>\nayudando a reducir las emisiones de CO2 a trav\u00e9s de una mejor econom\u00eda de<br \/>\ncombustible. Y lo mejor de todo, es el mismo producto que nuestros clientes<br \/>\nencuentran en nuestras estaciones\u201d agreg\u00f3.<\/p>\n<\/blockquote>\n<p>&nbsp;<\/p>\n<h2>Agust\u00edn Canapino vuelve al TC<\/h2>\n<p>&nbsp;<\/p>\n<p><img decoding=\"async\" class=\"aligncenter wp-image-4677 size-full\" src=\"https:\/\/autofans.com.ar\/wp-content\/uploads\/2023\/08\/foto-3-27.jpg\" alt=\"shell V-Power\" width=\"1000\" height=\"667\" srcset=\"https:\/\/autofans.com.ar\/wp-content\/uploads\/2023\/08\/foto-3-27.jpg 1000w, https:\/\/autofans.com.ar\/wp-content\/uploads\/2023\/08\/foto-3-27-300x200.jpg 300w, https:\/\/autofans.com.ar\/wp-content\/uploads\/2023\/08\/foto-3-27-768x512.jpg 768w\" sizes=\"(max-width: 1000px) 100vw, 1000px\" \/><\/p>\n<p>&nbsp;<\/p>\n<p>Los fan\u00e1ticos del TC tambi\u00e9n fueron testigos de la reaparici\u00f3n de Agust\u00edn Canapino, cuatro veces campe\u00f3n del Turismo Carretera y actual piloto del campeonato INDYCAR en los Estados Unidos.<\/p>\n<p>Con m\u00e1s de 250 mil litros de <a href=\"https:\/\/autofans.com.ar\/index.php\/2023\/06\/28\/raizen-revoluciona-el-mercado-con-la-nueva-generacion-de-combustibles-shell-v-power\/\" target=\"_blank\" rel=\"noopener\">Shell<\/a> V-Power utilizados en cada fin de semana de carrera. El impacto de este combustible en el rendimiento de los autos es innegable. La conexi\u00f3n entre la pasi\u00f3n del TC y la innovaci\u00f3n de Shell es evidente en cada curva del aut\u00f3dromo.<\/p>\n<blockquote>\n<p style=\"text-align: center;\">\u201cHemos visto crecer a la ACTC en estos 4 \u00faltimos a\u00f1os, con m\u00e1s de 50 autos en pista<br \/>\nen el TC, con nuevos proyectos como el campeonato de TC Pick Up y, el pr\u00f3ximo a\u00f1o,<br \/>\ncon los nuevos dise\u00f1os de veh\u00edculos que seguro ser\u00e1n de gran atractivo para los ya<br \/>\nfieles seguidores del TC\u201d, culmin\u00f3 Rey.<\/p>\n<\/blockquote>\n<p>Descubr\u00ed c\u00f3mo Shell potencia la vuelta del TC a Buenos Aires y se une a la emoci\u00f3n de este evento automovil\u00edstico.<\/p>\n<p>&nbsp;<\/p>\n<p>&nbsp;<\/p>\n<p><i>Para enterarte de m\u00e1s novedades, no dejes de leer\u00a0<\/i><a href=\"https:\/\/autofans.thebrandsoup.com\/\"><i>nuestras notas<\/i><\/a><i>, de ver<\/i><b><i>\u00a0<\/i><\/b><a href=\"https:\/\/www.youtube.com\/channel\/UCgAC8UGHZYbT6P7PpmVnP7g\"><b><i>AUTOFANS TV<\/i><\/b><\/a><b><i>\u00a0<\/i><\/b><i>en nuestro\u00a0canal de Youtube. Adem\u00e1s seguinos en\u00a0<\/i><a href=\"https:\/\/www.instagram.com\/autofanstv\/\"><i>INSTAGRAM<\/i><\/a><i> y <\/i><a href=\"https:\/\/www.facebook.com\/autofansmas\/\"><i>FACEBOOK<\/i><\/a><i> para no perderte nada sobre las novedades del segmento automotor de Argentina y el mundo.<\/i><\/p>\n<p><i><span class=\"Apple-converted-space\">\u00a0<\/span><\/i><\/p>\n","protected":false},"excerpt":{"rendered":"<p>Shell V-Power toma el centro del escenario en la 10\u00b0 fecha del Campeonato \u00abGran Premio&#8230;<\/p>\n","protected":false},"author":2,"featured_media":4676,"comment_status":"closed","ping_status":"closed","sticky":false,"template":"","format":"standard","meta":{"footnotes":""},"categories":[127,16],"tags":[185,2311,1060,1746,2310],"class_list":["post-4675","post","type-post","status-publish","format-standard","has-post-thumbnail","hentry","category-deporte","category-noticias","tag-automovilismo","tag-raizenargentina","tag-shellargentina","tag-shellvpower","tag-tcbuenosaires"],"yoast_head":"<!-- This site is optimized with the Yoast SEO plugin v27.5 - https:\/\/yoast.com\/product\/yoast-seo-wordpress\/ -->\n<title>Shell V- Power potencia le vuelta del TC a Buenos Aires -<\/title>\n<meta name=\"description\" content=\"Shell V-Power toma el centro del escenario en la 10\u00b0 fecha del Campeonato &quot;Gran Premio Shell&quot; de TC, marcando el regreso a Buenos Aires...\" \/>\n<meta name=\"robots\" content=\"index, follow, max-snippet:-1, max-image-preview:large, max-video-preview:-1\" \/>\n<link rel=\"canonical\" href=\"https:\/\/autofans.com.ar\/index.php\/2023\/08\/22\/shell-v-power-potencia-le-vuelta-del-tc-a-buenos-aires\/\" \/>\n<meta property=\"og:locale\" content=\"es_ES\" \/>\n<meta property=\"og:type\" content=\"article\" \/>\n<meta property=\"og:title\" content=\"Shell V- Power potencia le vuelta del TC a Buenos Aires -\" \/>\n<meta property=\"og:description\" content=\"Shell V-Power toma el centro del escenario en la 10\u00b0 fecha del Campeonato &quot;Gran Premio Shell&quot; de TC, marcando el regreso a Buenos Aires...\" \/>\n<meta property=\"og:url\" content=\"https:\/\/autofans.com.ar\/index.php\/2023\/08\/22\/shell-v-power-potencia-le-vuelta-del-tc-a-buenos-aires\/\" \/>\n<meta property=\"article:published_time\" content=\"2023-08-23T00:59:29+00:00\" \/>\n<meta property=\"og:image\" content=\"https:\/\/autofans.com.ar\/wp-content\/uploads\/2023\/08\/foto-4-12.jpg\" \/>\n\t<meta property=\"og:image:width\" content=\"1000\" \/>\n\t<meta property=\"og:image:height\" content=\"667\" \/>\n\t<meta property=\"og:image:type\" content=\"image\/jpeg\" \/>\n<meta name=\"author\" content=\"Alejandro Gabriel Rosito\" \/>\n<meta name=\"twitter:card\" content=\"summary_large_image\" \/>\n<meta name=\"twitter:label1\" content=\"Escrito por\" \/>\n\t<meta name=\"twitter:data1\" content=\"Alejandro Gabriel Rosito\" \/>\n\t<meta name=\"twitter:label2\" content=\"Tiempo de lectura\" \/>\n\t<meta name=\"twitter:data2\" content=\"2 minutos\" \/>\n<script type=\"application\/ld+json\" class=\"yoast-schema-graph\">{\"@context\":\"https:\\\/\\\/schema.org\",\"@graph\":[{\"@type\":\"Article\",\"@id\":\"https:\\\/\\\/autofans.com.ar\\\/index.php\\\/2023\\\/08\\\/22\\\/shell-v-power-potencia-le-vuelta-del-tc-a-buenos-aires\\\/#article\",\"isPartOf\":{\"@id\":\"https:\\\/\\\/autofans.com.ar\\\/index.php\\\/2023\\\/08\\\/22\\\/shell-v-power-potencia-le-vuelta-del-tc-a-buenos-aires\\\/\"},\"author\":{\"name\":\"Alejandro Gabriel Rosito\",\"@id\":\"https:\\\/\\\/autofans.com.ar\\\/#\\\/schema\\\/person\\\/4a8dda0b6df83ac3d6723e921274c2aa\"},\"headline\":\"Shell V- Power potencia le vuelta del TC a Buenos Aires\",\"datePublished\":\"2023-08-23T00:59:29+00:00\",\"mainEntityOfPage\":{\"@id\":\"https:\\\/\\\/autofans.com.ar\\\/index.php\\\/2023\\\/08\\\/22\\\/shell-v-power-potencia-le-vuelta-del-tc-a-buenos-aires\\\/\"},\"wordCount\":567,\"image\":{\"@id\":\"https:\\\/\\\/autofans.com.ar\\\/index.php\\\/2023\\\/08\\\/22\\\/shell-v-power-potencia-le-vuelta-del-tc-a-buenos-aires\\\/#primaryimage\"},\"thumbnailUrl\":\"https:\\\/\\\/autofans.com.ar\\\/wp-content\\\/uploads\\\/2023\\\/08\\\/foto-4-12.jpg\",\"keywords\":[\"#automovilismo\",\"Ra\u00edzenArgentina\",\"ShellArgentina\",\"ShellVPower\",\"TCBuenosAires\"],\"articleSection\":[\"DEPORTE MOTOR\",\"NOTICIAS\"],\"inLanguage\":\"es\"},{\"@type\":\"WebPage\",\"@id\":\"https:\\\/\\\/autofans.com.ar\\\/index.php\\\/2023\\\/08\\\/22\\\/shell-v-power-potencia-le-vuelta-del-tc-a-buenos-aires\\\/\",\"url\":\"https:\\\/\\\/autofans.com.ar\\\/index.php\\\/2023\\\/08\\\/22\\\/shell-v-power-potencia-le-vuelta-del-tc-a-buenos-aires\\\/\",\"name\":\"Shell V- Power potencia le vuelta del TC a Buenos Aires -\",\"isPartOf\":{\"@id\":\"https:\\\/\\\/autofans.com.ar\\\/#website\"},\"primaryImageOfPage\":{\"@id\":\"https:\\\/\\\/autofans.com.ar\\\/index.php\\\/2023\\\/08\\\/22\\\/shell-v-power-potencia-le-vuelta-del-tc-a-buenos-aires\\\/#primaryimage\"},\"image\":{\"@id\":\"https:\\\/\\\/autofans.com.ar\\\/index.php\\\/2023\\\/08\\\/22\\\/shell-v-power-potencia-le-vuelta-del-tc-a-buenos-aires\\\/#primaryimage\"},\"thumbnailUrl\":\"https:\\\/\\\/autofans.com.ar\\\/wp-content\\\/uploads\\\/2023\\\/08\\\/foto-4-12.jpg\",\"datePublished\":\"2023-08-23T00:59:29+00:00\",\"author\":{\"@id\":\"https:\\\/\\\/autofans.com.ar\\\/#\\\/schema\\\/person\\\/4a8dda0b6df83ac3d6723e921274c2aa\"},\"description\":\"Shell V-Power toma el centro del escenario en la 10\u00b0 fecha del Campeonato \\\"Gran Premio Shell\\\" de TC, marcando el regreso a Buenos Aires...\",\"breadcrumb\":{\"@id\":\"https:\\\/\\\/autofans.com.ar\\\/index.php\\\/2023\\\/08\\\/22\\\/shell-v-power-potencia-le-vuelta-del-tc-a-buenos-aires\\\/#breadcrumb\"},\"inLanguage\":\"es\",\"potentialAction\":[{\"@type\":\"ReadAction\",\"target\":[\"https:\\\/\\\/autofans.com.ar\\\/index.php\\\/2023\\\/08\\\/22\\\/shell-v-power-potencia-le-vuelta-del-tc-a-buenos-aires\\\/\"]}]},{\"@type\":\"ImageObject\",\"inLanguage\":\"es\",\"@id\":\"https:\\\/\\\/autofans.com.ar\\\/index.php\\\/2023\\\/08\\\/22\\\/shell-v-power-potencia-le-vuelta-del-tc-a-buenos-aires\\\/#primaryimage\",\"url\":\"https:\\\/\\\/autofans.com.ar\\\/wp-content\\\/uploads\\\/2023\\\/08\\\/foto-4-12.jpg\",\"contentUrl\":\"https:\\\/\\\/autofans.com.ar\\\/wp-content\\\/uploads\\\/2023\\\/08\\\/foto-4-12.jpg\",\"width\":1000,\"height\":667,\"caption\":\"shell V-Power\"},{\"@type\":\"BreadcrumbList\",\"@id\":\"https:\\\/\\\/autofans.com.ar\\\/index.php\\\/2023\\\/08\\\/22\\\/shell-v-power-potencia-le-vuelta-del-tc-a-buenos-aires\\\/#breadcrumb\",\"itemListElement\":[{\"@type\":\"ListItem\",\"position\":1,\"name\":\"Inicio\",\"item\":\"https:\\\/\\\/autofans.com.ar\\\/\"},{\"@type\":\"ListItem\",\"position\":2,\"name\":\"Shell V- Power potencia le vuelta del TC a Buenos Aires\"}]},{\"@type\":\"WebSite\",\"@id\":\"https:\\\/\\\/autofans.com.ar\\\/#website\",\"url\":\"https:\\\/\\\/autofans.com.ar\\\/\",\"name\":\"\",\"description\":\"El multimedio referente de la industria automotriz\",\"potentialAction\":[{\"@type\":\"SearchAction\",\"target\":{\"@type\":\"EntryPoint\",\"urlTemplate\":\"https:\\\/\\\/autofans.com.ar\\\/?s={search_term_string}\"},\"query-input\":{\"@type\":\"PropertyValueSpecification\",\"valueRequired\":true,\"valueName\":\"search_term_string\"}}],\"inLanguage\":\"es\"},{\"@type\":\"Person\",\"@id\":\"https:\\\/\\\/autofans.com.ar\\\/#\\\/schema\\\/person\\\/4a8dda0b6df83ac3d6723e921274c2aa\",\"name\":\"Alejandro Gabriel Rosito\",\"image\":{\"@type\":\"ImageObject\",\"inLanguage\":\"es\",\"@id\":\"https:\\\/\\\/secure.gravatar.com\\\/avatar\\\/16c5dda1489adfc62618084dcbb91cffd879c374b13fe5dd8e44ed6733852c88?s=96&d=mm&r=g\",\"url\":\"https:\\\/\\\/secure.gravatar.com\\\/avatar\\\/16c5dda1489adfc62618084dcbb91cffd879c374b13fe5dd8e44ed6733852c88?s=96&d=mm&r=g\",\"contentUrl\":\"https:\\\/\\\/secure.gravatar.com\\\/avatar\\\/16c5dda1489adfc62618084dcbb91cffd879c374b13fe5dd8e44ed6733852c88?s=96&d=mm&r=g\",\"caption\":\"Alejandro Gabriel Rosito\"},\"url\":\"https:\\\/\\\/autofans.com.ar\\\/index.php\\\/author\\\/gabrielr\\\/\"}]}<\/script>\n<!-- \/ Yoast SEO plugin. -->","yoast_head_json":{"title":"Shell V- Power potencia le vuelta del TC a Buenos Aires -","description":"Shell V-Power toma el centro del escenario en la 10\u00b0 fecha del Campeonato \"Gran Premio Shell\" de TC, marcando el regreso a Buenos Aires...","robots":{"index":"index","follow":"follow","max-snippet":"max-snippet:-1","max-image-preview":"max-image-preview:large","max-video-preview":"max-video-preview:-1"},"canonical":"https:\/\/autofans.com.ar\/index.php\/2023\/08\/22\/shell-v-power-potencia-le-vuelta-del-tc-a-buenos-aires\/","og_locale":"es_ES","og_type":"article","og_title":"Shell V- Power potencia le vuelta del TC a Buenos Aires -","og_description":"Shell V-Power toma el centro del escenario en la 10\u00b0 fecha del Campeonato \"Gran Premio Shell\" de TC, marcando el regreso a Buenos Aires...","og_url":"https:\/\/autofans.com.ar\/index.php\/2023\/08\/22\/shell-v-power-potencia-le-vuelta-del-tc-a-buenos-aires\/","article_published_time":"2023-08-23T00:59:29+00:00","og_image":[{"width":1000,"height":667,"url":"https:\/\/autofans.com.ar\/wp-content\/uploads\/2023\/08\/foto-4-12.jpg","type":"image\/jpeg"}],"author":"Alejandro Gabriel Rosito","twitter_card":"summary_large_image","twitter_misc":{"Escrito por":"Alejandro Gabriel Rosito","Tiempo de lectura":"2 minutos"},"schema":{"@context":"https:\/\/schema.org","@graph":[{"@type":"Article","@id":"https:\/\/autofans.com.ar\/index.php\/2023\/08\/22\/shell-v-power-potencia-le-vuelta-del-tc-a-buenos-aires\/#article","isPartOf":{"@id":"https:\/\/autofans.com.ar\/index.php\/2023\/08\/22\/shell-v-power-potencia-le-vuelta-del-tc-a-buenos-aires\/"},"author":{"name":"Alejandro Gabriel Rosito","@id":"https:\/\/autofans.com.ar\/#\/schema\/person\/4a8dda0b6df83ac3d6723e921274c2aa"},"headline":"Shell V- Power potencia le vuelta del TC a Buenos Aires","datePublished":"2023-08-23T00:59:29+00:00","mainEntityOfPage":{"@id":"https:\/\/autofans.com.ar\/index.php\/2023\/08\/22\/shell-v-power-potencia-le-vuelta-del-tc-a-buenos-aires\/"},"wordCount":567,"image":{"@id":"https:\/\/autofans.com.ar\/index.php\/2023\/08\/22\/shell-v-power-potencia-le-vuelta-del-tc-a-buenos-aires\/#primaryimage"},"thumbnailUrl":"https:\/\/autofans.com.ar\/wp-content\/uploads\/2023\/08\/foto-4-12.jpg","keywords":["#automovilismo","Ra\u00edzenArgentina","ShellArgentina","ShellVPower","TCBuenosAires"],"articleSection":["DEPORTE MOTOR","NOTICIAS"],"inLanguage":"es"},{"@type":"WebPage","@id":"https:\/\/autofans.com.ar\/index.php\/2023\/08\/22\/shell-v-power-potencia-le-vuelta-del-tc-a-buenos-aires\/","url":"https:\/\/autofans.com.ar\/index.php\/2023\/08\/22\/shell-v-power-potencia-le-vuelta-del-tc-a-buenos-aires\/","name":"Shell V- Power potencia le vuelta del TC a Buenos Aires -","isPartOf":{"@id":"https:\/\/autofans.com.ar\/#website"},"primaryImageOfPage":{"@id":"https:\/\/autofans.com.ar\/index.php\/2023\/08\/22\/shell-v-power-potencia-le-vuelta-del-tc-a-buenos-aires\/#primaryimage"},"image":{"@id":"https:\/\/autofans.com.ar\/index.php\/2023\/08\/22\/shell-v-power-potencia-le-vuelta-del-tc-a-buenos-aires\/#primaryimage"},"thumbnailUrl":"https:\/\/autofans.com.ar\/wp-content\/uploads\/2023\/08\/foto-4-12.jpg","datePublished":"2023-08-23T00:59:29+00:00","author":{"@id":"https:\/\/autofans.com.ar\/#\/schema\/person\/4a8dda0b6df83ac3d6723e921274c2aa"},"description":"Shell V-Power toma el centro del escenario en la 10\u00b0 fecha del Campeonato \"Gran Premio Shell\" de TC, marcando el regreso a Buenos Aires...","breadcrumb":{"@id":"https:\/\/autofans.com.ar\/index.php\/2023\/08\/22\/shell-v-power-potencia-le-vuelta-del-tc-a-buenos-aires\/#breadcrumb"},"inLanguage":"es","potentialAction":[{"@type":"ReadAction","target":["https:\/\/autofans.com.ar\/index.php\/2023\/08\/22\/shell-v-power-potencia-le-vuelta-del-tc-a-buenos-aires\/"]}]},{"@type":"ImageObject","inLanguage":"es","@id":"https:\/\/autofans.com.ar\/index.php\/2023\/08\/22\/shell-v-power-potencia-le-vuelta-del-tc-a-buenos-aires\/#primaryimage","url":"https:\/\/autofans.com.ar\/wp-content\/uploads\/2023\/08\/foto-4-12.jpg","contentUrl":"https:\/\/autofans.com.ar\/wp-content\/uploads\/2023\/08\/foto-4-12.jpg","width":1000,"height":667,"caption":"shell V-Power"},{"@type":"BreadcrumbList","@id":"https:\/\/autofans.com.ar\/index.php\/2023\/08\/22\/shell-v-power-potencia-le-vuelta-del-tc-a-buenos-aires\/#breadcrumb","itemListElement":[{"@type":"ListItem","position":1,"name":"Inicio","item":"https:\/\/autofans.com.ar\/"},{"@type":"ListItem","position":2,"name":"Shell V- Power potencia le vuelta del TC a Buenos Aires"}]},{"@type":"WebSite","@id":"https:\/\/autofans.com.ar\/#website","url":"https:\/\/autofans.com.ar\/","name":"","description":"El multimedio referente de la industria automotriz","potentialAction":[{"@type":"SearchAction","target":{"@type":"EntryPoint","urlTemplate":"https:\/\/autofans.com.ar\/?s={search_term_string}"},"query-input":{"@type":"PropertyValueSpecification","valueRequired":true,"valueName":"search_term_string"}}],"inLanguage":"es"},{"@type":"Person","@id":"https:\/\/autofans.com.ar\/#\/schema\/person\/4a8dda0b6df83ac3d6723e921274c2aa","name":"Alejandro Gabriel Rosito","image":{"@type":"ImageObject","inLanguage":"es","@id":"https:\/\/secure.gravatar.com\/avatar\/16c5dda1489adfc62618084dcbb91cffd879c374b13fe5dd8e44ed6733852c88?s=96&d=mm&r=g","url":"https:\/\/secure.gravatar.com\/avatar\/16c5dda1489adfc62618084dcbb91cffd879c374b13fe5dd8e44ed6733852c88?s=96&d=mm&r=g","contentUrl":"https:\/\/secure.gravatar.com\/avatar\/16c5dda1489adfc62618084dcbb91cffd879c374b13fe5dd8e44ed6733852c88?s=96&d=mm&r=g","caption":"Alejandro Gabriel Rosito"},"url":"https:\/\/autofans.com.ar\/index.php\/author\/gabrielr\/"}]}},"featured_image_urls":{"full":["https:\/\/autofans.com.ar\/wp-content\/uploads\/2023\/08\/foto-4-12.jpg",1000,667,false],"thumbnail":["https:\/\/autofans.com.ar\/wp-content\/uploads\/2023\/08\/foto-4-12-150x150.jpg",150,150,true],"medium":["https:\/\/autofans.com.ar\/wp-content\/uploads\/2023\/08\/foto-4-12-300x200.jpg",300,200,true],"medium_large":["https:\/\/autofans.com.ar\/wp-content\/uploads\/2023\/08\/foto-4-12-768x512.jpg",640,427,true],"large":["https:\/\/autofans.com.ar\/wp-content\/uploads\/2023\/08\/foto-4-12.jpg",640,427,false],"1536x1536":["https:\/\/autofans.com.ar\/wp-content\/uploads\/2023\/08\/foto-4-12.jpg",1000,667,false],"2048x2048":["https:\/\/autofans.com.ar\/wp-content\/uploads\/2023\/08\/foto-4-12.jpg",1000,667,false],"covernews-featured":["https:\/\/autofans.com.ar\/wp-content\/uploads\/2023\/08\/foto-4-12.jpg",1000,667,false],"covernews-medium":["https:\/\/autofans.com.ar\/wp-content\/uploads\/2023\/08\/foto-4-12-540x340.jpg",540,340,true]},"author_info":{"display_name":"Alejandro Gabriel Rosito","author_link":"https:\/\/autofans.com.ar\/index.php\/author\/gabrielr\/"},"category_info":"<a href=\"https:\/\/autofans.com.ar\/index.php\/category\/noticias\/deporte\/\" rel=\"category tag\">DEPORTE MOTOR<\/a> <a href=\"https:\/\/autofans.com.ar\/index.php\/category\/noticias\/\" rel=\"category tag\">NOTICIAS<\/a>","tag_info":"NOTICIAS","comment_count":0,"_links":{"self":[{"href":"https:\/\/autofans.com.ar\/index.php\/wp-json\/wp\/v2\/posts\/4675","targetHints":{"allow":["GET"]}}],"collection":[{"href":"https:\/\/autofans.com.ar\/index.php\/wp-json\/wp\/v2\/posts"}],"about":[{"href":"https:\/\/autofans.com.ar\/index.php\/wp-json\/wp\/v2\/types\/post"}],"author":[{"embeddable":true,"href":"https:\/\/autofans.com.ar\/index.php\/wp-json\/wp\/v2\/users\/2"}],"replies":[{"embeddable":true,"href":"https:\/\/autofans.com.ar\/index.php\/wp-json\/wp\/v2\/comments?post=4675"}],"version-history":[{"count":2,"href":"https:\/\/autofans.com.ar\/index.php\/wp-json\/wp\/v2\/posts\/4675\/revisions"}],"predecessor-version":[{"id":4681,"href":"https:\/\/autofans.com.ar\/index.php\/wp-json\/wp\/v2\/posts\/4675\/revisions\/4681"}],"wp:featuredmedia":[{"embeddable":true,"href":"https:\/\/autofans.com.ar\/index.php\/wp-json\/wp\/v2\/media\/4676"}],"wp:attachment":[{"href":"https:\/\/autofans.com.ar\/index.php\/wp-json\/wp\/v2\/media?parent=4675"}],"wp:term":[{"taxonomy":"category","embeddable":true,"href":"https:\/\/autofans.com.ar\/index.php\/wp-json\/wp\/v2\/categories?post=4675"},{"taxonomy":"post_tag","embeddable":true,"href":"https:\/\/autofans.com.ar\/index.php\/wp-json\/wp\/v2\/tags?post=4675"}],"curies":[{"name":"wp","href":"https:\/\/api.w.org\/{rel}","templated":true}]}}