{"id":4689,"date":"2023-08-23T18:07:38","date_gmt":"2023-08-23T21:07:38","guid":{"rendered":"https:\/\/autofans.com.ar\/?p=4689"},"modified":"2023-08-23T18:07:38","modified_gmt":"2023-08-23T21:07:38","slug":"kawa-club-y-su-caravana-solidaria","status":"publish","type":"post","link":"https:\/\/autofans.com.ar\/index.php\/2023\/08\/23\/kawa-club-y-su-caravana-solidaria\/","title":{"rendered":"Kawa Club y su caravana solidaria"},"content":{"rendered":"<p>El Kawa Club, acompa\u00f1ado por Kawasaki Argentina y otras empresas colaboradoras, llev\u00f3 a cabo su 17\u00ba \u00abCaravana Solidaria\u00bb en conmemoraci\u00f3n del D\u00eda del Ni\u00f1o. M\u00e1s de 4.000 motociclistas se unieron para alegrar a los peque\u00f1os pacientes de hospitales pedi\u00e1tricos con regalos y amor. Un gesto conmovedor que demuestra c\u00f3mo la pasi\u00f3n por las motos puede impulsar la solidaridad.<\/p>\n<p>&nbsp;<\/p>\n<h2>Kawa Club &#8211; solidaridad sobre ruedas<\/h2>\n<p>Entusiastas motociclistas, independientemente de la marca emprendieron un viaje lleno de significado a trav\u00e9s de las calles de la Ciudad de Buenos Aires, llevando regalos y sonrisas a los peque\u00f1os valientes en hospitales pedi\u00e1tricos como Garrahan, Elizalde, Sbarra y m\u00e1s. Los motociclistas recorrieron la ciudad, demostrando que la pasi\u00f3n por las dos ruedas puede generar poderosos actos de bondad.<\/p>\n<p>&nbsp;<\/p>\n<p><img fetchpriority=\"high\" decoding=\"async\" class=\"aligncenter wp-image-4691 size-full\" src=\"https:\/\/autofans.com.ar\/wp-content\/uploads\/2023\/08\/foto-3-28.jpg\" alt=\"Kawa Club\" width=\"1000\" height=\"667\" srcset=\"https:\/\/autofans.com.ar\/wp-content\/uploads\/2023\/08\/foto-3-28.jpg 1000w, https:\/\/autofans.com.ar\/wp-content\/uploads\/2023\/08\/foto-3-28-300x200.jpg 300w, https:\/\/autofans.com.ar\/wp-content\/uploads\/2023\/08\/foto-3-28-768x512.jpg 768w\" sizes=\"(max-width: 1000px) 100vw, 1000px\" \/><\/p>\n<p>&nbsp;<\/p>\n<p>La caravana solidaria comenz\u00f3 su recorrido entre las 9 y las 10 de la ma\u00f1ana, partiendo desde la intersecci\u00f3n de la Av. Del Libertador y Av. Dorrego. La seguridad fue una prioridad, siguiendo las pautas establecidas por el Gobierno de la Ciudad. Adem\u00e1s, los participantes agregaron diversi\u00f3n al evento al lucir disfraces de personajes populares, creando una experiencia \u00fanica y entretenida para los peque\u00f1os pacientes.<\/p>\n<p>&nbsp;<\/p>\n<h2>Pasi\u00f3n por las motos y solidaridad<\/h2>\n<p>El impacto de la caravana fue a\u00fan mayor de lo esperado, atrayendo la atenci\u00f3n de los medios de comunicaci\u00f3n que cubrieron el evento. La solidaridad de la comunidad se hizo evidente con la donaci\u00f3n de m\u00e1s de 10.000 juguetes, demostrando c\u00f3mo la uni\u00f3n puede marcar la diferencia en la vida de los necesitados. Este gesto generoso reafirma que la pasi\u00f3n compartida por las motos puede transformarse en un motor de amor y bondad.<\/p>\n<p>&nbsp;<\/p>\n<div id='gallery-1' class='gallery galleryid-4689 gallery-columns-2 gallery-size-full'><figure class='gallery-item'>\n\t\t\t<div class='gallery-icon landscape'>\n\t\t\t\t<a href='https:\/\/autofans.com.ar\/index.php\/2023\/08\/23\/kawa-club-y-su-caravana-solidaria\/foto-1-263\/'><img loading=\"lazy\" width=\"1000\" height=\"667\" src=\"https:\/\/autofans.com.ar\/wp-content\/uploads\/2023\/08\/foto-1-32.jpg\" class=\"attachment-full size-full\" alt=\"Kawa Club\" srcset=\"https:\/\/autofans.com.ar\/wp-content\/uploads\/2023\/08\/foto-1-32.jpg 1000w, https:\/\/autofans.com.ar\/wp-content\/uploads\/2023\/08\/foto-1-32-300x200.jpg 300w, https:\/\/autofans.com.ar\/wp-content\/uploads\/2023\/08\/foto-1-32-768x512.jpg 768w\" sizes=\"auto, (max-width: 1000px) 100vw, 1000px\" loading=\"lazy\" decoding=\"async\" \/><\/a>\n\t\t\t<\/div><\/figure><figure class='gallery-item'>\n\t\t\t<div class='gallery-icon landscape'>\n\t\t\t\t<a href='https:\/\/autofans.com.ar\/index.php\/2023\/08\/23\/kawa-club-y-su-caravana-solidaria\/foto-4-148\/'><img loading=\"lazy\" width=\"1000\" height=\"667\" src=\"https:\/\/autofans.com.ar\/wp-content\/uploads\/2023\/08\/foto-4-13.jpg\" class=\"attachment-full size-full\" alt=\"Kawa Club\" srcset=\"https:\/\/autofans.com.ar\/wp-content\/uploads\/2023\/08\/foto-4-13.jpg 1000w, https:\/\/autofans.com.ar\/wp-content\/uploads\/2023\/08\/foto-4-13-300x200.jpg 300w, https:\/\/autofans.com.ar\/wp-content\/uploads\/2023\/08\/foto-4-13-768x512.jpg 768w\" sizes=\"auto, (max-width: 1000px) 100vw, 1000px\" loading=\"lazy\" decoding=\"async\" \/><\/a>\n\t\t\t<\/div><\/figure>\n\t\t<\/div>\n\n<p>&nbsp;<\/p>\n<p>Kawasaki Argentina, representada por Grupo Iraola, tiene una presencia s\u00f3lida en el pa\u00eds, con m\u00e1s de 40 a\u00f1os de experiencia. Con una planta de producci\u00f3n local en Santa Fe, la marca japonesa apuesta por una producci\u00f3n nacional y una oferta completa de modelos, como la Versys 300, Z400 y Ninja 400, entre otros.<\/p>\n<p>El Kawa Club y sus colaboradores han demostrado c\u00f3mo el esp\u00edritu solidario puede combinarse con la pasi\u00f3n por las motos, creando un evento inolvidable que lleva alegr\u00eda a los corazones de los m\u00e1s peque\u00f1os. La \u00abCaravana Solidaria\u00bb es un recordatorio inspirador de que, a veces, las mejores rutas son aquellas que conducen a los corazones de los dem\u00e1s.<\/p>\n<p>&nbsp;<\/p>\n<p>&nbsp;<\/p>\n<p><i>Para enterarte de m\u00e1s novedades, no dejes de leer\u00a0<\/i><a href=\"https:\/\/autofans.thebrandsoup.com\/\"><i>nuestras notas<\/i><\/a><i>, de ver<\/i><b><i>\u00a0<\/i><\/b><a href=\"https:\/\/www.youtube.com\/channel\/UCgAC8UGHZYbT6P7PpmVnP7g\"><b><i>AUTOFANS TV<\/i><\/b><\/a><b><i>\u00a0<\/i><\/b><i>en nuestro\u00a0canal de Youtube. Adem\u00e1s seguinos en\u00a0<\/i><a href=\"https:\/\/www.instagram.com\/autofanstv\/\"><i>INSTAGRAM<\/i><\/a><i> y <\/i><a href=\"https:\/\/www.facebook.com\/autofansmas\/\"><i>FACEBOOK<\/i><\/a><i> para no perderte nada sobre las novedades del segmento automotor de Argentina y el mundo.<\/i><\/p>\n","protected":false},"excerpt":{"rendered":"<p>El Kawa Club, acompa\u00f1ado por Kawasaki Argentina y otras empresas colaboradoras, llev\u00f3 a cabo su&#8230;<\/p>\n","protected":false},"author":2,"featured_media":4692,"comment_status":"closed","ping_status":"closed","sticky":false,"template":"","format":"standard","meta":{"footnotes":""},"categories":[6,16],"tags":[2318,2317,2320,2319,2316,2315],"class_list":["post-4689","post","type-post","status-publish","format-standard","has-post-thumbnail","hentry","category-bizstyle","category-noticias","tag-amorendosruedas","tag-comunidadenmoto","tag-kawacluboficial","tag-kawasaki_argentina","tag-motociclistas","tag-solidaridad"],"yoast_head":"<!-- This site is optimized with the Yoast SEO plugin v27.5 - https:\/\/yoast.com\/product\/yoast-seo-wordpress\/ -->\n<title>Kawa Club y su caravana solidaria -<\/title>\n<meta name=\"description\" content=\"El Kawa Club, acompa\u00f1ado por Kawasaki Argentina y otras empresas colaboradoras, llev\u00f3 a cabo su 17\u00ba &quot;Caravana Solidaria&quot; por el D\u00eda del Ni\u00f1o.\" \/>\n<meta name=\"robots\" content=\"index, follow, max-snippet:-1, max-image-preview:large, max-video-preview:-1\" \/>\n<link rel=\"canonical\" href=\"https:\/\/autofans.com.ar\/index.php\/2023\/08\/23\/kawa-club-y-su-caravana-solidaria\/\" \/>\n<meta property=\"og:locale\" content=\"es_ES\" \/>\n<meta property=\"og:type\" content=\"article\" \/>\n<meta property=\"og:title\" content=\"Kawa Club y su caravana solidaria -\" \/>\n<meta property=\"og:description\" content=\"El Kawa Club, acompa\u00f1ado por Kawasaki Argentina y otras empresas colaboradoras, llev\u00f3 a cabo su 17\u00ba &quot;Caravana Solidaria&quot; por el D\u00eda del Ni\u00f1o.\" \/>\n<meta property=\"og:url\" content=\"https:\/\/autofans.com.ar\/index.php\/2023\/08\/23\/kawa-club-y-su-caravana-solidaria\/\" \/>\n<meta property=\"article:published_time\" content=\"2023-08-23T21:07:38+00:00\" \/>\n<meta property=\"og:image\" content=\"https:\/\/autofans.com.ar\/wp-content\/uploads\/2023\/08\/foto-2-32.jpg\" \/>\n\t<meta property=\"og:image:width\" content=\"1000\" \/>\n\t<meta property=\"og:image:height\" content=\"667\" \/>\n\t<meta property=\"og:image:type\" content=\"image\/jpeg\" \/>\n<meta name=\"author\" content=\"Alejandro Gabriel Rosito\" \/>\n<meta name=\"twitter:card\" content=\"summary_large_image\" \/>\n<meta name=\"twitter:label1\" content=\"Escrito por\" \/>\n\t<meta name=\"twitter:data1\" content=\"Alejandro Gabriel Rosito\" \/>\n\t<meta name=\"twitter:label2\" content=\"Tiempo de lectura\" \/>\n\t<meta name=\"twitter:data2\" content=\"3 minutos\" \/>\n<script type=\"application\/ld+json\" class=\"yoast-schema-graph\">{\"@context\":\"https:\\\/\\\/schema.org\",\"@graph\":[{\"@type\":\"Article\",\"@id\":\"https:\\\/\\\/autofans.com.ar\\\/index.php\\\/2023\\\/08\\\/23\\\/kawa-club-y-su-caravana-solidaria\\\/#article\",\"isPartOf\":{\"@id\":\"https:\\\/\\\/autofans.com.ar\\\/index.php\\\/2023\\\/08\\\/23\\\/kawa-club-y-su-caravana-solidaria\\\/\"},\"author\":{\"name\":\"Alejandro Gabriel Rosito\",\"@id\":\"https:\\\/\\\/autofans.com.ar\\\/#\\\/schema\\\/person\\\/4a8dda0b6df83ac3d6723e921274c2aa\"},\"headline\":\"Kawa Club y su caravana solidaria\",\"datePublished\":\"2023-08-23T21:07:38+00:00\",\"mainEntityOfPage\":{\"@id\":\"https:\\\/\\\/autofans.com.ar\\\/index.php\\\/2023\\\/08\\\/23\\\/kawa-club-y-su-caravana-solidaria\\\/\"},\"wordCount\":473,\"image\":{\"@id\":\"https:\\\/\\\/autofans.com.ar\\\/index.php\\\/2023\\\/08\\\/23\\\/kawa-club-y-su-caravana-solidaria\\\/#primaryimage\"},\"thumbnailUrl\":\"https:\\\/\\\/autofans.com.ar\\\/wp-content\\\/uploads\\\/2023\\\/08\\\/foto-2-32.jpg\",\"keywords\":[\"AmorEnDosRuedas\",\"ComunidadEnMoto\",\"kawacluboficial\",\"kawasaki_argentina\",\"Motociclistas\",\"Solidaridad\"],\"articleSection\":[\"BIZSTYLE\",\"NOTICIAS\"],\"inLanguage\":\"es\"},{\"@type\":\"WebPage\",\"@id\":\"https:\\\/\\\/autofans.com.ar\\\/index.php\\\/2023\\\/08\\\/23\\\/kawa-club-y-su-caravana-solidaria\\\/\",\"url\":\"https:\\\/\\\/autofans.com.ar\\\/index.php\\\/2023\\\/08\\\/23\\\/kawa-club-y-su-caravana-solidaria\\\/\",\"name\":\"Kawa Club y su caravana solidaria -\",\"isPartOf\":{\"@id\":\"https:\\\/\\\/autofans.com.ar\\\/#website\"},\"primaryImageOfPage\":{\"@id\":\"https:\\\/\\\/autofans.com.ar\\\/index.php\\\/2023\\\/08\\\/23\\\/kawa-club-y-su-caravana-solidaria\\\/#primaryimage\"},\"image\":{\"@id\":\"https:\\\/\\\/autofans.com.ar\\\/index.php\\\/2023\\\/08\\\/23\\\/kawa-club-y-su-caravana-solidaria\\\/#primaryimage\"},\"thumbnailUrl\":\"https:\\\/\\\/autofans.com.ar\\\/wp-content\\\/uploads\\\/2023\\\/08\\\/foto-2-32.jpg\",\"datePublished\":\"2023-08-23T21:07:38+00:00\",\"author\":{\"@id\":\"https:\\\/\\\/autofans.com.ar\\\/#\\\/schema\\\/person\\\/4a8dda0b6df83ac3d6723e921274c2aa\"},\"description\":\"El Kawa Club, acompa\u00f1ado por Kawasaki Argentina y otras empresas colaboradoras, llev\u00f3 a cabo su 17\u00ba \\\"Caravana Solidaria\\\" por el D\u00eda del Ni\u00f1o.\",\"breadcrumb\":{\"@id\":\"https:\\\/\\\/autofans.com.ar\\\/index.php\\\/2023\\\/08\\\/23\\\/kawa-club-y-su-caravana-solidaria\\\/#breadcrumb\"},\"inLanguage\":\"es\",\"potentialAction\":[{\"@type\":\"ReadAction\",\"target\":[\"https:\\\/\\\/autofans.com.ar\\\/index.php\\\/2023\\\/08\\\/23\\\/kawa-club-y-su-caravana-solidaria\\\/\"]}]},{\"@type\":\"ImageObject\",\"inLanguage\":\"es\",\"@id\":\"https:\\\/\\\/autofans.com.ar\\\/index.php\\\/2023\\\/08\\\/23\\\/kawa-club-y-su-caravana-solidaria\\\/#primaryimage\",\"url\":\"https:\\\/\\\/autofans.com.ar\\\/wp-content\\\/uploads\\\/2023\\\/08\\\/foto-2-32.jpg\",\"contentUrl\":\"https:\\\/\\\/autofans.com.ar\\\/wp-content\\\/uploads\\\/2023\\\/08\\\/foto-2-32.jpg\",\"width\":1000,\"height\":667,\"caption\":\"Kawa Club\"},{\"@type\":\"BreadcrumbList\",\"@id\":\"https:\\\/\\\/autofans.com.ar\\\/index.php\\\/2023\\\/08\\\/23\\\/kawa-club-y-su-caravana-solidaria\\\/#breadcrumb\",\"itemListElement\":[{\"@type\":\"ListItem\",\"position\":1,\"name\":\"Inicio\",\"item\":\"https:\\\/\\\/autofans.com.ar\\\/\"},{\"@type\":\"ListItem\",\"position\":2,\"name\":\"Kawa Club y su caravana solidaria\"}]},{\"@type\":\"WebSite\",\"@id\":\"https:\\\/\\\/autofans.com.ar\\\/#website\",\"url\":\"https:\\\/\\\/autofans.com.ar\\\/\",\"name\":\"\",\"description\":\"El multimedio referente de la industria automotriz\",\"potentialAction\":[{\"@type\":\"SearchAction\",\"target\":{\"@type\":\"EntryPoint\",\"urlTemplate\":\"https:\\\/\\\/autofans.com.ar\\\/?s={search_term_string}\"},\"query-input\":{\"@type\":\"PropertyValueSpecification\",\"valueRequired\":true,\"valueName\":\"search_term_string\"}}],\"inLanguage\":\"es\"},{\"@type\":\"Person\",\"@id\":\"https:\\\/\\\/autofans.com.ar\\\/#\\\/schema\\\/person\\\/4a8dda0b6df83ac3d6723e921274c2aa\",\"name\":\"Alejandro Gabriel Rosito\",\"image\":{\"@type\":\"ImageObject\",\"inLanguage\":\"es\",\"@id\":\"https:\\\/\\\/secure.gravatar.com\\\/avatar\\\/16c5dda1489adfc62618084dcbb91cffd879c374b13fe5dd8e44ed6733852c88?s=96&d=mm&r=g\",\"url\":\"https:\\\/\\\/secure.gravatar.com\\\/avatar\\\/16c5dda1489adfc62618084dcbb91cffd879c374b13fe5dd8e44ed6733852c88?s=96&d=mm&r=g\",\"contentUrl\":\"https:\\\/\\\/secure.gravatar.com\\\/avatar\\\/16c5dda1489adfc62618084dcbb91cffd879c374b13fe5dd8e44ed6733852c88?s=96&d=mm&r=g\",\"caption\":\"Alejandro Gabriel Rosito\"},\"url\":\"https:\\\/\\\/autofans.com.ar\\\/index.php\\\/author\\\/gabrielr\\\/\"}]}<\/script>\n<!-- \/ Yoast SEO plugin. -->","yoast_head_json":{"title":"Kawa Club y su caravana solidaria -","description":"El Kawa Club, acompa\u00f1ado por Kawasaki Argentina y otras empresas colaboradoras, llev\u00f3 a cabo su 17\u00ba \"Caravana Solidaria\" por el D\u00eda del Ni\u00f1o.","robots":{"index":"index","follow":"follow","max-snippet":"max-snippet:-1","max-image-preview":"max-image-preview:large","max-video-preview":"max-video-preview:-1"},"canonical":"https:\/\/autofans.com.ar\/index.php\/2023\/08\/23\/kawa-club-y-su-caravana-solidaria\/","og_locale":"es_ES","og_type":"article","og_title":"Kawa Club y su caravana solidaria -","og_description":"El Kawa Club, acompa\u00f1ado por Kawasaki Argentina y otras empresas colaboradoras, llev\u00f3 a cabo su 17\u00ba \"Caravana Solidaria\" por el D\u00eda del Ni\u00f1o.","og_url":"https:\/\/autofans.com.ar\/index.php\/2023\/08\/23\/kawa-club-y-su-caravana-solidaria\/","article_published_time":"2023-08-23T21:07:38+00:00","og_image":[{"width":1000,"height":667,"url":"https:\/\/autofans.com.ar\/wp-content\/uploads\/2023\/08\/foto-2-32.jpg","type":"image\/jpeg"}],"author":"Alejandro Gabriel Rosito","twitter_card":"summary_large_image","twitter_misc":{"Escrito por":"Alejandro Gabriel Rosito","Tiempo de lectura":"3 minutos"},"schema":{"@context":"https:\/\/schema.org","@graph":[{"@type":"Article","@id":"https:\/\/autofans.com.ar\/index.php\/2023\/08\/23\/kawa-club-y-su-caravana-solidaria\/#article","isPartOf":{"@id":"https:\/\/autofans.com.ar\/index.php\/2023\/08\/23\/kawa-club-y-su-caravana-solidaria\/"},"author":{"name":"Alejandro Gabriel Rosito","@id":"https:\/\/autofans.com.ar\/#\/schema\/person\/4a8dda0b6df83ac3d6723e921274c2aa"},"headline":"Kawa Club y su caravana solidaria","datePublished":"2023-08-23T21:07:38+00:00","mainEntityOfPage":{"@id":"https:\/\/autofans.com.ar\/index.php\/2023\/08\/23\/kawa-club-y-su-caravana-solidaria\/"},"wordCount":473,"image":{"@id":"https:\/\/autofans.com.ar\/index.php\/2023\/08\/23\/kawa-club-y-su-caravana-solidaria\/#primaryimage"},"thumbnailUrl":"https:\/\/autofans.com.ar\/wp-content\/uploads\/2023\/08\/foto-2-32.jpg","keywords":["AmorEnDosRuedas","ComunidadEnMoto","kawacluboficial","kawasaki_argentina","Motociclistas","Solidaridad"],"articleSection":["BIZSTYLE","NOTICIAS"],"inLanguage":"es"},{"@type":"WebPage","@id":"https:\/\/autofans.com.ar\/index.php\/2023\/08\/23\/kawa-club-y-su-caravana-solidaria\/","url":"https:\/\/autofans.com.ar\/index.php\/2023\/08\/23\/kawa-club-y-su-caravana-solidaria\/","name":"Kawa Club y su caravana solidaria -","isPartOf":{"@id":"https:\/\/autofans.com.ar\/#website"},"primaryImageOfPage":{"@id":"https:\/\/autofans.com.ar\/index.php\/2023\/08\/23\/kawa-club-y-su-caravana-solidaria\/#primaryimage"},"image":{"@id":"https:\/\/autofans.com.ar\/index.php\/2023\/08\/23\/kawa-club-y-su-caravana-solidaria\/#primaryimage"},"thumbnailUrl":"https:\/\/autofans.com.ar\/wp-content\/uploads\/2023\/08\/foto-2-32.jpg","datePublished":"2023-08-23T21:07:38+00:00","author":{"@id":"https:\/\/autofans.com.ar\/#\/schema\/person\/4a8dda0b6df83ac3d6723e921274c2aa"},"description":"El Kawa Club, acompa\u00f1ado por Kawasaki Argentina y otras empresas colaboradoras, llev\u00f3 a cabo su 17\u00ba \"Caravana Solidaria\" por el D\u00eda del Ni\u00f1o.","breadcrumb":{"@id":"https:\/\/autofans.com.ar\/index.php\/2023\/08\/23\/kawa-club-y-su-caravana-solidaria\/#breadcrumb"},"inLanguage":"es","potentialAction":[{"@type":"ReadAction","target":["https:\/\/autofans.com.ar\/index.php\/2023\/08\/23\/kawa-club-y-su-caravana-solidaria\/"]}]},{"@type":"ImageObject","inLanguage":"es","@id":"https:\/\/autofans.com.ar\/index.php\/2023\/08\/23\/kawa-club-y-su-caravana-solidaria\/#primaryimage","url":"https:\/\/autofans.com.ar\/wp-content\/uploads\/2023\/08\/foto-2-32.jpg","contentUrl":"https:\/\/autofans.com.ar\/wp-content\/uploads\/2023\/08\/foto-2-32.jpg","width":1000,"height":667,"caption":"Kawa Club"},{"@type":"BreadcrumbList","@id":"https:\/\/autofans.com.ar\/index.php\/2023\/08\/23\/kawa-club-y-su-caravana-solidaria\/#breadcrumb","itemListElement":[{"@type":"ListItem","position":1,"name":"Inicio","item":"https:\/\/autofans.com.ar\/"},{"@type":"ListItem","position":2,"name":"Kawa Club y su caravana solidaria"}]},{"@type":"WebSite","@id":"https:\/\/autofans.com.ar\/#website","url":"https:\/\/autofans.com.ar\/","name":"","description":"El multimedio referente de la industria automotriz","potentialAction":[{"@type":"SearchAction","target":{"@type":"EntryPoint","urlTemplate":"https:\/\/autofans.com.ar\/?s={search_term_string}"},"query-input":{"@type":"PropertyValueSpecification","valueRequired":true,"valueName":"search_term_string"}}],"inLanguage":"es"},{"@type":"Person","@id":"https:\/\/autofans.com.ar\/#\/schema\/person\/4a8dda0b6df83ac3d6723e921274c2aa","name":"Alejandro Gabriel Rosito","image":{"@type":"ImageObject","inLanguage":"es","@id":"https:\/\/secure.gravatar.com\/avatar\/16c5dda1489adfc62618084dcbb91cffd879c374b13fe5dd8e44ed6733852c88?s=96&d=mm&r=g","url":"https:\/\/secure.gravatar.com\/avatar\/16c5dda1489adfc62618084dcbb91cffd879c374b13fe5dd8e44ed6733852c88?s=96&d=mm&r=g","contentUrl":"https:\/\/secure.gravatar.com\/avatar\/16c5dda1489adfc62618084dcbb91cffd879c374b13fe5dd8e44ed6733852c88?s=96&d=mm&r=g","caption":"Alejandro Gabriel Rosito"},"url":"https:\/\/autofans.com.ar\/index.php\/author\/gabrielr\/"}]}},"featured_image_urls":{"full":["https:\/\/autofans.com.ar\/wp-content\/uploads\/2023\/08\/foto-2-32.jpg",1000,667,false],"thumbnail":["https:\/\/autofans.com.ar\/wp-content\/uploads\/2023\/08\/foto-2-32-150x150.jpg",150,150,true],"medium":["https:\/\/autofans.com.ar\/wp-content\/uploads\/2023\/08\/foto-2-32-300x200.jpg",300,200,true],"medium_large":["https:\/\/autofans.com.ar\/wp-content\/uploads\/2023\/08\/foto-2-32-768x512.jpg",640,427,true],"large":["https:\/\/autofans.com.ar\/wp-content\/uploads\/2023\/08\/foto-2-32.jpg",640,427,false],"1536x1536":["https:\/\/autofans.com.ar\/wp-content\/uploads\/2023\/08\/foto-2-32.jpg",1000,667,false],"2048x2048":["https:\/\/autofans.com.ar\/wp-content\/uploads\/2023\/08\/foto-2-32.jpg",1000,667,false],"covernews-featured":["https:\/\/autofans.com.ar\/wp-content\/uploads\/2023\/08\/foto-2-32.jpg",1000,667,false],"covernews-medium":["https:\/\/autofans.com.ar\/wp-content\/uploads\/2023\/08\/foto-2-32-540x340.jpg",540,340,true]},"author_info":{"display_name":"Alejandro Gabriel Rosito","author_link":"https:\/\/autofans.com.ar\/index.php\/author\/gabrielr\/"},"category_info":"<a href=\"https:\/\/autofans.com.ar\/index.php\/category\/noticias\/bizstyle\/\" rel=\"category tag\">BIZSTYLE<\/a> <a href=\"https:\/\/autofans.com.ar\/index.php\/category\/noticias\/\" rel=\"category tag\">NOTICIAS<\/a>","tag_info":"NOTICIAS","comment_count":0,"_links":{"self":[{"href":"https:\/\/autofans.com.ar\/index.php\/wp-json\/wp\/v2\/posts\/4689","targetHints":{"allow":["GET"]}}],"collection":[{"href":"https:\/\/autofans.com.ar\/index.php\/wp-json\/wp\/v2\/posts"}],"about":[{"href":"https:\/\/autofans.com.ar\/index.php\/wp-json\/wp\/v2\/types\/post"}],"author":[{"embeddable":true,"href":"https:\/\/autofans.com.ar\/index.php\/wp-json\/wp\/v2\/users\/2"}],"replies":[{"embeddable":true,"href":"https:\/\/autofans.com.ar\/index.php\/wp-json\/wp\/v2\/comments?post=4689"}],"version-history":[{"count":1,"href":"https:\/\/autofans.com.ar\/index.php\/wp-json\/wp\/v2\/posts\/4689\/revisions"}],"predecessor-version":[{"id":4694,"href":"https:\/\/autofans.com.ar\/index.php\/wp-json\/wp\/v2\/posts\/4689\/revisions\/4694"}],"wp:featuredmedia":[{"embeddable":true,"href":"https:\/\/autofans.com.ar\/index.php\/wp-json\/wp\/v2\/media\/4692"}],"wp:attachment":[{"href":"https:\/\/autofans.com.ar\/index.php\/wp-json\/wp\/v2\/media?parent=4689"}],"wp:term":[{"taxonomy":"category","embeddable":true,"href":"https:\/\/autofans.com.ar\/index.php\/wp-json\/wp\/v2\/categories?post=4689"},{"taxonomy":"post_tag","embeddable":true,"href":"https:\/\/autofans.com.ar\/index.php\/wp-json\/wp\/v2\/tags?post=4689"}],"curies":[{"name":"wp","href":"https:\/\/api.w.org\/{rel}","templated":true}]}}