{"id":4701,"date":"2023-08-24T18:27:20","date_gmt":"2023-08-24T21:27:20","guid":{"rendered":"https:\/\/autofans.com.ar\/?p=4701"},"modified":"2023-08-24T18:27:20","modified_gmt":"2023-08-24T21:27:20","slug":"nissan-presenta-su-primer-spot-de-la-x-trail-e-power","status":"publish","type":"post","link":"https:\/\/autofans.com.ar\/index.php\/2023\/08\/24\/nissan-presenta-su-primer-spot-de-la-x-trail-e-power\/","title":{"rendered":"Nissan presenta su primer spot de la X-Trail e-POWER"},"content":{"rendered":"<p>Nissan presenta su primer spot de la innovadora Nissan X-Trail e-POWER, filmado en los impresionantes paisajes de Mendoza, Argentina. Conoce c\u00f3mo esta tecnolog\u00eda el\u00e9ctrica redefine la movilidad y brinda una experiencia \u00fanica de manejo.<\/p>\n<p>&nbsp;<\/p>\n<p><center><iframe title=\"Nueva Nissan X-Trail e-POWER: Electric power, extraordinary autonomy.\" width=\"640\" height=\"360\" src=\"https:\/\/www.youtube.com\/embed\/-2ZrI54lcDs?feature=oembed\" frameborder=\"0\" allow=\"accelerometer; autoplay; clipboard-write; encrypted-media; gyroscope; picture-in-picture; web-share\" referrerpolicy=\"strict-origin-when-cross-origin\" allowfullscreen><\/iframe><\/p>\n<p>&nbsp;<\/p>\n<p><\/center>&nbsp;<\/p>\n<p>En un emocionante paso hacia la electrificaci\u00f3n en Am\u00e9rica del Sur, Nissan ha lanzado su impactante comercial de la Nissan X-Trail e-POWER, una obra maestra cinematogr\u00e1fica que encapsula la sensaci\u00f3n de libertad al volante y la potencia de su tecnolog\u00eda revolucionaria. Este spot promete una experiencia de manejo \u00fanica y una independencia sin igual.<\/p>\n<p>&nbsp;<\/p>\n<h2>X-Trail e-POWER &#8211; Innovaci\u00f3n en movilidad<\/h2>\n<p>&nbsp;<\/p>\n<p><img fetchpriority=\"high\" decoding=\"async\" class=\"aligncenter wp-image-4702 size-full\" src=\"https:\/\/autofans.com.ar\/wp-content\/uploads\/2023\/08\/foto-4-14.jpg\" alt=\"X-Trail e-POWER\" width=\"1000\" height=\"667\" srcset=\"https:\/\/autofans.com.ar\/wp-content\/uploads\/2023\/08\/foto-4-14.jpg 1000w, https:\/\/autofans.com.ar\/wp-content\/uploads\/2023\/08\/foto-4-14-300x200.jpg 300w, https:\/\/autofans.com.ar\/wp-content\/uploads\/2023\/08\/foto-4-14-768x512.jpg 768w\" sizes=\"(max-width: 1000px) 100vw, 1000px\" \/><\/p>\n<p>&nbsp;<\/p>\n<p>La Nissan X-Trail e-POWER representa la pr\u00f3xima generaci\u00f3n de movilidad sostenible. Impulsada por dos motores el\u00e9ctricos alimentados por bater\u00edas y respaldados por un motor de gasolina, esta tecnolog\u00eda exclusiva redefine la autonom\u00eda en carretera. El lema de la campa\u00f1a, \u00abElectric power. Extraordinary autonomy\u00bb, encapsula la esencia de esta revolucionaria propuesta.<\/p>\n<p>&nbsp;<\/p>\n<p>La producci\u00f3n audiovisual, en colaboraci\u00f3n con TBWA &#8211; Nissan United South America y la productora Landia, captura la emoci\u00f3n de una mujer al volante de la Nissan X-Trail e-POWER. La potencia y la aceleraci\u00f3n instant\u00e1nea de un auto el\u00e9ctrico se fusionan con la m\u00e1xima autonom\u00eda, todo gracias a la tecnolog\u00eda diferencial de Nissan e-POWER. Desde Chile y Argentina hasta Per\u00fa, este comercial marca el inicio de un emocionante viaje en el mundo de la movilidad el\u00e9ctrica.<\/p>\n<p>&nbsp;<\/p>\n<p><img decoding=\"async\" class=\"aligncenter wp-image-4703 size-full\" src=\"https:\/\/autofans.com.ar\/wp-content\/uploads\/2023\/08\/foto-3-30.jpg\" alt=\"X-Trail e-POWER\" width=\"1000\" height=\"667\" srcset=\"https:\/\/autofans.com.ar\/wp-content\/uploads\/2023\/08\/foto-3-30.jpg 1000w, https:\/\/autofans.com.ar\/wp-content\/uploads\/2023\/08\/foto-3-30-300x200.jpg 300w, https:\/\/autofans.com.ar\/wp-content\/uploads\/2023\/08\/foto-3-30-768x512.jpg 768w\" sizes=\"(max-width: 1000px) 100vw, 1000px\" \/><\/p>\n<p>&nbsp;<\/p>\n<p>Pero no es solo la tecnolog\u00eda lo que sorprende. El dise\u00f1o de la Nissan X-Trail e-POWER es una obra de arte en s\u00ed mismo. Las vibrantes estelas de colores que rodean el veh\u00edculo simbolizan la aceleraci\u00f3n de la movilidad el\u00e9ctrica y la emoci\u00f3n de la independencia. Un sendero bordeado de cerezos, una referencia a la tradici\u00f3n japonesa, resalta a\u00fan m\u00e1s su est\u00e9tica diferenciada.<\/p>\n<p>Nissan no solo promete redefinir el futuro de la movilidad el\u00e9ctrica, sino que tambi\u00e9n lo demuestra con hechos tangibles. Este comercial es un hito en ese camino de innovaci\u00f3n y cambio. Prep\u00e1rate para ser parte de una nueva era de manejo sustentable con la <a href=\"https:\/\/autofans.com.ar\/index.php\/2023\/06\/23\/descubre-la-revolucionaria-nissan-x-trail-e-power-la-suv-electrica-que-llega-a-argentina\/\" target=\"_blank\" rel=\"noopener\">Nissan X-Trail<\/a> e-POWER.<\/p>\n<p>&nbsp;<\/p>\n<p>&nbsp;<\/p>\n<p><i>Para enterarte de m\u00e1s novedades, no dejes de leer\u00a0<\/i><a href=\"https:\/\/autofans.thebrandsoup.com\/\"><i>nuestras notas<\/i><\/a><i>, de ver<\/i><b><i>\u00a0<\/i><\/b><a href=\"https:\/\/www.youtube.com\/channel\/UCgAC8UGHZYbT6P7PpmVnP7g\"><b><i>AUTOFANS TV<\/i><\/b><\/a><b><i>\u00a0<\/i><\/b><i>en nuestro\u00a0canal de Youtube. Adem\u00e1s seguinos en\u00a0<\/i><a href=\"https:\/\/www.instagram.com\/autofanstv\/\"><i>INSTAGRAM<\/i><\/a><i> y <\/i><a href=\"https:\/\/www.facebook.com\/autofansmas\/\"><i>FACEBOOK<\/i><\/a><i> para no perderte nada sobre las novedades del segmento automotor de Argentina y el mundo.<\/i><\/p>\n<p><i><span class=\"Apple-converted-space\">\u00a0<\/span><\/i><\/p>\n","protected":false},"excerpt":{"rendered":"<p>Nissan presenta su primer spot de la innovadora Nissan X-Trail e-POWER, filmado en los impresionantes&#8230;<\/p>\n","protected":false},"author":2,"featured_media":4705,"comment_status":"closed","ping_status":"closed","sticky":false,"template":"","format":"standard","meta":{"footnotes":""},"categories":[341,16],"tags":[2328,2327,2329,2326,1818,1269,2325,1940],"class_list":["post-4701","post","type-post","status-publish","format-standard","has-post-thumbnail","hentry","category-hibridos-y-electricos","category-noticias","tag-autonomiaencarretera","tag-comercialnissan","tag-electrificacionautomotriz","tag-experienciademanejo","tag-innovacionautomotriz","tag-movilidadsostenible","tag-nissanxtrailepower","tag-tecnologiaelectrica"],"yoast_head":"<!-- This site is optimized with the Yoast SEO plugin v27.5 - https:\/\/yoast.com\/product\/yoast-seo-wordpress\/ -->\n<title>Nissan presenta su primer spot de la X-Trail e-POWER -<\/title>\n<meta name=\"description\" content=\"Nissan presenta su primer spot de la innovadora Nissan X-Trail e-POWER, filmado en los impresionantes paisajes de Mendoza, Argentina...\" \/>\n<meta name=\"robots\" content=\"index, follow, max-snippet:-1, max-image-preview:large, max-video-preview:-1\" \/>\n<link rel=\"canonical\" href=\"https:\/\/autofans.com.ar\/index.php\/2023\/08\/24\/nissan-presenta-su-primer-spot-de-la-x-trail-e-power\/\" \/>\n<meta property=\"og:locale\" content=\"es_ES\" \/>\n<meta property=\"og:type\" content=\"article\" \/>\n<meta property=\"og:title\" content=\"Nissan presenta su primer spot de la X-Trail e-POWER -\" \/>\n<meta property=\"og:description\" content=\"Nissan presenta su primer spot de la innovadora Nissan X-Trail e-POWER, filmado en los impresionantes paisajes de Mendoza, Argentina...\" \/>\n<meta property=\"og:url\" content=\"https:\/\/autofans.com.ar\/index.php\/2023\/08\/24\/nissan-presenta-su-primer-spot-de-la-x-trail-e-power\/\" \/>\n<meta property=\"article:published_time\" content=\"2023-08-24T21:27:20+00:00\" \/>\n<meta property=\"og:image\" content=\"https:\/\/autofans.com.ar\/wp-content\/uploads\/2023\/08\/foto-1-34.jpg\" \/>\n\t<meta property=\"og:image:width\" content=\"1000\" \/>\n\t<meta property=\"og:image:height\" content=\"667\" \/>\n\t<meta property=\"og:image:type\" content=\"image\/jpeg\" \/>\n<meta name=\"author\" content=\"Alejandro Gabriel Rosito\" \/>\n<meta name=\"twitter:card\" content=\"summary_large_image\" \/>\n<meta name=\"twitter:label1\" content=\"Escrito por\" \/>\n\t<meta name=\"twitter:data1\" content=\"Alejandro Gabriel Rosito\" \/>\n\t<meta name=\"twitter:label2\" content=\"Tiempo de lectura\" \/>\n\t<meta name=\"twitter:data2\" content=\"3 minutos\" \/>\n<script type=\"application\/ld+json\" class=\"yoast-schema-graph\">{\"@context\":\"https:\\\/\\\/schema.org\",\"@graph\":[{\"@type\":\"Article\",\"@id\":\"https:\\\/\\\/autofans.com.ar\\\/index.php\\\/2023\\\/08\\\/24\\\/nissan-presenta-su-primer-spot-de-la-x-trail-e-power\\\/#article\",\"isPartOf\":{\"@id\":\"https:\\\/\\\/autofans.com.ar\\\/index.php\\\/2023\\\/08\\\/24\\\/nissan-presenta-su-primer-spot-de-la-x-trail-e-power\\\/\"},\"author\":{\"name\":\"Alejandro Gabriel Rosito\",\"@id\":\"https:\\\/\\\/autofans.com.ar\\\/#\\\/schema\\\/person\\\/4a8dda0b6df83ac3d6723e921274c2aa\"},\"headline\":\"Nissan presenta su primer spot de la X-Trail e-POWER\",\"datePublished\":\"2023-08-24T21:27:20+00:00\",\"mainEntityOfPage\":{\"@id\":\"https:\\\/\\\/autofans.com.ar\\\/index.php\\\/2023\\\/08\\\/24\\\/nissan-presenta-su-primer-spot-de-la-x-trail-e-power\\\/\"},\"wordCount\":444,\"image\":{\"@id\":\"https:\\\/\\\/autofans.com.ar\\\/index.php\\\/2023\\\/08\\\/24\\\/nissan-presenta-su-primer-spot-de-la-x-trail-e-power\\\/#primaryimage\"},\"thumbnailUrl\":\"https:\\\/\\\/autofans.com.ar\\\/wp-content\\\/uploads\\\/2023\\\/08\\\/foto-1-34.jpg\",\"keywords\":[\"Autonom\u00edaEnCarretera\",\"ComercialNissan\",\"Electrificaci\u00f3nAutomotriz\",\"ExperienciaDeManejo\",\"Innovaci\u00f3nAutomotriz\",\"MovilidadSostenible\",\"NissanXTrailEPower\",\"tecnologiaelectrica\"],\"articleSection\":[\"HIBRIDOS, ELECTRICOS y otros\",\"NOTICIAS\"],\"inLanguage\":\"es\"},{\"@type\":\"WebPage\",\"@id\":\"https:\\\/\\\/autofans.com.ar\\\/index.php\\\/2023\\\/08\\\/24\\\/nissan-presenta-su-primer-spot-de-la-x-trail-e-power\\\/\",\"url\":\"https:\\\/\\\/autofans.com.ar\\\/index.php\\\/2023\\\/08\\\/24\\\/nissan-presenta-su-primer-spot-de-la-x-trail-e-power\\\/\",\"name\":\"Nissan presenta su primer spot de la X-Trail e-POWER -\",\"isPartOf\":{\"@id\":\"https:\\\/\\\/autofans.com.ar\\\/#website\"},\"primaryImageOfPage\":{\"@id\":\"https:\\\/\\\/autofans.com.ar\\\/index.php\\\/2023\\\/08\\\/24\\\/nissan-presenta-su-primer-spot-de-la-x-trail-e-power\\\/#primaryimage\"},\"image\":{\"@id\":\"https:\\\/\\\/autofans.com.ar\\\/index.php\\\/2023\\\/08\\\/24\\\/nissan-presenta-su-primer-spot-de-la-x-trail-e-power\\\/#primaryimage\"},\"thumbnailUrl\":\"https:\\\/\\\/autofans.com.ar\\\/wp-content\\\/uploads\\\/2023\\\/08\\\/foto-1-34.jpg\",\"datePublished\":\"2023-08-24T21:27:20+00:00\",\"author\":{\"@id\":\"https:\\\/\\\/autofans.com.ar\\\/#\\\/schema\\\/person\\\/4a8dda0b6df83ac3d6723e921274c2aa\"},\"description\":\"Nissan presenta su primer spot de la innovadora Nissan X-Trail e-POWER, filmado en los impresionantes paisajes de Mendoza, Argentina...\",\"breadcrumb\":{\"@id\":\"https:\\\/\\\/autofans.com.ar\\\/index.php\\\/2023\\\/08\\\/24\\\/nissan-presenta-su-primer-spot-de-la-x-trail-e-power\\\/#breadcrumb\"},\"inLanguage\":\"es\",\"potentialAction\":[{\"@type\":\"ReadAction\",\"target\":[\"https:\\\/\\\/autofans.com.ar\\\/index.php\\\/2023\\\/08\\\/24\\\/nissan-presenta-su-primer-spot-de-la-x-trail-e-power\\\/\"]}]},{\"@type\":\"ImageObject\",\"inLanguage\":\"es\",\"@id\":\"https:\\\/\\\/autofans.com.ar\\\/index.php\\\/2023\\\/08\\\/24\\\/nissan-presenta-su-primer-spot-de-la-x-trail-e-power\\\/#primaryimage\",\"url\":\"https:\\\/\\\/autofans.com.ar\\\/wp-content\\\/uploads\\\/2023\\\/08\\\/foto-1-34.jpg\",\"contentUrl\":\"https:\\\/\\\/autofans.com.ar\\\/wp-content\\\/uploads\\\/2023\\\/08\\\/foto-1-34.jpg\",\"width\":1000,\"height\":667,\"caption\":\"X-Trail e-POWER\"},{\"@type\":\"BreadcrumbList\",\"@id\":\"https:\\\/\\\/autofans.com.ar\\\/index.php\\\/2023\\\/08\\\/24\\\/nissan-presenta-su-primer-spot-de-la-x-trail-e-power\\\/#breadcrumb\",\"itemListElement\":[{\"@type\":\"ListItem\",\"position\":1,\"name\":\"Inicio\",\"item\":\"https:\\\/\\\/autofans.com.ar\\\/\"},{\"@type\":\"ListItem\",\"position\":2,\"name\":\"Nissan presenta su primer spot de la X-Trail e-POWER\"}]},{\"@type\":\"WebSite\",\"@id\":\"https:\\\/\\\/autofans.com.ar\\\/#website\",\"url\":\"https:\\\/\\\/autofans.com.ar\\\/\",\"name\":\"\",\"description\":\"El multimedio referente de la industria automotriz\",\"potentialAction\":[{\"@type\":\"SearchAction\",\"target\":{\"@type\":\"EntryPoint\",\"urlTemplate\":\"https:\\\/\\\/autofans.com.ar\\\/?s={search_term_string}\"},\"query-input\":{\"@type\":\"PropertyValueSpecification\",\"valueRequired\":true,\"valueName\":\"search_term_string\"}}],\"inLanguage\":\"es\"},{\"@type\":\"Person\",\"@id\":\"https:\\\/\\\/autofans.com.ar\\\/#\\\/schema\\\/person\\\/4a8dda0b6df83ac3d6723e921274c2aa\",\"name\":\"Alejandro Gabriel Rosito\",\"image\":{\"@type\":\"ImageObject\",\"inLanguage\":\"es\",\"@id\":\"https:\\\/\\\/secure.gravatar.com\\\/avatar\\\/16c5dda1489adfc62618084dcbb91cffd879c374b13fe5dd8e44ed6733852c88?s=96&d=mm&r=g\",\"url\":\"https:\\\/\\\/secure.gravatar.com\\\/avatar\\\/16c5dda1489adfc62618084dcbb91cffd879c374b13fe5dd8e44ed6733852c88?s=96&d=mm&r=g\",\"contentUrl\":\"https:\\\/\\\/secure.gravatar.com\\\/avatar\\\/16c5dda1489adfc62618084dcbb91cffd879c374b13fe5dd8e44ed6733852c88?s=96&d=mm&r=g\",\"caption\":\"Alejandro Gabriel Rosito\"},\"url\":\"https:\\\/\\\/autofans.com.ar\\\/index.php\\\/author\\\/gabrielr\\\/\"}]}<\/script>\n<!-- \/ Yoast SEO plugin. -->","yoast_head_json":{"title":"Nissan presenta su primer spot de la X-Trail e-POWER -","description":"Nissan presenta su primer spot de la innovadora Nissan X-Trail e-POWER, filmado en los impresionantes paisajes de Mendoza, Argentina...","robots":{"index":"index","follow":"follow","max-snippet":"max-snippet:-1","max-image-preview":"max-image-preview:large","max-video-preview":"max-video-preview:-1"},"canonical":"https:\/\/autofans.com.ar\/index.php\/2023\/08\/24\/nissan-presenta-su-primer-spot-de-la-x-trail-e-power\/","og_locale":"es_ES","og_type":"article","og_title":"Nissan presenta su primer spot de la X-Trail e-POWER -","og_description":"Nissan presenta su primer spot de la innovadora Nissan X-Trail e-POWER, filmado en los impresionantes paisajes de Mendoza, Argentina...","og_url":"https:\/\/autofans.com.ar\/index.php\/2023\/08\/24\/nissan-presenta-su-primer-spot-de-la-x-trail-e-power\/","article_published_time":"2023-08-24T21:27:20+00:00","og_image":[{"width":1000,"height":667,"url":"https:\/\/autofans.com.ar\/wp-content\/uploads\/2023\/08\/foto-1-34.jpg","type":"image\/jpeg"}],"author":"Alejandro Gabriel Rosito","twitter_card":"summary_large_image","twitter_misc":{"Escrito por":"Alejandro Gabriel Rosito","Tiempo de lectura":"3 minutos"},"schema":{"@context":"https:\/\/schema.org","@graph":[{"@type":"Article","@id":"https:\/\/autofans.com.ar\/index.php\/2023\/08\/24\/nissan-presenta-su-primer-spot-de-la-x-trail-e-power\/#article","isPartOf":{"@id":"https:\/\/autofans.com.ar\/index.php\/2023\/08\/24\/nissan-presenta-su-primer-spot-de-la-x-trail-e-power\/"},"author":{"name":"Alejandro Gabriel Rosito","@id":"https:\/\/autofans.com.ar\/#\/schema\/person\/4a8dda0b6df83ac3d6723e921274c2aa"},"headline":"Nissan presenta su primer spot de la X-Trail e-POWER","datePublished":"2023-08-24T21:27:20+00:00","mainEntityOfPage":{"@id":"https:\/\/autofans.com.ar\/index.php\/2023\/08\/24\/nissan-presenta-su-primer-spot-de-la-x-trail-e-power\/"},"wordCount":444,"image":{"@id":"https:\/\/autofans.com.ar\/index.php\/2023\/08\/24\/nissan-presenta-su-primer-spot-de-la-x-trail-e-power\/#primaryimage"},"thumbnailUrl":"https:\/\/autofans.com.ar\/wp-content\/uploads\/2023\/08\/foto-1-34.jpg","keywords":["Autonom\u00edaEnCarretera","ComercialNissan","Electrificaci\u00f3nAutomotriz","ExperienciaDeManejo","Innovaci\u00f3nAutomotriz","MovilidadSostenible","NissanXTrailEPower","tecnologiaelectrica"],"articleSection":["HIBRIDOS, ELECTRICOS y otros","NOTICIAS"],"inLanguage":"es"},{"@type":"WebPage","@id":"https:\/\/autofans.com.ar\/index.php\/2023\/08\/24\/nissan-presenta-su-primer-spot-de-la-x-trail-e-power\/","url":"https:\/\/autofans.com.ar\/index.php\/2023\/08\/24\/nissan-presenta-su-primer-spot-de-la-x-trail-e-power\/","name":"Nissan presenta su primer spot de la X-Trail e-POWER -","isPartOf":{"@id":"https:\/\/autofans.com.ar\/#website"},"primaryImageOfPage":{"@id":"https:\/\/autofans.com.ar\/index.php\/2023\/08\/24\/nissan-presenta-su-primer-spot-de-la-x-trail-e-power\/#primaryimage"},"image":{"@id":"https:\/\/autofans.com.ar\/index.php\/2023\/08\/24\/nissan-presenta-su-primer-spot-de-la-x-trail-e-power\/#primaryimage"},"thumbnailUrl":"https:\/\/autofans.com.ar\/wp-content\/uploads\/2023\/08\/foto-1-34.jpg","datePublished":"2023-08-24T21:27:20+00:00","author":{"@id":"https:\/\/autofans.com.ar\/#\/schema\/person\/4a8dda0b6df83ac3d6723e921274c2aa"},"description":"Nissan presenta su primer spot de la innovadora Nissan X-Trail e-POWER, filmado en los impresionantes paisajes de Mendoza, Argentina...","breadcrumb":{"@id":"https:\/\/autofans.com.ar\/index.php\/2023\/08\/24\/nissan-presenta-su-primer-spot-de-la-x-trail-e-power\/#breadcrumb"},"inLanguage":"es","potentialAction":[{"@type":"ReadAction","target":["https:\/\/autofans.com.ar\/index.php\/2023\/08\/24\/nissan-presenta-su-primer-spot-de-la-x-trail-e-power\/"]}]},{"@type":"ImageObject","inLanguage":"es","@id":"https:\/\/autofans.com.ar\/index.php\/2023\/08\/24\/nissan-presenta-su-primer-spot-de-la-x-trail-e-power\/#primaryimage","url":"https:\/\/autofans.com.ar\/wp-content\/uploads\/2023\/08\/foto-1-34.jpg","contentUrl":"https:\/\/autofans.com.ar\/wp-content\/uploads\/2023\/08\/foto-1-34.jpg","width":1000,"height":667,"caption":"X-Trail e-POWER"},{"@type":"BreadcrumbList","@id":"https:\/\/autofans.com.ar\/index.php\/2023\/08\/24\/nissan-presenta-su-primer-spot-de-la-x-trail-e-power\/#breadcrumb","itemListElement":[{"@type":"ListItem","position":1,"name":"Inicio","item":"https:\/\/autofans.com.ar\/"},{"@type":"ListItem","position":2,"name":"Nissan presenta su primer spot de la X-Trail e-POWER"}]},{"@type":"WebSite","@id":"https:\/\/autofans.com.ar\/#website","url":"https:\/\/autofans.com.ar\/","name":"","description":"El multimedio referente de la industria automotriz","potentialAction":[{"@type":"SearchAction","target":{"@type":"EntryPoint","urlTemplate":"https:\/\/autofans.com.ar\/?s={search_term_string}"},"query-input":{"@type":"PropertyValueSpecification","valueRequired":true,"valueName":"search_term_string"}}],"inLanguage":"es"},{"@type":"Person","@id":"https:\/\/autofans.com.ar\/#\/schema\/person\/4a8dda0b6df83ac3d6723e921274c2aa","name":"Alejandro Gabriel Rosito","image":{"@type":"ImageObject","inLanguage":"es","@id":"https:\/\/secure.gravatar.com\/avatar\/16c5dda1489adfc62618084dcbb91cffd879c374b13fe5dd8e44ed6733852c88?s=96&d=mm&r=g","url":"https:\/\/secure.gravatar.com\/avatar\/16c5dda1489adfc62618084dcbb91cffd879c374b13fe5dd8e44ed6733852c88?s=96&d=mm&r=g","contentUrl":"https:\/\/secure.gravatar.com\/avatar\/16c5dda1489adfc62618084dcbb91cffd879c374b13fe5dd8e44ed6733852c88?s=96&d=mm&r=g","caption":"Alejandro Gabriel Rosito"},"url":"https:\/\/autofans.com.ar\/index.php\/author\/gabrielr\/"}]}},"featured_image_urls":{"full":["https:\/\/autofans.com.ar\/wp-content\/uploads\/2023\/08\/foto-1-34.jpg",1000,667,false],"thumbnail":["https:\/\/autofans.com.ar\/wp-content\/uploads\/2023\/08\/foto-1-34-150x150.jpg",150,150,true],"medium":["https:\/\/autofans.com.ar\/wp-content\/uploads\/2023\/08\/foto-1-34-300x200.jpg",300,200,true],"medium_large":["https:\/\/autofans.com.ar\/wp-content\/uploads\/2023\/08\/foto-1-34-768x512.jpg",640,427,true],"large":["https:\/\/autofans.com.ar\/wp-content\/uploads\/2023\/08\/foto-1-34.jpg",640,427,false],"1536x1536":["https:\/\/autofans.com.ar\/wp-content\/uploads\/2023\/08\/foto-1-34.jpg",1000,667,false],"2048x2048":["https:\/\/autofans.com.ar\/wp-content\/uploads\/2023\/08\/foto-1-34.jpg",1000,667,false],"covernews-featured":["https:\/\/autofans.com.ar\/wp-content\/uploads\/2023\/08\/foto-1-34.jpg",1000,667,false],"covernews-medium":["https:\/\/autofans.com.ar\/wp-content\/uploads\/2023\/08\/foto-1-34-540x340.jpg",540,340,true]},"author_info":{"display_name":"Alejandro Gabriel Rosito","author_link":"https:\/\/autofans.com.ar\/index.php\/author\/gabrielr\/"},"category_info":"<a href=\"https:\/\/autofans.com.ar\/index.php\/category\/noticias\/hibridos-y-electricos\/\" rel=\"category tag\">HIBRIDOS, ELECTRICOS y otros<\/a> <a href=\"https:\/\/autofans.com.ar\/index.php\/category\/noticias\/\" rel=\"category tag\">NOTICIAS<\/a>","tag_info":"NOTICIAS","comment_count":0,"_links":{"self":[{"href":"https:\/\/autofans.com.ar\/index.php\/wp-json\/wp\/v2\/posts\/4701","targetHints":{"allow":["GET"]}}],"collection":[{"href":"https:\/\/autofans.com.ar\/index.php\/wp-json\/wp\/v2\/posts"}],"about":[{"href":"https:\/\/autofans.com.ar\/index.php\/wp-json\/wp\/v2\/types\/post"}],"author":[{"embeddable":true,"href":"https:\/\/autofans.com.ar\/index.php\/wp-json\/wp\/v2\/users\/2"}],"replies":[{"embeddable":true,"href":"https:\/\/autofans.com.ar\/index.php\/wp-json\/wp\/v2\/comments?post=4701"}],"version-history":[{"count":3,"href":"https:\/\/autofans.com.ar\/index.php\/wp-json\/wp\/v2\/posts\/4701\/revisions"}],"predecessor-version":[{"id":4708,"href":"https:\/\/autofans.com.ar\/index.php\/wp-json\/wp\/v2\/posts\/4701\/revisions\/4708"}],"wp:featuredmedia":[{"embeddable":true,"href":"https:\/\/autofans.com.ar\/index.php\/wp-json\/wp\/v2\/media\/4705"}],"wp:attachment":[{"href":"https:\/\/autofans.com.ar\/index.php\/wp-json\/wp\/v2\/media?parent=4701"}],"wp:term":[{"taxonomy":"category","embeddable":true,"href":"https:\/\/autofans.com.ar\/index.php\/wp-json\/wp\/v2\/categories?post=4701"},{"taxonomy":"post_tag","embeddable":true,"href":"https:\/\/autofans.com.ar\/index.php\/wp-json\/wp\/v2\/tags?post=4701"}],"curies":[{"name":"wp","href":"https:\/\/api.w.org\/{rel}","templated":true}]}}