{"id":4709,"date":"2023-08-24T21:21:22","date_gmt":"2023-08-25T00:21:22","guid":{"rendered":"https:\/\/autofans.com.ar\/?p=4709"},"modified":"2023-08-24T21:21:22","modified_gmt":"2023-08-25T00:21:22","slug":"motogp-ducati-brilla-en-austria-con-pecco-bagnaia","status":"publish","type":"post","link":"https:\/\/autofans.com.ar\/index.php\/2023\/08\/24\/motogp-ducati-brilla-en-austria-con-pecco-bagnaia\/","title":{"rendered":"MotoGP &#8211;  Ducati Brilla en Austria con \u00abPecco\u00bb Bagnaia"},"content":{"rendered":"<p>El italiano \u00abPecco\u00bb Bagnaia del Lenovo Ducati Team deja su huella en el Gran Premio de Austria 2023 (#AustrianGP) al lograr su quinto triunfo de la temporada, consolidando su liderazgo en MotoGP. Bagnaia no solo se alz\u00f3 con la victoria en la carrera principal, sino que tambi\u00e9n domin\u00f3 la Sprint Race, completando as\u00ed su cuarto \u00abGran Slam\u00bb en su historial. Con esta destacada actuaci\u00f3n, Bagnaia suma un total de diez victorias, incluyendo las Sprint Races. Ducati tambi\u00e9n dej\u00f3 su marca con seis de sus pilotos dentro del Top 10 en la clasificaci\u00f3n final.<\/p>\n<p>&nbsp;<\/p>\n<h2>Ducati arrasa en Austria<\/h2>\n<p>El piloto Campe\u00f3n del Mundo, \u00abPecco\u00bb Bagnaia, demostr\u00f3 su destreza al liderar desde la Pole Position, manteniendo su posici\u00f3n durante los 28 giros de la carrera y cruzando la l\u00ednea de meta con una ventaja de m\u00e1s de 5 segundos. Su victoria lo posiciona con 62 puntos por delante de su competidor m\u00e1s cercano, Jorge Mart\u00edn de Prima Pramac Racing.<\/p>\n<p>&nbsp;<\/p>\n<div id='gallery-1' class='gallery galleryid-4709 gallery-columns-3 gallery-size-full'><figure class='gallery-item'>\n\t\t\t<div class='gallery-icon landscape'>\n\t\t\t\t<a href='https:\/\/autofans.com.ar\/index.php\/2023\/08\/24\/motogp-ducati-brilla-en-austria-con-pecco-bagnaia\/marquez-2\/'><img loading=\"lazy\" width=\"1000\" height=\"667\" src=\"https:\/\/autofans.com.ar\/wp-content\/uploads\/2023\/08\/marquez-1.jpg\" class=\"attachment-full size-full\" alt=\"ducati\" aria-describedby=\"gallery-1-4713\" srcset=\"https:\/\/autofans.com.ar\/wp-content\/uploads\/2023\/08\/marquez-1.jpg 1000w, https:\/\/autofans.com.ar\/wp-content\/uploads\/2023\/08\/marquez-1-300x200.jpg 300w, https:\/\/autofans.com.ar\/wp-content\/uploads\/2023\/08\/marquez-1-768x512.jpg 768w\" sizes=\"auto, (max-width: 1000px) 100vw, 1000px\" loading=\"lazy\" decoding=\"async\" \/><\/a>\n\t\t\t<\/div>\n\t\t\t\t<figcaption class='wp-caption-text gallery-caption' id='gallery-1-4713'>\n\t\t\t\tMarquez\n\t\t\t\t<\/figcaption><\/figure><figure class='gallery-item'>\n\t\t\t<div class='gallery-icon landscape'>\n\t\t\t\t<a href='https:\/\/autofans.com.ar\/index.php\/2023\/08\/24\/motogp-ducati-brilla-en-austria-con-pecco-bagnaia\/bezzecchi-2\/'><img loading=\"lazy\" width=\"1000\" height=\"667\" src=\"https:\/\/autofans.com.ar\/wp-content\/uploads\/2023\/08\/bezzecchi.jpg\" class=\"attachment-full size-full\" alt=\"ducati\" aria-describedby=\"gallery-1-4712\" srcset=\"https:\/\/autofans.com.ar\/wp-content\/uploads\/2023\/08\/bezzecchi.jpg 1000w, https:\/\/autofans.com.ar\/wp-content\/uploads\/2023\/08\/bezzecchi-300x200.jpg 300w, https:\/\/autofans.com.ar\/wp-content\/uploads\/2023\/08\/bezzecchi-768x512.jpg 768w\" sizes=\"auto, (max-width: 1000px) 100vw, 1000px\" loading=\"lazy\" decoding=\"async\" \/><\/a>\n\t\t\t<\/div>\n\t\t\t\t<figcaption class='wp-caption-text gallery-caption' id='gallery-1-4712'>\n\t\t\t\tBezzecchi\n\t\t\t\t<\/figcaption><\/figure><figure class='gallery-item'>\n\t\t\t<div class='gallery-icon landscape'>\n\t\t\t\t<a href='https:\/\/autofans.com.ar\/index.php\/2023\/08\/24\/motogp-ducati-brilla-en-austria-con-pecco-bagnaia\/bagnaia-5\/'><img loading=\"lazy\" width=\"1000\" height=\"667\" src=\"https:\/\/autofans.com.ar\/wp-content\/uploads\/2023\/08\/bagnaia-2.jpg\" class=\"attachment-full size-full\" alt=\"ducati\" aria-describedby=\"gallery-1-4710\" srcset=\"https:\/\/autofans.com.ar\/wp-content\/uploads\/2023\/08\/bagnaia-2.jpg 1000w, https:\/\/autofans.com.ar\/wp-content\/uploads\/2023\/08\/bagnaia-2-300x200.jpg 300w, https:\/\/autofans.com.ar\/wp-content\/uploads\/2023\/08\/bagnaia-2-768x512.jpg 768w\" sizes=\"auto, (max-width: 1000px) 100vw, 1000px\" loading=\"lazy\" decoding=\"async\" \/><\/a>\n\t\t\t<\/div>\n\t\t\t\t<figcaption class='wp-caption-text gallery-caption' id='gallery-1-4710'>\n\t\t\t\tBagnaia\n\t\t\t\t<\/figcaption><\/figure>\n\t\t<\/div>\n\n<p>&nbsp;<\/p>\n<p>&nbsp;<\/p>\n<p>Adem\u00e1s, Ducati celebr\u00f3 con otras ubicaciones destacadas, incluyendo el tercer, cuarto y quinto lugar con Marco Bezzecchi, Luca Marini (ambos del Mooney VR46 Racing Team) y Alex M\u00e1rquez (Gresini Racing), respectivamente. Este \u00e9xito subraya la dominaci\u00f3n de Ducati en la categor\u00eda m\u00e1s importante de MotoGP.<\/p>\n<p>&nbsp;<\/p>\n<h2>Cuatro \u00abGran Slam\u00bb en MotoGP<\/h2>\n<p>La pista del <a href=\"https:\/\/autofans.com.ar\/index.php\/2023\/08\/23\/ducati-establece-nuevo-record-en-red-bull-ring\/\" target=\"_blank\" rel=\"noopener\">Red Bull Ring<\/a> vio c\u00f3mo Bagnaia se llev\u00f3 la pole, la victoria, el giro m\u00e1s r\u00e1pido y el liderazgo en todas las vueltas, demostrando su maestr\u00eda en este circuito. Con este logro, el piloto italiano suma a su historial un total de cuatro \u00abGran Slam\u00bb. Esto lo coloca en una posici\u00f3n destacada en la historia de MotoGP. Ducati tambi\u00e9n continu\u00f3 su racha, con la victoria n\u00famero 78 de la marca en la clase mayor y la quincuag\u00e9sima vez consecutiva que una DesmosediciGP arranca desde la primera fila.<\/p>\n<p>En el contexto de la carrera, Ducati tuvo un dominio palpable, con varios de sus pilotos dejando su marca en el evento. La presencia de seis pilotos de Ducati en el Top 10 resalta la potencia y el rendimiento de la marca en la pista. Jorge Mart\u00edn de Prima Pramac Racing cerr\u00f3 en s\u00e9ptimo lugar. Mientras que Enea Bastianini asegur\u00f3 el d\u00e9cimo puesto, consolidando la posici\u00f3n de Ducati en la \u00e9lite de MotoGP.<\/p>\n<p>Este emocionante triunfo de Ducati y \u00abPecco\u00bb Bagnaia en el #AustrianGP demuestra su dominio en el mundo de las carreras de motos, consolidando su posici\u00f3n como l\u00edderes indiscutibles en la pista. La marca sigue dejando su sello en la historia de MotoGP y promete emociones a\u00fan mayores en las pr\u00f3ximas carreras.<\/p>\n<p>&nbsp;<\/p>\n<p>&nbsp;<\/p>\n<p><i>Para enterarte de m\u00e1s novedades, no dejes de leer\u00a0<\/i><a href=\"https:\/\/autofans.thebrandsoup.com\/\"><i>nuestras notas<\/i><\/a><i>, de ver<\/i><b><i>\u00a0<\/i><\/b><a href=\"https:\/\/www.youtube.com\/channel\/UCgAC8UGHZYbT6P7PpmVnP7g\"><b><i>AUTOFANS TV<\/i><\/b><\/a><b><i>\u00a0<\/i><\/b><i>en nuestro\u00a0canal de Youtube. Adem\u00e1s seguinos en\u00a0<\/i><a href=\"https:\/\/www.instagram.com\/autofanstv\/\"><i>INSTAGRAM<\/i><\/a><i> y <\/i><a href=\"https:\/\/www.facebook.com\/autofansmas\/\"><i>FACEBOOK<\/i><\/a><i> para no perderte nada sobre las novedades del segmento automotor de Argentina y el mundo.<\/i><\/p>\n<p><i><span class=\"Apple-converted-space\">\u00a0<\/span><\/i><\/p>\n","protected":false},"excerpt":{"rendered":"<p>El italiano \u00abPecco\u00bb Bagnaia del Lenovo Ducati Team deja su huella en el Gran Premio&#8230;<\/p>\n","protected":false},"author":2,"featured_media":4711,"comment_status":"closed","ping_status":"closed","sticky":false,"template":"","format":"standard","meta":{"footnotes":""},"categories":[127,16],"tags":[2330,2333,219,2331,2335,2332,342,971,2312,685,1255,2334,229],"class_list":["post-4709","post","type-post","status-publish","format-standard","has-post-thumbnail","hentry","category-deporte","category-noticias","tag-austriangp","tag-dominio","tag-ducati","tag-gran-slam","tag-historia-de-motogp","tag-liderazgo","tag-motogp","tag-pecco-bagnaia","tag-red-bull-ring","tag-rendimiento","tag-sprint-race","tag-top-10","tag-victoria"],"yoast_head":"<!-- This site is optimized with the Yoast SEO plugin v27.5 - https:\/\/yoast.com\/product\/yoast-seo-wordpress\/ -->\n<title>MotoGP - Ducati Brilla en Austria con &quot;Pecco&quot; Bagnaia -<\/title>\n<meta name=\"description\" content=\"MotoGP, el italiano &quot;Pecco&quot; Bagnaia del Lenovo Ducati Team deja su huella en el Gran Premio de Austria 2023 al lograr su quinto triunfo...\" \/>\n<meta name=\"robots\" content=\"index, follow, max-snippet:-1, max-image-preview:large, max-video-preview:-1\" \/>\n<link rel=\"canonical\" href=\"https:\/\/autofans.com.ar\/index.php\/2023\/08\/24\/motogp-ducati-brilla-en-austria-con-pecco-bagnaia\/\" \/>\n<meta property=\"og:locale\" content=\"es_ES\" \/>\n<meta property=\"og:type\" content=\"article\" \/>\n<meta property=\"og:title\" content=\"MotoGP - Ducati Brilla en Austria con &quot;Pecco&quot; Bagnaia -\" \/>\n<meta property=\"og:description\" content=\"MotoGP, el italiano &quot;Pecco&quot; Bagnaia del Lenovo Ducati Team deja su huella en el Gran Premio de Austria 2023 al lograr su quinto triunfo...\" \/>\n<meta property=\"og:url\" content=\"https:\/\/autofans.com.ar\/index.php\/2023\/08\/24\/motogp-ducati-brilla-en-austria-con-pecco-bagnaia\/\" \/>\n<meta property=\"article:published_time\" content=\"2023-08-25T00:21:22+00:00\" \/>\n<meta property=\"og:image\" content=\"https:\/\/autofans.com.ar\/wp-content\/uploads\/2023\/08\/foto-1-35.jpg\" \/>\n\t<meta property=\"og:image:width\" content=\"1000\" \/>\n\t<meta property=\"og:image:height\" content=\"667\" \/>\n\t<meta property=\"og:image:type\" content=\"image\/jpeg\" \/>\n<meta name=\"author\" content=\"Alejandro Gabriel Rosito\" \/>\n<meta name=\"twitter:card\" content=\"summary_large_image\" \/>\n<meta name=\"twitter:label1\" content=\"Escrito por\" \/>\n\t<meta name=\"twitter:data1\" content=\"Alejandro Gabriel Rosito\" \/>\n\t<meta name=\"twitter:label2\" content=\"Tiempo de lectura\" \/>\n\t<meta name=\"twitter:data2\" content=\"3 minutos\" \/>\n<script type=\"application\/ld+json\" class=\"yoast-schema-graph\">{\"@context\":\"https:\\\/\\\/schema.org\",\"@graph\":[{\"@type\":\"Article\",\"@id\":\"https:\\\/\\\/autofans.com.ar\\\/index.php\\\/2023\\\/08\\\/24\\\/motogp-ducati-brilla-en-austria-con-pecco-bagnaia\\\/#article\",\"isPartOf\":{\"@id\":\"https:\\\/\\\/autofans.com.ar\\\/index.php\\\/2023\\\/08\\\/24\\\/motogp-ducati-brilla-en-austria-con-pecco-bagnaia\\\/\"},\"author\":{\"name\":\"Alejandro Gabriel Rosito\",\"@id\":\"https:\\\/\\\/autofans.com.ar\\\/#\\\/schema\\\/person\\\/4a8dda0b6df83ac3d6723e921274c2aa\"},\"headline\":\"MotoGP &#8211; Ducati Brilla en Austria con \u00abPecco\u00bb Bagnaia\",\"datePublished\":\"2023-08-25T00:21:22+00:00\",\"mainEntityOfPage\":{\"@id\":\"https:\\\/\\\/autofans.com.ar\\\/index.php\\\/2023\\\/08\\\/24\\\/motogp-ducati-brilla-en-austria-con-pecco-bagnaia\\\/\"},\"wordCount\":508,\"image\":{\"@id\":\"https:\\\/\\\/autofans.com.ar\\\/index.php\\\/2023\\\/08\\\/24\\\/motogp-ducati-brilla-en-austria-con-pecco-bagnaia\\\/#primaryimage\"},\"thumbnailUrl\":\"https:\\\/\\\/autofans.com.ar\\\/wp-content\\\/uploads\\\/2023\\\/08\\\/foto-1-35.jpg\",\"keywords\":[\"AustrianGP\",\"dominio\",\"Ducati\",\"Gran Slam\",\"historia de MotoGP\",\"liderazgo\",\"MotoGP\",\"Pecco Bagnaia\",\"Red Bull Ring\",\"rendimiento\",\"Sprint Race\",\"Top 10\",\"victoria\"],\"articleSection\":[\"DEPORTE MOTOR\",\"NOTICIAS\"],\"inLanguage\":\"es\"},{\"@type\":\"WebPage\",\"@id\":\"https:\\\/\\\/autofans.com.ar\\\/index.php\\\/2023\\\/08\\\/24\\\/motogp-ducati-brilla-en-austria-con-pecco-bagnaia\\\/\",\"url\":\"https:\\\/\\\/autofans.com.ar\\\/index.php\\\/2023\\\/08\\\/24\\\/motogp-ducati-brilla-en-austria-con-pecco-bagnaia\\\/\",\"name\":\"MotoGP - Ducati Brilla en Austria con \\\"Pecco\\\" Bagnaia -\",\"isPartOf\":{\"@id\":\"https:\\\/\\\/autofans.com.ar\\\/#website\"},\"primaryImageOfPage\":{\"@id\":\"https:\\\/\\\/autofans.com.ar\\\/index.php\\\/2023\\\/08\\\/24\\\/motogp-ducati-brilla-en-austria-con-pecco-bagnaia\\\/#primaryimage\"},\"image\":{\"@id\":\"https:\\\/\\\/autofans.com.ar\\\/index.php\\\/2023\\\/08\\\/24\\\/motogp-ducati-brilla-en-austria-con-pecco-bagnaia\\\/#primaryimage\"},\"thumbnailUrl\":\"https:\\\/\\\/autofans.com.ar\\\/wp-content\\\/uploads\\\/2023\\\/08\\\/foto-1-35.jpg\",\"datePublished\":\"2023-08-25T00:21:22+00:00\",\"author\":{\"@id\":\"https:\\\/\\\/autofans.com.ar\\\/#\\\/schema\\\/person\\\/4a8dda0b6df83ac3d6723e921274c2aa\"},\"description\":\"MotoGP, el italiano \\\"Pecco\\\" Bagnaia del Lenovo Ducati Team deja su huella en el Gran Premio de Austria 2023 al lograr su quinto triunfo...\",\"breadcrumb\":{\"@id\":\"https:\\\/\\\/autofans.com.ar\\\/index.php\\\/2023\\\/08\\\/24\\\/motogp-ducati-brilla-en-austria-con-pecco-bagnaia\\\/#breadcrumb\"},\"inLanguage\":\"es\",\"potentialAction\":[{\"@type\":\"ReadAction\",\"target\":[\"https:\\\/\\\/autofans.com.ar\\\/index.php\\\/2023\\\/08\\\/24\\\/motogp-ducati-brilla-en-austria-con-pecco-bagnaia\\\/\"]}]},{\"@type\":\"ImageObject\",\"inLanguage\":\"es\",\"@id\":\"https:\\\/\\\/autofans.com.ar\\\/index.php\\\/2023\\\/08\\\/24\\\/motogp-ducati-brilla-en-austria-con-pecco-bagnaia\\\/#primaryimage\",\"url\":\"https:\\\/\\\/autofans.com.ar\\\/wp-content\\\/uploads\\\/2023\\\/08\\\/foto-1-35.jpg\",\"contentUrl\":\"https:\\\/\\\/autofans.com.ar\\\/wp-content\\\/uploads\\\/2023\\\/08\\\/foto-1-35.jpg\",\"width\":1000,\"height\":667,\"caption\":\"ducati\"},{\"@type\":\"BreadcrumbList\",\"@id\":\"https:\\\/\\\/autofans.com.ar\\\/index.php\\\/2023\\\/08\\\/24\\\/motogp-ducati-brilla-en-austria-con-pecco-bagnaia\\\/#breadcrumb\",\"itemListElement\":[{\"@type\":\"ListItem\",\"position\":1,\"name\":\"Inicio\",\"item\":\"https:\\\/\\\/autofans.com.ar\\\/\"},{\"@type\":\"ListItem\",\"position\":2,\"name\":\"MotoGP &#8211; Ducati Brilla en Austria con \u00abPecco\u00bb Bagnaia\"}]},{\"@type\":\"WebSite\",\"@id\":\"https:\\\/\\\/autofans.com.ar\\\/#website\",\"url\":\"https:\\\/\\\/autofans.com.ar\\\/\",\"name\":\"\",\"description\":\"El multimedio referente de la industria automotriz\",\"potentialAction\":[{\"@type\":\"SearchAction\",\"target\":{\"@type\":\"EntryPoint\",\"urlTemplate\":\"https:\\\/\\\/autofans.com.ar\\\/?s={search_term_string}\"},\"query-input\":{\"@type\":\"PropertyValueSpecification\",\"valueRequired\":true,\"valueName\":\"search_term_string\"}}],\"inLanguage\":\"es\"},{\"@type\":\"Person\",\"@id\":\"https:\\\/\\\/autofans.com.ar\\\/#\\\/schema\\\/person\\\/4a8dda0b6df83ac3d6723e921274c2aa\",\"name\":\"Alejandro Gabriel Rosito\",\"image\":{\"@type\":\"ImageObject\",\"inLanguage\":\"es\",\"@id\":\"https:\\\/\\\/secure.gravatar.com\\\/avatar\\\/16c5dda1489adfc62618084dcbb91cffd879c374b13fe5dd8e44ed6733852c88?s=96&d=mm&r=g\",\"url\":\"https:\\\/\\\/secure.gravatar.com\\\/avatar\\\/16c5dda1489adfc62618084dcbb91cffd879c374b13fe5dd8e44ed6733852c88?s=96&d=mm&r=g\",\"contentUrl\":\"https:\\\/\\\/secure.gravatar.com\\\/avatar\\\/16c5dda1489adfc62618084dcbb91cffd879c374b13fe5dd8e44ed6733852c88?s=96&d=mm&r=g\",\"caption\":\"Alejandro Gabriel Rosito\"},\"url\":\"https:\\\/\\\/autofans.com.ar\\\/index.php\\\/author\\\/gabrielr\\\/\"}]}<\/script>\n<!-- \/ Yoast SEO plugin. -->","yoast_head_json":{"title":"MotoGP - Ducati Brilla en Austria con \"Pecco\" Bagnaia -","description":"MotoGP, el italiano \"Pecco\" Bagnaia del Lenovo Ducati Team deja su huella en el Gran Premio de Austria 2023 al lograr su quinto triunfo...","robots":{"index":"index","follow":"follow","max-snippet":"max-snippet:-1","max-image-preview":"max-image-preview:large","max-video-preview":"max-video-preview:-1"},"canonical":"https:\/\/autofans.com.ar\/index.php\/2023\/08\/24\/motogp-ducati-brilla-en-austria-con-pecco-bagnaia\/","og_locale":"es_ES","og_type":"article","og_title":"MotoGP - Ducati Brilla en Austria con \"Pecco\" Bagnaia -","og_description":"MotoGP, el italiano \"Pecco\" Bagnaia del Lenovo Ducati Team deja su huella en el Gran Premio de Austria 2023 al lograr su quinto triunfo...","og_url":"https:\/\/autofans.com.ar\/index.php\/2023\/08\/24\/motogp-ducati-brilla-en-austria-con-pecco-bagnaia\/","article_published_time":"2023-08-25T00:21:22+00:00","og_image":[{"width":1000,"height":667,"url":"https:\/\/autofans.com.ar\/wp-content\/uploads\/2023\/08\/foto-1-35.jpg","type":"image\/jpeg"}],"author":"Alejandro Gabriel Rosito","twitter_card":"summary_large_image","twitter_misc":{"Escrito por":"Alejandro Gabriel Rosito","Tiempo de lectura":"3 minutos"},"schema":{"@context":"https:\/\/schema.org","@graph":[{"@type":"Article","@id":"https:\/\/autofans.com.ar\/index.php\/2023\/08\/24\/motogp-ducati-brilla-en-austria-con-pecco-bagnaia\/#article","isPartOf":{"@id":"https:\/\/autofans.com.ar\/index.php\/2023\/08\/24\/motogp-ducati-brilla-en-austria-con-pecco-bagnaia\/"},"author":{"name":"Alejandro Gabriel Rosito","@id":"https:\/\/autofans.com.ar\/#\/schema\/person\/4a8dda0b6df83ac3d6723e921274c2aa"},"headline":"MotoGP &#8211; Ducati Brilla en Austria con \u00abPecco\u00bb Bagnaia","datePublished":"2023-08-25T00:21:22+00:00","mainEntityOfPage":{"@id":"https:\/\/autofans.com.ar\/index.php\/2023\/08\/24\/motogp-ducati-brilla-en-austria-con-pecco-bagnaia\/"},"wordCount":508,"image":{"@id":"https:\/\/autofans.com.ar\/index.php\/2023\/08\/24\/motogp-ducati-brilla-en-austria-con-pecco-bagnaia\/#primaryimage"},"thumbnailUrl":"https:\/\/autofans.com.ar\/wp-content\/uploads\/2023\/08\/foto-1-35.jpg","keywords":["AustrianGP","dominio","Ducati","Gran Slam","historia de MotoGP","liderazgo","MotoGP","Pecco Bagnaia","Red Bull Ring","rendimiento","Sprint Race","Top 10","victoria"],"articleSection":["DEPORTE MOTOR","NOTICIAS"],"inLanguage":"es"},{"@type":"WebPage","@id":"https:\/\/autofans.com.ar\/index.php\/2023\/08\/24\/motogp-ducati-brilla-en-austria-con-pecco-bagnaia\/","url":"https:\/\/autofans.com.ar\/index.php\/2023\/08\/24\/motogp-ducati-brilla-en-austria-con-pecco-bagnaia\/","name":"MotoGP - Ducati Brilla en Austria con \"Pecco\" Bagnaia -","isPartOf":{"@id":"https:\/\/autofans.com.ar\/#website"},"primaryImageOfPage":{"@id":"https:\/\/autofans.com.ar\/index.php\/2023\/08\/24\/motogp-ducati-brilla-en-austria-con-pecco-bagnaia\/#primaryimage"},"image":{"@id":"https:\/\/autofans.com.ar\/index.php\/2023\/08\/24\/motogp-ducati-brilla-en-austria-con-pecco-bagnaia\/#primaryimage"},"thumbnailUrl":"https:\/\/autofans.com.ar\/wp-content\/uploads\/2023\/08\/foto-1-35.jpg","datePublished":"2023-08-25T00:21:22+00:00","author":{"@id":"https:\/\/autofans.com.ar\/#\/schema\/person\/4a8dda0b6df83ac3d6723e921274c2aa"},"description":"MotoGP, el italiano \"Pecco\" Bagnaia del Lenovo Ducati Team deja su huella en el Gran Premio de Austria 2023 al lograr su quinto triunfo...","breadcrumb":{"@id":"https:\/\/autofans.com.ar\/index.php\/2023\/08\/24\/motogp-ducati-brilla-en-austria-con-pecco-bagnaia\/#breadcrumb"},"inLanguage":"es","potentialAction":[{"@type":"ReadAction","target":["https:\/\/autofans.com.ar\/index.php\/2023\/08\/24\/motogp-ducati-brilla-en-austria-con-pecco-bagnaia\/"]}]},{"@type":"ImageObject","inLanguage":"es","@id":"https:\/\/autofans.com.ar\/index.php\/2023\/08\/24\/motogp-ducati-brilla-en-austria-con-pecco-bagnaia\/#primaryimage","url":"https:\/\/autofans.com.ar\/wp-content\/uploads\/2023\/08\/foto-1-35.jpg","contentUrl":"https:\/\/autofans.com.ar\/wp-content\/uploads\/2023\/08\/foto-1-35.jpg","width":1000,"height":667,"caption":"ducati"},{"@type":"BreadcrumbList","@id":"https:\/\/autofans.com.ar\/index.php\/2023\/08\/24\/motogp-ducati-brilla-en-austria-con-pecco-bagnaia\/#breadcrumb","itemListElement":[{"@type":"ListItem","position":1,"name":"Inicio","item":"https:\/\/autofans.com.ar\/"},{"@type":"ListItem","position":2,"name":"MotoGP &#8211; Ducati Brilla en Austria con \u00abPecco\u00bb Bagnaia"}]},{"@type":"WebSite","@id":"https:\/\/autofans.com.ar\/#website","url":"https:\/\/autofans.com.ar\/","name":"","description":"El multimedio referente de la industria automotriz","potentialAction":[{"@type":"SearchAction","target":{"@type":"EntryPoint","urlTemplate":"https:\/\/autofans.com.ar\/?s={search_term_string}"},"query-input":{"@type":"PropertyValueSpecification","valueRequired":true,"valueName":"search_term_string"}}],"inLanguage":"es"},{"@type":"Person","@id":"https:\/\/autofans.com.ar\/#\/schema\/person\/4a8dda0b6df83ac3d6723e921274c2aa","name":"Alejandro Gabriel Rosito","image":{"@type":"ImageObject","inLanguage":"es","@id":"https:\/\/secure.gravatar.com\/avatar\/16c5dda1489adfc62618084dcbb91cffd879c374b13fe5dd8e44ed6733852c88?s=96&d=mm&r=g","url":"https:\/\/secure.gravatar.com\/avatar\/16c5dda1489adfc62618084dcbb91cffd879c374b13fe5dd8e44ed6733852c88?s=96&d=mm&r=g","contentUrl":"https:\/\/secure.gravatar.com\/avatar\/16c5dda1489adfc62618084dcbb91cffd879c374b13fe5dd8e44ed6733852c88?s=96&d=mm&r=g","caption":"Alejandro Gabriel Rosito"},"url":"https:\/\/autofans.com.ar\/index.php\/author\/gabrielr\/"}]}},"featured_image_urls":{"full":["https:\/\/autofans.com.ar\/wp-content\/uploads\/2023\/08\/foto-1-35.jpg",1000,667,false],"thumbnail":["https:\/\/autofans.com.ar\/wp-content\/uploads\/2023\/08\/foto-1-35-150x150.jpg",150,150,true],"medium":["https:\/\/autofans.com.ar\/wp-content\/uploads\/2023\/08\/foto-1-35-300x200.jpg",300,200,true],"medium_large":["https:\/\/autofans.com.ar\/wp-content\/uploads\/2023\/08\/foto-1-35-768x512.jpg",640,427,true],"large":["https:\/\/autofans.com.ar\/wp-content\/uploads\/2023\/08\/foto-1-35.jpg",640,427,false],"1536x1536":["https:\/\/autofans.com.ar\/wp-content\/uploads\/2023\/08\/foto-1-35.jpg",1000,667,false],"2048x2048":["https:\/\/autofans.com.ar\/wp-content\/uploads\/2023\/08\/foto-1-35.jpg",1000,667,false],"covernews-featured":["https:\/\/autofans.com.ar\/wp-content\/uploads\/2023\/08\/foto-1-35.jpg",1000,667,false],"covernews-medium":["https:\/\/autofans.com.ar\/wp-content\/uploads\/2023\/08\/foto-1-35-540x340.jpg",540,340,true]},"author_info":{"display_name":"Alejandro Gabriel Rosito","author_link":"https:\/\/autofans.com.ar\/index.php\/author\/gabrielr\/"},"category_info":"<a href=\"https:\/\/autofans.com.ar\/index.php\/category\/noticias\/deporte\/\" rel=\"category tag\">DEPORTE MOTOR<\/a> <a href=\"https:\/\/autofans.com.ar\/index.php\/category\/noticias\/\" rel=\"category tag\">NOTICIAS<\/a>","tag_info":"NOTICIAS","comment_count":0,"_links":{"self":[{"href":"https:\/\/autofans.com.ar\/index.php\/wp-json\/wp\/v2\/posts\/4709","targetHints":{"allow":["GET"]}}],"collection":[{"href":"https:\/\/autofans.com.ar\/index.php\/wp-json\/wp\/v2\/posts"}],"about":[{"href":"https:\/\/autofans.com.ar\/index.php\/wp-json\/wp\/v2\/types\/post"}],"author":[{"embeddable":true,"href":"https:\/\/autofans.com.ar\/index.php\/wp-json\/wp\/v2\/users\/2"}],"replies":[{"embeddable":true,"href":"https:\/\/autofans.com.ar\/index.php\/wp-json\/wp\/v2\/comments?post=4709"}],"version-history":[{"count":2,"href":"https:\/\/autofans.com.ar\/index.php\/wp-json\/wp\/v2\/posts\/4709\/revisions"}],"predecessor-version":[{"id":4715,"href":"https:\/\/autofans.com.ar\/index.php\/wp-json\/wp\/v2\/posts\/4709\/revisions\/4715"}],"wp:featuredmedia":[{"embeddable":true,"href":"https:\/\/autofans.com.ar\/index.php\/wp-json\/wp\/v2\/media\/4711"}],"wp:attachment":[{"href":"https:\/\/autofans.com.ar\/index.php\/wp-json\/wp\/v2\/media?parent=4709"}],"wp:term":[{"taxonomy":"category","embeddable":true,"href":"https:\/\/autofans.com.ar\/index.php\/wp-json\/wp\/v2\/categories?post=4709"},{"taxonomy":"post_tag","embeddable":true,"href":"https:\/\/autofans.com.ar\/index.php\/wp-json\/wp\/v2\/tags?post=4709"}],"curies":[{"name":"wp","href":"https:\/\/api.w.org\/{rel}","templated":true}]}}