{"id":4736,"date":"2023-08-26T13:09:43","date_gmt":"2023-08-26T16:09:43","guid":{"rendered":"https:\/\/autofans.com.ar\/?p=4736"},"modified":"2023-08-26T13:09:43","modified_gmt":"2023-08-26T16:09:43","slug":"desafio-ruta-40-ypf-2023-emocion-en-la-recta-final","status":"publish","type":"post","link":"https:\/\/autofans.com.ar\/index.php\/2023\/08\/26\/desafio-ruta-40-ypf-2023-emocion-en-la-recta-final\/","title":{"rendered":"Desaf\u00edo Ruta 40 YPF 2023 emoci\u00f3n en la recta final"},"content":{"rendered":"<p>El Desaf\u00edo Ruta 40 YPF 2023, el emocionante evento de Rally Raid que tomar\u00e1 lugar del 26 de agosto al 1 de septiembre en las pintorescas provincias Argentinas de La Rioja, Catamarca y Salta. Los equipos y pilotos ya han establecido su campamento base en La Rioja, prometiendo un fin de semana lleno de adrenalina y competencia.<\/p>\n<p>&nbsp;<\/p>\n<h2>Desaf\u00edo Ruta 40 YPF &#8211; emoci\u00f3n en La Rioja<\/h2>\n<p>La cuenta regresiva ha comenzado y el rugido de los motores est\u00e1 a punto de llenar el aire en La Rioja. El pintoresco Superdomo de la ciudad se transformar\u00e1 en el epicentro de la acci\u00f3n, la camarader\u00eda y la pasi\u00f3n por el rally raid. Desde el s\u00e1bado, el p\u00fablico podr\u00e1 visitar el bivouac de 12 a 19 horas, disfrutando de la emoci\u00f3n de cerca. El domingo, el Pr\u00f3logo a las 15 horas permitir\u00e1 a los espectadores disfrutar de los primeros kil\u00f3metros de velocidad en las Zonas de Espectadores. Adem\u00e1s, un espect\u00e1culo a\u00e9reo y de freestyle promete emocionar a los asistentes antes de dar paso al momento culminante: el paso de los 115 inscritos, incluyendo los participantes en el W2RC\/OPEN y el Desaf\u00edo Ansenuza.<\/p>\n<p>&nbsp;<\/p>\n<p><img fetchpriority=\"high\" decoding=\"async\" class=\"aligncenter wp-image-4737 size-full\" src=\"https:\/\/autofans.com.ar\/wp-content\/uploads\/2023\/08\/foto-2-37.jpg\" alt=\"Desaf\u00edo Ruta 40\" width=\"1000\" height=\"667\" srcset=\"https:\/\/autofans.com.ar\/wp-content\/uploads\/2023\/08\/foto-2-37.jpg 1000w, https:\/\/autofans.com.ar\/wp-content\/uploads\/2023\/08\/foto-2-37-300x200.jpg 300w, https:\/\/autofans.com.ar\/wp-content\/uploads\/2023\/08\/foto-2-37-768x512.jpg 768w\" sizes=\"(max-width: 1000px) 100vw, 1000px\" \/><\/p>\n<p>&nbsp;<\/p>\n<h2>Con\u00e9ctate al instante<\/h2>\n<p>Pero eso no es todo. La gu\u00eda del rally est\u00e1 disponible en un solo lugar, proporcionando informaci\u00f3n esencial sobre horarios, etapas y bivouacs. Para acceder a esta herramienta crucial, solo tienes que visitar el sitio web oficial de la carrera, <a href=\"http:\/\/www.desafioruta40.ar\/\" target=\"_new\" rel=\"noopener\">www.desafioruta40.ar<\/a>, o la plataforma <a href=\"https:\/\/desafioruta40.ar\/sportity-sp\/\" target=\"_blank\" rel=\"noopener\">Sportity<\/a>.<\/p>\n<p>Y hablando de Sportity, esta aplicaci\u00f3n revolucionaria est\u00e1 lista para hacer su debut en el Desaf\u00edo Ruta 40 YPF. Manteniendo a pilotos, equipos, medios de comunicaci\u00f3n y aficionados conectados, Sportity ofrece cinco canales informativos. \u00bfQuieres conocer los \u00faltimos acontecimientos en tiempo real? Est\u00e1s cubierto con RUTA40FIM, RUTA40FIA, DR40OPENMOTO, DR40OPENAUTO y DR40ANSENUZA.<\/p>\n<p>La emoci\u00f3n est\u00e1 en el aire y la anticipaci\u00f3n es palpable. \u00a1Prep\u00e1rate para <a href=\"https:\/\/autofans.com.ar\/index.php\/2023\/08\/18\/rally-raid-en-argentina-desafio-ruta-40-ypf-vuelve-con-fuerza\/\" target=\"_blank\" rel=\"noopener\">el Desaf\u00edo Ruta 40<\/a> YPF 2023 y no te pierdas ni un segundo de la acci\u00f3n apasionante!<\/p>\n<p>&nbsp;<\/p>\n<p><i>Para enterarte de m\u00e1s novedades, no dejes de leer\u00a0<\/i><a href=\"https:\/\/autofans.thebrandsoup.com\/\"><i>nuestras notas<\/i><\/a><i>, de ver<\/i><b><i>\u00a0<\/i><\/b><a href=\"https:\/\/www.youtube.com\/channel\/UCgAC8UGHZYbT6P7PpmVnP7g\"><b><i>AUTOFANS TV<\/i><\/b><\/a><b><i>\u00a0<\/i><\/b><i>en nuestro\u00a0canal de Youtube. Adem\u00e1s seguinos en\u00a0<\/i><a href=\"https:\/\/www.instagram.com\/autofanstv\/\"><i>INSTAGRAM<\/i><\/a><i> y <\/i><a href=\"https:\/\/www.facebook.com\/autofansmas\/\"><i>FACEBOOK<\/i><\/a><i> para no perderte nada sobre las novedades del segmento automotor de Argentina y el mundo.<\/i><\/p>\n","protected":false},"excerpt":{"rendered":"<p>El Desaf\u00edo Ruta 40 YPF 2023, el emocionante evento de Rally Raid que tomar\u00e1 lugar&#8230;<\/p>\n","protected":false},"author":2,"featured_media":4738,"comment_status":"closed","ping_status":"closed","sticky":false,"template":"","format":"standard","meta":{"footnotes":""},"categories":[127,16],"tags":[2138,2353,2351,2355,2356,2350,2352,2354],"class_list":["post-4736","post","type-post","status-publish","format-standard","has-post-thumbnail","hentry","category-deporte","category-noticias","tag-desafio-ruta-40-ypf","tag-emocion-y-competencia","tag-evento-deportivo","tag-guia-del-rally","tag-prologo-rally-raid","tag-rally-raid-argentina","tag-sportity-app","tag-superdomo-la-rioja"],"yoast_head":"<!-- This site is optimized with the Yoast SEO plugin v27.5 - https:\/\/yoast.com\/product\/yoast-seo-wordpress\/ -->\n<title>Desaf\u00edo Ruta 40 YPF 2023 emoci\u00f3n en la recta final -<\/title>\n<meta name=\"description\" content=\"El Desaf\u00edo Ruta 40 YPF 2023, el evento de Rally Raid que tomar\u00e1 lugar del 26 de agosto al 1 de septiembre en las provincias Argentinas...\" \/>\n<meta name=\"robots\" content=\"index, follow, max-snippet:-1, max-image-preview:large, max-video-preview:-1\" \/>\n<link rel=\"canonical\" href=\"https:\/\/autofans.com.ar\/index.php\/2023\/08\/26\/desafio-ruta-40-ypf-2023-emocion-en-la-recta-final\/\" \/>\n<meta property=\"og:locale\" content=\"es_ES\" \/>\n<meta property=\"og:type\" content=\"article\" \/>\n<meta property=\"og:title\" content=\"Desaf\u00edo Ruta 40 YPF 2023 emoci\u00f3n en la recta final -\" \/>\n<meta property=\"og:description\" content=\"El Desaf\u00edo Ruta 40 YPF 2023, el evento de Rally Raid que tomar\u00e1 lugar del 26 de agosto al 1 de septiembre en las provincias Argentinas...\" \/>\n<meta property=\"og:url\" content=\"https:\/\/autofans.com.ar\/index.php\/2023\/08\/26\/desafio-ruta-40-ypf-2023-emocion-en-la-recta-final\/\" \/>\n<meta property=\"article:published_time\" content=\"2023-08-26T16:09:43+00:00\" \/>\n<meta property=\"og:image\" content=\"https:\/\/autofans.com.ar\/wp-content\/uploads\/2023\/08\/foto-1-38.jpg\" \/>\n\t<meta property=\"og:image:width\" content=\"1000\" \/>\n\t<meta property=\"og:image:height\" content=\"667\" \/>\n\t<meta property=\"og:image:type\" content=\"image\/jpeg\" \/>\n<meta name=\"author\" content=\"Alejandro Gabriel Rosito\" \/>\n<meta name=\"twitter:card\" content=\"summary_large_image\" \/>\n<meta name=\"twitter:label1\" content=\"Escrito por\" \/>\n\t<meta name=\"twitter:data1\" content=\"Alejandro Gabriel Rosito\" \/>\n\t<meta name=\"twitter:label2\" content=\"Tiempo de lectura\" \/>\n\t<meta name=\"twitter:data2\" content=\"2 minutos\" \/>\n<script type=\"application\/ld+json\" class=\"yoast-schema-graph\">{\"@context\":\"https:\\\/\\\/schema.org\",\"@graph\":[{\"@type\":\"Article\",\"@id\":\"https:\\\/\\\/autofans.com.ar\\\/index.php\\\/2023\\\/08\\\/26\\\/desafio-ruta-40-ypf-2023-emocion-en-la-recta-final\\\/#article\",\"isPartOf\":{\"@id\":\"https:\\\/\\\/autofans.com.ar\\\/index.php\\\/2023\\\/08\\\/26\\\/desafio-ruta-40-ypf-2023-emocion-en-la-recta-final\\\/\"},\"author\":{\"name\":\"Alejandro Gabriel Rosito\",\"@id\":\"https:\\\/\\\/autofans.com.ar\\\/#\\\/schema\\\/person\\\/4a8dda0b6df83ac3d6723e921274c2aa\"},\"headline\":\"Desaf\u00edo Ruta 40 YPF 2023 emoci\u00f3n en la recta final\",\"datePublished\":\"2023-08-26T16:09:43+00:00\",\"mainEntityOfPage\":{\"@id\":\"https:\\\/\\\/autofans.com.ar\\\/index.php\\\/2023\\\/08\\\/26\\\/desafio-ruta-40-ypf-2023-emocion-en-la-recta-final\\\/\"},\"wordCount\":399,\"image\":{\"@id\":\"https:\\\/\\\/autofans.com.ar\\\/index.php\\\/2023\\\/08\\\/26\\\/desafio-ruta-40-ypf-2023-emocion-en-la-recta-final\\\/#primaryimage\"},\"thumbnailUrl\":\"https:\\\/\\\/autofans.com.ar\\\/wp-content\\\/uploads\\\/2023\\\/08\\\/foto-1-38.jpg\",\"keywords\":[\"Desaf\u00edo Ruta 40 YPF\",\"Emoci\u00f3n y Competencia\",\"Evento Deportivo\",\"Gu\u00eda del Rally\",\"Pr\u00f3logo Rally Raid\",\"Rally Raid Argentina\",\"Sportity App\",\"Superdomo La Rioja\"],\"articleSection\":[\"DEPORTE MOTOR\",\"NOTICIAS\"],\"inLanguage\":\"es\"},{\"@type\":\"WebPage\",\"@id\":\"https:\\\/\\\/autofans.com.ar\\\/index.php\\\/2023\\\/08\\\/26\\\/desafio-ruta-40-ypf-2023-emocion-en-la-recta-final\\\/\",\"url\":\"https:\\\/\\\/autofans.com.ar\\\/index.php\\\/2023\\\/08\\\/26\\\/desafio-ruta-40-ypf-2023-emocion-en-la-recta-final\\\/\",\"name\":\"Desaf\u00edo Ruta 40 YPF 2023 emoci\u00f3n en la recta final -\",\"isPartOf\":{\"@id\":\"https:\\\/\\\/autofans.com.ar\\\/#website\"},\"primaryImageOfPage\":{\"@id\":\"https:\\\/\\\/autofans.com.ar\\\/index.php\\\/2023\\\/08\\\/26\\\/desafio-ruta-40-ypf-2023-emocion-en-la-recta-final\\\/#primaryimage\"},\"image\":{\"@id\":\"https:\\\/\\\/autofans.com.ar\\\/index.php\\\/2023\\\/08\\\/26\\\/desafio-ruta-40-ypf-2023-emocion-en-la-recta-final\\\/#primaryimage\"},\"thumbnailUrl\":\"https:\\\/\\\/autofans.com.ar\\\/wp-content\\\/uploads\\\/2023\\\/08\\\/foto-1-38.jpg\",\"datePublished\":\"2023-08-26T16:09:43+00:00\",\"author\":{\"@id\":\"https:\\\/\\\/autofans.com.ar\\\/#\\\/schema\\\/person\\\/4a8dda0b6df83ac3d6723e921274c2aa\"},\"description\":\"El Desaf\u00edo Ruta 40 YPF 2023, el evento de Rally Raid que tomar\u00e1 lugar del 26 de agosto al 1 de septiembre en las provincias Argentinas...\",\"breadcrumb\":{\"@id\":\"https:\\\/\\\/autofans.com.ar\\\/index.php\\\/2023\\\/08\\\/26\\\/desafio-ruta-40-ypf-2023-emocion-en-la-recta-final\\\/#breadcrumb\"},\"inLanguage\":\"es\",\"potentialAction\":[{\"@type\":\"ReadAction\",\"target\":[\"https:\\\/\\\/autofans.com.ar\\\/index.php\\\/2023\\\/08\\\/26\\\/desafio-ruta-40-ypf-2023-emocion-en-la-recta-final\\\/\"]}]},{\"@type\":\"ImageObject\",\"inLanguage\":\"es\",\"@id\":\"https:\\\/\\\/autofans.com.ar\\\/index.php\\\/2023\\\/08\\\/26\\\/desafio-ruta-40-ypf-2023-emocion-en-la-recta-final\\\/#primaryimage\",\"url\":\"https:\\\/\\\/autofans.com.ar\\\/wp-content\\\/uploads\\\/2023\\\/08\\\/foto-1-38.jpg\",\"contentUrl\":\"https:\\\/\\\/autofans.com.ar\\\/wp-content\\\/uploads\\\/2023\\\/08\\\/foto-1-38.jpg\",\"width\":1000,\"height\":667,\"caption\":\"Desaf\u00edo Ruta 40\"},{\"@type\":\"BreadcrumbList\",\"@id\":\"https:\\\/\\\/autofans.com.ar\\\/index.php\\\/2023\\\/08\\\/26\\\/desafio-ruta-40-ypf-2023-emocion-en-la-recta-final\\\/#breadcrumb\",\"itemListElement\":[{\"@type\":\"ListItem\",\"position\":1,\"name\":\"Inicio\",\"item\":\"https:\\\/\\\/autofans.com.ar\\\/\"},{\"@type\":\"ListItem\",\"position\":2,\"name\":\"Desaf\u00edo Ruta 40 YPF 2023 emoci\u00f3n en la recta final\"}]},{\"@type\":\"WebSite\",\"@id\":\"https:\\\/\\\/autofans.com.ar\\\/#website\",\"url\":\"https:\\\/\\\/autofans.com.ar\\\/\",\"name\":\"\",\"description\":\"El multimedio referente de la industria automotriz\",\"potentialAction\":[{\"@type\":\"SearchAction\",\"target\":{\"@type\":\"EntryPoint\",\"urlTemplate\":\"https:\\\/\\\/autofans.com.ar\\\/?s={search_term_string}\"},\"query-input\":{\"@type\":\"PropertyValueSpecification\",\"valueRequired\":true,\"valueName\":\"search_term_string\"}}],\"inLanguage\":\"es\"},{\"@type\":\"Person\",\"@id\":\"https:\\\/\\\/autofans.com.ar\\\/#\\\/schema\\\/person\\\/4a8dda0b6df83ac3d6723e921274c2aa\",\"name\":\"Alejandro Gabriel Rosito\",\"image\":{\"@type\":\"ImageObject\",\"inLanguage\":\"es\",\"@id\":\"https:\\\/\\\/secure.gravatar.com\\\/avatar\\\/16c5dda1489adfc62618084dcbb91cffd879c374b13fe5dd8e44ed6733852c88?s=96&d=mm&r=g\",\"url\":\"https:\\\/\\\/secure.gravatar.com\\\/avatar\\\/16c5dda1489adfc62618084dcbb91cffd879c374b13fe5dd8e44ed6733852c88?s=96&d=mm&r=g\",\"contentUrl\":\"https:\\\/\\\/secure.gravatar.com\\\/avatar\\\/16c5dda1489adfc62618084dcbb91cffd879c374b13fe5dd8e44ed6733852c88?s=96&d=mm&r=g\",\"caption\":\"Alejandro Gabriel Rosito\"},\"url\":\"https:\\\/\\\/autofans.com.ar\\\/index.php\\\/author\\\/gabrielr\\\/\"}]}<\/script>\n<!-- \/ Yoast SEO plugin. -->","yoast_head_json":{"title":"Desaf\u00edo Ruta 40 YPF 2023 emoci\u00f3n en la recta final -","description":"El Desaf\u00edo Ruta 40 YPF 2023, el evento de Rally Raid que tomar\u00e1 lugar del 26 de agosto al 1 de septiembre en las provincias Argentinas...","robots":{"index":"index","follow":"follow","max-snippet":"max-snippet:-1","max-image-preview":"max-image-preview:large","max-video-preview":"max-video-preview:-1"},"canonical":"https:\/\/autofans.com.ar\/index.php\/2023\/08\/26\/desafio-ruta-40-ypf-2023-emocion-en-la-recta-final\/","og_locale":"es_ES","og_type":"article","og_title":"Desaf\u00edo Ruta 40 YPF 2023 emoci\u00f3n en la recta final -","og_description":"El Desaf\u00edo Ruta 40 YPF 2023, el evento de Rally Raid que tomar\u00e1 lugar del 26 de agosto al 1 de septiembre en las provincias Argentinas...","og_url":"https:\/\/autofans.com.ar\/index.php\/2023\/08\/26\/desafio-ruta-40-ypf-2023-emocion-en-la-recta-final\/","article_published_time":"2023-08-26T16:09:43+00:00","og_image":[{"width":1000,"height":667,"url":"https:\/\/autofans.com.ar\/wp-content\/uploads\/2023\/08\/foto-1-38.jpg","type":"image\/jpeg"}],"author":"Alejandro Gabriel Rosito","twitter_card":"summary_large_image","twitter_misc":{"Escrito por":"Alejandro Gabriel Rosito","Tiempo de lectura":"2 minutos"},"schema":{"@context":"https:\/\/schema.org","@graph":[{"@type":"Article","@id":"https:\/\/autofans.com.ar\/index.php\/2023\/08\/26\/desafio-ruta-40-ypf-2023-emocion-en-la-recta-final\/#article","isPartOf":{"@id":"https:\/\/autofans.com.ar\/index.php\/2023\/08\/26\/desafio-ruta-40-ypf-2023-emocion-en-la-recta-final\/"},"author":{"name":"Alejandro Gabriel Rosito","@id":"https:\/\/autofans.com.ar\/#\/schema\/person\/4a8dda0b6df83ac3d6723e921274c2aa"},"headline":"Desaf\u00edo Ruta 40 YPF 2023 emoci\u00f3n en la recta final","datePublished":"2023-08-26T16:09:43+00:00","mainEntityOfPage":{"@id":"https:\/\/autofans.com.ar\/index.php\/2023\/08\/26\/desafio-ruta-40-ypf-2023-emocion-en-la-recta-final\/"},"wordCount":399,"image":{"@id":"https:\/\/autofans.com.ar\/index.php\/2023\/08\/26\/desafio-ruta-40-ypf-2023-emocion-en-la-recta-final\/#primaryimage"},"thumbnailUrl":"https:\/\/autofans.com.ar\/wp-content\/uploads\/2023\/08\/foto-1-38.jpg","keywords":["Desaf\u00edo Ruta 40 YPF","Emoci\u00f3n y Competencia","Evento Deportivo","Gu\u00eda del Rally","Pr\u00f3logo Rally Raid","Rally Raid Argentina","Sportity App","Superdomo La Rioja"],"articleSection":["DEPORTE MOTOR","NOTICIAS"],"inLanguage":"es"},{"@type":"WebPage","@id":"https:\/\/autofans.com.ar\/index.php\/2023\/08\/26\/desafio-ruta-40-ypf-2023-emocion-en-la-recta-final\/","url":"https:\/\/autofans.com.ar\/index.php\/2023\/08\/26\/desafio-ruta-40-ypf-2023-emocion-en-la-recta-final\/","name":"Desaf\u00edo Ruta 40 YPF 2023 emoci\u00f3n en la recta final -","isPartOf":{"@id":"https:\/\/autofans.com.ar\/#website"},"primaryImageOfPage":{"@id":"https:\/\/autofans.com.ar\/index.php\/2023\/08\/26\/desafio-ruta-40-ypf-2023-emocion-en-la-recta-final\/#primaryimage"},"image":{"@id":"https:\/\/autofans.com.ar\/index.php\/2023\/08\/26\/desafio-ruta-40-ypf-2023-emocion-en-la-recta-final\/#primaryimage"},"thumbnailUrl":"https:\/\/autofans.com.ar\/wp-content\/uploads\/2023\/08\/foto-1-38.jpg","datePublished":"2023-08-26T16:09:43+00:00","author":{"@id":"https:\/\/autofans.com.ar\/#\/schema\/person\/4a8dda0b6df83ac3d6723e921274c2aa"},"description":"El Desaf\u00edo Ruta 40 YPF 2023, el evento de Rally Raid que tomar\u00e1 lugar del 26 de agosto al 1 de septiembre en las provincias Argentinas...","breadcrumb":{"@id":"https:\/\/autofans.com.ar\/index.php\/2023\/08\/26\/desafio-ruta-40-ypf-2023-emocion-en-la-recta-final\/#breadcrumb"},"inLanguage":"es","potentialAction":[{"@type":"ReadAction","target":["https:\/\/autofans.com.ar\/index.php\/2023\/08\/26\/desafio-ruta-40-ypf-2023-emocion-en-la-recta-final\/"]}]},{"@type":"ImageObject","inLanguage":"es","@id":"https:\/\/autofans.com.ar\/index.php\/2023\/08\/26\/desafio-ruta-40-ypf-2023-emocion-en-la-recta-final\/#primaryimage","url":"https:\/\/autofans.com.ar\/wp-content\/uploads\/2023\/08\/foto-1-38.jpg","contentUrl":"https:\/\/autofans.com.ar\/wp-content\/uploads\/2023\/08\/foto-1-38.jpg","width":1000,"height":667,"caption":"Desaf\u00edo Ruta 40"},{"@type":"BreadcrumbList","@id":"https:\/\/autofans.com.ar\/index.php\/2023\/08\/26\/desafio-ruta-40-ypf-2023-emocion-en-la-recta-final\/#breadcrumb","itemListElement":[{"@type":"ListItem","position":1,"name":"Inicio","item":"https:\/\/autofans.com.ar\/"},{"@type":"ListItem","position":2,"name":"Desaf\u00edo Ruta 40 YPF 2023 emoci\u00f3n en la recta final"}]},{"@type":"WebSite","@id":"https:\/\/autofans.com.ar\/#website","url":"https:\/\/autofans.com.ar\/","name":"","description":"El multimedio referente de la industria automotriz","potentialAction":[{"@type":"SearchAction","target":{"@type":"EntryPoint","urlTemplate":"https:\/\/autofans.com.ar\/?s={search_term_string}"},"query-input":{"@type":"PropertyValueSpecification","valueRequired":true,"valueName":"search_term_string"}}],"inLanguage":"es"},{"@type":"Person","@id":"https:\/\/autofans.com.ar\/#\/schema\/person\/4a8dda0b6df83ac3d6723e921274c2aa","name":"Alejandro Gabriel Rosito","image":{"@type":"ImageObject","inLanguage":"es","@id":"https:\/\/secure.gravatar.com\/avatar\/16c5dda1489adfc62618084dcbb91cffd879c374b13fe5dd8e44ed6733852c88?s=96&d=mm&r=g","url":"https:\/\/secure.gravatar.com\/avatar\/16c5dda1489adfc62618084dcbb91cffd879c374b13fe5dd8e44ed6733852c88?s=96&d=mm&r=g","contentUrl":"https:\/\/secure.gravatar.com\/avatar\/16c5dda1489adfc62618084dcbb91cffd879c374b13fe5dd8e44ed6733852c88?s=96&d=mm&r=g","caption":"Alejandro Gabriel Rosito"},"url":"https:\/\/autofans.com.ar\/index.php\/author\/gabrielr\/"}]}},"featured_image_urls":{"full":["https:\/\/autofans.com.ar\/wp-content\/uploads\/2023\/08\/foto-1-38.jpg",1000,667,false],"thumbnail":["https:\/\/autofans.com.ar\/wp-content\/uploads\/2023\/08\/foto-1-38-150x150.jpg",150,150,true],"medium":["https:\/\/autofans.com.ar\/wp-content\/uploads\/2023\/08\/foto-1-38-300x200.jpg",300,200,true],"medium_large":["https:\/\/autofans.com.ar\/wp-content\/uploads\/2023\/08\/foto-1-38-768x512.jpg",640,427,true],"large":["https:\/\/autofans.com.ar\/wp-content\/uploads\/2023\/08\/foto-1-38.jpg",640,427,false],"1536x1536":["https:\/\/autofans.com.ar\/wp-content\/uploads\/2023\/08\/foto-1-38.jpg",1000,667,false],"2048x2048":["https:\/\/autofans.com.ar\/wp-content\/uploads\/2023\/08\/foto-1-38.jpg",1000,667,false],"covernews-featured":["https:\/\/autofans.com.ar\/wp-content\/uploads\/2023\/08\/foto-1-38.jpg",1000,667,false],"covernews-medium":["https:\/\/autofans.com.ar\/wp-content\/uploads\/2023\/08\/foto-1-38-540x340.jpg",540,340,true]},"author_info":{"display_name":"Alejandro Gabriel Rosito","author_link":"https:\/\/autofans.com.ar\/index.php\/author\/gabrielr\/"},"category_info":"<a href=\"https:\/\/autofans.com.ar\/index.php\/category\/noticias\/deporte\/\" rel=\"category tag\">DEPORTE MOTOR<\/a> <a href=\"https:\/\/autofans.com.ar\/index.php\/category\/noticias\/\" rel=\"category tag\">NOTICIAS<\/a>","tag_info":"NOTICIAS","comment_count":0,"_links":{"self":[{"href":"https:\/\/autofans.com.ar\/index.php\/wp-json\/wp\/v2\/posts\/4736","targetHints":{"allow":["GET"]}}],"collection":[{"href":"https:\/\/autofans.com.ar\/index.php\/wp-json\/wp\/v2\/posts"}],"about":[{"href":"https:\/\/autofans.com.ar\/index.php\/wp-json\/wp\/v2\/types\/post"}],"author":[{"embeddable":true,"href":"https:\/\/autofans.com.ar\/index.php\/wp-json\/wp\/v2\/users\/2"}],"replies":[{"embeddable":true,"href":"https:\/\/autofans.com.ar\/index.php\/wp-json\/wp\/v2\/comments?post=4736"}],"version-history":[{"count":1,"href":"https:\/\/autofans.com.ar\/index.php\/wp-json\/wp\/v2\/posts\/4736\/revisions"}],"predecessor-version":[{"id":4739,"href":"https:\/\/autofans.com.ar\/index.php\/wp-json\/wp\/v2\/posts\/4736\/revisions\/4739"}],"wp:featuredmedia":[{"embeddable":true,"href":"https:\/\/autofans.com.ar\/index.php\/wp-json\/wp\/v2\/media\/4738"}],"wp:attachment":[{"href":"https:\/\/autofans.com.ar\/index.php\/wp-json\/wp\/v2\/media?parent=4736"}],"wp:term":[{"taxonomy":"category","embeddable":true,"href":"https:\/\/autofans.com.ar\/index.php\/wp-json\/wp\/v2\/categories?post=4736"},{"taxonomy":"post_tag","embeddable":true,"href":"https:\/\/autofans.com.ar\/index.php\/wp-json\/wp\/v2\/tags?post=4736"}],"curies":[{"name":"wp","href":"https:\/\/api.w.org\/{rel}","templated":true}]}}