{"id":4740,"date":"2023-08-28T11:33:49","date_gmt":"2023-08-28T14:33:49","guid":{"rendered":"https:\/\/autofans.com.ar\/?p=4740"},"modified":"2023-08-28T11:33:49","modified_gmt":"2023-08-28T14:33:49","slug":"bmw-x1-y-serie-3-e-nuevas-joyas-del-camino","status":"publish","type":"post","link":"https:\/\/autofans.com.ar\/index.php\/2023\/08\/28\/bmw-x1-y-serie-3-e-nuevas-joyas-del-camino\/","title":{"rendered":"BMW X1 y Serie 3 e, nuevas joyas del camino"},"content":{"rendered":"<p>El evento tuvo lugar en la elegante Colecci\u00f3n de Arte Amalia Lacroze de Fortabat en Puerto Madero, Ciudad de Buenos Aires, atrayendo a invitados de prensa y entusiastas locales. La Colecci\u00f3n de Arte Amalia Lacroze de Fortabat de Puerto Madero fue el escenario perfecto para el emocionante debut de la renovada BMW X1 y el restyling del ic\u00f3nico BMW Serie 3 330e. En este evento especial, que reuni\u00f3 a invitados de la prensa, concesionarios y el equipo local de BMW Group Argentina. Se destacaron las innovaciones y la electrificaci\u00f3n que marcan el rumbo de la marca.<\/p>\n<p>&nbsp;<\/p>\n<h2>BMW X1 y Serie 3<\/h2>\n<p>&nbsp;<\/p>\n<p><img fetchpriority=\"high\" decoding=\"async\" class=\"aligncenter wp-image-4741 size-full\" src=\"https:\/\/autofans.com.ar\/wp-content\/uploads\/2023\/08\/foto-6-4.jpg\" alt=\"BMW X1 y Serie 3 330e\" width=\"1000\" height=\"667\" srcset=\"https:\/\/autofans.com.ar\/wp-content\/uploads\/2023\/08\/foto-6-4.jpg 1000w, https:\/\/autofans.com.ar\/wp-content\/uploads\/2023\/08\/foto-6-4-300x200.jpg 300w, https:\/\/autofans.com.ar\/wp-content\/uploads\/2023\/08\/foto-6-4-768x512.jpg 768w\" sizes=\"(max-width: 1000px) 100vw, 1000px\" \/><\/p>\n<p>&nbsp;<\/p>\n<p>La nueva BMW X1, llega con un dise\u00f1o robusto y audaz, representando la entrada al apasionante mundo de los BMW X. Importada de la planta de Regensburg en Alemania. La X1 se presenta en su configuraci\u00f3n xDrive20i xLine, con tracci\u00f3n integral, mejoras en el interior y el equipamiento. Ofreciendo una experiencia de conducci\u00f3n inigualable desde su llegada.<\/p>\n<p>&nbsp;<\/p>\n<p><img decoding=\"async\" class=\"aligncenter wp-image-4744 size-full\" src=\"https:\/\/autofans.com.ar\/wp-content\/uploads\/2023\/08\/foto-3-32.jpg\" alt=\"BMW X1 y Serie 3 330e\" width=\"1000\" height=\"667\" srcset=\"https:\/\/autofans.com.ar\/wp-content\/uploads\/2023\/08\/foto-3-32.jpg 1000w, https:\/\/autofans.com.ar\/wp-content\/uploads\/2023\/08\/foto-3-32-300x200.jpg 300w, https:\/\/autofans.com.ar\/wp-content\/uploads\/2023\/08\/foto-3-32-768x512.jpg 768w\" sizes=\"(max-width: 1000px) 100vw, 1000px\" \/><\/p>\n<p>&nbsp;<\/p>\n<p>Por su parte, el BMW Serie 3 recibe un emocionante redise\u00f1o. Destacando su esencia deportiva y modernidad interior. Desde la planta en San Luis Potos\u00ed, M\u00e9xico, llegan tres versiones. El M340i xDrive Sed\u00e1n M Performance para los amantes de la alta performance. El 330e Sed\u00e1n SportLine h\u00edbrido enchufable que simboliza el compromiso de BMW con la electrificaci\u00f3n. El 320i Sed\u00e1n SportLine, una opci\u00f3n equilibrada entre performance y eficiencia.<\/p>\n<p>&nbsp;<\/p>\n<h2>BMW redefine la conducci\u00f3n<\/h2>\n<p>&nbsp;<\/p>\n<div id='gallery-1' class='gallery galleryid-4740 gallery-columns-3 gallery-size-full'><figure class='gallery-item'>\n\t\t\t<div class='gallery-icon landscape'>\n\t\t\t\t<a href='https:\/\/autofans.com.ar\/index.php\/2023\/08\/28\/bmw-x1-y-serie-3-e-nuevas-joyas-del-camino\/foto-1-270\/'><img loading=\"lazy\" width=\"1000\" height=\"667\" src=\"https:\/\/autofans.com.ar\/wp-content\/uploads\/2023\/08\/foto-1-39.jpg\" class=\"attachment-full size-full\" alt=\"BMW X1 y Serie 3 330e\" srcset=\"https:\/\/autofans.com.ar\/wp-content\/uploads\/2023\/08\/foto-1-39.jpg 1000w, https:\/\/autofans.com.ar\/wp-content\/uploads\/2023\/08\/foto-1-39-300x200.jpg 300w, https:\/\/autofans.com.ar\/wp-content\/uploads\/2023\/08\/foto-1-39-768x512.jpg 768w\" sizes=\"auto, (max-width: 1000px) 100vw, 1000px\" loading=\"lazy\" decoding=\"async\" \/><\/a>\n\t\t\t<\/div><\/figure><figure class='gallery-item'>\n\t\t\t<div class='gallery-icon landscape'>\n\t\t\t\t<a href='https:\/\/autofans.com.ar\/index.php\/2023\/08\/28\/bmw-x1-y-serie-3-e-nuevas-joyas-del-camino\/foto-2-261\/'><img loading=\"lazy\" width=\"1000\" height=\"667\" src=\"https:\/\/autofans.com.ar\/wp-content\/uploads\/2023\/08\/foto-2-38.jpg\" class=\"attachment-full size-full\" alt=\"BMW X1 y Serie 3\" srcset=\"https:\/\/autofans.com.ar\/wp-content\/uploads\/2023\/08\/foto-2-38.jpg 1000w, https:\/\/autofans.com.ar\/wp-content\/uploads\/2023\/08\/foto-2-38-300x200.jpg 300w, https:\/\/autofans.com.ar\/wp-content\/uploads\/2023\/08\/foto-2-38-768x512.jpg 768w\" sizes=\"auto, (max-width: 1000px) 100vw, 1000px\" loading=\"lazy\" decoding=\"async\" \/><\/a>\n\t\t\t<\/div><\/figure><figure class='gallery-item'>\n\t\t\t<div class='gallery-icon landscape'>\n\t\t\t\t<a href='https:\/\/autofans.com.ar\/index.php\/2023\/08\/28\/bmw-x1-y-serie-3-e-nuevas-joyas-del-camino\/foto-4-150\/'><img loading=\"lazy\" width=\"1000\" height=\"667\" src=\"https:\/\/autofans.com.ar\/wp-content\/uploads\/2023\/08\/foto-4-15.jpg\" class=\"attachment-full size-full\" alt=\"BMW\" srcset=\"https:\/\/autofans.com.ar\/wp-content\/uploads\/2023\/08\/foto-4-15.jpg 1000w, https:\/\/autofans.com.ar\/wp-content\/uploads\/2023\/08\/foto-4-15-300x200.jpg 300w, https:\/\/autofans.com.ar\/wp-content\/uploads\/2023\/08\/foto-4-15-768x512.jpg 768w\" sizes=\"auto, (max-width: 1000px) 100vw, 1000px\" loading=\"lazy\" decoding=\"async\" \/><\/a>\n\t\t\t<\/div><\/figure>\n\t\t<\/div>\n\n<p>&nbsp;<\/p>\n<p>Los amantes de la conducci\u00f3n deportiva encontrar\u00e1n en el M340i xDrive Sed\u00e1n un aliado excepcional, con un motor TwinPower Turbo de seis cilindros y 387 CV de potencia. Por otro lado, el h\u00edbrido enchufable 330e Sed\u00e1n ofrece una combinaci\u00f3n impresionante de motor a combusti\u00f3n y motor el\u00e9ctrico, logrando una potencia combinada de 292 CV y una autonom\u00eda el\u00e9ctrica de unos 50 kil\u00f3metros.<\/p>\n<p>BMW Group Argentina sigue demostrando su compromiso con la innovaci\u00f3n y la electrificaci\u00f3n, presentando estos modelos que redefinen la experiencia de conducci\u00f3n. La presentaci\u00f3n se vio enriquecida por las palabras de Ivana Dip, CEO &amp; Managing Director de BMW Group Argentina, y Leandro Larregina, Gerente de Ventas y Desarrollo de Red de BMW y MINI. Quienes compartieron emocionantes detalles sobre los nuevos lanzamientos y las pr\u00f3ximas novedades que se avecinan en el mundo de BMW.<\/p>\n<p>&nbsp;<\/p>\n<h2>La X1 m\u00e1s sofisticada y racional de todos<\/h2>\n<p>Con mayor refinamiento, digitalizaci\u00f3n y el retorno de la tracci\u00f3n integral, la nueva generaci\u00f3n de la X1 es la m\u00e1s equipada y Premium en la historia del modelo. No obstante, elementos como su amplio espacio interior y su gran equipamiento tambi\u00e9n la hacen m\u00e1s pr\u00e1ctica y racional, ideal para cubrir todos los usos del d\u00eda a d\u00eda y experimentar la sensaci\u00f3n de libertad en las aventuras y viajes de larga distancia, siempre con el placer de conducir un BMW.<\/p>\n<p>BMW X1 xDrive20i xLine, USD 90.900.<\/p>\n<p>Garant\u00eda de 3 a\u00f1os o 200.000 kil\u00f3metros.<\/p>\n<p>&nbsp;<\/p>\n<p>&nbsp;<\/p>\n<p><i>Para enterarte de m\u00e1s novedades, no dejes de leer\u00a0<\/i><a href=\"https:\/\/autofans.thebrandsoup.com\/\"><i>nuestras notas<\/i><\/a><i>, de ver<\/i><b><i>\u00a0<\/i><\/b><a href=\"https:\/\/www.youtube.com\/channel\/UCgAC8UGHZYbT6P7PpmVnP7g\"><b><i>AUTOFANS TV<\/i><\/b><\/a><b><i>\u00a0<\/i><\/b><i>en nuestro\u00a0canal de Youtube. Adem\u00e1s seguinos en\u00a0<\/i><a href=\"https:\/\/www.instagram.com\/autofanstv\/\"><i>INSTAGRAM<\/i><\/a><i> y <\/i><a href=\"https:\/\/www.facebook.com\/autofansmas\/\"><i>FACEBOOK<\/i><\/a><i> para no perderte nada sobre las novedades del segmento automotor de Argentina y el mundo.<\/i><\/p>\n<p><i><span class=\"Apple-converted-space\">\u00a0<\/span><\/i><\/p>\n","protected":false},"excerpt":{"rendered":"<p>El evento tuvo lugar en la elegante Colecci\u00f3n de Arte Amalia Lacroze de Fortabat en&#8230;<\/p>\n","protected":false},"author":2,"featured_media":4747,"comment_status":"closed","ping_status":"closed","sticky":false,"template":"","format":"standard","meta":{"footnotes":""},"categories":[8,1],"tags":[2360,2358,2357,2359,1882,2361,2362],"class_list":["post-4740","post","type-post","status-publish","format-standard","has-post-thumbnail","hentry","category-autos-y-suv","category-lanzamientos","tag-bmw-group-argentina","tag-bmw-serie-3","tag-bmw-x1","tag-electrificacion-automotriz","tag-hibrido-enchufable","tag-nuevo-modelo-bmw","tag-rediseno-bmw-serie-3"],"yoast_head":"<!-- This site is optimized with the Yoast SEO plugin v27.5 - https:\/\/yoast.com\/product\/yoast-seo-wordpress\/ -->\n<title>BMW X1 y Serie 3 e, nuevas joyas del camino -<\/title>\n<meta name=\"description\" content=\"BMW Group Argentina hace eco con el emocionante lanzamiento de dos modelos. La BMW X1 y la versi\u00f3n h\u00edbrida enchufable BMW Serie 3 330e...\" \/>\n<meta name=\"robots\" content=\"index, follow, max-snippet:-1, max-image-preview:large, max-video-preview:-1\" \/>\n<link rel=\"canonical\" href=\"https:\/\/autofans.com.ar\/index.php\/2023\/08\/28\/bmw-x1-y-serie-3-e-nuevas-joyas-del-camino\/\" \/>\n<meta property=\"og:locale\" content=\"es_ES\" \/>\n<meta property=\"og:type\" content=\"article\" \/>\n<meta property=\"og:title\" content=\"BMW X1 y Serie 3 e, nuevas joyas del camino -\" \/>\n<meta property=\"og:description\" content=\"BMW Group Argentina hace eco con el emocionante lanzamiento de dos modelos. La BMW X1 y la versi\u00f3n h\u00edbrida enchufable BMW Serie 3 330e...\" \/>\n<meta property=\"og:url\" content=\"https:\/\/autofans.com.ar\/index.php\/2023\/08\/28\/bmw-x1-y-serie-3-e-nuevas-joyas-del-camino\/\" \/>\n<meta property=\"article:published_time\" content=\"2023-08-28T14:33:49+00:00\" \/>\n<meta property=\"og:image\" content=\"https:\/\/autofans.com.ar\/wp-content\/uploads\/2023\/08\/foto-7-3.jpg\" \/>\n\t<meta property=\"og:image:width\" content=\"1000\" \/>\n\t<meta property=\"og:image:height\" content=\"667\" \/>\n\t<meta property=\"og:image:type\" content=\"image\/jpeg\" \/>\n<meta name=\"author\" content=\"Alejandro Gabriel Rosito\" \/>\n<meta name=\"twitter:card\" content=\"summary_large_image\" \/>\n<meta name=\"twitter:label1\" content=\"Escrito por\" \/>\n\t<meta name=\"twitter:data1\" content=\"Alejandro Gabriel Rosito\" \/>\n\t<meta name=\"twitter:label2\" content=\"Tiempo de lectura\" \/>\n\t<meta name=\"twitter:data2\" content=\"3 minutos\" \/>\n<script type=\"application\/ld+json\" class=\"yoast-schema-graph\">{\"@context\":\"https:\\\/\\\/schema.org\",\"@graph\":[{\"@type\":\"Article\",\"@id\":\"https:\\\/\\\/autofans.com.ar\\\/index.php\\\/2023\\\/08\\\/28\\\/bmw-x1-y-serie-3-e-nuevas-joyas-del-camino\\\/#article\",\"isPartOf\":{\"@id\":\"https:\\\/\\\/autofans.com.ar\\\/index.php\\\/2023\\\/08\\\/28\\\/bmw-x1-y-serie-3-e-nuevas-joyas-del-camino\\\/\"},\"author\":{\"name\":\"Alejandro Gabriel Rosito\",\"@id\":\"https:\\\/\\\/autofans.com.ar\\\/#\\\/schema\\\/person\\\/4a8dda0b6df83ac3d6723e921274c2aa\"},\"headline\":\"BMW X1 y Serie 3 e, nuevas joyas del camino\",\"datePublished\":\"2023-08-28T14:33:49+00:00\",\"mainEntityOfPage\":{\"@id\":\"https:\\\/\\\/autofans.com.ar\\\/index.php\\\/2023\\\/08\\\/28\\\/bmw-x1-y-serie-3-e-nuevas-joyas-del-camino\\\/\"},\"wordCount\":576,\"image\":{\"@id\":\"https:\\\/\\\/autofans.com.ar\\\/index.php\\\/2023\\\/08\\\/28\\\/bmw-x1-y-serie-3-e-nuevas-joyas-del-camino\\\/#primaryimage\"},\"thumbnailUrl\":\"https:\\\/\\\/autofans.com.ar\\\/wp-content\\\/uploads\\\/2023\\\/08\\\/foto-7-3.jpg\",\"keywords\":[\"BMW Group Argentina\",\"BMW Serie 3\",\"BMW X1\",\"Electrificaci\u00f3n Automotriz\",\"Hibrido enchufable\",\"Nuevo Modelo BMW\",\"Redise\u00f1o BMW Serie 3\"],\"articleSection\":[\"Autos y SUV\",\"LANZAMIENTOS\"],\"inLanguage\":\"es\"},{\"@type\":\"WebPage\",\"@id\":\"https:\\\/\\\/autofans.com.ar\\\/index.php\\\/2023\\\/08\\\/28\\\/bmw-x1-y-serie-3-e-nuevas-joyas-del-camino\\\/\",\"url\":\"https:\\\/\\\/autofans.com.ar\\\/index.php\\\/2023\\\/08\\\/28\\\/bmw-x1-y-serie-3-e-nuevas-joyas-del-camino\\\/\",\"name\":\"BMW X1 y Serie 3 e, nuevas joyas del camino -\",\"isPartOf\":{\"@id\":\"https:\\\/\\\/autofans.com.ar\\\/#website\"},\"primaryImageOfPage\":{\"@id\":\"https:\\\/\\\/autofans.com.ar\\\/index.php\\\/2023\\\/08\\\/28\\\/bmw-x1-y-serie-3-e-nuevas-joyas-del-camino\\\/#primaryimage\"},\"image\":{\"@id\":\"https:\\\/\\\/autofans.com.ar\\\/index.php\\\/2023\\\/08\\\/28\\\/bmw-x1-y-serie-3-e-nuevas-joyas-del-camino\\\/#primaryimage\"},\"thumbnailUrl\":\"https:\\\/\\\/autofans.com.ar\\\/wp-content\\\/uploads\\\/2023\\\/08\\\/foto-7-3.jpg\",\"datePublished\":\"2023-08-28T14:33:49+00:00\",\"author\":{\"@id\":\"https:\\\/\\\/autofans.com.ar\\\/#\\\/schema\\\/person\\\/4a8dda0b6df83ac3d6723e921274c2aa\"},\"description\":\"BMW Group Argentina hace eco con el emocionante lanzamiento de dos modelos. La BMW X1 y la versi\u00f3n h\u00edbrida enchufable BMW Serie 3 330e...\",\"breadcrumb\":{\"@id\":\"https:\\\/\\\/autofans.com.ar\\\/index.php\\\/2023\\\/08\\\/28\\\/bmw-x1-y-serie-3-e-nuevas-joyas-del-camino\\\/#breadcrumb\"},\"inLanguage\":\"es\",\"potentialAction\":[{\"@type\":\"ReadAction\",\"target\":[\"https:\\\/\\\/autofans.com.ar\\\/index.php\\\/2023\\\/08\\\/28\\\/bmw-x1-y-serie-3-e-nuevas-joyas-del-camino\\\/\"]}]},{\"@type\":\"ImageObject\",\"inLanguage\":\"es\",\"@id\":\"https:\\\/\\\/autofans.com.ar\\\/index.php\\\/2023\\\/08\\\/28\\\/bmw-x1-y-serie-3-e-nuevas-joyas-del-camino\\\/#primaryimage\",\"url\":\"https:\\\/\\\/autofans.com.ar\\\/wp-content\\\/uploads\\\/2023\\\/08\\\/foto-7-3.jpg\",\"contentUrl\":\"https:\\\/\\\/autofans.com.ar\\\/wp-content\\\/uploads\\\/2023\\\/08\\\/foto-7-3.jpg\",\"width\":1000,\"height\":667,\"caption\":\"BMW X1 y Serie 3\"},{\"@type\":\"BreadcrumbList\",\"@id\":\"https:\\\/\\\/autofans.com.ar\\\/index.php\\\/2023\\\/08\\\/28\\\/bmw-x1-y-serie-3-e-nuevas-joyas-del-camino\\\/#breadcrumb\",\"itemListElement\":[{\"@type\":\"ListItem\",\"position\":1,\"name\":\"Inicio\",\"item\":\"https:\\\/\\\/autofans.com.ar\\\/\"},{\"@type\":\"ListItem\",\"position\":2,\"name\":\"BMW X1 y Serie 3 e, nuevas joyas del camino\"}]},{\"@type\":\"WebSite\",\"@id\":\"https:\\\/\\\/autofans.com.ar\\\/#website\",\"url\":\"https:\\\/\\\/autofans.com.ar\\\/\",\"name\":\"\",\"description\":\"El multimedio referente de la industria automotriz\",\"potentialAction\":[{\"@type\":\"SearchAction\",\"target\":{\"@type\":\"EntryPoint\",\"urlTemplate\":\"https:\\\/\\\/autofans.com.ar\\\/?s={search_term_string}\"},\"query-input\":{\"@type\":\"PropertyValueSpecification\",\"valueRequired\":true,\"valueName\":\"search_term_string\"}}],\"inLanguage\":\"es\"},{\"@type\":\"Person\",\"@id\":\"https:\\\/\\\/autofans.com.ar\\\/#\\\/schema\\\/person\\\/4a8dda0b6df83ac3d6723e921274c2aa\",\"name\":\"Alejandro Gabriel Rosito\",\"image\":{\"@type\":\"ImageObject\",\"inLanguage\":\"es\",\"@id\":\"https:\\\/\\\/secure.gravatar.com\\\/avatar\\\/16c5dda1489adfc62618084dcbb91cffd879c374b13fe5dd8e44ed6733852c88?s=96&d=mm&r=g\",\"url\":\"https:\\\/\\\/secure.gravatar.com\\\/avatar\\\/16c5dda1489adfc62618084dcbb91cffd879c374b13fe5dd8e44ed6733852c88?s=96&d=mm&r=g\",\"contentUrl\":\"https:\\\/\\\/secure.gravatar.com\\\/avatar\\\/16c5dda1489adfc62618084dcbb91cffd879c374b13fe5dd8e44ed6733852c88?s=96&d=mm&r=g\",\"caption\":\"Alejandro Gabriel Rosito\"},\"url\":\"https:\\\/\\\/autofans.com.ar\\\/index.php\\\/author\\\/gabrielr\\\/\"}]}<\/script>\n<!-- \/ Yoast SEO plugin. -->","yoast_head_json":{"title":"BMW X1 y Serie 3 e, nuevas joyas del camino -","description":"BMW Group Argentina hace eco con el emocionante lanzamiento de dos modelos. La BMW X1 y la versi\u00f3n h\u00edbrida enchufable BMW Serie 3 330e...","robots":{"index":"index","follow":"follow","max-snippet":"max-snippet:-1","max-image-preview":"max-image-preview:large","max-video-preview":"max-video-preview:-1"},"canonical":"https:\/\/autofans.com.ar\/index.php\/2023\/08\/28\/bmw-x1-y-serie-3-e-nuevas-joyas-del-camino\/","og_locale":"es_ES","og_type":"article","og_title":"BMW X1 y Serie 3 e, nuevas joyas del camino -","og_description":"BMW Group Argentina hace eco con el emocionante lanzamiento de dos modelos. La BMW X1 y la versi\u00f3n h\u00edbrida enchufable BMW Serie 3 330e...","og_url":"https:\/\/autofans.com.ar\/index.php\/2023\/08\/28\/bmw-x1-y-serie-3-e-nuevas-joyas-del-camino\/","article_published_time":"2023-08-28T14:33:49+00:00","og_image":[{"width":1000,"height":667,"url":"https:\/\/autofans.com.ar\/wp-content\/uploads\/2023\/08\/foto-7-3.jpg","type":"image\/jpeg"}],"author":"Alejandro Gabriel Rosito","twitter_card":"summary_large_image","twitter_misc":{"Escrito por":"Alejandro Gabriel Rosito","Tiempo de lectura":"3 minutos"},"schema":{"@context":"https:\/\/schema.org","@graph":[{"@type":"Article","@id":"https:\/\/autofans.com.ar\/index.php\/2023\/08\/28\/bmw-x1-y-serie-3-e-nuevas-joyas-del-camino\/#article","isPartOf":{"@id":"https:\/\/autofans.com.ar\/index.php\/2023\/08\/28\/bmw-x1-y-serie-3-e-nuevas-joyas-del-camino\/"},"author":{"name":"Alejandro Gabriel Rosito","@id":"https:\/\/autofans.com.ar\/#\/schema\/person\/4a8dda0b6df83ac3d6723e921274c2aa"},"headline":"BMW X1 y Serie 3 e, nuevas joyas del camino","datePublished":"2023-08-28T14:33:49+00:00","mainEntityOfPage":{"@id":"https:\/\/autofans.com.ar\/index.php\/2023\/08\/28\/bmw-x1-y-serie-3-e-nuevas-joyas-del-camino\/"},"wordCount":576,"image":{"@id":"https:\/\/autofans.com.ar\/index.php\/2023\/08\/28\/bmw-x1-y-serie-3-e-nuevas-joyas-del-camino\/#primaryimage"},"thumbnailUrl":"https:\/\/autofans.com.ar\/wp-content\/uploads\/2023\/08\/foto-7-3.jpg","keywords":["BMW Group Argentina","BMW Serie 3","BMW X1","Electrificaci\u00f3n Automotriz","Hibrido enchufable","Nuevo Modelo BMW","Redise\u00f1o BMW Serie 3"],"articleSection":["Autos y SUV","LANZAMIENTOS"],"inLanguage":"es"},{"@type":"WebPage","@id":"https:\/\/autofans.com.ar\/index.php\/2023\/08\/28\/bmw-x1-y-serie-3-e-nuevas-joyas-del-camino\/","url":"https:\/\/autofans.com.ar\/index.php\/2023\/08\/28\/bmw-x1-y-serie-3-e-nuevas-joyas-del-camino\/","name":"BMW X1 y Serie 3 e, nuevas joyas del camino -","isPartOf":{"@id":"https:\/\/autofans.com.ar\/#website"},"primaryImageOfPage":{"@id":"https:\/\/autofans.com.ar\/index.php\/2023\/08\/28\/bmw-x1-y-serie-3-e-nuevas-joyas-del-camino\/#primaryimage"},"image":{"@id":"https:\/\/autofans.com.ar\/index.php\/2023\/08\/28\/bmw-x1-y-serie-3-e-nuevas-joyas-del-camino\/#primaryimage"},"thumbnailUrl":"https:\/\/autofans.com.ar\/wp-content\/uploads\/2023\/08\/foto-7-3.jpg","datePublished":"2023-08-28T14:33:49+00:00","author":{"@id":"https:\/\/autofans.com.ar\/#\/schema\/person\/4a8dda0b6df83ac3d6723e921274c2aa"},"description":"BMW Group Argentina hace eco con el emocionante lanzamiento de dos modelos. La BMW X1 y la versi\u00f3n h\u00edbrida enchufable BMW Serie 3 330e...","breadcrumb":{"@id":"https:\/\/autofans.com.ar\/index.php\/2023\/08\/28\/bmw-x1-y-serie-3-e-nuevas-joyas-del-camino\/#breadcrumb"},"inLanguage":"es","potentialAction":[{"@type":"ReadAction","target":["https:\/\/autofans.com.ar\/index.php\/2023\/08\/28\/bmw-x1-y-serie-3-e-nuevas-joyas-del-camino\/"]}]},{"@type":"ImageObject","inLanguage":"es","@id":"https:\/\/autofans.com.ar\/index.php\/2023\/08\/28\/bmw-x1-y-serie-3-e-nuevas-joyas-del-camino\/#primaryimage","url":"https:\/\/autofans.com.ar\/wp-content\/uploads\/2023\/08\/foto-7-3.jpg","contentUrl":"https:\/\/autofans.com.ar\/wp-content\/uploads\/2023\/08\/foto-7-3.jpg","width":1000,"height":667,"caption":"BMW X1 y Serie 3"},{"@type":"BreadcrumbList","@id":"https:\/\/autofans.com.ar\/index.php\/2023\/08\/28\/bmw-x1-y-serie-3-e-nuevas-joyas-del-camino\/#breadcrumb","itemListElement":[{"@type":"ListItem","position":1,"name":"Inicio","item":"https:\/\/autofans.com.ar\/"},{"@type":"ListItem","position":2,"name":"BMW X1 y Serie 3 e, nuevas joyas del camino"}]},{"@type":"WebSite","@id":"https:\/\/autofans.com.ar\/#website","url":"https:\/\/autofans.com.ar\/","name":"","description":"El multimedio referente de la industria automotriz","potentialAction":[{"@type":"SearchAction","target":{"@type":"EntryPoint","urlTemplate":"https:\/\/autofans.com.ar\/?s={search_term_string}"},"query-input":{"@type":"PropertyValueSpecification","valueRequired":true,"valueName":"search_term_string"}}],"inLanguage":"es"},{"@type":"Person","@id":"https:\/\/autofans.com.ar\/#\/schema\/person\/4a8dda0b6df83ac3d6723e921274c2aa","name":"Alejandro Gabriel Rosito","image":{"@type":"ImageObject","inLanguage":"es","@id":"https:\/\/secure.gravatar.com\/avatar\/16c5dda1489adfc62618084dcbb91cffd879c374b13fe5dd8e44ed6733852c88?s=96&d=mm&r=g","url":"https:\/\/secure.gravatar.com\/avatar\/16c5dda1489adfc62618084dcbb91cffd879c374b13fe5dd8e44ed6733852c88?s=96&d=mm&r=g","contentUrl":"https:\/\/secure.gravatar.com\/avatar\/16c5dda1489adfc62618084dcbb91cffd879c374b13fe5dd8e44ed6733852c88?s=96&d=mm&r=g","caption":"Alejandro Gabriel Rosito"},"url":"https:\/\/autofans.com.ar\/index.php\/author\/gabrielr\/"}]}},"featured_image_urls":{"full":["https:\/\/autofans.com.ar\/wp-content\/uploads\/2023\/08\/foto-7-3.jpg",1000,667,false],"thumbnail":["https:\/\/autofans.com.ar\/wp-content\/uploads\/2023\/08\/foto-7-3-150x150.jpg",150,150,true],"medium":["https:\/\/autofans.com.ar\/wp-content\/uploads\/2023\/08\/foto-7-3-300x200.jpg",300,200,true],"medium_large":["https:\/\/autofans.com.ar\/wp-content\/uploads\/2023\/08\/foto-7-3-768x512.jpg",640,427,true],"large":["https:\/\/autofans.com.ar\/wp-content\/uploads\/2023\/08\/foto-7-3.jpg",640,427,false],"1536x1536":["https:\/\/autofans.com.ar\/wp-content\/uploads\/2023\/08\/foto-7-3.jpg",1000,667,false],"2048x2048":["https:\/\/autofans.com.ar\/wp-content\/uploads\/2023\/08\/foto-7-3.jpg",1000,667,false],"covernews-featured":["https:\/\/autofans.com.ar\/wp-content\/uploads\/2023\/08\/foto-7-3.jpg",1000,667,false],"covernews-medium":["https:\/\/autofans.com.ar\/wp-content\/uploads\/2023\/08\/foto-7-3-540x340.jpg",540,340,true]},"author_info":{"display_name":"Alejandro Gabriel Rosito","author_link":"https:\/\/autofans.com.ar\/index.php\/author\/gabrielr\/"},"category_info":"<a href=\"https:\/\/autofans.com.ar\/index.php\/category\/lanzamientos\/autos-y-suv\/\" rel=\"category tag\">Autos y SUV<\/a> <a href=\"https:\/\/autofans.com.ar\/index.php\/category\/lanzamientos\/\" rel=\"category tag\">LANZAMIENTOS<\/a>","tag_info":"LANZAMIENTOS","comment_count":0,"_links":{"self":[{"href":"https:\/\/autofans.com.ar\/index.php\/wp-json\/wp\/v2\/posts\/4740","targetHints":{"allow":["GET"]}}],"collection":[{"href":"https:\/\/autofans.com.ar\/index.php\/wp-json\/wp\/v2\/posts"}],"about":[{"href":"https:\/\/autofans.com.ar\/index.php\/wp-json\/wp\/v2\/types\/post"}],"author":[{"embeddable":true,"href":"https:\/\/autofans.com.ar\/index.php\/wp-json\/wp\/v2\/users\/2"}],"replies":[{"embeddable":true,"href":"https:\/\/autofans.com.ar\/index.php\/wp-json\/wp\/v2\/comments?post=4740"}],"version-history":[{"count":5,"href":"https:\/\/autofans.com.ar\/index.php\/wp-json\/wp\/v2\/posts\/4740\/revisions"}],"predecessor-version":[{"id":4752,"href":"https:\/\/autofans.com.ar\/index.php\/wp-json\/wp\/v2\/posts\/4740\/revisions\/4752"}],"wp:featuredmedia":[{"embeddable":true,"href":"https:\/\/autofans.com.ar\/index.php\/wp-json\/wp\/v2\/media\/4747"}],"wp:attachment":[{"href":"https:\/\/autofans.com.ar\/index.php\/wp-json\/wp\/v2\/media?parent=4740"}],"wp:term":[{"taxonomy":"category","embeddable":true,"href":"https:\/\/autofans.com.ar\/index.php\/wp-json\/wp\/v2\/categories?post=4740"},{"taxonomy":"post_tag","embeddable":true,"href":"https:\/\/autofans.com.ar\/index.php\/wp-json\/wp\/v2\/tags?post=4740"}],"curies":[{"name":"wp","href":"https:\/\/api.w.org\/{rel}","templated":true}]}}