{"id":4753,"date":"2023-08-28T19:20:19","date_gmt":"2023-08-28T22:20:19","guid":{"rendered":"https:\/\/autofans.com.ar\/?p=4753"},"modified":"2023-08-28T19:20:19","modified_gmt":"2023-08-28T22:20:19","slug":"transporte-eficiente-presupuesto-2023-para-una-nueva-era","status":"publish","type":"post","link":"https:\/\/autofans.com.ar\/index.php\/2023\/08\/28\/transporte-eficiente-presupuesto-2023-para-una-nueva-era\/","title":{"rendered":"Transporte eficiente, presupuesto 2023 para una nueva era"},"content":{"rendered":"<p>En un paso crucial hacia la optimizaci\u00f3n del sistema de transporte en Argentina, el Ministro Alexis Guerrera ha expuesto el Presupuesto 2023, dirigido a impulsar la conectividad en todas sus formas y agilizar la infraestructura log\u00edstica. El plan, presentado ante la Comisi\u00f3n de Presupuesto y Hacienda de la C\u00e1mara de Diputados, trae consigo asignaciones estrat\u00e9gicas destinadas a mejorar el transporte ferroviario, a\u00e9reo, portuario y automotor, con el prop\u00f3sito de reducir costos y tiempos de viaje con un transporte eficiente.<\/p>\n<p>&nbsp;<\/p>\n<figure id=\"attachment_4754\" aria-describedby=\"caption-attachment-4754\" style=\"width: 1000px\" class=\"wp-caption aligncenter\"><img fetchpriority=\"high\" decoding=\"async\" class=\"wp-image-4754 size-full\" src=\"https:\/\/autofans.com.ar\/wp-content\/uploads\/2023\/08\/foto-5-9.jpg\" alt=\"Ministro de Transporte\" width=\"1000\" height=\"667\" srcset=\"https:\/\/autofans.com.ar\/wp-content\/uploads\/2023\/08\/foto-5-9.jpg 1000w, https:\/\/autofans.com.ar\/wp-content\/uploads\/2023\/08\/foto-5-9-300x200.jpg 300w, https:\/\/autofans.com.ar\/wp-content\/uploads\/2023\/08\/foto-5-9-768x512.jpg 768w\" sizes=\"(max-width: 1000px) 100vw, 1000px\" \/><figcaption id=\"caption-attachment-4754\" class=\"wp-caption-text\">Ministro de Transporte, Alexis Guerrera<\/figcaption><\/figure>\n<p>&nbsp;<\/p>\n<h2>Transporte eficiente e inversiones clave<\/h2>\n<p>\u00abEl sistema de transporte argentino debe ser una pol\u00edtica de Estado y, por lo tanto, requiere el consenso de todas las fuerzas pol\u00edticas\u00bb, se\u00f1ala Guerrera, subrayando la importancia de una colaboraci\u00f3n integral. El presupuesto, valuado en $748.507.827.401, se distribuir\u00e1 entre la Administraci\u00f3n Central y entidades descentralizadas, abarcando rubros clave como el sector automotor ($182.603 millones), portuario ($14.994 millones), a\u00e9reo ($1.663 mil millones) y ferroviario ($72.294 millones).<\/p>\n<p>Entre los hitos clave, se proyectan mejoras en 8 puertos, avances en la torre de control del Aeropuerto Internacional de Ezeiza y la modernizaci\u00f3n del sistema ferroviario de pasajeros. Guerrera enfatiza que \u00abla inversi\u00f3n no solo impacta en la movilidad, sino en la vida cotidiana de los ciudadanos\u00bb. Adem\u00e1s, se destinar\u00e1n fondos a organismos como la Agencia Nacional de Seguridad Vial y la Comisi\u00f3n Nacional de Regulaci\u00f3n del Transporte para optimizar la fiscalizaci\u00f3n y control.<\/p>\n<p>Las iniciativas presentadas, apoyadas por el Tesoro Nacional, indican un compromiso firme con la mejora continua del transporte. Este enfoque multidimensional abarca tanto la expansi\u00f3n de la red ferroviaria como la modernizaci\u00f3n del sistema a\u00e9reo y portuario, promoviendo un panorama de viajes m\u00e1s eficiente y conectado para los argentinos.<\/p>\n<p>&nbsp;<\/p>\n<p><i>Para enterarte de m\u00e1s novedades, no dejes de leer\u00a0<\/i><a href=\"https:\/\/autofans.thebrandsoup.com\/\"><i>nuestras notas<\/i><\/a><i>, de ver<\/i><b><i>\u00a0<\/i><\/b><a href=\"https:\/\/www.youtube.com\/channel\/UCgAC8UGHZYbT6P7PpmVnP7g\"><b><i>AUTOFANS TV<\/i><\/b><\/a><b><i>\u00a0<\/i><\/b><i>en nuestro\u00a0canal de Youtube. Adem\u00e1s seguinos en\u00a0<\/i><a href=\"https:\/\/www.instagram.com\/autofanstv\/\"><i>INSTAGRAM<\/i><\/a><i> y <\/i><a href=\"https:\/\/www.facebook.com\/autofansmas\/\"><i>FACEBOOK<\/i><\/a><i> para no perderte nada sobre las novedades del segmento automotor de Argentina y el mundo.<\/i><\/p>\n","protected":false},"excerpt":{"rendered":"<p>En un paso crucial hacia la optimizaci\u00f3n del sistema de transporte en Argentina, el Ministro&#8230;<\/p>\n","protected":false},"author":2,"featured_media":4757,"comment_status":"closed","ping_status":"closed","sticky":false,"template":"","format":"standard","meta":{"footnotes":""},"categories":[292,16],"tags":[937,2365,2367,2366,2364,2363],"class_list":["post-4753","post","type-post","status-publish","format-standard","has-post-thumbnail","hentry","category-empresas","category-noticias","tag-conectividad","tag-eficiencia-logistica","tag-infraestructura-de-transporte","tag-mejora-del-transporte","tag-ministerio-de-transporte","tag-presupuesto-2023"],"yoast_head":"<!-- This site is optimized with the Yoast SEO plugin v27.5 - https:\/\/yoast.com\/product\/yoast-seo-wordpress\/ -->\n<title>Transporte eficiente, presupuesto 2023 para una nueva era -<\/title>\n<meta name=\"description\" content=\"En un paso crucial hacia la optimizaci\u00f3n de un transporte eficiente en Argentina el Ministro Alexis Guerrera ha expuesto el Presupuesto 2023.\" \/>\n<meta name=\"robots\" content=\"index, follow, max-snippet:-1, max-image-preview:large, max-video-preview:-1\" \/>\n<link rel=\"canonical\" href=\"https:\/\/autofans.com.ar\/index.php\/2023\/08\/28\/transporte-eficiente-presupuesto-2023-para-una-nueva-era\/\" \/>\n<meta property=\"og:locale\" content=\"es_ES\" \/>\n<meta property=\"og:type\" content=\"article\" \/>\n<meta property=\"og:title\" content=\"Transporte eficiente, presupuesto 2023 para una nueva era -\" \/>\n<meta property=\"og:description\" content=\"En un paso crucial hacia la optimizaci\u00f3n de un transporte eficiente en Argentina el Ministro Alexis Guerrera ha expuesto el Presupuesto 2023.\" \/>\n<meta property=\"og:url\" content=\"https:\/\/autofans.com.ar\/index.php\/2023\/08\/28\/transporte-eficiente-presupuesto-2023-para-una-nueva-era\/\" \/>\n<meta property=\"article:published_time\" content=\"2023-08-28T22:20:19+00:00\" \/>\n<meta property=\"og:image\" content=\"https:\/\/autofans.com.ar\/wp-content\/uploads\/2023\/08\/foto-1-40.jpg\" \/>\n\t<meta property=\"og:image:width\" content=\"1000\" \/>\n\t<meta property=\"og:image:height\" content=\"667\" \/>\n\t<meta property=\"og:image:type\" content=\"image\/jpeg\" \/>\n<meta name=\"author\" content=\"Alejandro Gabriel Rosito\" \/>\n<meta name=\"twitter:card\" content=\"summary_large_image\" \/>\n<meta name=\"twitter:label1\" content=\"Escrito por\" \/>\n\t<meta name=\"twitter:data1\" content=\"Alejandro Gabriel Rosito\" \/>\n\t<meta name=\"twitter:label2\" content=\"Tiempo de lectura\" \/>\n\t<meta name=\"twitter:data2\" content=\"2 minutos\" \/>\n<script type=\"application\/ld+json\" class=\"yoast-schema-graph\">{\"@context\":\"https:\\\/\\\/schema.org\",\"@graph\":[{\"@type\":\"Article\",\"@id\":\"https:\\\/\\\/autofans.com.ar\\\/index.php\\\/2023\\\/08\\\/28\\\/transporte-eficiente-presupuesto-2023-para-una-nueva-era\\\/#article\",\"isPartOf\":{\"@id\":\"https:\\\/\\\/autofans.com.ar\\\/index.php\\\/2023\\\/08\\\/28\\\/transporte-eficiente-presupuesto-2023-para-una-nueva-era\\\/\"},\"author\":{\"name\":\"Alejandro Gabriel Rosito\",\"@id\":\"https:\\\/\\\/autofans.com.ar\\\/#\\\/schema\\\/person\\\/4a8dda0b6df83ac3d6723e921274c2aa\"},\"headline\":\"Transporte eficiente, presupuesto 2023 para una nueva era\",\"datePublished\":\"2023-08-28T22:20:19+00:00\",\"mainEntityOfPage\":{\"@id\":\"https:\\\/\\\/autofans.com.ar\\\/index.php\\\/2023\\\/08\\\/28\\\/transporte-eficiente-presupuesto-2023-para-una-nueva-era\\\/\"},\"wordCount\":356,\"image\":{\"@id\":\"https:\\\/\\\/autofans.com.ar\\\/index.php\\\/2023\\\/08\\\/28\\\/transporte-eficiente-presupuesto-2023-para-una-nueva-era\\\/#primaryimage\"},\"thumbnailUrl\":\"https:\\\/\\\/autofans.com.ar\\\/wp-content\\\/uploads\\\/2023\\\/08\\\/foto-1-40.jpg\",\"keywords\":[\"conectividad\",\"Eficiencia Log\u00edstica\",\"Infraestructura de Transporte\",\"Mejora del Transporte\",\"Ministerio de Transporte\",\"Presupuesto 2023\"],\"articleSection\":[\"EMPRESAS\",\"NOTICIAS\"],\"inLanguage\":\"es\"},{\"@type\":\"WebPage\",\"@id\":\"https:\\\/\\\/autofans.com.ar\\\/index.php\\\/2023\\\/08\\\/28\\\/transporte-eficiente-presupuesto-2023-para-una-nueva-era\\\/\",\"url\":\"https:\\\/\\\/autofans.com.ar\\\/index.php\\\/2023\\\/08\\\/28\\\/transporte-eficiente-presupuesto-2023-para-una-nueva-era\\\/\",\"name\":\"Transporte eficiente, presupuesto 2023 para una nueva era -\",\"isPartOf\":{\"@id\":\"https:\\\/\\\/autofans.com.ar\\\/#website\"},\"primaryImageOfPage\":{\"@id\":\"https:\\\/\\\/autofans.com.ar\\\/index.php\\\/2023\\\/08\\\/28\\\/transporte-eficiente-presupuesto-2023-para-una-nueva-era\\\/#primaryimage\"},\"image\":{\"@id\":\"https:\\\/\\\/autofans.com.ar\\\/index.php\\\/2023\\\/08\\\/28\\\/transporte-eficiente-presupuesto-2023-para-una-nueva-era\\\/#primaryimage\"},\"thumbnailUrl\":\"https:\\\/\\\/autofans.com.ar\\\/wp-content\\\/uploads\\\/2023\\\/08\\\/foto-1-40.jpg\",\"datePublished\":\"2023-08-28T22:20:19+00:00\",\"author\":{\"@id\":\"https:\\\/\\\/autofans.com.ar\\\/#\\\/schema\\\/person\\\/4a8dda0b6df83ac3d6723e921274c2aa\"},\"description\":\"En un paso crucial hacia la optimizaci\u00f3n de un transporte eficiente en Argentina el Ministro Alexis Guerrera ha expuesto el Presupuesto 2023.\",\"breadcrumb\":{\"@id\":\"https:\\\/\\\/autofans.com.ar\\\/index.php\\\/2023\\\/08\\\/28\\\/transporte-eficiente-presupuesto-2023-para-una-nueva-era\\\/#breadcrumb\"},\"inLanguage\":\"es\",\"potentialAction\":[{\"@type\":\"ReadAction\",\"target\":[\"https:\\\/\\\/autofans.com.ar\\\/index.php\\\/2023\\\/08\\\/28\\\/transporte-eficiente-presupuesto-2023-para-una-nueva-era\\\/\"]}]},{\"@type\":\"ImageObject\",\"inLanguage\":\"es\",\"@id\":\"https:\\\/\\\/autofans.com.ar\\\/index.php\\\/2023\\\/08\\\/28\\\/transporte-eficiente-presupuesto-2023-para-una-nueva-era\\\/#primaryimage\",\"url\":\"https:\\\/\\\/autofans.com.ar\\\/wp-content\\\/uploads\\\/2023\\\/08\\\/foto-1-40.jpg\",\"contentUrl\":\"https:\\\/\\\/autofans.com.ar\\\/wp-content\\\/uploads\\\/2023\\\/08\\\/foto-1-40.jpg\",\"width\":1000,\"height\":667,\"caption\":\"Transporte eficiente\"},{\"@type\":\"BreadcrumbList\",\"@id\":\"https:\\\/\\\/autofans.com.ar\\\/index.php\\\/2023\\\/08\\\/28\\\/transporte-eficiente-presupuesto-2023-para-una-nueva-era\\\/#breadcrumb\",\"itemListElement\":[{\"@type\":\"ListItem\",\"position\":1,\"name\":\"Inicio\",\"item\":\"https:\\\/\\\/autofans.com.ar\\\/\"},{\"@type\":\"ListItem\",\"position\":2,\"name\":\"Transporte eficiente, presupuesto 2023 para una nueva era\"}]},{\"@type\":\"WebSite\",\"@id\":\"https:\\\/\\\/autofans.com.ar\\\/#website\",\"url\":\"https:\\\/\\\/autofans.com.ar\\\/\",\"name\":\"\",\"description\":\"El multimedio referente de la industria automotriz\",\"potentialAction\":[{\"@type\":\"SearchAction\",\"target\":{\"@type\":\"EntryPoint\",\"urlTemplate\":\"https:\\\/\\\/autofans.com.ar\\\/?s={search_term_string}\"},\"query-input\":{\"@type\":\"PropertyValueSpecification\",\"valueRequired\":true,\"valueName\":\"search_term_string\"}}],\"inLanguage\":\"es\"},{\"@type\":\"Person\",\"@id\":\"https:\\\/\\\/autofans.com.ar\\\/#\\\/schema\\\/person\\\/4a8dda0b6df83ac3d6723e921274c2aa\",\"name\":\"Alejandro Gabriel Rosito\",\"image\":{\"@type\":\"ImageObject\",\"inLanguage\":\"es\",\"@id\":\"https:\\\/\\\/secure.gravatar.com\\\/avatar\\\/16c5dda1489adfc62618084dcbb91cffd879c374b13fe5dd8e44ed6733852c88?s=96&d=mm&r=g\",\"url\":\"https:\\\/\\\/secure.gravatar.com\\\/avatar\\\/16c5dda1489adfc62618084dcbb91cffd879c374b13fe5dd8e44ed6733852c88?s=96&d=mm&r=g\",\"contentUrl\":\"https:\\\/\\\/secure.gravatar.com\\\/avatar\\\/16c5dda1489adfc62618084dcbb91cffd879c374b13fe5dd8e44ed6733852c88?s=96&d=mm&r=g\",\"caption\":\"Alejandro Gabriel Rosito\"},\"url\":\"https:\\\/\\\/autofans.com.ar\\\/index.php\\\/author\\\/gabrielr\\\/\"}]}<\/script>\n<!-- \/ Yoast SEO plugin. -->","yoast_head_json":{"title":"Transporte eficiente, presupuesto 2023 para una nueva era -","description":"En un paso crucial hacia la optimizaci\u00f3n de un transporte eficiente en Argentina el Ministro Alexis Guerrera ha expuesto el Presupuesto 2023.","robots":{"index":"index","follow":"follow","max-snippet":"max-snippet:-1","max-image-preview":"max-image-preview:large","max-video-preview":"max-video-preview:-1"},"canonical":"https:\/\/autofans.com.ar\/index.php\/2023\/08\/28\/transporte-eficiente-presupuesto-2023-para-una-nueva-era\/","og_locale":"es_ES","og_type":"article","og_title":"Transporte eficiente, presupuesto 2023 para una nueva era -","og_description":"En un paso crucial hacia la optimizaci\u00f3n de un transporte eficiente en Argentina el Ministro Alexis Guerrera ha expuesto el Presupuesto 2023.","og_url":"https:\/\/autofans.com.ar\/index.php\/2023\/08\/28\/transporte-eficiente-presupuesto-2023-para-una-nueva-era\/","article_published_time":"2023-08-28T22:20:19+00:00","og_image":[{"width":1000,"height":667,"url":"https:\/\/autofans.com.ar\/wp-content\/uploads\/2023\/08\/foto-1-40.jpg","type":"image\/jpeg"}],"author":"Alejandro Gabriel Rosito","twitter_card":"summary_large_image","twitter_misc":{"Escrito por":"Alejandro Gabriel Rosito","Tiempo de lectura":"2 minutos"},"schema":{"@context":"https:\/\/schema.org","@graph":[{"@type":"Article","@id":"https:\/\/autofans.com.ar\/index.php\/2023\/08\/28\/transporte-eficiente-presupuesto-2023-para-una-nueva-era\/#article","isPartOf":{"@id":"https:\/\/autofans.com.ar\/index.php\/2023\/08\/28\/transporte-eficiente-presupuesto-2023-para-una-nueva-era\/"},"author":{"name":"Alejandro Gabriel Rosito","@id":"https:\/\/autofans.com.ar\/#\/schema\/person\/4a8dda0b6df83ac3d6723e921274c2aa"},"headline":"Transporte eficiente, presupuesto 2023 para una nueva era","datePublished":"2023-08-28T22:20:19+00:00","mainEntityOfPage":{"@id":"https:\/\/autofans.com.ar\/index.php\/2023\/08\/28\/transporte-eficiente-presupuesto-2023-para-una-nueva-era\/"},"wordCount":356,"image":{"@id":"https:\/\/autofans.com.ar\/index.php\/2023\/08\/28\/transporte-eficiente-presupuesto-2023-para-una-nueva-era\/#primaryimage"},"thumbnailUrl":"https:\/\/autofans.com.ar\/wp-content\/uploads\/2023\/08\/foto-1-40.jpg","keywords":["conectividad","Eficiencia Log\u00edstica","Infraestructura de Transporte","Mejora del Transporte","Ministerio de Transporte","Presupuesto 2023"],"articleSection":["EMPRESAS","NOTICIAS"],"inLanguage":"es"},{"@type":"WebPage","@id":"https:\/\/autofans.com.ar\/index.php\/2023\/08\/28\/transporte-eficiente-presupuesto-2023-para-una-nueva-era\/","url":"https:\/\/autofans.com.ar\/index.php\/2023\/08\/28\/transporte-eficiente-presupuesto-2023-para-una-nueva-era\/","name":"Transporte eficiente, presupuesto 2023 para una nueva era -","isPartOf":{"@id":"https:\/\/autofans.com.ar\/#website"},"primaryImageOfPage":{"@id":"https:\/\/autofans.com.ar\/index.php\/2023\/08\/28\/transporte-eficiente-presupuesto-2023-para-una-nueva-era\/#primaryimage"},"image":{"@id":"https:\/\/autofans.com.ar\/index.php\/2023\/08\/28\/transporte-eficiente-presupuesto-2023-para-una-nueva-era\/#primaryimage"},"thumbnailUrl":"https:\/\/autofans.com.ar\/wp-content\/uploads\/2023\/08\/foto-1-40.jpg","datePublished":"2023-08-28T22:20:19+00:00","author":{"@id":"https:\/\/autofans.com.ar\/#\/schema\/person\/4a8dda0b6df83ac3d6723e921274c2aa"},"description":"En un paso crucial hacia la optimizaci\u00f3n de un transporte eficiente en Argentina el Ministro Alexis Guerrera ha expuesto el Presupuesto 2023.","breadcrumb":{"@id":"https:\/\/autofans.com.ar\/index.php\/2023\/08\/28\/transporte-eficiente-presupuesto-2023-para-una-nueva-era\/#breadcrumb"},"inLanguage":"es","potentialAction":[{"@type":"ReadAction","target":["https:\/\/autofans.com.ar\/index.php\/2023\/08\/28\/transporte-eficiente-presupuesto-2023-para-una-nueva-era\/"]}]},{"@type":"ImageObject","inLanguage":"es","@id":"https:\/\/autofans.com.ar\/index.php\/2023\/08\/28\/transporte-eficiente-presupuesto-2023-para-una-nueva-era\/#primaryimage","url":"https:\/\/autofans.com.ar\/wp-content\/uploads\/2023\/08\/foto-1-40.jpg","contentUrl":"https:\/\/autofans.com.ar\/wp-content\/uploads\/2023\/08\/foto-1-40.jpg","width":1000,"height":667,"caption":"Transporte eficiente"},{"@type":"BreadcrumbList","@id":"https:\/\/autofans.com.ar\/index.php\/2023\/08\/28\/transporte-eficiente-presupuesto-2023-para-una-nueva-era\/#breadcrumb","itemListElement":[{"@type":"ListItem","position":1,"name":"Inicio","item":"https:\/\/autofans.com.ar\/"},{"@type":"ListItem","position":2,"name":"Transporte eficiente, presupuesto 2023 para una nueva era"}]},{"@type":"WebSite","@id":"https:\/\/autofans.com.ar\/#website","url":"https:\/\/autofans.com.ar\/","name":"","description":"El multimedio referente de la industria automotriz","potentialAction":[{"@type":"SearchAction","target":{"@type":"EntryPoint","urlTemplate":"https:\/\/autofans.com.ar\/?s={search_term_string}"},"query-input":{"@type":"PropertyValueSpecification","valueRequired":true,"valueName":"search_term_string"}}],"inLanguage":"es"},{"@type":"Person","@id":"https:\/\/autofans.com.ar\/#\/schema\/person\/4a8dda0b6df83ac3d6723e921274c2aa","name":"Alejandro Gabriel Rosito","image":{"@type":"ImageObject","inLanguage":"es","@id":"https:\/\/secure.gravatar.com\/avatar\/16c5dda1489adfc62618084dcbb91cffd879c374b13fe5dd8e44ed6733852c88?s=96&d=mm&r=g","url":"https:\/\/secure.gravatar.com\/avatar\/16c5dda1489adfc62618084dcbb91cffd879c374b13fe5dd8e44ed6733852c88?s=96&d=mm&r=g","contentUrl":"https:\/\/secure.gravatar.com\/avatar\/16c5dda1489adfc62618084dcbb91cffd879c374b13fe5dd8e44ed6733852c88?s=96&d=mm&r=g","caption":"Alejandro Gabriel Rosito"},"url":"https:\/\/autofans.com.ar\/index.php\/author\/gabrielr\/"}]}},"featured_image_urls":{"full":["https:\/\/autofans.com.ar\/wp-content\/uploads\/2023\/08\/foto-1-40.jpg",1000,667,false],"thumbnail":["https:\/\/autofans.com.ar\/wp-content\/uploads\/2023\/08\/foto-1-40-150x150.jpg",150,150,true],"medium":["https:\/\/autofans.com.ar\/wp-content\/uploads\/2023\/08\/foto-1-40-300x200.jpg",300,200,true],"medium_large":["https:\/\/autofans.com.ar\/wp-content\/uploads\/2023\/08\/foto-1-40-768x512.jpg",640,427,true],"large":["https:\/\/autofans.com.ar\/wp-content\/uploads\/2023\/08\/foto-1-40.jpg",640,427,false],"1536x1536":["https:\/\/autofans.com.ar\/wp-content\/uploads\/2023\/08\/foto-1-40.jpg",1000,667,false],"2048x2048":["https:\/\/autofans.com.ar\/wp-content\/uploads\/2023\/08\/foto-1-40.jpg",1000,667,false],"covernews-featured":["https:\/\/autofans.com.ar\/wp-content\/uploads\/2023\/08\/foto-1-40.jpg",1000,667,false],"covernews-medium":["https:\/\/autofans.com.ar\/wp-content\/uploads\/2023\/08\/foto-1-40-540x340.jpg",540,340,true]},"author_info":{"display_name":"Alejandro Gabriel Rosito","author_link":"https:\/\/autofans.com.ar\/index.php\/author\/gabrielr\/"},"category_info":"<a href=\"https:\/\/autofans.com.ar\/index.php\/category\/noticias\/empresas\/\" rel=\"category tag\">EMPRESAS<\/a> <a href=\"https:\/\/autofans.com.ar\/index.php\/category\/noticias\/\" rel=\"category tag\">NOTICIAS<\/a>","tag_info":"NOTICIAS","comment_count":0,"_links":{"self":[{"href":"https:\/\/autofans.com.ar\/index.php\/wp-json\/wp\/v2\/posts\/4753","targetHints":{"allow":["GET"]}}],"collection":[{"href":"https:\/\/autofans.com.ar\/index.php\/wp-json\/wp\/v2\/posts"}],"about":[{"href":"https:\/\/autofans.com.ar\/index.php\/wp-json\/wp\/v2\/types\/post"}],"author":[{"embeddable":true,"href":"https:\/\/autofans.com.ar\/index.php\/wp-json\/wp\/v2\/users\/2"}],"replies":[{"embeddable":true,"href":"https:\/\/autofans.com.ar\/index.php\/wp-json\/wp\/v2\/comments?post=4753"}],"version-history":[{"count":1,"href":"https:\/\/autofans.com.ar\/index.php\/wp-json\/wp\/v2\/posts\/4753\/revisions"}],"predecessor-version":[{"id":4758,"href":"https:\/\/autofans.com.ar\/index.php\/wp-json\/wp\/v2\/posts\/4753\/revisions\/4758"}],"wp:featuredmedia":[{"embeddable":true,"href":"https:\/\/autofans.com.ar\/index.php\/wp-json\/wp\/v2\/media\/4757"}],"wp:attachment":[{"href":"https:\/\/autofans.com.ar\/index.php\/wp-json\/wp\/v2\/media?parent=4753"}],"wp:term":[{"taxonomy":"category","embeddable":true,"href":"https:\/\/autofans.com.ar\/index.php\/wp-json\/wp\/v2\/categories?post=4753"},{"taxonomy":"post_tag","embeddable":true,"href":"https:\/\/autofans.com.ar\/index.php\/wp-json\/wp\/v2\/tags?post=4753"}],"curies":[{"name":"wp","href":"https:\/\/api.w.org\/{rel}","templated":true}]}}