{"id":4764,"date":"2023-08-29T13:46:18","date_gmt":"2023-08-29T16:46:18","guid":{"rendered":"https:\/\/autofans.com.ar\/?p=4764"},"modified":"2023-08-29T13:46:18","modified_gmt":"2023-08-29T16:46:18","slug":"desafio-ruta-40-ypf-regresa-con-terrenos-desafiantes","status":"publish","type":"post","link":"https:\/\/autofans.com.ar\/index.php\/2023\/08\/29\/desafio-ruta-40-ypf-regresa-con-terrenos-desafiantes\/","title":{"rendered":"Desaf\u00edo Ruta 40 YPF regresa con terrenos desafiantes"},"content":{"rendered":"<p>El Desaf\u00edo Ruta 40 YPF est\u00e1 de regreso en el panorama deportivo argentino con una edici\u00f3n 2023 repleta de adrenalina y desaf\u00edos.<\/p>\n<p>&nbsp;<\/p>\n<h2>Desaf\u00edo Ruta 40 YPF 2023<\/h2>\n<p>Una semana repleta de acci\u00f3n aguarda a los fan\u00e1ticos del deporte motor argentino con el esperado retorno del Desaf\u00edo Ruta 40 YPF. Pablo Eli, la mente maestra detr\u00e1s del trazado de la ruta, anticipa cinco d\u00edas colmados de desaf\u00edos que pondr\u00e1n a prueba la destreza y tenacidad de los participantes.<\/p>\n<p>La competici\u00f3n arranca este fin de semana en La Rioja y se extender\u00e1 a lo largo de ciudades como Bel\u00e9n (Catamarca) y Salta. El 1 de septiembre, despu\u00e9s de cinco extenuantes jornadas de carreras, los valientes competidores ser\u00e1n premiados en una emocionante ceremonia en Salta.<\/p>\n<blockquote>\n<p style=\"text-align: center;\">Eli, responsable de trazar la ruta de la competencia, se mostr\u00f3 muy entusiasmado con el inicio de la edici\u00f3n 2023 de esta prueba y manifest\u00f3 que ser\u00e1 una muy buena semana deportiva: \u201cTenemos toda la ilusi\u00f3n de que va a ser una buena carrera ya que trabajamos mucho en la confecci\u00f3n de un roadbook que tenga un poco de todo. La gran variedad de terrenos que tenemos en La Rioja, Catamarca y Salta nos permite tener etapas muy entretenidas y exigentes\u201d, afirm\u00f3.<\/p>\n<p>&nbsp;<\/p><\/blockquote>\n<p><img fetchpriority=\"high\" decoding=\"async\" class=\"aligncenter wp-image-4766 size-full\" src=\"https:\/\/autofans.com.ar\/wp-content\/uploads\/2023\/08\/foto-1-42.jpg\" alt=\"Desaf\u00edo Ruta 40 YPF\" width=\"1000\" height=\"667\" srcset=\"https:\/\/autofans.com.ar\/wp-content\/uploads\/2023\/08\/foto-1-42.jpg 1000w, https:\/\/autofans.com.ar\/wp-content\/uploads\/2023\/08\/foto-1-42-300x200.jpg 300w, https:\/\/autofans.com.ar\/wp-content\/uploads\/2023\/08\/foto-1-42-768x512.jpg 768w\" sizes=\"(max-width: 1000px) 100vw, 1000px\" \/><\/p>\n<blockquote><p>\u201cVan a ser cinco jornadas muy intensas para las tripulaciones -continu\u00f3 Eli- ya que los especiales combinan sectores veloces, con lugares m\u00e1s trabados y rotos, como as\u00ed tambi\u00e9n mucha navegaci\u00f3n tanto a trav\u00e9s de r\u00edos secos, salares y por supuesto las dunas del oeste catamarque\u00f1o que son un paso casi obligado en cada edici\u00f3n del Desaf\u00edo Ruta 40\u201d.<\/p><\/blockquote>\n<p>El Bivouac de La Rioja abrir\u00e1 sus puertas el 26 de agosto, ofreciendo al p\u00fablico la oportunidad de participar en una serie de actividades y acercarse a los competidores. La emoci\u00f3n del <a href=\"https:\/\/autofans.com.ar\/index.php\/2023\/08\/26\/desafio-ruta-40-ypf-2023-emocion-en-la-recta-final\/\" target=\"_blank\" rel=\"noopener\">Desaf\u00edo Ruta 40<\/a> est\u00e1 a punto de desatarse en terrenos argentinos, \u00a1prepara tu esp\u00edritu aventurero!<\/p>\n<p>&nbsp;<\/p>\n<p><u>Acceso al campamento (Estadio Superdomo):\u00a0<\/u><\/p>\n<p>S\u00e1bado 26, domingo 27 y lunes 28\/8: 12 a 19horas<\/p>\n<p><u>Horarios del domingo 27\/8:<\/u><br \/>\n\u271315:00hs Pr\u00f3logo<br \/>\n\u271318:00hs Show de acrobacias a\u00e9reas de Jorge Malatini (Estadio Superdomo)<br \/>\n\u271318:20hs Show de Freestyle de Aylok y Jaff (Estadio Superdomo)<br \/>\n\u271318:30hs Elecci\u00f3n de orden de largada para Etapa 1 (Estadio Superdomo)<br \/>\n\u271319:30hs Ceremonia largada (Estadio Superdomo)<\/p>\n<p>&nbsp;<\/p>\n<p><i>Para enterarte de m\u00e1s novedades, no dejes de leer\u00a0<\/i><a href=\"https:\/\/autofans.thebrandsoup.com\/\"><i>nuestras notas<\/i><\/a><i>, de ver<\/i><b><i>\u00a0<\/i><\/b><a href=\"https:\/\/www.youtube.com\/channel\/UCgAC8UGHZYbT6P7PpmVnP7g\"><b><i>AUTOFANS TV<\/i><\/b><\/a><b><i>\u00a0<\/i><\/b><i>en nuestro\u00a0canal de Youtube. Adem\u00e1s seguinos en\u00a0<\/i><a href=\"https:\/\/www.instagram.com\/autofanstv\/\"><i>INSTAGRAM<\/i><\/a><i> y <\/i><a href=\"https:\/\/www.facebook.com\/autofansmas\/\"><i>FACEBOOK<\/i><\/a><i> para no perderte nada sobre las novedades del segmento automotor de Argentina y el mundo.<\/i><\/p>\n","protected":false},"excerpt":{"rendered":"<p>El Desaf\u00edo Ruta 40 YPF est\u00e1 de regreso en el panorama deportivo argentino con una&#8230;<\/p>\n","protected":false},"author":2,"featured_media":4765,"comment_status":"closed","ping_status":"closed","sticky":false,"template":"","format":"standard","meta":{"footnotes":""},"categories":[127,16],"tags":[2374,1268,2377,2288,2376,2375,141,2296],"class_list":["post-4764","post","type-post","status-publish","format-standard","has-post-thumbnail","hentry","category-deporte","category-noticias","tag-carreraoffroad","tag-deportemotor","tag-desafioruta40","tag-desafioruta40ypf","tag-emociontodoterreno","tag-rallycrosscountry","tag-ypf","tag-ypfoficial"],"yoast_head":"<!-- This site is optimized with the Yoast SEO plugin v27.5 - https:\/\/yoast.com\/product\/yoast-seo-wordpress\/ -->\n<title>Desaf\u00edo Ruta 40 YPF regresa con terrenos desafiantes -<\/title>\n<meta name=\"description\" content=\"El Desaf\u00edo Ruta 40 YPF est\u00e1 de regreso en el panorama deportivo argentino con una edici\u00f3n 2023 repleta de adrenalina y desaf\u00edos...\" \/>\n<meta name=\"robots\" content=\"index, follow, max-snippet:-1, max-image-preview:large, max-video-preview:-1\" \/>\n<link rel=\"canonical\" href=\"https:\/\/autofans.com.ar\/index.php\/2023\/08\/29\/desafio-ruta-40-ypf-regresa-con-terrenos-desafiantes\/\" \/>\n<meta property=\"og:locale\" content=\"es_ES\" \/>\n<meta property=\"og:type\" content=\"article\" \/>\n<meta property=\"og:title\" content=\"Desaf\u00edo Ruta 40 YPF regresa con terrenos desafiantes -\" \/>\n<meta property=\"og:description\" content=\"El Desaf\u00edo Ruta 40 YPF est\u00e1 de regreso en el panorama deportivo argentino con una edici\u00f3n 2023 repleta de adrenalina y desaf\u00edos...\" \/>\n<meta property=\"og:url\" content=\"https:\/\/autofans.com.ar\/index.php\/2023\/08\/29\/desafio-ruta-40-ypf-regresa-con-terrenos-desafiantes\/\" \/>\n<meta property=\"article:published_time\" content=\"2023-08-29T16:46:18+00:00\" \/>\n<meta property=\"og:image\" content=\"https:\/\/autofans.com.ar\/wp-content\/uploads\/2023\/08\/foto-2-41.jpg\" \/>\n\t<meta property=\"og:image:width\" content=\"1000\" \/>\n\t<meta property=\"og:image:height\" content=\"667\" \/>\n\t<meta property=\"og:image:type\" content=\"image\/jpeg\" \/>\n<meta name=\"author\" content=\"Alejandro Gabriel Rosito\" \/>\n<meta name=\"twitter:card\" content=\"summary_large_image\" \/>\n<meta name=\"twitter:label1\" content=\"Escrito por\" \/>\n\t<meta name=\"twitter:data1\" content=\"Alejandro Gabriel Rosito\" \/>\n\t<meta name=\"twitter:label2\" content=\"Tiempo de lectura\" \/>\n\t<meta name=\"twitter:data2\" content=\"2 minutos\" \/>\n<script type=\"application\/ld+json\" class=\"yoast-schema-graph\">{\"@context\":\"https:\\\/\\\/schema.org\",\"@graph\":[{\"@type\":\"Article\",\"@id\":\"https:\\\/\\\/autofans.com.ar\\\/index.php\\\/2023\\\/08\\\/29\\\/desafio-ruta-40-ypf-regresa-con-terrenos-desafiantes\\\/#article\",\"isPartOf\":{\"@id\":\"https:\\\/\\\/autofans.com.ar\\\/index.php\\\/2023\\\/08\\\/29\\\/desafio-ruta-40-ypf-regresa-con-terrenos-desafiantes\\\/\"},\"author\":{\"name\":\"Alejandro Gabriel Rosito\",\"@id\":\"https:\\\/\\\/autofans.com.ar\\\/#\\\/schema\\\/person\\\/4a8dda0b6df83ac3d6723e921274c2aa\"},\"headline\":\"Desaf\u00edo Ruta 40 YPF regresa con terrenos desafiantes\",\"datePublished\":\"2023-08-29T16:46:18+00:00\",\"mainEntityOfPage\":{\"@id\":\"https:\\\/\\\/autofans.com.ar\\\/index.php\\\/2023\\\/08\\\/29\\\/desafio-ruta-40-ypf-regresa-con-terrenos-desafiantes\\\/\"},\"wordCount\":439,\"image\":{\"@id\":\"https:\\\/\\\/autofans.com.ar\\\/index.php\\\/2023\\\/08\\\/29\\\/desafio-ruta-40-ypf-regresa-con-terrenos-desafiantes\\\/#primaryimage\"},\"thumbnailUrl\":\"https:\\\/\\\/autofans.com.ar\\\/wp-content\\\/uploads\\\/2023\\\/08\\\/foto-2-41.jpg\",\"keywords\":[\"CarreraOffRoad\",\"DeporteMotor\",\"Desaf\u00edoRuta40\",\"Desaf\u00edoRuta40YPF\",\"Emoci\u00f3nTodoTerreno\",\"RallyCrossCountry\",\"ypf\",\"YPFoficial\"],\"articleSection\":[\"DEPORTE MOTOR\",\"NOTICIAS\"],\"inLanguage\":\"es\"},{\"@type\":\"WebPage\",\"@id\":\"https:\\\/\\\/autofans.com.ar\\\/index.php\\\/2023\\\/08\\\/29\\\/desafio-ruta-40-ypf-regresa-con-terrenos-desafiantes\\\/\",\"url\":\"https:\\\/\\\/autofans.com.ar\\\/index.php\\\/2023\\\/08\\\/29\\\/desafio-ruta-40-ypf-regresa-con-terrenos-desafiantes\\\/\",\"name\":\"Desaf\u00edo Ruta 40 YPF regresa con terrenos desafiantes -\",\"isPartOf\":{\"@id\":\"https:\\\/\\\/autofans.com.ar\\\/#website\"},\"primaryImageOfPage\":{\"@id\":\"https:\\\/\\\/autofans.com.ar\\\/index.php\\\/2023\\\/08\\\/29\\\/desafio-ruta-40-ypf-regresa-con-terrenos-desafiantes\\\/#primaryimage\"},\"image\":{\"@id\":\"https:\\\/\\\/autofans.com.ar\\\/index.php\\\/2023\\\/08\\\/29\\\/desafio-ruta-40-ypf-regresa-con-terrenos-desafiantes\\\/#primaryimage\"},\"thumbnailUrl\":\"https:\\\/\\\/autofans.com.ar\\\/wp-content\\\/uploads\\\/2023\\\/08\\\/foto-2-41.jpg\",\"datePublished\":\"2023-08-29T16:46:18+00:00\",\"author\":{\"@id\":\"https:\\\/\\\/autofans.com.ar\\\/#\\\/schema\\\/person\\\/4a8dda0b6df83ac3d6723e921274c2aa\"},\"description\":\"El Desaf\u00edo Ruta 40 YPF est\u00e1 de regreso en el panorama deportivo argentino con una edici\u00f3n 2023 repleta de adrenalina y desaf\u00edos...\",\"breadcrumb\":{\"@id\":\"https:\\\/\\\/autofans.com.ar\\\/index.php\\\/2023\\\/08\\\/29\\\/desafio-ruta-40-ypf-regresa-con-terrenos-desafiantes\\\/#breadcrumb\"},\"inLanguage\":\"es\",\"potentialAction\":[{\"@type\":\"ReadAction\",\"target\":[\"https:\\\/\\\/autofans.com.ar\\\/index.php\\\/2023\\\/08\\\/29\\\/desafio-ruta-40-ypf-regresa-con-terrenos-desafiantes\\\/\"]}]},{\"@type\":\"ImageObject\",\"inLanguage\":\"es\",\"@id\":\"https:\\\/\\\/autofans.com.ar\\\/index.php\\\/2023\\\/08\\\/29\\\/desafio-ruta-40-ypf-regresa-con-terrenos-desafiantes\\\/#primaryimage\",\"url\":\"https:\\\/\\\/autofans.com.ar\\\/wp-content\\\/uploads\\\/2023\\\/08\\\/foto-2-41.jpg\",\"contentUrl\":\"https:\\\/\\\/autofans.com.ar\\\/wp-content\\\/uploads\\\/2023\\\/08\\\/foto-2-41.jpg\",\"width\":1000,\"height\":667,\"caption\":\"Desaf\u00edo Ruta 40 YPF\"},{\"@type\":\"BreadcrumbList\",\"@id\":\"https:\\\/\\\/autofans.com.ar\\\/index.php\\\/2023\\\/08\\\/29\\\/desafio-ruta-40-ypf-regresa-con-terrenos-desafiantes\\\/#breadcrumb\",\"itemListElement\":[{\"@type\":\"ListItem\",\"position\":1,\"name\":\"Inicio\",\"item\":\"https:\\\/\\\/autofans.com.ar\\\/\"},{\"@type\":\"ListItem\",\"position\":2,\"name\":\"Desaf\u00edo Ruta 40 YPF regresa con terrenos desafiantes\"}]},{\"@type\":\"WebSite\",\"@id\":\"https:\\\/\\\/autofans.com.ar\\\/#website\",\"url\":\"https:\\\/\\\/autofans.com.ar\\\/\",\"name\":\"\",\"description\":\"El multimedio referente de la industria automotriz\",\"potentialAction\":[{\"@type\":\"SearchAction\",\"target\":{\"@type\":\"EntryPoint\",\"urlTemplate\":\"https:\\\/\\\/autofans.com.ar\\\/?s={search_term_string}\"},\"query-input\":{\"@type\":\"PropertyValueSpecification\",\"valueRequired\":true,\"valueName\":\"search_term_string\"}}],\"inLanguage\":\"es\"},{\"@type\":\"Person\",\"@id\":\"https:\\\/\\\/autofans.com.ar\\\/#\\\/schema\\\/person\\\/4a8dda0b6df83ac3d6723e921274c2aa\",\"name\":\"Alejandro Gabriel Rosito\",\"image\":{\"@type\":\"ImageObject\",\"inLanguage\":\"es\",\"@id\":\"https:\\\/\\\/secure.gravatar.com\\\/avatar\\\/16c5dda1489adfc62618084dcbb91cffd879c374b13fe5dd8e44ed6733852c88?s=96&d=mm&r=g\",\"url\":\"https:\\\/\\\/secure.gravatar.com\\\/avatar\\\/16c5dda1489adfc62618084dcbb91cffd879c374b13fe5dd8e44ed6733852c88?s=96&d=mm&r=g\",\"contentUrl\":\"https:\\\/\\\/secure.gravatar.com\\\/avatar\\\/16c5dda1489adfc62618084dcbb91cffd879c374b13fe5dd8e44ed6733852c88?s=96&d=mm&r=g\",\"caption\":\"Alejandro Gabriel Rosito\"},\"url\":\"https:\\\/\\\/autofans.com.ar\\\/index.php\\\/author\\\/gabrielr\\\/\"}]}<\/script>\n<!-- \/ Yoast SEO plugin. -->","yoast_head_json":{"title":"Desaf\u00edo Ruta 40 YPF regresa con terrenos desafiantes -","description":"El Desaf\u00edo Ruta 40 YPF est\u00e1 de regreso en el panorama deportivo argentino con una edici\u00f3n 2023 repleta de adrenalina y desaf\u00edos...","robots":{"index":"index","follow":"follow","max-snippet":"max-snippet:-1","max-image-preview":"max-image-preview:large","max-video-preview":"max-video-preview:-1"},"canonical":"https:\/\/autofans.com.ar\/index.php\/2023\/08\/29\/desafio-ruta-40-ypf-regresa-con-terrenos-desafiantes\/","og_locale":"es_ES","og_type":"article","og_title":"Desaf\u00edo Ruta 40 YPF regresa con terrenos desafiantes -","og_description":"El Desaf\u00edo Ruta 40 YPF est\u00e1 de regreso en el panorama deportivo argentino con una edici\u00f3n 2023 repleta de adrenalina y desaf\u00edos...","og_url":"https:\/\/autofans.com.ar\/index.php\/2023\/08\/29\/desafio-ruta-40-ypf-regresa-con-terrenos-desafiantes\/","article_published_time":"2023-08-29T16:46:18+00:00","og_image":[{"width":1000,"height":667,"url":"https:\/\/autofans.com.ar\/wp-content\/uploads\/2023\/08\/foto-2-41.jpg","type":"image\/jpeg"}],"author":"Alejandro Gabriel Rosito","twitter_card":"summary_large_image","twitter_misc":{"Escrito por":"Alejandro Gabriel Rosito","Tiempo de lectura":"2 minutos"},"schema":{"@context":"https:\/\/schema.org","@graph":[{"@type":"Article","@id":"https:\/\/autofans.com.ar\/index.php\/2023\/08\/29\/desafio-ruta-40-ypf-regresa-con-terrenos-desafiantes\/#article","isPartOf":{"@id":"https:\/\/autofans.com.ar\/index.php\/2023\/08\/29\/desafio-ruta-40-ypf-regresa-con-terrenos-desafiantes\/"},"author":{"name":"Alejandro Gabriel Rosito","@id":"https:\/\/autofans.com.ar\/#\/schema\/person\/4a8dda0b6df83ac3d6723e921274c2aa"},"headline":"Desaf\u00edo Ruta 40 YPF regresa con terrenos desafiantes","datePublished":"2023-08-29T16:46:18+00:00","mainEntityOfPage":{"@id":"https:\/\/autofans.com.ar\/index.php\/2023\/08\/29\/desafio-ruta-40-ypf-regresa-con-terrenos-desafiantes\/"},"wordCount":439,"image":{"@id":"https:\/\/autofans.com.ar\/index.php\/2023\/08\/29\/desafio-ruta-40-ypf-regresa-con-terrenos-desafiantes\/#primaryimage"},"thumbnailUrl":"https:\/\/autofans.com.ar\/wp-content\/uploads\/2023\/08\/foto-2-41.jpg","keywords":["CarreraOffRoad","DeporteMotor","Desaf\u00edoRuta40","Desaf\u00edoRuta40YPF","Emoci\u00f3nTodoTerreno","RallyCrossCountry","ypf","YPFoficial"],"articleSection":["DEPORTE MOTOR","NOTICIAS"],"inLanguage":"es"},{"@type":"WebPage","@id":"https:\/\/autofans.com.ar\/index.php\/2023\/08\/29\/desafio-ruta-40-ypf-regresa-con-terrenos-desafiantes\/","url":"https:\/\/autofans.com.ar\/index.php\/2023\/08\/29\/desafio-ruta-40-ypf-regresa-con-terrenos-desafiantes\/","name":"Desaf\u00edo Ruta 40 YPF regresa con terrenos desafiantes -","isPartOf":{"@id":"https:\/\/autofans.com.ar\/#website"},"primaryImageOfPage":{"@id":"https:\/\/autofans.com.ar\/index.php\/2023\/08\/29\/desafio-ruta-40-ypf-regresa-con-terrenos-desafiantes\/#primaryimage"},"image":{"@id":"https:\/\/autofans.com.ar\/index.php\/2023\/08\/29\/desafio-ruta-40-ypf-regresa-con-terrenos-desafiantes\/#primaryimage"},"thumbnailUrl":"https:\/\/autofans.com.ar\/wp-content\/uploads\/2023\/08\/foto-2-41.jpg","datePublished":"2023-08-29T16:46:18+00:00","author":{"@id":"https:\/\/autofans.com.ar\/#\/schema\/person\/4a8dda0b6df83ac3d6723e921274c2aa"},"description":"El Desaf\u00edo Ruta 40 YPF est\u00e1 de regreso en el panorama deportivo argentino con una edici\u00f3n 2023 repleta de adrenalina y desaf\u00edos...","breadcrumb":{"@id":"https:\/\/autofans.com.ar\/index.php\/2023\/08\/29\/desafio-ruta-40-ypf-regresa-con-terrenos-desafiantes\/#breadcrumb"},"inLanguage":"es","potentialAction":[{"@type":"ReadAction","target":["https:\/\/autofans.com.ar\/index.php\/2023\/08\/29\/desafio-ruta-40-ypf-regresa-con-terrenos-desafiantes\/"]}]},{"@type":"ImageObject","inLanguage":"es","@id":"https:\/\/autofans.com.ar\/index.php\/2023\/08\/29\/desafio-ruta-40-ypf-regresa-con-terrenos-desafiantes\/#primaryimage","url":"https:\/\/autofans.com.ar\/wp-content\/uploads\/2023\/08\/foto-2-41.jpg","contentUrl":"https:\/\/autofans.com.ar\/wp-content\/uploads\/2023\/08\/foto-2-41.jpg","width":1000,"height":667,"caption":"Desaf\u00edo Ruta 40 YPF"},{"@type":"BreadcrumbList","@id":"https:\/\/autofans.com.ar\/index.php\/2023\/08\/29\/desafio-ruta-40-ypf-regresa-con-terrenos-desafiantes\/#breadcrumb","itemListElement":[{"@type":"ListItem","position":1,"name":"Inicio","item":"https:\/\/autofans.com.ar\/"},{"@type":"ListItem","position":2,"name":"Desaf\u00edo Ruta 40 YPF regresa con terrenos desafiantes"}]},{"@type":"WebSite","@id":"https:\/\/autofans.com.ar\/#website","url":"https:\/\/autofans.com.ar\/","name":"","description":"El multimedio referente de la industria automotriz","potentialAction":[{"@type":"SearchAction","target":{"@type":"EntryPoint","urlTemplate":"https:\/\/autofans.com.ar\/?s={search_term_string}"},"query-input":{"@type":"PropertyValueSpecification","valueRequired":true,"valueName":"search_term_string"}}],"inLanguage":"es"},{"@type":"Person","@id":"https:\/\/autofans.com.ar\/#\/schema\/person\/4a8dda0b6df83ac3d6723e921274c2aa","name":"Alejandro Gabriel Rosito","image":{"@type":"ImageObject","inLanguage":"es","@id":"https:\/\/secure.gravatar.com\/avatar\/16c5dda1489adfc62618084dcbb91cffd879c374b13fe5dd8e44ed6733852c88?s=96&d=mm&r=g","url":"https:\/\/secure.gravatar.com\/avatar\/16c5dda1489adfc62618084dcbb91cffd879c374b13fe5dd8e44ed6733852c88?s=96&d=mm&r=g","contentUrl":"https:\/\/secure.gravatar.com\/avatar\/16c5dda1489adfc62618084dcbb91cffd879c374b13fe5dd8e44ed6733852c88?s=96&d=mm&r=g","caption":"Alejandro Gabriel Rosito"},"url":"https:\/\/autofans.com.ar\/index.php\/author\/gabrielr\/"}]}},"featured_image_urls":{"full":["https:\/\/autofans.com.ar\/wp-content\/uploads\/2023\/08\/foto-2-41.jpg",1000,667,false],"thumbnail":["https:\/\/autofans.com.ar\/wp-content\/uploads\/2023\/08\/foto-2-41-150x150.jpg",150,150,true],"medium":["https:\/\/autofans.com.ar\/wp-content\/uploads\/2023\/08\/foto-2-41-300x200.jpg",300,200,true],"medium_large":["https:\/\/autofans.com.ar\/wp-content\/uploads\/2023\/08\/foto-2-41-768x512.jpg",640,427,true],"large":["https:\/\/autofans.com.ar\/wp-content\/uploads\/2023\/08\/foto-2-41.jpg",640,427,false],"1536x1536":["https:\/\/autofans.com.ar\/wp-content\/uploads\/2023\/08\/foto-2-41.jpg",1000,667,false],"2048x2048":["https:\/\/autofans.com.ar\/wp-content\/uploads\/2023\/08\/foto-2-41.jpg",1000,667,false],"covernews-featured":["https:\/\/autofans.com.ar\/wp-content\/uploads\/2023\/08\/foto-2-41.jpg",1000,667,false],"covernews-medium":["https:\/\/autofans.com.ar\/wp-content\/uploads\/2023\/08\/foto-2-41-540x340.jpg",540,340,true]},"author_info":{"display_name":"Alejandro Gabriel Rosito","author_link":"https:\/\/autofans.com.ar\/index.php\/author\/gabrielr\/"},"category_info":"<a href=\"https:\/\/autofans.com.ar\/index.php\/category\/noticias\/deporte\/\" rel=\"category tag\">DEPORTE MOTOR<\/a> <a href=\"https:\/\/autofans.com.ar\/index.php\/category\/noticias\/\" rel=\"category tag\">NOTICIAS<\/a>","tag_info":"NOTICIAS","comment_count":0,"_links":{"self":[{"href":"https:\/\/autofans.com.ar\/index.php\/wp-json\/wp\/v2\/posts\/4764","targetHints":{"allow":["GET"]}}],"collection":[{"href":"https:\/\/autofans.com.ar\/index.php\/wp-json\/wp\/v2\/posts"}],"about":[{"href":"https:\/\/autofans.com.ar\/index.php\/wp-json\/wp\/v2\/types\/post"}],"author":[{"embeddable":true,"href":"https:\/\/autofans.com.ar\/index.php\/wp-json\/wp\/v2\/users\/2"}],"replies":[{"embeddable":true,"href":"https:\/\/autofans.com.ar\/index.php\/wp-json\/wp\/v2\/comments?post=4764"}],"version-history":[{"count":7,"href":"https:\/\/autofans.com.ar\/index.php\/wp-json\/wp\/v2\/posts\/4764\/revisions"}],"predecessor-version":[{"id":4773,"href":"https:\/\/autofans.com.ar\/index.php\/wp-json\/wp\/v2\/posts\/4764\/revisions\/4773"}],"wp:featuredmedia":[{"embeddable":true,"href":"https:\/\/autofans.com.ar\/index.php\/wp-json\/wp\/v2\/media\/4765"}],"wp:attachment":[{"href":"https:\/\/autofans.com.ar\/index.php\/wp-json\/wp\/v2\/media?parent=4764"}],"wp:term":[{"taxonomy":"category","embeddable":true,"href":"https:\/\/autofans.com.ar\/index.php\/wp-json\/wp\/v2\/categories?post=4764"},{"taxonomy":"post_tag","embeddable":true,"href":"https:\/\/autofans.com.ar\/index.php\/wp-json\/wp\/v2\/tags?post=4764"}],"curies":[{"name":"wp","href":"https:\/\/api.w.org\/{rel}","templated":true}]}}