{"id":4783,"date":"2023-08-30T10:19:27","date_gmt":"2023-08-30T13:19:27","guid":{"rendered":"https:\/\/autofans.com.ar\/?p=4783"},"modified":"2023-08-30T10:19:27","modified_gmt":"2023-08-30T13:19:27","slug":"nuevo-citroen-c3-aircross","status":"publish","type":"post","link":"https:\/\/autofans.com.ar\/index.php\/2023\/08\/30\/nuevo-citroen-c3-aircross\/","title":{"rendered":"Nuevo Citro\u00ebn C3 Aircross"},"content":{"rendered":"<p>El nuevo SUV Citro\u00ebn C3 Aircross est\u00e1 redefiniendo el juego en el mundo automotor. Vanessa Castanho, la vicepresidenta de Citro\u00ebn para Am\u00e9rica del Sur, nos revela en un video exclusivo las caracter\u00edsticas que hacen brillar a este modelo. Adem\u00e1s de su versatilidad, su caja de cambios de 7 velocidades con opci\u00f3n de cambios secuenciales promete una experiencia de conducci\u00f3n sin igual.<\/p>\n<p>&nbsp;<\/p>\n<p><center><iframe title=\"C3 Aircross de Citro\u00ebn - Revolucionando el Espacio y la Experiencia\" width=\"640\" height=\"360\" src=\"https:\/\/www.youtube.com\/embed\/eiJZyZZtgnE?feature=oembed\" frameborder=\"0\" allow=\"accelerometer; autoplay; clipboard-write; encrypted-media; gyroscope; picture-in-picture; web-share\" referrerpolicy=\"strict-origin-when-cross-origin\" allowfullscreen><\/iframe><\/p>\n<p>&nbsp;<\/p>\n<p>&nbsp;<\/p>\n<p><\/center>&nbsp;<\/p>\n<h2>Explora las sorprendentes novedades del nuevo C3 Aircross<\/h2>\n<p>Citro\u00ebn Sudam\u00e9rica contin\u00faa sorprendi\u00e9ndonos con los avances del Nuevo C3 Aircross. Vanessa Castanho, vicepresidenta de Citro\u00ebn para Am\u00e9rica del Sur, nos lleva de la mano a trav\u00e9s de un emocionante viaje por las novedades de este SUV innovador. El C3 Aircross redefine el concepto de versatilidad.<\/p>\n<p>&nbsp;<\/p>\n<p><img fetchpriority=\"high\" decoding=\"async\" class=\"aligncenter wp-image-4786 size-full\" src=\"https:\/\/autofans.com.ar\/wp-content\/uploads\/2023\/08\/foto-1-44.jpg\" alt=\"Citro\u00ebn C3 Aircross\" width=\"1000\" height=\"667\" srcset=\"https:\/\/autofans.com.ar\/wp-content\/uploads\/2023\/08\/foto-1-44.jpg 1000w, https:\/\/autofans.com.ar\/wp-content\/uploads\/2023\/08\/foto-1-44-300x200.jpg 300w, https:\/\/autofans.com.ar\/wp-content\/uploads\/2023\/08\/foto-1-44-768x512.jpg 768w\" sizes=\"(max-width: 1000px) 100vw, 1000px\" \/><\/p>\n<p>&nbsp;<\/p>\n<p>Una de las innovaciones m\u00e1s emocionantes es la caja de cambios de 7 velocidades, que ofrece cambios secuenciales para una experiencia de manejo personalizada. Esta caracter\u00edstica, previamente no revelada, promete impulsar la emoci\u00f3n de conducir a un nuevo nivel.<\/p>\n<p>&nbsp;<\/p>\n<h2>Espacio y funcionalidad<\/h2>\n<p>En todas sus versiones, el Nuevo C3 Aircross supera a sus competidores directos con un ba\u00fal espacioso y funcional, capaz de acomodar todas tus necesidades de carga. Su capacidad de hasta 489 litros, medida seg\u00fan el est\u00e1ndar VDA, lo coloca a la vanguardia en t\u00e9rminos de utilidad y practicidad.<\/p>\n<p>&nbsp;<\/p>\n<p><img decoding=\"async\" class=\"aligncenter wp-image-4785 size-full\" src=\"https:\/\/autofans.com.ar\/wp-content\/uploads\/2023\/08\/foto-2-43.jpg\" alt=\"Citro\u00ebn C3 Aircross\" width=\"1000\" height=\"667\" srcset=\"https:\/\/autofans.com.ar\/wp-content\/uploads\/2023\/08\/foto-2-43.jpg 1000w, https:\/\/autofans.com.ar\/wp-content\/uploads\/2023\/08\/foto-2-43-300x200.jpg 300w, https:\/\/autofans.com.ar\/wp-content\/uploads\/2023\/08\/foto-2-43-768x512.jpg 768w\" sizes=\"(max-width: 1000px) 100vw, 1000px\" \/><\/p>\n<p>&nbsp;<\/p>\n<p>El interior no se queda atr\u00e1s. Con un panel digital personalizable de 7 pulgadas de alta resoluci\u00f3n, limitador y regulador de velocidad, y un sistema de ventilaci\u00f3n suplementario para las filas traseras, cada detalle est\u00e1 dise\u00f1ado para proporcionar comodidad y conveniencia.<\/p>\n<p>El Nuevo <a href=\"https:\/\/autofans.com.ar\/index.php\/2023\/06\/27\/descubre-el-nuevo-citroen-c3-aircross\/\" target=\"_blank\" rel=\"noopener\">C3 Aircross<\/a> es el segundo producto del proyecto C-Cubo y se fabricar\u00e1 en el Polo Industrial Stellantis en Porto Real (RJ). Prep\u00e1rate para una nueva era de conducci\u00f3n emocionante y funcionalidad sin compromisos.<\/p>\n<p>&nbsp;<\/p>\n<p>&nbsp;<\/p>\n<p><i>Para enterarte de m\u00e1s novedades, no dejes de leer\u00a0<\/i><a href=\"https:\/\/autofans.thebrandsoup.com\/\"><i>nuestras notas<\/i><\/a><i>, de ver<\/i><b><i>\u00a0<\/i><\/b><a href=\"https:\/\/www.youtube.com\/channel\/UCgAC8UGHZYbT6P7PpmVnP7g\"><b><i>AUTOFANS TV<\/i><\/b><\/a><b><i>\u00a0<\/i><\/b><i>en nuestro\u00a0canal de Youtube. Adem\u00e1s seguinos en\u00a0<\/i><a href=\"https:\/\/www.instagram.com\/autofanstv\/\"><i>INSTAGRAM<\/i><\/a><i> y <\/i><a href=\"https:\/\/www.facebook.com\/autofansmas\/\"><i>FACEBOOK<\/i><\/a><i> para no perderte nada sobre las novedades del segmento automotor de Argentina y el mundo.<\/i><\/p>\n<p><i><span class=\"Apple-converted-space\">\u00a0<\/span><\/i><\/p>\n","protected":false},"excerpt":{"rendered":"<p>El nuevo SUV Citro\u00ebn C3 Aircross est\u00e1 redefiniendo el juego en el mundo automotor. Vanessa&#8230;<\/p>\n","protected":false},"author":2,"featured_media":4784,"comment_status":"closed","ping_status":"closed","sticky":false,"template":"","format":"standard","meta":{"footnotes":""},"categories":[3,16],"tags":[2385,2386,284,2389,2388,2384,2383,2387],"class_list":["post-4783","post","type-post","status-publish","format-standard","has-post-thumbnail","hentry","category-autos","category-noticias","tag-baul-espacioso","tag-caja-de-cambios-secuenciales","tag-capacidad-de-carga","tag-comodidad-interior","tag-experiencian-de-manejo","tag-innovaciones-automotor","tag-suv-citroen-c3-aircross","tag-versatilidad-suv"],"yoast_head":"<!-- This site is optimized with the Yoast SEO plugin v27.5 - https:\/\/yoast.com\/product\/yoast-seo-wordpress\/ -->\n<title>Nuevo Citro\u00ebn C3 Aircross -<\/title>\n<meta name=\"description\" content=\"Citro\u00ebn C3 Aircross est\u00e1 redefiniendo el juego en el mundo automotor. Con capacidad para siete personas y un amplio ba\u00fal de 489 litros...\" \/>\n<meta name=\"robots\" content=\"index, follow, max-snippet:-1, max-image-preview:large, max-video-preview:-1\" \/>\n<link rel=\"canonical\" href=\"https:\/\/autofans.com.ar\/index.php\/2023\/08\/30\/nuevo-citroen-c3-aircross\/\" \/>\n<meta property=\"og:locale\" content=\"es_ES\" \/>\n<meta property=\"og:type\" content=\"article\" \/>\n<meta property=\"og:title\" content=\"Nuevo Citro\u00ebn C3 Aircross -\" \/>\n<meta property=\"og:description\" content=\"Citro\u00ebn C3 Aircross est\u00e1 redefiniendo el juego en el mundo automotor. Con capacidad para siete personas y un amplio ba\u00fal de 489 litros...\" \/>\n<meta property=\"og:url\" content=\"https:\/\/autofans.com.ar\/index.php\/2023\/08\/30\/nuevo-citroen-c3-aircross\/\" \/>\n<meta property=\"article:published_time\" content=\"2023-08-30T13:19:27+00:00\" \/>\n<meta property=\"og:image\" content=\"https:\/\/autofans.com.ar\/wp-content\/uploads\/2023\/08\/foto-3-35.jpg\" \/>\n\t<meta property=\"og:image:width\" content=\"1000\" \/>\n\t<meta property=\"og:image:height\" content=\"667\" \/>\n\t<meta property=\"og:image:type\" content=\"image\/jpeg\" \/>\n<meta name=\"author\" content=\"Alejandro Gabriel Rosito\" \/>\n<meta name=\"twitter:card\" content=\"summary_large_image\" \/>\n<meta name=\"twitter:label1\" content=\"Escrito por\" \/>\n\t<meta name=\"twitter:data1\" content=\"Alejandro Gabriel Rosito\" \/>\n\t<meta name=\"twitter:label2\" content=\"Tiempo de lectura\" \/>\n\t<meta name=\"twitter:data2\" content=\"2 minutos\" \/>\n<script type=\"application\/ld+json\" class=\"yoast-schema-graph\">{\"@context\":\"https:\\\/\\\/schema.org\",\"@graph\":[{\"@type\":\"Article\",\"@id\":\"https:\\\/\\\/autofans.com.ar\\\/index.php\\\/2023\\\/08\\\/30\\\/nuevo-citroen-c3-aircross\\\/#article\",\"isPartOf\":{\"@id\":\"https:\\\/\\\/autofans.com.ar\\\/index.php\\\/2023\\\/08\\\/30\\\/nuevo-citroen-c3-aircross\\\/\"},\"author\":{\"name\":\"Alejandro Gabriel Rosito\",\"@id\":\"https:\\\/\\\/autofans.com.ar\\\/#\\\/schema\\\/person\\\/4a8dda0b6df83ac3d6723e921274c2aa\"},\"headline\":\"Nuevo Citro\u00ebn C3 Aircross\",\"datePublished\":\"2023-08-30T13:19:27+00:00\",\"mainEntityOfPage\":{\"@id\":\"https:\\\/\\\/autofans.com.ar\\\/index.php\\\/2023\\\/08\\\/30\\\/nuevo-citroen-c3-aircross\\\/\"},\"wordCount\":370,\"image\":{\"@id\":\"https:\\\/\\\/autofans.com.ar\\\/index.php\\\/2023\\\/08\\\/30\\\/nuevo-citroen-c3-aircross\\\/#primaryimage\"},\"thumbnailUrl\":\"https:\\\/\\\/autofans.com.ar\\\/wp-content\\\/uploads\\\/2023\\\/08\\\/foto-3-35.jpg\",\"keywords\":[\"ba\u00fal espacioso\",\"caja de cambios secuenciales\",\"capacidad de carga\",\"comodidad interior\",\"experiencian de manejo\",\"innovaciones automotor\",\"SUV Citro\u00ebn C3 Aircross\",\"versatilidad SUV\"],\"articleSection\":[\"AUTOS y SUV\",\"NOTICIAS\"],\"inLanguage\":\"es\"},{\"@type\":\"WebPage\",\"@id\":\"https:\\\/\\\/autofans.com.ar\\\/index.php\\\/2023\\\/08\\\/30\\\/nuevo-citroen-c3-aircross\\\/\",\"url\":\"https:\\\/\\\/autofans.com.ar\\\/index.php\\\/2023\\\/08\\\/30\\\/nuevo-citroen-c3-aircross\\\/\",\"name\":\"Nuevo Citro\u00ebn C3 Aircross -\",\"isPartOf\":{\"@id\":\"https:\\\/\\\/autofans.com.ar\\\/#website\"},\"primaryImageOfPage\":{\"@id\":\"https:\\\/\\\/autofans.com.ar\\\/index.php\\\/2023\\\/08\\\/30\\\/nuevo-citroen-c3-aircross\\\/#primaryimage\"},\"image\":{\"@id\":\"https:\\\/\\\/autofans.com.ar\\\/index.php\\\/2023\\\/08\\\/30\\\/nuevo-citroen-c3-aircross\\\/#primaryimage\"},\"thumbnailUrl\":\"https:\\\/\\\/autofans.com.ar\\\/wp-content\\\/uploads\\\/2023\\\/08\\\/foto-3-35.jpg\",\"datePublished\":\"2023-08-30T13:19:27+00:00\",\"author\":{\"@id\":\"https:\\\/\\\/autofans.com.ar\\\/#\\\/schema\\\/person\\\/4a8dda0b6df83ac3d6723e921274c2aa\"},\"description\":\"Citro\u00ebn C3 Aircross est\u00e1 redefiniendo el juego en el mundo automotor. Con capacidad para siete personas y un amplio ba\u00fal de 489 litros...\",\"breadcrumb\":{\"@id\":\"https:\\\/\\\/autofans.com.ar\\\/index.php\\\/2023\\\/08\\\/30\\\/nuevo-citroen-c3-aircross\\\/#breadcrumb\"},\"inLanguage\":\"es\",\"potentialAction\":[{\"@type\":\"ReadAction\",\"target\":[\"https:\\\/\\\/autofans.com.ar\\\/index.php\\\/2023\\\/08\\\/30\\\/nuevo-citroen-c3-aircross\\\/\"]}]},{\"@type\":\"ImageObject\",\"inLanguage\":\"es\",\"@id\":\"https:\\\/\\\/autofans.com.ar\\\/index.php\\\/2023\\\/08\\\/30\\\/nuevo-citroen-c3-aircross\\\/#primaryimage\",\"url\":\"https:\\\/\\\/autofans.com.ar\\\/wp-content\\\/uploads\\\/2023\\\/08\\\/foto-3-35.jpg\",\"contentUrl\":\"https:\\\/\\\/autofans.com.ar\\\/wp-content\\\/uploads\\\/2023\\\/08\\\/foto-3-35.jpg\",\"width\":1000,\"height\":667,\"caption\":\"Citro\u00ebn C3 Aircross\"},{\"@type\":\"BreadcrumbList\",\"@id\":\"https:\\\/\\\/autofans.com.ar\\\/index.php\\\/2023\\\/08\\\/30\\\/nuevo-citroen-c3-aircross\\\/#breadcrumb\",\"itemListElement\":[{\"@type\":\"ListItem\",\"position\":1,\"name\":\"Inicio\",\"item\":\"https:\\\/\\\/autofans.com.ar\\\/\"},{\"@type\":\"ListItem\",\"position\":2,\"name\":\"Nuevo Citro\u00ebn C3 Aircross\"}]},{\"@type\":\"WebSite\",\"@id\":\"https:\\\/\\\/autofans.com.ar\\\/#website\",\"url\":\"https:\\\/\\\/autofans.com.ar\\\/\",\"name\":\"\",\"description\":\"El multimedio referente de la industria automotriz\",\"potentialAction\":[{\"@type\":\"SearchAction\",\"target\":{\"@type\":\"EntryPoint\",\"urlTemplate\":\"https:\\\/\\\/autofans.com.ar\\\/?s={search_term_string}\"},\"query-input\":{\"@type\":\"PropertyValueSpecification\",\"valueRequired\":true,\"valueName\":\"search_term_string\"}}],\"inLanguage\":\"es\"},{\"@type\":\"Person\",\"@id\":\"https:\\\/\\\/autofans.com.ar\\\/#\\\/schema\\\/person\\\/4a8dda0b6df83ac3d6723e921274c2aa\",\"name\":\"Alejandro Gabriel Rosito\",\"image\":{\"@type\":\"ImageObject\",\"inLanguage\":\"es\",\"@id\":\"https:\\\/\\\/secure.gravatar.com\\\/avatar\\\/16c5dda1489adfc62618084dcbb91cffd879c374b13fe5dd8e44ed6733852c88?s=96&d=mm&r=g\",\"url\":\"https:\\\/\\\/secure.gravatar.com\\\/avatar\\\/16c5dda1489adfc62618084dcbb91cffd879c374b13fe5dd8e44ed6733852c88?s=96&d=mm&r=g\",\"contentUrl\":\"https:\\\/\\\/secure.gravatar.com\\\/avatar\\\/16c5dda1489adfc62618084dcbb91cffd879c374b13fe5dd8e44ed6733852c88?s=96&d=mm&r=g\",\"caption\":\"Alejandro Gabriel Rosito\"},\"url\":\"https:\\\/\\\/autofans.com.ar\\\/index.php\\\/author\\\/gabrielr\\\/\"}]}<\/script>\n<!-- \/ Yoast SEO plugin. -->","yoast_head_json":{"title":"Nuevo Citro\u00ebn C3 Aircross -","description":"Citro\u00ebn C3 Aircross est\u00e1 redefiniendo el juego en el mundo automotor. Con capacidad para siete personas y un amplio ba\u00fal de 489 litros...","robots":{"index":"index","follow":"follow","max-snippet":"max-snippet:-1","max-image-preview":"max-image-preview:large","max-video-preview":"max-video-preview:-1"},"canonical":"https:\/\/autofans.com.ar\/index.php\/2023\/08\/30\/nuevo-citroen-c3-aircross\/","og_locale":"es_ES","og_type":"article","og_title":"Nuevo Citro\u00ebn C3 Aircross -","og_description":"Citro\u00ebn C3 Aircross est\u00e1 redefiniendo el juego en el mundo automotor. Con capacidad para siete personas y un amplio ba\u00fal de 489 litros...","og_url":"https:\/\/autofans.com.ar\/index.php\/2023\/08\/30\/nuevo-citroen-c3-aircross\/","article_published_time":"2023-08-30T13:19:27+00:00","og_image":[{"width":1000,"height":667,"url":"https:\/\/autofans.com.ar\/wp-content\/uploads\/2023\/08\/foto-3-35.jpg","type":"image\/jpeg"}],"author":"Alejandro Gabriel Rosito","twitter_card":"summary_large_image","twitter_misc":{"Escrito por":"Alejandro Gabriel Rosito","Tiempo de lectura":"2 minutos"},"schema":{"@context":"https:\/\/schema.org","@graph":[{"@type":"Article","@id":"https:\/\/autofans.com.ar\/index.php\/2023\/08\/30\/nuevo-citroen-c3-aircross\/#article","isPartOf":{"@id":"https:\/\/autofans.com.ar\/index.php\/2023\/08\/30\/nuevo-citroen-c3-aircross\/"},"author":{"name":"Alejandro Gabriel Rosito","@id":"https:\/\/autofans.com.ar\/#\/schema\/person\/4a8dda0b6df83ac3d6723e921274c2aa"},"headline":"Nuevo Citro\u00ebn C3 Aircross","datePublished":"2023-08-30T13:19:27+00:00","mainEntityOfPage":{"@id":"https:\/\/autofans.com.ar\/index.php\/2023\/08\/30\/nuevo-citroen-c3-aircross\/"},"wordCount":370,"image":{"@id":"https:\/\/autofans.com.ar\/index.php\/2023\/08\/30\/nuevo-citroen-c3-aircross\/#primaryimage"},"thumbnailUrl":"https:\/\/autofans.com.ar\/wp-content\/uploads\/2023\/08\/foto-3-35.jpg","keywords":["ba\u00fal espacioso","caja de cambios secuenciales","capacidad de carga","comodidad interior","experiencian de manejo","innovaciones automotor","SUV Citro\u00ebn C3 Aircross","versatilidad SUV"],"articleSection":["AUTOS y SUV","NOTICIAS"],"inLanguage":"es"},{"@type":"WebPage","@id":"https:\/\/autofans.com.ar\/index.php\/2023\/08\/30\/nuevo-citroen-c3-aircross\/","url":"https:\/\/autofans.com.ar\/index.php\/2023\/08\/30\/nuevo-citroen-c3-aircross\/","name":"Nuevo Citro\u00ebn C3 Aircross -","isPartOf":{"@id":"https:\/\/autofans.com.ar\/#website"},"primaryImageOfPage":{"@id":"https:\/\/autofans.com.ar\/index.php\/2023\/08\/30\/nuevo-citroen-c3-aircross\/#primaryimage"},"image":{"@id":"https:\/\/autofans.com.ar\/index.php\/2023\/08\/30\/nuevo-citroen-c3-aircross\/#primaryimage"},"thumbnailUrl":"https:\/\/autofans.com.ar\/wp-content\/uploads\/2023\/08\/foto-3-35.jpg","datePublished":"2023-08-30T13:19:27+00:00","author":{"@id":"https:\/\/autofans.com.ar\/#\/schema\/person\/4a8dda0b6df83ac3d6723e921274c2aa"},"description":"Citro\u00ebn C3 Aircross est\u00e1 redefiniendo el juego en el mundo automotor. Con capacidad para siete personas y un amplio ba\u00fal de 489 litros...","breadcrumb":{"@id":"https:\/\/autofans.com.ar\/index.php\/2023\/08\/30\/nuevo-citroen-c3-aircross\/#breadcrumb"},"inLanguage":"es","potentialAction":[{"@type":"ReadAction","target":["https:\/\/autofans.com.ar\/index.php\/2023\/08\/30\/nuevo-citroen-c3-aircross\/"]}]},{"@type":"ImageObject","inLanguage":"es","@id":"https:\/\/autofans.com.ar\/index.php\/2023\/08\/30\/nuevo-citroen-c3-aircross\/#primaryimage","url":"https:\/\/autofans.com.ar\/wp-content\/uploads\/2023\/08\/foto-3-35.jpg","contentUrl":"https:\/\/autofans.com.ar\/wp-content\/uploads\/2023\/08\/foto-3-35.jpg","width":1000,"height":667,"caption":"Citro\u00ebn C3 Aircross"},{"@type":"BreadcrumbList","@id":"https:\/\/autofans.com.ar\/index.php\/2023\/08\/30\/nuevo-citroen-c3-aircross\/#breadcrumb","itemListElement":[{"@type":"ListItem","position":1,"name":"Inicio","item":"https:\/\/autofans.com.ar\/"},{"@type":"ListItem","position":2,"name":"Nuevo Citro\u00ebn C3 Aircross"}]},{"@type":"WebSite","@id":"https:\/\/autofans.com.ar\/#website","url":"https:\/\/autofans.com.ar\/","name":"","description":"El multimedio referente de la industria automotriz","potentialAction":[{"@type":"SearchAction","target":{"@type":"EntryPoint","urlTemplate":"https:\/\/autofans.com.ar\/?s={search_term_string}"},"query-input":{"@type":"PropertyValueSpecification","valueRequired":true,"valueName":"search_term_string"}}],"inLanguage":"es"},{"@type":"Person","@id":"https:\/\/autofans.com.ar\/#\/schema\/person\/4a8dda0b6df83ac3d6723e921274c2aa","name":"Alejandro Gabriel Rosito","image":{"@type":"ImageObject","inLanguage":"es","@id":"https:\/\/secure.gravatar.com\/avatar\/16c5dda1489adfc62618084dcbb91cffd879c374b13fe5dd8e44ed6733852c88?s=96&d=mm&r=g","url":"https:\/\/secure.gravatar.com\/avatar\/16c5dda1489adfc62618084dcbb91cffd879c374b13fe5dd8e44ed6733852c88?s=96&d=mm&r=g","contentUrl":"https:\/\/secure.gravatar.com\/avatar\/16c5dda1489adfc62618084dcbb91cffd879c374b13fe5dd8e44ed6733852c88?s=96&d=mm&r=g","caption":"Alejandro Gabriel Rosito"},"url":"https:\/\/autofans.com.ar\/index.php\/author\/gabrielr\/"}]}},"featured_image_urls":{"full":["https:\/\/autofans.com.ar\/wp-content\/uploads\/2023\/08\/foto-3-35.jpg",1000,667,false],"thumbnail":["https:\/\/autofans.com.ar\/wp-content\/uploads\/2023\/08\/foto-3-35-150x150.jpg",150,150,true],"medium":["https:\/\/autofans.com.ar\/wp-content\/uploads\/2023\/08\/foto-3-35-300x200.jpg",300,200,true],"medium_large":["https:\/\/autofans.com.ar\/wp-content\/uploads\/2023\/08\/foto-3-35-768x512.jpg",640,427,true],"large":["https:\/\/autofans.com.ar\/wp-content\/uploads\/2023\/08\/foto-3-35.jpg",640,427,false],"1536x1536":["https:\/\/autofans.com.ar\/wp-content\/uploads\/2023\/08\/foto-3-35.jpg",1000,667,false],"2048x2048":["https:\/\/autofans.com.ar\/wp-content\/uploads\/2023\/08\/foto-3-35.jpg",1000,667,false],"covernews-featured":["https:\/\/autofans.com.ar\/wp-content\/uploads\/2023\/08\/foto-3-35.jpg",1000,667,false],"covernews-medium":["https:\/\/autofans.com.ar\/wp-content\/uploads\/2023\/08\/foto-3-35-540x340.jpg",540,340,true]},"author_info":{"display_name":"Alejandro Gabriel Rosito","author_link":"https:\/\/autofans.com.ar\/index.php\/author\/gabrielr\/"},"category_info":"<a href=\"https:\/\/autofans.com.ar\/index.php\/category\/noticias\/autos\/\" rel=\"category tag\">AUTOS y SUV<\/a> <a href=\"https:\/\/autofans.com.ar\/index.php\/category\/noticias\/\" rel=\"category tag\">NOTICIAS<\/a>","tag_info":"NOTICIAS","comment_count":0,"_links":{"self":[{"href":"https:\/\/autofans.com.ar\/index.php\/wp-json\/wp\/v2\/posts\/4783","targetHints":{"allow":["GET"]}}],"collection":[{"href":"https:\/\/autofans.com.ar\/index.php\/wp-json\/wp\/v2\/posts"}],"about":[{"href":"https:\/\/autofans.com.ar\/index.php\/wp-json\/wp\/v2\/types\/post"}],"author":[{"embeddable":true,"href":"https:\/\/autofans.com.ar\/index.php\/wp-json\/wp\/v2\/users\/2"}],"replies":[{"embeddable":true,"href":"https:\/\/autofans.com.ar\/index.php\/wp-json\/wp\/v2\/comments?post=4783"}],"version-history":[{"count":4,"href":"https:\/\/autofans.com.ar\/index.php\/wp-json\/wp\/v2\/posts\/4783\/revisions"}],"predecessor-version":[{"id":4790,"href":"https:\/\/autofans.com.ar\/index.php\/wp-json\/wp\/v2\/posts\/4783\/revisions\/4790"}],"wp:featuredmedia":[{"embeddable":true,"href":"https:\/\/autofans.com.ar\/index.php\/wp-json\/wp\/v2\/media\/4784"}],"wp:attachment":[{"href":"https:\/\/autofans.com.ar\/index.php\/wp-json\/wp\/v2\/media?parent=4783"}],"wp:term":[{"taxonomy":"category","embeddable":true,"href":"https:\/\/autofans.com.ar\/index.php\/wp-json\/wp\/v2\/categories?post=4783"},{"taxonomy":"post_tag","embeddable":true,"href":"https:\/\/autofans.com.ar\/index.php\/wp-json\/wp\/v2\/tags?post=4783"}],"curies":[{"name":"wp","href":"https:\/\/api.w.org\/{rel}","templated":true}]}}