{"id":4797,"date":"2023-08-30T18:01:37","date_gmt":"2023-08-30T21:01:37","guid":{"rendered":"https:\/\/autofans.com.ar\/?p=4797"},"modified":"2023-08-30T18:01:37","modified_gmt":"2023-08-30T21:01:37","slug":"elf-acompana-al-enduro-del-invierno-en-mar-del-plata","status":"publish","type":"post","link":"https:\/\/autofans.com.ar\/index.php\/2023\/08\/30\/elf-acompana-al-enduro-del-invierno-en-mar-del-plata\/","title":{"rendered":"ELF acompa\u00f1a al Enduro del invierno en Mar del Plata"},"content":{"rendered":"<p>ELF, la destacada compa\u00f1\u00eda de lubricantes, reafirma su compromiso con las competencias de motor al ser nuevamente el lubricante oficial del Enduro del Invierno en Mar del Plata. Del 25 al 27 de agosto, este evento congregar\u00e1 a m\u00e1s de 700 pilotos de motos y cuadriciclos, junto a 250 mil entusiastas espectadores en las playas de la ciudad. Conoce c\u00f3mo ELF garantiza el rendimiento de sus aceites de motor en estas emocionantes carreras.<\/p>\n<p>&nbsp;<\/p>\n<h2>ELF brillar\u00e1 en el electrizante Enduro<\/h2>\n<p style=\"text-align: left;\">ELF, la marca l\u00edder en lubricantes, est\u00e1 lista para dejar su huella en el Enduro del Invierno, uno de los eventos m\u00e1s emocionantes del mundo de las motos y cuadriciclos. Siguiendo el \u00e9xito del Enduro del Verano, ELF contin\u00faa su asociaci\u00f3n con esta competencia, fortaleciendo su posici\u00f3n como protagonista en el mundo del motor.<\/p>\n<p>&nbsp;<\/p>\n<p><img fetchpriority=\"high\" decoding=\"async\" class=\"aligncenter wp-image-4799 size-full\" src=\"https:\/\/autofans.com.ar\/wp-content\/uploads\/2023\/08\/foto-3-37.jpg\" alt=\"ELF\" width=\"1000\" height=\"667\" srcset=\"https:\/\/autofans.com.ar\/wp-content\/uploads\/2023\/08\/foto-3-37.jpg 1000w, https:\/\/autofans.com.ar\/wp-content\/uploads\/2023\/08\/foto-3-37-300x200.jpg 300w, https:\/\/autofans.com.ar\/wp-content\/uploads\/2023\/08\/foto-3-37-768x512.jpg 768w\" sizes=\"(max-width: 1000px) 100vw, 1000px\" \/><\/p>\n<p>&nbsp;<\/p>\n<p>El Enduro del Invierno se llevar\u00e1 a cabo en las pintorescas playas de Mar del Plata del 25 al 27 de agosto, atrayendo a m\u00e1s de 700 apasionados pilotos, algunos de los cuales llegar\u00e1n desde el extranjero para participar. La edici\u00f3n de este a\u00f1o promete a\u00fan m\u00e1s emoci\u00f3n y adrenalina, ya que se extender\u00e1 por m\u00e1s de 4.200 metros a lo largo de las playas de seis balnearios, abarcando desde San Sebasti\u00e1n hasta Playa Cardiel.<\/p>\n<p>ELF se ha destacado en competencias automovil\u00edsticas y de motociclismo en todo el mundo, acumulando numerosas victorias y t\u00edtulos de prestigio. Su compromiso con el rendimiento y la excelencia queda demostrado una vez m\u00e1s al ser el lubricante oficial del Enduro del Invierno.<\/p>\n<div dir=\"ltr\">\n<blockquote>\n<p dir=\"ltr\" style=\"text-align: center;\"><span style=\"font-size: medium;\">\u201cLa experiencia del Enduro del Verano fue inmejorable para ELF. Es por eso que darle continuidad a esta acci\u00f3n, formando parte del Enduro del Invierno, nos permite completar un c\u00edrculo en el que ELF quiere ser protagonista. El hecho de que se realice en la emblem\u00e1tica Mar del Plata agrega un incentivo m\u00e1s para atraer al p\u00fablico\u201d, se\u00f1al\u00f3 Patricio Ganly, Gerente de Marketing y Comunicaci\u00f3n Externas de TotalEnergies Argentina.<\/span><\/p>\n<\/blockquote>\n<\/div>\n<p>Acompa\u00f1a a ELF mientras brinda el mejor rendimiento a los motores participantes en el Enduro del Invierno, reafirmando su liderazgo en lubricantes de calidad. Mantente atento a la acci\u00f3n y la <a href=\"https:\/\/autofans.com.ar\/index.php\/2023\/04\/18\/mariano-werner-y-elf-en-busca-de-la-victoria-en-el-calafate\/\" target=\"_blank\" rel=\"noopener\">emoci\u00f3n que ELF<\/a> y el Enduro del Invierno tienen reservados para los amantes del motor.<\/p>\n<div dir=\"ltr\">\n<div dir=\"ltr\"><\/div>\n<\/div>\n<p>&nbsp;<\/p>\n<p><i>Para enterarte de m\u00e1s novedades, no dejes de leer\u00a0<\/i><a href=\"https:\/\/autofans.thebrandsoup.com\/\"><i>nuestras notas<\/i><\/a><i>, de ver<\/i><b><i>\u00a0<\/i><\/b><a href=\"https:\/\/www.youtube.com\/channel\/UCgAC8UGHZYbT6P7PpmVnP7g\"><b><i>AUTOFANS TV<\/i><\/b><\/a><b><i>\u00a0<\/i><\/b><i>en nuestro\u00a0canal de Youtube. Adem\u00e1s seguinos en\u00a0<\/i><a href=\"https:\/\/www.instagram.com\/autofanstv\/\"><i>INSTAGRAM<\/i><\/a><i> y <\/i><a href=\"https:\/\/www.facebook.com\/autofansmas\/\"><i>FACEBOOK<\/i><\/a><i> para no perderte nada sobre las novedades del segmento automotor de Argentina y el mundo.<\/i><\/p>\n<p><i><span class=\"Apple-converted-space\">\u00a0<\/span><\/i><\/p>\n","protected":false},"excerpt":{"rendered":"<p>ELF, la destacada compa\u00f1\u00eda de lubricantes, reafirma su compromiso con las competencias de motor al&#8230;<\/p>\n","protected":false},"author":2,"featured_media":4800,"comment_status":"closed","ping_status":"closed","sticky":false,"template":"","format":"standard","meta":{"footnotes":""},"categories":[127,16],"tags":[2400,2401,2397,2396,2399,2398,2218],"class_list":["post-4797","post","type-post","status-publish","format-standard","has-post-thumbnail","hentry","category-deporte","category-noticias","tag-competenciamotor","tag-elfargentina","tag-elflubricantes","tag-endurodelinvierno","tag-mardelplata","tag-motorenaccion","tag-totalenergiesarg"],"yoast_head":"<!-- This site is optimized with the Yoast SEO plugin v27.5 - https:\/\/yoast.com\/product\/yoast-seo-wordpress\/ -->\n<title>ELF acompa\u00f1a al Enduro del invierno en Mar del Plata -<\/title>\n<meta name=\"description\" content=\"ELF, compa\u00f1\u00eda de lubricantes reafirma su compromiso con las competencias de motor al ser el lubricante oficial del Enduro en Mar del Plata...\" \/>\n<meta name=\"robots\" content=\"index, follow, max-snippet:-1, max-image-preview:large, max-video-preview:-1\" \/>\n<link rel=\"canonical\" href=\"https:\/\/autofans.com.ar\/index.php\/2023\/08\/30\/elf-acompana-al-enduro-del-invierno-en-mar-del-plata\/\" \/>\n<meta property=\"og:locale\" content=\"es_ES\" \/>\n<meta property=\"og:type\" content=\"article\" \/>\n<meta property=\"og:title\" content=\"ELF acompa\u00f1a al Enduro del invierno en Mar del Plata -\" \/>\n<meta property=\"og:description\" content=\"ELF, compa\u00f1\u00eda de lubricantes reafirma su compromiso con las competencias de motor al ser el lubricante oficial del Enduro en Mar del Plata...\" \/>\n<meta property=\"og:url\" content=\"https:\/\/autofans.com.ar\/index.php\/2023\/08\/30\/elf-acompana-al-enduro-del-invierno-en-mar-del-plata\/\" \/>\n<meta property=\"article:published_time\" content=\"2023-08-30T21:01:37+00:00\" \/>\n<meta property=\"og:image\" content=\"https:\/\/autofans.com.ar\/wp-content\/uploads\/2023\/08\/foto-1-46.jpg\" \/>\n\t<meta property=\"og:image:width\" content=\"1000\" \/>\n\t<meta property=\"og:image:height\" content=\"667\" \/>\n\t<meta property=\"og:image:type\" content=\"image\/jpeg\" \/>\n<meta name=\"author\" content=\"Alejandro Gabriel Rosito\" \/>\n<meta name=\"twitter:card\" content=\"summary_large_image\" \/>\n<meta name=\"twitter:label1\" content=\"Escrito por\" \/>\n\t<meta name=\"twitter:data1\" content=\"Alejandro Gabriel Rosito\" \/>\n\t<meta name=\"twitter:label2\" content=\"Tiempo de lectura\" \/>\n\t<meta name=\"twitter:data2\" content=\"2 minutos\" \/>\n<script type=\"application\/ld+json\" class=\"yoast-schema-graph\">{\"@context\":\"https:\\\/\\\/schema.org\",\"@graph\":[{\"@type\":\"Article\",\"@id\":\"https:\\\/\\\/autofans.com.ar\\\/index.php\\\/2023\\\/08\\\/30\\\/elf-acompana-al-enduro-del-invierno-en-mar-del-plata\\\/#article\",\"isPartOf\":{\"@id\":\"https:\\\/\\\/autofans.com.ar\\\/index.php\\\/2023\\\/08\\\/30\\\/elf-acompana-al-enduro-del-invierno-en-mar-del-plata\\\/\"},\"author\":{\"name\":\"Alejandro Gabriel Rosito\",\"@id\":\"https:\\\/\\\/autofans.com.ar\\\/#\\\/schema\\\/person\\\/4a8dda0b6df83ac3d6723e921274c2aa\"},\"headline\":\"ELF acompa\u00f1a al Enduro del invierno en Mar del Plata\",\"datePublished\":\"2023-08-30T21:01:37+00:00\",\"mainEntityOfPage\":{\"@id\":\"https:\\\/\\\/autofans.com.ar\\\/index.php\\\/2023\\\/08\\\/30\\\/elf-acompana-al-enduro-del-invierno-en-mar-del-plata\\\/\"},\"wordCount\":446,\"image\":{\"@id\":\"https:\\\/\\\/autofans.com.ar\\\/index.php\\\/2023\\\/08\\\/30\\\/elf-acompana-al-enduro-del-invierno-en-mar-del-plata\\\/#primaryimage\"},\"thumbnailUrl\":\"https:\\\/\\\/autofans.com.ar\\\/wp-content\\\/uploads\\\/2023\\\/08\\\/foto-1-46.jpg\",\"keywords\":[\"CompetenciaMotor\",\"ELFArgentina\",\"ELFlubricantes\",\"EnduroDelInvierno\",\"MarDelPlata\",\"MotorEnAcci\u00f3n\",\"TotalEnergiesArg\"],\"articleSection\":[\"DEPORTE MOTOR\",\"NOTICIAS\"],\"inLanguage\":\"es\"},{\"@type\":\"WebPage\",\"@id\":\"https:\\\/\\\/autofans.com.ar\\\/index.php\\\/2023\\\/08\\\/30\\\/elf-acompana-al-enduro-del-invierno-en-mar-del-plata\\\/\",\"url\":\"https:\\\/\\\/autofans.com.ar\\\/index.php\\\/2023\\\/08\\\/30\\\/elf-acompana-al-enduro-del-invierno-en-mar-del-plata\\\/\",\"name\":\"ELF acompa\u00f1a al Enduro del invierno en Mar del Plata -\",\"isPartOf\":{\"@id\":\"https:\\\/\\\/autofans.com.ar\\\/#website\"},\"primaryImageOfPage\":{\"@id\":\"https:\\\/\\\/autofans.com.ar\\\/index.php\\\/2023\\\/08\\\/30\\\/elf-acompana-al-enduro-del-invierno-en-mar-del-plata\\\/#primaryimage\"},\"image\":{\"@id\":\"https:\\\/\\\/autofans.com.ar\\\/index.php\\\/2023\\\/08\\\/30\\\/elf-acompana-al-enduro-del-invierno-en-mar-del-plata\\\/#primaryimage\"},\"thumbnailUrl\":\"https:\\\/\\\/autofans.com.ar\\\/wp-content\\\/uploads\\\/2023\\\/08\\\/foto-1-46.jpg\",\"datePublished\":\"2023-08-30T21:01:37+00:00\",\"author\":{\"@id\":\"https:\\\/\\\/autofans.com.ar\\\/#\\\/schema\\\/person\\\/4a8dda0b6df83ac3d6723e921274c2aa\"},\"description\":\"ELF, compa\u00f1\u00eda de lubricantes reafirma su compromiso con las competencias de motor al ser el lubricante oficial del Enduro en Mar del Plata...\",\"breadcrumb\":{\"@id\":\"https:\\\/\\\/autofans.com.ar\\\/index.php\\\/2023\\\/08\\\/30\\\/elf-acompana-al-enduro-del-invierno-en-mar-del-plata\\\/#breadcrumb\"},\"inLanguage\":\"es\",\"potentialAction\":[{\"@type\":\"ReadAction\",\"target\":[\"https:\\\/\\\/autofans.com.ar\\\/index.php\\\/2023\\\/08\\\/30\\\/elf-acompana-al-enduro-del-invierno-en-mar-del-plata\\\/\"]}]},{\"@type\":\"ImageObject\",\"inLanguage\":\"es\",\"@id\":\"https:\\\/\\\/autofans.com.ar\\\/index.php\\\/2023\\\/08\\\/30\\\/elf-acompana-al-enduro-del-invierno-en-mar-del-plata\\\/#primaryimage\",\"url\":\"https:\\\/\\\/autofans.com.ar\\\/wp-content\\\/uploads\\\/2023\\\/08\\\/foto-1-46.jpg\",\"contentUrl\":\"https:\\\/\\\/autofans.com.ar\\\/wp-content\\\/uploads\\\/2023\\\/08\\\/foto-1-46.jpg\",\"width\":1000,\"height\":667,\"caption\":\"ELF\"},{\"@type\":\"BreadcrumbList\",\"@id\":\"https:\\\/\\\/autofans.com.ar\\\/index.php\\\/2023\\\/08\\\/30\\\/elf-acompana-al-enduro-del-invierno-en-mar-del-plata\\\/#breadcrumb\",\"itemListElement\":[{\"@type\":\"ListItem\",\"position\":1,\"name\":\"Inicio\",\"item\":\"https:\\\/\\\/autofans.com.ar\\\/\"},{\"@type\":\"ListItem\",\"position\":2,\"name\":\"ELF acompa\u00f1a al Enduro del invierno en Mar del Plata\"}]},{\"@type\":\"WebSite\",\"@id\":\"https:\\\/\\\/autofans.com.ar\\\/#website\",\"url\":\"https:\\\/\\\/autofans.com.ar\\\/\",\"name\":\"\",\"description\":\"El multimedio referente de la industria automotriz\",\"potentialAction\":[{\"@type\":\"SearchAction\",\"target\":{\"@type\":\"EntryPoint\",\"urlTemplate\":\"https:\\\/\\\/autofans.com.ar\\\/?s={search_term_string}\"},\"query-input\":{\"@type\":\"PropertyValueSpecification\",\"valueRequired\":true,\"valueName\":\"search_term_string\"}}],\"inLanguage\":\"es\"},{\"@type\":\"Person\",\"@id\":\"https:\\\/\\\/autofans.com.ar\\\/#\\\/schema\\\/person\\\/4a8dda0b6df83ac3d6723e921274c2aa\",\"name\":\"Alejandro Gabriel Rosito\",\"image\":{\"@type\":\"ImageObject\",\"inLanguage\":\"es\",\"@id\":\"https:\\\/\\\/secure.gravatar.com\\\/avatar\\\/16c5dda1489adfc62618084dcbb91cffd879c374b13fe5dd8e44ed6733852c88?s=96&d=mm&r=g\",\"url\":\"https:\\\/\\\/secure.gravatar.com\\\/avatar\\\/16c5dda1489adfc62618084dcbb91cffd879c374b13fe5dd8e44ed6733852c88?s=96&d=mm&r=g\",\"contentUrl\":\"https:\\\/\\\/secure.gravatar.com\\\/avatar\\\/16c5dda1489adfc62618084dcbb91cffd879c374b13fe5dd8e44ed6733852c88?s=96&d=mm&r=g\",\"caption\":\"Alejandro Gabriel Rosito\"},\"url\":\"https:\\\/\\\/autofans.com.ar\\\/index.php\\\/author\\\/gabrielr\\\/\"}]}<\/script>\n<!-- \/ Yoast SEO plugin. -->","yoast_head_json":{"title":"ELF acompa\u00f1a al Enduro del invierno en Mar del Plata -","description":"ELF, compa\u00f1\u00eda de lubricantes reafirma su compromiso con las competencias de motor al ser el lubricante oficial del Enduro en Mar del Plata...","robots":{"index":"index","follow":"follow","max-snippet":"max-snippet:-1","max-image-preview":"max-image-preview:large","max-video-preview":"max-video-preview:-1"},"canonical":"https:\/\/autofans.com.ar\/index.php\/2023\/08\/30\/elf-acompana-al-enduro-del-invierno-en-mar-del-plata\/","og_locale":"es_ES","og_type":"article","og_title":"ELF acompa\u00f1a al Enduro del invierno en Mar del Plata -","og_description":"ELF, compa\u00f1\u00eda de lubricantes reafirma su compromiso con las competencias de motor al ser el lubricante oficial del Enduro en Mar del Plata...","og_url":"https:\/\/autofans.com.ar\/index.php\/2023\/08\/30\/elf-acompana-al-enduro-del-invierno-en-mar-del-plata\/","article_published_time":"2023-08-30T21:01:37+00:00","og_image":[{"width":1000,"height":667,"url":"https:\/\/autofans.com.ar\/wp-content\/uploads\/2023\/08\/foto-1-46.jpg","type":"image\/jpeg"}],"author":"Alejandro Gabriel Rosito","twitter_card":"summary_large_image","twitter_misc":{"Escrito por":"Alejandro Gabriel Rosito","Tiempo de lectura":"2 minutos"},"schema":{"@context":"https:\/\/schema.org","@graph":[{"@type":"Article","@id":"https:\/\/autofans.com.ar\/index.php\/2023\/08\/30\/elf-acompana-al-enduro-del-invierno-en-mar-del-plata\/#article","isPartOf":{"@id":"https:\/\/autofans.com.ar\/index.php\/2023\/08\/30\/elf-acompana-al-enduro-del-invierno-en-mar-del-plata\/"},"author":{"name":"Alejandro Gabriel Rosito","@id":"https:\/\/autofans.com.ar\/#\/schema\/person\/4a8dda0b6df83ac3d6723e921274c2aa"},"headline":"ELF acompa\u00f1a al Enduro del invierno en Mar del Plata","datePublished":"2023-08-30T21:01:37+00:00","mainEntityOfPage":{"@id":"https:\/\/autofans.com.ar\/index.php\/2023\/08\/30\/elf-acompana-al-enduro-del-invierno-en-mar-del-plata\/"},"wordCount":446,"image":{"@id":"https:\/\/autofans.com.ar\/index.php\/2023\/08\/30\/elf-acompana-al-enduro-del-invierno-en-mar-del-plata\/#primaryimage"},"thumbnailUrl":"https:\/\/autofans.com.ar\/wp-content\/uploads\/2023\/08\/foto-1-46.jpg","keywords":["CompetenciaMotor","ELFArgentina","ELFlubricantes","EnduroDelInvierno","MarDelPlata","MotorEnAcci\u00f3n","TotalEnergiesArg"],"articleSection":["DEPORTE MOTOR","NOTICIAS"],"inLanguage":"es"},{"@type":"WebPage","@id":"https:\/\/autofans.com.ar\/index.php\/2023\/08\/30\/elf-acompana-al-enduro-del-invierno-en-mar-del-plata\/","url":"https:\/\/autofans.com.ar\/index.php\/2023\/08\/30\/elf-acompana-al-enduro-del-invierno-en-mar-del-plata\/","name":"ELF acompa\u00f1a al Enduro del invierno en Mar del Plata -","isPartOf":{"@id":"https:\/\/autofans.com.ar\/#website"},"primaryImageOfPage":{"@id":"https:\/\/autofans.com.ar\/index.php\/2023\/08\/30\/elf-acompana-al-enduro-del-invierno-en-mar-del-plata\/#primaryimage"},"image":{"@id":"https:\/\/autofans.com.ar\/index.php\/2023\/08\/30\/elf-acompana-al-enduro-del-invierno-en-mar-del-plata\/#primaryimage"},"thumbnailUrl":"https:\/\/autofans.com.ar\/wp-content\/uploads\/2023\/08\/foto-1-46.jpg","datePublished":"2023-08-30T21:01:37+00:00","author":{"@id":"https:\/\/autofans.com.ar\/#\/schema\/person\/4a8dda0b6df83ac3d6723e921274c2aa"},"description":"ELF, compa\u00f1\u00eda de lubricantes reafirma su compromiso con las competencias de motor al ser el lubricante oficial del Enduro en Mar del Plata...","breadcrumb":{"@id":"https:\/\/autofans.com.ar\/index.php\/2023\/08\/30\/elf-acompana-al-enduro-del-invierno-en-mar-del-plata\/#breadcrumb"},"inLanguage":"es","potentialAction":[{"@type":"ReadAction","target":["https:\/\/autofans.com.ar\/index.php\/2023\/08\/30\/elf-acompana-al-enduro-del-invierno-en-mar-del-plata\/"]}]},{"@type":"ImageObject","inLanguage":"es","@id":"https:\/\/autofans.com.ar\/index.php\/2023\/08\/30\/elf-acompana-al-enduro-del-invierno-en-mar-del-plata\/#primaryimage","url":"https:\/\/autofans.com.ar\/wp-content\/uploads\/2023\/08\/foto-1-46.jpg","contentUrl":"https:\/\/autofans.com.ar\/wp-content\/uploads\/2023\/08\/foto-1-46.jpg","width":1000,"height":667,"caption":"ELF"},{"@type":"BreadcrumbList","@id":"https:\/\/autofans.com.ar\/index.php\/2023\/08\/30\/elf-acompana-al-enduro-del-invierno-en-mar-del-plata\/#breadcrumb","itemListElement":[{"@type":"ListItem","position":1,"name":"Inicio","item":"https:\/\/autofans.com.ar\/"},{"@type":"ListItem","position":2,"name":"ELF acompa\u00f1a al Enduro del invierno en Mar del Plata"}]},{"@type":"WebSite","@id":"https:\/\/autofans.com.ar\/#website","url":"https:\/\/autofans.com.ar\/","name":"","description":"El multimedio referente de la industria automotriz","potentialAction":[{"@type":"SearchAction","target":{"@type":"EntryPoint","urlTemplate":"https:\/\/autofans.com.ar\/?s={search_term_string}"},"query-input":{"@type":"PropertyValueSpecification","valueRequired":true,"valueName":"search_term_string"}}],"inLanguage":"es"},{"@type":"Person","@id":"https:\/\/autofans.com.ar\/#\/schema\/person\/4a8dda0b6df83ac3d6723e921274c2aa","name":"Alejandro Gabriel Rosito","image":{"@type":"ImageObject","inLanguage":"es","@id":"https:\/\/secure.gravatar.com\/avatar\/16c5dda1489adfc62618084dcbb91cffd879c374b13fe5dd8e44ed6733852c88?s=96&d=mm&r=g","url":"https:\/\/secure.gravatar.com\/avatar\/16c5dda1489adfc62618084dcbb91cffd879c374b13fe5dd8e44ed6733852c88?s=96&d=mm&r=g","contentUrl":"https:\/\/secure.gravatar.com\/avatar\/16c5dda1489adfc62618084dcbb91cffd879c374b13fe5dd8e44ed6733852c88?s=96&d=mm&r=g","caption":"Alejandro Gabriel Rosito"},"url":"https:\/\/autofans.com.ar\/index.php\/author\/gabrielr\/"}]}},"featured_image_urls":{"full":["https:\/\/autofans.com.ar\/wp-content\/uploads\/2023\/08\/foto-1-46.jpg",1000,667,false],"thumbnail":["https:\/\/autofans.com.ar\/wp-content\/uploads\/2023\/08\/foto-1-46-150x150.jpg",150,150,true],"medium":["https:\/\/autofans.com.ar\/wp-content\/uploads\/2023\/08\/foto-1-46-300x200.jpg",300,200,true],"medium_large":["https:\/\/autofans.com.ar\/wp-content\/uploads\/2023\/08\/foto-1-46-768x512.jpg",640,427,true],"large":["https:\/\/autofans.com.ar\/wp-content\/uploads\/2023\/08\/foto-1-46.jpg",640,427,false],"1536x1536":["https:\/\/autofans.com.ar\/wp-content\/uploads\/2023\/08\/foto-1-46.jpg",1000,667,false],"2048x2048":["https:\/\/autofans.com.ar\/wp-content\/uploads\/2023\/08\/foto-1-46.jpg",1000,667,false],"covernews-featured":["https:\/\/autofans.com.ar\/wp-content\/uploads\/2023\/08\/foto-1-46.jpg",1000,667,false],"covernews-medium":["https:\/\/autofans.com.ar\/wp-content\/uploads\/2023\/08\/foto-1-46-540x340.jpg",540,340,true]},"author_info":{"display_name":"Alejandro Gabriel Rosito","author_link":"https:\/\/autofans.com.ar\/index.php\/author\/gabrielr\/"},"category_info":"<a href=\"https:\/\/autofans.com.ar\/index.php\/category\/noticias\/deporte\/\" rel=\"category tag\">DEPORTE MOTOR<\/a> <a href=\"https:\/\/autofans.com.ar\/index.php\/category\/noticias\/\" rel=\"category tag\">NOTICIAS<\/a>","tag_info":"NOTICIAS","comment_count":0,"_links":{"self":[{"href":"https:\/\/autofans.com.ar\/index.php\/wp-json\/wp\/v2\/posts\/4797","targetHints":{"allow":["GET"]}}],"collection":[{"href":"https:\/\/autofans.com.ar\/index.php\/wp-json\/wp\/v2\/posts"}],"about":[{"href":"https:\/\/autofans.com.ar\/index.php\/wp-json\/wp\/v2\/types\/post"}],"author":[{"embeddable":true,"href":"https:\/\/autofans.com.ar\/index.php\/wp-json\/wp\/v2\/users\/2"}],"replies":[{"embeddable":true,"href":"https:\/\/autofans.com.ar\/index.php\/wp-json\/wp\/v2\/comments?post=4797"}],"version-history":[{"count":8,"href":"https:\/\/autofans.com.ar\/index.php\/wp-json\/wp\/v2\/posts\/4797\/revisions"}],"predecessor-version":[{"id":4808,"href":"https:\/\/autofans.com.ar\/index.php\/wp-json\/wp\/v2\/posts\/4797\/revisions\/4808"}],"wp:featuredmedia":[{"embeddable":true,"href":"https:\/\/autofans.com.ar\/index.php\/wp-json\/wp\/v2\/media\/4800"}],"wp:attachment":[{"href":"https:\/\/autofans.com.ar\/index.php\/wp-json\/wp\/v2\/media?parent=4797"}],"wp:term":[{"taxonomy":"category","embeddable":true,"href":"https:\/\/autofans.com.ar\/index.php\/wp-json\/wp\/v2\/categories?post=4797"},{"taxonomy":"post_tag","embeddable":true,"href":"https:\/\/autofans.com.ar\/index.php\/wp-json\/wp\/v2\/tags?post=4797"}],"curies":[{"name":"wp","href":"https:\/\/api.w.org\/{rel}","templated":true}]}}