{"id":4822,"date":"2023-08-31T19:02:03","date_gmt":"2023-08-31T22:02:03","guid":{"rendered":"https:\/\/autofans.com.ar\/?p=4822"},"modified":"2023-08-31T19:02:03","modified_gmt":"2023-08-31T22:02:03","slug":"honda-y-ypf-infinia-experiencia-automotriz-en-bariloche","status":"publish","type":"post","link":"https:\/\/autofans.com.ar\/index.php\/2023\/08\/31\/honda-y-ypf-infinia-experiencia-automotriz-en-bariloche\/","title":{"rendered":"Honda y YPF Infinia: experiencia automotriz en Bariloche"},"content":{"rendered":"<p>Honda Motor de Argentina elige Las Terrazas, Bariloche, como el escenario perfecto para una experiencia \u00fanica en colaboraci\u00f3n con YPF Infinia. En un espacio exclusivo, los visitantes podr\u00e1n sumergirse en el mundo de la automoci\u00f3n y las motocicletas de Honda.<\/p>\n<p>&nbsp;<\/p>\n<h2>Honda CR-V sexta generaci\u00f3n<\/h2>\n<p>La joya de la corona es el flamante lanzamiento de la l\u00ednea de motocicletas: la CB300F Twister. Este modelo de fabricaci\u00f3n nacional sobresale por su tecnolog\u00eda de vanguardia y su impresionante equipamiento de seguridad. Con un motor de 293,5 cc, frenos ABS de doble canal y control de tracci\u00f3n, esta motocicleta combina potencia y seguridad. Su \u00f3ptica full LED, tablero digital informativo y asiento de dos piezas para mayor comodidad la convierten en un referente en su categor\u00eda.<\/p>\n<p>Pero eso no es todo. La sexta generaci\u00f3n del ic\u00f3nico veh\u00edculo CR-V tambi\u00e9n toma protagonismo en este evento exclusivo. Equipado con el destacado sistema Honda Sensing, l\u00edder en el mercado en t\u00e9rminos de sistemas avanzados de asistencia a la conducci\u00f3n (ADAS), este veh\u00edculo utiliza c\u00e1maras y sensores para ofrecer una lectura constante de las condiciones de conducci\u00f3n, mejorando as\u00ed la seguridad del veh\u00edculo.<\/p>\n<p>&nbsp;<\/p>\n<p><img fetchpriority=\"high\" decoding=\"async\" class=\"aligncenter wp-image-4823 size-full\" src=\"https:\/\/autofans.com.ar\/wp-content\/uploads\/2023\/08\/foto-2-47.jpg\" alt=\"Honda y YPF\" width=\"1000\" height=\"667\" srcset=\"https:\/\/autofans.com.ar\/wp-content\/uploads\/2023\/08\/foto-2-47.jpg 1000w, https:\/\/autofans.com.ar\/wp-content\/uploads\/2023\/08\/foto-2-47-300x200.jpg 300w, https:\/\/autofans.com.ar\/wp-content\/uploads\/2023\/08\/foto-2-47-768x512.jpg 768w\" sizes=\"(max-width: 1000px) 100vw, 1000px\" \/><\/p>\n<p>&nbsp;<\/p>\n<h2>Honda y YPF infinia<\/h2>\n<p>Esta colaboraci\u00f3n estrat\u00e9gica entre Honda y <a href=\"https:\/\/autofans.com.ar\/index.php\/2023\/07\/14\/ypf-infinia-el-combustible-de-alto-rendimiento-en-el-desafio-ruta-40\/\" target=\"_blank\" rel=\"noopener\">YPF Infinia<\/a>, que naci\u00f3 a principios de 2022, tiene como objetivo principal crear soluciones valiosas tanto para la industria como para los clientes. La movilidad sustentable es el coraz\u00f3n de esta alianza, impulsando nuevas ideas y enfoques.<\/p>\n<p>Celebrando su 45\u00ba aniversario en Argentina, Honda demuestra su compromiso con el pa\u00eds y su gente, al ofrecer productos emblem\u00e1ticos dise\u00f1ados para enriquecer la vida de las personas. Esta es una oportunidad para los entusiastas de la automoci\u00f3n de explorar la \u00faltima tecnolog\u00eda y sentir la pasi\u00f3n por la innovaci\u00f3n en cada detalle.<\/p>\n<p>&nbsp;<\/p>\n<p>&nbsp;<\/p>\n<p><i>Para enterarte de m\u00e1s novedades, no dejes de leer\u00a0<\/i><a href=\"https:\/\/autofans.thebrandsoup.com\/\"><i>nuestras notas<\/i><\/a><i>, de ver<\/i><b><i>\u00a0<\/i><\/b><a href=\"https:\/\/www.youtube.com\/channel\/UCgAC8UGHZYbT6P7PpmVnP7g\"><b><i>AUTOFANS TV<\/i><\/b><\/a><b><i>\u00a0<\/i><\/b><i>en nuestro\u00a0canal de Youtube. Adem\u00e1s seguinos en\u00a0<\/i><a href=\"https:\/\/www.instagram.com\/autofanstv\/\"><i>INSTAGRAM<\/i><\/a><i> y <\/i><a href=\"https:\/\/www.facebook.com\/autofansmas\/\"><i>FACEBOOK<\/i><\/a><i> para no perderte nada sobre las novedades del segmento automotor de Argentina y el mundo.<\/i><\/p>\n<p><i><span class=\"Apple-converted-space\">\u00a0<\/span><\/i><\/p>\n","protected":false},"excerpt":{"rendered":"<p>Honda Motor de Argentina elige Las Terrazas, Bariloche, como el escenario perfecto para una experiencia&#8230;<\/p>\n","protected":false},"author":2,"featured_media":4824,"comment_status":"closed","ping_status":"closed","sticky":false,"template":"","format":"standard","meta":{"footnotes":""},"categories":[6,16],"tags":[2407,2408,2409,2411,2406,1818,2410,1687,2412],"class_list":["post-4822","post","type-post","status-publish","format-standard","has-post-thumbnail","hentry","category-bizstyle","category-noticias","tag-barilocheexclusivo","tag-cb300ftwister","tag-crvsextageneracion","tag-hondaargentina","tag-hondaypfinfinia","tag-innovacionautomotriz","tag-movilidadsustentable","tag-tecnologiaautomotriz","tag-ypfinfinia"],"yoast_head":"<!-- This site is optimized with the Yoast SEO plugin v27.5 - https:\/\/yoast.com\/product\/yoast-seo-wordpress\/ -->\n<title>Honda y YPF Infinia: experiencia automotriz en Bariloche -<\/title>\n<meta name=\"description\" content=\"Honda Motor de Argentina elige Las Terrazas, Bariloche, como el escenario perfecto para una experiencia \u00fanica en colaboraci\u00f3n con YPF Infinia\" \/>\n<meta name=\"robots\" content=\"index, follow, max-snippet:-1, max-image-preview:large, max-video-preview:-1\" \/>\n<link rel=\"canonical\" href=\"https:\/\/autofans.com.ar\/index.php\/2023\/08\/31\/honda-y-ypf-infinia-experiencia-automotriz-en-bariloche\/\" \/>\n<meta property=\"og:locale\" content=\"es_ES\" \/>\n<meta property=\"og:type\" content=\"article\" \/>\n<meta property=\"og:title\" content=\"Honda y YPF Infinia: experiencia automotriz en Bariloche -\" \/>\n<meta property=\"og:description\" content=\"Honda Motor de Argentina elige Las Terrazas, Bariloche, como el escenario perfecto para una experiencia \u00fanica en colaboraci\u00f3n con YPF Infinia\" \/>\n<meta property=\"og:url\" content=\"https:\/\/autofans.com.ar\/index.php\/2023\/08\/31\/honda-y-ypf-infinia-experiencia-automotriz-en-bariloche\/\" \/>\n<meta property=\"article:published_time\" content=\"2023-08-31T22:02:03+00:00\" \/>\n<meta property=\"og:image\" content=\"https:\/\/autofans.com.ar\/wp-content\/uploads\/2023\/08\/foto-1-48.jpg\" \/>\n\t<meta property=\"og:image:width\" content=\"1000\" \/>\n\t<meta property=\"og:image:height\" content=\"667\" \/>\n\t<meta property=\"og:image:type\" content=\"image\/jpeg\" \/>\n<meta name=\"author\" content=\"Alejandro Gabriel Rosito\" \/>\n<meta name=\"twitter:card\" content=\"summary_large_image\" \/>\n<meta name=\"twitter:label1\" content=\"Escrito por\" \/>\n\t<meta name=\"twitter:data1\" content=\"Alejandro Gabriel Rosito\" \/>\n\t<meta name=\"twitter:label2\" content=\"Tiempo de lectura\" \/>\n\t<meta name=\"twitter:data2\" content=\"2 minutos\" \/>\n<script type=\"application\/ld+json\" class=\"yoast-schema-graph\">{\"@context\":\"https:\\\/\\\/schema.org\",\"@graph\":[{\"@type\":\"Article\",\"@id\":\"https:\\\/\\\/autofans.com.ar\\\/index.php\\\/2023\\\/08\\\/31\\\/honda-y-ypf-infinia-experiencia-automotriz-en-bariloche\\\/#article\",\"isPartOf\":{\"@id\":\"https:\\\/\\\/autofans.com.ar\\\/index.php\\\/2023\\\/08\\\/31\\\/honda-y-ypf-infinia-experiencia-automotriz-en-bariloche\\\/\"},\"author\":{\"name\":\"Alejandro Gabriel Rosito\",\"@id\":\"https:\\\/\\\/autofans.com.ar\\\/#\\\/schema\\\/person\\\/4a8dda0b6df83ac3d6723e921274c2aa\"},\"headline\":\"Honda y YPF Infinia: experiencia automotriz en Bariloche\",\"datePublished\":\"2023-08-31T22:02:03+00:00\",\"mainEntityOfPage\":{\"@id\":\"https:\\\/\\\/autofans.com.ar\\\/index.php\\\/2023\\\/08\\\/31\\\/honda-y-ypf-infinia-experiencia-automotriz-en-bariloche\\\/\"},\"wordCount\":369,\"image\":{\"@id\":\"https:\\\/\\\/autofans.com.ar\\\/index.php\\\/2023\\\/08\\\/31\\\/honda-y-ypf-infinia-experiencia-automotriz-en-bariloche\\\/#primaryimage\"},\"thumbnailUrl\":\"https:\\\/\\\/autofans.com.ar\\\/wp-content\\\/uploads\\\/2023\\\/08\\\/foto-1-48.jpg\",\"keywords\":[\"BarilocheExclusivo\",\"CB300FTwister\",\"CRVSextaGeneraci\u00f3n\",\"HondaArgentina\",\"HondaYPFInfinia\",\"Innovaci\u00f3nAutomotriz\",\"MovilidadSustentable\",\"tecnolog\u00edaautomotriz\",\"YPFInfinia\"],\"articleSection\":[\"BIZSTYLE\",\"NOTICIAS\"],\"inLanguage\":\"es\"},{\"@type\":\"WebPage\",\"@id\":\"https:\\\/\\\/autofans.com.ar\\\/index.php\\\/2023\\\/08\\\/31\\\/honda-y-ypf-infinia-experiencia-automotriz-en-bariloche\\\/\",\"url\":\"https:\\\/\\\/autofans.com.ar\\\/index.php\\\/2023\\\/08\\\/31\\\/honda-y-ypf-infinia-experiencia-automotriz-en-bariloche\\\/\",\"name\":\"Honda y YPF Infinia: experiencia automotriz en Bariloche -\",\"isPartOf\":{\"@id\":\"https:\\\/\\\/autofans.com.ar\\\/#website\"},\"primaryImageOfPage\":{\"@id\":\"https:\\\/\\\/autofans.com.ar\\\/index.php\\\/2023\\\/08\\\/31\\\/honda-y-ypf-infinia-experiencia-automotriz-en-bariloche\\\/#primaryimage\"},\"image\":{\"@id\":\"https:\\\/\\\/autofans.com.ar\\\/index.php\\\/2023\\\/08\\\/31\\\/honda-y-ypf-infinia-experiencia-automotriz-en-bariloche\\\/#primaryimage\"},\"thumbnailUrl\":\"https:\\\/\\\/autofans.com.ar\\\/wp-content\\\/uploads\\\/2023\\\/08\\\/foto-1-48.jpg\",\"datePublished\":\"2023-08-31T22:02:03+00:00\",\"author\":{\"@id\":\"https:\\\/\\\/autofans.com.ar\\\/#\\\/schema\\\/person\\\/4a8dda0b6df83ac3d6723e921274c2aa\"},\"description\":\"Honda Motor de Argentina elige Las Terrazas, Bariloche, como el escenario perfecto para una experiencia \u00fanica en colaboraci\u00f3n con YPF Infinia\",\"breadcrumb\":{\"@id\":\"https:\\\/\\\/autofans.com.ar\\\/index.php\\\/2023\\\/08\\\/31\\\/honda-y-ypf-infinia-experiencia-automotriz-en-bariloche\\\/#breadcrumb\"},\"inLanguage\":\"es\",\"potentialAction\":[{\"@type\":\"ReadAction\",\"target\":[\"https:\\\/\\\/autofans.com.ar\\\/index.php\\\/2023\\\/08\\\/31\\\/honda-y-ypf-infinia-experiencia-automotriz-en-bariloche\\\/\"]}]},{\"@type\":\"ImageObject\",\"inLanguage\":\"es\",\"@id\":\"https:\\\/\\\/autofans.com.ar\\\/index.php\\\/2023\\\/08\\\/31\\\/honda-y-ypf-infinia-experiencia-automotriz-en-bariloche\\\/#primaryimage\",\"url\":\"https:\\\/\\\/autofans.com.ar\\\/wp-content\\\/uploads\\\/2023\\\/08\\\/foto-1-48.jpg\",\"contentUrl\":\"https:\\\/\\\/autofans.com.ar\\\/wp-content\\\/uploads\\\/2023\\\/08\\\/foto-1-48.jpg\",\"width\":1000,\"height\":667,\"caption\":\"Honda y YPF\"},{\"@type\":\"BreadcrumbList\",\"@id\":\"https:\\\/\\\/autofans.com.ar\\\/index.php\\\/2023\\\/08\\\/31\\\/honda-y-ypf-infinia-experiencia-automotriz-en-bariloche\\\/#breadcrumb\",\"itemListElement\":[{\"@type\":\"ListItem\",\"position\":1,\"name\":\"Inicio\",\"item\":\"https:\\\/\\\/autofans.com.ar\\\/\"},{\"@type\":\"ListItem\",\"position\":2,\"name\":\"Honda y YPF Infinia: experiencia automotriz en Bariloche\"}]},{\"@type\":\"WebSite\",\"@id\":\"https:\\\/\\\/autofans.com.ar\\\/#website\",\"url\":\"https:\\\/\\\/autofans.com.ar\\\/\",\"name\":\"\",\"description\":\"El multimedio referente de la industria automotriz\",\"potentialAction\":[{\"@type\":\"SearchAction\",\"target\":{\"@type\":\"EntryPoint\",\"urlTemplate\":\"https:\\\/\\\/autofans.com.ar\\\/?s={search_term_string}\"},\"query-input\":{\"@type\":\"PropertyValueSpecification\",\"valueRequired\":true,\"valueName\":\"search_term_string\"}}],\"inLanguage\":\"es\"},{\"@type\":\"Person\",\"@id\":\"https:\\\/\\\/autofans.com.ar\\\/#\\\/schema\\\/person\\\/4a8dda0b6df83ac3d6723e921274c2aa\",\"name\":\"Alejandro Gabriel Rosito\",\"image\":{\"@type\":\"ImageObject\",\"inLanguage\":\"es\",\"@id\":\"https:\\\/\\\/secure.gravatar.com\\\/avatar\\\/16c5dda1489adfc62618084dcbb91cffd879c374b13fe5dd8e44ed6733852c88?s=96&d=mm&r=g\",\"url\":\"https:\\\/\\\/secure.gravatar.com\\\/avatar\\\/16c5dda1489adfc62618084dcbb91cffd879c374b13fe5dd8e44ed6733852c88?s=96&d=mm&r=g\",\"contentUrl\":\"https:\\\/\\\/secure.gravatar.com\\\/avatar\\\/16c5dda1489adfc62618084dcbb91cffd879c374b13fe5dd8e44ed6733852c88?s=96&d=mm&r=g\",\"caption\":\"Alejandro Gabriel Rosito\"},\"url\":\"https:\\\/\\\/autofans.com.ar\\\/index.php\\\/author\\\/gabrielr\\\/\"}]}<\/script>\n<!-- \/ Yoast SEO plugin. -->","yoast_head_json":{"title":"Honda y YPF Infinia: experiencia automotriz en Bariloche -","description":"Honda Motor de Argentina elige Las Terrazas, Bariloche, como el escenario perfecto para una experiencia \u00fanica en colaboraci\u00f3n con YPF Infinia","robots":{"index":"index","follow":"follow","max-snippet":"max-snippet:-1","max-image-preview":"max-image-preview:large","max-video-preview":"max-video-preview:-1"},"canonical":"https:\/\/autofans.com.ar\/index.php\/2023\/08\/31\/honda-y-ypf-infinia-experiencia-automotriz-en-bariloche\/","og_locale":"es_ES","og_type":"article","og_title":"Honda y YPF Infinia: experiencia automotriz en Bariloche -","og_description":"Honda Motor de Argentina elige Las Terrazas, Bariloche, como el escenario perfecto para una experiencia \u00fanica en colaboraci\u00f3n con YPF Infinia","og_url":"https:\/\/autofans.com.ar\/index.php\/2023\/08\/31\/honda-y-ypf-infinia-experiencia-automotriz-en-bariloche\/","article_published_time":"2023-08-31T22:02:03+00:00","og_image":[{"width":1000,"height":667,"url":"https:\/\/autofans.com.ar\/wp-content\/uploads\/2023\/08\/foto-1-48.jpg","type":"image\/jpeg"}],"author":"Alejandro Gabriel Rosito","twitter_card":"summary_large_image","twitter_misc":{"Escrito por":"Alejandro Gabriel Rosito","Tiempo de lectura":"2 minutos"},"schema":{"@context":"https:\/\/schema.org","@graph":[{"@type":"Article","@id":"https:\/\/autofans.com.ar\/index.php\/2023\/08\/31\/honda-y-ypf-infinia-experiencia-automotriz-en-bariloche\/#article","isPartOf":{"@id":"https:\/\/autofans.com.ar\/index.php\/2023\/08\/31\/honda-y-ypf-infinia-experiencia-automotriz-en-bariloche\/"},"author":{"name":"Alejandro Gabriel Rosito","@id":"https:\/\/autofans.com.ar\/#\/schema\/person\/4a8dda0b6df83ac3d6723e921274c2aa"},"headline":"Honda y YPF Infinia: experiencia automotriz en Bariloche","datePublished":"2023-08-31T22:02:03+00:00","mainEntityOfPage":{"@id":"https:\/\/autofans.com.ar\/index.php\/2023\/08\/31\/honda-y-ypf-infinia-experiencia-automotriz-en-bariloche\/"},"wordCount":369,"image":{"@id":"https:\/\/autofans.com.ar\/index.php\/2023\/08\/31\/honda-y-ypf-infinia-experiencia-automotriz-en-bariloche\/#primaryimage"},"thumbnailUrl":"https:\/\/autofans.com.ar\/wp-content\/uploads\/2023\/08\/foto-1-48.jpg","keywords":["BarilocheExclusivo","CB300FTwister","CRVSextaGeneraci\u00f3n","HondaArgentina","HondaYPFInfinia","Innovaci\u00f3nAutomotriz","MovilidadSustentable","tecnolog\u00edaautomotriz","YPFInfinia"],"articleSection":["BIZSTYLE","NOTICIAS"],"inLanguage":"es"},{"@type":"WebPage","@id":"https:\/\/autofans.com.ar\/index.php\/2023\/08\/31\/honda-y-ypf-infinia-experiencia-automotriz-en-bariloche\/","url":"https:\/\/autofans.com.ar\/index.php\/2023\/08\/31\/honda-y-ypf-infinia-experiencia-automotriz-en-bariloche\/","name":"Honda y YPF Infinia: experiencia automotriz en Bariloche -","isPartOf":{"@id":"https:\/\/autofans.com.ar\/#website"},"primaryImageOfPage":{"@id":"https:\/\/autofans.com.ar\/index.php\/2023\/08\/31\/honda-y-ypf-infinia-experiencia-automotriz-en-bariloche\/#primaryimage"},"image":{"@id":"https:\/\/autofans.com.ar\/index.php\/2023\/08\/31\/honda-y-ypf-infinia-experiencia-automotriz-en-bariloche\/#primaryimage"},"thumbnailUrl":"https:\/\/autofans.com.ar\/wp-content\/uploads\/2023\/08\/foto-1-48.jpg","datePublished":"2023-08-31T22:02:03+00:00","author":{"@id":"https:\/\/autofans.com.ar\/#\/schema\/person\/4a8dda0b6df83ac3d6723e921274c2aa"},"description":"Honda Motor de Argentina elige Las Terrazas, Bariloche, como el escenario perfecto para una experiencia \u00fanica en colaboraci\u00f3n con YPF Infinia","breadcrumb":{"@id":"https:\/\/autofans.com.ar\/index.php\/2023\/08\/31\/honda-y-ypf-infinia-experiencia-automotriz-en-bariloche\/#breadcrumb"},"inLanguage":"es","potentialAction":[{"@type":"ReadAction","target":["https:\/\/autofans.com.ar\/index.php\/2023\/08\/31\/honda-y-ypf-infinia-experiencia-automotriz-en-bariloche\/"]}]},{"@type":"ImageObject","inLanguage":"es","@id":"https:\/\/autofans.com.ar\/index.php\/2023\/08\/31\/honda-y-ypf-infinia-experiencia-automotriz-en-bariloche\/#primaryimage","url":"https:\/\/autofans.com.ar\/wp-content\/uploads\/2023\/08\/foto-1-48.jpg","contentUrl":"https:\/\/autofans.com.ar\/wp-content\/uploads\/2023\/08\/foto-1-48.jpg","width":1000,"height":667,"caption":"Honda y YPF"},{"@type":"BreadcrumbList","@id":"https:\/\/autofans.com.ar\/index.php\/2023\/08\/31\/honda-y-ypf-infinia-experiencia-automotriz-en-bariloche\/#breadcrumb","itemListElement":[{"@type":"ListItem","position":1,"name":"Inicio","item":"https:\/\/autofans.com.ar\/"},{"@type":"ListItem","position":2,"name":"Honda y YPF Infinia: experiencia automotriz en Bariloche"}]},{"@type":"WebSite","@id":"https:\/\/autofans.com.ar\/#website","url":"https:\/\/autofans.com.ar\/","name":"","description":"El multimedio referente de la industria automotriz","potentialAction":[{"@type":"SearchAction","target":{"@type":"EntryPoint","urlTemplate":"https:\/\/autofans.com.ar\/?s={search_term_string}"},"query-input":{"@type":"PropertyValueSpecification","valueRequired":true,"valueName":"search_term_string"}}],"inLanguage":"es"},{"@type":"Person","@id":"https:\/\/autofans.com.ar\/#\/schema\/person\/4a8dda0b6df83ac3d6723e921274c2aa","name":"Alejandro Gabriel Rosito","image":{"@type":"ImageObject","inLanguage":"es","@id":"https:\/\/secure.gravatar.com\/avatar\/16c5dda1489adfc62618084dcbb91cffd879c374b13fe5dd8e44ed6733852c88?s=96&d=mm&r=g","url":"https:\/\/secure.gravatar.com\/avatar\/16c5dda1489adfc62618084dcbb91cffd879c374b13fe5dd8e44ed6733852c88?s=96&d=mm&r=g","contentUrl":"https:\/\/secure.gravatar.com\/avatar\/16c5dda1489adfc62618084dcbb91cffd879c374b13fe5dd8e44ed6733852c88?s=96&d=mm&r=g","caption":"Alejandro Gabriel Rosito"},"url":"https:\/\/autofans.com.ar\/index.php\/author\/gabrielr\/"}]}},"featured_image_urls":{"full":["https:\/\/autofans.com.ar\/wp-content\/uploads\/2023\/08\/foto-1-48.jpg",1000,667,false],"thumbnail":["https:\/\/autofans.com.ar\/wp-content\/uploads\/2023\/08\/foto-1-48-150x150.jpg",150,150,true],"medium":["https:\/\/autofans.com.ar\/wp-content\/uploads\/2023\/08\/foto-1-48-300x200.jpg",300,200,true],"medium_large":["https:\/\/autofans.com.ar\/wp-content\/uploads\/2023\/08\/foto-1-48-768x512.jpg",640,427,true],"large":["https:\/\/autofans.com.ar\/wp-content\/uploads\/2023\/08\/foto-1-48.jpg",640,427,false],"1536x1536":["https:\/\/autofans.com.ar\/wp-content\/uploads\/2023\/08\/foto-1-48.jpg",1000,667,false],"2048x2048":["https:\/\/autofans.com.ar\/wp-content\/uploads\/2023\/08\/foto-1-48.jpg",1000,667,false],"covernews-featured":["https:\/\/autofans.com.ar\/wp-content\/uploads\/2023\/08\/foto-1-48.jpg",1000,667,false],"covernews-medium":["https:\/\/autofans.com.ar\/wp-content\/uploads\/2023\/08\/foto-1-48-540x340.jpg",540,340,true]},"author_info":{"display_name":"Alejandro Gabriel Rosito","author_link":"https:\/\/autofans.com.ar\/index.php\/author\/gabrielr\/"},"category_info":"<a href=\"https:\/\/autofans.com.ar\/index.php\/category\/noticias\/bizstyle\/\" rel=\"category tag\">BIZSTYLE<\/a> <a href=\"https:\/\/autofans.com.ar\/index.php\/category\/noticias\/\" rel=\"category tag\">NOTICIAS<\/a>","tag_info":"NOTICIAS","comment_count":0,"_links":{"self":[{"href":"https:\/\/autofans.com.ar\/index.php\/wp-json\/wp\/v2\/posts\/4822","targetHints":{"allow":["GET"]}}],"collection":[{"href":"https:\/\/autofans.com.ar\/index.php\/wp-json\/wp\/v2\/posts"}],"about":[{"href":"https:\/\/autofans.com.ar\/index.php\/wp-json\/wp\/v2\/types\/post"}],"author":[{"embeddable":true,"href":"https:\/\/autofans.com.ar\/index.php\/wp-json\/wp\/v2\/users\/2"}],"replies":[{"embeddable":true,"href":"https:\/\/autofans.com.ar\/index.php\/wp-json\/wp\/v2\/comments?post=4822"}],"version-history":[{"count":1,"href":"https:\/\/autofans.com.ar\/index.php\/wp-json\/wp\/v2\/posts\/4822\/revisions"}],"predecessor-version":[{"id":4825,"href":"https:\/\/autofans.com.ar\/index.php\/wp-json\/wp\/v2\/posts\/4822\/revisions\/4825"}],"wp:featuredmedia":[{"embeddable":true,"href":"https:\/\/autofans.com.ar\/index.php\/wp-json\/wp\/v2\/media\/4824"}],"wp:attachment":[{"href":"https:\/\/autofans.com.ar\/index.php\/wp-json\/wp\/v2\/media?parent=4822"}],"wp:term":[{"taxonomy":"category","embeddable":true,"href":"https:\/\/autofans.com.ar\/index.php\/wp-json\/wp\/v2\/categories?post=4822"},{"taxonomy":"post_tag","embeddable":true,"href":"https:\/\/autofans.com.ar\/index.php\/wp-json\/wp\/v2\/tags?post=4822"}],"curies":[{"name":"wp","href":"https:\/\/api.w.org\/{rel}","templated":true}]}}