{"id":4826,"date":"2023-08-31T19:39:43","date_gmt":"2023-08-31T22:39:43","guid":{"rendered":"https:\/\/autofans.com.ar\/?p=4826"},"modified":"2023-08-31T19:39:43","modified_gmt":"2023-08-31T22:39:43","slug":"arranca-desafio-ruta-40-ypf","status":"publish","type":"post","link":"https:\/\/autofans.com.ar\/index.php\/2023\/08\/31\/arranca-desafio-ruta-40-ypf\/","title":{"rendered":"Arranca Desaf\u00edo Ruta 40 YPF"},"content":{"rendered":"<p>El inicio del Desaf\u00edo Ruta 40 YPF est\u00e1 a punto de arrancar con los equipos de rally listos para enfrentar una competencia emocionante en Argentina. Con el comienzo programado del 26 de agosto al 1 de septiembre, los pilotos y equipos se preparan tras realizar pruebas privadas. Nasser Al Attiyah, l\u00edder del Campeonato Mundial de Rally Raid en la categor\u00eda autos, comparti\u00f3 sus expectativas de ganar la carrera. Los preparativos incluyen Verificaciones Administrativas y T\u00e9cnicas, permitiendo a los fan\u00e1ticos del rally acercarse al bivouac y vivir la acci\u00f3n de cerca durante el fin de semana. La conferencia de prensa contar\u00e1 con prominentes figuras como Nasser Al Attiyah y Toby Price.<\/p>\n<p>&nbsp;<\/p>\n<h2>Emoci\u00f3n en pistas<\/h2>\n<p>El arranque del Desaf\u00edo Ruta 40 YPF est\u00e1 a la vuelta de la esquina, y el mundo del rally est\u00e1 lleno de emoci\u00f3n y expectativas mientras los equipos se preparan para enfrentar una competencia \u00e9pica. Programada del 26 de agosto al 1 de septiembre, esta ser\u00e1 la cuarta fecha del Campeonato Mundial de Rally Raid (W2RC) y tendr\u00e1 lugar en las impresionantes provincias de La Rioja, Bel\u00e9n y Salta.<\/p>\n<p>La atm\u00f3sfera en los momentos previos es de pura adrenalina. Los equipos han tenido la oportunidad de llevar a cabo pruebas privadas para afinar los \u00faltimos detalles de sus m\u00e1quinas, asegur\u00e1ndose de que est\u00e9n en su mejor forma para enfrentar los desaf\u00edos que les aguardan en los terrenos variados y desafiantes de la competencia.<\/p>\n<p>&nbsp;<\/p>\n<figure id=\"attachment_4829\" aria-describedby=\"caption-attachment-4829\" style=\"width: 1000px\" class=\"wp-caption aligncenter\"><img fetchpriority=\"high\" decoding=\"async\" class=\"wp-image-4829 size-full\" src=\"https:\/\/autofans.com.ar\/wp-content\/uploads\/2023\/08\/foto-1-49.jpg\" alt=\"Ruta 40 YPF\" width=\"1000\" height=\"667\" srcset=\"https:\/\/autofans.com.ar\/wp-content\/uploads\/2023\/08\/foto-1-49.jpg 1000w, https:\/\/autofans.com.ar\/wp-content\/uploads\/2023\/08\/foto-1-49-300x200.jpg 300w, https:\/\/autofans.com.ar\/wp-content\/uploads\/2023\/08\/foto-1-49-768x512.jpg 768w\" sizes=\"(max-width: 1000px) 100vw, 1000px\" \/><figcaption id=\"caption-attachment-4829\" class=\"wp-caption-text\">El Bivouac de La Rioja. Cr\u00e9dito de la foto: Emilio Oppezzo<\/figcaption><\/figure>\n<div dir=\"ltr\" style=\"text-align: center;\">\n<blockquote><p><center>\u201cTenemos mucha experiencia en los caminos de Argentina, el Desaf\u00edo Ruta 40 es nuevo para nosotros, pero conocemos La Rioja, Salta tambi\u00e9n, y sabemos que no ser\u00e1 nada f\u00e1cil, pero trataremos de hacer lo mejor posible\u201d, coment\u00f3 el qatar\u00ed, ganador de la \u00faltima edici\u00f3n del Rally Dakar<\/center><\/p><\/blockquote>\n<\/div>\n<h2>Emoci\u00f3n en desaf\u00edo Ruta 40 YPF<\/h2>\n<p>Los preparativos contin\u00faan con las Verificaciones Administrativas y T\u00e9cnicas, que se llevar\u00e1n a cabo este s\u00e1bado. Este proceso es fundamental para asegurarse de que todos los veh\u00edculos cumplan con las regulaciones y est\u00e9n listos para enfrentar los rigores de la carrera. Los aficionados tambi\u00e9n tendr\u00e1n la oportunidad de sumergirse en la acci\u00f3n, ya que podr\u00e1n visitar el bivouac y estar cerca de sus equipos favoritos.<\/p>\n<p>&nbsp;<\/p>\n<figure id=\"attachment_4828\" aria-describedby=\"caption-attachment-4828\" style=\"width: 1000px\" class=\"wp-caption aligncenter\"><img decoding=\"async\" class=\"wp-image-4828 size-full\" src=\"https:\/\/autofans.com.ar\/wp-content\/uploads\/2023\/08\/foto-2-48.jpg\" alt=\"Ruta 40 YPF\" width=\"1000\" height=\"667\" srcset=\"https:\/\/autofans.com.ar\/wp-content\/uploads\/2023\/08\/foto-2-48.jpg 1000w, https:\/\/autofans.com.ar\/wp-content\/uploads\/2023\/08\/foto-2-48-300x200.jpg 300w, https:\/\/autofans.com.ar\/wp-content\/uploads\/2023\/08\/foto-2-48-768x512.jpg 768w\" sizes=\"(max-width: 1000px) 100vw, 1000px\" \/><figcaption id=\"caption-attachment-4828\" class=\"wp-caption-text\">Cr\u00e9dito de la foto: RallyZone \/ ShakedownTeam<\/figcaption><\/figure>\n<p>&nbsp;<\/p>\n<p>La anticipaci\u00f3n es palpable mientras nos acercamos al fin de semana lleno de emociones. Desde exhibiciones a\u00e9reas y acrobacias hasta la elecci\u00f3n de la orden de largada y la ceremonia de largada, habr\u00e1 muchas oportunidades para disfrutar de la atm\u00f3sfera del rally. Adem\u00e1s, una conferencia de prensa contar\u00e1 con la presencia de destacados pilotos, incluidos Nasser Al Attiyah y Toby Price, brindando una visi\u00f3n \u00fanica de lo que est\u00e1 por venir en el <a href=\"https:\/\/autofans.com.ar\/index.php\/2023\/08\/29\/desafio-ruta-40-ypf-regresa-con-terrenos-desafiantes\/\" target=\"_blank\" rel=\"noopener\">Desaf\u00edo Ruta 40 YPF<\/a>.<\/p>\n<p>&nbsp;<\/p>\n<p><i>Para enterarte de m\u00e1s novedades, no dejes de leer\u00a0<\/i><a href=\"https:\/\/autofans.thebrandsoup.com\/\"><i>nuestras notas<\/i><\/a><i>, de ver<\/i><b><i>\u00a0<\/i><\/b><a href=\"https:\/\/www.youtube.com\/channel\/UCgAC8UGHZYbT6P7PpmVnP7g\"><b><i>AUTOFANS TV<\/i><\/b><\/a><b><i>\u00a0<\/i><\/b><i>en nuestro\u00a0canal de Youtube. Adem\u00e1s seguinos en\u00a0<\/i><a href=\"https:\/\/www.instagram.com\/autofanstv\/\"><i>INSTAGRAM<\/i><\/a><i> y <\/i><a href=\"https:\/\/www.facebook.com\/autofansmas\/\"><i>FACEBOOK<\/i><\/a><i> para no perderte nada sobre las novedades del segmento automotor de Argentina y el mundo.<\/i><\/p>\n","protected":false},"excerpt":{"rendered":"<p>El inicio del Desaf\u00edo Ruta 40 YPF est\u00e1 a punto de arrancar con los equipos&#8230;<\/p>\n","protected":false},"author":2,"featured_media":4827,"comment_status":"closed","ping_status":"closed","sticky":false,"template":"","format":"standard","meta":{"footnotes":""},"categories":[127,16],"tags":[2415,2377,2288,2414,2413],"class_list":["post-4826","post","type-post","status-publish","format-standard","has-post-thumbnail","hentry","category-deporte","category-noticias","tag-campeonatomundialderally","tag-desafioruta40","tag-desafioruta40ypf","tag-rallyargentina","tag-w2rc"],"yoast_head":"<!-- This site is optimized with the Yoast SEO plugin v27.5 - https:\/\/yoast.com\/product\/yoast-seo-wordpress\/ -->\n<title>Arranca Desaf\u00edo Ruta 40 YPF -<\/title>\n<meta name=\"description\" content=\"El Desaf\u00edo Ruta 40 YPF est\u00e1 a punto de arrancar con los equipos de rally listos para enfrentar una competencia emocionante en Argentina...\" \/>\n<meta name=\"robots\" content=\"index, follow, max-snippet:-1, max-image-preview:large, max-video-preview:-1\" \/>\n<link rel=\"canonical\" href=\"https:\/\/autofans.com.ar\/index.php\/2023\/08\/31\/arranca-desafio-ruta-40-ypf\/\" \/>\n<meta property=\"og:locale\" content=\"es_ES\" \/>\n<meta property=\"og:type\" content=\"article\" \/>\n<meta property=\"og:title\" content=\"Arranca Desaf\u00edo Ruta 40 YPF -\" \/>\n<meta property=\"og:description\" content=\"El Desaf\u00edo Ruta 40 YPF est\u00e1 a punto de arrancar con los equipos de rally listos para enfrentar una competencia emocionante en Argentina...\" \/>\n<meta property=\"og:url\" content=\"https:\/\/autofans.com.ar\/index.php\/2023\/08\/31\/arranca-desafio-ruta-40-ypf\/\" \/>\n<meta property=\"article:published_time\" content=\"2023-08-31T22:39:43+00:00\" \/>\n<meta property=\"og:image\" content=\"https:\/\/autofans.com.ar\/wp-content\/uploads\/2023\/08\/foto-3-39.jpg\" \/>\n\t<meta property=\"og:image:width\" content=\"1000\" \/>\n\t<meta property=\"og:image:height\" content=\"667\" \/>\n\t<meta property=\"og:image:type\" content=\"image\/jpeg\" \/>\n<meta name=\"author\" content=\"Alejandro Gabriel Rosito\" \/>\n<meta name=\"twitter:card\" content=\"summary_large_image\" \/>\n<meta name=\"twitter:label1\" content=\"Escrito por\" \/>\n\t<meta name=\"twitter:data1\" content=\"Alejandro Gabriel Rosito\" \/>\n\t<meta name=\"twitter:label2\" content=\"Tiempo de lectura\" \/>\n\t<meta name=\"twitter:data2\" content=\"3 minutos\" \/>\n<script type=\"application\/ld+json\" class=\"yoast-schema-graph\">{\"@context\":\"https:\\\/\\\/schema.org\",\"@graph\":[{\"@type\":\"Article\",\"@id\":\"https:\\\/\\\/autofans.com.ar\\\/index.php\\\/2023\\\/08\\\/31\\\/arranca-desafio-ruta-40-ypf\\\/#article\",\"isPartOf\":{\"@id\":\"https:\\\/\\\/autofans.com.ar\\\/index.php\\\/2023\\\/08\\\/31\\\/arranca-desafio-ruta-40-ypf\\\/\"},\"author\":{\"name\":\"Alejandro Gabriel Rosito\",\"@id\":\"https:\\\/\\\/autofans.com.ar\\\/#\\\/schema\\\/person\\\/4a8dda0b6df83ac3d6723e921274c2aa\"},\"headline\":\"Arranca Desaf\u00edo Ruta 40 YPF\",\"datePublished\":\"2023-08-31T22:39:43+00:00\",\"mainEntityOfPage\":{\"@id\":\"https:\\\/\\\/autofans.com.ar\\\/index.php\\\/2023\\\/08\\\/31\\\/arranca-desafio-ruta-40-ypf\\\/\"},\"wordCount\":547,\"image\":{\"@id\":\"https:\\\/\\\/autofans.com.ar\\\/index.php\\\/2023\\\/08\\\/31\\\/arranca-desafio-ruta-40-ypf\\\/#primaryimage\"},\"thumbnailUrl\":\"https:\\\/\\\/autofans.com.ar\\\/wp-content\\\/uploads\\\/2023\\\/08\\\/foto-3-39.jpg\",\"keywords\":[\"CampeonatoMundialdeRally\",\"Desaf\u00edoRuta40\",\"Desaf\u00edoRuta40YPF\",\"RallyArgentina\",\"W2RC\"],\"articleSection\":[\"DEPORTE MOTOR\",\"NOTICIAS\"],\"inLanguage\":\"es\"},{\"@type\":\"WebPage\",\"@id\":\"https:\\\/\\\/autofans.com.ar\\\/index.php\\\/2023\\\/08\\\/31\\\/arranca-desafio-ruta-40-ypf\\\/\",\"url\":\"https:\\\/\\\/autofans.com.ar\\\/index.php\\\/2023\\\/08\\\/31\\\/arranca-desafio-ruta-40-ypf\\\/\",\"name\":\"Arranca Desaf\u00edo Ruta 40 YPF -\",\"isPartOf\":{\"@id\":\"https:\\\/\\\/autofans.com.ar\\\/#website\"},\"primaryImageOfPage\":{\"@id\":\"https:\\\/\\\/autofans.com.ar\\\/index.php\\\/2023\\\/08\\\/31\\\/arranca-desafio-ruta-40-ypf\\\/#primaryimage\"},\"image\":{\"@id\":\"https:\\\/\\\/autofans.com.ar\\\/index.php\\\/2023\\\/08\\\/31\\\/arranca-desafio-ruta-40-ypf\\\/#primaryimage\"},\"thumbnailUrl\":\"https:\\\/\\\/autofans.com.ar\\\/wp-content\\\/uploads\\\/2023\\\/08\\\/foto-3-39.jpg\",\"datePublished\":\"2023-08-31T22:39:43+00:00\",\"author\":{\"@id\":\"https:\\\/\\\/autofans.com.ar\\\/#\\\/schema\\\/person\\\/4a8dda0b6df83ac3d6723e921274c2aa\"},\"description\":\"El Desaf\u00edo Ruta 40 YPF est\u00e1 a punto de arrancar con los equipos de rally listos para enfrentar una competencia emocionante en Argentina...\",\"breadcrumb\":{\"@id\":\"https:\\\/\\\/autofans.com.ar\\\/index.php\\\/2023\\\/08\\\/31\\\/arranca-desafio-ruta-40-ypf\\\/#breadcrumb\"},\"inLanguage\":\"es\",\"potentialAction\":[{\"@type\":\"ReadAction\",\"target\":[\"https:\\\/\\\/autofans.com.ar\\\/index.php\\\/2023\\\/08\\\/31\\\/arranca-desafio-ruta-40-ypf\\\/\"]}]},{\"@type\":\"ImageObject\",\"inLanguage\":\"es\",\"@id\":\"https:\\\/\\\/autofans.com.ar\\\/index.php\\\/2023\\\/08\\\/31\\\/arranca-desafio-ruta-40-ypf\\\/#primaryimage\",\"url\":\"https:\\\/\\\/autofans.com.ar\\\/wp-content\\\/uploads\\\/2023\\\/08\\\/foto-3-39.jpg\",\"contentUrl\":\"https:\\\/\\\/autofans.com.ar\\\/wp-content\\\/uploads\\\/2023\\\/08\\\/foto-3-39.jpg\",\"width\":1000,\"height\":667,\"caption\":\"Ruta 40 YPF\"},{\"@type\":\"BreadcrumbList\",\"@id\":\"https:\\\/\\\/autofans.com.ar\\\/index.php\\\/2023\\\/08\\\/31\\\/arranca-desafio-ruta-40-ypf\\\/#breadcrumb\",\"itemListElement\":[{\"@type\":\"ListItem\",\"position\":1,\"name\":\"Inicio\",\"item\":\"https:\\\/\\\/autofans.com.ar\\\/\"},{\"@type\":\"ListItem\",\"position\":2,\"name\":\"Arranca Desaf\u00edo Ruta 40 YPF\"}]},{\"@type\":\"WebSite\",\"@id\":\"https:\\\/\\\/autofans.com.ar\\\/#website\",\"url\":\"https:\\\/\\\/autofans.com.ar\\\/\",\"name\":\"\",\"description\":\"El multimedio referente de la industria automotriz\",\"potentialAction\":[{\"@type\":\"SearchAction\",\"target\":{\"@type\":\"EntryPoint\",\"urlTemplate\":\"https:\\\/\\\/autofans.com.ar\\\/?s={search_term_string}\"},\"query-input\":{\"@type\":\"PropertyValueSpecification\",\"valueRequired\":true,\"valueName\":\"search_term_string\"}}],\"inLanguage\":\"es\"},{\"@type\":\"Person\",\"@id\":\"https:\\\/\\\/autofans.com.ar\\\/#\\\/schema\\\/person\\\/4a8dda0b6df83ac3d6723e921274c2aa\",\"name\":\"Alejandro Gabriel Rosito\",\"image\":{\"@type\":\"ImageObject\",\"inLanguage\":\"es\",\"@id\":\"https:\\\/\\\/secure.gravatar.com\\\/avatar\\\/16c5dda1489adfc62618084dcbb91cffd879c374b13fe5dd8e44ed6733852c88?s=96&d=mm&r=g\",\"url\":\"https:\\\/\\\/secure.gravatar.com\\\/avatar\\\/16c5dda1489adfc62618084dcbb91cffd879c374b13fe5dd8e44ed6733852c88?s=96&d=mm&r=g\",\"contentUrl\":\"https:\\\/\\\/secure.gravatar.com\\\/avatar\\\/16c5dda1489adfc62618084dcbb91cffd879c374b13fe5dd8e44ed6733852c88?s=96&d=mm&r=g\",\"caption\":\"Alejandro Gabriel Rosito\"},\"url\":\"https:\\\/\\\/autofans.com.ar\\\/index.php\\\/author\\\/gabrielr\\\/\"}]}<\/script>\n<!-- \/ Yoast SEO plugin. -->","yoast_head_json":{"title":"Arranca Desaf\u00edo Ruta 40 YPF -","description":"El Desaf\u00edo Ruta 40 YPF est\u00e1 a punto de arrancar con los equipos de rally listos para enfrentar una competencia emocionante en Argentina...","robots":{"index":"index","follow":"follow","max-snippet":"max-snippet:-1","max-image-preview":"max-image-preview:large","max-video-preview":"max-video-preview:-1"},"canonical":"https:\/\/autofans.com.ar\/index.php\/2023\/08\/31\/arranca-desafio-ruta-40-ypf\/","og_locale":"es_ES","og_type":"article","og_title":"Arranca Desaf\u00edo Ruta 40 YPF -","og_description":"El Desaf\u00edo Ruta 40 YPF est\u00e1 a punto de arrancar con los equipos de rally listos para enfrentar una competencia emocionante en Argentina...","og_url":"https:\/\/autofans.com.ar\/index.php\/2023\/08\/31\/arranca-desafio-ruta-40-ypf\/","article_published_time":"2023-08-31T22:39:43+00:00","og_image":[{"width":1000,"height":667,"url":"https:\/\/autofans.com.ar\/wp-content\/uploads\/2023\/08\/foto-3-39.jpg","type":"image\/jpeg"}],"author":"Alejandro Gabriel Rosito","twitter_card":"summary_large_image","twitter_misc":{"Escrito por":"Alejandro Gabriel Rosito","Tiempo de lectura":"3 minutos"},"schema":{"@context":"https:\/\/schema.org","@graph":[{"@type":"Article","@id":"https:\/\/autofans.com.ar\/index.php\/2023\/08\/31\/arranca-desafio-ruta-40-ypf\/#article","isPartOf":{"@id":"https:\/\/autofans.com.ar\/index.php\/2023\/08\/31\/arranca-desafio-ruta-40-ypf\/"},"author":{"name":"Alejandro Gabriel Rosito","@id":"https:\/\/autofans.com.ar\/#\/schema\/person\/4a8dda0b6df83ac3d6723e921274c2aa"},"headline":"Arranca Desaf\u00edo Ruta 40 YPF","datePublished":"2023-08-31T22:39:43+00:00","mainEntityOfPage":{"@id":"https:\/\/autofans.com.ar\/index.php\/2023\/08\/31\/arranca-desafio-ruta-40-ypf\/"},"wordCount":547,"image":{"@id":"https:\/\/autofans.com.ar\/index.php\/2023\/08\/31\/arranca-desafio-ruta-40-ypf\/#primaryimage"},"thumbnailUrl":"https:\/\/autofans.com.ar\/wp-content\/uploads\/2023\/08\/foto-3-39.jpg","keywords":["CampeonatoMundialdeRally","Desaf\u00edoRuta40","Desaf\u00edoRuta40YPF","RallyArgentina","W2RC"],"articleSection":["DEPORTE MOTOR","NOTICIAS"],"inLanguage":"es"},{"@type":"WebPage","@id":"https:\/\/autofans.com.ar\/index.php\/2023\/08\/31\/arranca-desafio-ruta-40-ypf\/","url":"https:\/\/autofans.com.ar\/index.php\/2023\/08\/31\/arranca-desafio-ruta-40-ypf\/","name":"Arranca Desaf\u00edo Ruta 40 YPF -","isPartOf":{"@id":"https:\/\/autofans.com.ar\/#website"},"primaryImageOfPage":{"@id":"https:\/\/autofans.com.ar\/index.php\/2023\/08\/31\/arranca-desafio-ruta-40-ypf\/#primaryimage"},"image":{"@id":"https:\/\/autofans.com.ar\/index.php\/2023\/08\/31\/arranca-desafio-ruta-40-ypf\/#primaryimage"},"thumbnailUrl":"https:\/\/autofans.com.ar\/wp-content\/uploads\/2023\/08\/foto-3-39.jpg","datePublished":"2023-08-31T22:39:43+00:00","author":{"@id":"https:\/\/autofans.com.ar\/#\/schema\/person\/4a8dda0b6df83ac3d6723e921274c2aa"},"description":"El Desaf\u00edo Ruta 40 YPF est\u00e1 a punto de arrancar con los equipos de rally listos para enfrentar una competencia emocionante en Argentina...","breadcrumb":{"@id":"https:\/\/autofans.com.ar\/index.php\/2023\/08\/31\/arranca-desafio-ruta-40-ypf\/#breadcrumb"},"inLanguage":"es","potentialAction":[{"@type":"ReadAction","target":["https:\/\/autofans.com.ar\/index.php\/2023\/08\/31\/arranca-desafio-ruta-40-ypf\/"]}]},{"@type":"ImageObject","inLanguage":"es","@id":"https:\/\/autofans.com.ar\/index.php\/2023\/08\/31\/arranca-desafio-ruta-40-ypf\/#primaryimage","url":"https:\/\/autofans.com.ar\/wp-content\/uploads\/2023\/08\/foto-3-39.jpg","contentUrl":"https:\/\/autofans.com.ar\/wp-content\/uploads\/2023\/08\/foto-3-39.jpg","width":1000,"height":667,"caption":"Ruta 40 YPF"},{"@type":"BreadcrumbList","@id":"https:\/\/autofans.com.ar\/index.php\/2023\/08\/31\/arranca-desafio-ruta-40-ypf\/#breadcrumb","itemListElement":[{"@type":"ListItem","position":1,"name":"Inicio","item":"https:\/\/autofans.com.ar\/"},{"@type":"ListItem","position":2,"name":"Arranca Desaf\u00edo Ruta 40 YPF"}]},{"@type":"WebSite","@id":"https:\/\/autofans.com.ar\/#website","url":"https:\/\/autofans.com.ar\/","name":"","description":"El multimedio referente de la industria automotriz","potentialAction":[{"@type":"SearchAction","target":{"@type":"EntryPoint","urlTemplate":"https:\/\/autofans.com.ar\/?s={search_term_string}"},"query-input":{"@type":"PropertyValueSpecification","valueRequired":true,"valueName":"search_term_string"}}],"inLanguage":"es"},{"@type":"Person","@id":"https:\/\/autofans.com.ar\/#\/schema\/person\/4a8dda0b6df83ac3d6723e921274c2aa","name":"Alejandro Gabriel Rosito","image":{"@type":"ImageObject","inLanguage":"es","@id":"https:\/\/secure.gravatar.com\/avatar\/16c5dda1489adfc62618084dcbb91cffd879c374b13fe5dd8e44ed6733852c88?s=96&d=mm&r=g","url":"https:\/\/secure.gravatar.com\/avatar\/16c5dda1489adfc62618084dcbb91cffd879c374b13fe5dd8e44ed6733852c88?s=96&d=mm&r=g","contentUrl":"https:\/\/secure.gravatar.com\/avatar\/16c5dda1489adfc62618084dcbb91cffd879c374b13fe5dd8e44ed6733852c88?s=96&d=mm&r=g","caption":"Alejandro Gabriel Rosito"},"url":"https:\/\/autofans.com.ar\/index.php\/author\/gabrielr\/"}]}},"featured_image_urls":{"full":["https:\/\/autofans.com.ar\/wp-content\/uploads\/2023\/08\/foto-3-39.jpg",1000,667,false],"thumbnail":["https:\/\/autofans.com.ar\/wp-content\/uploads\/2023\/08\/foto-3-39-150x150.jpg",150,150,true],"medium":["https:\/\/autofans.com.ar\/wp-content\/uploads\/2023\/08\/foto-3-39-300x200.jpg",300,200,true],"medium_large":["https:\/\/autofans.com.ar\/wp-content\/uploads\/2023\/08\/foto-3-39-768x512.jpg",640,427,true],"large":["https:\/\/autofans.com.ar\/wp-content\/uploads\/2023\/08\/foto-3-39.jpg",640,427,false],"1536x1536":["https:\/\/autofans.com.ar\/wp-content\/uploads\/2023\/08\/foto-3-39.jpg",1000,667,false],"2048x2048":["https:\/\/autofans.com.ar\/wp-content\/uploads\/2023\/08\/foto-3-39.jpg",1000,667,false],"covernews-featured":["https:\/\/autofans.com.ar\/wp-content\/uploads\/2023\/08\/foto-3-39.jpg",1000,667,false],"covernews-medium":["https:\/\/autofans.com.ar\/wp-content\/uploads\/2023\/08\/foto-3-39-540x340.jpg",540,340,true]},"author_info":{"display_name":"Alejandro Gabriel Rosito","author_link":"https:\/\/autofans.com.ar\/index.php\/author\/gabrielr\/"},"category_info":"<a href=\"https:\/\/autofans.com.ar\/index.php\/category\/noticias\/deporte\/\" rel=\"category tag\">DEPORTE MOTOR<\/a> <a href=\"https:\/\/autofans.com.ar\/index.php\/category\/noticias\/\" rel=\"category tag\">NOTICIAS<\/a>","tag_info":"NOTICIAS","comment_count":0,"_links":{"self":[{"href":"https:\/\/autofans.com.ar\/index.php\/wp-json\/wp\/v2\/posts\/4826","targetHints":{"allow":["GET"]}}],"collection":[{"href":"https:\/\/autofans.com.ar\/index.php\/wp-json\/wp\/v2\/posts"}],"about":[{"href":"https:\/\/autofans.com.ar\/index.php\/wp-json\/wp\/v2\/types\/post"}],"author":[{"embeddable":true,"href":"https:\/\/autofans.com.ar\/index.php\/wp-json\/wp\/v2\/users\/2"}],"replies":[{"embeddable":true,"href":"https:\/\/autofans.com.ar\/index.php\/wp-json\/wp\/v2\/comments?post=4826"}],"version-history":[{"count":2,"href":"https:\/\/autofans.com.ar\/index.php\/wp-json\/wp\/v2\/posts\/4826\/revisions"}],"predecessor-version":[{"id":4831,"href":"https:\/\/autofans.com.ar\/index.php\/wp-json\/wp\/v2\/posts\/4826\/revisions\/4831"}],"wp:featuredmedia":[{"embeddable":true,"href":"https:\/\/autofans.com.ar\/index.php\/wp-json\/wp\/v2\/media\/4827"}],"wp:attachment":[{"href":"https:\/\/autofans.com.ar\/index.php\/wp-json\/wp\/v2\/media?parent=4826"}],"wp:term":[{"taxonomy":"category","embeddable":true,"href":"https:\/\/autofans.com.ar\/index.php\/wp-json\/wp\/v2\/categories?post=4826"},{"taxonomy":"post_tag","embeddable":true,"href":"https:\/\/autofans.com.ar\/index.php\/wp-json\/wp\/v2\/tags?post=4826"}],"curies":[{"name":"wp","href":"https:\/\/api.w.org\/{rel}","templated":true}]}}