{"id":4833,"date":"2023-09-01T14:21:37","date_gmt":"2023-09-01T17:21:37","guid":{"rendered":"https:\/\/autofans.com.ar\/?p=4833"},"modified":"2023-09-01T14:21:37","modified_gmt":"2023-09-01T17:21:37","slug":"impacto-verde-mercedes-benz-argentina-avanza-hacia-la-gestion-100-digital","status":"publish","type":"post","link":"https:\/\/autofans.com.ar\/index.php\/2023\/09\/01\/impacto-verde-mercedes-benz-argentina-avanza-hacia-la-gestion-100-digital\/","title":{"rendered":"Impacto verde: Mercedes-Benz Argentina avanza hacia la gesti\u00f3n 100% digital"},"content":{"rendered":"<p>Mercedes-Benz Argentina avanza hacia procesos totalmente digitales con su iniciativa \u00abPapel Cero\u00bb como parte de su compromiso con la sostenibilidad y la protecci\u00f3n ambiental. Descubr\u00ed c\u00f3mo esta estrategia impacta en la cadena de valor y beneficia a clientes y proveedores.<\/p>\n<p>&nbsp;<\/p>\n<p><img fetchpriority=\"high\" decoding=\"async\" class=\"aligncenter wp-image-4835 size-full\" src=\"https:\/\/autofans.com.ar\/wp-content\/uploads\/2023\/09\/foto-2.jpg\" alt=\"Mercedes-Benz Argentina\" width=\"1000\" height=\"667\" srcset=\"https:\/\/autofans.com.ar\/wp-content\/uploads\/2023\/09\/foto-2.jpg 1000w, https:\/\/autofans.com.ar\/wp-content\/uploads\/2023\/09\/foto-2-300x200.jpg 300w, https:\/\/autofans.com.ar\/wp-content\/uploads\/2023\/09\/foto-2-768x512.jpg 768w\" sizes=\"(max-width: 1000px) 100vw, 1000px\" \/><\/p>\n<p>&nbsp;<\/p>\n<h2>Mercedes-Benz Argentina en busca de un futuro sostenible<\/h2>\n<p>En su continuo esfuerzo por liderar la industria automotriz y promover la sostenibilidad, Mercedes-Benz Argentina ha dado un paso audaz hacia la transformaci\u00f3n digital con su proyecto \u00abPapel Cero\u00bb. Esta iniciativa se enmarca en la estrategia global \u00abAmbition 2039\u00bb de la compa\u00f1\u00eda, que tiene como objetivo preservar los recursos naturales, promover la protecci\u00f3n del clima y mejorar la calidad del aire en todas sus operaciones.<\/p>\n<p>La estrategia de sostenibilidad de Mercedes-Benz abarca toda su cadena de valor, involucrando a socios comerciales, concesionarios y proveedores en un esfuerzo conjunto para lograr un triple impacto positivo: social, econ\u00f3mico y ambiental. Uno de los aspectos clave de esta estrategia es la eliminaci\u00f3n gradual del papel en los procesos internos y externos de la compa\u00f1\u00eda.<\/p>\n<p>&nbsp;<\/p>\n<p><img decoding=\"async\" class=\"aligncenter wp-image-4836 size-full\" src=\"https:\/\/autofans.com.ar\/wp-content\/uploads\/2023\/09\/foto-1.jpg\" alt=\"Mercedes-Benz Argentina\" width=\"1000\" height=\"667\" srcset=\"https:\/\/autofans.com.ar\/wp-content\/uploads\/2023\/09\/foto-1.jpg 1000w, https:\/\/autofans.com.ar\/wp-content\/uploads\/2023\/09\/foto-1-300x200.jpg 300w, https:\/\/autofans.com.ar\/wp-content\/uploads\/2023\/09\/foto-1-768x512.jpg 768w\" sizes=\"(max-width: 1000px) 100vw, 1000px\" \/><\/p>\n<p>&nbsp;<\/p>\n<h2>Digitalizaci\u00f3n y sostenibilidad en acci\u00f3n<\/h2>\n<p>Con el proyecto \u00abPapel Cero\u00bb en plena implementaci\u00f3n, Mercedes-Benz Argentina ha logrado importantes avances. Adem\u00e1s de reducir significativamente los costos asociados con la gesti\u00f3n de papel, la compa\u00f1\u00eda ha dado un paso vital hacia la conservaci\u00f3n del medio ambiente al proporcionar documentaci\u00f3n exclusivamente en formato digital a sus clientes y al permitir que los proveedores carguen sus facturas en un portal digital.<\/p>\n<p>Esta iniciativa no solo tiene un impacto ambiental positivo al reducir la demanda de papel, sino que tambi\u00e9n mejora la seguridad en el manejo de informaci\u00f3n confidencial al eliminar el riesgo de p\u00e9rdida o deterioro de documentos f\u00edsicos importantes. Adem\u00e1s, la digitalizaci\u00f3n ha acelerado la disponibilidad de informaci\u00f3n. Esto ha agilizado significativamente los procesos internos, generando ahorros en los tiempos de procesamiento.<\/p>\n<p>La comunicaci\u00f3n con clientes y proveedores tambi\u00e9n ha experimentado mejoras significativas gracias a esta transformaci\u00f3n digital, lo que ha resultado en una colaboraci\u00f3n m\u00e1s efectiva y eficiente.<\/p>\n<p><a href=\"https:\/\/autofans.com.ar\/index.php\/2023\/06\/01\/mercedes-benz-revoluciona-la-industria-automotriz-con-aluminio-de-bajas-emisiones-de-co2\/\" target=\"_blank\" rel=\"noopener\">Mercedes-Benz<\/a> Argentina contin\u00faa liderando el camino hacia un futuro sostenible en la industria automotriz al adoptar pr\u00e1cticas empresariales m\u00e1s responsables y eficientes. La eliminaci\u00f3n del papel es solo el primer paso de una estrategia integral que busca hacer una diferencia positiva en el mundo y en la experiencia de sus clientes y colaboradores.<\/p>\n<p>&nbsp;<\/p>\n<p>&nbsp;<\/p>\n<p><i>Para enterarte de m\u00e1s novedades, no dejes de leer\u00a0<\/i><a href=\"https:\/\/autofans.thebrandsoup.com\/\"><i>nuestras notas<\/i><\/a><i>, de ver<\/i><b><i>\u00a0<\/i><\/b><a href=\"https:\/\/www.youtube.com\/channel\/UCgAC8UGHZYbT6P7PpmVnP7g\"><b><i>AUTOFANS TV<\/i><\/b><\/a><b><i>\u00a0<\/i><\/b><i>en nuestro\u00a0canal de Youtube. Adem\u00e1s seguinos en\u00a0<\/i><a href=\"https:\/\/www.instagram.com\/autofanstv\/\"><i>INSTAGRAM<\/i><\/a><i> y <\/i><a href=\"https:\/\/www.facebook.com\/autofansmas\/\"><i>FACEBOOK<\/i><\/a><i> para no perderte nada sobre las novedades del segmento automotor de Argentina y el mundo.<\/i><\/p>\n","protected":false},"excerpt":{"rendered":"<p>Mercedes-Benz Argentina avanza hacia procesos totalmente digitales con su iniciativa \u00abPapel Cero\u00bb como parte de&#8230;<\/p>\n","protected":false},"author":2,"featured_media":4834,"comment_status":"closed","ping_status":"closed","sticky":false,"template":"","format":"standard","meta":{"footnotes":""},"categories":[341,16],"tags":[216,2420,2417,2421,2419,2422,86,17,2416,2418,2340],"class_list":["post-4833","post","type-post","status-publish","format-standard","has-post-thumbnail","hentry","category-hibridos-y-electricos","category-noticias","tag-sostenibilidad","tag-ahorro-de-costos","tag-ambition-2039","tag-eficiencia-empresarial","tag-gestion-digital","tag-impacto-ambiental","tag-industria-automotriz","tag-mercedes-benz-argentina","tag-papel-cero","tag-proteccion-ambiental","tag-transformacion-digital"],"yoast_head":"<!-- This site is optimized with the Yoast SEO plugin v27.5 - https:\/\/yoast.com\/product\/yoast-seo-wordpress\/ -->\n<title>Impacto verde: Mercedes-Benz Argentina avanza hacia la gesti\u00f3n 100% digital -<\/title>\n<meta name=\"description\" content=\"Mercedes-Benz Argentina avanza con su iniciativa &quot;Papel Cero&quot; como parte de su compromiso con la sostenibilidad y la protecci\u00f3n ambiental...\" \/>\n<meta name=\"robots\" content=\"index, follow, max-snippet:-1, max-image-preview:large, max-video-preview:-1\" \/>\n<link rel=\"canonical\" href=\"https:\/\/autofans.com.ar\/index.php\/2023\/09\/01\/impacto-verde-mercedes-benz-argentina-avanza-hacia-la-gestion-100-digital\/\" \/>\n<meta property=\"og:locale\" content=\"es_ES\" \/>\n<meta property=\"og:type\" content=\"article\" \/>\n<meta property=\"og:title\" content=\"Impacto verde: Mercedes-Benz Argentina avanza hacia la gesti\u00f3n 100% digital -\" \/>\n<meta property=\"og:description\" content=\"Mercedes-Benz Argentina avanza con su iniciativa &quot;Papel Cero&quot; como parte de su compromiso con la sostenibilidad y la protecci\u00f3n ambiental...\" \/>\n<meta property=\"og:url\" content=\"https:\/\/autofans.com.ar\/index.php\/2023\/09\/01\/impacto-verde-mercedes-benz-argentina-avanza-hacia-la-gestion-100-digital\/\" \/>\n<meta property=\"article:published_time\" content=\"2023-09-01T17:21:37+00:00\" \/>\n<meta property=\"og:image\" content=\"https:\/\/autofans.com.ar\/wp-content\/uploads\/2023\/09\/foto-3.jpg\" \/>\n\t<meta property=\"og:image:width\" content=\"1000\" \/>\n\t<meta property=\"og:image:height\" content=\"667\" \/>\n\t<meta property=\"og:image:type\" content=\"image\/jpeg\" \/>\n<meta name=\"author\" content=\"Alejandro Gabriel Rosito\" \/>\n<meta name=\"twitter:card\" content=\"summary_large_image\" \/>\n<meta name=\"twitter:label1\" content=\"Escrito por\" \/>\n\t<meta name=\"twitter:data1\" content=\"Alejandro Gabriel Rosito\" \/>\n\t<meta name=\"twitter:label2\" content=\"Tiempo de lectura\" \/>\n\t<meta name=\"twitter:data2\" content=\"3 minutos\" \/>\n<script type=\"application\/ld+json\" class=\"yoast-schema-graph\">{\"@context\":\"https:\\\/\\\/schema.org\",\"@graph\":[{\"@type\":\"Article\",\"@id\":\"https:\\\/\\\/autofans.com.ar\\\/index.php\\\/2023\\\/09\\\/01\\\/impacto-verde-mercedes-benz-argentina-avanza-hacia-la-gestion-100-digital\\\/#article\",\"isPartOf\":{\"@id\":\"https:\\\/\\\/autofans.com.ar\\\/index.php\\\/2023\\\/09\\\/01\\\/impacto-verde-mercedes-benz-argentina-avanza-hacia-la-gestion-100-digital\\\/\"},\"author\":{\"name\":\"Alejandro Gabriel Rosito\",\"@id\":\"https:\\\/\\\/autofans.com.ar\\\/#\\\/schema\\\/person\\\/4a8dda0b6df83ac3d6723e921274c2aa\"},\"headline\":\"Impacto verde: Mercedes-Benz Argentina avanza hacia la gesti\u00f3n 100% digital\",\"datePublished\":\"2023-09-01T17:21:37+00:00\",\"mainEntityOfPage\":{\"@id\":\"https:\\\/\\\/autofans.com.ar\\\/index.php\\\/2023\\\/09\\\/01\\\/impacto-verde-mercedes-benz-argentina-avanza-hacia-la-gestion-100-digital\\\/\"},\"wordCount\":468,\"image\":{\"@id\":\"https:\\\/\\\/autofans.com.ar\\\/index.php\\\/2023\\\/09\\\/01\\\/impacto-verde-mercedes-benz-argentina-avanza-hacia-la-gestion-100-digital\\\/#primaryimage\"},\"thumbnailUrl\":\"https:\\\/\\\/autofans.com.ar\\\/wp-content\\\/uploads\\\/2023\\\/09\\\/foto-3.jpg\",\"keywords\":[\"#sostenibilidad\",\"ahorro de costos\",\"Ambition 2039\",\"eficiencia empresarial\",\"gesti\u00f3n digital\",\"impacto ambiental\",\"Industria Automotriz\",\"Mercedes Benz Argentina\",\"papel cero\",\"protecci\u00f3n ambiental\",\"Transformaci\u00f3n digital\"],\"articleSection\":[\"HIBRIDOS, ELECTRICOS y otros\",\"NOTICIAS\"],\"inLanguage\":\"es\"},{\"@type\":\"WebPage\",\"@id\":\"https:\\\/\\\/autofans.com.ar\\\/index.php\\\/2023\\\/09\\\/01\\\/impacto-verde-mercedes-benz-argentina-avanza-hacia-la-gestion-100-digital\\\/\",\"url\":\"https:\\\/\\\/autofans.com.ar\\\/index.php\\\/2023\\\/09\\\/01\\\/impacto-verde-mercedes-benz-argentina-avanza-hacia-la-gestion-100-digital\\\/\",\"name\":\"Impacto verde: Mercedes-Benz Argentina avanza hacia la gesti\u00f3n 100% digital -\",\"isPartOf\":{\"@id\":\"https:\\\/\\\/autofans.com.ar\\\/#website\"},\"primaryImageOfPage\":{\"@id\":\"https:\\\/\\\/autofans.com.ar\\\/index.php\\\/2023\\\/09\\\/01\\\/impacto-verde-mercedes-benz-argentina-avanza-hacia-la-gestion-100-digital\\\/#primaryimage\"},\"image\":{\"@id\":\"https:\\\/\\\/autofans.com.ar\\\/index.php\\\/2023\\\/09\\\/01\\\/impacto-verde-mercedes-benz-argentina-avanza-hacia-la-gestion-100-digital\\\/#primaryimage\"},\"thumbnailUrl\":\"https:\\\/\\\/autofans.com.ar\\\/wp-content\\\/uploads\\\/2023\\\/09\\\/foto-3.jpg\",\"datePublished\":\"2023-09-01T17:21:37+00:00\",\"author\":{\"@id\":\"https:\\\/\\\/autofans.com.ar\\\/#\\\/schema\\\/person\\\/4a8dda0b6df83ac3d6723e921274c2aa\"},\"description\":\"Mercedes-Benz Argentina avanza con su iniciativa \\\"Papel Cero\\\" como parte de su compromiso con la sostenibilidad y la protecci\u00f3n ambiental...\",\"breadcrumb\":{\"@id\":\"https:\\\/\\\/autofans.com.ar\\\/index.php\\\/2023\\\/09\\\/01\\\/impacto-verde-mercedes-benz-argentina-avanza-hacia-la-gestion-100-digital\\\/#breadcrumb\"},\"inLanguage\":\"es\",\"potentialAction\":[{\"@type\":\"ReadAction\",\"target\":[\"https:\\\/\\\/autofans.com.ar\\\/index.php\\\/2023\\\/09\\\/01\\\/impacto-verde-mercedes-benz-argentina-avanza-hacia-la-gestion-100-digital\\\/\"]}]},{\"@type\":\"ImageObject\",\"inLanguage\":\"es\",\"@id\":\"https:\\\/\\\/autofans.com.ar\\\/index.php\\\/2023\\\/09\\\/01\\\/impacto-verde-mercedes-benz-argentina-avanza-hacia-la-gestion-100-digital\\\/#primaryimage\",\"url\":\"https:\\\/\\\/autofans.com.ar\\\/wp-content\\\/uploads\\\/2023\\\/09\\\/foto-3.jpg\",\"contentUrl\":\"https:\\\/\\\/autofans.com.ar\\\/wp-content\\\/uploads\\\/2023\\\/09\\\/foto-3.jpg\",\"width\":1000,\"height\":667,\"caption\":\"Mercedes-Benz Argentina\"},{\"@type\":\"BreadcrumbList\",\"@id\":\"https:\\\/\\\/autofans.com.ar\\\/index.php\\\/2023\\\/09\\\/01\\\/impacto-verde-mercedes-benz-argentina-avanza-hacia-la-gestion-100-digital\\\/#breadcrumb\",\"itemListElement\":[{\"@type\":\"ListItem\",\"position\":1,\"name\":\"Inicio\",\"item\":\"https:\\\/\\\/autofans.com.ar\\\/\"},{\"@type\":\"ListItem\",\"position\":2,\"name\":\"Impacto verde: Mercedes-Benz Argentina avanza hacia la gesti\u00f3n 100% digital\"}]},{\"@type\":\"WebSite\",\"@id\":\"https:\\\/\\\/autofans.com.ar\\\/#website\",\"url\":\"https:\\\/\\\/autofans.com.ar\\\/\",\"name\":\"\",\"description\":\"El multimedio referente de la industria automotriz\",\"potentialAction\":[{\"@type\":\"SearchAction\",\"target\":{\"@type\":\"EntryPoint\",\"urlTemplate\":\"https:\\\/\\\/autofans.com.ar\\\/?s={search_term_string}\"},\"query-input\":{\"@type\":\"PropertyValueSpecification\",\"valueRequired\":true,\"valueName\":\"search_term_string\"}}],\"inLanguage\":\"es\"},{\"@type\":\"Person\",\"@id\":\"https:\\\/\\\/autofans.com.ar\\\/#\\\/schema\\\/person\\\/4a8dda0b6df83ac3d6723e921274c2aa\",\"name\":\"Alejandro Gabriel Rosito\",\"image\":{\"@type\":\"ImageObject\",\"inLanguage\":\"es\",\"@id\":\"https:\\\/\\\/secure.gravatar.com\\\/avatar\\\/16c5dda1489adfc62618084dcbb91cffd879c374b13fe5dd8e44ed6733852c88?s=96&d=mm&r=g\",\"url\":\"https:\\\/\\\/secure.gravatar.com\\\/avatar\\\/16c5dda1489adfc62618084dcbb91cffd879c374b13fe5dd8e44ed6733852c88?s=96&d=mm&r=g\",\"contentUrl\":\"https:\\\/\\\/secure.gravatar.com\\\/avatar\\\/16c5dda1489adfc62618084dcbb91cffd879c374b13fe5dd8e44ed6733852c88?s=96&d=mm&r=g\",\"caption\":\"Alejandro Gabriel Rosito\"},\"url\":\"https:\\\/\\\/autofans.com.ar\\\/index.php\\\/author\\\/gabrielr\\\/\"}]}<\/script>\n<!-- \/ Yoast SEO plugin. -->","yoast_head_json":{"title":"Impacto verde: Mercedes-Benz Argentina avanza hacia la gesti\u00f3n 100% digital -","description":"Mercedes-Benz Argentina avanza con su iniciativa \"Papel Cero\" como parte de su compromiso con la sostenibilidad y la protecci\u00f3n ambiental...","robots":{"index":"index","follow":"follow","max-snippet":"max-snippet:-1","max-image-preview":"max-image-preview:large","max-video-preview":"max-video-preview:-1"},"canonical":"https:\/\/autofans.com.ar\/index.php\/2023\/09\/01\/impacto-verde-mercedes-benz-argentina-avanza-hacia-la-gestion-100-digital\/","og_locale":"es_ES","og_type":"article","og_title":"Impacto verde: Mercedes-Benz Argentina avanza hacia la gesti\u00f3n 100% digital -","og_description":"Mercedes-Benz Argentina avanza con su iniciativa \"Papel Cero\" como parte de su compromiso con la sostenibilidad y la protecci\u00f3n ambiental...","og_url":"https:\/\/autofans.com.ar\/index.php\/2023\/09\/01\/impacto-verde-mercedes-benz-argentina-avanza-hacia-la-gestion-100-digital\/","article_published_time":"2023-09-01T17:21:37+00:00","og_image":[{"width":1000,"height":667,"url":"https:\/\/autofans.com.ar\/wp-content\/uploads\/2023\/09\/foto-3.jpg","type":"image\/jpeg"}],"author":"Alejandro Gabriel Rosito","twitter_card":"summary_large_image","twitter_misc":{"Escrito por":"Alejandro Gabriel Rosito","Tiempo de lectura":"3 minutos"},"schema":{"@context":"https:\/\/schema.org","@graph":[{"@type":"Article","@id":"https:\/\/autofans.com.ar\/index.php\/2023\/09\/01\/impacto-verde-mercedes-benz-argentina-avanza-hacia-la-gestion-100-digital\/#article","isPartOf":{"@id":"https:\/\/autofans.com.ar\/index.php\/2023\/09\/01\/impacto-verde-mercedes-benz-argentina-avanza-hacia-la-gestion-100-digital\/"},"author":{"name":"Alejandro Gabriel Rosito","@id":"https:\/\/autofans.com.ar\/#\/schema\/person\/4a8dda0b6df83ac3d6723e921274c2aa"},"headline":"Impacto verde: Mercedes-Benz Argentina avanza hacia la gesti\u00f3n 100% digital","datePublished":"2023-09-01T17:21:37+00:00","mainEntityOfPage":{"@id":"https:\/\/autofans.com.ar\/index.php\/2023\/09\/01\/impacto-verde-mercedes-benz-argentina-avanza-hacia-la-gestion-100-digital\/"},"wordCount":468,"image":{"@id":"https:\/\/autofans.com.ar\/index.php\/2023\/09\/01\/impacto-verde-mercedes-benz-argentina-avanza-hacia-la-gestion-100-digital\/#primaryimage"},"thumbnailUrl":"https:\/\/autofans.com.ar\/wp-content\/uploads\/2023\/09\/foto-3.jpg","keywords":["#sostenibilidad","ahorro de costos","Ambition 2039","eficiencia empresarial","gesti\u00f3n digital","impacto ambiental","Industria Automotriz","Mercedes Benz Argentina","papel cero","protecci\u00f3n ambiental","Transformaci\u00f3n digital"],"articleSection":["HIBRIDOS, ELECTRICOS y otros","NOTICIAS"],"inLanguage":"es"},{"@type":"WebPage","@id":"https:\/\/autofans.com.ar\/index.php\/2023\/09\/01\/impacto-verde-mercedes-benz-argentina-avanza-hacia-la-gestion-100-digital\/","url":"https:\/\/autofans.com.ar\/index.php\/2023\/09\/01\/impacto-verde-mercedes-benz-argentina-avanza-hacia-la-gestion-100-digital\/","name":"Impacto verde: Mercedes-Benz Argentina avanza hacia la gesti\u00f3n 100% digital -","isPartOf":{"@id":"https:\/\/autofans.com.ar\/#website"},"primaryImageOfPage":{"@id":"https:\/\/autofans.com.ar\/index.php\/2023\/09\/01\/impacto-verde-mercedes-benz-argentina-avanza-hacia-la-gestion-100-digital\/#primaryimage"},"image":{"@id":"https:\/\/autofans.com.ar\/index.php\/2023\/09\/01\/impacto-verde-mercedes-benz-argentina-avanza-hacia-la-gestion-100-digital\/#primaryimage"},"thumbnailUrl":"https:\/\/autofans.com.ar\/wp-content\/uploads\/2023\/09\/foto-3.jpg","datePublished":"2023-09-01T17:21:37+00:00","author":{"@id":"https:\/\/autofans.com.ar\/#\/schema\/person\/4a8dda0b6df83ac3d6723e921274c2aa"},"description":"Mercedes-Benz Argentina avanza con su iniciativa \"Papel Cero\" como parte de su compromiso con la sostenibilidad y la protecci\u00f3n ambiental...","breadcrumb":{"@id":"https:\/\/autofans.com.ar\/index.php\/2023\/09\/01\/impacto-verde-mercedes-benz-argentina-avanza-hacia-la-gestion-100-digital\/#breadcrumb"},"inLanguage":"es","potentialAction":[{"@type":"ReadAction","target":["https:\/\/autofans.com.ar\/index.php\/2023\/09\/01\/impacto-verde-mercedes-benz-argentina-avanza-hacia-la-gestion-100-digital\/"]}]},{"@type":"ImageObject","inLanguage":"es","@id":"https:\/\/autofans.com.ar\/index.php\/2023\/09\/01\/impacto-verde-mercedes-benz-argentina-avanza-hacia-la-gestion-100-digital\/#primaryimage","url":"https:\/\/autofans.com.ar\/wp-content\/uploads\/2023\/09\/foto-3.jpg","contentUrl":"https:\/\/autofans.com.ar\/wp-content\/uploads\/2023\/09\/foto-3.jpg","width":1000,"height":667,"caption":"Mercedes-Benz Argentina"},{"@type":"BreadcrumbList","@id":"https:\/\/autofans.com.ar\/index.php\/2023\/09\/01\/impacto-verde-mercedes-benz-argentina-avanza-hacia-la-gestion-100-digital\/#breadcrumb","itemListElement":[{"@type":"ListItem","position":1,"name":"Inicio","item":"https:\/\/autofans.com.ar\/"},{"@type":"ListItem","position":2,"name":"Impacto verde: Mercedes-Benz Argentina avanza hacia la gesti\u00f3n 100% digital"}]},{"@type":"WebSite","@id":"https:\/\/autofans.com.ar\/#website","url":"https:\/\/autofans.com.ar\/","name":"","description":"El multimedio referente de la industria automotriz","potentialAction":[{"@type":"SearchAction","target":{"@type":"EntryPoint","urlTemplate":"https:\/\/autofans.com.ar\/?s={search_term_string}"},"query-input":{"@type":"PropertyValueSpecification","valueRequired":true,"valueName":"search_term_string"}}],"inLanguage":"es"},{"@type":"Person","@id":"https:\/\/autofans.com.ar\/#\/schema\/person\/4a8dda0b6df83ac3d6723e921274c2aa","name":"Alejandro Gabriel Rosito","image":{"@type":"ImageObject","inLanguage":"es","@id":"https:\/\/secure.gravatar.com\/avatar\/16c5dda1489adfc62618084dcbb91cffd879c374b13fe5dd8e44ed6733852c88?s=96&d=mm&r=g","url":"https:\/\/secure.gravatar.com\/avatar\/16c5dda1489adfc62618084dcbb91cffd879c374b13fe5dd8e44ed6733852c88?s=96&d=mm&r=g","contentUrl":"https:\/\/secure.gravatar.com\/avatar\/16c5dda1489adfc62618084dcbb91cffd879c374b13fe5dd8e44ed6733852c88?s=96&d=mm&r=g","caption":"Alejandro Gabriel Rosito"},"url":"https:\/\/autofans.com.ar\/index.php\/author\/gabrielr\/"}]}},"featured_image_urls":{"full":["https:\/\/autofans.com.ar\/wp-content\/uploads\/2023\/09\/foto-3.jpg",1000,667,false],"thumbnail":["https:\/\/autofans.com.ar\/wp-content\/uploads\/2023\/09\/foto-3-150x150.jpg",150,150,true],"medium":["https:\/\/autofans.com.ar\/wp-content\/uploads\/2023\/09\/foto-3-300x200.jpg",300,200,true],"medium_large":["https:\/\/autofans.com.ar\/wp-content\/uploads\/2023\/09\/foto-3-768x512.jpg",640,427,true],"large":["https:\/\/autofans.com.ar\/wp-content\/uploads\/2023\/09\/foto-3.jpg",640,427,false],"1536x1536":["https:\/\/autofans.com.ar\/wp-content\/uploads\/2023\/09\/foto-3.jpg",1000,667,false],"2048x2048":["https:\/\/autofans.com.ar\/wp-content\/uploads\/2023\/09\/foto-3.jpg",1000,667,false],"covernews-featured":["https:\/\/autofans.com.ar\/wp-content\/uploads\/2023\/09\/foto-3.jpg",1000,667,false],"covernews-medium":["https:\/\/autofans.com.ar\/wp-content\/uploads\/2023\/09\/foto-3-540x340.jpg",540,340,true]},"author_info":{"display_name":"Alejandro Gabriel Rosito","author_link":"https:\/\/autofans.com.ar\/index.php\/author\/gabrielr\/"},"category_info":"<a href=\"https:\/\/autofans.com.ar\/index.php\/category\/noticias\/hibridos-y-electricos\/\" rel=\"category tag\">HIBRIDOS, ELECTRICOS y otros<\/a> <a href=\"https:\/\/autofans.com.ar\/index.php\/category\/noticias\/\" rel=\"category tag\">NOTICIAS<\/a>","tag_info":"NOTICIAS","comment_count":0,"_links":{"self":[{"href":"https:\/\/autofans.com.ar\/index.php\/wp-json\/wp\/v2\/posts\/4833","targetHints":{"allow":["GET"]}}],"collection":[{"href":"https:\/\/autofans.com.ar\/index.php\/wp-json\/wp\/v2\/posts"}],"about":[{"href":"https:\/\/autofans.com.ar\/index.php\/wp-json\/wp\/v2\/types\/post"}],"author":[{"embeddable":true,"href":"https:\/\/autofans.com.ar\/index.php\/wp-json\/wp\/v2\/users\/2"}],"replies":[{"embeddable":true,"href":"https:\/\/autofans.com.ar\/index.php\/wp-json\/wp\/v2\/comments?post=4833"}],"version-history":[{"count":2,"href":"https:\/\/autofans.com.ar\/index.php\/wp-json\/wp\/v2\/posts\/4833\/revisions"}],"predecessor-version":[{"id":4838,"href":"https:\/\/autofans.com.ar\/index.php\/wp-json\/wp\/v2\/posts\/4833\/revisions\/4838"}],"wp:featuredmedia":[{"embeddable":true,"href":"https:\/\/autofans.com.ar\/index.php\/wp-json\/wp\/v2\/media\/4834"}],"wp:attachment":[{"href":"https:\/\/autofans.com.ar\/index.php\/wp-json\/wp\/v2\/media?parent=4833"}],"wp:term":[{"taxonomy":"category","embeddable":true,"href":"https:\/\/autofans.com.ar\/index.php\/wp-json\/wp\/v2\/categories?post=4833"},{"taxonomy":"post_tag","embeddable":true,"href":"https:\/\/autofans.com.ar\/index.php\/wp-json\/wp\/v2\/tags?post=4833"}],"curies":[{"name":"wp","href":"https:\/\/api.w.org\/{rel}","templated":true}]}}